{"id":232218,"date":"2023-07-28T18:12:58","date_gmt":"2023-07-28T21:12:58","guid":{"rendered":"https:\/\/diariotextual.com\/inicio\/?p=232218"},"modified":"2023-07-28T20:26:41","modified_gmt":"2023-07-28T23:26:41","slug":"el-tdec-cumplio-70-anos-ziliotto-hablo-de-extender-los-controles","status":"publish","type":"post","link":"https:\/\/diariotextual.com\/inicio\/index.php\/2023\/07\/28\/el-tdec-cumplio-70-anos-ziliotto-hablo-de-extender-los-controles\/","title":{"rendered":"El TdeC cumpli\u00f3 70 a\u00f1os: Ziliotto habl\u00f3 de extender los controles"},"content":{"rendered":"\n<p>Con motivo del<strong> 70\u00b0 aniversario <\/strong>del<strong> Tribunal de Cuentas<\/strong>, se desarroll\u00f3 un acto donde adem\u00e1s se inaugur\u00f3 el nuevo edificio del organismo. Es que, a causa &nbsp;de la pandemia, no hab\u00eda podido inaugurarse formalmente.<\/p>\n\n\n\n<p>El mandatario pampeano <strong>Sergio Ziliotto<\/strong> encabez\u00f3 el acto junto a la titular del TdeC de La Pampa, <strong>Mar\u00eda Alejandra Mac Allister<\/strong>, y ambos coincidieron en que el organismo aporta \u201ccalidad institucional y transparencia\u201d en La Pampa. Incluso<strong> Ziliotto se comprometi\u00f3 a seguir adecuando los instrumentos normativos a las nuevas demandas. &nbsp;<\/strong><\/p>\n\n\n\n<p>Del acto por el 70\u00b0 aniversario participaron el vicegobernador<strong> Mariano Fern\u00e1ndez<\/strong>; el presidente del Secretariado Permanente de Tribunales de Cuentas, \u00d3rganos y Organismos P\u00fablicos de Control Externo de la Rep\u00fablica Argentina, <strong>Sergio Tom\u00e1s Oste<\/strong>;&nbsp;integrantes del Superior Tribunal de Justicia; legisladores nacionales, autoridades del Poder Ejecutivo, trabajadoras y trabajadores del organismo.<\/p>\n\n\n\n<figure class=\"wp-block-image size-large\"><img fetchpriority=\"high\" decoding=\"async\" width=\"1024\" height=\"683\" src=\"https:\/\/diariotextual.com\/inicio\/wp-content\/uploads\/2023\/07\/tribunaldecuentas70aniversarioziliottomacallister2023-2-1024x683.jpg\" alt=\"\" class=\"wp-image-232222\" srcset=\"https:\/\/diariotextual.com\/inicio\/wp-content\/uploads\/2023\/07\/tribunaldecuentas70aniversarioziliottomacallister2023-2-1024x683.jpg 1024w, https:\/\/diariotextual.com\/inicio\/wp-content\/uploads\/2023\/07\/tribunaldecuentas70aniversarioziliottomacallister2023-2-300x200.jpg 300w, https:\/\/diariotextual.com\/inicio\/wp-content\/uploads\/2023\/07\/tribunaldecuentas70aniversarioziliottomacallister2023-2-768x512.jpg 768w, https:\/\/diariotextual.com\/inicio\/wp-content\/uploads\/2023\/07\/tribunaldecuentas70aniversarioziliottomacallister2023-2-1170x780.jpg 1170w, https:\/\/diariotextual.com\/inicio\/wp-content\/uploads\/2023\/07\/tribunaldecuentas70aniversarioziliottomacallister2023-2-585x390.jpg 585w, https:\/\/diariotextual.com\/inicio\/wp-content\/uploads\/2023\/07\/tribunaldecuentas70aniversarioziliottomacallister2023-2-263x175.jpg 263w, https:\/\/diariotextual.com\/inicio\/wp-content\/uploads\/2023\/07\/tribunaldecuentas70aniversarioziliottomacallister2023-2.jpg 1500w\" sizes=\"(max-width: 1024px) 100vw, 1024px\" \/><\/figure>\n\n\n\n<p><br><br><\/p>\n\n\n\n<p>El gobernador Sergio Ziliotto agradeci\u00f3 a la titular del Tribunal de Cuentas por \u201cla invitaci\u00f3n y la hospitalidad\u201d a la celebraci\u00f3n del 70 aniversario. \u201cQuienes cumplimos &nbsp;el rol que tiene un gobernante, que es administrar los fondos p\u00fablicos, sabemos que la actuaci\u00f3n de los organismos de control es fundamental, es estrat\u00e9gica, es imprescindible\u201d, dijo.<br><br><\/p>\n\n\n\n<p>\u201cQuien tiene la responsabilidad de administrar la provincia de La Pampa a partir de la voluntad popular debe estar a la altura de la responsabilidad que le ha dado el pueblo y es por eso que es bienvenido el control, porque hace a la transparencia y fundamentalmente a la calidad institucional\u201d, expres\u00f3.<br><br><\/p>\n\n\n\n<p>\u201cLo que se ha hecho hasta el momento no nos puede conformar. Debemos profundizar el trabajo conjunto, porque tambi\u00e9n la calidad institucional es una construcci\u00f3n colectiva\u201d, dijo.<\/p>\n\n\n\n<p><\/p>\n\n\n\n<figure class=\"wp-block-embed is-type-wp-embed is-provider-diario-textual wp-block-embed-diario-textual\"><div class=\"wp-block-embed__wrapper\">\n<blockquote class=\"wp-embedded-content\" data-secret=\"cX8tTlrXdM\"><a href=\"https:\/\/diariotextual.com\/inicio\/index.php\/2023\/07\/28\/iluminan-el-frente-del-tdec-por-sus-70-anos\/\">Iluminan el frente del TdeC por sus 70 a\u00f1os<\/a><\/blockquote><iframe class=\"wp-embedded-content\" sandbox=\"allow-scripts\" security=\"restricted\" style=\"position: absolute; clip: rect(1px, 1px, 1px, 1px);\" title=\"\u00abIluminan el frente del TdeC por sus 70 a\u00f1os\u00bb \u2014 Diario Textual\" src=\"https:\/\/diariotextual.com\/inicio\/index.php\/2023\/07\/28\/iluminan-el-frente-del-tdec-por-sus-70-anos\/embed\/#?secret=2e7PBBu1j8#?secret=cX8tTlrXdM\" data-secret=\"cX8tTlrXdM\" width=\"600\" height=\"338\" frameborder=\"0\" marginwidth=\"0\" marginheight=\"0\" scrolling=\"no\"><\/iframe>\n<\/div><\/figure>\n\n\n\n<p><br><br><\/p>\n\n\n\n<p>Ziliotto destac\u00f3 la \u201creputaci\u00f3n\u201d del TdC de La Pampa y la atribuy\u00f3, \u201cno solo a la conducci\u00f3n, sino a un equipo\u201d y, en este sentido reconoci\u00f3 \u201cla enorme labor que cumplieron durante la pandemia, cuando a pesar de contar con un instrumento legislativa extraordinario como fue la \u2018emergencia\u2019, que nos permiti\u00f3 sortear los controles, sostuvimos los controles previos. Lo hicimos, &nbsp;no solo porque tomamos la decisi\u00f3n pol\u00edtica de hacerlo, sino porque tuvimos el acompa\u00f1amiento de este Tribunal que en ocasiones,&nbsp; trabajo hasta los fines de semana para agilizar los tr\u00e1mites\u201d.<br><br><\/p>\n\n\n\n<p>El mandatario pampeano afirm\u00f3 &nbsp;que se ha avanzado mucho en materia de controles. \u201cPero lo seguimos haciendo porque la sociedad evoluciona y por eso el a\u00f1o pasado en la C\u00e1mara de Diputados se aprob\u00f3 el control de los fondos p\u00fablicos afectados a las empresas del Estado\u201d, dijo. \u201cEsta semana nos reunimos -con las autoridades del TdC- para ver como seguimos perfeccionando y como seguimos dando respuesta a la exigencia permanente que demanda el control social\u201d.<br><br><\/p>\n\n\n\n<p>\u201cEn los pr\u00f3ximos d\u00edas avanzaremos con las inquietudes que tienen las autoridades de este Tribunal para perfeccionar el control de los recursos nacionales que ingresen a La Pampa, vamos a perfeccionar la Ley que ejerce el control de las empresas p\u00fablicas y seguramente iniciaremos un proceso para modificar la Ley 513 (Org\u00e1nica del Tribunal de Cuentas), porque las leyes no son de piedra, sino que deben avanzar en atender las demandas de la sociedad\u201d, anunci\u00f3 el Gobernador.<br><br>La titular del Tribunal de Cuentas La Pampa, Mar\u00eda Alejandra Mac Alister expres\u00f3 su satisfacci\u00f3n por celebrar \u201cnuestros primeros 70 a\u00f1os en nuestra propia sede\u201d y reconoci\u00f3 al actual miembro del Superior Tribunal de Justicia, Jos\u00e9 Sappa, por haber sido quien, cuando se desempe\u00f1\u00f3 como presidente del Tribunal de Cuentas, \u201cbosquej\u00f3 y trabajo en el enorme desaf\u00edo de lograr el edificio propio\u201d.<\/p>\n\n\n\n<p>Record\u00f3 cuando el gobernador Salvador Anan\u00eda tom\u00f3 la decisi\u00f3n de crear el Tribunal de Cuentas en junio de 1953 y valor\u00f3 el rango constitucional que tiene el organismo desde su puesta en funcionamiento.<br><br><\/p>\n\n\n\n<p>Mac Allister subray\u00f3 la calidad institucional del TdC. &nbsp;\u201cCuando el objetivo est\u00e1 bien planteado, no hay diferencias pol\u00edticas que puedan soslayarlo. A\u00fan hoy conservamos las mismas competencias de control discutidas originalmente y hemos avanzado en nuevas t\u00e9cnicas y herramientas de control, para lo que hemos necesitado del Ejecutivo y el Legislativo como la Ley de SAPEM sancionada el a\u00f1o pasado\u201d, dijo. \u201cOtorgar nuevos controles contribuye a la buena gobernanza y a la integridad de las pol\u00edticas p\u00fablicas. La rendici\u00f3n de cuenta nos ocupa y nos preocupa a todos, no solo porque queremos llegar a est\u00e1ndares internacionales de excelencia, sino tambi\u00e9n porque estamos convencidos que los ciudadanos est\u00e1n preocupados por la buena ejecuci\u00f3n de las pol\u00edticas p\u00fablicas\u201d.<\/p>\n\n\n\n<p><\/p>\n\n\n\n<figure class=\"wp-block-image size-large\"><img decoding=\"async\" width=\"1024\" height=\"683\" src=\"https:\/\/diariotextual.com\/inicio\/wp-content\/uploads\/2023\/07\/tribunaldecuentas70aniversarioziliottomacallister2023-3-1024x683.jpg\" alt=\"\" class=\"wp-image-232220\" srcset=\"https:\/\/diariotextual.com\/inicio\/wp-content\/uploads\/2023\/07\/tribunaldecuentas70aniversarioziliottomacallister2023-3-1024x683.jpg 1024w, https:\/\/diariotextual.com\/inicio\/wp-content\/uploads\/2023\/07\/tribunaldecuentas70aniversarioziliottomacallister2023-3-300x200.jpg 300w, https:\/\/diariotextual.com\/inicio\/wp-content\/uploads\/2023\/07\/tribunaldecuentas70aniversarioziliottomacallister2023-3-768x512.jpg 768w, https:\/\/diariotextual.com\/inicio\/wp-content\/uploads\/2023\/07\/tribunaldecuentas70aniversarioziliottomacallister2023-3-1170x780.jpg 1170w, https:\/\/diariotextual.com\/inicio\/wp-content\/uploads\/2023\/07\/tribunaldecuentas70aniversarioziliottomacallister2023-3-585x390.jpg 585w, https:\/\/diariotextual.com\/inicio\/wp-content\/uploads\/2023\/07\/tribunaldecuentas70aniversarioziliottomacallister2023-3-263x175.jpg 263w, https:\/\/diariotextual.com\/inicio\/wp-content\/uploads\/2023\/07\/tribunaldecuentas70aniversarioziliottomacallister2023-3.jpg 1500w\" sizes=\"(max-width: 1024px) 100vw, 1024px\" \/><\/figure>\n\n\n\n<p><br><br><\/p>\n\n\n\n<p>Citando al doctor Nerio Neirotti, afirm\u00f3 son \u201clos organismos de control los que recorren los vasos capilares del gran laberinto de la Administraci\u00f3n P\u00fablica y, mientras lo hacen, ven la legalidad de&nbsp; los actos, la buena ejecuci\u00f3n de las pol\u00edticas y el cumplimiento del debido proceso\u201d.<br><br><\/p>\n\n\n\n<p>\u201cEn la medida que avanzan -los TdC-, van detectando que no se produzcan desv\u00edos por corrupci\u00f3n, negligencia o simplemente por alguna ineficiencia administrativa\u201d, sostuvo Mac Allister. &nbsp;\u201cHace 40 a\u00f1os recuper\u00e1bamos la democracia, que es la \u00fanica garant\u00eda de la existencia de disensos y consensos en la discusi\u00f3n de las \u00b4pol\u00edticas p\u00fablicas y, como organismo de control externo, &nbsp;estamos interesado en sumar valor p\u00fablico, porque el control tiene fundamento democr\u00e1tico al proteger los derechos de los particulares\u201d.<br><br><\/p>\n\n\n\n<p>\u201cEl compromiso es con el ciudadano que exige eficiencia, eficacia y \u00e9tica en el uso y control de los fondos p\u00fablicos. Las buenas conductas deben ser transversales en todas las instituciones\u201d, dijo.<\/p>\n","protected":false},"excerpt":{"rendered":"<p>Con motivo del 70\u00b0 aniversario del Tribunal de Cuentas, se desarroll\u00f3 un acto donde adem\u00e1s se inaugur\u00f3 el nuevo edificio del organismo. Es que, a causa &nbsp;de la pandemia, no&hellip;<\/p>\n","protected":false},"author":3,"featured_media":232221,"comment_status":"closed","ping_status":"open","sticky":false,"template":"","format":"standard","meta":{"_acf_changed":false,"footnotes":""},"categories":[1,11,12],"tags":[],"class_list":["post-232218","post","type-post","status-publish","format-standard","has-post-thumbnail","hentry","category-es-noticia","category-que-pasa","category-sociedad"],"acf":[],"yoast_head":"<!-- This site is optimized with the Yoast SEO plugin v27.5 - https:\/\/yoast.com\/product\/yoast-seo-wordpress\/ -->\n<title>El TdeC cumpli\u00f3 70 a\u00f1os: Ziliotto habl\u00f3 de extender los controles - Diario Textual<\/title>\n<meta name=\"robots\" content=\"index, follow, max-snippet:-1, max-image-preview:large, max-video-preview:-1\" \/>\n<link rel=\"canonical\" href=\"https:\/\/diariotextual.com\/inicio\/index.php\/2023\/07\/28\/el-tdec-cumplio-70-anos-ziliotto-hablo-de-extender-los-controles\/\" \/>\n<meta property=\"og:locale\" content=\"es_ES\" \/>\n<meta property=\"og:type\" content=\"article\" \/>\n<meta property=\"og:title\" content=\"El TdeC cumpli\u00f3 70 a\u00f1os: Ziliotto habl\u00f3 de extender los controles - Diario Textual\" \/>\n<meta property=\"og:description\" content=\"Con motivo del 70\u00b0 aniversario del Tribunal de Cuentas, se desarroll\u00f3 un acto donde adem\u00e1s se inaugur\u00f3 el nuevo edificio del organismo. Es que, a causa &nbsp;de la pandemia, no&hellip;\" \/>\n<meta property=\"og:url\" content=\"https:\/\/diariotextual.com\/inicio\/index.php\/2023\/07\/28\/el-tdec-cumplio-70-anos-ziliotto-hablo-de-extender-los-controles\/\" \/>\n<meta property=\"og:site_name\" content=\"Diario Textual\" \/>\n<meta property=\"article:publisher\" content=\"https:\/\/www.facebook.com\/eltextual\" \/>\n<meta property=\"article:published_time\" content=\"2023-07-28T21:12:58+00:00\" \/>\n<meta property=\"article:modified_time\" content=\"2023-07-28T23:26:41+00:00\" \/>\n<meta property=\"og:image\" content=\"https:\/\/diariotextual.com\/inicio\/wp-content\/uploads\/2023\/07\/tribunaldecuentas70aniversarioziliottomacallister2023-1.jpg\" \/>\n\t<meta property=\"og:image:width\" content=\"1500\" \/>\n\t<meta property=\"og:image:height\" content=\"1000\" \/>\n\t<meta property=\"og:image:type\" content=\"image\/jpeg\" \/>\n<meta name=\"author\" content=\"Diario1 Diario1\" \/>\n<meta name=\"twitter:card\" content=\"summary_large_image\" \/>\n<meta name=\"twitter:creator\" content=\"@eltextual\" \/>\n<meta name=\"twitter:site\" content=\"@eltextual\" \/>\n<meta name=\"twitter:label1\" content=\"Escrito por\" \/>\n\t<meta name=\"twitter:data1\" content=\"Diario1 Diario1\" \/>\n\t<meta name=\"twitter:label2\" content=\"Tiempo de lectura\" \/>\n\t<meta name=\"twitter:data2\" content=\"5 minutos\" \/>\n<script type=\"application\/ld+json\" class=\"yoast-schema-graph\">{\"@context\":\"https:\\\/\\\/schema.org\",\"@graph\":[{\"@type\":\"Article\",\"@id\":\"https:\\\/\\\/diariotextual.com\\\/inicio\\\/index.php\\\/2023\\\/07\\\/28\\\/el-tdec-cumplio-70-anos-ziliotto-hablo-de-extender-los-controles\\\/#article\",\"isPartOf\":{\"@id\":\"https:\\\/\\\/diariotextual.com\\\/inicio\\\/index.php\\\/2023\\\/07\\\/28\\\/el-tdec-cumplio-70-anos-ziliotto-hablo-de-extender-los-controles\\\/\"},\"author\":{\"name\":\"Diario1 Diario1\",\"@id\":\"https:\\\/\\\/diariotextual.com\\\/inicio\\\/#\\\/schema\\\/person\\\/418fc4093c33e86ed41562db3508f958\"},\"headline\":\"El TdeC cumpli\u00f3 70 a\u00f1os: Ziliotto habl\u00f3 de extender los controles\",\"datePublished\":\"2023-07-28T21:12:58+00:00\",\"dateModified\":\"2023-07-28T23:26:41+00:00\",\"mainEntityOfPage\":{\"@id\":\"https:\\\/\\\/diariotextual.com\\\/inicio\\\/index.php\\\/2023\\\/07\\\/28\\\/el-tdec-cumplio-70-anos-ziliotto-hablo-de-extender-los-controles\\\/\"},\"wordCount\":959,\"publisher\":{\"@id\":\"https:\\\/\\\/diariotextual.com\\\/inicio\\\/#organization\"},\"image\":{\"@id\":\"https:\\\/\\\/diariotextual.com\\\/inicio\\\/index.php\\\/2023\\\/07\\\/28\\\/el-tdec-cumplio-70-anos-ziliotto-hablo-de-extender-los-controles\\\/#primaryimage\"},\"thumbnailUrl\":\"https:\\\/\\\/diariotextual.com\\\/inicio\\\/wp-content\\\/uploads\\\/2023\\\/07\\\/tribunaldecuentas70aniversarioziliottomacallister2023-1.jpg\",\"articleSection\":[\"A - ES NOTICIA (van abajo)\",\"A - QUE PASA (al costado)\",\"SOCIEDAD\"],\"inLanguage\":\"es\"},{\"@type\":\"WebPage\",\"@id\":\"https:\\\/\\\/diariotextual.com\\\/inicio\\\/index.php\\\/2023\\\/07\\\/28\\\/el-tdec-cumplio-70-anos-ziliotto-hablo-de-extender-los-controles\\\/\",\"url\":\"https:\\\/\\\/diariotextual.com\\\/inicio\\\/index.php\\\/2023\\\/07\\\/28\\\/el-tdec-cumplio-70-anos-ziliotto-hablo-de-extender-los-controles\\\/\",\"name\":\"El TdeC cumpli\u00f3 70 a\u00f1os: Ziliotto habl\u00f3 de extender los controles - Diario Textual\",\"isPartOf\":{\"@id\":\"https:\\\/\\\/diariotextual.com\\\/inicio\\\/#website\"},\"primaryImageOfPage\":{\"@id\":\"https:\\\/\\\/diariotextual.com\\\/inicio\\\/index.php\\\/2023\\\/07\\\/28\\\/el-tdec-cumplio-70-anos-ziliotto-hablo-de-extender-los-controles\\\/#primaryimage\"},\"image\":{\"@id\":\"https:\\\/\\\/diariotextual.com\\\/inicio\\\/index.php\\\/2023\\\/07\\\/28\\\/el-tdec-cumplio-70-anos-ziliotto-hablo-de-extender-los-controles\\\/#primaryimage\"},\"thumbnailUrl\":\"https:\\\/\\\/diariotextual.com\\\/inicio\\\/wp-content\\\/uploads\\\/2023\\\/07\\\/tribunaldecuentas70aniversarioziliottomacallister2023-1.jpg\",\"datePublished\":\"2023-07-28T21:12:58+00:00\",\"dateModified\":\"2023-07-28T23:26:41+00:00\",\"breadcrumb\":{\"@id\":\"https:\\\/\\\/diariotextual.com\\\/inicio\\\/index.php\\\/2023\\\/07\\\/28\\\/el-tdec-cumplio-70-anos-ziliotto-hablo-de-extender-los-controles\\\/#breadcrumb\"},\"inLanguage\":\"es\",\"potentialAction\":[{\"@type\":\"ReadAction\",\"target\":[\"https:\\\/\\\/diariotextual.com\\\/inicio\\\/index.php\\\/2023\\\/07\\\/28\\\/el-tdec-cumplio-70-anos-ziliotto-hablo-de-extender-los-controles\\\/\"]}]},{\"@type\":\"ImageObject\",\"inLanguage\":\"es\",\"@id\":\"https:\\\/\\\/diariotextual.com\\\/inicio\\\/index.php\\\/2023\\\/07\\\/28\\\/el-tdec-cumplio-70-anos-ziliotto-hablo-de-extender-los-controles\\\/#primaryimage\",\"url\":\"https:\\\/\\\/diariotextual.com\\\/inicio\\\/wp-content\\\/uploads\\\/2023\\\/07\\\/tribunaldecuentas70aniversarioziliottomacallister2023-1.jpg\",\"contentUrl\":\"https:\\\/\\\/diariotextual.com\\\/inicio\\\/wp-content\\\/uploads\\\/2023\\\/07\\\/tribunaldecuentas70aniversarioziliottomacallister2023-1.jpg\",\"width\":1500,\"height\":1000},{\"@type\":\"BreadcrumbList\",\"@id\":\"https:\\\/\\\/diariotextual.com\\\/inicio\\\/index.php\\\/2023\\\/07\\\/28\\\/el-tdec-cumplio-70-anos-ziliotto-hablo-de-extender-los-controles\\\/#breadcrumb\",\"itemListElement\":[{\"@type\":\"ListItem\",\"position\":1,\"name\":\"Portada\",\"item\":\"https:\\\/\\\/diariotextual.com\\\/inicio\\\/\"},{\"@type\":\"ListItem\",\"position\":2,\"name\":\"El TdeC cumpli\u00f3 70 a\u00f1os: Ziliotto habl\u00f3 de extender los controles\"}]},{\"@type\":\"WebSite\",\"@id\":\"https:\\\/\\\/diariotextual.com\\\/inicio\\\/#website\",\"url\":\"https:\\\/\\\/diariotextual.com\\\/inicio\\\/\",\"name\":\"Diario Textual\",\"description\":\"\",\"publisher\":{\"@id\":\"https:\\\/\\\/diariotextual.com\\\/inicio\\\/#organization\"},\"potentialAction\":[{\"@type\":\"SearchAction\",\"target\":{\"@type\":\"EntryPoint\",\"urlTemplate\":\"https:\\\/\\\/diariotextual.com\\\/inicio\\\/?s={search_term_string}\"},\"query-input\":{\"@type\":\"PropertyValueSpecification\",\"valueRequired\":true,\"valueName\":\"search_term_string\"}}],\"inLanguage\":\"es\"},{\"@type\":\"Organization\",\"@id\":\"https:\\\/\\\/diariotextual.com\\\/inicio\\\/#organization\",\"name\":\"Diario Textual\",\"url\":\"https:\\\/\\\/diariotextual.com\\\/inicio\\\/\",\"logo\":{\"@type\":\"ImageObject\",\"inLanguage\":\"es\",\"@id\":\"https:\\\/\\\/diariotextual.com\\\/inicio\\\/#\\\/schema\\\/logo\\\/image\\\/\",\"url\":\"https:\\\/\\\/diariotextual.com\\\/inicio\\\/wp-content\\\/uploads\\\/2023\\\/05\\\/logotextual1.jpg\",\"contentUrl\":\"https:\\\/\\\/diariotextual.com\\\/inicio\\\/wp-content\\\/uploads\\\/2023\\\/05\\\/logotextual1.jpg\",\"width\":516,\"height\":76,\"caption\":\"Diario Textual\"},\"image\":{\"@id\":\"https:\\\/\\\/diariotextual.com\\\/inicio\\\/#\\\/schema\\\/logo\\\/image\\\/\"},\"sameAs\":[\"https:\\\/\\\/www.facebook.com\\\/eltextual\",\"https:\\\/\\\/x.com\\\/eltextual\",\"http:\\\/\\\/www.instagram.com\\\/eltextual\"]},{\"@type\":\"Person\",\"@id\":\"https:\\\/\\\/diariotextual.com\\\/inicio\\\/#\\\/schema\\\/person\\\/418fc4093c33e86ed41562db3508f958\",\"name\":\"Diario1 Diario1\",\"image\":{\"@type\":\"ImageObject\",\"inLanguage\":\"es\",\"@id\":\"https:\\\/\\\/secure.gravatar.com\\\/avatar\\\/9167d280179c85bc18be67aa7eda765854300033af4896dd779b608640f2ef7a?s=96&d=mm&r=g\",\"url\":\"https:\\\/\\\/secure.gravatar.com\\\/avatar\\\/9167d280179c85bc18be67aa7eda765854300033af4896dd779b608640f2ef7a?s=96&d=mm&r=g\",\"contentUrl\":\"https:\\\/\\\/secure.gravatar.com\\\/avatar\\\/9167d280179c85bc18be67aa7eda765854300033af4896dd779b608640f2ef7a?s=96&d=mm&r=g\",\"caption\":\"Diario1 Diario1\"},\"url\":\"https:\\\/\\\/diariotextual.com\\\/inicio\\\/index.php\\\/author\\\/diario1\\\/\"}]}<\/script>\n<!-- \/ Yoast SEO plugin. -->","yoast_head_json":{"title":"El TdeC cumpli\u00f3 70 a\u00f1os: Ziliotto habl\u00f3 de extender los controles - Diario Textual","robots":{"index":"index","follow":"follow","max-snippet":"max-snippet:-1","max-image-preview":"max-image-preview:large","max-video-preview":"max-video-preview:-1"},"canonical":"https:\/\/diariotextual.com\/inicio\/index.php\/2023\/07\/28\/el-tdec-cumplio-70-anos-ziliotto-hablo-de-extender-los-controles\/","og_locale":"es_ES","og_type":"article","og_title":"El TdeC cumpli\u00f3 70 a\u00f1os: Ziliotto habl\u00f3 de extender los controles - Diario Textual","og_description":"Con motivo del 70\u00b0 aniversario del Tribunal de Cuentas, se desarroll\u00f3 un acto donde adem\u00e1s se inaugur\u00f3 el nuevo edificio del organismo. Es que, a causa &nbsp;de la pandemia, no&hellip;","og_url":"https:\/\/diariotextual.com\/inicio\/index.php\/2023\/07\/28\/el-tdec-cumplio-70-anos-ziliotto-hablo-de-extender-los-controles\/","og_site_name":"Diario Textual","article_publisher":"https:\/\/www.facebook.com\/eltextual","article_published_time":"2023-07-28T21:12:58+00:00","article_modified_time":"2023-07-28T23:26:41+00:00","og_image":[{"width":1500,"height":1000,"url":"https:\/\/diariotextual.com\/inicio\/wp-content\/uploads\/2023\/07\/tribunaldecuentas70aniversarioziliottomacallister2023-1.jpg","type":"image\/jpeg"}],"author":"Diario1 Diario1","twitter_card":"summary_large_image","twitter_creator":"@eltextual","twitter_site":"@eltextual","twitter_misc":{"Escrito por":"Diario1 Diario1","Tiempo de lectura":"5 minutos"},"schema":{"@context":"https:\/\/schema.org","@graph":[{"@type":"Article","@id":"https:\/\/diariotextual.com\/inicio\/index.php\/2023\/07\/28\/el-tdec-cumplio-70-anos-ziliotto-hablo-de-extender-los-controles\/#article","isPartOf":{"@id":"https:\/\/diariotextual.com\/inicio\/index.php\/2023\/07\/28\/el-tdec-cumplio-70-anos-ziliotto-hablo-de-extender-los-controles\/"},"author":{"name":"Diario1 Diario1","@id":"https:\/\/diariotextual.com\/inicio\/#\/schema\/person\/418fc4093c33e86ed41562db3508f958"},"headline":"El TdeC cumpli\u00f3 70 a\u00f1os: Ziliotto habl\u00f3 de extender los controles","datePublished":"2023-07-28T21:12:58+00:00","dateModified":"2023-07-28T23:26:41+00:00","mainEntityOfPage":{"@id":"https:\/\/diariotextual.com\/inicio\/index.php\/2023\/07\/28\/el-tdec-cumplio-70-anos-ziliotto-hablo-de-extender-los-controles\/"},"wordCount":959,"publisher":{"@id":"https:\/\/diariotextual.com\/inicio\/#organization"},"image":{"@id":"https:\/\/diariotextual.com\/inicio\/index.php\/2023\/07\/28\/el-tdec-cumplio-70-anos-ziliotto-hablo-de-extender-los-controles\/#primaryimage"},"thumbnailUrl":"https:\/\/diariotextual.com\/inicio\/wp-content\/uploads\/2023\/07\/tribunaldecuentas70aniversarioziliottomacallister2023-1.jpg","articleSection":["A - ES NOTICIA (van abajo)","A - QUE PASA (al costado)","SOCIEDAD"],"inLanguage":"es"},{"@type":"WebPage","@id":"https:\/\/diariotextual.com\/inicio\/index.php\/2023\/07\/28\/el-tdec-cumplio-70-anos-ziliotto-hablo-de-extender-los-controles\/","url":"https:\/\/diariotextual.com\/inicio\/index.php\/2023\/07\/28\/el-tdec-cumplio-70-anos-ziliotto-hablo-de-extender-los-controles\/","name":"El TdeC cumpli\u00f3 70 a\u00f1os: Ziliotto habl\u00f3 de extender los controles - Diario Textual","isPartOf":{"@id":"https:\/\/diariotextual.com\/inicio\/#website"},"primaryImageOfPage":{"@id":"https:\/\/diariotextual.com\/inicio\/index.php\/2023\/07\/28\/el-tdec-cumplio-70-anos-ziliotto-hablo-de-extender-los-controles\/#primaryimage"},"image":{"@id":"https:\/\/diariotextual.com\/inicio\/index.php\/2023\/07\/28\/el-tdec-cumplio-70-anos-ziliotto-hablo-de-extender-los-controles\/#primaryimage"},"thumbnailUrl":"https:\/\/diariotextual.com\/inicio\/wp-content\/uploads\/2023\/07\/tribunaldecuentas70aniversarioziliottomacallister2023-1.jpg","datePublished":"2023-07-28T21:12:58+00:00","dateModified":"2023-07-28T23:26:41+00:00","breadcrumb":{"@id":"https:\/\/diariotextual.com\/inicio\/index.php\/2023\/07\/28\/el-tdec-cumplio-70-anos-ziliotto-hablo-de-extender-los-controles\/#breadcrumb"},"inLanguage":"es","potentialAction":[{"@type":"ReadAction","target":["https:\/\/diariotextual.com\/inicio\/index.php\/2023\/07\/28\/el-tdec-cumplio-70-anos-ziliotto-hablo-de-extender-los-controles\/"]}]},{"@type":"ImageObject","inLanguage":"es","@id":"https:\/\/diariotextual.com\/inicio\/index.php\/2023\/07\/28\/el-tdec-cumplio-70-anos-ziliotto-hablo-de-extender-los-controles\/#primaryimage","url":"https:\/\/diariotextual.com\/inicio\/wp-content\/uploads\/2023\/07\/tribunaldecuentas70aniversarioziliottomacallister2023-1.jpg","contentUrl":"https:\/\/diariotextual.com\/inicio\/wp-content\/uploads\/2023\/07\/tribunaldecuentas70aniversarioziliottomacallister2023-1.jpg","width":1500,"height":1000},{"@type":"BreadcrumbList","@id":"https:\/\/diariotextual.com\/inicio\/index.php\/2023\/07\/28\/el-tdec-cumplio-70-anos-ziliotto-hablo-de-extender-los-controles\/#breadcrumb","itemListElement":[{"@type":"ListItem","position":1,"name":"Portada","item":"https:\/\/diariotextual.com\/inicio\/"},{"@type":"ListItem","position":2,"name":"El TdeC cumpli\u00f3 70 a\u00f1os: Ziliotto habl\u00f3 de extender los controles"}]},{"@type":"WebSite","@id":"https:\/\/diariotextual.com\/inicio\/#website","url":"https:\/\/diariotextual.com\/inicio\/","name":"Diario Textual","description":"","publisher":{"@id":"https:\/\/diariotextual.com\/inicio\/#organization"},"potentialAction":[{"@type":"SearchAction","target":{"@type":"EntryPoint","urlTemplate":"https:\/\/diariotextual.com\/inicio\/?s={search_term_string}"},"query-input":{"@type":"PropertyValueSpecification","valueRequired":true,"valueName":"search_term_string"}}],"inLanguage":"es"},{"@type":"Organization","@id":"https:\/\/diariotextual.com\/inicio\/#organization","name":"Diario Textual","url":"https:\/\/diariotextual.com\/inicio\/","logo":{"@type":"ImageObject","inLanguage":"es","@id":"https:\/\/diariotextual.com\/inicio\/#\/schema\/logo\/image\/","url":"https:\/\/diariotextual.com\/inicio\/wp-content\/uploads\/2023\/05\/logotextual1.jpg","contentUrl":"https:\/\/diariotextual.com\/inicio\/wp-content\/uploads\/2023\/05\/logotextual1.jpg","width":516,"height":76,"caption":"Diario Textual"},"image":{"@id":"https:\/\/diariotextual.com\/inicio\/#\/schema\/logo\/image\/"},"sameAs":["https:\/\/www.facebook.com\/eltextual","https:\/\/x.com\/eltextual","http:\/\/www.instagram.com\/eltextual"]},{"@type":"Person","@id":"https:\/\/diariotextual.com\/inicio\/#\/schema\/person\/418fc4093c33e86ed41562db3508f958","name":"Diario1 Diario1","image":{"@type":"ImageObject","inLanguage":"es","@id":"https:\/\/secure.gravatar.com\/avatar\/9167d280179c85bc18be67aa7eda765854300033af4896dd779b608640f2ef7a?s=96&d=mm&r=g","url":"https:\/\/secure.gravatar.com\/avatar\/9167d280179c85bc18be67aa7eda765854300033af4896dd779b608640f2ef7a?s=96&d=mm&r=g","contentUrl":"https:\/\/secure.gravatar.com\/avatar\/9167d280179c85bc18be67aa7eda765854300033af4896dd779b608640f2ef7a?s=96&d=mm&r=g","caption":"Diario1 Diario1"},"url":"https:\/\/diariotextual.com\/inicio\/index.php\/author\/diario1\/"}]}},"_links":{"self":[{"href":"https:\/\/diariotextual.com\/inicio\/index.php\/wp-json\/wp\/v2\/posts\/232218","targetHints":{"allow":["GET"]}}],"collection":[{"href":"https:\/\/diariotextual.com\/inicio\/index.php\/wp-json\/wp\/v2\/posts"}],"about":[{"href":"https:\/\/diariotextual.com\/inicio\/index.php\/wp-json\/wp\/v2\/types\/post"}],"author":[{"embeddable":true,"href":"https:\/\/diariotextual.com\/inicio\/index.php\/wp-json\/wp\/v2\/users\/3"}],"replies":[{"embeddable":true,"href":"https:\/\/diariotextual.com\/inicio\/index.php\/wp-json\/wp\/v2\/comments?post=232218"}],"version-history":[{"count":5,"href":"https:\/\/diariotextual.com\/inicio\/index.php\/wp-json\/wp\/v2\/posts\/232218\/revisions"}],"predecessor-version":[{"id":232252,"href":"https:\/\/diariotextual.com\/inicio\/index.php\/wp-json\/wp\/v2\/posts\/232218\/revisions\/232252"}],"wp:featuredmedia":[{"embeddable":true,"href":"https:\/\/diariotextual.com\/inicio\/index.php\/wp-json\/wp\/v2\/media\/232221"}],"wp:attachment":[{"href":"https:\/\/diariotextual.com\/inicio\/index.php\/wp-json\/wp\/v2\/media?parent=232218"}],"wp:term":[{"taxonomy":"category","embeddable":true,"href":"https:\/\/diariotextual.com\/inicio\/index.php\/wp-json\/wp\/v2\/categories?post=232218"},{"taxonomy":"post_tag","embeddable":true,"href":"https:\/\/diariotextual.com\/inicio\/index.php\/wp-json\/wp\/v2\/tags?post=232218"}],"curies":[{"name":"wp","href":"https:\/\/api.w.org\/{rel}","templated":true}]}}