{"id":232235,"date":"2023-07-28T19:08:42","date_gmt":"2023-07-28T22:08:42","guid":{"rendered":"https:\/\/diariotextual.com\/inicio\/?p=232235"},"modified":"2023-07-28T19:08:44","modified_gmt":"2023-07-28T22:08:44","slug":"feria-de-las-carreras-en-lonquimay-en-septiembre","status":"publish","type":"post","link":"https:\/\/diariotextual.com\/inicio\/index.php\/2023\/07\/28\/feria-de-las-carreras-en-lonquimay-en-septiembre\/","title":{"rendered":"Feria de las Carreras en Lonquimay en septiembre"},"content":{"rendered":"\n<p>\u201cLa realizaci\u00f3n de esta actividad resulta ser una pol\u00edtica p\u00fablica concreta, que involucra y articula la participaci\u00f3n y el trabajo espec\u00edfico en conjunto de los distintos estamentos del gobierno provincial, que tiene como objetivo que los y las estudiantes tengan la oportunidad de elegir su formaci\u00f3n y proyecto de vida\u201d, dijo la <strong>diputada provincial Valeria Luj\u00e1n en el acto de presentaci\u00f3n de la \u201cIII Edici\u00f3n de la Feria de las Carreras 2023\u201d, y que tendr\u00e1 lugar el 15 de septiembre en Lonquimay<\/strong>, organizada junto a la Municipalidad de Lonquimay, con la colaboraci\u00f3n del Ministerio de Educaci\u00f3n, de Modernizaci\u00f3n y Conectividad, de Desarrollo Social y la Subsecretar\u00eda de Juventud de La Pampa.<\/p>\n\n\n\n<p><strong>Destinada a los y las j\u00f3venes que actualmente se encuentren en el \u00faltimo a\u00f1o del Nivel Secundario<\/strong>, con el prop\u00f3sito de acercarles una amplia oferta acad\u00e9mica de carreras universitarias, terciarias, cursos y talleres que actualmente se brindan en nuestra provincia, como asimismo en las provincias vecinas a las que suelen trasladarse; y adem\u00e1s centralizar y difundir la informaci\u00f3n vinculada a becas, residencias y dem\u00e1s servicios que resultan \u00fatiles para la vida universitaria, esta <strong>ser\u00e1 tercera feria de estas caracter\u00edsticas, luego de las celebradas en Miguel Riglos y Macach\u00edn.<\/strong><\/p>\n\n\n\n<p>En la presentaci\u00f3n de la Feria, en el Medasur, se anunci\u00f3 que habr\u00e1 distintas actividades como charlas, conferencias, y talleres de orientaci\u00f3n, caracteriz\u00e1ndose esta edici\u00f3n por el compromiso que tendr\u00e1 con el medio ambiente, siendo una Feria Sustentable, en donde se promover\u00e1 diferentes acciones individuales para cuidar nuestro entorno, reemplazando carpetas institucionales por bolsas ecol\u00f3gicas, habr\u00e1 cestos diferenciados para residuos y dispensadores de agua para reducir el uso de pl\u00e1stico y papel, todas estas acciones ser\u00e1n llevadas a cabo por la direcci\u00f3n de medio ambiente de Lonquimay.<\/p>\n\n\n\n<p>En las ediciones anteriores se cont\u00f3 con la presencia de m\u00e1s de 500 estudiantes de las distintas localidades, que van circulando durante el d\u00eda, para visitar y consultar los diferentes stands que se encuentran en la feria.<\/p>\n\n\n\n<p>De la muestra nuevamente participar\u00e1n prestigiosas casas de estudio: como nuestra distinguida <strong>Universidad Nacional de La Pampa, la Universidad Nacional de C\u00f3rdoba, la Universidad Tecnol\u00f3gica Nacional (sede Bah\u00eda Blanca), la Universidad Nacional del Sur, la Universidad Nacional de San Luis, la Universidad de Rio Cuarto (C\u00f3rdoba)<\/strong>, entre otras, as\u00ed como tambi\u00e9n diferentes Institutos de Formaci\u00f3n Superior y T\u00e9cnica, y Centros Profesionales de nuestra Provincia.<\/p>\n\n\n\n<p>Y tambi\u00e9n habr\u00e1 stands de la Subsecretar\u00eda de Juventud, la Subsecretar\u00eda de Salud Mental y Adicciones, INADI, ANSES, Es Con Voz, entre otros, con la intenci\u00f3n de transmitir toda la informaci\u00f3n necesaria que contribuya a brindarles herramientas para esta nueva etapa que se abrir\u00e1 a los y las j\u00f3venes estar\u00e1n culminando en el \u00faltimo a\u00f1o del Nivel Secundario.<\/p>\n","protected":false},"excerpt":{"rendered":"<p>\u201cLa realizaci\u00f3n de esta actividad resulta ser una pol\u00edtica p\u00fablica concreta, que involucra y articula la participaci\u00f3n y el trabajo espec\u00edfico en conjunto de los distintos estamentos del gobierno provincial,&hellip;<\/p>\n","protected":false},"author":5,"featured_media":232236,"comment_status":"closed","ping_status":"open","sticky":false,"template":"","format":"standard","meta":{"_acf_changed":false,"footnotes":""},"categories":[1,12],"tags":[7621,798],"class_list":["post-232235","post","type-post","status-publish","format-standard","has-post-thumbnail","hentry","category-es-noticia","category-sociedad","tag-feria-carreras","tag-lonquimay"],"acf":[],"yoast_head":"<!-- This site is optimized with the Yoast SEO plugin v27.5 - https:\/\/yoast.com\/product\/yoast-seo-wordpress\/ -->\n<title>Feria de las Carreras en Lonquimay en septiembre - Diario Textual<\/title>\n<meta name=\"robots\" content=\"index, follow, max-snippet:-1, max-image-preview:large, max-video-preview:-1\" \/>\n<link rel=\"canonical\" href=\"https:\/\/diariotextual.com\/inicio\/index.php\/2023\/07\/28\/feria-de-las-carreras-en-lonquimay-en-septiembre\/\" \/>\n<meta property=\"og:locale\" content=\"es_ES\" \/>\n<meta property=\"og:type\" content=\"article\" \/>\n<meta property=\"og:title\" content=\"Feria de las Carreras en Lonquimay en septiembre - Diario Textual\" \/>\n<meta property=\"og:description\" content=\"\u201cLa realizaci\u00f3n de esta actividad resulta ser una pol\u00edtica p\u00fablica concreta, que involucra y articula la participaci\u00f3n y el trabajo espec\u00edfico en conjunto de los distintos estamentos del gobierno provincial,&hellip;\" \/>\n<meta property=\"og:url\" content=\"https:\/\/diariotextual.com\/inicio\/index.php\/2023\/07\/28\/feria-de-las-carreras-en-lonquimay-en-septiembre\/\" \/>\n<meta property=\"og:site_name\" content=\"Diario Textual\" \/>\n<meta property=\"article:publisher\" content=\"https:\/\/www.facebook.com\/eltextual\" \/>\n<meta property=\"article:published_time\" content=\"2023-07-28T22:08:42+00:00\" \/>\n<meta property=\"article:modified_time\" content=\"2023-07-28T22:08:44+00:00\" \/>\n<meta property=\"og:image\" content=\"https:\/\/diariotextual.com\/inicio\/wp-content\/uploads\/2023\/07\/feriadelascarreras2023.png\" \/>\n\t<meta property=\"og:image:width\" content=\"900\" \/>\n\t<meta property=\"og:image:height\" content=\"635\" \/>\n\t<meta property=\"og:image:type\" content=\"image\/png\" \/>\n<meta name=\"author\" content=\"diario3\" \/>\n<meta name=\"twitter:card\" content=\"summary_large_image\" \/>\n<meta name=\"twitter:creator\" content=\"@eltextual\" \/>\n<meta name=\"twitter:site\" content=\"@eltextual\" \/>\n<meta name=\"twitter:label1\" content=\"Escrito por\" \/>\n\t<meta name=\"twitter:data1\" content=\"diario3\" \/>\n\t<meta name=\"twitter:label2\" content=\"Tiempo de lectura\" \/>\n\t<meta name=\"twitter:data2\" content=\"3 minutos\" \/>\n<script type=\"application\/ld+json\" class=\"yoast-schema-graph\">{\"@context\":\"https:\\\/\\\/schema.org\",\"@graph\":[{\"@type\":\"Article\",\"@id\":\"https:\\\/\\\/diariotextual.com\\\/inicio\\\/index.php\\\/2023\\\/07\\\/28\\\/feria-de-las-carreras-en-lonquimay-en-septiembre\\\/#article\",\"isPartOf\":{\"@id\":\"https:\\\/\\\/diariotextual.com\\\/inicio\\\/index.php\\\/2023\\\/07\\\/28\\\/feria-de-las-carreras-en-lonquimay-en-septiembre\\\/\"},\"author\":{\"name\":\"diario3\",\"@id\":\"https:\\\/\\\/diariotextual.com\\\/inicio\\\/#\\\/schema\\\/person\\\/a1b6f563e0ee944c60f98119389a4d9f\"},\"headline\":\"Feria de las Carreras en Lonquimay en septiembre\",\"datePublished\":\"2023-07-28T22:08:42+00:00\",\"dateModified\":\"2023-07-28T22:08:44+00:00\",\"mainEntityOfPage\":{\"@id\":\"https:\\\/\\\/diariotextual.com\\\/inicio\\\/index.php\\\/2023\\\/07\\\/28\\\/feria-de-las-carreras-en-lonquimay-en-septiembre\\\/\"},\"wordCount\":498,\"publisher\":{\"@id\":\"https:\\\/\\\/diariotextual.com\\\/inicio\\\/#organization\"},\"image\":{\"@id\":\"https:\\\/\\\/diariotextual.com\\\/inicio\\\/index.php\\\/2023\\\/07\\\/28\\\/feria-de-las-carreras-en-lonquimay-en-septiembre\\\/#primaryimage\"},\"thumbnailUrl\":\"https:\\\/\\\/diariotextual.com\\\/inicio\\\/wp-content\\\/uploads\\\/2023\\\/07\\\/feriadelascarreras2023.png\",\"keywords\":[\"feria carreras\",\"lonquimay\"],\"articleSection\":[\"A - ES NOTICIA (van abajo)\",\"SOCIEDAD\"],\"inLanguage\":\"es\"},{\"@type\":\"WebPage\",\"@id\":\"https:\\\/\\\/diariotextual.com\\\/inicio\\\/index.php\\\/2023\\\/07\\\/28\\\/feria-de-las-carreras-en-lonquimay-en-septiembre\\\/\",\"url\":\"https:\\\/\\\/diariotextual.com\\\/inicio\\\/index.php\\\/2023\\\/07\\\/28\\\/feria-de-las-carreras-en-lonquimay-en-septiembre\\\/\",\"name\":\"Feria de las Carreras en Lonquimay en septiembre - Diario Textual\",\"isPartOf\":{\"@id\":\"https:\\\/\\\/diariotextual.com\\\/inicio\\\/#website\"},\"primaryImageOfPage\":{\"@id\":\"https:\\\/\\\/diariotextual.com\\\/inicio\\\/index.php\\\/2023\\\/07\\\/28\\\/feria-de-las-carreras-en-lonquimay-en-septiembre\\\/#primaryimage\"},\"image\":{\"@id\":\"https:\\\/\\\/diariotextual.com\\\/inicio\\\/index.php\\\/2023\\\/07\\\/28\\\/feria-de-las-carreras-en-lonquimay-en-septiembre\\\/#primaryimage\"},\"thumbnailUrl\":\"https:\\\/\\\/diariotextual.com\\\/inicio\\\/wp-content\\\/uploads\\\/2023\\\/07\\\/feriadelascarreras2023.png\",\"datePublished\":\"2023-07-28T22:08:42+00:00\",\"dateModified\":\"2023-07-28T22:08:44+00:00\",\"breadcrumb\":{\"@id\":\"https:\\\/\\\/diariotextual.com\\\/inicio\\\/index.php\\\/2023\\\/07\\\/28\\\/feria-de-las-carreras-en-lonquimay-en-septiembre\\\/#breadcrumb\"},\"inLanguage\":\"es\",\"potentialAction\":[{\"@type\":\"ReadAction\",\"target\":[\"https:\\\/\\\/diariotextual.com\\\/inicio\\\/index.php\\\/2023\\\/07\\\/28\\\/feria-de-las-carreras-en-lonquimay-en-septiembre\\\/\"]}]},{\"@type\":\"ImageObject\",\"inLanguage\":\"es\",\"@id\":\"https:\\\/\\\/diariotextual.com\\\/inicio\\\/index.php\\\/2023\\\/07\\\/28\\\/feria-de-las-carreras-en-lonquimay-en-septiembre\\\/#primaryimage\",\"url\":\"https:\\\/\\\/diariotextual.com\\\/inicio\\\/wp-content\\\/uploads\\\/2023\\\/07\\\/feriadelascarreras2023.png\",\"contentUrl\":\"https:\\\/\\\/diariotextual.com\\\/inicio\\\/wp-content\\\/uploads\\\/2023\\\/07\\\/feriadelascarreras2023.png\",\"width\":900,\"height\":635},{\"@type\":\"BreadcrumbList\",\"@id\":\"https:\\\/\\\/diariotextual.com\\\/inicio\\\/index.php\\\/2023\\\/07\\\/28\\\/feria-de-las-carreras-en-lonquimay-en-septiembre\\\/#breadcrumb\",\"itemListElement\":[{\"@type\":\"ListItem\",\"position\":1,\"name\":\"Portada\",\"item\":\"https:\\\/\\\/diariotextual.com\\\/inicio\\\/\"},{\"@type\":\"ListItem\",\"position\":2,\"name\":\"Feria de las Carreras en Lonquimay en septiembre\"}]},{\"@type\":\"WebSite\",\"@id\":\"https:\\\/\\\/diariotextual.com\\\/inicio\\\/#website\",\"url\":\"https:\\\/\\\/diariotextual.com\\\/inicio\\\/\",\"name\":\"Diario Textual\",\"description\":\"\",\"publisher\":{\"@id\":\"https:\\\/\\\/diariotextual.com\\\/inicio\\\/#organization\"},\"potentialAction\":[{\"@type\":\"SearchAction\",\"target\":{\"@type\":\"EntryPoint\",\"urlTemplate\":\"https:\\\/\\\/diariotextual.com\\\/inicio\\\/?s={search_term_string}\"},\"query-input\":{\"@type\":\"PropertyValueSpecification\",\"valueRequired\":true,\"valueName\":\"search_term_string\"}}],\"inLanguage\":\"es\"},{\"@type\":\"Organization\",\"@id\":\"https:\\\/\\\/diariotextual.com\\\/inicio\\\/#organization\",\"name\":\"Diario Textual\",\"url\":\"https:\\\/\\\/diariotextual.com\\\/inicio\\\/\",\"logo\":{\"@type\":\"ImageObject\",\"inLanguage\":\"es\",\"@id\":\"https:\\\/\\\/diariotextual.com\\\/inicio\\\/#\\\/schema\\\/logo\\\/image\\\/\",\"url\":\"https:\\\/\\\/diariotextual.com\\\/inicio\\\/wp-content\\\/uploads\\\/2023\\\/05\\\/logotextual1.jpg\",\"contentUrl\":\"https:\\\/\\\/diariotextual.com\\\/inicio\\\/wp-content\\\/uploads\\\/2023\\\/05\\\/logotextual1.jpg\",\"width\":516,\"height\":76,\"caption\":\"Diario Textual\"},\"image\":{\"@id\":\"https:\\\/\\\/diariotextual.com\\\/inicio\\\/#\\\/schema\\\/logo\\\/image\\\/\"},\"sameAs\":[\"https:\\\/\\\/www.facebook.com\\\/eltextual\",\"https:\\\/\\\/x.com\\\/eltextual\",\"http:\\\/\\\/www.instagram.com\\\/eltextual\"]},{\"@type\":\"Person\",\"@id\":\"https:\\\/\\\/diariotextual.com\\\/inicio\\\/#\\\/schema\\\/person\\\/a1b6f563e0ee944c60f98119389a4d9f\",\"name\":\"diario3\",\"image\":{\"@type\":\"ImageObject\",\"inLanguage\":\"es\",\"@id\":\"https:\\\/\\\/secure.gravatar.com\\\/avatar\\\/5e7ee62c82fc04d9dd79d746a390d93c69c43223e5faeeb3ea9461ef752bfc5d?s=96&d=mm&r=g\",\"url\":\"https:\\\/\\\/secure.gravatar.com\\\/avatar\\\/5e7ee62c82fc04d9dd79d746a390d93c69c43223e5faeeb3ea9461ef752bfc5d?s=96&d=mm&r=g\",\"contentUrl\":\"https:\\\/\\\/secure.gravatar.com\\\/avatar\\\/5e7ee62c82fc04d9dd79d746a390d93c69c43223e5faeeb3ea9461ef752bfc5d?s=96&d=mm&r=g\",\"caption\":\"diario3\"},\"url\":\"https:\\\/\\\/diariotextual.com\\\/inicio\\\/index.php\\\/author\\\/diario3\\\/\"}]}<\/script>\n<!-- \/ Yoast SEO plugin. -->","yoast_head_json":{"title":"Feria de las Carreras en Lonquimay en septiembre - Diario Textual","robots":{"index":"index","follow":"follow","max-snippet":"max-snippet:-1","max-image-preview":"max-image-preview:large","max-video-preview":"max-video-preview:-1"},"canonical":"https:\/\/diariotextual.com\/inicio\/index.php\/2023\/07\/28\/feria-de-las-carreras-en-lonquimay-en-septiembre\/","og_locale":"es_ES","og_type":"article","og_title":"Feria de las Carreras en Lonquimay en septiembre - Diario Textual","og_description":"\u201cLa realizaci\u00f3n de esta actividad resulta ser una pol\u00edtica p\u00fablica concreta, que involucra y articula la participaci\u00f3n y el trabajo espec\u00edfico en conjunto de los distintos estamentos del gobierno provincial,&hellip;","og_url":"https:\/\/diariotextual.com\/inicio\/index.php\/2023\/07\/28\/feria-de-las-carreras-en-lonquimay-en-septiembre\/","og_site_name":"Diario Textual","article_publisher":"https:\/\/www.facebook.com\/eltextual","article_published_time":"2023-07-28T22:08:42+00:00","article_modified_time":"2023-07-28T22:08:44+00:00","og_image":[{"width":900,"height":635,"url":"https:\/\/diariotextual.com\/inicio\/wp-content\/uploads\/2023\/07\/feriadelascarreras2023.png","type":"image\/png"}],"author":"diario3","twitter_card":"summary_large_image","twitter_creator":"@eltextual","twitter_site":"@eltextual","twitter_misc":{"Escrito por":"diario3","Tiempo de lectura":"3 minutos"},"schema":{"@context":"https:\/\/schema.org","@graph":[{"@type":"Article","@id":"https:\/\/diariotextual.com\/inicio\/index.php\/2023\/07\/28\/feria-de-las-carreras-en-lonquimay-en-septiembre\/#article","isPartOf":{"@id":"https:\/\/diariotextual.com\/inicio\/index.php\/2023\/07\/28\/feria-de-las-carreras-en-lonquimay-en-septiembre\/"},"author":{"name":"diario3","@id":"https:\/\/diariotextual.com\/inicio\/#\/schema\/person\/a1b6f563e0ee944c60f98119389a4d9f"},"headline":"Feria de las Carreras en Lonquimay en septiembre","datePublished":"2023-07-28T22:08:42+00:00","dateModified":"2023-07-28T22:08:44+00:00","mainEntityOfPage":{"@id":"https:\/\/diariotextual.com\/inicio\/index.php\/2023\/07\/28\/feria-de-las-carreras-en-lonquimay-en-septiembre\/"},"wordCount":498,"publisher":{"@id":"https:\/\/diariotextual.com\/inicio\/#organization"},"image":{"@id":"https:\/\/diariotextual.com\/inicio\/index.php\/2023\/07\/28\/feria-de-las-carreras-en-lonquimay-en-septiembre\/#primaryimage"},"thumbnailUrl":"https:\/\/diariotextual.com\/inicio\/wp-content\/uploads\/2023\/07\/feriadelascarreras2023.png","keywords":["feria carreras","lonquimay"],"articleSection":["A - ES NOTICIA (van abajo)","SOCIEDAD"],"inLanguage":"es"},{"@type":"WebPage","@id":"https:\/\/diariotextual.com\/inicio\/index.php\/2023\/07\/28\/feria-de-las-carreras-en-lonquimay-en-septiembre\/","url":"https:\/\/diariotextual.com\/inicio\/index.php\/2023\/07\/28\/feria-de-las-carreras-en-lonquimay-en-septiembre\/","name":"Feria de las Carreras en Lonquimay en septiembre - Diario Textual","isPartOf":{"@id":"https:\/\/diariotextual.com\/inicio\/#website"},"primaryImageOfPage":{"@id":"https:\/\/diariotextual.com\/inicio\/index.php\/2023\/07\/28\/feria-de-las-carreras-en-lonquimay-en-septiembre\/#primaryimage"},"image":{"@id":"https:\/\/diariotextual.com\/inicio\/index.php\/2023\/07\/28\/feria-de-las-carreras-en-lonquimay-en-septiembre\/#primaryimage"},"thumbnailUrl":"https:\/\/diariotextual.com\/inicio\/wp-content\/uploads\/2023\/07\/feriadelascarreras2023.png","datePublished":"2023-07-28T22:08:42+00:00","dateModified":"2023-07-28T22:08:44+00:00","breadcrumb":{"@id":"https:\/\/diariotextual.com\/inicio\/index.php\/2023\/07\/28\/feria-de-las-carreras-en-lonquimay-en-septiembre\/#breadcrumb"},"inLanguage":"es","potentialAction":[{"@type":"ReadAction","target":["https:\/\/diariotextual.com\/inicio\/index.php\/2023\/07\/28\/feria-de-las-carreras-en-lonquimay-en-septiembre\/"]}]},{"@type":"ImageObject","inLanguage":"es","@id":"https:\/\/diariotextual.com\/inicio\/index.php\/2023\/07\/28\/feria-de-las-carreras-en-lonquimay-en-septiembre\/#primaryimage","url":"https:\/\/diariotextual.com\/inicio\/wp-content\/uploads\/2023\/07\/feriadelascarreras2023.png","contentUrl":"https:\/\/diariotextual.com\/inicio\/wp-content\/uploads\/2023\/07\/feriadelascarreras2023.png","width":900,"height":635},{"@type":"BreadcrumbList","@id":"https:\/\/diariotextual.com\/inicio\/index.php\/2023\/07\/28\/feria-de-las-carreras-en-lonquimay-en-septiembre\/#breadcrumb","itemListElement":[{"@type":"ListItem","position":1,"name":"Portada","item":"https:\/\/diariotextual.com\/inicio\/"},{"@type":"ListItem","position":2,"name":"Feria de las Carreras en Lonquimay en septiembre"}]},{"@type":"WebSite","@id":"https:\/\/diariotextual.com\/inicio\/#website","url":"https:\/\/diariotextual.com\/inicio\/","name":"Diario Textual","description":"","publisher":{"@id":"https:\/\/diariotextual.com\/inicio\/#organization"},"potentialAction":[{"@type":"SearchAction","target":{"@type":"EntryPoint","urlTemplate":"https:\/\/diariotextual.com\/inicio\/?s={search_term_string}"},"query-input":{"@type":"PropertyValueSpecification","valueRequired":true,"valueName":"search_term_string"}}],"inLanguage":"es"},{"@type":"Organization","@id":"https:\/\/diariotextual.com\/inicio\/#organization","name":"Diario Textual","url":"https:\/\/diariotextual.com\/inicio\/","logo":{"@type":"ImageObject","inLanguage":"es","@id":"https:\/\/diariotextual.com\/inicio\/#\/schema\/logo\/image\/","url":"https:\/\/diariotextual.com\/inicio\/wp-content\/uploads\/2023\/05\/logotextual1.jpg","contentUrl":"https:\/\/diariotextual.com\/inicio\/wp-content\/uploads\/2023\/05\/logotextual1.jpg","width":516,"height":76,"caption":"Diario Textual"},"image":{"@id":"https:\/\/diariotextual.com\/inicio\/#\/schema\/logo\/image\/"},"sameAs":["https:\/\/www.facebook.com\/eltextual","https:\/\/x.com\/eltextual","http:\/\/www.instagram.com\/eltextual"]},{"@type":"Person","@id":"https:\/\/diariotextual.com\/inicio\/#\/schema\/person\/a1b6f563e0ee944c60f98119389a4d9f","name":"diario3","image":{"@type":"ImageObject","inLanguage":"es","@id":"https:\/\/secure.gravatar.com\/avatar\/5e7ee62c82fc04d9dd79d746a390d93c69c43223e5faeeb3ea9461ef752bfc5d?s=96&d=mm&r=g","url":"https:\/\/secure.gravatar.com\/avatar\/5e7ee62c82fc04d9dd79d746a390d93c69c43223e5faeeb3ea9461ef752bfc5d?s=96&d=mm&r=g","contentUrl":"https:\/\/secure.gravatar.com\/avatar\/5e7ee62c82fc04d9dd79d746a390d93c69c43223e5faeeb3ea9461ef752bfc5d?s=96&d=mm&r=g","caption":"diario3"},"url":"https:\/\/diariotextual.com\/inicio\/index.php\/author\/diario3\/"}]}},"_links":{"self":[{"href":"https:\/\/diariotextual.com\/inicio\/index.php\/wp-json\/wp\/v2\/posts\/232235","targetHints":{"allow":["GET"]}}],"collection":[{"href":"https:\/\/diariotextual.com\/inicio\/index.php\/wp-json\/wp\/v2\/posts"}],"about":[{"href":"https:\/\/diariotextual.com\/inicio\/index.php\/wp-json\/wp\/v2\/types\/post"}],"author":[{"embeddable":true,"href":"https:\/\/diariotextual.com\/inicio\/index.php\/wp-json\/wp\/v2\/users\/5"}],"replies":[{"embeddable":true,"href":"https:\/\/diariotextual.com\/inicio\/index.php\/wp-json\/wp\/v2\/comments?post=232235"}],"version-history":[{"count":1,"href":"https:\/\/diariotextual.com\/inicio\/index.php\/wp-json\/wp\/v2\/posts\/232235\/revisions"}],"predecessor-version":[{"id":232237,"href":"https:\/\/diariotextual.com\/inicio\/index.php\/wp-json\/wp\/v2\/posts\/232235\/revisions\/232237"}],"wp:featuredmedia":[{"embeddable":true,"href":"https:\/\/diariotextual.com\/inicio\/index.php\/wp-json\/wp\/v2\/media\/232236"}],"wp:attachment":[{"href":"https:\/\/diariotextual.com\/inicio\/index.php\/wp-json\/wp\/v2\/media?parent=232235"}],"wp:term":[{"taxonomy":"category","embeddable":true,"href":"https:\/\/diariotextual.com\/inicio\/index.php\/wp-json\/wp\/v2\/categories?post=232235"},{"taxonomy":"post_tag","embeddable":true,"href":"https:\/\/diariotextual.com\/inicio\/index.php\/wp-json\/wp\/v2\/tags?post=232235"}],"curies":[{"name":"wp","href":"https:\/\/api.w.org\/{rel}","templated":true}]}}