{"id":232246,"date":"2023-07-28T20:07:41","date_gmt":"2023-07-28T23:07:41","guid":{"rendered":"https:\/\/diariotextual.com\/inicio\/?p=232246"},"modified":"2023-07-28T20:08:27","modified_gmt":"2023-07-28T23:08:27","slug":"iluminan-el-frente-del-tdec-por-sus-70-anos","status":"publish","type":"post","link":"https:\/\/diariotextual.com\/inicio\/index.php\/2023\/07\/28\/iluminan-el-frente-del-tdec-por-sus-70-anos\/","title":{"rendered":"Iluminan el frente del TdeC por sus 70 a\u00f1os"},"content":{"rendered":"\n<p>El frente de edificio del Tribunal de Cuentas de La Pampa fue iluminado este viernes, en conmemoraci\u00f3n de los 70 a\u00f1os de la fundaci\u00f3n del organismo.<\/p>\n\n\n\n<p>M\u00e1s temprano, el mandatario pampeano\u00a0<strong><a href=\"https:\/\/diariotextual.com\/inicio\/index.php\/2023\/07\/28\/el-tdec-cumplio-70-anos-ziliotto-hablo-de-extender-los-controles\/\" target=\"_blank\" rel=\"noreferrer noopener\">Sergio Ziliotto\u00a0encabez\u00f3 el acto junto a la titular del TdeC de La Pampa,\u00a0Mar\u00eda Alejandra Mac Allister<\/a><\/strong>, y ambos coincidieron en que el organismo aporta \u201ccalidad institucional y transparencia\u201d en La Pampa. Incluso<strong>\u00a0Ziliotto se comprometi\u00f3 a seguir adecuando los instrumentos normativos a las nuevas demandas. \u00a0<\/strong><\/p>\n\n\n\n<p>Del acto por el 70\u00b0 aniversario participaron el vicegobernador<strong>\u00a0Mariano Fern\u00e1ndez<\/strong>; el presidente del Secretariado Permanente de Tribunales de Cuentas, \u00d3rganos y Organismos P\u00fablicos de Control Externo de la Rep\u00fablica Argentina,\u00a0<strong>Sergio Tom\u00e1s Oste<\/strong>;\u00a0integrantes del Superior Tribunal de Justicia; legisladores nacionales, autoridades del Poder Ejecutivo, trabajadoras y trabajadores del organismo.<\/p>\n\n\n\n<p>El gobernador Sergio Ziliotto agradeci\u00f3 a la titular del Tribunal de Cuentas por \u201cla invitaci\u00f3n y la hospitalidad\u201d a la celebraci\u00f3n del 70 aniversario. \u201cQuienes cumplimos \u00a0el rol que tiene un gobernante, que es administrar los fondos p\u00fablicos, sabemos que la actuaci\u00f3n de los organismos de control es fundamental, es estrat\u00e9gica, es imprescindible\u201d, dijo.<\/p>\n\n\n\n<p>\u201cQuien tiene la responsabilidad de administrar la provincia de La Pampa a partir de la voluntad popular debe estar a la altura de la responsabilidad que le ha dado el pueblo y es por eso que es bienvenido el control, porque hace a la transparencia y fundamentalmente a la calidad institucional\u201d, expres\u00f3.<br><\/p>\n\n\n\n<p>\u201cLo que se ha hecho hasta el momento no nos puede conformar. Debemos profundizar el trabajo conjunto, porque tambi\u00e9n la calidad institucional es una construcci\u00f3n colectiva\u201d, dijo.<br><\/p>\n\n\n\n<p>Ziliotto destac\u00f3 la \u201creputaci\u00f3n\u201d del TdC de La Pampa y la atribuy\u00f3, \u201cno solo a la conducci\u00f3n, sino a un equipo\u201d y, en este sentido reconoci\u00f3 \u201cla enorme labor que cumplieron durante la pandemia, cuando a pesar de contar con un instrumento legislativa extraordinario como fue la \u2018emergencia\u2019, que nos permiti\u00f3 sortear los controles, sostuvimos los controles previos. Lo hicimos, &nbsp;no solo porque tomamos la decisi\u00f3n pol\u00edtica de hacerlo, sino porque tuvimos el acompa\u00f1amiento de este Tribunal que en ocasiones,&nbsp; trabajo hasta los fines de semana para agilizar los tr\u00e1mites\u201d.<br><\/p>\n\n\n\n<p>El mandatario pampeano afirm\u00f3 &nbsp;que se ha avanzado mucho en materia de controles. \u201cPero lo seguimos haciendo porque la sociedad evoluciona y por eso el a\u00f1o pasado en la C\u00e1mara de Diputados se aprob\u00f3 el control de los fondos p\u00fablicos afectados a las empresas del Estado\u201d, dijo. \u201cEsta semana nos reunimos -con las autoridades del TdC- para ver como seguimos perfeccionando y como seguimos dando respuesta a la exigencia permanente que demanda el control social\u201d.<br><\/p>\n\n\n\n<p>\u201cEn los pr\u00f3ximos d\u00edas avanzaremos con las inquietudes que tienen las autoridades de este Tribunal para perfeccionar el control de los recursos nacionales que ingresen a La Pampa, vamos a perfeccionar la Ley que ejerce el control de las empresas p\u00fablicas y seguramente iniciaremos un proceso para modificar la Ley 513 (Org\u00e1nica del Tribunal de Cuentas), porque las leyes no son de piedra, sino que deben avanzar en atender las demandas de la sociedad\u201d, anunci\u00f3 el Gobernador.<br><br>La titular del Tribunal de Cuentas La Pampa, Mar\u00eda Alejandra Mac Allister, expres\u00f3 su satisfacci\u00f3n por celebrar \u201cnuestros primeros 70 a\u00f1os en nuestra propia sede\u201d y reconoci\u00f3 al actual miembro del Superior Tribunal de Justicia, Jos\u00e9 Sappa, por haber sido quien, cuando se desempe\u00f1\u00f3 como presidente del Tribunal de Cuentas, \u201cbosquej\u00f3 y trabajo en el enorme desaf\u00edo de lograr el edificio propio\u201d.<\/p>\n\n\n\n<p>Record\u00f3 cuando el gobernador Salvador Anan\u00eda tom\u00f3 la decisi\u00f3n de crear el Tribunal de Cuentas en junio de 1953 y valor\u00f3 el rango constitucional que tiene el organismo desde su puesta en funcionamiento.<\/p>\n","protected":false},"excerpt":{"rendered":"<p>El frente de edificio del Tribunal de Cuentas de La Pampa fue iluminado este viernes, en conmemoraci\u00f3n de los 70 a\u00f1os de la fundaci\u00f3n del organismo. M\u00e1s temprano, el mandatario&hellip;<\/p>\n","protected":false},"author":3,"featured_media":232248,"comment_status":"closed","ping_status":"open","sticky":false,"template":"","format":"standard","meta":{"_acf_changed":false,"footnotes":""},"categories":[1,12],"tags":[],"class_list":["post-232246","post","type-post","status-publish","format-standard","has-post-thumbnail","hentry","category-es-noticia","category-sociedad"],"acf":[],"yoast_head":"<!-- This site is optimized with the Yoast SEO plugin v27.5 - https:\/\/yoast.com\/product\/yoast-seo-wordpress\/ -->\n<title>Iluminan el frente del TdeC por sus 70 a\u00f1os - Diario Textual<\/title>\n<meta name=\"robots\" content=\"index, follow, max-snippet:-1, max-image-preview:large, max-video-preview:-1\" \/>\n<link rel=\"canonical\" href=\"https:\/\/diariotextual.com\/inicio\/index.php\/2023\/07\/28\/iluminan-el-frente-del-tdec-por-sus-70-anos\/\" \/>\n<meta property=\"og:locale\" content=\"es_ES\" \/>\n<meta property=\"og:type\" content=\"article\" \/>\n<meta property=\"og:title\" content=\"Iluminan el frente del TdeC por sus 70 a\u00f1os - Diario Textual\" \/>\n<meta property=\"og:description\" content=\"El frente de edificio del Tribunal de Cuentas de La Pampa fue iluminado este viernes, en conmemoraci\u00f3n de los 70 a\u00f1os de la fundaci\u00f3n del organismo. M\u00e1s temprano, el mandatario&hellip;\" \/>\n<meta property=\"og:url\" content=\"https:\/\/diariotextual.com\/inicio\/index.php\/2023\/07\/28\/iluminan-el-frente-del-tdec-por-sus-70-anos\/\" \/>\n<meta property=\"og:site_name\" content=\"Diario Textual\" \/>\n<meta property=\"article:publisher\" content=\"https:\/\/www.facebook.com\/eltextual\" \/>\n<meta property=\"article:published_time\" content=\"2023-07-28T23:07:41+00:00\" \/>\n<meta property=\"article:modified_time\" content=\"2023-07-28T23:08:27+00:00\" \/>\n<meta property=\"og:image\" content=\"https:\/\/diariotextual.com\/inicio\/wp-content\/uploads\/2023\/07\/tribunaldecuentas2023-10.jpeg\" \/>\n\t<meta property=\"og:image:width\" content=\"1600\" \/>\n\t<meta property=\"og:image:height\" content=\"1200\" \/>\n\t<meta property=\"og:image:type\" content=\"image\/jpeg\" \/>\n<meta name=\"author\" content=\"Diario1 Diario1\" \/>\n<meta name=\"twitter:card\" content=\"summary_large_image\" \/>\n<meta name=\"twitter:creator\" content=\"@eltextual\" \/>\n<meta name=\"twitter:site\" content=\"@eltextual\" \/>\n<meta name=\"twitter:label1\" content=\"Escrito por\" \/>\n\t<meta name=\"twitter:data1\" content=\"Diario1 Diario1\" \/>\n\t<meta name=\"twitter:label2\" content=\"Tiempo de lectura\" \/>\n\t<meta name=\"twitter:data2\" content=\"3 minutos\" \/>\n<script type=\"application\/ld+json\" class=\"yoast-schema-graph\">{\"@context\":\"https:\\\/\\\/schema.org\",\"@graph\":[{\"@type\":\"Article\",\"@id\":\"https:\\\/\\\/diariotextual.com\\\/inicio\\\/index.php\\\/2023\\\/07\\\/28\\\/iluminan-el-frente-del-tdec-por-sus-70-anos\\\/#article\",\"isPartOf\":{\"@id\":\"https:\\\/\\\/diariotextual.com\\\/inicio\\\/index.php\\\/2023\\\/07\\\/28\\\/iluminan-el-frente-del-tdec-por-sus-70-anos\\\/\"},\"author\":{\"name\":\"Diario1 Diario1\",\"@id\":\"https:\\\/\\\/diariotextual.com\\\/inicio\\\/#\\\/schema\\\/person\\\/418fc4093c33e86ed41562db3508f958\"},\"headline\":\"Iluminan el frente del TdeC por sus 70 a\u00f1os\",\"datePublished\":\"2023-07-28T23:07:41+00:00\",\"dateModified\":\"2023-07-28T23:08:27+00:00\",\"mainEntityOfPage\":{\"@id\":\"https:\\\/\\\/diariotextual.com\\\/inicio\\\/index.php\\\/2023\\\/07\\\/28\\\/iluminan-el-frente-del-tdec-por-sus-70-anos\\\/\"},\"wordCount\":640,\"publisher\":{\"@id\":\"https:\\\/\\\/diariotextual.com\\\/inicio\\\/#organization\"},\"image\":{\"@id\":\"https:\\\/\\\/diariotextual.com\\\/inicio\\\/index.php\\\/2023\\\/07\\\/28\\\/iluminan-el-frente-del-tdec-por-sus-70-anos\\\/#primaryimage\"},\"thumbnailUrl\":\"https:\\\/\\\/diariotextual.com\\\/inicio\\\/wp-content\\\/uploads\\\/2023\\\/07\\\/tribunaldecuentas2023-10.jpeg\",\"articleSection\":[\"A - ES NOTICIA (van abajo)\",\"SOCIEDAD\"],\"inLanguage\":\"es\"},{\"@type\":\"WebPage\",\"@id\":\"https:\\\/\\\/diariotextual.com\\\/inicio\\\/index.php\\\/2023\\\/07\\\/28\\\/iluminan-el-frente-del-tdec-por-sus-70-anos\\\/\",\"url\":\"https:\\\/\\\/diariotextual.com\\\/inicio\\\/index.php\\\/2023\\\/07\\\/28\\\/iluminan-el-frente-del-tdec-por-sus-70-anos\\\/\",\"name\":\"Iluminan el frente del TdeC por sus 70 a\u00f1os - Diario Textual\",\"isPartOf\":{\"@id\":\"https:\\\/\\\/diariotextual.com\\\/inicio\\\/#website\"},\"primaryImageOfPage\":{\"@id\":\"https:\\\/\\\/diariotextual.com\\\/inicio\\\/index.php\\\/2023\\\/07\\\/28\\\/iluminan-el-frente-del-tdec-por-sus-70-anos\\\/#primaryimage\"},\"image\":{\"@id\":\"https:\\\/\\\/diariotextual.com\\\/inicio\\\/index.php\\\/2023\\\/07\\\/28\\\/iluminan-el-frente-del-tdec-por-sus-70-anos\\\/#primaryimage\"},\"thumbnailUrl\":\"https:\\\/\\\/diariotextual.com\\\/inicio\\\/wp-content\\\/uploads\\\/2023\\\/07\\\/tribunaldecuentas2023-10.jpeg\",\"datePublished\":\"2023-07-28T23:07:41+00:00\",\"dateModified\":\"2023-07-28T23:08:27+00:00\",\"breadcrumb\":{\"@id\":\"https:\\\/\\\/diariotextual.com\\\/inicio\\\/index.php\\\/2023\\\/07\\\/28\\\/iluminan-el-frente-del-tdec-por-sus-70-anos\\\/#breadcrumb\"},\"inLanguage\":\"es\",\"potentialAction\":[{\"@type\":\"ReadAction\",\"target\":[\"https:\\\/\\\/diariotextual.com\\\/inicio\\\/index.php\\\/2023\\\/07\\\/28\\\/iluminan-el-frente-del-tdec-por-sus-70-anos\\\/\"]}]},{\"@type\":\"ImageObject\",\"inLanguage\":\"es\",\"@id\":\"https:\\\/\\\/diariotextual.com\\\/inicio\\\/index.php\\\/2023\\\/07\\\/28\\\/iluminan-el-frente-del-tdec-por-sus-70-anos\\\/#primaryimage\",\"url\":\"https:\\\/\\\/diariotextual.com\\\/inicio\\\/wp-content\\\/uploads\\\/2023\\\/07\\\/tribunaldecuentas2023-10.jpeg\",\"contentUrl\":\"https:\\\/\\\/diariotextual.com\\\/inicio\\\/wp-content\\\/uploads\\\/2023\\\/07\\\/tribunaldecuentas2023-10.jpeg\",\"width\":1600,\"height\":1200},{\"@type\":\"BreadcrumbList\",\"@id\":\"https:\\\/\\\/diariotextual.com\\\/inicio\\\/index.php\\\/2023\\\/07\\\/28\\\/iluminan-el-frente-del-tdec-por-sus-70-anos\\\/#breadcrumb\",\"itemListElement\":[{\"@type\":\"ListItem\",\"position\":1,\"name\":\"Portada\",\"item\":\"https:\\\/\\\/diariotextual.com\\\/inicio\\\/\"},{\"@type\":\"ListItem\",\"position\":2,\"name\":\"Iluminan el frente del TdeC por sus 70 a\u00f1os\"}]},{\"@type\":\"WebSite\",\"@id\":\"https:\\\/\\\/diariotextual.com\\\/inicio\\\/#website\",\"url\":\"https:\\\/\\\/diariotextual.com\\\/inicio\\\/\",\"name\":\"Diario Textual\",\"description\":\"\",\"publisher\":{\"@id\":\"https:\\\/\\\/diariotextual.com\\\/inicio\\\/#organization\"},\"potentialAction\":[{\"@type\":\"SearchAction\",\"target\":{\"@type\":\"EntryPoint\",\"urlTemplate\":\"https:\\\/\\\/diariotextual.com\\\/inicio\\\/?s={search_term_string}\"},\"query-input\":{\"@type\":\"PropertyValueSpecification\",\"valueRequired\":true,\"valueName\":\"search_term_string\"}}],\"inLanguage\":\"es\"},{\"@type\":\"Organization\",\"@id\":\"https:\\\/\\\/diariotextual.com\\\/inicio\\\/#organization\",\"name\":\"Diario Textual\",\"url\":\"https:\\\/\\\/diariotextual.com\\\/inicio\\\/\",\"logo\":{\"@type\":\"ImageObject\",\"inLanguage\":\"es\",\"@id\":\"https:\\\/\\\/diariotextual.com\\\/inicio\\\/#\\\/schema\\\/logo\\\/image\\\/\",\"url\":\"https:\\\/\\\/diariotextual.com\\\/inicio\\\/wp-content\\\/uploads\\\/2023\\\/05\\\/logotextual1.jpg\",\"contentUrl\":\"https:\\\/\\\/diariotextual.com\\\/inicio\\\/wp-content\\\/uploads\\\/2023\\\/05\\\/logotextual1.jpg\",\"width\":516,\"height\":76,\"caption\":\"Diario Textual\"},\"image\":{\"@id\":\"https:\\\/\\\/diariotextual.com\\\/inicio\\\/#\\\/schema\\\/logo\\\/image\\\/\"},\"sameAs\":[\"https:\\\/\\\/www.facebook.com\\\/eltextual\",\"https:\\\/\\\/x.com\\\/eltextual\",\"http:\\\/\\\/www.instagram.com\\\/eltextual\"]},{\"@type\":\"Person\",\"@id\":\"https:\\\/\\\/diariotextual.com\\\/inicio\\\/#\\\/schema\\\/person\\\/418fc4093c33e86ed41562db3508f958\",\"name\":\"Diario1 Diario1\",\"image\":{\"@type\":\"ImageObject\",\"inLanguage\":\"es\",\"@id\":\"https:\\\/\\\/secure.gravatar.com\\\/avatar\\\/9167d280179c85bc18be67aa7eda765854300033af4896dd779b608640f2ef7a?s=96&d=mm&r=g\",\"url\":\"https:\\\/\\\/secure.gravatar.com\\\/avatar\\\/9167d280179c85bc18be67aa7eda765854300033af4896dd779b608640f2ef7a?s=96&d=mm&r=g\",\"contentUrl\":\"https:\\\/\\\/secure.gravatar.com\\\/avatar\\\/9167d280179c85bc18be67aa7eda765854300033af4896dd779b608640f2ef7a?s=96&d=mm&r=g\",\"caption\":\"Diario1 Diario1\"},\"url\":\"https:\\\/\\\/diariotextual.com\\\/inicio\\\/index.php\\\/author\\\/diario1\\\/\"}]}<\/script>\n<!-- \/ Yoast SEO plugin. -->","yoast_head_json":{"title":"Iluminan el frente del TdeC por sus 70 a\u00f1os - Diario Textual","robots":{"index":"index","follow":"follow","max-snippet":"max-snippet:-1","max-image-preview":"max-image-preview:large","max-video-preview":"max-video-preview:-1"},"canonical":"https:\/\/diariotextual.com\/inicio\/index.php\/2023\/07\/28\/iluminan-el-frente-del-tdec-por-sus-70-anos\/","og_locale":"es_ES","og_type":"article","og_title":"Iluminan el frente del TdeC por sus 70 a\u00f1os - Diario Textual","og_description":"El frente de edificio del Tribunal de Cuentas de La Pampa fue iluminado este viernes, en conmemoraci\u00f3n de los 70 a\u00f1os de la fundaci\u00f3n del organismo. M\u00e1s temprano, el mandatario&hellip;","og_url":"https:\/\/diariotextual.com\/inicio\/index.php\/2023\/07\/28\/iluminan-el-frente-del-tdec-por-sus-70-anos\/","og_site_name":"Diario Textual","article_publisher":"https:\/\/www.facebook.com\/eltextual","article_published_time":"2023-07-28T23:07:41+00:00","article_modified_time":"2023-07-28T23:08:27+00:00","og_image":[{"width":1600,"height":1200,"url":"https:\/\/diariotextual.com\/inicio\/wp-content\/uploads\/2023\/07\/tribunaldecuentas2023-10.jpeg","type":"image\/jpeg"}],"author":"Diario1 Diario1","twitter_card":"summary_large_image","twitter_creator":"@eltextual","twitter_site":"@eltextual","twitter_misc":{"Escrito por":"Diario1 Diario1","Tiempo de lectura":"3 minutos"},"schema":{"@context":"https:\/\/schema.org","@graph":[{"@type":"Article","@id":"https:\/\/diariotextual.com\/inicio\/index.php\/2023\/07\/28\/iluminan-el-frente-del-tdec-por-sus-70-anos\/#article","isPartOf":{"@id":"https:\/\/diariotextual.com\/inicio\/index.php\/2023\/07\/28\/iluminan-el-frente-del-tdec-por-sus-70-anos\/"},"author":{"name":"Diario1 Diario1","@id":"https:\/\/diariotextual.com\/inicio\/#\/schema\/person\/418fc4093c33e86ed41562db3508f958"},"headline":"Iluminan el frente del TdeC por sus 70 a\u00f1os","datePublished":"2023-07-28T23:07:41+00:00","dateModified":"2023-07-28T23:08:27+00:00","mainEntityOfPage":{"@id":"https:\/\/diariotextual.com\/inicio\/index.php\/2023\/07\/28\/iluminan-el-frente-del-tdec-por-sus-70-anos\/"},"wordCount":640,"publisher":{"@id":"https:\/\/diariotextual.com\/inicio\/#organization"},"image":{"@id":"https:\/\/diariotextual.com\/inicio\/index.php\/2023\/07\/28\/iluminan-el-frente-del-tdec-por-sus-70-anos\/#primaryimage"},"thumbnailUrl":"https:\/\/diariotextual.com\/inicio\/wp-content\/uploads\/2023\/07\/tribunaldecuentas2023-10.jpeg","articleSection":["A - ES NOTICIA (van abajo)","SOCIEDAD"],"inLanguage":"es"},{"@type":"WebPage","@id":"https:\/\/diariotextual.com\/inicio\/index.php\/2023\/07\/28\/iluminan-el-frente-del-tdec-por-sus-70-anos\/","url":"https:\/\/diariotextual.com\/inicio\/index.php\/2023\/07\/28\/iluminan-el-frente-del-tdec-por-sus-70-anos\/","name":"Iluminan el frente del TdeC por sus 70 a\u00f1os - Diario Textual","isPartOf":{"@id":"https:\/\/diariotextual.com\/inicio\/#website"},"primaryImageOfPage":{"@id":"https:\/\/diariotextual.com\/inicio\/index.php\/2023\/07\/28\/iluminan-el-frente-del-tdec-por-sus-70-anos\/#primaryimage"},"image":{"@id":"https:\/\/diariotextual.com\/inicio\/index.php\/2023\/07\/28\/iluminan-el-frente-del-tdec-por-sus-70-anos\/#primaryimage"},"thumbnailUrl":"https:\/\/diariotextual.com\/inicio\/wp-content\/uploads\/2023\/07\/tribunaldecuentas2023-10.jpeg","datePublished":"2023-07-28T23:07:41+00:00","dateModified":"2023-07-28T23:08:27+00:00","breadcrumb":{"@id":"https:\/\/diariotextual.com\/inicio\/index.php\/2023\/07\/28\/iluminan-el-frente-del-tdec-por-sus-70-anos\/#breadcrumb"},"inLanguage":"es","potentialAction":[{"@type":"ReadAction","target":["https:\/\/diariotextual.com\/inicio\/index.php\/2023\/07\/28\/iluminan-el-frente-del-tdec-por-sus-70-anos\/"]}]},{"@type":"ImageObject","inLanguage":"es","@id":"https:\/\/diariotextual.com\/inicio\/index.php\/2023\/07\/28\/iluminan-el-frente-del-tdec-por-sus-70-anos\/#primaryimage","url":"https:\/\/diariotextual.com\/inicio\/wp-content\/uploads\/2023\/07\/tribunaldecuentas2023-10.jpeg","contentUrl":"https:\/\/diariotextual.com\/inicio\/wp-content\/uploads\/2023\/07\/tribunaldecuentas2023-10.jpeg","width":1600,"height":1200},{"@type":"BreadcrumbList","@id":"https:\/\/diariotextual.com\/inicio\/index.php\/2023\/07\/28\/iluminan-el-frente-del-tdec-por-sus-70-anos\/#breadcrumb","itemListElement":[{"@type":"ListItem","position":1,"name":"Portada","item":"https:\/\/diariotextual.com\/inicio\/"},{"@type":"ListItem","position":2,"name":"Iluminan el frente del TdeC por sus 70 a\u00f1os"}]},{"@type":"WebSite","@id":"https:\/\/diariotextual.com\/inicio\/#website","url":"https:\/\/diariotextual.com\/inicio\/","name":"Diario Textual","description":"","publisher":{"@id":"https:\/\/diariotextual.com\/inicio\/#organization"},"potentialAction":[{"@type":"SearchAction","target":{"@type":"EntryPoint","urlTemplate":"https:\/\/diariotextual.com\/inicio\/?s={search_term_string}"},"query-input":{"@type":"PropertyValueSpecification","valueRequired":true,"valueName":"search_term_string"}}],"inLanguage":"es"},{"@type":"Organization","@id":"https:\/\/diariotextual.com\/inicio\/#organization","name":"Diario Textual","url":"https:\/\/diariotextual.com\/inicio\/","logo":{"@type":"ImageObject","inLanguage":"es","@id":"https:\/\/diariotextual.com\/inicio\/#\/schema\/logo\/image\/","url":"https:\/\/diariotextual.com\/inicio\/wp-content\/uploads\/2023\/05\/logotextual1.jpg","contentUrl":"https:\/\/diariotextual.com\/inicio\/wp-content\/uploads\/2023\/05\/logotextual1.jpg","width":516,"height":76,"caption":"Diario Textual"},"image":{"@id":"https:\/\/diariotextual.com\/inicio\/#\/schema\/logo\/image\/"},"sameAs":["https:\/\/www.facebook.com\/eltextual","https:\/\/x.com\/eltextual","http:\/\/www.instagram.com\/eltextual"]},{"@type":"Person","@id":"https:\/\/diariotextual.com\/inicio\/#\/schema\/person\/418fc4093c33e86ed41562db3508f958","name":"Diario1 Diario1","image":{"@type":"ImageObject","inLanguage":"es","@id":"https:\/\/secure.gravatar.com\/avatar\/9167d280179c85bc18be67aa7eda765854300033af4896dd779b608640f2ef7a?s=96&d=mm&r=g","url":"https:\/\/secure.gravatar.com\/avatar\/9167d280179c85bc18be67aa7eda765854300033af4896dd779b608640f2ef7a?s=96&d=mm&r=g","contentUrl":"https:\/\/secure.gravatar.com\/avatar\/9167d280179c85bc18be67aa7eda765854300033af4896dd779b608640f2ef7a?s=96&d=mm&r=g","caption":"Diario1 Diario1"},"url":"https:\/\/diariotextual.com\/inicio\/index.php\/author\/diario1\/"}]}},"_links":{"self":[{"href":"https:\/\/diariotextual.com\/inicio\/index.php\/wp-json\/wp\/v2\/posts\/232246","targetHints":{"allow":["GET"]}}],"collection":[{"href":"https:\/\/diariotextual.com\/inicio\/index.php\/wp-json\/wp\/v2\/posts"}],"about":[{"href":"https:\/\/diariotextual.com\/inicio\/index.php\/wp-json\/wp\/v2\/types\/post"}],"author":[{"embeddable":true,"href":"https:\/\/diariotextual.com\/inicio\/index.php\/wp-json\/wp\/v2\/users\/3"}],"replies":[{"embeddable":true,"href":"https:\/\/diariotextual.com\/inicio\/index.php\/wp-json\/wp\/v2\/comments?post=232246"}],"version-history":[{"count":4,"href":"https:\/\/diariotextual.com\/inicio\/index.php\/wp-json\/wp\/v2\/posts\/232246\/revisions"}],"predecessor-version":[{"id":232251,"href":"https:\/\/diariotextual.com\/inicio\/index.php\/wp-json\/wp\/v2\/posts\/232246\/revisions\/232251"}],"wp:featuredmedia":[{"embeddable":true,"href":"https:\/\/diariotextual.com\/inicio\/index.php\/wp-json\/wp\/v2\/media\/232248"}],"wp:attachment":[{"href":"https:\/\/diariotextual.com\/inicio\/index.php\/wp-json\/wp\/v2\/media?parent=232246"}],"wp:term":[{"taxonomy":"category","embeddable":true,"href":"https:\/\/diariotextual.com\/inicio\/index.php\/wp-json\/wp\/v2\/categories?post=232246"},{"taxonomy":"post_tag","embeddable":true,"href":"https:\/\/diariotextual.com\/inicio\/index.php\/wp-json\/wp\/v2\/tags?post=232246"}],"curies":[{"name":"wp","href":"https:\/\/api.w.org\/{rel}","templated":true}]}}