{"id":232351,"date":"2023-07-30T00:23:26","date_gmt":"2023-07-30T03:23:26","guid":{"rendered":"https:\/\/diariotextual.com\/inicio\/?p=232351"},"modified":"2023-07-31T18:53:25","modified_gmt":"2023-07-31T21:53:25","slug":"lo-torturaron-lo-mataron-y-le-usaron-el-departamento-ahora-condenaron-a-otro-autor-del-crimen-a-diego-loza","status":"publish","type":"post","link":"https:\/\/diariotextual.com\/inicio\/index.php\/2023\/07\/30\/lo-torturaron-lo-mataron-y-le-usaron-el-departamento-ahora-condenaron-a-otro-autor-del-crimen-a-diego-loza\/","title":{"rendered":"Lo torturaron, lo mataron y le usaron el departamento: ahora condenaron a otro autor del crimen a Diego Loza"},"content":{"rendered":"\n<p>El juez <strong>Andr\u00e9s Zulaica<\/strong>, del Juzgado de la Familia y del Menor N\u00b0 2, conden\u00f3 en las \u00faltimas horas a <strong>Andr\u00e9s Carri\u00f3n Noya<\/strong> a 12 a\u00f1os de c\u00e1rcel por ser uno de los coautores del brutal asesinato del empleado municipal santarrose\u00f1o <strong>Diego Loza<\/strong> en 2018. Por este crimen ya hab\u00eda sido condenado a perpetua otro de los asesinos, <strong>Walter Eleuterio Rojas Pedraza.<\/strong><\/p>\n\n\n\n<p><strong>Paula Loza<\/strong>, hermana de Diego y quien ha llevado una larga lucha en b\u00fasqueda de justicia, resalt\u00f3 el fallo. \u201cPoco m\u00e1s de 5 a\u00f1os del asesinato de Diego y por fin lleg\u00f3 una condena.<strong> El juez de Menores conden\u00f3 a 12 a\u00f1os de prisi\u00f3n a Andr\u00e9s Carri\u00f3n Noya. &nbsp;Sabemos que esto no termina ac\u00e1, pero hoy sentimos un poco m\u00e1s de tranquilidad, no hay pena que puedan cumplir estas lacras que nos saque del dolor que nos causaron. La ausencia se siente a diario. Pero sab\u00edamos que esta instancia era una de las m\u00e1s dif\u00edciles. Todav\u00eda nos queda camino por recorrer y seguimos firmes pidiendo Justicia<\/strong>\u201d, escribi\u00f3 en las redes sociales. \u201cGracias por acompa\u00f1arnos y por recordarlo siempre\u201d, finaliz\u00f3.<\/p>\n\n\n\n<p>El homicidio de este trabajador municipal ocurri\u00f3 el s\u00e1bado 23 de junio de 2018, entre las 21.05 y las 22.20, en el departamento que ocupaba en Emilio Zola y avenida Luro.<\/p>\n\n\n\n<figure class=\"wp-block-image size-full\"><img fetchpriority=\"high\" decoding=\"async\" width=\"960\" height=\"635\" src=\"https:\/\/diariotextual.com\/inicio\/wp-content\/uploads\/2019\/03\/lozadiegomural2019-1.jpg\" alt=\"\" class=\"wp-image-43796\" srcset=\"https:\/\/diariotextual.com\/inicio\/wp-content\/uploads\/2019\/03\/lozadiegomural2019-1.jpg 960w, https:\/\/diariotextual.com\/inicio\/wp-content\/uploads\/2019\/03\/lozadiegomural2019-1-300x198.jpg 300w, https:\/\/diariotextual.com\/inicio\/wp-content\/uploads\/2019\/03\/lozadiegomural2019-1-768x508.jpg 768w, https:\/\/diariotextual.com\/inicio\/wp-content\/uploads\/2019\/03\/lozadiegomural2019-1-780x516.jpg 780w, https:\/\/diariotextual.com\/inicio\/wp-content\/uploads\/2019\/03\/lozadiegomural2019-1-585x387.jpg 585w, https:\/\/diariotextual.com\/inicio\/wp-content\/uploads\/2019\/03\/lozadiegomural2019-1-263x175.jpg 263w\" sizes=\"(max-width: 960px) 100vw, 960px\" \/><\/figure>\n\n\n\n<p>Los dos condenados sorprendieron a Diego Loza ingresando al departamento. <strong>Previamente a maniatarlo, le efectuaron tres disparos. Uno de ellos, el mortal, fue en la boca.<\/strong><\/p>\n\n\n\n<p><strong>El cuerpo lo escondieron debajo de una parrilla. <\/strong>Los imputados utilizaron el inmueble, luego de que la v\u00edctima hab\u00eda muerto.<\/p>\n\n\n\n<p><strong>Durante la permanencia en la vivienda, ofrecieron un televisor, propiedad de la Loza, por Facebook para venderlo. Tambi\u00e9n, los acusados se apropiaron de $9000 que extrajeron de la caja de ahorro de Diego Loza. Lo mataron y torturaron para conseguir la clave.<\/strong><\/p>\n\n\n\n<p>Tambi\u00e9n se prob\u00f3 que, luego del asesinato,<strong> ambos compraron empanadas y consumieron bebidas alcoh\u00f3licas en el departamento<\/strong>. Esto qued\u00f3 filmado con las c\u00e1maras del negocio.<\/p>\n\n\n\n<p>Los condenados estuvieron desde el momento del asesinato, el s\u00e1bado a la noche, hasta el lunes a la noche, cuando lleg\u00f3 la Polic\u00eda y lograron fugarse por los techos de las casas vecinas.<\/p>\n\n\n\n<p><\/p>\n\n\n\n<div style=\"height:100px\" aria-hidden=\"true\" class=\"wp-block-spacer\"><\/div>\n\n\n\n<p><strong>La condena<\/strong><\/p>\n\n\n\n<p>El 22 de mayo de 2019, el Tribunal de Audiencia de Santa Rosa conden\u00f3 a prisi\u00f3n perpetua a&nbsp;<strong>Walter Eleuterio Rojas Pedraza<\/strong> porque consider\u00f3 que probado que asesin\u00f3 a balazos a <strong>Loza.&nbsp;<\/strong>Adem\u00e1s,&nbsp;declar\u00f3 \u201ccoautor\u201d del asesinato al otro acusado,&nbsp;<strong>Carlos Andr\u00e9s Carri\u00f3n<\/strong>. Pero, por ser menor de 18 a\u00f1os al momento de producirse el hecho, la pena a Carri\u00f3n deb\u00eda ser impuesta en el marco de la Ley Penal de Minoridad: una vez que quedara firme la condena, deb\u00eda un juez o jueza de Minoridad el o la que le impusiera una pena -incluso eventualmente la perpetua-. Por eso en su momento qued\u00f3 est\u00e1 libre, bajo la tutela de un juez, en su casa. Ahora, ya firme la condena y al ser mayor de edad, se conoci\u00f3 los a\u00f1os que deber\u00e1 ir a la c\u00e1rcel.<\/p>\n\n\n\n<p>En su momento, el Tribunal de Audiencia dio por probado que el 23 de junio de 2018, entre las 21.05 y las 22.05, Rojas Pedraza y Carri\u00f3n \u201cingresaron por el balc\u00f3n del departamento sito en el segundo piso de la calle Emilio Zola 370, de Santa Rosa, y sorprendieron a Diego Nicol\u00e1s Loza en la zona del ba\u00f1o, donde se le efectuaron tres disparos con una pistola Bersa calibre 22\u201d.<\/p>\n\n\n\n<p>El primero impact\u00f3 \u201cen el brazo izquierdo, el segundo en la pierna izquierda y el tercero en la boca, previo haberlo maniatado \u2013dice el fallo\u2013. El arma fue secuestrada en el mismo lugar del hecho, debajo de unos zapatos negros que se encontraban en el placard de la habitaci\u00f3n. Esa arma fue utilizada por ambos acusados, quienes no contaban con ning\u00fan tipo de autorizaci\u00f3n legal vigente al momento de trasladarla, dispararla y utilizarla\u201d.<\/p>\n\n\n\n<p>M\u00e1s adelante, la sentencia se\u00f1ala que \u201ccon posterioridad de darle muerte a Loza, la cual no fue inmediata, lo envolvieron en una frazada y lo ocultaron debajo de una parrilla que se encontraba ubicada en el balc\u00f3n que da a la calle Zola del departamento, donde d\u00edas despu\u00e9s fue hallado sin vida\u201d.<\/p>\n\n\n\n<p>Los jueces agregaron que \u201cel lunes 25 a las 23 (ambos imputados) fueron sorprendidos en el departamento por personal policial y amigos de la v\u00edctima, d\u00e1ndose a la fuga al descolgarse por un techo que da a la avenida Luro, correspondiente a una agencia de quiniela\u201d.<\/p>\n\n\n\n<p>\u201cA su vez ha quedado acreditado que durante la permanencia en la vivienda se ofreci\u00f3 el televisor marca Philips, que se encontraba en el dormitorio, a trav\u00e9s del Facebook de Rojas Pedraza y de la p\u00e1gina de compra y venta de La Pampa. Adem\u00e1s, Rojas Pedraza efectu\u00f3 diversas extracciones por cajero autom\u00e1tico de la caja de ahorro del Banco de La Pampa, cuyo titular es Diego Nicol\u00e1s Loza, por la suma 9.000 pesos\u201d, a\u00f1ade el fallo.<\/p>\n\n\n\n<div style=\"height:100px\" aria-hidden=\"true\" class=\"wp-block-spacer\"><\/div>\n\n\n\n<p><strong>Fueron dos<\/strong><\/p>\n\n\n\n<p>La sentencia de 2019 fue firmada por los jueces Daniel S\u00e1ez Zamora, Andr\u00e9s Oli\u00e9 y Alejandra Ongaro. S\u00e1ez Zamora \u2013autor del voto inicial, al que adhirieron Ongaro y Oli\u00e9\u2013 dio cr\u00e9dito a la versi\u00f3n brindada por la fiscal Mar\u00eda Cecilia Martin\u00ed durante el debate y, analizando los distintos elementos probatorios incorporados al expediente, se\u00f1al\u00f3 que los imputados ingresaron al departamento \u201cpor el balc\u00f3n que mira hacia la avenida Luro, por una puerta que ten\u00eda fallas en el cierre. Una vez adentro del departamento, sorprendieron a la v\u00edctima, quien se encontraba en el anteba\u00f1o. All\u00ed recibi\u00f3 un primer disparo de arma de fuego que impact\u00f3 en el brazo izquierdo de Loza. La v\u00edctima se apoy\u00f3 en la mesada, donde quedaron las manchas de sangre en la cortina del bajo mesada y en la pared. En ese momento, Loza se moviliz\u00f3 hasta el ba\u00f1o, dado que los atacantes le impidieron la salida del lugar. Ya en el ba\u00f1o se produjo un forcejeo en el que la v\u00edctima recibi\u00f3, nuevamente, otro disparo que dio en la pierna izquierda. Por la lucha que opon\u00eda Loza, uno de los atacantes se dirigi\u00f3 a buscar las vendas con la que lo maniataron. Luego de reducirlo y en el mismo lugar del ba\u00f1o, se produjo el \u00faltimo disparo en la boca a muy corta distancia\u201d.<\/p>\n\n\n\n<p>\u201cUna de las circunstancias que fueron controvertidas, se refiri\u00f3 al n\u00famero de atacantes que ingresaron y dieron muerte a Loza. En este sentido, entiendo que la fiscal\u00eda aport\u00f3 elementos que permiten sostener que hab\u00eda m\u00e1s de una persona al momento de los hechos, circunstancia que fue confrontada por la defensa de Carri\u00f3n\u201d, manifest\u00f3 S\u00e1ez Zamora.<\/p>\n\n\n\n<p>En tal sentido, el Tribunal indic\u00f3 que \u201crazonablemente puede concluirse que las dos personas tomaron el cuerpo de la v\u00edctima; uno por los pies y el otro por los brazos, para llevarlo hasta el lugar donde fue hallado\u201d.<\/p>\n\n\n\n<p>\u201cNo resulta compatible con la prueba existente, que una sola persona le efectuara los disparos a Loza, luchara con \u00e9l en el ba\u00f1o y al mismo tiempo fuera a buscar alg\u00fan elemento para inmovilizarlo, maniatarlo y poder reducirlo\u201d, subrayaron los jueces.<\/p>\n\n\n\n<p>\u201cPor otro lado, en el caso que el atacante fuera uno solo, tampoco tiene l\u00f3gica suponer que le efectuara un disparo con el arma dentro de la boca (una herida indudablemente mortal), para luego buscar alg\u00fan elemento para maniatarlo\u201d.<\/p>\n\n\n\n<p>El Tribunal tambi\u00e9n se refiri\u00f3 a la pericia odorol\u00f3gica en la que se cotej\u00f3 la huella de olor de la pistola Bersa secuestrada en el domicilio de Loza, con las de los acusados. \u201cComo resultado de dicha pericia se identific\u00f3 en forma positiva y con certeza, por comparaci\u00f3n olfativa, compuestos org\u00e1nicos vol\u00e1tiles producto de la descamaci\u00f3n epitelial humana pertenecientes al acusado Carri\u00f3n\u201d, indic\u00f3 el Tribunal.<\/p>\n\n\n\n<p>\u201cSin perjuicio que la defensa (de Carri\u00f3n) desmereci\u00f3 la pericia (incorporada por la fiscal\u00eda), lo cierto es que no brind\u00f3 ning\u00fan argumento de peso que desacredite su valor probatorio; m\u00e1s all\u00e1 de estar en desacuerdo con su resultado en funci\u00f3n que fue una prueba altamente cargosa para esa parte\u201d.<\/p>\n","protected":false},"excerpt":{"rendered":"<p>El juez Andr\u00e9s Zulaica, del Juzgado de la Familia y del Menor N\u00b0 2, conden\u00f3 en las \u00faltimas horas a Andr\u00e9s Carri\u00f3n Noya a 12 a\u00f1os de c\u00e1rcel por ser&hellip;<\/p>\n","protected":false},"author":3,"featured_media":18694,"comment_status":"closed","ping_status":"open","sticky":false,"template":"","format":"standard","meta":{"_acf_changed":false,"footnotes":""},"categories":[1,12],"tags":[],"class_list":["post-232351","post","type-post","status-publish","format-standard","has-post-thumbnail","hentry","category-es-noticia","category-sociedad"],"acf":[],"yoast_head":"<!-- This site is optimized with the Yoast SEO plugin v27.5 - https:\/\/yoast.com\/product\/yoast-seo-wordpress\/ -->\n<title>Lo torturaron, lo mataron y le usaron el departamento: ahora condenaron a otro autor del crimen a Diego Loza - Diario Textual<\/title>\n<meta name=\"robots\" content=\"index, follow, max-snippet:-1, max-image-preview:large, max-video-preview:-1\" \/>\n<link rel=\"canonical\" href=\"https:\/\/diariotextual.com\/inicio\/index.php\/2023\/07\/30\/lo-torturaron-lo-mataron-y-le-usaron-el-departamento-ahora-condenaron-a-otro-autor-del-crimen-a-diego-loza\/\" \/>\n<meta property=\"og:locale\" content=\"es_ES\" \/>\n<meta property=\"og:type\" content=\"article\" \/>\n<meta property=\"og:title\" content=\"Lo torturaron, lo mataron y le usaron el departamento: ahora condenaron a otro autor del crimen a Diego Loza - Diario Textual\" \/>\n<meta property=\"og:description\" content=\"El juez Andr\u00e9s Zulaica, del Juzgado de la Familia y del Menor N\u00b0 2, conden\u00f3 en las \u00faltimas horas a Andr\u00e9s Carri\u00f3n Noya a 12 a\u00f1os de c\u00e1rcel por ser&hellip;\" \/>\n<meta property=\"og:url\" content=\"https:\/\/diariotextual.com\/inicio\/index.php\/2023\/07\/30\/lo-torturaron-lo-mataron-y-le-usaron-el-departamento-ahora-condenaron-a-otro-autor-del-crimen-a-diego-loza\/\" \/>\n<meta property=\"og:site_name\" content=\"Diario Textual\" \/>\n<meta property=\"article:publisher\" content=\"https:\/\/www.facebook.com\/eltextual\" \/>\n<meta property=\"article:published_time\" content=\"2023-07-30T03:23:26+00:00\" \/>\n<meta property=\"article:modified_time\" content=\"2023-07-31T21:53:25+00:00\" \/>\n<meta property=\"og:image\" content=\"https:\/\/diariotextual.com\/inicio\/wp-content\/uploads\/2018\/08\/lozadiegomarcha2018-122.jpg\" \/>\n\t<meta property=\"og:image:width\" content=\"1000\" \/>\n\t<meta property=\"og:image:height\" content=\"697\" \/>\n\t<meta property=\"og:image:type\" content=\"image\/jpeg\" \/>\n<meta name=\"author\" content=\"Diario1 Diario1\" \/>\n<meta name=\"twitter:card\" content=\"summary_large_image\" \/>\n<meta name=\"twitter:creator\" content=\"@eltextual\" \/>\n<meta name=\"twitter:site\" content=\"@eltextual\" \/>\n<meta name=\"twitter:label1\" content=\"Escrito por\" \/>\n\t<meta name=\"twitter:data1\" content=\"Diario1 Diario1\" \/>\n<script type=\"application\/ld+json\" class=\"yoast-schema-graph\">{\"@context\":\"https:\\\/\\\/schema.org\",\"@graph\":[{\"@type\":\"Article\",\"@id\":\"https:\\\/\\\/diariotextual.com\\\/inicio\\\/index.php\\\/2023\\\/07\\\/30\\\/lo-torturaron-lo-mataron-y-le-usaron-el-departamento-ahora-condenaron-a-otro-autor-del-crimen-a-diego-loza\\\/#article\",\"isPartOf\":{\"@id\":\"https:\\\/\\\/diariotextual.com\\\/inicio\\\/index.php\\\/2023\\\/07\\\/30\\\/lo-torturaron-lo-mataron-y-le-usaron-el-departamento-ahora-condenaron-a-otro-autor-del-crimen-a-diego-loza\\\/\"},\"author\":{\"name\":\"Diario1 Diario1\",\"@id\":\"https:\\\/\\\/diariotextual.com\\\/inicio\\\/#\\\/schema\\\/person\\\/418fc4093c33e86ed41562db3508f958\"},\"headline\":\"Lo torturaron, lo mataron y le usaron el departamento: ahora condenaron a otro autor del crimen a Diego Loza\",\"datePublished\":\"2023-07-30T03:23:26+00:00\",\"dateModified\":\"2023-07-31T21:53:25+00:00\",\"mainEntityOfPage\":{\"@id\":\"https:\\\/\\\/diariotextual.com\\\/inicio\\\/index.php\\\/2023\\\/07\\\/30\\\/lo-torturaron-lo-mataron-y-le-usaron-el-departamento-ahora-condenaron-a-otro-autor-del-crimen-a-diego-loza\\\/\"},\"wordCount\":1420,\"publisher\":{\"@id\":\"https:\\\/\\\/diariotextual.com\\\/inicio\\\/#organization\"},\"image\":{\"@id\":\"https:\\\/\\\/diariotextual.com\\\/inicio\\\/index.php\\\/2023\\\/07\\\/30\\\/lo-torturaron-lo-mataron-y-le-usaron-el-departamento-ahora-condenaron-a-otro-autor-del-crimen-a-diego-loza\\\/#primaryimage\"},\"thumbnailUrl\":\"https:\\\/\\\/diariotextual.com\\\/inicio\\\/wp-content\\\/uploads\\\/2018\\\/08\\\/lozadiegomarcha2018-122.jpg\",\"articleSection\":[\"A - ES NOTICIA (van abajo)\",\"SOCIEDAD\"],\"inLanguage\":\"es\"},{\"@type\":\"WebPage\",\"@id\":\"https:\\\/\\\/diariotextual.com\\\/inicio\\\/index.php\\\/2023\\\/07\\\/30\\\/lo-torturaron-lo-mataron-y-le-usaron-el-departamento-ahora-condenaron-a-otro-autor-del-crimen-a-diego-loza\\\/\",\"url\":\"https:\\\/\\\/diariotextual.com\\\/inicio\\\/index.php\\\/2023\\\/07\\\/30\\\/lo-torturaron-lo-mataron-y-le-usaron-el-departamento-ahora-condenaron-a-otro-autor-del-crimen-a-diego-loza\\\/\",\"name\":\"Lo torturaron, lo mataron y le usaron el departamento: ahora condenaron a otro autor del crimen a Diego Loza - Diario Textual\",\"isPartOf\":{\"@id\":\"https:\\\/\\\/diariotextual.com\\\/inicio\\\/#website\"},\"primaryImageOfPage\":{\"@id\":\"https:\\\/\\\/diariotextual.com\\\/inicio\\\/index.php\\\/2023\\\/07\\\/30\\\/lo-torturaron-lo-mataron-y-le-usaron-el-departamento-ahora-condenaron-a-otro-autor-del-crimen-a-diego-loza\\\/#primaryimage\"},\"image\":{\"@id\":\"https:\\\/\\\/diariotextual.com\\\/inicio\\\/index.php\\\/2023\\\/07\\\/30\\\/lo-torturaron-lo-mataron-y-le-usaron-el-departamento-ahora-condenaron-a-otro-autor-del-crimen-a-diego-loza\\\/#primaryimage\"},\"thumbnailUrl\":\"https:\\\/\\\/diariotextual.com\\\/inicio\\\/wp-content\\\/uploads\\\/2018\\\/08\\\/lozadiegomarcha2018-122.jpg\",\"datePublished\":\"2023-07-30T03:23:26+00:00\",\"dateModified\":\"2023-07-31T21:53:25+00:00\",\"breadcrumb\":{\"@id\":\"https:\\\/\\\/diariotextual.com\\\/inicio\\\/index.php\\\/2023\\\/07\\\/30\\\/lo-torturaron-lo-mataron-y-le-usaron-el-departamento-ahora-condenaron-a-otro-autor-del-crimen-a-diego-loza\\\/#breadcrumb\"},\"inLanguage\":\"es\",\"potentialAction\":[{\"@type\":\"ReadAction\",\"target\":[\"https:\\\/\\\/diariotextual.com\\\/inicio\\\/index.php\\\/2023\\\/07\\\/30\\\/lo-torturaron-lo-mataron-y-le-usaron-el-departamento-ahora-condenaron-a-otro-autor-del-crimen-a-diego-loza\\\/\"]}]},{\"@type\":\"ImageObject\",\"inLanguage\":\"es\",\"@id\":\"https:\\\/\\\/diariotextual.com\\\/inicio\\\/index.php\\\/2023\\\/07\\\/30\\\/lo-torturaron-lo-mataron-y-le-usaron-el-departamento-ahora-condenaron-a-otro-autor-del-crimen-a-diego-loza\\\/#primaryimage\",\"url\":\"https:\\\/\\\/diariotextual.com\\\/inicio\\\/wp-content\\\/uploads\\\/2018\\\/08\\\/lozadiegomarcha2018-122.jpg\",\"contentUrl\":\"https:\\\/\\\/diariotextual.com\\\/inicio\\\/wp-content\\\/uploads\\\/2018\\\/08\\\/lozadiegomarcha2018-122.jpg\",\"width\":1000,\"height\":697},{\"@type\":\"BreadcrumbList\",\"@id\":\"https:\\\/\\\/diariotextual.com\\\/inicio\\\/index.php\\\/2023\\\/07\\\/30\\\/lo-torturaron-lo-mataron-y-le-usaron-el-departamento-ahora-condenaron-a-otro-autor-del-crimen-a-diego-loza\\\/#breadcrumb\",\"itemListElement\":[{\"@type\":\"ListItem\",\"position\":1,\"name\":\"Portada\",\"item\":\"https:\\\/\\\/diariotextual.com\\\/inicio\\\/\"},{\"@type\":\"ListItem\",\"position\":2,\"name\":\"Lo torturaron, lo mataron y le usaron el departamento: ahora condenaron a otro autor del crimen a Diego Loza\"}]},{\"@type\":\"WebSite\",\"@id\":\"https:\\\/\\\/diariotextual.com\\\/inicio\\\/#website\",\"url\":\"https:\\\/\\\/diariotextual.com\\\/inicio\\\/\",\"name\":\"Diario Textual\",\"description\":\"\",\"publisher\":{\"@id\":\"https:\\\/\\\/diariotextual.com\\\/inicio\\\/#organization\"},\"potentialAction\":[{\"@type\":\"SearchAction\",\"target\":{\"@type\":\"EntryPoint\",\"urlTemplate\":\"https:\\\/\\\/diariotextual.com\\\/inicio\\\/?s={search_term_string}\"},\"query-input\":{\"@type\":\"PropertyValueSpecification\",\"valueRequired\":true,\"valueName\":\"search_term_string\"}}],\"inLanguage\":\"es\"},{\"@type\":\"Organization\",\"@id\":\"https:\\\/\\\/diariotextual.com\\\/inicio\\\/#organization\",\"name\":\"Diario Textual\",\"url\":\"https:\\\/\\\/diariotextual.com\\\/inicio\\\/\",\"logo\":{\"@type\":\"ImageObject\",\"inLanguage\":\"es\",\"@id\":\"https:\\\/\\\/diariotextual.com\\\/inicio\\\/#\\\/schema\\\/logo\\\/image\\\/\",\"url\":\"https:\\\/\\\/diariotextual.com\\\/inicio\\\/wp-content\\\/uploads\\\/2023\\\/05\\\/logotextual1.jpg\",\"contentUrl\":\"https:\\\/\\\/diariotextual.com\\\/inicio\\\/wp-content\\\/uploads\\\/2023\\\/05\\\/logotextual1.jpg\",\"width\":516,\"height\":76,\"caption\":\"Diario Textual\"},\"image\":{\"@id\":\"https:\\\/\\\/diariotextual.com\\\/inicio\\\/#\\\/schema\\\/logo\\\/image\\\/\"},\"sameAs\":[\"https:\\\/\\\/www.facebook.com\\\/eltextual\",\"https:\\\/\\\/x.com\\\/eltextual\",\"http:\\\/\\\/www.instagram.com\\\/eltextual\"]},{\"@type\":\"Person\",\"@id\":\"https:\\\/\\\/diariotextual.com\\\/inicio\\\/#\\\/schema\\\/person\\\/418fc4093c33e86ed41562db3508f958\",\"name\":\"Diario1 Diario1\",\"image\":{\"@type\":\"ImageObject\",\"inLanguage\":\"es\",\"@id\":\"https:\\\/\\\/secure.gravatar.com\\\/avatar\\\/9167d280179c85bc18be67aa7eda765854300033af4896dd779b608640f2ef7a?s=96&d=mm&r=g\",\"url\":\"https:\\\/\\\/secure.gravatar.com\\\/avatar\\\/9167d280179c85bc18be67aa7eda765854300033af4896dd779b608640f2ef7a?s=96&d=mm&r=g\",\"contentUrl\":\"https:\\\/\\\/secure.gravatar.com\\\/avatar\\\/9167d280179c85bc18be67aa7eda765854300033af4896dd779b608640f2ef7a?s=96&d=mm&r=g\",\"caption\":\"Diario1 Diario1\"},\"url\":\"https:\\\/\\\/diariotextual.com\\\/inicio\\\/index.php\\\/author\\\/diario1\\\/\"}]}<\/script>\n<!-- \/ Yoast SEO plugin. -->","yoast_head_json":{"title":"Lo torturaron, lo mataron y le usaron el departamento: ahora condenaron a otro autor del crimen a Diego Loza - Diario Textual","robots":{"index":"index","follow":"follow","max-snippet":"max-snippet:-1","max-image-preview":"max-image-preview:large","max-video-preview":"max-video-preview:-1"},"canonical":"https:\/\/diariotextual.com\/inicio\/index.php\/2023\/07\/30\/lo-torturaron-lo-mataron-y-le-usaron-el-departamento-ahora-condenaron-a-otro-autor-del-crimen-a-diego-loza\/","og_locale":"es_ES","og_type":"article","og_title":"Lo torturaron, lo mataron y le usaron el departamento: ahora condenaron a otro autor del crimen a Diego Loza - Diario Textual","og_description":"El juez Andr\u00e9s Zulaica, del Juzgado de la Familia y del Menor N\u00b0 2, conden\u00f3 en las \u00faltimas horas a Andr\u00e9s Carri\u00f3n Noya a 12 a\u00f1os de c\u00e1rcel por ser&hellip;","og_url":"https:\/\/diariotextual.com\/inicio\/index.php\/2023\/07\/30\/lo-torturaron-lo-mataron-y-le-usaron-el-departamento-ahora-condenaron-a-otro-autor-del-crimen-a-diego-loza\/","og_site_name":"Diario Textual","article_publisher":"https:\/\/www.facebook.com\/eltextual","article_published_time":"2023-07-30T03:23:26+00:00","article_modified_time":"2023-07-31T21:53:25+00:00","og_image":[{"width":1000,"height":697,"url":"https:\/\/diariotextual.com\/inicio\/wp-content\/uploads\/2018\/08\/lozadiegomarcha2018-122.jpg","type":"image\/jpeg"}],"author":"Diario1 Diario1","twitter_card":"summary_large_image","twitter_creator":"@eltextual","twitter_site":"@eltextual","twitter_misc":{"Escrito por":"Diario1 Diario1"},"schema":{"@context":"https:\/\/schema.org","@graph":[{"@type":"Article","@id":"https:\/\/diariotextual.com\/inicio\/index.php\/2023\/07\/30\/lo-torturaron-lo-mataron-y-le-usaron-el-departamento-ahora-condenaron-a-otro-autor-del-crimen-a-diego-loza\/#article","isPartOf":{"@id":"https:\/\/diariotextual.com\/inicio\/index.php\/2023\/07\/30\/lo-torturaron-lo-mataron-y-le-usaron-el-departamento-ahora-condenaron-a-otro-autor-del-crimen-a-diego-loza\/"},"author":{"name":"Diario1 Diario1","@id":"https:\/\/diariotextual.com\/inicio\/#\/schema\/person\/418fc4093c33e86ed41562db3508f958"},"headline":"Lo torturaron, lo mataron y le usaron el departamento: ahora condenaron a otro autor del crimen a Diego Loza","datePublished":"2023-07-30T03:23:26+00:00","dateModified":"2023-07-31T21:53:25+00:00","mainEntityOfPage":{"@id":"https:\/\/diariotextual.com\/inicio\/index.php\/2023\/07\/30\/lo-torturaron-lo-mataron-y-le-usaron-el-departamento-ahora-condenaron-a-otro-autor-del-crimen-a-diego-loza\/"},"wordCount":1420,"publisher":{"@id":"https:\/\/diariotextual.com\/inicio\/#organization"},"image":{"@id":"https:\/\/diariotextual.com\/inicio\/index.php\/2023\/07\/30\/lo-torturaron-lo-mataron-y-le-usaron-el-departamento-ahora-condenaron-a-otro-autor-del-crimen-a-diego-loza\/#primaryimage"},"thumbnailUrl":"https:\/\/diariotextual.com\/inicio\/wp-content\/uploads\/2018\/08\/lozadiegomarcha2018-122.jpg","articleSection":["A - ES NOTICIA (van abajo)","SOCIEDAD"],"inLanguage":"es"},{"@type":"WebPage","@id":"https:\/\/diariotextual.com\/inicio\/index.php\/2023\/07\/30\/lo-torturaron-lo-mataron-y-le-usaron-el-departamento-ahora-condenaron-a-otro-autor-del-crimen-a-diego-loza\/","url":"https:\/\/diariotextual.com\/inicio\/index.php\/2023\/07\/30\/lo-torturaron-lo-mataron-y-le-usaron-el-departamento-ahora-condenaron-a-otro-autor-del-crimen-a-diego-loza\/","name":"Lo torturaron, lo mataron y le usaron el departamento: ahora condenaron a otro autor del crimen a Diego Loza - Diario Textual","isPartOf":{"@id":"https:\/\/diariotextual.com\/inicio\/#website"},"primaryImageOfPage":{"@id":"https:\/\/diariotextual.com\/inicio\/index.php\/2023\/07\/30\/lo-torturaron-lo-mataron-y-le-usaron-el-departamento-ahora-condenaron-a-otro-autor-del-crimen-a-diego-loza\/#primaryimage"},"image":{"@id":"https:\/\/diariotextual.com\/inicio\/index.php\/2023\/07\/30\/lo-torturaron-lo-mataron-y-le-usaron-el-departamento-ahora-condenaron-a-otro-autor-del-crimen-a-diego-loza\/#primaryimage"},"thumbnailUrl":"https:\/\/diariotextual.com\/inicio\/wp-content\/uploads\/2018\/08\/lozadiegomarcha2018-122.jpg","datePublished":"2023-07-30T03:23:26+00:00","dateModified":"2023-07-31T21:53:25+00:00","breadcrumb":{"@id":"https:\/\/diariotextual.com\/inicio\/index.php\/2023\/07\/30\/lo-torturaron-lo-mataron-y-le-usaron-el-departamento-ahora-condenaron-a-otro-autor-del-crimen-a-diego-loza\/#breadcrumb"},"inLanguage":"es","potentialAction":[{"@type":"ReadAction","target":["https:\/\/diariotextual.com\/inicio\/index.php\/2023\/07\/30\/lo-torturaron-lo-mataron-y-le-usaron-el-departamento-ahora-condenaron-a-otro-autor-del-crimen-a-diego-loza\/"]}]},{"@type":"ImageObject","inLanguage":"es","@id":"https:\/\/diariotextual.com\/inicio\/index.php\/2023\/07\/30\/lo-torturaron-lo-mataron-y-le-usaron-el-departamento-ahora-condenaron-a-otro-autor-del-crimen-a-diego-loza\/#primaryimage","url":"https:\/\/diariotextual.com\/inicio\/wp-content\/uploads\/2018\/08\/lozadiegomarcha2018-122.jpg","contentUrl":"https:\/\/diariotextual.com\/inicio\/wp-content\/uploads\/2018\/08\/lozadiegomarcha2018-122.jpg","width":1000,"height":697},{"@type":"BreadcrumbList","@id":"https:\/\/diariotextual.com\/inicio\/index.php\/2023\/07\/30\/lo-torturaron-lo-mataron-y-le-usaron-el-departamento-ahora-condenaron-a-otro-autor-del-crimen-a-diego-loza\/#breadcrumb","itemListElement":[{"@type":"ListItem","position":1,"name":"Portada","item":"https:\/\/diariotextual.com\/inicio\/"},{"@type":"ListItem","position":2,"name":"Lo torturaron, lo mataron y le usaron el departamento: ahora condenaron a otro autor del crimen a Diego Loza"}]},{"@type":"WebSite","@id":"https:\/\/diariotextual.com\/inicio\/#website","url":"https:\/\/diariotextual.com\/inicio\/","name":"Diario Textual","description":"","publisher":{"@id":"https:\/\/diariotextual.com\/inicio\/#organization"},"potentialAction":[{"@type":"SearchAction","target":{"@type":"EntryPoint","urlTemplate":"https:\/\/diariotextual.com\/inicio\/?s={search_term_string}"},"query-input":{"@type":"PropertyValueSpecification","valueRequired":true,"valueName":"search_term_string"}}],"inLanguage":"es"},{"@type":"Organization","@id":"https:\/\/diariotextual.com\/inicio\/#organization","name":"Diario Textual","url":"https:\/\/diariotextual.com\/inicio\/","logo":{"@type":"ImageObject","inLanguage":"es","@id":"https:\/\/diariotextual.com\/inicio\/#\/schema\/logo\/image\/","url":"https:\/\/diariotextual.com\/inicio\/wp-content\/uploads\/2023\/05\/logotextual1.jpg","contentUrl":"https:\/\/diariotextual.com\/inicio\/wp-content\/uploads\/2023\/05\/logotextual1.jpg","width":516,"height":76,"caption":"Diario Textual"},"image":{"@id":"https:\/\/diariotextual.com\/inicio\/#\/schema\/logo\/image\/"},"sameAs":["https:\/\/www.facebook.com\/eltextual","https:\/\/x.com\/eltextual","http:\/\/www.instagram.com\/eltextual"]},{"@type":"Person","@id":"https:\/\/diariotextual.com\/inicio\/#\/schema\/person\/418fc4093c33e86ed41562db3508f958","name":"Diario1 Diario1","image":{"@type":"ImageObject","inLanguage":"es","@id":"https:\/\/secure.gravatar.com\/avatar\/9167d280179c85bc18be67aa7eda765854300033af4896dd779b608640f2ef7a?s=96&d=mm&r=g","url":"https:\/\/secure.gravatar.com\/avatar\/9167d280179c85bc18be67aa7eda765854300033af4896dd779b608640f2ef7a?s=96&d=mm&r=g","contentUrl":"https:\/\/secure.gravatar.com\/avatar\/9167d280179c85bc18be67aa7eda765854300033af4896dd779b608640f2ef7a?s=96&d=mm&r=g","caption":"Diario1 Diario1"},"url":"https:\/\/diariotextual.com\/inicio\/index.php\/author\/diario1\/"}]}},"_links":{"self":[{"href":"https:\/\/diariotextual.com\/inicio\/index.php\/wp-json\/wp\/v2\/posts\/232351","targetHints":{"allow":["GET"]}}],"collection":[{"href":"https:\/\/diariotextual.com\/inicio\/index.php\/wp-json\/wp\/v2\/posts"}],"about":[{"href":"https:\/\/diariotextual.com\/inicio\/index.php\/wp-json\/wp\/v2\/types\/post"}],"author":[{"embeddable":true,"href":"https:\/\/diariotextual.com\/inicio\/index.php\/wp-json\/wp\/v2\/users\/3"}],"replies":[{"embeddable":true,"href":"https:\/\/diariotextual.com\/inicio\/index.php\/wp-json\/wp\/v2\/comments?post=232351"}],"version-history":[{"count":5,"href":"https:\/\/diariotextual.com\/inicio\/index.php\/wp-json\/wp\/v2\/posts\/232351\/revisions"}],"predecessor-version":[{"id":232394,"href":"https:\/\/diariotextual.com\/inicio\/index.php\/wp-json\/wp\/v2\/posts\/232351\/revisions\/232394"}],"wp:featuredmedia":[{"embeddable":true,"href":"https:\/\/diariotextual.com\/inicio\/index.php\/wp-json\/wp\/v2\/media\/18694"}],"wp:attachment":[{"href":"https:\/\/diariotextual.com\/inicio\/index.php\/wp-json\/wp\/v2\/media?parent=232351"}],"wp:term":[{"taxonomy":"category","embeddable":true,"href":"https:\/\/diariotextual.com\/inicio\/index.php\/wp-json\/wp\/v2\/categories?post=232351"},{"taxonomy":"post_tag","embeddable":true,"href":"https:\/\/diariotextual.com\/inicio\/index.php\/wp-json\/wp\/v2\/tags?post=232351"}],"curies":[{"name":"wp","href":"https:\/\/api.w.org\/{rel}","templated":true}]}}