{"id":232355,"date":"2023-07-29T18:56:28","date_gmt":"2023-07-29T21:56:28","guid":{"rendered":"https:\/\/diariotextual.com\/inicio\/?p=232355"},"modified":"2023-07-30T00:24:40","modified_gmt":"2023-07-30T03:24:40","slug":"inauguraron-la-rural-de-palermo-pedido-de-fin-de-las-retenciones-y-criticas-a-las-medidas-populistas","status":"publish","type":"post","link":"https:\/\/diariotextual.com\/inicio\/index.php\/2023\/07\/29\/inauguraron-la-rural-de-palermo-pedido-de-fin-de-las-retenciones-y-criticas-a-las-medidas-populistas\/","title":{"rendered":"Inauguraron La Rural de Palermo: pedido de fin de las retenciones y cr\u00edticas a las \u201cmedidas populistas\u201d"},"content":{"rendered":"\n<p class=\"wp-block-paragraph\">El presidente de la Sociedad Rural Argentina (SRA), Nicol\u00e1s Pino, inaugur\u00f3 hoy la&nbsp;135\u00aa Exposici\u00f3n de la Rural de Palermo con un discurso impregnado por&nbsp;<strong>frases en clave electora<\/strong>l, una&nbsp;<strong>fuerte defensa de las instituciones<\/strong>&nbsp;democr\u00e1ticas y un nuevo&nbsp;<strong>rechazo al d\u00f3lar agro<\/strong>, implementado por el Gobierno nacional esta semana.&nbsp;<\/p>\n\n\n\n<p class=\"wp-block-paragraph\">Pasadas las 11 horas y tras la entonaci\u00f3n del Himno Nacional, el titular de la entidad insignia del sector agropecuario comenz\u00f3 con la lectura del texto que dur\u00f3 40 minutos.&nbsp;Entre los puntos centrales, apunt\u00f3 contra el Ministerio de Econom\u00eda al afirmar que las medidas que toman son por \u201c\u00bb<strong>necesidad del Gobierno y no en beneficio del sector\u201d agropecuario<\/strong>.&nbsp;<\/p>\n\n\n\n<p class=\"wp-block-paragraph\">En esa l\u00ednea, Pino pidi\u00f3 mayor previsibilidad. \u201c<strong>Estamos cansados de anuncios que nunca llegan a los productores<\/strong>.&nbsp;(El campo) aport\u00f3 en derechos de exportaci\u00f3n 170.000 millones de d\u00f3lares en los \u00faltimos 21 a\u00f1os y la respuesta del Estado es el ataque a la productividad con m\u00faltiples tipos de cambio\u201d, dijo.<\/p>\n\n\n\n<p class=\"wp-block-paragraph\">En el transcurso de su discurso, se refiri\u00f3 a las retenciones y recibi\u00f3 un grito desde la tribuna. \u201cDesde el momento en el que se instalaron las llamadas retenciones, m\u00e1s de 100 mil productores han tenido que abandonar la actividad\u201d, esboz\u00f3 el mandatario de la SRA y desde la tribuna gritaron: \u201c<strong>\u00a1Que las saquen!<\/strong>\u201d. \u201cBuen mensaje\u201d, replic\u00f3.&nbsp;<\/p>\n\n\n\n<p class=\"wp-block-paragraph\">Otro de los momentos en los que logr\u00f3 alzar al p\u00fablico fue cuando realiz\u00f3 un balance de la situaci\u00f3n social de la Argentina. \u201c<strong>Lo \u00fanico que se multiplic\u00f3 en la Argentina es la pobreza<\/strong>: los beneficiarios de planes sociales pasaron de 100.000 en 1999 a 14 millones en 2022; se multiplicaron 140 veces\u00bb\u201d, dijo.<\/p>\n\n\n\n<p class=\"wp-block-paragraph\">Adem\u00e1s, el referente del agro calific\u00f3 al oficialismo como financista de una \u201c<strong>fiesta demag\u00f3gica<\/strong>\u201d en el pa\u00eds. \u201cMientras tanto, el dinero de los impuestos se invierte en medidas populistas, y en pagar una enorme fiesta demag\u00f3gica, que destruye la cultura del trabajo\u201d, sostuvo.<\/p>\n\n\n\n<p class=\"wp-block-paragraph\">En otro tramo, Pino se quej\u00f3 del Poder Legislativo y realiz\u00f3 una fuerte defensa contra la Corte Suprema de Justicia de la Naci\u00f3n. \u201cEstamos en julio y&nbsp;<strong>las sesiones de los legisladores pueden contarse con los dedos de la mano<\/strong>. Dejan a nuestro sector sin leyes y fuerzan sesiones sin sentido con el \u00fanico fin de manipular al Poder Judicial\u201d, dijo.<\/p>\n\n\n\n<p class=\"wp-block-paragraph\">Al respecto, aprovech\u00f3 el momento y lanz\u00f3 una advertencia para los precandidatos presentes. \u201cHacemos un llamado de atenci\u00f3n, especialmente, a las personas que ambicionan ocupar cargos p\u00fablicos. El campo no va a ser un espectador pasivo. El campo va a ser protagonista de la realidad nacional, de una nueva Argentina\u201d, dijo.<\/p>\n\n\n\n<p class=\"wp-block-paragraph\">Para finalizar su exposici\u00f3n, Pino invit\u00f3 a alzar banderas argentinas, que previamente hab\u00edan sido distribuidas en las tribunas y el palco principal, y recit\u00f3 el pre\u00e1mbulo de la Constituci\u00f3n nacional.<\/p>\n\n\n\n<p class=\"wp-block-paragraph\">A solo 15 d\u00edas de la Primarias, Abiertas, Simult\u00e1neas y Obligatorias (PASO), la elecci\u00f3n interna de Juntos por el Cambio (JxC) volvi\u00f3 a colarse en La Rural 2023, tras la presentaci\u00f3n de propuestas que realizaron los precandidatos presidenciales el lunes pasado, en el auditorio principal, organizada por la SRA.&nbsp;<\/p>\n\n\n\n<p class=\"wp-block-paragraph\">El jefe de Gobierno porte\u00f1o,<strong>&nbsp;Horacio Rodr\u00edguez Larreta, y Patricia Bullrich<\/strong>, rivales en los comicios del pr\u00f3ximo 13 de agosto, asistieron a la ceremonia de apertura y escucharon atentamente las palabras de Nicol\u00e1s Pino.&nbsp;<\/p>\n\n\n\n<p class=\"wp-block-paragraph\">La primera en llegar al palco de autoridades fue Bullrich. Enfocada por las c\u00e1maras de la transmisi\u00f3n oficial de La Rural, la ex ministra de Seguridad del ex presidente&nbsp;<strong>Mauricio Macri<\/strong>&nbsp;fue ovacionada por el p\u00fablico, algo similar a lo que sucedi\u00f3 en su disertaci\u00f3n del lunes.&nbsp;<\/p>\n\n\n\n<p class=\"wp-block-paragraph\">Por su parte, Rodr\u00edguez Larreta arrib\u00f3 al lugar tambi\u00e9n entre aplausos, pero mesurados. Sin embargo, el mandatario de la Ciudad&nbsp;<strong>se llev\u00f3 tres referencias de Pino durante su discurso<\/strong>, la \u00faltima incluy\u00f3 un estrechamiento de manos, mientras Bullrich observaba a unas diez sillas del atril central.&nbsp;<\/p>\n\n\n\n<p class=\"wp-block-paragraph\">El presidencialista estuvo acompa\u00f1ado por el jefe de Gabinete del Gobierno de la Ciudad,&nbsp;<strong>Felipe Miguel,<\/strong>&nbsp;mientras que Bullrich lo hizo junto a su compa\u00f1ero f\u00f3rmula, el radical mendocino&nbsp;<strong>Luis Petr<\/strong>i.<\/p>\n\n\n\n<p class=\"wp-block-paragraph\">La primera fila tambi\u00e9n acu\u00f1\u00f3 a<strong>&nbsp;Jorge Macri<\/strong>, que antes del inicio de la ceremonia se fundi\u00f3 en un abrazo con el flamante refuerzo del PRO&nbsp;<strong>Roberto Garc\u00eda Morit\u00e1n<\/strong>, que lleg\u00f3 junto a su esposa, Carolina \u00abPampita\u00bb Ardohain. El empresario declin\u00f3 ayer su precandidato a la Jefatura de Gobierno para sumarse a la campa\u00f1a del ex intendente de Vicente L\u00f3pez.&nbsp;<\/p>\n","protected":false},"excerpt":{"rendered":"<p>El presidente de la Sociedad Rural Argentina (SRA), Nicol\u00e1s Pino, inaugur\u00f3 hoy la&nbsp;135\u00aa Exposici\u00f3n de la Rural de Palermo con un discurso impregnado por&nbsp;frases en clave electoral, una&nbsp;fuerte defensa de&hellip;<\/p>\n","protected":false},"author":3,"featured_media":232357,"comment_status":"closed","ping_status":"open","sticky":false,"template":"","format":"standard","meta":{"_acf_changed":false,"footnotes":""},"categories":[1,20],"tags":[],"class_list":["post-232355","post","type-post","status-publish","format-standard","has-post-thumbnail","hentry","category-es-noticia","category-campo"],"acf":[],"yoast_head":"<!-- This site is optimized with the Yoast SEO plugin v28.4 - https:\/\/yoast.com\/product\/yoast-seo-wordpress\/ -->\n<title>Inauguraron La Rural de Palermo: pedido de fin de las retenciones y cr\u00edticas a las \u201cmedidas populistas\u201d - Diario Textual<\/title>\n<meta name=\"robots\" content=\"index, follow, max-snippet:-1, max-image-preview:large, max-video-preview:-1\" \/>\n<link rel=\"canonical\" href=\"https:\/\/diariotextual.com\/inicio\/index.php\/2023\/07\/29\/inauguraron-la-rural-de-palermo-pedido-de-fin-de-las-retenciones-y-criticas-a-las-medidas-populistas\/\" \/>\n<meta property=\"og:locale\" content=\"es_ES\" \/>\n<meta property=\"og:type\" content=\"article\" \/>\n<meta property=\"og:title\" content=\"Inauguraron La Rural de Palermo: pedido de fin de las retenciones y cr\u00edticas a las \u201cmedidas populistas\u201d - Diario Textual\" \/>\n<meta property=\"og:description\" content=\"El presidente de la Sociedad Rural Argentina (SRA), Nicol\u00e1s Pino, inaugur\u00f3 hoy la&nbsp;135\u00aa Exposici\u00f3n de la Rural de Palermo con un discurso impregnado por&nbsp;frases en clave electoral, una&nbsp;fuerte defensa de&hellip;\" \/>\n<meta property=\"og:url\" content=\"https:\/\/diariotextual.com\/inicio\/index.php\/2023\/07\/29\/inauguraron-la-rural-de-palermo-pedido-de-fin-de-las-retenciones-y-criticas-a-las-medidas-populistas\/\" \/>\n<meta property=\"og:site_name\" content=\"Diario Textual\" \/>\n<meta property=\"article:publisher\" content=\"https:\/\/www.facebook.com\/eltextual\" \/>\n<meta property=\"article:published_time\" content=\"2023-07-29T21:56:28+00:00\" \/>\n<meta property=\"article:modified_time\" content=\"2023-07-30T03:24:40+00:00\" \/>\n<meta property=\"og:image\" content=\"https:\/\/diariotextual.com\/inicio\/wp-content\/uploads\/2023\/07\/pinonicolassociedadruralhoraciorodriguezlarreta2023-1.jpg\" \/>\n\t<meta property=\"og:image:width\" content=\"1600\" \/>\n\t<meta property=\"og:image:height\" content=\"1066\" \/>\n\t<meta property=\"og:image:type\" content=\"image\/jpeg\" \/>\n<meta name=\"author\" content=\"Diario1 Diario1\" \/>\n<meta name=\"twitter:card\" content=\"summary_large_image\" \/>\n<meta name=\"twitter:creator\" content=\"@eltextual\" \/>\n<meta name=\"twitter:site\" content=\"@eltextual\" \/>\n<meta name=\"twitter:label1\" content=\"Escrito por\" \/>\n\t<meta name=\"twitter:data1\" content=\"Diario1 Diario1\" \/>\n\t<meta name=\"twitter:label2\" content=\"Tiempo de lectura\" \/>\n\t<meta name=\"twitter:data2\" content=\"4 minutos\" \/>\n<script type=\"application\/ld+json\" class=\"yoast-schema-graph\">{\"@context\":\"https:\\\/\\\/schema.org\",\"@graph\":[{\"@type\":\"Article\",\"@id\":\"https:\\\/\\\/diariotextual.com\\\/inicio\\\/index.php\\\/2023\\\/07\\\/29\\\/inauguraron-la-rural-de-palermo-pedido-de-fin-de-las-retenciones-y-criticas-a-las-medidas-populistas\\\/#article\",\"isPartOf\":{\"@id\":\"https:\\\/\\\/diariotextual.com\\\/inicio\\\/index.php\\\/2023\\\/07\\\/29\\\/inauguraron-la-rural-de-palermo-pedido-de-fin-de-las-retenciones-y-criticas-a-las-medidas-populistas\\\/\"},\"author\":{\"name\":\"Diario1 Diario1\",\"@id\":\"https:\\\/\\\/diariotextual.com\\\/inicio\\\/#\\\/schema\\\/person\\\/418fc4093c33e86ed41562db3508f958\"},\"headline\":\"Inauguraron La Rural de Palermo: pedido de fin de las retenciones y cr\u00edticas a las \u201cmedidas populistas\u201d\",\"datePublished\":\"2023-07-29T21:56:28+00:00\",\"dateModified\":\"2023-07-30T03:24:40+00:00\",\"mainEntityOfPage\":{\"@id\":\"https:\\\/\\\/diariotextual.com\\\/inicio\\\/index.php\\\/2023\\\/07\\\/29\\\/inauguraron-la-rural-de-palermo-pedido-de-fin-de-las-retenciones-y-criticas-a-las-medidas-populistas\\\/\"},\"wordCount\":798,\"publisher\":{\"@id\":\"https:\\\/\\\/diariotextual.com\\\/inicio\\\/#organization\"},\"image\":{\"@id\":\"https:\\\/\\\/diariotextual.com\\\/inicio\\\/index.php\\\/2023\\\/07\\\/29\\\/inauguraron-la-rural-de-palermo-pedido-de-fin-de-las-retenciones-y-criticas-a-las-medidas-populistas\\\/#primaryimage\"},\"thumbnailUrl\":\"https:\\\/\\\/diariotextual.com\\\/inicio\\\/wp-content\\\/uploads\\\/2023\\\/07\\\/pinonicolassociedadruralhoraciorodriguezlarreta2023-1.jpg\",\"articleSection\":[\"A - ES NOTICIA (van abajo)\",\"CAMPO\"],\"inLanguage\":\"es\"},{\"@type\":\"WebPage\",\"@id\":\"https:\\\/\\\/diariotextual.com\\\/inicio\\\/index.php\\\/2023\\\/07\\\/29\\\/inauguraron-la-rural-de-palermo-pedido-de-fin-de-las-retenciones-y-criticas-a-las-medidas-populistas\\\/\",\"url\":\"https:\\\/\\\/diariotextual.com\\\/inicio\\\/index.php\\\/2023\\\/07\\\/29\\\/inauguraron-la-rural-de-palermo-pedido-de-fin-de-las-retenciones-y-criticas-a-las-medidas-populistas\\\/\",\"name\":\"Inauguraron La Rural de Palermo: pedido de fin de las retenciones y cr\u00edticas a las \u201cmedidas populistas\u201d - Diario Textual\",\"isPartOf\":{\"@id\":\"https:\\\/\\\/diariotextual.com\\\/inicio\\\/#website\"},\"primaryImageOfPage\":{\"@id\":\"https:\\\/\\\/diariotextual.com\\\/inicio\\\/index.php\\\/2023\\\/07\\\/29\\\/inauguraron-la-rural-de-palermo-pedido-de-fin-de-las-retenciones-y-criticas-a-las-medidas-populistas\\\/#primaryimage\"},\"image\":{\"@id\":\"https:\\\/\\\/diariotextual.com\\\/inicio\\\/index.php\\\/2023\\\/07\\\/29\\\/inauguraron-la-rural-de-palermo-pedido-de-fin-de-las-retenciones-y-criticas-a-las-medidas-populistas\\\/#primaryimage\"},\"thumbnailUrl\":\"https:\\\/\\\/diariotextual.com\\\/inicio\\\/wp-content\\\/uploads\\\/2023\\\/07\\\/pinonicolassociedadruralhoraciorodriguezlarreta2023-1.jpg\",\"datePublished\":\"2023-07-29T21:56:28+00:00\",\"dateModified\":\"2023-07-30T03:24:40+00:00\",\"breadcrumb\":{\"@id\":\"https:\\\/\\\/diariotextual.com\\\/inicio\\\/index.php\\\/2023\\\/07\\\/29\\\/inauguraron-la-rural-de-palermo-pedido-de-fin-de-las-retenciones-y-criticas-a-las-medidas-populistas\\\/#breadcrumb\"},\"inLanguage\":\"es\",\"potentialAction\":[{\"@type\":\"ReadAction\",\"target\":[\"https:\\\/\\\/diariotextual.com\\\/inicio\\\/index.php\\\/2023\\\/07\\\/29\\\/inauguraron-la-rural-de-palermo-pedido-de-fin-de-las-retenciones-y-criticas-a-las-medidas-populistas\\\/\"]}]},{\"@type\":\"ImageObject\",\"inLanguage\":\"es\",\"@id\":\"https:\\\/\\\/diariotextual.com\\\/inicio\\\/index.php\\\/2023\\\/07\\\/29\\\/inauguraron-la-rural-de-palermo-pedido-de-fin-de-las-retenciones-y-criticas-a-las-medidas-populistas\\\/#primaryimage\",\"url\":\"https:\\\/\\\/diariotextual.com\\\/inicio\\\/wp-content\\\/uploads\\\/2023\\\/07\\\/pinonicolassociedadruralhoraciorodriguezlarreta2023-1.jpg\",\"contentUrl\":\"https:\\\/\\\/diariotextual.com\\\/inicio\\\/wp-content\\\/uploads\\\/2023\\\/07\\\/pinonicolassociedadruralhoraciorodriguezlarreta2023-1.jpg\",\"width\":1600,\"height\":1066},{\"@type\":\"BreadcrumbList\",\"@id\":\"https:\\\/\\\/diariotextual.com\\\/inicio\\\/index.php\\\/2023\\\/07\\\/29\\\/inauguraron-la-rural-de-palermo-pedido-de-fin-de-las-retenciones-y-criticas-a-las-medidas-populistas\\\/#breadcrumb\",\"itemListElement\":[{\"@type\":\"ListItem\",\"position\":1,\"name\":\"Portada\",\"item\":\"https:\\\/\\\/diariotextual.com\\\/inicio\\\/\"},{\"@type\":\"ListItem\",\"position\":2,\"name\":\"Inauguraron La Rural de Palermo: pedido de fin de las retenciones y cr\u00edticas a las \u201cmedidas populistas\u201d\"}]},{\"@type\":\"WebSite\",\"@id\":\"https:\\\/\\\/diariotextual.com\\\/inicio\\\/#website\",\"url\":\"https:\\\/\\\/diariotextual.com\\\/inicio\\\/\",\"name\":\"Diario Textual\",\"description\":\"\",\"publisher\":{\"@id\":\"https:\\\/\\\/diariotextual.com\\\/inicio\\\/#organization\"},\"potentialAction\":[{\"@type\":\"SearchAction\",\"target\":{\"@type\":\"EntryPoint\",\"urlTemplate\":\"https:\\\/\\\/diariotextual.com\\\/inicio\\\/?s={search_term_string}\"},\"query-input\":{\"@type\":\"PropertyValueSpecification\",\"valueRequired\":true,\"valueName\":\"search_term_string\"}}],\"inLanguage\":\"es\"},{\"@type\":\"Organization\",\"@id\":\"https:\\\/\\\/diariotextual.com\\\/inicio\\\/#organization\",\"name\":\"Diario Textual\",\"url\":\"https:\\\/\\\/diariotextual.com\\\/inicio\\\/\",\"logo\":{\"@type\":\"ImageObject\",\"inLanguage\":\"es\",\"@id\":\"https:\\\/\\\/diariotextual.com\\\/inicio\\\/#\\\/schema\\\/logo\\\/image\\\/\",\"url\":\"https:\\\/\\\/diariotextual.com\\\/inicio\\\/wp-content\\\/uploads\\\/2023\\\/05\\\/logotextual1.jpg\",\"contentUrl\":\"https:\\\/\\\/diariotextual.com\\\/inicio\\\/wp-content\\\/uploads\\\/2023\\\/05\\\/logotextual1.jpg\",\"width\":516,\"height\":76,\"caption\":\"Diario Textual\"},\"image\":{\"@id\":\"https:\\\/\\\/diariotextual.com\\\/inicio\\\/#\\\/schema\\\/logo\\\/image\\\/\"},\"sameAs\":[\"https:\\\/\\\/www.facebook.com\\\/eltextual\",\"https:\\\/\\\/x.com\\\/eltextual\",\"http:\\\/\\\/www.instagram.com\\\/eltextual\"]},{\"@type\":\"Person\",\"@id\":\"https:\\\/\\\/diariotextual.com\\\/inicio\\\/#\\\/schema\\\/person\\\/418fc4093c33e86ed41562db3508f958\",\"name\":\"Diario1 Diario1\",\"image\":{\"@type\":\"ImageObject\",\"inLanguage\":\"es\",\"@id\":\"https:\\\/\\\/secure.gravatar.com\\\/avatar\\\/9167d280179c85bc18be67aa7eda765854300033af4896dd779b608640f2ef7a?s=96&d=mm&r=g\",\"url\":\"https:\\\/\\\/secure.gravatar.com\\\/avatar\\\/9167d280179c85bc18be67aa7eda765854300033af4896dd779b608640f2ef7a?s=96&d=mm&r=g\",\"contentUrl\":\"https:\\\/\\\/secure.gravatar.com\\\/avatar\\\/9167d280179c85bc18be67aa7eda765854300033af4896dd779b608640f2ef7a?s=96&d=mm&r=g\",\"caption\":\"Diario1 Diario1\"},\"url\":\"https:\\\/\\\/diariotextual.com\\\/inicio\\\/index.php\\\/author\\\/diario1\\\/\"}]}<\/script>\n<!-- \/ Yoast SEO plugin. -->","yoast_head_json":{"title":"Inauguraron La Rural de Palermo: pedido de fin de las retenciones y cr\u00edticas a las \u201cmedidas populistas\u201d - Diario Textual","robots":{"index":"index","follow":"follow","max-snippet":"max-snippet:-1","max-image-preview":"max-image-preview:large","max-video-preview":"max-video-preview:-1"},"canonical":"https:\/\/diariotextual.com\/inicio\/index.php\/2023\/07\/29\/inauguraron-la-rural-de-palermo-pedido-de-fin-de-las-retenciones-y-criticas-a-las-medidas-populistas\/","og_locale":"es_ES","og_type":"article","og_title":"Inauguraron La Rural de Palermo: pedido de fin de las retenciones y cr\u00edticas a las \u201cmedidas populistas\u201d - Diario Textual","og_description":"El presidente de la Sociedad Rural Argentina (SRA), Nicol\u00e1s Pino, inaugur\u00f3 hoy la&nbsp;135\u00aa Exposici\u00f3n de la Rural de Palermo con un discurso impregnado por&nbsp;frases en clave electoral, una&nbsp;fuerte defensa de&hellip;","og_url":"https:\/\/diariotextual.com\/inicio\/index.php\/2023\/07\/29\/inauguraron-la-rural-de-palermo-pedido-de-fin-de-las-retenciones-y-criticas-a-las-medidas-populistas\/","og_site_name":"Diario Textual","article_publisher":"https:\/\/www.facebook.com\/eltextual","article_published_time":"2023-07-29T21:56:28+00:00","article_modified_time":"2023-07-30T03:24:40+00:00","og_image":[{"width":1600,"height":1066,"url":"https:\/\/diariotextual.com\/inicio\/wp-content\/uploads\/2023\/07\/pinonicolassociedadruralhoraciorodriguezlarreta2023-1.jpg","type":"image\/jpeg"}],"author":"Diario1 Diario1","twitter_card":"summary_large_image","twitter_creator":"@eltextual","twitter_site":"@eltextual","twitter_misc":{"Escrito por":"Diario1 Diario1","Tiempo de lectura":"4 minutos"},"schema":{"@context":"https:\/\/schema.org","@graph":[{"@type":"Article","@id":"https:\/\/diariotextual.com\/inicio\/index.php\/2023\/07\/29\/inauguraron-la-rural-de-palermo-pedido-de-fin-de-las-retenciones-y-criticas-a-las-medidas-populistas\/#article","isPartOf":{"@id":"https:\/\/diariotextual.com\/inicio\/index.php\/2023\/07\/29\/inauguraron-la-rural-de-palermo-pedido-de-fin-de-las-retenciones-y-criticas-a-las-medidas-populistas\/"},"author":{"name":"Diario1 Diario1","@id":"https:\/\/diariotextual.com\/inicio\/#\/schema\/person\/418fc4093c33e86ed41562db3508f958"},"headline":"Inauguraron La Rural de Palermo: pedido de fin de las retenciones y cr\u00edticas a las \u201cmedidas populistas\u201d","datePublished":"2023-07-29T21:56:28+00:00","dateModified":"2023-07-30T03:24:40+00:00","mainEntityOfPage":{"@id":"https:\/\/diariotextual.com\/inicio\/index.php\/2023\/07\/29\/inauguraron-la-rural-de-palermo-pedido-de-fin-de-las-retenciones-y-criticas-a-las-medidas-populistas\/"},"wordCount":798,"publisher":{"@id":"https:\/\/diariotextual.com\/inicio\/#organization"},"image":{"@id":"https:\/\/diariotextual.com\/inicio\/index.php\/2023\/07\/29\/inauguraron-la-rural-de-palermo-pedido-de-fin-de-las-retenciones-y-criticas-a-las-medidas-populistas\/#primaryimage"},"thumbnailUrl":"https:\/\/diariotextual.com\/inicio\/wp-content\/uploads\/2023\/07\/pinonicolassociedadruralhoraciorodriguezlarreta2023-1.jpg","articleSection":["A - ES NOTICIA (van abajo)","CAMPO"],"inLanguage":"es"},{"@type":"WebPage","@id":"https:\/\/diariotextual.com\/inicio\/index.php\/2023\/07\/29\/inauguraron-la-rural-de-palermo-pedido-de-fin-de-las-retenciones-y-criticas-a-las-medidas-populistas\/","url":"https:\/\/diariotextual.com\/inicio\/index.php\/2023\/07\/29\/inauguraron-la-rural-de-palermo-pedido-de-fin-de-las-retenciones-y-criticas-a-las-medidas-populistas\/","name":"Inauguraron La Rural de Palermo: pedido de fin de las retenciones y cr\u00edticas a las \u201cmedidas populistas\u201d - Diario Textual","isPartOf":{"@id":"https:\/\/diariotextual.com\/inicio\/#website"},"primaryImageOfPage":{"@id":"https:\/\/diariotextual.com\/inicio\/index.php\/2023\/07\/29\/inauguraron-la-rural-de-palermo-pedido-de-fin-de-las-retenciones-y-criticas-a-las-medidas-populistas\/#primaryimage"},"image":{"@id":"https:\/\/diariotextual.com\/inicio\/index.php\/2023\/07\/29\/inauguraron-la-rural-de-palermo-pedido-de-fin-de-las-retenciones-y-criticas-a-las-medidas-populistas\/#primaryimage"},"thumbnailUrl":"https:\/\/diariotextual.com\/inicio\/wp-content\/uploads\/2023\/07\/pinonicolassociedadruralhoraciorodriguezlarreta2023-1.jpg","datePublished":"2023-07-29T21:56:28+00:00","dateModified":"2023-07-30T03:24:40+00:00","breadcrumb":{"@id":"https:\/\/diariotextual.com\/inicio\/index.php\/2023\/07\/29\/inauguraron-la-rural-de-palermo-pedido-de-fin-de-las-retenciones-y-criticas-a-las-medidas-populistas\/#breadcrumb"},"inLanguage":"es","potentialAction":[{"@type":"ReadAction","target":["https:\/\/diariotextual.com\/inicio\/index.php\/2023\/07\/29\/inauguraron-la-rural-de-palermo-pedido-de-fin-de-las-retenciones-y-criticas-a-las-medidas-populistas\/"]}]},{"@type":"ImageObject","inLanguage":"es","@id":"https:\/\/diariotextual.com\/inicio\/index.php\/2023\/07\/29\/inauguraron-la-rural-de-palermo-pedido-de-fin-de-las-retenciones-y-criticas-a-las-medidas-populistas\/#primaryimage","url":"https:\/\/diariotextual.com\/inicio\/wp-content\/uploads\/2023\/07\/pinonicolassociedadruralhoraciorodriguezlarreta2023-1.jpg","contentUrl":"https:\/\/diariotextual.com\/inicio\/wp-content\/uploads\/2023\/07\/pinonicolassociedadruralhoraciorodriguezlarreta2023-1.jpg","width":1600,"height":1066},{"@type":"BreadcrumbList","@id":"https:\/\/diariotextual.com\/inicio\/index.php\/2023\/07\/29\/inauguraron-la-rural-de-palermo-pedido-de-fin-de-las-retenciones-y-criticas-a-las-medidas-populistas\/#breadcrumb","itemListElement":[{"@type":"ListItem","position":1,"name":"Portada","item":"https:\/\/diariotextual.com\/inicio\/"},{"@type":"ListItem","position":2,"name":"Inauguraron La Rural de Palermo: pedido de fin de las retenciones y cr\u00edticas a las \u201cmedidas populistas\u201d"}]},{"@type":"WebSite","@id":"https:\/\/diariotextual.com\/inicio\/#website","url":"https:\/\/diariotextual.com\/inicio\/","name":"Diario Textual","description":"","publisher":{"@id":"https:\/\/diariotextual.com\/inicio\/#organization"},"potentialAction":[{"@type":"SearchAction","target":{"@type":"EntryPoint","urlTemplate":"https:\/\/diariotextual.com\/inicio\/?s={search_term_string}"},"query-input":{"@type":"PropertyValueSpecification","valueRequired":true,"valueName":"search_term_string"}}],"inLanguage":"es"},{"@type":"Organization","@id":"https:\/\/diariotextual.com\/inicio\/#organization","name":"Diario Textual","url":"https:\/\/diariotextual.com\/inicio\/","logo":{"@type":"ImageObject","inLanguage":"es","@id":"https:\/\/diariotextual.com\/inicio\/#\/schema\/logo\/image\/","url":"https:\/\/diariotextual.com\/inicio\/wp-content\/uploads\/2023\/05\/logotextual1.jpg","contentUrl":"https:\/\/diariotextual.com\/inicio\/wp-content\/uploads\/2023\/05\/logotextual1.jpg","width":516,"height":76,"caption":"Diario Textual"},"image":{"@id":"https:\/\/diariotextual.com\/inicio\/#\/schema\/logo\/image\/"},"sameAs":["https:\/\/www.facebook.com\/eltextual","https:\/\/x.com\/eltextual","http:\/\/www.instagram.com\/eltextual"]},{"@type":"Person","@id":"https:\/\/diariotextual.com\/inicio\/#\/schema\/person\/418fc4093c33e86ed41562db3508f958","name":"Diario1 Diario1","image":{"@type":"ImageObject","inLanguage":"es","@id":"https:\/\/secure.gravatar.com\/avatar\/9167d280179c85bc18be67aa7eda765854300033af4896dd779b608640f2ef7a?s=96&d=mm&r=g","url":"https:\/\/secure.gravatar.com\/avatar\/9167d280179c85bc18be67aa7eda765854300033af4896dd779b608640f2ef7a?s=96&d=mm&r=g","contentUrl":"https:\/\/secure.gravatar.com\/avatar\/9167d280179c85bc18be67aa7eda765854300033af4896dd779b608640f2ef7a?s=96&d=mm&r=g","caption":"Diario1 Diario1"},"url":"https:\/\/diariotextual.com\/inicio\/index.php\/author\/diario1\/"}]}},"_links":{"self":[{"href":"https:\/\/diariotextual.com\/inicio\/index.php\/wp-json\/wp\/v2\/posts\/232355","targetHints":{"allow":["GET"]}}],"collection":[{"href":"https:\/\/diariotextual.com\/inicio\/index.php\/wp-json\/wp\/v2\/posts"}],"about":[{"href":"https:\/\/diariotextual.com\/inicio\/index.php\/wp-json\/wp\/v2\/types\/post"}],"author":[{"embeddable":true,"href":"https:\/\/diariotextual.com\/inicio\/index.php\/wp-json\/wp\/v2\/users\/3"}],"replies":[{"embeddable":true,"href":"https:\/\/diariotextual.com\/inicio\/index.php\/wp-json\/wp\/v2\/comments?post=232355"}],"version-history":[{"count":1,"href":"https:\/\/diariotextual.com\/inicio\/index.php\/wp-json\/wp\/v2\/posts\/232355\/revisions"}],"predecessor-version":[{"id":232356,"href":"https:\/\/diariotextual.com\/inicio\/index.php\/wp-json\/wp\/v2\/posts\/232355\/revisions\/232356"}],"wp:featuredmedia":[{"embeddable":true,"href":"https:\/\/diariotextual.com\/inicio\/index.php\/wp-json\/wp\/v2\/media\/232357"}],"wp:attachment":[{"href":"https:\/\/diariotextual.com\/inicio\/index.php\/wp-json\/wp\/v2\/media?parent=232355"}],"wp:term":[{"taxonomy":"category","embeddable":true,"href":"https:\/\/diariotextual.com\/inicio\/index.php\/wp-json\/wp\/v2\/categories?post=232355"},{"taxonomy":"post_tag","embeddable":true,"href":"https:\/\/diariotextual.com\/inicio\/index.php\/wp-json\/wp\/v2\/tags?post=232355"}],"curies":[{"name":"wp","href":"https:\/\/api.w.org\/{rel}","templated":true}]}}