{"id":232376,"date":"2023-07-29T21:29:45","date_gmt":"2023-07-30T00:29:45","guid":{"rendered":"https:\/\/diariotextual.com\/inicio\/?p=232376"},"modified":"2023-07-30T00:24:10","modified_gmt":"2023-07-30T03:24:10","slug":"el-pueblo-de-quemu-festejo-sus-115-anos","status":"publish","type":"post","link":"https:\/\/diariotextual.com\/inicio\/index.php\/2023\/07\/29\/el-pueblo-de-quemu-festejo-sus-115-anos\/","title":{"rendered":"El pueblo de Quem\u00fa festej\u00f3 sus 115 a\u00f1os"},"content":{"rendered":"\n<p>La comunidad de Quem\u00fa Quem\u00fa, con un multitudinario desfile civico militar, celebr\u00f3 los 115 a\u00f1os de su fundaci\u00f3n. El Gobierno de La Pampa se sum\u00f3 a la conmemoraci\u00f3n a trav\u00e9s de la Secretar\u00eda de Cultura.<\/p>\n\n\n\n<p>El desfile- luego del cual se hace una pe\u00f1a y baile- estuvo precedido por gran cantidad de actividades culturales, sociales y una misa de acci\u00f3n de gracias.<\/p>\n\n\n\n<p>El intendente Alfredo Fern\u00e1ndez estuvo acompa\u00f1ado por la secretaria de Cultura de La Pampa, Adriana Maggio; el intendente electo Francisco Tassone; entre autoridades provinciales, nacionales y policiales.<\/p>\n\n\n\n<p><\/p>\n\n\n\n<iframe src=\"https:\/\/www.facebook.com\/plugins\/post.php?href=https%3A%2F%2Fwww.facebook.com%2Fpermalink.php%3Fstory_fbid%3Dpfbid0tQdUneGLBaYQteKN5rBHfy37i1fmtjEJ7vVkdxE3nSPywSM73vCivabFAQsmupTCl%26id%3D100069103664430&#038;show_text=true&#038;width=500\" width=\"500\" height=\"715\" style=\"border:none;overflow:hidden\" scrolling=\"no\" frameborder=\"0\" allowfullscreen=\"true\" allow=\"autoplay; clipboard-write; encrypted-media; picture-in-picture; web-share\"><\/iframe>\n\n\n\n<p><\/p>\n\n\n\n<p>El intendente agradeci\u00f3 la presencia y el apoyo de los vecinos, de las instituciones, de las autoridades presentes y destac\u00f3 una serie de obras en marcha. \u201cEs importante el recambio del piso del gimnasio municipal, con PVC de alto impacto para la pr\u00e1ctica de las disciplinas deportivas, se est\u00e1n por abrir los sobres de licitaci\u00f3n de obra de bicisenda y dos playones multideportivos a cielo abierto, se realizaron 1.600 metros de cord\u00f3n cuneta todo con fondos propios, se est\u00e1n terminado 20 soluciones habitacionales del Programa Nacional Casa Propia y se est\u00e1n por licitar otras veinte viviendas y con la proyecci\u00f3n de cuatro cuadras de terreno comprado para construcci\u00f3n de otras m\u00e1s2, dijo.<\/p>\n\n\n\n<p>Por su parte, Maggio salud\u00f3 a los quemuenses en nombre del Gobierno y subray\u00f3 la tarea de las instituciones. \u201cLas capacidades sociales culturales de una comunidad inciden en el desarrollo humano y una comunidad que no construye su desarrollo humano, no crece. Ac\u00e1 est\u00e1n todos y todas presentes, lo estuvieron en la semana: con teatro, con muestras, con ceremonias religiosas y hoy en la Fiesta lo har\u00e1n en conjunto: el Club San Martin el club de pesca, el Centro Rinc\u00f3n Gaucho, as\u00ed se sostienen, unos con otros, las localidades\u201d, expres\u00f3.<\/p>\n\n\n\n<p>El colorido desfile abri\u00f3 con el ya casi legendario H\u00e9ctor Gambarini que, esta vez, no mont\u00f3 su caballo sino un antiguo &#8211; y en perfecto estado auto de colecci\u00f3n.<\/p>\n\n\n\n<figure class=\"wp-block-image size-large\"><img fetchpriority=\"high\" decoding=\"async\" width=\"1024\" height=\"624\" src=\"https:\/\/diariotextual.com\/inicio\/wp-content\/uploads\/2023\/07\/quemu115aniversario2023-9-1024x624.jpg\" alt=\"\" class=\"wp-image-232386\" srcset=\"https:\/\/diariotextual.com\/inicio\/wp-content\/uploads\/2023\/07\/quemu115aniversario2023-9-1024x624.jpg 1024w, https:\/\/diariotextual.com\/inicio\/wp-content\/uploads\/2023\/07\/quemu115aniversario2023-9-300x183.jpg 300w, https:\/\/diariotextual.com\/inicio\/wp-content\/uploads\/2023\/07\/quemu115aniversario2023-9-768x468.jpg 768w, https:\/\/diariotextual.com\/inicio\/wp-content\/uploads\/2023\/07\/quemu115aniversario2023-9-1170x713.jpg 1170w, https:\/\/diariotextual.com\/inicio\/wp-content\/uploads\/2023\/07\/quemu115aniversario2023-9-585x357.jpg 585w, https:\/\/diariotextual.com\/inicio\/wp-content\/uploads\/2023\/07\/quemu115aniversario2023-9.jpg 1358w\" sizes=\"(max-width: 1024px) 100vw, 1024px\" \/><\/figure>\n\n\n\n<figure class=\"wp-block-image size-large\"><img decoding=\"async\" width=\"1024\" height=\"604\" src=\"https:\/\/diariotextual.com\/inicio\/wp-content\/uploads\/2023\/07\/quemu115aniversario2023-8-1024x604.jpg\" alt=\"\" class=\"wp-image-232385\" srcset=\"https:\/\/diariotextual.com\/inicio\/wp-content\/uploads\/2023\/07\/quemu115aniversario2023-8-1024x604.jpg 1024w, https:\/\/diariotextual.com\/inicio\/wp-content\/uploads\/2023\/07\/quemu115aniversario2023-8-300x177.jpg 300w, https:\/\/diariotextual.com\/inicio\/wp-content\/uploads\/2023\/07\/quemu115aniversario2023-8-768x453.jpg 768w, https:\/\/diariotextual.com\/inicio\/wp-content\/uploads\/2023\/07\/quemu115aniversario2023-8-1170x690.jpg 1170w, https:\/\/diariotextual.com\/inicio\/wp-content\/uploads\/2023\/07\/quemu115aniversario2023-8-585x345.jpg 585w, https:\/\/diariotextual.com\/inicio\/wp-content\/uploads\/2023\/07\/quemu115aniversario2023-8.jpg 1330w\" sizes=\"(max-width: 1024px) 100vw, 1024px\" \/><\/figure>\n\n\n\n<figure class=\"wp-block-image size-large\"><img decoding=\"async\" width=\"1024\" height=\"652\" src=\"https:\/\/diariotextual.com\/inicio\/wp-content\/uploads\/2023\/07\/quemu115aniversario2023-7-1024x652.jpg\" alt=\"\" class=\"wp-image-232384\" srcset=\"https:\/\/diariotextual.com\/inicio\/wp-content\/uploads\/2023\/07\/quemu115aniversario2023-7-1024x652.jpg 1024w, https:\/\/diariotextual.com\/inicio\/wp-content\/uploads\/2023\/07\/quemu115aniversario2023-7-300x191.jpg 300w, https:\/\/diariotextual.com\/inicio\/wp-content\/uploads\/2023\/07\/quemu115aniversario2023-7-768x489.jpg 768w, https:\/\/diariotextual.com\/inicio\/wp-content\/uploads\/2023\/07\/quemu115aniversario2023-7-1170x745.jpg 1170w, https:\/\/diariotextual.com\/inicio\/wp-content\/uploads\/2023\/07\/quemu115aniversario2023-7-585x372.jpg 585w, https:\/\/diariotextual.com\/inicio\/wp-content\/uploads\/2023\/07\/quemu115aniversario2023-7.jpg 1296w\" sizes=\"(max-width: 1024px) 100vw, 1024px\" \/><\/figure>\n\n\n\n<figure class=\"wp-block-image size-large\"><img loading=\"lazy\" decoding=\"async\" width=\"1024\" height=\"654\" src=\"https:\/\/diariotextual.com\/inicio\/wp-content\/uploads\/2023\/07\/quemu115aniversario2023-5-1024x654.jpg\" alt=\"\" class=\"wp-image-232382\" srcset=\"https:\/\/diariotextual.com\/inicio\/wp-content\/uploads\/2023\/07\/quemu115aniversario2023-5-1024x654.jpg 1024w, https:\/\/diariotextual.com\/inicio\/wp-content\/uploads\/2023\/07\/quemu115aniversario2023-5-300x192.jpg 300w, https:\/\/diariotextual.com\/inicio\/wp-content\/uploads\/2023\/07\/quemu115aniversario2023-5-768x491.jpg 768w, https:\/\/diariotextual.com\/inicio\/wp-content\/uploads\/2023\/07\/quemu115aniversario2023-5-1170x748.jpg 1170w, https:\/\/diariotextual.com\/inicio\/wp-content\/uploads\/2023\/07\/quemu115aniversario2023-5-585x374.jpg 585w, https:\/\/diariotextual.com\/inicio\/wp-content\/uploads\/2023\/07\/quemu115aniversario2023-5.jpg 1288w\" sizes=\"(max-width: 1024px) 100vw, 1024px\" \/><\/figure>\n\n\n\n<p><\/p>\n\n\n\n<figure class=\"wp-block-image size-large\"><img loading=\"lazy\" decoding=\"async\" width=\"1024\" height=\"578\" src=\"https:\/\/diariotextual.com\/inicio\/wp-content\/uploads\/2023\/07\/quemu115aniversario2023-4-1024x578.jpg\" alt=\"\" class=\"wp-image-232381\" srcset=\"https:\/\/diariotextual.com\/inicio\/wp-content\/uploads\/2023\/07\/quemu115aniversario2023-4-1024x578.jpg 1024w, https:\/\/diariotextual.com\/inicio\/wp-content\/uploads\/2023\/07\/quemu115aniversario2023-4-300x169.jpg 300w, https:\/\/diariotextual.com\/inicio\/wp-content\/uploads\/2023\/07\/quemu115aniversario2023-4-768x433.jpg 768w, https:\/\/diariotextual.com\/inicio\/wp-content\/uploads\/2023\/07\/quemu115aniversario2023-4-1170x660.jpg 1170w, https:\/\/diariotextual.com\/inicio\/wp-content\/uploads\/2023\/07\/quemu115aniversario2023-4-585x330.jpg 585w, https:\/\/diariotextual.com\/inicio\/wp-content\/uploads\/2023\/07\/quemu115aniversario2023-4.jpg 1393w\" sizes=\"(max-width: 1024px) 100vw, 1024px\" \/><\/figure>\n\n\n\n<p><\/p>\n\n\n\n<figure class=\"wp-block-image size-large\"><img loading=\"lazy\" decoding=\"async\" width=\"1024\" height=\"573\" src=\"https:\/\/diariotextual.com\/inicio\/wp-content\/uploads\/2023\/07\/quemu115aniversario2023-1-1024x573.jpg\" alt=\"\" class=\"wp-image-232378\" srcset=\"https:\/\/diariotextual.com\/inicio\/wp-content\/uploads\/2023\/07\/quemu115aniversario2023-1-1024x573.jpg 1024w, https:\/\/diariotextual.com\/inicio\/wp-content\/uploads\/2023\/07\/quemu115aniversario2023-1-300x168.jpg 300w, https:\/\/diariotextual.com\/inicio\/wp-content\/uploads\/2023\/07\/quemu115aniversario2023-1-768x429.jpg 768w, https:\/\/diariotextual.com\/inicio\/wp-content\/uploads\/2023\/07\/quemu115aniversario2023-1-1170x654.jpg 1170w, https:\/\/diariotextual.com\/inicio\/wp-content\/uploads\/2023\/07\/quemu115aniversario2023-1-585x327.jpg 585w, https:\/\/diariotextual.com\/inicio\/wp-content\/uploads\/2023\/07\/quemu115aniversario2023-1.jpg 1352w\" sizes=\"(max-width: 1024px) 100vw, 1024px\" \/><\/figure>\n\n\n\n<figure class=\"wp-block-image size-large\"><img loading=\"lazy\" decoding=\"async\" width=\"1024\" height=\"633\" src=\"https:\/\/diariotextual.com\/inicio\/wp-content\/uploads\/2023\/07\/quemu115aniversario2023-3-1024x633.jpg\" alt=\"\" class=\"wp-image-232380\" srcset=\"https:\/\/diariotextual.com\/inicio\/wp-content\/uploads\/2023\/07\/quemu115aniversario2023-3-1024x633.jpg 1024w, https:\/\/diariotextual.com\/inicio\/wp-content\/uploads\/2023\/07\/quemu115aniversario2023-3-300x186.jpg 300w, https:\/\/diariotextual.com\/inicio\/wp-content\/uploads\/2023\/07\/quemu115aniversario2023-3-768x475.jpg 768w, https:\/\/diariotextual.com\/inicio\/wp-content\/uploads\/2023\/07\/quemu115aniversario2023-3-1170x724.jpg 1170w, https:\/\/diariotextual.com\/inicio\/wp-content\/uploads\/2023\/07\/quemu115aniversario2023-3-585x362.jpg 585w, https:\/\/diariotextual.com\/inicio\/wp-content\/uploads\/2023\/07\/quemu115aniversario2023-3.jpg 1337w\" sizes=\"(max-width: 1024px) 100vw, 1024px\" \/><\/figure>\n\n\n\n<figure class=\"wp-block-image size-large\"><img loading=\"lazy\" decoding=\"async\" width=\"1024\" height=\"603\" src=\"https:\/\/diariotextual.com\/inicio\/wp-content\/uploads\/2023\/07\/quemu115aniversario2023-6-1024x603.jpg\" alt=\"\" class=\"wp-image-232383\" srcset=\"https:\/\/diariotextual.com\/inicio\/wp-content\/uploads\/2023\/07\/quemu115aniversario2023-6-1024x603.jpg 1024w, https:\/\/diariotextual.com\/inicio\/wp-content\/uploads\/2023\/07\/quemu115aniversario2023-6-300x177.jpg 300w, https:\/\/diariotextual.com\/inicio\/wp-content\/uploads\/2023\/07\/quemu115aniversario2023-6-768x452.jpg 768w, https:\/\/diariotextual.com\/inicio\/wp-content\/uploads\/2023\/07\/quemu115aniversario2023-6-1170x689.jpg 1170w, https:\/\/diariotextual.com\/inicio\/wp-content\/uploads\/2023\/07\/quemu115aniversario2023-6-585x344.jpg 585w, https:\/\/diariotextual.com\/inicio\/wp-content\/uploads\/2023\/07\/quemu115aniversario2023-6.jpg 1198w\" sizes=\"(max-width: 1024px) 100vw, 1024px\" \/><\/figure>\n","protected":false},"excerpt":{"rendered":"<p>La comunidad de Quem\u00fa Quem\u00fa, con un multitudinario desfile civico militar, celebr\u00f3 los 115 a\u00f1os de su fundaci\u00f3n. El Gobierno de La Pampa se sum\u00f3 a la conmemoraci\u00f3n a trav\u00e9s&hellip;<\/p>\n","protected":false},"author":3,"featured_media":232379,"comment_status":"closed","ping_status":"open","sticky":false,"template":"","format":"standard","meta":{"_acf_changed":false,"footnotes":""},"categories":[1,12],"tags":[],"class_list":["post-232376","post","type-post","status-publish","format-standard","has-post-thumbnail","hentry","category-es-noticia","category-sociedad"],"acf":[],"yoast_head":"<!-- This site is optimized with the Yoast SEO plugin v27.5 - https:\/\/yoast.com\/product\/yoast-seo-wordpress\/ -->\n<title>El pueblo de Quem\u00fa festej\u00f3 sus 115 a\u00f1os - Diario Textual<\/title>\n<meta name=\"robots\" content=\"index, follow, max-snippet:-1, max-image-preview:large, max-video-preview:-1\" \/>\n<link rel=\"canonical\" href=\"https:\/\/diariotextual.com\/inicio\/index.php\/2023\/07\/29\/el-pueblo-de-quemu-festejo-sus-115-anos\/\" \/>\n<meta property=\"og:locale\" content=\"es_ES\" \/>\n<meta property=\"og:type\" content=\"article\" \/>\n<meta property=\"og:title\" content=\"El pueblo de Quem\u00fa festej\u00f3 sus 115 a\u00f1os - Diario Textual\" \/>\n<meta property=\"og:description\" content=\"La comunidad de Quem\u00fa Quem\u00fa, con un multitudinario desfile civico militar, celebr\u00f3 los 115 a\u00f1os de su fundaci\u00f3n. El Gobierno de La Pampa se sum\u00f3 a la conmemoraci\u00f3n a trav\u00e9s&hellip;\" \/>\n<meta property=\"og:url\" content=\"https:\/\/diariotextual.com\/inicio\/index.php\/2023\/07\/29\/el-pueblo-de-quemu-festejo-sus-115-anos\/\" \/>\n<meta property=\"og:site_name\" content=\"Diario Textual\" \/>\n<meta property=\"article:publisher\" content=\"https:\/\/www.facebook.com\/eltextual\" \/>\n<meta property=\"article:published_time\" content=\"2023-07-30T00:29:45+00:00\" \/>\n<meta property=\"article:modified_time\" content=\"2023-07-30T03:24:10+00:00\" \/>\n<meta property=\"og:image\" content=\"https:\/\/diariotextual.com\/inicio\/wp-content\/uploads\/2023\/07\/quemu115aniversario2023-2.jpg\" \/>\n\t<meta property=\"og:image:width\" content=\"1425\" \/>\n\t<meta property=\"og:image:height\" content=\"818\" \/>\n\t<meta property=\"og:image:type\" content=\"image\/jpeg\" \/>\n<meta name=\"author\" content=\"Diario1 Diario1\" \/>\n<meta name=\"twitter:card\" content=\"summary_large_image\" \/>\n<meta name=\"twitter:creator\" content=\"@eltextual\" \/>\n<meta name=\"twitter:site\" content=\"@eltextual\" \/>\n<meta name=\"twitter:label1\" content=\"Escrito por\" \/>\n\t<meta name=\"twitter:data1\" content=\"Diario1 Diario1\" \/>\n\t<meta name=\"twitter:label2\" content=\"Tiempo de lectura\" \/>\n\t<meta name=\"twitter:data2\" content=\"4 minutos\" \/>\n<script type=\"application\/ld+json\" class=\"yoast-schema-graph\">{\"@context\":\"https:\\\/\\\/schema.org\",\"@graph\":[{\"@type\":\"Article\",\"@id\":\"https:\\\/\\\/diariotextual.com\\\/inicio\\\/index.php\\\/2023\\\/07\\\/29\\\/el-pueblo-de-quemu-festejo-sus-115-anos\\\/#article\",\"isPartOf\":{\"@id\":\"https:\\\/\\\/diariotextual.com\\\/inicio\\\/index.php\\\/2023\\\/07\\\/29\\\/el-pueblo-de-quemu-festejo-sus-115-anos\\\/\"},\"author\":{\"name\":\"Diario1 Diario1\",\"@id\":\"https:\\\/\\\/diariotextual.com\\\/inicio\\\/#\\\/schema\\\/person\\\/418fc4093c33e86ed41562db3508f958\"},\"headline\":\"El pueblo de Quem\u00fa festej\u00f3 sus 115 a\u00f1os\",\"datePublished\":\"2023-07-30T00:29:45+00:00\",\"dateModified\":\"2023-07-30T03:24:10+00:00\",\"mainEntityOfPage\":{\"@id\":\"https:\\\/\\\/diariotextual.com\\\/inicio\\\/index.php\\\/2023\\\/07\\\/29\\\/el-pueblo-de-quemu-festejo-sus-115-anos\\\/\"},\"wordCount\":348,\"publisher\":{\"@id\":\"https:\\\/\\\/diariotextual.com\\\/inicio\\\/#organization\"},\"image\":{\"@id\":\"https:\\\/\\\/diariotextual.com\\\/inicio\\\/index.php\\\/2023\\\/07\\\/29\\\/el-pueblo-de-quemu-festejo-sus-115-anos\\\/#primaryimage\"},\"thumbnailUrl\":\"https:\\\/\\\/diariotextual.com\\\/inicio\\\/wp-content\\\/uploads\\\/2023\\\/07\\\/quemu115aniversario2023-2.jpg\",\"articleSection\":[\"A - ES NOTICIA (van abajo)\",\"SOCIEDAD\"],\"inLanguage\":\"es\"},{\"@type\":\"WebPage\",\"@id\":\"https:\\\/\\\/diariotextual.com\\\/inicio\\\/index.php\\\/2023\\\/07\\\/29\\\/el-pueblo-de-quemu-festejo-sus-115-anos\\\/\",\"url\":\"https:\\\/\\\/diariotextual.com\\\/inicio\\\/index.php\\\/2023\\\/07\\\/29\\\/el-pueblo-de-quemu-festejo-sus-115-anos\\\/\",\"name\":\"El pueblo de Quem\u00fa festej\u00f3 sus 115 a\u00f1os - Diario Textual\",\"isPartOf\":{\"@id\":\"https:\\\/\\\/diariotextual.com\\\/inicio\\\/#website\"},\"primaryImageOfPage\":{\"@id\":\"https:\\\/\\\/diariotextual.com\\\/inicio\\\/index.php\\\/2023\\\/07\\\/29\\\/el-pueblo-de-quemu-festejo-sus-115-anos\\\/#primaryimage\"},\"image\":{\"@id\":\"https:\\\/\\\/diariotextual.com\\\/inicio\\\/index.php\\\/2023\\\/07\\\/29\\\/el-pueblo-de-quemu-festejo-sus-115-anos\\\/#primaryimage\"},\"thumbnailUrl\":\"https:\\\/\\\/diariotextual.com\\\/inicio\\\/wp-content\\\/uploads\\\/2023\\\/07\\\/quemu115aniversario2023-2.jpg\",\"datePublished\":\"2023-07-30T00:29:45+00:00\",\"dateModified\":\"2023-07-30T03:24:10+00:00\",\"breadcrumb\":{\"@id\":\"https:\\\/\\\/diariotextual.com\\\/inicio\\\/index.php\\\/2023\\\/07\\\/29\\\/el-pueblo-de-quemu-festejo-sus-115-anos\\\/#breadcrumb\"},\"inLanguage\":\"es\",\"potentialAction\":[{\"@type\":\"ReadAction\",\"target\":[\"https:\\\/\\\/diariotextual.com\\\/inicio\\\/index.php\\\/2023\\\/07\\\/29\\\/el-pueblo-de-quemu-festejo-sus-115-anos\\\/\"]}]},{\"@type\":\"ImageObject\",\"inLanguage\":\"es\",\"@id\":\"https:\\\/\\\/diariotextual.com\\\/inicio\\\/index.php\\\/2023\\\/07\\\/29\\\/el-pueblo-de-quemu-festejo-sus-115-anos\\\/#primaryimage\",\"url\":\"https:\\\/\\\/diariotextual.com\\\/inicio\\\/wp-content\\\/uploads\\\/2023\\\/07\\\/quemu115aniversario2023-2.jpg\",\"contentUrl\":\"https:\\\/\\\/diariotextual.com\\\/inicio\\\/wp-content\\\/uploads\\\/2023\\\/07\\\/quemu115aniversario2023-2.jpg\",\"width\":1425,\"height\":818},{\"@type\":\"BreadcrumbList\",\"@id\":\"https:\\\/\\\/diariotextual.com\\\/inicio\\\/index.php\\\/2023\\\/07\\\/29\\\/el-pueblo-de-quemu-festejo-sus-115-anos\\\/#breadcrumb\",\"itemListElement\":[{\"@type\":\"ListItem\",\"position\":1,\"name\":\"Portada\",\"item\":\"https:\\\/\\\/diariotextual.com\\\/inicio\\\/\"},{\"@type\":\"ListItem\",\"position\":2,\"name\":\"El pueblo de Quem\u00fa festej\u00f3 sus 115 a\u00f1os\"}]},{\"@type\":\"WebSite\",\"@id\":\"https:\\\/\\\/diariotextual.com\\\/inicio\\\/#website\",\"url\":\"https:\\\/\\\/diariotextual.com\\\/inicio\\\/\",\"name\":\"Diario Textual\",\"description\":\"\",\"publisher\":{\"@id\":\"https:\\\/\\\/diariotextual.com\\\/inicio\\\/#organization\"},\"potentialAction\":[{\"@type\":\"SearchAction\",\"target\":{\"@type\":\"EntryPoint\",\"urlTemplate\":\"https:\\\/\\\/diariotextual.com\\\/inicio\\\/?s={search_term_string}\"},\"query-input\":{\"@type\":\"PropertyValueSpecification\",\"valueRequired\":true,\"valueName\":\"search_term_string\"}}],\"inLanguage\":\"es\"},{\"@type\":\"Organization\",\"@id\":\"https:\\\/\\\/diariotextual.com\\\/inicio\\\/#organization\",\"name\":\"Diario Textual\",\"url\":\"https:\\\/\\\/diariotextual.com\\\/inicio\\\/\",\"logo\":{\"@type\":\"ImageObject\",\"inLanguage\":\"es\",\"@id\":\"https:\\\/\\\/diariotextual.com\\\/inicio\\\/#\\\/schema\\\/logo\\\/image\\\/\",\"url\":\"https:\\\/\\\/diariotextual.com\\\/inicio\\\/wp-content\\\/uploads\\\/2023\\\/05\\\/logotextual1.jpg\",\"contentUrl\":\"https:\\\/\\\/diariotextual.com\\\/inicio\\\/wp-content\\\/uploads\\\/2023\\\/05\\\/logotextual1.jpg\",\"width\":516,\"height\":76,\"caption\":\"Diario Textual\"},\"image\":{\"@id\":\"https:\\\/\\\/diariotextual.com\\\/inicio\\\/#\\\/schema\\\/logo\\\/image\\\/\"},\"sameAs\":[\"https:\\\/\\\/www.facebook.com\\\/eltextual\",\"https:\\\/\\\/x.com\\\/eltextual\",\"http:\\\/\\\/www.instagram.com\\\/eltextual\"]},{\"@type\":\"Person\",\"@id\":\"https:\\\/\\\/diariotextual.com\\\/inicio\\\/#\\\/schema\\\/person\\\/418fc4093c33e86ed41562db3508f958\",\"name\":\"Diario1 Diario1\",\"image\":{\"@type\":\"ImageObject\",\"inLanguage\":\"es\",\"@id\":\"https:\\\/\\\/secure.gravatar.com\\\/avatar\\\/9167d280179c85bc18be67aa7eda765854300033af4896dd779b608640f2ef7a?s=96&d=mm&r=g\",\"url\":\"https:\\\/\\\/secure.gravatar.com\\\/avatar\\\/9167d280179c85bc18be67aa7eda765854300033af4896dd779b608640f2ef7a?s=96&d=mm&r=g\",\"contentUrl\":\"https:\\\/\\\/secure.gravatar.com\\\/avatar\\\/9167d280179c85bc18be67aa7eda765854300033af4896dd779b608640f2ef7a?s=96&d=mm&r=g\",\"caption\":\"Diario1 Diario1\"},\"url\":\"https:\\\/\\\/diariotextual.com\\\/inicio\\\/index.php\\\/author\\\/diario1\\\/\"}]}<\/script>\n<!-- \/ Yoast SEO plugin. -->","yoast_head_json":{"title":"El pueblo de Quem\u00fa festej\u00f3 sus 115 a\u00f1os - Diario Textual","robots":{"index":"index","follow":"follow","max-snippet":"max-snippet:-1","max-image-preview":"max-image-preview:large","max-video-preview":"max-video-preview:-1"},"canonical":"https:\/\/diariotextual.com\/inicio\/index.php\/2023\/07\/29\/el-pueblo-de-quemu-festejo-sus-115-anos\/","og_locale":"es_ES","og_type":"article","og_title":"El pueblo de Quem\u00fa festej\u00f3 sus 115 a\u00f1os - Diario Textual","og_description":"La comunidad de Quem\u00fa Quem\u00fa, con un multitudinario desfile civico militar, celebr\u00f3 los 115 a\u00f1os de su fundaci\u00f3n. El Gobierno de La Pampa se sum\u00f3 a la conmemoraci\u00f3n a trav\u00e9s&hellip;","og_url":"https:\/\/diariotextual.com\/inicio\/index.php\/2023\/07\/29\/el-pueblo-de-quemu-festejo-sus-115-anos\/","og_site_name":"Diario Textual","article_publisher":"https:\/\/www.facebook.com\/eltextual","article_published_time":"2023-07-30T00:29:45+00:00","article_modified_time":"2023-07-30T03:24:10+00:00","og_image":[{"width":1425,"height":818,"url":"https:\/\/diariotextual.com\/inicio\/wp-content\/uploads\/2023\/07\/quemu115aniversario2023-2.jpg","type":"image\/jpeg"}],"author":"Diario1 Diario1","twitter_card":"summary_large_image","twitter_creator":"@eltextual","twitter_site":"@eltextual","twitter_misc":{"Escrito por":"Diario1 Diario1","Tiempo de lectura":"4 minutos"},"schema":{"@context":"https:\/\/schema.org","@graph":[{"@type":"Article","@id":"https:\/\/diariotextual.com\/inicio\/index.php\/2023\/07\/29\/el-pueblo-de-quemu-festejo-sus-115-anos\/#article","isPartOf":{"@id":"https:\/\/diariotextual.com\/inicio\/index.php\/2023\/07\/29\/el-pueblo-de-quemu-festejo-sus-115-anos\/"},"author":{"name":"Diario1 Diario1","@id":"https:\/\/diariotextual.com\/inicio\/#\/schema\/person\/418fc4093c33e86ed41562db3508f958"},"headline":"El pueblo de Quem\u00fa festej\u00f3 sus 115 a\u00f1os","datePublished":"2023-07-30T00:29:45+00:00","dateModified":"2023-07-30T03:24:10+00:00","mainEntityOfPage":{"@id":"https:\/\/diariotextual.com\/inicio\/index.php\/2023\/07\/29\/el-pueblo-de-quemu-festejo-sus-115-anos\/"},"wordCount":348,"publisher":{"@id":"https:\/\/diariotextual.com\/inicio\/#organization"},"image":{"@id":"https:\/\/diariotextual.com\/inicio\/index.php\/2023\/07\/29\/el-pueblo-de-quemu-festejo-sus-115-anos\/#primaryimage"},"thumbnailUrl":"https:\/\/diariotextual.com\/inicio\/wp-content\/uploads\/2023\/07\/quemu115aniversario2023-2.jpg","articleSection":["A - ES NOTICIA (van abajo)","SOCIEDAD"],"inLanguage":"es"},{"@type":"WebPage","@id":"https:\/\/diariotextual.com\/inicio\/index.php\/2023\/07\/29\/el-pueblo-de-quemu-festejo-sus-115-anos\/","url":"https:\/\/diariotextual.com\/inicio\/index.php\/2023\/07\/29\/el-pueblo-de-quemu-festejo-sus-115-anos\/","name":"El pueblo de Quem\u00fa festej\u00f3 sus 115 a\u00f1os - Diario Textual","isPartOf":{"@id":"https:\/\/diariotextual.com\/inicio\/#website"},"primaryImageOfPage":{"@id":"https:\/\/diariotextual.com\/inicio\/index.php\/2023\/07\/29\/el-pueblo-de-quemu-festejo-sus-115-anos\/#primaryimage"},"image":{"@id":"https:\/\/diariotextual.com\/inicio\/index.php\/2023\/07\/29\/el-pueblo-de-quemu-festejo-sus-115-anos\/#primaryimage"},"thumbnailUrl":"https:\/\/diariotextual.com\/inicio\/wp-content\/uploads\/2023\/07\/quemu115aniversario2023-2.jpg","datePublished":"2023-07-30T00:29:45+00:00","dateModified":"2023-07-30T03:24:10+00:00","breadcrumb":{"@id":"https:\/\/diariotextual.com\/inicio\/index.php\/2023\/07\/29\/el-pueblo-de-quemu-festejo-sus-115-anos\/#breadcrumb"},"inLanguage":"es","potentialAction":[{"@type":"ReadAction","target":["https:\/\/diariotextual.com\/inicio\/index.php\/2023\/07\/29\/el-pueblo-de-quemu-festejo-sus-115-anos\/"]}]},{"@type":"ImageObject","inLanguage":"es","@id":"https:\/\/diariotextual.com\/inicio\/index.php\/2023\/07\/29\/el-pueblo-de-quemu-festejo-sus-115-anos\/#primaryimage","url":"https:\/\/diariotextual.com\/inicio\/wp-content\/uploads\/2023\/07\/quemu115aniversario2023-2.jpg","contentUrl":"https:\/\/diariotextual.com\/inicio\/wp-content\/uploads\/2023\/07\/quemu115aniversario2023-2.jpg","width":1425,"height":818},{"@type":"BreadcrumbList","@id":"https:\/\/diariotextual.com\/inicio\/index.php\/2023\/07\/29\/el-pueblo-de-quemu-festejo-sus-115-anos\/#breadcrumb","itemListElement":[{"@type":"ListItem","position":1,"name":"Portada","item":"https:\/\/diariotextual.com\/inicio\/"},{"@type":"ListItem","position":2,"name":"El pueblo de Quem\u00fa festej\u00f3 sus 115 a\u00f1os"}]},{"@type":"WebSite","@id":"https:\/\/diariotextual.com\/inicio\/#website","url":"https:\/\/diariotextual.com\/inicio\/","name":"Diario Textual","description":"","publisher":{"@id":"https:\/\/diariotextual.com\/inicio\/#organization"},"potentialAction":[{"@type":"SearchAction","target":{"@type":"EntryPoint","urlTemplate":"https:\/\/diariotextual.com\/inicio\/?s={search_term_string}"},"query-input":{"@type":"PropertyValueSpecification","valueRequired":true,"valueName":"search_term_string"}}],"inLanguage":"es"},{"@type":"Organization","@id":"https:\/\/diariotextual.com\/inicio\/#organization","name":"Diario Textual","url":"https:\/\/diariotextual.com\/inicio\/","logo":{"@type":"ImageObject","inLanguage":"es","@id":"https:\/\/diariotextual.com\/inicio\/#\/schema\/logo\/image\/","url":"https:\/\/diariotextual.com\/inicio\/wp-content\/uploads\/2023\/05\/logotextual1.jpg","contentUrl":"https:\/\/diariotextual.com\/inicio\/wp-content\/uploads\/2023\/05\/logotextual1.jpg","width":516,"height":76,"caption":"Diario Textual"},"image":{"@id":"https:\/\/diariotextual.com\/inicio\/#\/schema\/logo\/image\/"},"sameAs":["https:\/\/www.facebook.com\/eltextual","https:\/\/x.com\/eltextual","http:\/\/www.instagram.com\/eltextual"]},{"@type":"Person","@id":"https:\/\/diariotextual.com\/inicio\/#\/schema\/person\/418fc4093c33e86ed41562db3508f958","name":"Diario1 Diario1","image":{"@type":"ImageObject","inLanguage":"es","@id":"https:\/\/secure.gravatar.com\/avatar\/9167d280179c85bc18be67aa7eda765854300033af4896dd779b608640f2ef7a?s=96&d=mm&r=g","url":"https:\/\/secure.gravatar.com\/avatar\/9167d280179c85bc18be67aa7eda765854300033af4896dd779b608640f2ef7a?s=96&d=mm&r=g","contentUrl":"https:\/\/secure.gravatar.com\/avatar\/9167d280179c85bc18be67aa7eda765854300033af4896dd779b608640f2ef7a?s=96&d=mm&r=g","caption":"Diario1 Diario1"},"url":"https:\/\/diariotextual.com\/inicio\/index.php\/author\/diario1\/"}]}},"_links":{"self":[{"href":"https:\/\/diariotextual.com\/inicio\/index.php\/wp-json\/wp\/v2\/posts\/232376","targetHints":{"allow":["GET"]}}],"collection":[{"href":"https:\/\/diariotextual.com\/inicio\/index.php\/wp-json\/wp\/v2\/posts"}],"about":[{"href":"https:\/\/diariotextual.com\/inicio\/index.php\/wp-json\/wp\/v2\/types\/post"}],"author":[{"embeddable":true,"href":"https:\/\/diariotextual.com\/inicio\/index.php\/wp-json\/wp\/v2\/users\/3"}],"replies":[{"embeddable":true,"href":"https:\/\/diariotextual.com\/inicio\/index.php\/wp-json\/wp\/v2\/comments?post=232376"}],"version-history":[{"count":3,"href":"https:\/\/diariotextual.com\/inicio\/index.php\/wp-json\/wp\/v2\/posts\/232376\/revisions"}],"predecessor-version":[{"id":232388,"href":"https:\/\/diariotextual.com\/inicio\/index.php\/wp-json\/wp\/v2\/posts\/232376\/revisions\/232388"}],"wp:featuredmedia":[{"embeddable":true,"href":"https:\/\/diariotextual.com\/inicio\/index.php\/wp-json\/wp\/v2\/media\/232379"}],"wp:attachment":[{"href":"https:\/\/diariotextual.com\/inicio\/index.php\/wp-json\/wp\/v2\/media?parent=232376"}],"wp:term":[{"taxonomy":"category","embeddable":true,"href":"https:\/\/diariotextual.com\/inicio\/index.php\/wp-json\/wp\/v2\/categories?post=232376"},{"taxonomy":"post_tag","embeddable":true,"href":"https:\/\/diariotextual.com\/inicio\/index.php\/wp-json\/wp\/v2\/tags?post=232376"}],"curies":[{"name":"wp","href":"https:\/\/api.w.org\/{rel}","templated":true}]}}