{"id":232405,"date":"2023-07-30T18:52:15","date_gmt":"2023-07-30T21:52:15","guid":{"rendered":"https:\/\/diariotextual.com\/inicio\/?p=232405"},"modified":"2023-07-30T22:07:22","modified_gmt":"2023-07-31T01:07:22","slug":"una-pyme-argentina-va-a-exportar-el-primer-helicoptero-ultraliviano-a-alemania","status":"publish","type":"post","link":"https:\/\/diariotextual.com\/inicio\/index.php\/2023\/07\/30\/una-pyme-argentina-va-a-exportar-el-primer-helicoptero-ultraliviano-a-alemania\/","title":{"rendered":"Una pyme argentina va a exportar el primer helic\u00f3ptero ultraliviano a Alemania"},"content":{"rendered":"\n<p>La empresa pyme Cicar\u00e9, con el apoyo del Instituto Nacional de Tecnolog\u00eda Industrial (INTI), va a exportar a Alemania el primer helic\u00f3ptero ultraliviano certificado producido en la Argentina.<br><br>La firma familiar, con sede en la localidad bonaerense de Saladillo, cont\u00f3 con el apoyo t\u00e9cnico del INTI para realizar un ensayo clave en&nbsp;<strong>su modelo ultraliviano biplaza<\/strong>, lo que le permiti\u00f3 convertirse en la primera aeronave de su categor\u00eda en obtener la habilitaci\u00f3n completa que otorga la Asociaci\u00f3n Alemana de Vuelo Ultraligero.<\/p>\n\n\n\n<p>La empresa argentina deb\u00eda cumplir con una exigente normativa solicitada por la\u00a0<strong>Asociaci\u00f3n Alemana de Vuelo Ultraligero\u00a0<\/strong>(DULV, de acuerdo a su sigla en ingl\u00e9s) para poder ingresar al mercado certificado de Alemania.<\/p>\n\n\n\n<p><\/p>\n\n\n\n<figure class=\"wp-block-embed is-type-rich is-provider-twitter wp-block-embed-twitter\"><div class=\"wp-block-embed__wrapper\">\n<blockquote class=\"twitter-tweet\" data-width=\"550\" data-dnt=\"true\"><p lang=\"es\" dir=\"ltr\">La pyme familiar Cicar\u00e9, de Saladillo, provincia de Buenos Aires, contin\u00faa su expansi\u00f3n internacional: con apoyo t\u00e9cnico del INTI, pudo completar los ensayos a fin de obtener, en Alemania, el certificado tipo para exportar un helic\u00f3ptero ultraliviano biplaza <a href=\"https:\/\/twitter.com\/hashtag\/UnINTIcerca?src=hash&amp;ref_src=twsrc%5Etfw\">#UnINTIcerca<\/a> <a href=\"https:\/\/t.co\/IkSxqGDwcj\">pic.twitter.com\/IkSxqGDwcj<\/a><\/p>&mdash; INTI (@INTIargentina) <a href=\"https:\/\/twitter.com\/INTIargentina\/status\/1685668161964711937?ref_src=twsrc%5Etfw\">July 30, 2023<\/a><\/blockquote><script async src=\"https:\/\/platform.twitter.com\/widgets.js\" charset=\"utf-8\"><\/script>\n<\/div><\/figure>\n\n\n\n<p><br><br>Entre los requisitos se encontraba la realizaci\u00f3n de diversas pruebas y la necesidad de alcanzar determinados est\u00e1ndares. En ese marco, junto a especialistas del INTI, la empresa pudo terminar de completar todos los ensayos a fin de obtener el certificado tipo completo que da acceso al mercado comercial de aeronaves en la categor\u00eda de 600 kilos.<br><br>\u201cEsta es una historia m\u00e1s de sinergia entre la capacidad emprendedora de la industria argentina, en este caso de la empresa Cicar\u00e9, y el acervo cient\u00edfico-tecnol\u00f3gico simbolizado por nuestro INTI\u201d, dijo el secretario de Industria y Desarrollo Productivo de la Naci\u00f3n, Jos\u00e9 Ignacio de Mendiguren. \u201cMuy pocos pa\u00edses del mundo pueden entrar con tecnolog\u00eda, innovaci\u00f3n y conocimiento a pa\u00edses tan exigentes como Alemania. Solo se logra con trabajo conjunto entre el sector p\u00fablico y el privado\u201d, complet\u00f3 De Mendiguren.<\/p>\n\n\n\n<p>Por su parte,<strong>&nbsp;<\/strong><strong>la presidenta del INTI, Sandra Mayol,<\/strong>&nbsp;se\u00f1al\u00f3 que \u201ces un orgullo ver a tantas empresas argentinas\u201d que producen y exportan. \u201cEn este caso nos satisface ratificar que desde el sector privado y tambi\u00e9n en el exterior se considere de esta forma el prestigio t\u00e9cnico del INTI a fin de dar aval a la seguridad y las prestaciones de un helic\u00f3ptero de fabricaci\u00f3n nacional\u201d, dijo.<br><br>Dentro del listado de pruebas que se deben realizar para alcanzar esa habilitaci\u00f3n, hubo uno que requiri\u00f3 el acompa\u00f1amiento t\u00e9cnico y especializado del INTI. \u201cEse ensayo consiste en medir una fuerza determinada sobre los asientos a fin de simular un aterrizaje de emergencia o una ca\u00edda a una altura establecida, y, as\u00ed, imitar una determinada aceleraci\u00f3n de la gravedad\u201d, precisaron.<br><br>Esa prueba se realiz\u00f3 m\u00e1s de una vez, y durante ese proceso,<strong>&nbsp;<\/strong><strong>el especialista Alejandro Ferenz -ingeniero mec<\/strong><strong>\u00e1<\/strong><strong>nico aeron\u00e1utico que integra el sector de Mec\u00e1nica del INTI- acompa\u00f1\u00f3 a Cicar\u00e9,<\/strong>&nbsp;asesor\u00f3 a sus t\u00e9cnicos y aport\u00f3 sugerencias para alcanzar los est\u00e1ndares buscados. En ese sentido, entre otras iniciativas se plante\u00f3 y llev\u00f3 adelante el redise\u00f1o en los asientos del helic\u00f3ptero y tambi\u00e9n del utillaje con el que se trabaj\u00f3, siempre bajo la premisa de que el ensayo arrojara los mejores resultados posibles.<br><br>El INTI tambi\u00e9n aport\u00f3 el equipamiento e instrumental calibrado, necesario para realizar las mediciones, lo que se conoce como transductor de fuerza o celda de carga.&nbsp;El sello de DULV supone haber alcanzado requisitos espec\u00edficos de seguridad, performance y operaci\u00f3n.<br><br><strong>El titular de la empresa Cicar\u00e9, Juan Manuel Cicar\u00e9,<\/strong>&nbsp;dijo que el INTI los ayud\u00f3 en la puesta en marcha del ensayo, su reformulaci\u00f3n y su correspondiente supervisi\u00f3n, y emiti\u00f3 el documento necesario para presentar ante la asociaci\u00f3n alemana. \u201cA su vez, era necesario contar con una instituci\u00f3n como el INTI que avalara el uso y calibraci\u00f3n de ciertos elementos de medici\u00f3n acordes con los requerimientos de la agencia DULV\u201d, dijo.<br><br>\u201cGracias a esto pudimos concretar la venta del modelo Cicar\u00e9 8, esto constituye un precedente, ya que es la primera vez que esta entidad certifica u<strong>na aeronave en la categor\u00eda de 600 kilos<\/strong>, por lo que no solo estamos exportando un producto, sino tambi\u00e9n nuestra tecnolog\u00eda, innovaci\u00f3n y capacidades t\u00e9cnicas al mundo\u201d, resalt\u00f3.<br><br><br><\/p>\n","protected":false},"excerpt":{"rendered":"<p>La empresa pyme Cicar\u00e9, con el apoyo del Instituto Nacional de Tecnolog\u00eda Industrial (INTI), va a exportar a Alemania el primer helic\u00f3ptero ultraliviano certificado producido en la Argentina. La firma&hellip;<\/p>\n","protected":false},"author":3,"featured_media":232408,"comment_status":"closed","ping_status":"open","sticky":false,"template":"","format":"standard","meta":{"_acf_changed":false,"footnotes":""},"categories":[1,12],"tags":[],"class_list":["post-232405","post","type-post","status-publish","format-standard","has-post-thumbnail","hentry","category-es-noticia","category-sociedad"],"acf":[],"yoast_head":"<!-- This site is optimized with the Yoast SEO plugin v27.5 - https:\/\/yoast.com\/product\/yoast-seo-wordpress\/ -->\n<title>Una pyme argentina va a exportar el primer helic\u00f3ptero ultraliviano a Alemania - Diario Textual<\/title>\n<meta name=\"robots\" content=\"index, follow, max-snippet:-1, max-image-preview:large, max-video-preview:-1\" \/>\n<link rel=\"canonical\" href=\"https:\/\/diariotextual.com\/inicio\/index.php\/2023\/07\/30\/una-pyme-argentina-va-a-exportar-el-primer-helicoptero-ultraliviano-a-alemania\/\" \/>\n<meta property=\"og:locale\" content=\"es_ES\" \/>\n<meta property=\"og:type\" content=\"article\" \/>\n<meta property=\"og:title\" content=\"Una pyme argentina va a exportar el primer helic\u00f3ptero ultraliviano a Alemania - Diario Textual\" \/>\n<meta property=\"og:description\" content=\"La empresa pyme Cicar\u00e9, con el apoyo del Instituto Nacional de Tecnolog\u00eda Industrial (INTI), va a exportar a Alemania el primer helic\u00f3ptero ultraliviano certificado producido en la Argentina. La firma&hellip;\" \/>\n<meta property=\"og:url\" content=\"https:\/\/diariotextual.com\/inicio\/index.php\/2023\/07\/30\/una-pyme-argentina-va-a-exportar-el-primer-helicoptero-ultraliviano-a-alemania\/\" \/>\n<meta property=\"og:site_name\" content=\"Diario Textual\" \/>\n<meta property=\"article:publisher\" content=\"https:\/\/www.facebook.com\/eltextual\" \/>\n<meta property=\"article:published_time\" content=\"2023-07-30T21:52:15+00:00\" \/>\n<meta property=\"article:modified_time\" content=\"2023-07-31T01:07:22+00:00\" \/>\n<meta property=\"og:image\" content=\"https:\/\/diariotextual.com\/inicio\/wp-content\/uploads\/2023\/07\/cicarehelicoptero2023-1.jpg\" \/>\n\t<meta property=\"og:image:width\" content=\"1500\" \/>\n\t<meta property=\"og:image:height\" content=\"1011\" \/>\n\t<meta property=\"og:image:type\" content=\"image\/jpeg\" \/>\n<meta name=\"author\" content=\"Diario1 Diario1\" \/>\n<meta name=\"twitter:card\" content=\"summary_large_image\" \/>\n<meta name=\"twitter:creator\" content=\"@eltextual\" \/>\n<meta name=\"twitter:site\" content=\"@eltextual\" \/>\n<meta name=\"twitter:label1\" content=\"Escrito por\" \/>\n\t<meta name=\"twitter:data1\" content=\"Diario1 Diario1\" \/>\n\t<meta name=\"twitter:label2\" content=\"Tiempo de lectura\" \/>\n\t<meta name=\"twitter:data2\" content=\"3 minutos\" \/>\n<script type=\"application\/ld+json\" class=\"yoast-schema-graph\">{\"@context\":\"https:\\\/\\\/schema.org\",\"@graph\":[{\"@type\":\"Article\",\"@id\":\"https:\\\/\\\/diariotextual.com\\\/inicio\\\/index.php\\\/2023\\\/07\\\/30\\\/una-pyme-argentina-va-a-exportar-el-primer-helicoptero-ultraliviano-a-alemania\\\/#article\",\"isPartOf\":{\"@id\":\"https:\\\/\\\/diariotextual.com\\\/inicio\\\/index.php\\\/2023\\\/07\\\/30\\\/una-pyme-argentina-va-a-exportar-el-primer-helicoptero-ultraliviano-a-alemania\\\/\"},\"author\":{\"name\":\"Diario1 Diario1\",\"@id\":\"https:\\\/\\\/diariotextual.com\\\/inicio\\\/#\\\/schema\\\/person\\\/418fc4093c33e86ed41562db3508f958\"},\"headline\":\"Una pyme argentina va a exportar el primer helic\u00f3ptero ultraliviano a Alemania\",\"datePublished\":\"2023-07-30T21:52:15+00:00\",\"dateModified\":\"2023-07-31T01:07:22+00:00\",\"mainEntityOfPage\":{\"@id\":\"https:\\\/\\\/diariotextual.com\\\/inicio\\\/index.php\\\/2023\\\/07\\\/30\\\/una-pyme-argentina-va-a-exportar-el-primer-helicoptero-ultraliviano-a-alemania\\\/\"},\"wordCount\":698,\"publisher\":{\"@id\":\"https:\\\/\\\/diariotextual.com\\\/inicio\\\/#organization\"},\"image\":{\"@id\":\"https:\\\/\\\/diariotextual.com\\\/inicio\\\/index.php\\\/2023\\\/07\\\/30\\\/una-pyme-argentina-va-a-exportar-el-primer-helicoptero-ultraliviano-a-alemania\\\/#primaryimage\"},\"thumbnailUrl\":\"https:\\\/\\\/diariotextual.com\\\/inicio\\\/wp-content\\\/uploads\\\/2023\\\/07\\\/cicarehelicoptero2023-1.jpg\",\"articleSection\":[\"A - ES NOTICIA (van abajo)\",\"SOCIEDAD\"],\"inLanguage\":\"es\"},{\"@type\":\"WebPage\",\"@id\":\"https:\\\/\\\/diariotextual.com\\\/inicio\\\/index.php\\\/2023\\\/07\\\/30\\\/una-pyme-argentina-va-a-exportar-el-primer-helicoptero-ultraliviano-a-alemania\\\/\",\"url\":\"https:\\\/\\\/diariotextual.com\\\/inicio\\\/index.php\\\/2023\\\/07\\\/30\\\/una-pyme-argentina-va-a-exportar-el-primer-helicoptero-ultraliviano-a-alemania\\\/\",\"name\":\"Una pyme argentina va a exportar el primer helic\u00f3ptero ultraliviano a Alemania - Diario Textual\",\"isPartOf\":{\"@id\":\"https:\\\/\\\/diariotextual.com\\\/inicio\\\/#website\"},\"primaryImageOfPage\":{\"@id\":\"https:\\\/\\\/diariotextual.com\\\/inicio\\\/index.php\\\/2023\\\/07\\\/30\\\/una-pyme-argentina-va-a-exportar-el-primer-helicoptero-ultraliviano-a-alemania\\\/#primaryimage\"},\"image\":{\"@id\":\"https:\\\/\\\/diariotextual.com\\\/inicio\\\/index.php\\\/2023\\\/07\\\/30\\\/una-pyme-argentina-va-a-exportar-el-primer-helicoptero-ultraliviano-a-alemania\\\/#primaryimage\"},\"thumbnailUrl\":\"https:\\\/\\\/diariotextual.com\\\/inicio\\\/wp-content\\\/uploads\\\/2023\\\/07\\\/cicarehelicoptero2023-1.jpg\",\"datePublished\":\"2023-07-30T21:52:15+00:00\",\"dateModified\":\"2023-07-31T01:07:22+00:00\",\"breadcrumb\":{\"@id\":\"https:\\\/\\\/diariotextual.com\\\/inicio\\\/index.php\\\/2023\\\/07\\\/30\\\/una-pyme-argentina-va-a-exportar-el-primer-helicoptero-ultraliviano-a-alemania\\\/#breadcrumb\"},\"inLanguage\":\"es\",\"potentialAction\":[{\"@type\":\"ReadAction\",\"target\":[\"https:\\\/\\\/diariotextual.com\\\/inicio\\\/index.php\\\/2023\\\/07\\\/30\\\/una-pyme-argentina-va-a-exportar-el-primer-helicoptero-ultraliviano-a-alemania\\\/\"]}]},{\"@type\":\"ImageObject\",\"inLanguage\":\"es\",\"@id\":\"https:\\\/\\\/diariotextual.com\\\/inicio\\\/index.php\\\/2023\\\/07\\\/30\\\/una-pyme-argentina-va-a-exportar-el-primer-helicoptero-ultraliviano-a-alemania\\\/#primaryimage\",\"url\":\"https:\\\/\\\/diariotextual.com\\\/inicio\\\/wp-content\\\/uploads\\\/2023\\\/07\\\/cicarehelicoptero2023-1.jpg\",\"contentUrl\":\"https:\\\/\\\/diariotextual.com\\\/inicio\\\/wp-content\\\/uploads\\\/2023\\\/07\\\/cicarehelicoptero2023-1.jpg\",\"width\":1500,\"height\":1011},{\"@type\":\"BreadcrumbList\",\"@id\":\"https:\\\/\\\/diariotextual.com\\\/inicio\\\/index.php\\\/2023\\\/07\\\/30\\\/una-pyme-argentina-va-a-exportar-el-primer-helicoptero-ultraliviano-a-alemania\\\/#breadcrumb\",\"itemListElement\":[{\"@type\":\"ListItem\",\"position\":1,\"name\":\"Portada\",\"item\":\"https:\\\/\\\/diariotextual.com\\\/inicio\\\/\"},{\"@type\":\"ListItem\",\"position\":2,\"name\":\"Una pyme argentina va a exportar el primer helic\u00f3ptero ultraliviano a Alemania\"}]},{\"@type\":\"WebSite\",\"@id\":\"https:\\\/\\\/diariotextual.com\\\/inicio\\\/#website\",\"url\":\"https:\\\/\\\/diariotextual.com\\\/inicio\\\/\",\"name\":\"Diario Textual\",\"description\":\"\",\"publisher\":{\"@id\":\"https:\\\/\\\/diariotextual.com\\\/inicio\\\/#organization\"},\"potentialAction\":[{\"@type\":\"SearchAction\",\"target\":{\"@type\":\"EntryPoint\",\"urlTemplate\":\"https:\\\/\\\/diariotextual.com\\\/inicio\\\/?s={search_term_string}\"},\"query-input\":{\"@type\":\"PropertyValueSpecification\",\"valueRequired\":true,\"valueName\":\"search_term_string\"}}],\"inLanguage\":\"es\"},{\"@type\":\"Organization\",\"@id\":\"https:\\\/\\\/diariotextual.com\\\/inicio\\\/#organization\",\"name\":\"Diario Textual\",\"url\":\"https:\\\/\\\/diariotextual.com\\\/inicio\\\/\",\"logo\":{\"@type\":\"ImageObject\",\"inLanguage\":\"es\",\"@id\":\"https:\\\/\\\/diariotextual.com\\\/inicio\\\/#\\\/schema\\\/logo\\\/image\\\/\",\"url\":\"https:\\\/\\\/diariotextual.com\\\/inicio\\\/wp-content\\\/uploads\\\/2023\\\/05\\\/logotextual1.jpg\",\"contentUrl\":\"https:\\\/\\\/diariotextual.com\\\/inicio\\\/wp-content\\\/uploads\\\/2023\\\/05\\\/logotextual1.jpg\",\"width\":516,\"height\":76,\"caption\":\"Diario Textual\"},\"image\":{\"@id\":\"https:\\\/\\\/diariotextual.com\\\/inicio\\\/#\\\/schema\\\/logo\\\/image\\\/\"},\"sameAs\":[\"https:\\\/\\\/www.facebook.com\\\/eltextual\",\"https:\\\/\\\/x.com\\\/eltextual\",\"http:\\\/\\\/www.instagram.com\\\/eltextual\"]},{\"@type\":\"Person\",\"@id\":\"https:\\\/\\\/diariotextual.com\\\/inicio\\\/#\\\/schema\\\/person\\\/418fc4093c33e86ed41562db3508f958\",\"name\":\"Diario1 Diario1\",\"image\":{\"@type\":\"ImageObject\",\"inLanguage\":\"es\",\"@id\":\"https:\\\/\\\/secure.gravatar.com\\\/avatar\\\/9167d280179c85bc18be67aa7eda765854300033af4896dd779b608640f2ef7a?s=96&d=mm&r=g\",\"url\":\"https:\\\/\\\/secure.gravatar.com\\\/avatar\\\/9167d280179c85bc18be67aa7eda765854300033af4896dd779b608640f2ef7a?s=96&d=mm&r=g\",\"contentUrl\":\"https:\\\/\\\/secure.gravatar.com\\\/avatar\\\/9167d280179c85bc18be67aa7eda765854300033af4896dd779b608640f2ef7a?s=96&d=mm&r=g\",\"caption\":\"Diario1 Diario1\"},\"url\":\"https:\\\/\\\/diariotextual.com\\\/inicio\\\/index.php\\\/author\\\/diario1\\\/\"}]}<\/script>\n<!-- \/ Yoast SEO plugin. -->","yoast_head_json":{"title":"Una pyme argentina va a exportar el primer helic\u00f3ptero ultraliviano a Alemania - Diario Textual","robots":{"index":"index","follow":"follow","max-snippet":"max-snippet:-1","max-image-preview":"max-image-preview:large","max-video-preview":"max-video-preview:-1"},"canonical":"https:\/\/diariotextual.com\/inicio\/index.php\/2023\/07\/30\/una-pyme-argentina-va-a-exportar-el-primer-helicoptero-ultraliviano-a-alemania\/","og_locale":"es_ES","og_type":"article","og_title":"Una pyme argentina va a exportar el primer helic\u00f3ptero ultraliviano a Alemania - Diario Textual","og_description":"La empresa pyme Cicar\u00e9, con el apoyo del Instituto Nacional de Tecnolog\u00eda Industrial (INTI), va a exportar a Alemania el primer helic\u00f3ptero ultraliviano certificado producido en la Argentina. La firma&hellip;","og_url":"https:\/\/diariotextual.com\/inicio\/index.php\/2023\/07\/30\/una-pyme-argentina-va-a-exportar-el-primer-helicoptero-ultraliviano-a-alemania\/","og_site_name":"Diario Textual","article_publisher":"https:\/\/www.facebook.com\/eltextual","article_published_time":"2023-07-30T21:52:15+00:00","article_modified_time":"2023-07-31T01:07:22+00:00","og_image":[{"width":1500,"height":1011,"url":"https:\/\/diariotextual.com\/inicio\/wp-content\/uploads\/2023\/07\/cicarehelicoptero2023-1.jpg","type":"image\/jpeg"}],"author":"Diario1 Diario1","twitter_card":"summary_large_image","twitter_creator":"@eltextual","twitter_site":"@eltextual","twitter_misc":{"Escrito por":"Diario1 Diario1","Tiempo de lectura":"3 minutos"},"schema":{"@context":"https:\/\/schema.org","@graph":[{"@type":"Article","@id":"https:\/\/diariotextual.com\/inicio\/index.php\/2023\/07\/30\/una-pyme-argentina-va-a-exportar-el-primer-helicoptero-ultraliviano-a-alemania\/#article","isPartOf":{"@id":"https:\/\/diariotextual.com\/inicio\/index.php\/2023\/07\/30\/una-pyme-argentina-va-a-exportar-el-primer-helicoptero-ultraliviano-a-alemania\/"},"author":{"name":"Diario1 Diario1","@id":"https:\/\/diariotextual.com\/inicio\/#\/schema\/person\/418fc4093c33e86ed41562db3508f958"},"headline":"Una pyme argentina va a exportar el primer helic\u00f3ptero ultraliviano a Alemania","datePublished":"2023-07-30T21:52:15+00:00","dateModified":"2023-07-31T01:07:22+00:00","mainEntityOfPage":{"@id":"https:\/\/diariotextual.com\/inicio\/index.php\/2023\/07\/30\/una-pyme-argentina-va-a-exportar-el-primer-helicoptero-ultraliviano-a-alemania\/"},"wordCount":698,"publisher":{"@id":"https:\/\/diariotextual.com\/inicio\/#organization"},"image":{"@id":"https:\/\/diariotextual.com\/inicio\/index.php\/2023\/07\/30\/una-pyme-argentina-va-a-exportar-el-primer-helicoptero-ultraliviano-a-alemania\/#primaryimage"},"thumbnailUrl":"https:\/\/diariotextual.com\/inicio\/wp-content\/uploads\/2023\/07\/cicarehelicoptero2023-1.jpg","articleSection":["A - ES NOTICIA (van abajo)","SOCIEDAD"],"inLanguage":"es"},{"@type":"WebPage","@id":"https:\/\/diariotextual.com\/inicio\/index.php\/2023\/07\/30\/una-pyme-argentina-va-a-exportar-el-primer-helicoptero-ultraliviano-a-alemania\/","url":"https:\/\/diariotextual.com\/inicio\/index.php\/2023\/07\/30\/una-pyme-argentina-va-a-exportar-el-primer-helicoptero-ultraliviano-a-alemania\/","name":"Una pyme argentina va a exportar el primer helic\u00f3ptero ultraliviano a Alemania - Diario Textual","isPartOf":{"@id":"https:\/\/diariotextual.com\/inicio\/#website"},"primaryImageOfPage":{"@id":"https:\/\/diariotextual.com\/inicio\/index.php\/2023\/07\/30\/una-pyme-argentina-va-a-exportar-el-primer-helicoptero-ultraliviano-a-alemania\/#primaryimage"},"image":{"@id":"https:\/\/diariotextual.com\/inicio\/index.php\/2023\/07\/30\/una-pyme-argentina-va-a-exportar-el-primer-helicoptero-ultraliviano-a-alemania\/#primaryimage"},"thumbnailUrl":"https:\/\/diariotextual.com\/inicio\/wp-content\/uploads\/2023\/07\/cicarehelicoptero2023-1.jpg","datePublished":"2023-07-30T21:52:15+00:00","dateModified":"2023-07-31T01:07:22+00:00","breadcrumb":{"@id":"https:\/\/diariotextual.com\/inicio\/index.php\/2023\/07\/30\/una-pyme-argentina-va-a-exportar-el-primer-helicoptero-ultraliviano-a-alemania\/#breadcrumb"},"inLanguage":"es","potentialAction":[{"@type":"ReadAction","target":["https:\/\/diariotextual.com\/inicio\/index.php\/2023\/07\/30\/una-pyme-argentina-va-a-exportar-el-primer-helicoptero-ultraliviano-a-alemania\/"]}]},{"@type":"ImageObject","inLanguage":"es","@id":"https:\/\/diariotextual.com\/inicio\/index.php\/2023\/07\/30\/una-pyme-argentina-va-a-exportar-el-primer-helicoptero-ultraliviano-a-alemania\/#primaryimage","url":"https:\/\/diariotextual.com\/inicio\/wp-content\/uploads\/2023\/07\/cicarehelicoptero2023-1.jpg","contentUrl":"https:\/\/diariotextual.com\/inicio\/wp-content\/uploads\/2023\/07\/cicarehelicoptero2023-1.jpg","width":1500,"height":1011},{"@type":"BreadcrumbList","@id":"https:\/\/diariotextual.com\/inicio\/index.php\/2023\/07\/30\/una-pyme-argentina-va-a-exportar-el-primer-helicoptero-ultraliviano-a-alemania\/#breadcrumb","itemListElement":[{"@type":"ListItem","position":1,"name":"Portada","item":"https:\/\/diariotextual.com\/inicio\/"},{"@type":"ListItem","position":2,"name":"Una pyme argentina va a exportar el primer helic\u00f3ptero ultraliviano a Alemania"}]},{"@type":"WebSite","@id":"https:\/\/diariotextual.com\/inicio\/#website","url":"https:\/\/diariotextual.com\/inicio\/","name":"Diario Textual","description":"","publisher":{"@id":"https:\/\/diariotextual.com\/inicio\/#organization"},"potentialAction":[{"@type":"SearchAction","target":{"@type":"EntryPoint","urlTemplate":"https:\/\/diariotextual.com\/inicio\/?s={search_term_string}"},"query-input":{"@type":"PropertyValueSpecification","valueRequired":true,"valueName":"search_term_string"}}],"inLanguage":"es"},{"@type":"Organization","@id":"https:\/\/diariotextual.com\/inicio\/#organization","name":"Diario Textual","url":"https:\/\/diariotextual.com\/inicio\/","logo":{"@type":"ImageObject","inLanguage":"es","@id":"https:\/\/diariotextual.com\/inicio\/#\/schema\/logo\/image\/","url":"https:\/\/diariotextual.com\/inicio\/wp-content\/uploads\/2023\/05\/logotextual1.jpg","contentUrl":"https:\/\/diariotextual.com\/inicio\/wp-content\/uploads\/2023\/05\/logotextual1.jpg","width":516,"height":76,"caption":"Diario Textual"},"image":{"@id":"https:\/\/diariotextual.com\/inicio\/#\/schema\/logo\/image\/"},"sameAs":["https:\/\/www.facebook.com\/eltextual","https:\/\/x.com\/eltextual","http:\/\/www.instagram.com\/eltextual"]},{"@type":"Person","@id":"https:\/\/diariotextual.com\/inicio\/#\/schema\/person\/418fc4093c33e86ed41562db3508f958","name":"Diario1 Diario1","image":{"@type":"ImageObject","inLanguage":"es","@id":"https:\/\/secure.gravatar.com\/avatar\/9167d280179c85bc18be67aa7eda765854300033af4896dd779b608640f2ef7a?s=96&d=mm&r=g","url":"https:\/\/secure.gravatar.com\/avatar\/9167d280179c85bc18be67aa7eda765854300033af4896dd779b608640f2ef7a?s=96&d=mm&r=g","contentUrl":"https:\/\/secure.gravatar.com\/avatar\/9167d280179c85bc18be67aa7eda765854300033af4896dd779b608640f2ef7a?s=96&d=mm&r=g","caption":"Diario1 Diario1"},"url":"https:\/\/diariotextual.com\/inicio\/index.php\/author\/diario1\/"}]}},"_links":{"self":[{"href":"https:\/\/diariotextual.com\/inicio\/index.php\/wp-json\/wp\/v2\/posts\/232405","targetHints":{"allow":["GET"]}}],"collection":[{"href":"https:\/\/diariotextual.com\/inicio\/index.php\/wp-json\/wp\/v2\/posts"}],"about":[{"href":"https:\/\/diariotextual.com\/inicio\/index.php\/wp-json\/wp\/v2\/types\/post"}],"author":[{"embeddable":true,"href":"https:\/\/diariotextual.com\/inicio\/index.php\/wp-json\/wp\/v2\/users\/3"}],"replies":[{"embeddable":true,"href":"https:\/\/diariotextual.com\/inicio\/index.php\/wp-json\/wp\/v2\/comments?post=232405"}],"version-history":[{"count":2,"href":"https:\/\/diariotextual.com\/inicio\/index.php\/wp-json\/wp\/v2\/posts\/232405\/revisions"}],"predecessor-version":[{"id":232407,"href":"https:\/\/diariotextual.com\/inicio\/index.php\/wp-json\/wp\/v2\/posts\/232405\/revisions\/232407"}],"wp:featuredmedia":[{"embeddable":true,"href":"https:\/\/diariotextual.com\/inicio\/index.php\/wp-json\/wp\/v2\/media\/232408"}],"wp:attachment":[{"href":"https:\/\/diariotextual.com\/inicio\/index.php\/wp-json\/wp\/v2\/media?parent=232405"}],"wp:term":[{"taxonomy":"category","embeddable":true,"href":"https:\/\/diariotextual.com\/inicio\/index.php\/wp-json\/wp\/v2\/categories?post=232405"},{"taxonomy":"post_tag","embeddable":true,"href":"https:\/\/diariotextual.com\/inicio\/index.php\/wp-json\/wp\/v2\/tags?post=232405"}],"curies":[{"name":"wp","href":"https:\/\/api.w.org\/{rel}","templated":true}]}}