{"id":232418,"date":"2023-07-30T21:00:24","date_gmt":"2023-07-31T00:00:24","guid":{"rendered":"https:\/\/diariotextual.com\/inicio\/?p=232418"},"modified":"2023-07-31T08:31:31","modified_gmt":"2023-07-31T11:31:31","slug":"hubo-un-incremento-considerable-en-los-casos-de-trata-en-la-provincia","status":"publish","type":"post","link":"https:\/\/diariotextual.com\/inicio\/index.php\/2023\/07\/30\/hubo-un-incremento-considerable-en-los-casos-de-trata-en-la-provincia\/","title":{"rendered":"\u201cHubo un incremento considerable en los casos de trata en la provincia\u201d"},"content":{"rendered":"\n<p>Este domingo, en el D\u00eda Mundial contra la Trata de Personas que se recuerda el 30 de julio, tuvo lugar una actividad de sensibilizaci\u00f3n y visibilizaci\u00f3n contra este flagelo social. Estuvo a cargo de la Comisi\u00f3n Ejecutora del Programa de Lucha contra la Trata y Explotaci\u00f3n de Persona de la Provincia, que coordina como punto focal la Subsecretar\u00eda de Derechos Humanos y la integran distintos ministerios, secretar\u00edas y organismos estatales.<\/p>\n\n\n\n<p>La actividad consisti\u00f3 en la pegatina de obleas en taxis y micros en la Terminal de \u00d3mnibus de Santa Rosa, como as\u00ed tambi\u00e9n la entrega de folleter\u00edas a las y los pasajeros, personal de la Terminal y transe\u00fantes.<\/p>\n\n\n\n<p>El subsecretario de Derechos Humanos, Juan Pablo Fasce, indic\u00f3 que la actividad tuvo muy buena recepci\u00f3n por quienes recibieron la oblea o folleter\u00eda. \u201cEste es un crimen muy grave, que preocupa a la sociedad y as\u00ed qued\u00f3 demostrado en cada una de las personas que abordamos\u201d, dijo.<\/p>\n\n\n\n<p>\u201cEs una tragedia social que se agrava en tiempos de crisis y por lo tanto redoblamos esfuerzos para advertir a la sociedad, para que identifique y denuncie cualquier caso de presunta trata de personas ante las autoridades\u201d, continu\u00f3.<\/p>\n\n\n\n<p><\/p>\n\n\n\n<p>\u201cHubo un incremento considerable en los casos de trata en la provincia en los \u00faltimos tiempos por la situaci\u00f3n de crisis econ\u00f3mica. Si bien la v\u00edctima puede ser cualquier persona, los sectores m\u00e1s vulnerables son los m\u00e1s expuestos\u201d, explic\u00f3 Fasce.<\/p>\n\n\n\n<figure class=\"wp-block-image size-large\"><img fetchpriority=\"high\" decoding=\"async\" width=\"1024\" height=\"687\" src=\"https:\/\/diariotextual.com\/inicio\/wp-content\/uploads\/2023\/07\/diamundialcontralatrata2023-2-1024x687.jpg\" alt=\"\" class=\"wp-image-232420\" srcset=\"https:\/\/diariotextual.com\/inicio\/wp-content\/uploads\/2023\/07\/diamundialcontralatrata2023-2-1024x687.jpg 1024w, https:\/\/diariotextual.com\/inicio\/wp-content\/uploads\/2023\/07\/diamundialcontralatrata2023-2-300x201.jpg 300w, https:\/\/diariotextual.com\/inicio\/wp-content\/uploads\/2023\/07\/diamundialcontralatrata2023-2-768x516.jpg 768w, https:\/\/diariotextual.com\/inicio\/wp-content\/uploads\/2023\/07\/diamundialcontralatrata2023-2-1170x785.jpg 1170w, https:\/\/diariotextual.com\/inicio\/wp-content\/uploads\/2023\/07\/diamundialcontralatrata2023-2-585x393.jpg 585w, https:\/\/diariotextual.com\/inicio\/wp-content\/uploads\/2023\/07\/diamundialcontralatrata2023-2-263x175.jpg 263w, https:\/\/diariotextual.com\/inicio\/wp-content\/uploads\/2023\/07\/diamundialcontralatrata2023-2.jpg 1500w\" sizes=\"(max-width: 1024px) 100vw, 1024px\" \/><\/figure>\n\n\n\n<p><\/p>\n\n\n\n<p>: \u201cHacemos hincapi\u00e9 en los medios de transporte con esta campa\u00f1a porque la trata es el ofrecimiento, la captaci\u00f3n, el traslado, la acogida y la recepci\u00f3n de personas con el fin de explotarla. Muchos casos se han podido evitar gracias a la denuncia de los choferes. La trata es un crimen y una grave violaci\u00f3n a los derechos humanos, denostando la integridad, dignidad y libertad de las personas\u201d, dijo.<\/p>\n\n\n\n<p>Ante cualquier sospecha, denunci\u00e1 llamando al n\u00famero 145. La trata no se ve a simple vista.<\/p>\n","protected":false},"excerpt":{"rendered":"<p>Este domingo, en el D\u00eda Mundial contra la Trata de Personas que se recuerda el 30 de julio, tuvo lugar una actividad de sensibilizaci\u00f3n y visibilizaci\u00f3n contra este flagelo social.&hellip;<\/p>\n","protected":false},"author":3,"featured_media":232421,"comment_status":"closed","ping_status":"open","sticky":false,"template":"","format":"standard","meta":{"_acf_changed":false,"footnotes":""},"categories":[1,12],"tags":[],"class_list":["post-232418","post","type-post","status-publish","format-standard","has-post-thumbnail","hentry","category-es-noticia","category-sociedad"],"acf":[],"yoast_head":"<!-- This site is optimized with the Yoast SEO plugin v27.5 - https:\/\/yoast.com\/product\/yoast-seo-wordpress\/ -->\n<title>\u201cHubo un incremento considerable en los casos de trata en la provincia\u201d - Diario Textual<\/title>\n<meta name=\"robots\" content=\"index, follow, max-snippet:-1, max-image-preview:large, max-video-preview:-1\" \/>\n<link rel=\"canonical\" href=\"https:\/\/diariotextual.com\/inicio\/index.php\/2023\/07\/30\/hubo-un-incremento-considerable-en-los-casos-de-trata-en-la-provincia\/\" \/>\n<meta property=\"og:locale\" content=\"es_ES\" \/>\n<meta property=\"og:type\" content=\"article\" \/>\n<meta property=\"og:title\" content=\"\u201cHubo un incremento considerable en los casos de trata en la provincia\u201d - Diario Textual\" \/>\n<meta property=\"og:description\" content=\"Este domingo, en el D\u00eda Mundial contra la Trata de Personas que se recuerda el 30 de julio, tuvo lugar una actividad de sensibilizaci\u00f3n y visibilizaci\u00f3n contra este flagelo social.&hellip;\" \/>\n<meta property=\"og:url\" content=\"https:\/\/diariotextual.com\/inicio\/index.php\/2023\/07\/30\/hubo-un-incremento-considerable-en-los-casos-de-trata-en-la-provincia\/\" \/>\n<meta property=\"og:site_name\" content=\"Diario Textual\" \/>\n<meta property=\"article:publisher\" content=\"https:\/\/www.facebook.com\/eltextual\" \/>\n<meta property=\"article:published_time\" content=\"2023-07-31T00:00:24+00:00\" \/>\n<meta property=\"article:modified_time\" content=\"2023-07-31T11:31:31+00:00\" \/>\n<meta property=\"og:image\" content=\"https:\/\/diariotextual.com\/inicio\/wp-content\/uploads\/2023\/07\/diamundialcontralatrata2023-1.jpg\" \/>\n\t<meta property=\"og:image:width\" content=\"1500\" \/>\n\t<meta property=\"og:image:height\" content=\"959\" \/>\n\t<meta property=\"og:image:type\" content=\"image\/jpeg\" \/>\n<meta name=\"author\" content=\"Diario1 Diario1\" \/>\n<meta name=\"twitter:card\" content=\"summary_large_image\" \/>\n<meta name=\"twitter:creator\" content=\"@eltextual\" \/>\n<meta name=\"twitter:site\" content=\"@eltextual\" \/>\n<meta name=\"twitter:label1\" content=\"Escrito por\" \/>\n\t<meta name=\"twitter:data1\" content=\"Diario1 Diario1\" \/>\n\t<meta name=\"twitter:label2\" content=\"Tiempo de lectura\" \/>\n\t<meta name=\"twitter:data2\" content=\"2 minutos\" \/>\n<script type=\"application\/ld+json\" class=\"yoast-schema-graph\">{\"@context\":\"https:\\\/\\\/schema.org\",\"@graph\":[{\"@type\":\"Article\",\"@id\":\"https:\\\/\\\/diariotextual.com\\\/inicio\\\/index.php\\\/2023\\\/07\\\/30\\\/hubo-un-incremento-considerable-en-los-casos-de-trata-en-la-provincia\\\/#article\",\"isPartOf\":{\"@id\":\"https:\\\/\\\/diariotextual.com\\\/inicio\\\/index.php\\\/2023\\\/07\\\/30\\\/hubo-un-incremento-considerable-en-los-casos-de-trata-en-la-provincia\\\/\"},\"author\":{\"name\":\"Diario1 Diario1\",\"@id\":\"https:\\\/\\\/diariotextual.com\\\/inicio\\\/#\\\/schema\\\/person\\\/418fc4093c33e86ed41562db3508f958\"},\"headline\":\"\u201cHubo un incremento considerable en los casos de trata en la provincia\u201d\",\"datePublished\":\"2023-07-31T00:00:24+00:00\",\"dateModified\":\"2023-07-31T11:31:31+00:00\",\"mainEntityOfPage\":{\"@id\":\"https:\\\/\\\/diariotextual.com\\\/inicio\\\/index.php\\\/2023\\\/07\\\/30\\\/hubo-un-incremento-considerable-en-los-casos-de-trata-en-la-provincia\\\/\"},\"wordCount\":349,\"publisher\":{\"@id\":\"https:\\\/\\\/diariotextual.com\\\/inicio\\\/#organization\"},\"image\":{\"@id\":\"https:\\\/\\\/diariotextual.com\\\/inicio\\\/index.php\\\/2023\\\/07\\\/30\\\/hubo-un-incremento-considerable-en-los-casos-de-trata-en-la-provincia\\\/#primaryimage\"},\"thumbnailUrl\":\"https:\\\/\\\/diariotextual.com\\\/inicio\\\/wp-content\\\/uploads\\\/2023\\\/07\\\/diamundialcontralatrata2023-1.jpg\",\"articleSection\":[\"A - ES NOTICIA (van abajo)\",\"SOCIEDAD\"],\"inLanguage\":\"es\"},{\"@type\":\"WebPage\",\"@id\":\"https:\\\/\\\/diariotextual.com\\\/inicio\\\/index.php\\\/2023\\\/07\\\/30\\\/hubo-un-incremento-considerable-en-los-casos-de-trata-en-la-provincia\\\/\",\"url\":\"https:\\\/\\\/diariotextual.com\\\/inicio\\\/index.php\\\/2023\\\/07\\\/30\\\/hubo-un-incremento-considerable-en-los-casos-de-trata-en-la-provincia\\\/\",\"name\":\"\u201cHubo un incremento considerable en los casos de trata en la provincia\u201d - Diario Textual\",\"isPartOf\":{\"@id\":\"https:\\\/\\\/diariotextual.com\\\/inicio\\\/#website\"},\"primaryImageOfPage\":{\"@id\":\"https:\\\/\\\/diariotextual.com\\\/inicio\\\/index.php\\\/2023\\\/07\\\/30\\\/hubo-un-incremento-considerable-en-los-casos-de-trata-en-la-provincia\\\/#primaryimage\"},\"image\":{\"@id\":\"https:\\\/\\\/diariotextual.com\\\/inicio\\\/index.php\\\/2023\\\/07\\\/30\\\/hubo-un-incremento-considerable-en-los-casos-de-trata-en-la-provincia\\\/#primaryimage\"},\"thumbnailUrl\":\"https:\\\/\\\/diariotextual.com\\\/inicio\\\/wp-content\\\/uploads\\\/2023\\\/07\\\/diamundialcontralatrata2023-1.jpg\",\"datePublished\":\"2023-07-31T00:00:24+00:00\",\"dateModified\":\"2023-07-31T11:31:31+00:00\",\"breadcrumb\":{\"@id\":\"https:\\\/\\\/diariotextual.com\\\/inicio\\\/index.php\\\/2023\\\/07\\\/30\\\/hubo-un-incremento-considerable-en-los-casos-de-trata-en-la-provincia\\\/#breadcrumb\"},\"inLanguage\":\"es\",\"potentialAction\":[{\"@type\":\"ReadAction\",\"target\":[\"https:\\\/\\\/diariotextual.com\\\/inicio\\\/index.php\\\/2023\\\/07\\\/30\\\/hubo-un-incremento-considerable-en-los-casos-de-trata-en-la-provincia\\\/\"]}]},{\"@type\":\"ImageObject\",\"inLanguage\":\"es\",\"@id\":\"https:\\\/\\\/diariotextual.com\\\/inicio\\\/index.php\\\/2023\\\/07\\\/30\\\/hubo-un-incremento-considerable-en-los-casos-de-trata-en-la-provincia\\\/#primaryimage\",\"url\":\"https:\\\/\\\/diariotextual.com\\\/inicio\\\/wp-content\\\/uploads\\\/2023\\\/07\\\/diamundialcontralatrata2023-1.jpg\",\"contentUrl\":\"https:\\\/\\\/diariotextual.com\\\/inicio\\\/wp-content\\\/uploads\\\/2023\\\/07\\\/diamundialcontralatrata2023-1.jpg\",\"width\":1500,\"height\":959},{\"@type\":\"BreadcrumbList\",\"@id\":\"https:\\\/\\\/diariotextual.com\\\/inicio\\\/index.php\\\/2023\\\/07\\\/30\\\/hubo-un-incremento-considerable-en-los-casos-de-trata-en-la-provincia\\\/#breadcrumb\",\"itemListElement\":[{\"@type\":\"ListItem\",\"position\":1,\"name\":\"Portada\",\"item\":\"https:\\\/\\\/diariotextual.com\\\/inicio\\\/\"},{\"@type\":\"ListItem\",\"position\":2,\"name\":\"\u201cHubo un incremento considerable en los casos de trata en la provincia\u201d\"}]},{\"@type\":\"WebSite\",\"@id\":\"https:\\\/\\\/diariotextual.com\\\/inicio\\\/#website\",\"url\":\"https:\\\/\\\/diariotextual.com\\\/inicio\\\/\",\"name\":\"Diario Textual\",\"description\":\"\",\"publisher\":{\"@id\":\"https:\\\/\\\/diariotextual.com\\\/inicio\\\/#organization\"},\"potentialAction\":[{\"@type\":\"SearchAction\",\"target\":{\"@type\":\"EntryPoint\",\"urlTemplate\":\"https:\\\/\\\/diariotextual.com\\\/inicio\\\/?s={search_term_string}\"},\"query-input\":{\"@type\":\"PropertyValueSpecification\",\"valueRequired\":true,\"valueName\":\"search_term_string\"}}],\"inLanguage\":\"es\"},{\"@type\":\"Organization\",\"@id\":\"https:\\\/\\\/diariotextual.com\\\/inicio\\\/#organization\",\"name\":\"Diario Textual\",\"url\":\"https:\\\/\\\/diariotextual.com\\\/inicio\\\/\",\"logo\":{\"@type\":\"ImageObject\",\"inLanguage\":\"es\",\"@id\":\"https:\\\/\\\/diariotextual.com\\\/inicio\\\/#\\\/schema\\\/logo\\\/image\\\/\",\"url\":\"https:\\\/\\\/diariotextual.com\\\/inicio\\\/wp-content\\\/uploads\\\/2023\\\/05\\\/logotextual1.jpg\",\"contentUrl\":\"https:\\\/\\\/diariotextual.com\\\/inicio\\\/wp-content\\\/uploads\\\/2023\\\/05\\\/logotextual1.jpg\",\"width\":516,\"height\":76,\"caption\":\"Diario Textual\"},\"image\":{\"@id\":\"https:\\\/\\\/diariotextual.com\\\/inicio\\\/#\\\/schema\\\/logo\\\/image\\\/\"},\"sameAs\":[\"https:\\\/\\\/www.facebook.com\\\/eltextual\",\"https:\\\/\\\/x.com\\\/eltextual\",\"http:\\\/\\\/www.instagram.com\\\/eltextual\"]},{\"@type\":\"Person\",\"@id\":\"https:\\\/\\\/diariotextual.com\\\/inicio\\\/#\\\/schema\\\/person\\\/418fc4093c33e86ed41562db3508f958\",\"name\":\"Diario1 Diario1\",\"image\":{\"@type\":\"ImageObject\",\"inLanguage\":\"es\",\"@id\":\"https:\\\/\\\/secure.gravatar.com\\\/avatar\\\/9167d280179c85bc18be67aa7eda765854300033af4896dd779b608640f2ef7a?s=96&d=mm&r=g\",\"url\":\"https:\\\/\\\/secure.gravatar.com\\\/avatar\\\/9167d280179c85bc18be67aa7eda765854300033af4896dd779b608640f2ef7a?s=96&d=mm&r=g\",\"contentUrl\":\"https:\\\/\\\/secure.gravatar.com\\\/avatar\\\/9167d280179c85bc18be67aa7eda765854300033af4896dd779b608640f2ef7a?s=96&d=mm&r=g\",\"caption\":\"Diario1 Diario1\"},\"url\":\"https:\\\/\\\/diariotextual.com\\\/inicio\\\/index.php\\\/author\\\/diario1\\\/\"}]}<\/script>\n<!-- \/ Yoast SEO plugin. -->","yoast_head_json":{"title":"\u201cHubo un incremento considerable en los casos de trata en la provincia\u201d - Diario Textual","robots":{"index":"index","follow":"follow","max-snippet":"max-snippet:-1","max-image-preview":"max-image-preview:large","max-video-preview":"max-video-preview:-1"},"canonical":"https:\/\/diariotextual.com\/inicio\/index.php\/2023\/07\/30\/hubo-un-incremento-considerable-en-los-casos-de-trata-en-la-provincia\/","og_locale":"es_ES","og_type":"article","og_title":"\u201cHubo un incremento considerable en los casos de trata en la provincia\u201d - Diario Textual","og_description":"Este domingo, en el D\u00eda Mundial contra la Trata de Personas que se recuerda el 30 de julio, tuvo lugar una actividad de sensibilizaci\u00f3n y visibilizaci\u00f3n contra este flagelo social.&hellip;","og_url":"https:\/\/diariotextual.com\/inicio\/index.php\/2023\/07\/30\/hubo-un-incremento-considerable-en-los-casos-de-trata-en-la-provincia\/","og_site_name":"Diario Textual","article_publisher":"https:\/\/www.facebook.com\/eltextual","article_published_time":"2023-07-31T00:00:24+00:00","article_modified_time":"2023-07-31T11:31:31+00:00","og_image":[{"width":1500,"height":959,"url":"https:\/\/diariotextual.com\/inicio\/wp-content\/uploads\/2023\/07\/diamundialcontralatrata2023-1.jpg","type":"image\/jpeg"}],"author":"Diario1 Diario1","twitter_card":"summary_large_image","twitter_creator":"@eltextual","twitter_site":"@eltextual","twitter_misc":{"Escrito por":"Diario1 Diario1","Tiempo de lectura":"2 minutos"},"schema":{"@context":"https:\/\/schema.org","@graph":[{"@type":"Article","@id":"https:\/\/diariotextual.com\/inicio\/index.php\/2023\/07\/30\/hubo-un-incremento-considerable-en-los-casos-de-trata-en-la-provincia\/#article","isPartOf":{"@id":"https:\/\/diariotextual.com\/inicio\/index.php\/2023\/07\/30\/hubo-un-incremento-considerable-en-los-casos-de-trata-en-la-provincia\/"},"author":{"name":"Diario1 Diario1","@id":"https:\/\/diariotextual.com\/inicio\/#\/schema\/person\/418fc4093c33e86ed41562db3508f958"},"headline":"\u201cHubo un incremento considerable en los casos de trata en la provincia\u201d","datePublished":"2023-07-31T00:00:24+00:00","dateModified":"2023-07-31T11:31:31+00:00","mainEntityOfPage":{"@id":"https:\/\/diariotextual.com\/inicio\/index.php\/2023\/07\/30\/hubo-un-incremento-considerable-en-los-casos-de-trata-en-la-provincia\/"},"wordCount":349,"publisher":{"@id":"https:\/\/diariotextual.com\/inicio\/#organization"},"image":{"@id":"https:\/\/diariotextual.com\/inicio\/index.php\/2023\/07\/30\/hubo-un-incremento-considerable-en-los-casos-de-trata-en-la-provincia\/#primaryimage"},"thumbnailUrl":"https:\/\/diariotextual.com\/inicio\/wp-content\/uploads\/2023\/07\/diamundialcontralatrata2023-1.jpg","articleSection":["A - ES NOTICIA (van abajo)","SOCIEDAD"],"inLanguage":"es"},{"@type":"WebPage","@id":"https:\/\/diariotextual.com\/inicio\/index.php\/2023\/07\/30\/hubo-un-incremento-considerable-en-los-casos-de-trata-en-la-provincia\/","url":"https:\/\/diariotextual.com\/inicio\/index.php\/2023\/07\/30\/hubo-un-incremento-considerable-en-los-casos-de-trata-en-la-provincia\/","name":"\u201cHubo un incremento considerable en los casos de trata en la provincia\u201d - Diario Textual","isPartOf":{"@id":"https:\/\/diariotextual.com\/inicio\/#website"},"primaryImageOfPage":{"@id":"https:\/\/diariotextual.com\/inicio\/index.php\/2023\/07\/30\/hubo-un-incremento-considerable-en-los-casos-de-trata-en-la-provincia\/#primaryimage"},"image":{"@id":"https:\/\/diariotextual.com\/inicio\/index.php\/2023\/07\/30\/hubo-un-incremento-considerable-en-los-casos-de-trata-en-la-provincia\/#primaryimage"},"thumbnailUrl":"https:\/\/diariotextual.com\/inicio\/wp-content\/uploads\/2023\/07\/diamundialcontralatrata2023-1.jpg","datePublished":"2023-07-31T00:00:24+00:00","dateModified":"2023-07-31T11:31:31+00:00","breadcrumb":{"@id":"https:\/\/diariotextual.com\/inicio\/index.php\/2023\/07\/30\/hubo-un-incremento-considerable-en-los-casos-de-trata-en-la-provincia\/#breadcrumb"},"inLanguage":"es","potentialAction":[{"@type":"ReadAction","target":["https:\/\/diariotextual.com\/inicio\/index.php\/2023\/07\/30\/hubo-un-incremento-considerable-en-los-casos-de-trata-en-la-provincia\/"]}]},{"@type":"ImageObject","inLanguage":"es","@id":"https:\/\/diariotextual.com\/inicio\/index.php\/2023\/07\/30\/hubo-un-incremento-considerable-en-los-casos-de-trata-en-la-provincia\/#primaryimage","url":"https:\/\/diariotextual.com\/inicio\/wp-content\/uploads\/2023\/07\/diamundialcontralatrata2023-1.jpg","contentUrl":"https:\/\/diariotextual.com\/inicio\/wp-content\/uploads\/2023\/07\/diamundialcontralatrata2023-1.jpg","width":1500,"height":959},{"@type":"BreadcrumbList","@id":"https:\/\/diariotextual.com\/inicio\/index.php\/2023\/07\/30\/hubo-un-incremento-considerable-en-los-casos-de-trata-en-la-provincia\/#breadcrumb","itemListElement":[{"@type":"ListItem","position":1,"name":"Portada","item":"https:\/\/diariotextual.com\/inicio\/"},{"@type":"ListItem","position":2,"name":"\u201cHubo un incremento considerable en los casos de trata en la provincia\u201d"}]},{"@type":"WebSite","@id":"https:\/\/diariotextual.com\/inicio\/#website","url":"https:\/\/diariotextual.com\/inicio\/","name":"Diario Textual","description":"","publisher":{"@id":"https:\/\/diariotextual.com\/inicio\/#organization"},"potentialAction":[{"@type":"SearchAction","target":{"@type":"EntryPoint","urlTemplate":"https:\/\/diariotextual.com\/inicio\/?s={search_term_string}"},"query-input":{"@type":"PropertyValueSpecification","valueRequired":true,"valueName":"search_term_string"}}],"inLanguage":"es"},{"@type":"Organization","@id":"https:\/\/diariotextual.com\/inicio\/#organization","name":"Diario Textual","url":"https:\/\/diariotextual.com\/inicio\/","logo":{"@type":"ImageObject","inLanguage":"es","@id":"https:\/\/diariotextual.com\/inicio\/#\/schema\/logo\/image\/","url":"https:\/\/diariotextual.com\/inicio\/wp-content\/uploads\/2023\/05\/logotextual1.jpg","contentUrl":"https:\/\/diariotextual.com\/inicio\/wp-content\/uploads\/2023\/05\/logotextual1.jpg","width":516,"height":76,"caption":"Diario Textual"},"image":{"@id":"https:\/\/diariotextual.com\/inicio\/#\/schema\/logo\/image\/"},"sameAs":["https:\/\/www.facebook.com\/eltextual","https:\/\/x.com\/eltextual","http:\/\/www.instagram.com\/eltextual"]},{"@type":"Person","@id":"https:\/\/diariotextual.com\/inicio\/#\/schema\/person\/418fc4093c33e86ed41562db3508f958","name":"Diario1 Diario1","image":{"@type":"ImageObject","inLanguage":"es","@id":"https:\/\/secure.gravatar.com\/avatar\/9167d280179c85bc18be67aa7eda765854300033af4896dd779b608640f2ef7a?s=96&d=mm&r=g","url":"https:\/\/secure.gravatar.com\/avatar\/9167d280179c85bc18be67aa7eda765854300033af4896dd779b608640f2ef7a?s=96&d=mm&r=g","contentUrl":"https:\/\/secure.gravatar.com\/avatar\/9167d280179c85bc18be67aa7eda765854300033af4896dd779b608640f2ef7a?s=96&d=mm&r=g","caption":"Diario1 Diario1"},"url":"https:\/\/diariotextual.com\/inicio\/index.php\/author\/diario1\/"}]}},"_links":{"self":[{"href":"https:\/\/diariotextual.com\/inicio\/index.php\/wp-json\/wp\/v2\/posts\/232418","targetHints":{"allow":["GET"]}}],"collection":[{"href":"https:\/\/diariotextual.com\/inicio\/index.php\/wp-json\/wp\/v2\/posts"}],"about":[{"href":"https:\/\/diariotextual.com\/inicio\/index.php\/wp-json\/wp\/v2\/types\/post"}],"author":[{"embeddable":true,"href":"https:\/\/diariotextual.com\/inicio\/index.php\/wp-json\/wp\/v2\/users\/3"}],"replies":[{"embeddable":true,"href":"https:\/\/diariotextual.com\/inicio\/index.php\/wp-json\/wp\/v2\/comments?post=232418"}],"version-history":[{"count":2,"href":"https:\/\/diariotextual.com\/inicio\/index.php\/wp-json\/wp\/v2\/posts\/232418\/revisions"}],"predecessor-version":[{"id":232422,"href":"https:\/\/diariotextual.com\/inicio\/index.php\/wp-json\/wp\/v2\/posts\/232418\/revisions\/232422"}],"wp:featuredmedia":[{"embeddable":true,"href":"https:\/\/diariotextual.com\/inicio\/index.php\/wp-json\/wp\/v2\/media\/232421"}],"wp:attachment":[{"href":"https:\/\/diariotextual.com\/inicio\/index.php\/wp-json\/wp\/v2\/media?parent=232418"}],"wp:term":[{"taxonomy":"category","embeddable":true,"href":"https:\/\/diariotextual.com\/inicio\/index.php\/wp-json\/wp\/v2\/categories?post=232418"},{"taxonomy":"post_tag","embeddable":true,"href":"https:\/\/diariotextual.com\/inicio\/index.php\/wp-json\/wp\/v2\/tags?post=232418"}],"curies":[{"name":"wp","href":"https:\/\/api.w.org\/{rel}","templated":true}]}}