{"id":232481,"date":"2023-07-31T13:13:15","date_gmt":"2023-07-31T16:13:15","guid":{"rendered":"https:\/\/diariotextual.com\/inicio\/?p=232481"},"modified":"2023-07-31T13:13:17","modified_gmt":"2023-07-31T16:13:17","slug":"cerraron-las-vii-jornadas-de-arquitectura-pampeana-2023","status":"publish","type":"post","link":"https:\/\/diariotextual.com\/inicio\/index.php\/2023\/07\/31\/cerraron-las-vii-jornadas-de-arquitectura-pampeana-2023\/","title":{"rendered":"Cerraron las VII Jornadas de Arquitectura Pampeana 2023"},"content":{"rendered":"\n<p>Concluyeron con \u00e9xito las <strong>VII Jornadas de Arquitectura Pampeana 2023,<\/strong> un evento que reuni\u00f3 a profesionales y entusiastas de la arquitectura en la provincia. La \u00faltima actividad programada fue un \u2018apasionante\u2019 curso de fotograf\u00eda, impartido por el reconocido arquitecto Gonzalo Viramonte, quien recibi\u00f3 una gran bienvenida por parte de los y las participantes.<\/p>\n\n\n\n<p>El curso de fotograf\u00eda, uno de los principales atractivos de las jornadas, const\u00f3 de cuatro clases virtuales que se llevaron a cabo todos los jueves de julio. Los y las participantes tuvieron la oportunidad de adentrarse en el mundo de las fotos de arquitectura, guiados por la experiencia y conocimientos de Viramonte.<\/p>\n\n\n\n<p>El punto culminante del curso fue un recorrido fotogr\u00e1fico por diferentes edificios p\u00fablicos en las ciudades de Santa Rosa y General Pico. En la capital provincial se visitaron la Casa de Gobierno, la catedral y el Poder Judicial, mientras que, en la ciudad norte\u00f1a, tuvieron la oportunidad de explorar la parroquia Nuestra Se\u00f1ora de la Merced, la municipalidad y el Registro Civil. La jornada de fotograf\u00eda result\u00f3 una experiencia enriquecedora para los y las participantes, quienes pudieron aplicar los conocimientos adquiridos durante el curso.<\/p>\n\n\n\n<p>La organizaci\u00f3n de las Jornadas, en un comunicado enviado a Diario Textual, agradeci\u00f3 a toda la matr\u00edcula por su \u201ccompromiso y entusiasmo\u201d en este evento. \u201cLa destacada participaci\u00f3n del arquitecto Viramonte como instructor del curso de fotograf\u00eda fue fundamental para el \u00e9xito de esta jornada\u201d, resalt\u00f3. Asimismo, el agradecimiento abarc\u00f3 tambi\u00e9n a los y las asistentes por su inter\u00e9s y participaci\u00f3n activa en todas las actividades desarrolladas a lo largo del evento. \u201cLas jornadas se convirtieron en un espacio de aprendizaje, intercambio de ideas y reflexi\u00f3n sobre la arquitectura en La Pampa\u201d, concluy\u00f3 el escrito.<\/p>\n","protected":false},"excerpt":{"rendered":"<p>Concluyeron con \u00e9xito las VII Jornadas de Arquitectura Pampeana 2023, un evento que reuni\u00f3 a profesionales y entusiastas de la arquitectura en la provincia. La \u00faltima actividad programada fue un&hellip;<\/p>\n","protected":false},"author":4,"featured_media":232485,"comment_status":"closed","ping_status":"open","sticky":false,"template":"","format":"standard","meta":{"_acf_changed":false,"footnotes":""},"categories":[1,12],"tags":[],"class_list":["post-232481","post","type-post","status-publish","format-standard","has-post-thumbnail","hentry","category-es-noticia","category-sociedad"],"acf":[],"yoast_head":"<!-- This site is optimized with the Yoast SEO plugin v27.5 - https:\/\/yoast.com\/product\/yoast-seo-wordpress\/ -->\n<title>Cerraron las VII Jornadas de Arquitectura Pampeana 2023 - Diario Textual<\/title>\n<meta name=\"robots\" content=\"index, follow, max-snippet:-1, max-image-preview:large, max-video-preview:-1\" \/>\n<link rel=\"canonical\" href=\"https:\/\/diariotextual.com\/inicio\/index.php\/2023\/07\/31\/cerraron-las-vii-jornadas-de-arquitectura-pampeana-2023\/\" \/>\n<meta property=\"og:locale\" content=\"es_ES\" \/>\n<meta property=\"og:type\" content=\"article\" \/>\n<meta property=\"og:title\" content=\"Cerraron las VII Jornadas de Arquitectura Pampeana 2023 - Diario Textual\" \/>\n<meta property=\"og:description\" content=\"Concluyeron con \u00e9xito las VII Jornadas de Arquitectura Pampeana 2023, un evento que reuni\u00f3 a profesionales y entusiastas de la arquitectura en la provincia. La \u00faltima actividad programada fue un&hellip;\" \/>\n<meta property=\"og:url\" content=\"https:\/\/diariotextual.com\/inicio\/index.php\/2023\/07\/31\/cerraron-las-vii-jornadas-de-arquitectura-pampeana-2023\/\" \/>\n<meta property=\"og:site_name\" content=\"Diario Textual\" \/>\n<meta property=\"article:publisher\" content=\"https:\/\/www.facebook.com\/eltextual\" \/>\n<meta property=\"article:published_time\" content=\"2023-07-31T16:13:15+00:00\" \/>\n<meta property=\"article:modified_time\" content=\"2023-07-31T16:13:17+00:00\" \/>\n<meta property=\"og:image\" content=\"https:\/\/diariotextual.com\/inicio\/wp-content\/uploads\/2023\/07\/arquitecturajornadas43625345.jpg\" \/>\n\t<meta property=\"og:image:width\" content=\"1000\" \/>\n\t<meta property=\"og:image:height\" content=\"602\" \/>\n\t<meta property=\"og:image:type\" content=\"image\/jpeg\" \/>\n<meta name=\"author\" content=\"diario2\" \/>\n<meta name=\"twitter:card\" content=\"summary_large_image\" \/>\n<meta name=\"twitter:creator\" content=\"@eltextual\" \/>\n<meta name=\"twitter:site\" content=\"@eltextual\" \/>\n<meta name=\"twitter:label1\" content=\"Escrito por\" \/>\n\t<meta name=\"twitter:data1\" content=\"diario2\" \/>\n\t<meta name=\"twitter:label2\" content=\"Tiempo de lectura\" \/>\n\t<meta name=\"twitter:data2\" content=\"2 minutos\" \/>\n<script type=\"application\/ld+json\" class=\"yoast-schema-graph\">{\"@context\":\"https:\\\/\\\/schema.org\",\"@graph\":[{\"@type\":\"Article\",\"@id\":\"https:\\\/\\\/diariotextual.com\\\/inicio\\\/index.php\\\/2023\\\/07\\\/31\\\/cerraron-las-vii-jornadas-de-arquitectura-pampeana-2023\\\/#article\",\"isPartOf\":{\"@id\":\"https:\\\/\\\/diariotextual.com\\\/inicio\\\/index.php\\\/2023\\\/07\\\/31\\\/cerraron-las-vii-jornadas-de-arquitectura-pampeana-2023\\\/\"},\"author\":{\"name\":\"diario2\",\"@id\":\"https:\\\/\\\/diariotextual.com\\\/inicio\\\/#\\\/schema\\\/person\\\/694f60677f23c4a530867a98f22b3768\"},\"headline\":\"Cerraron las VII Jornadas de Arquitectura Pampeana 2023\",\"datePublished\":\"2023-07-31T16:13:15+00:00\",\"dateModified\":\"2023-07-31T16:13:17+00:00\",\"mainEntityOfPage\":{\"@id\":\"https:\\\/\\\/diariotextual.com\\\/inicio\\\/index.php\\\/2023\\\/07\\\/31\\\/cerraron-las-vii-jornadas-de-arquitectura-pampeana-2023\\\/\"},\"wordCount\":305,\"publisher\":{\"@id\":\"https:\\\/\\\/diariotextual.com\\\/inicio\\\/#organization\"},\"image\":{\"@id\":\"https:\\\/\\\/diariotextual.com\\\/inicio\\\/index.php\\\/2023\\\/07\\\/31\\\/cerraron-las-vii-jornadas-de-arquitectura-pampeana-2023\\\/#primaryimage\"},\"thumbnailUrl\":\"https:\\\/\\\/diariotextual.com\\\/inicio\\\/wp-content\\\/uploads\\\/2023\\\/07\\\/arquitecturajornadas43625345.jpg\",\"articleSection\":[\"A - ES NOTICIA (van abajo)\",\"SOCIEDAD\"],\"inLanguage\":\"es\"},{\"@type\":\"WebPage\",\"@id\":\"https:\\\/\\\/diariotextual.com\\\/inicio\\\/index.php\\\/2023\\\/07\\\/31\\\/cerraron-las-vii-jornadas-de-arquitectura-pampeana-2023\\\/\",\"url\":\"https:\\\/\\\/diariotextual.com\\\/inicio\\\/index.php\\\/2023\\\/07\\\/31\\\/cerraron-las-vii-jornadas-de-arquitectura-pampeana-2023\\\/\",\"name\":\"Cerraron las VII Jornadas de Arquitectura Pampeana 2023 - Diario Textual\",\"isPartOf\":{\"@id\":\"https:\\\/\\\/diariotextual.com\\\/inicio\\\/#website\"},\"primaryImageOfPage\":{\"@id\":\"https:\\\/\\\/diariotextual.com\\\/inicio\\\/index.php\\\/2023\\\/07\\\/31\\\/cerraron-las-vii-jornadas-de-arquitectura-pampeana-2023\\\/#primaryimage\"},\"image\":{\"@id\":\"https:\\\/\\\/diariotextual.com\\\/inicio\\\/index.php\\\/2023\\\/07\\\/31\\\/cerraron-las-vii-jornadas-de-arquitectura-pampeana-2023\\\/#primaryimage\"},\"thumbnailUrl\":\"https:\\\/\\\/diariotextual.com\\\/inicio\\\/wp-content\\\/uploads\\\/2023\\\/07\\\/arquitecturajornadas43625345.jpg\",\"datePublished\":\"2023-07-31T16:13:15+00:00\",\"dateModified\":\"2023-07-31T16:13:17+00:00\",\"breadcrumb\":{\"@id\":\"https:\\\/\\\/diariotextual.com\\\/inicio\\\/index.php\\\/2023\\\/07\\\/31\\\/cerraron-las-vii-jornadas-de-arquitectura-pampeana-2023\\\/#breadcrumb\"},\"inLanguage\":\"es\",\"potentialAction\":[{\"@type\":\"ReadAction\",\"target\":[\"https:\\\/\\\/diariotextual.com\\\/inicio\\\/index.php\\\/2023\\\/07\\\/31\\\/cerraron-las-vii-jornadas-de-arquitectura-pampeana-2023\\\/\"]}]},{\"@type\":\"ImageObject\",\"inLanguage\":\"es\",\"@id\":\"https:\\\/\\\/diariotextual.com\\\/inicio\\\/index.php\\\/2023\\\/07\\\/31\\\/cerraron-las-vii-jornadas-de-arquitectura-pampeana-2023\\\/#primaryimage\",\"url\":\"https:\\\/\\\/diariotextual.com\\\/inicio\\\/wp-content\\\/uploads\\\/2023\\\/07\\\/arquitecturajornadas43625345.jpg\",\"contentUrl\":\"https:\\\/\\\/diariotextual.com\\\/inicio\\\/wp-content\\\/uploads\\\/2023\\\/07\\\/arquitecturajornadas43625345.jpg\",\"width\":1000,\"height\":602},{\"@type\":\"BreadcrumbList\",\"@id\":\"https:\\\/\\\/diariotextual.com\\\/inicio\\\/index.php\\\/2023\\\/07\\\/31\\\/cerraron-las-vii-jornadas-de-arquitectura-pampeana-2023\\\/#breadcrumb\",\"itemListElement\":[{\"@type\":\"ListItem\",\"position\":1,\"name\":\"Portada\",\"item\":\"https:\\\/\\\/diariotextual.com\\\/inicio\\\/\"},{\"@type\":\"ListItem\",\"position\":2,\"name\":\"Cerraron las VII Jornadas de Arquitectura Pampeana 2023\"}]},{\"@type\":\"WebSite\",\"@id\":\"https:\\\/\\\/diariotextual.com\\\/inicio\\\/#website\",\"url\":\"https:\\\/\\\/diariotextual.com\\\/inicio\\\/\",\"name\":\"Diario Textual\",\"description\":\"\",\"publisher\":{\"@id\":\"https:\\\/\\\/diariotextual.com\\\/inicio\\\/#organization\"},\"potentialAction\":[{\"@type\":\"SearchAction\",\"target\":{\"@type\":\"EntryPoint\",\"urlTemplate\":\"https:\\\/\\\/diariotextual.com\\\/inicio\\\/?s={search_term_string}\"},\"query-input\":{\"@type\":\"PropertyValueSpecification\",\"valueRequired\":true,\"valueName\":\"search_term_string\"}}],\"inLanguage\":\"es\"},{\"@type\":\"Organization\",\"@id\":\"https:\\\/\\\/diariotextual.com\\\/inicio\\\/#organization\",\"name\":\"Diario Textual\",\"url\":\"https:\\\/\\\/diariotextual.com\\\/inicio\\\/\",\"logo\":{\"@type\":\"ImageObject\",\"inLanguage\":\"es\",\"@id\":\"https:\\\/\\\/diariotextual.com\\\/inicio\\\/#\\\/schema\\\/logo\\\/image\\\/\",\"url\":\"https:\\\/\\\/diariotextual.com\\\/inicio\\\/wp-content\\\/uploads\\\/2023\\\/05\\\/logotextual1.jpg\",\"contentUrl\":\"https:\\\/\\\/diariotextual.com\\\/inicio\\\/wp-content\\\/uploads\\\/2023\\\/05\\\/logotextual1.jpg\",\"width\":516,\"height\":76,\"caption\":\"Diario Textual\"},\"image\":{\"@id\":\"https:\\\/\\\/diariotextual.com\\\/inicio\\\/#\\\/schema\\\/logo\\\/image\\\/\"},\"sameAs\":[\"https:\\\/\\\/www.facebook.com\\\/eltextual\",\"https:\\\/\\\/x.com\\\/eltextual\",\"http:\\\/\\\/www.instagram.com\\\/eltextual\"]},{\"@type\":\"Person\",\"@id\":\"https:\\\/\\\/diariotextual.com\\\/inicio\\\/#\\\/schema\\\/person\\\/694f60677f23c4a530867a98f22b3768\",\"name\":\"diario2\",\"image\":{\"@type\":\"ImageObject\",\"inLanguage\":\"es\",\"@id\":\"https:\\\/\\\/secure.gravatar.com\\\/avatar\\\/5a2567495ba16b852fcd8f1ed006a2e24fcace936018ed8237e95f488ad6e0a7?s=96&d=mm&r=g\",\"url\":\"https:\\\/\\\/secure.gravatar.com\\\/avatar\\\/5a2567495ba16b852fcd8f1ed006a2e24fcace936018ed8237e95f488ad6e0a7?s=96&d=mm&r=g\",\"contentUrl\":\"https:\\\/\\\/secure.gravatar.com\\\/avatar\\\/5a2567495ba16b852fcd8f1ed006a2e24fcace936018ed8237e95f488ad6e0a7?s=96&d=mm&r=g\",\"caption\":\"diario2\"},\"url\":\"https:\\\/\\\/diariotextual.com\\\/inicio\\\/index.php\\\/author\\\/diario2\\\/\"}]}<\/script>\n<!-- \/ Yoast SEO plugin. -->","yoast_head_json":{"title":"Cerraron las VII Jornadas de Arquitectura Pampeana 2023 - Diario Textual","robots":{"index":"index","follow":"follow","max-snippet":"max-snippet:-1","max-image-preview":"max-image-preview:large","max-video-preview":"max-video-preview:-1"},"canonical":"https:\/\/diariotextual.com\/inicio\/index.php\/2023\/07\/31\/cerraron-las-vii-jornadas-de-arquitectura-pampeana-2023\/","og_locale":"es_ES","og_type":"article","og_title":"Cerraron las VII Jornadas de Arquitectura Pampeana 2023 - Diario Textual","og_description":"Concluyeron con \u00e9xito las VII Jornadas de Arquitectura Pampeana 2023, un evento que reuni\u00f3 a profesionales y entusiastas de la arquitectura en la provincia. La \u00faltima actividad programada fue un&hellip;","og_url":"https:\/\/diariotextual.com\/inicio\/index.php\/2023\/07\/31\/cerraron-las-vii-jornadas-de-arquitectura-pampeana-2023\/","og_site_name":"Diario Textual","article_publisher":"https:\/\/www.facebook.com\/eltextual","article_published_time":"2023-07-31T16:13:15+00:00","article_modified_time":"2023-07-31T16:13:17+00:00","og_image":[{"width":1000,"height":602,"url":"https:\/\/diariotextual.com\/inicio\/wp-content\/uploads\/2023\/07\/arquitecturajornadas43625345.jpg","type":"image\/jpeg"}],"author":"diario2","twitter_card":"summary_large_image","twitter_creator":"@eltextual","twitter_site":"@eltextual","twitter_misc":{"Escrito por":"diario2","Tiempo de lectura":"2 minutos"},"schema":{"@context":"https:\/\/schema.org","@graph":[{"@type":"Article","@id":"https:\/\/diariotextual.com\/inicio\/index.php\/2023\/07\/31\/cerraron-las-vii-jornadas-de-arquitectura-pampeana-2023\/#article","isPartOf":{"@id":"https:\/\/diariotextual.com\/inicio\/index.php\/2023\/07\/31\/cerraron-las-vii-jornadas-de-arquitectura-pampeana-2023\/"},"author":{"name":"diario2","@id":"https:\/\/diariotextual.com\/inicio\/#\/schema\/person\/694f60677f23c4a530867a98f22b3768"},"headline":"Cerraron las VII Jornadas de Arquitectura Pampeana 2023","datePublished":"2023-07-31T16:13:15+00:00","dateModified":"2023-07-31T16:13:17+00:00","mainEntityOfPage":{"@id":"https:\/\/diariotextual.com\/inicio\/index.php\/2023\/07\/31\/cerraron-las-vii-jornadas-de-arquitectura-pampeana-2023\/"},"wordCount":305,"publisher":{"@id":"https:\/\/diariotextual.com\/inicio\/#organization"},"image":{"@id":"https:\/\/diariotextual.com\/inicio\/index.php\/2023\/07\/31\/cerraron-las-vii-jornadas-de-arquitectura-pampeana-2023\/#primaryimage"},"thumbnailUrl":"https:\/\/diariotextual.com\/inicio\/wp-content\/uploads\/2023\/07\/arquitecturajornadas43625345.jpg","articleSection":["A - ES NOTICIA (van abajo)","SOCIEDAD"],"inLanguage":"es"},{"@type":"WebPage","@id":"https:\/\/diariotextual.com\/inicio\/index.php\/2023\/07\/31\/cerraron-las-vii-jornadas-de-arquitectura-pampeana-2023\/","url":"https:\/\/diariotextual.com\/inicio\/index.php\/2023\/07\/31\/cerraron-las-vii-jornadas-de-arquitectura-pampeana-2023\/","name":"Cerraron las VII Jornadas de Arquitectura Pampeana 2023 - Diario Textual","isPartOf":{"@id":"https:\/\/diariotextual.com\/inicio\/#website"},"primaryImageOfPage":{"@id":"https:\/\/diariotextual.com\/inicio\/index.php\/2023\/07\/31\/cerraron-las-vii-jornadas-de-arquitectura-pampeana-2023\/#primaryimage"},"image":{"@id":"https:\/\/diariotextual.com\/inicio\/index.php\/2023\/07\/31\/cerraron-las-vii-jornadas-de-arquitectura-pampeana-2023\/#primaryimage"},"thumbnailUrl":"https:\/\/diariotextual.com\/inicio\/wp-content\/uploads\/2023\/07\/arquitecturajornadas43625345.jpg","datePublished":"2023-07-31T16:13:15+00:00","dateModified":"2023-07-31T16:13:17+00:00","breadcrumb":{"@id":"https:\/\/diariotextual.com\/inicio\/index.php\/2023\/07\/31\/cerraron-las-vii-jornadas-de-arquitectura-pampeana-2023\/#breadcrumb"},"inLanguage":"es","potentialAction":[{"@type":"ReadAction","target":["https:\/\/diariotextual.com\/inicio\/index.php\/2023\/07\/31\/cerraron-las-vii-jornadas-de-arquitectura-pampeana-2023\/"]}]},{"@type":"ImageObject","inLanguage":"es","@id":"https:\/\/diariotextual.com\/inicio\/index.php\/2023\/07\/31\/cerraron-las-vii-jornadas-de-arquitectura-pampeana-2023\/#primaryimage","url":"https:\/\/diariotextual.com\/inicio\/wp-content\/uploads\/2023\/07\/arquitecturajornadas43625345.jpg","contentUrl":"https:\/\/diariotextual.com\/inicio\/wp-content\/uploads\/2023\/07\/arquitecturajornadas43625345.jpg","width":1000,"height":602},{"@type":"BreadcrumbList","@id":"https:\/\/diariotextual.com\/inicio\/index.php\/2023\/07\/31\/cerraron-las-vii-jornadas-de-arquitectura-pampeana-2023\/#breadcrumb","itemListElement":[{"@type":"ListItem","position":1,"name":"Portada","item":"https:\/\/diariotextual.com\/inicio\/"},{"@type":"ListItem","position":2,"name":"Cerraron las VII Jornadas de Arquitectura Pampeana 2023"}]},{"@type":"WebSite","@id":"https:\/\/diariotextual.com\/inicio\/#website","url":"https:\/\/diariotextual.com\/inicio\/","name":"Diario Textual","description":"","publisher":{"@id":"https:\/\/diariotextual.com\/inicio\/#organization"},"potentialAction":[{"@type":"SearchAction","target":{"@type":"EntryPoint","urlTemplate":"https:\/\/diariotextual.com\/inicio\/?s={search_term_string}"},"query-input":{"@type":"PropertyValueSpecification","valueRequired":true,"valueName":"search_term_string"}}],"inLanguage":"es"},{"@type":"Organization","@id":"https:\/\/diariotextual.com\/inicio\/#organization","name":"Diario Textual","url":"https:\/\/diariotextual.com\/inicio\/","logo":{"@type":"ImageObject","inLanguage":"es","@id":"https:\/\/diariotextual.com\/inicio\/#\/schema\/logo\/image\/","url":"https:\/\/diariotextual.com\/inicio\/wp-content\/uploads\/2023\/05\/logotextual1.jpg","contentUrl":"https:\/\/diariotextual.com\/inicio\/wp-content\/uploads\/2023\/05\/logotextual1.jpg","width":516,"height":76,"caption":"Diario Textual"},"image":{"@id":"https:\/\/diariotextual.com\/inicio\/#\/schema\/logo\/image\/"},"sameAs":["https:\/\/www.facebook.com\/eltextual","https:\/\/x.com\/eltextual","http:\/\/www.instagram.com\/eltextual"]},{"@type":"Person","@id":"https:\/\/diariotextual.com\/inicio\/#\/schema\/person\/694f60677f23c4a530867a98f22b3768","name":"diario2","image":{"@type":"ImageObject","inLanguage":"es","@id":"https:\/\/secure.gravatar.com\/avatar\/5a2567495ba16b852fcd8f1ed006a2e24fcace936018ed8237e95f488ad6e0a7?s=96&d=mm&r=g","url":"https:\/\/secure.gravatar.com\/avatar\/5a2567495ba16b852fcd8f1ed006a2e24fcace936018ed8237e95f488ad6e0a7?s=96&d=mm&r=g","contentUrl":"https:\/\/secure.gravatar.com\/avatar\/5a2567495ba16b852fcd8f1ed006a2e24fcace936018ed8237e95f488ad6e0a7?s=96&d=mm&r=g","caption":"diario2"},"url":"https:\/\/diariotextual.com\/inicio\/index.php\/author\/diario2\/"}]}},"_links":{"self":[{"href":"https:\/\/diariotextual.com\/inicio\/index.php\/wp-json\/wp\/v2\/posts\/232481","targetHints":{"allow":["GET"]}}],"collection":[{"href":"https:\/\/diariotextual.com\/inicio\/index.php\/wp-json\/wp\/v2\/posts"}],"about":[{"href":"https:\/\/diariotextual.com\/inicio\/index.php\/wp-json\/wp\/v2\/types\/post"}],"author":[{"embeddable":true,"href":"https:\/\/diariotextual.com\/inicio\/index.php\/wp-json\/wp\/v2\/users\/4"}],"replies":[{"embeddable":true,"href":"https:\/\/diariotextual.com\/inicio\/index.php\/wp-json\/wp\/v2\/comments?post=232481"}],"version-history":[{"count":1,"href":"https:\/\/diariotextual.com\/inicio\/index.php\/wp-json\/wp\/v2\/posts\/232481\/revisions"}],"predecessor-version":[{"id":232486,"href":"https:\/\/diariotextual.com\/inicio\/index.php\/wp-json\/wp\/v2\/posts\/232481\/revisions\/232486"}],"wp:featuredmedia":[{"embeddable":true,"href":"https:\/\/diariotextual.com\/inicio\/index.php\/wp-json\/wp\/v2\/media\/232485"}],"wp:attachment":[{"href":"https:\/\/diariotextual.com\/inicio\/index.php\/wp-json\/wp\/v2\/media?parent=232481"}],"wp:term":[{"taxonomy":"category","embeddable":true,"href":"https:\/\/diariotextual.com\/inicio\/index.php\/wp-json\/wp\/v2\/categories?post=232481"},{"taxonomy":"post_tag","embeddable":true,"href":"https:\/\/diariotextual.com\/inicio\/index.php\/wp-json\/wp\/v2\/tags?post=232481"}],"curies":[{"name":"wp","href":"https:\/\/api.w.org\/{rel}","templated":true}]}}