{"id":232488,"date":"2023-07-31T13:18:34","date_gmt":"2023-07-31T16:18:34","guid":{"rendered":"https:\/\/diariotextual.com\/inicio\/?p=232488"},"modified":"2023-07-31T13:18:36","modified_gmt":"2023-07-31T16:18:36","slug":"tiempos-registrados-la-nueva-muestra-del-museo-de-artes","status":"publish","type":"post","link":"https:\/\/diariotextual.com\/inicio\/index.php\/2023\/07\/31\/tiempos-registrados-la-nueva-muestra-del-museo-de-artes\/","title":{"rendered":"\u201cTiempos registrados\u201d, la nueva muestra del Museo de Artes"},"content":{"rendered":"\n<p>La muestra \u201cTiempos registrados\u201d del artista Gustavo Larsen, curada por Laura Pomerantz, ser\u00e1 inaugurada el pr\u00f3ximo viernes desde las 20 en el Museo Provincial de Artes, de Santa Rosa, con entrada libre y gratuita.<\/p>\n\n\n\n<p>\u201cLa intenci\u00f3n de la presente propuesta es hacer convivir diferentes momentos de mi hacer creativo, poniendo en evidencia distintas maneras de encarar pl\u00e1sticamente una idea que se relaciona con el tiempo. Soles, cruces, cuadrados, c\u00edrculos, nombres. Signos que se repiten y mutan, escrituras que var\u00edan y se superponen. Formas que se entrelazan o a\u00edslan. Partes que se conjugan. Colores que se transforman. Conjunto que forma parte de otro conjunto. Rastros humanos que sobreviven en la memoria y sobreviven en im\u00e1genes\u201d, expres\u00f3 el artista.<\/p>\n\n\n\n<p>&nbsp;\u201cTiempos registrados\u201d se podr\u00e1 visitar hasta el 10 de septiembre de lunes a viernes de 8 a 18. Los d\u00edas s\u00e1bados y domingos de 18.30 a 21 horas.<\/p>\n","protected":false},"excerpt":{"rendered":"<p>La muestra \u201cTiempos registrados\u201d del artista Gustavo Larsen, curada por Laura Pomerantz, ser\u00e1 inaugurada el pr\u00f3ximo viernes desde las 20 en el Museo Provincial de Artes, de Santa Rosa, con&hellip;<\/p>\n","protected":false},"author":4,"featured_media":37992,"comment_status":"closed","ping_status":"open","sticky":false,"template":"","format":"standard","meta":{"_acf_changed":false,"footnotes":""},"categories":[1,2],"tags":[],"class_list":["post-232488","post","type-post","status-publish","format-standard","has-post-thumbnail","hentry","category-es-noticia","category-cultura"],"acf":[],"yoast_head":"<!-- This site is optimized with the Yoast SEO plugin v27.4 - https:\/\/yoast.com\/product\/yoast-seo-wordpress\/ -->\n<title>\u201cTiempos registrados\u201d, la nueva muestra del Museo de Artes - Diario Textual<\/title>\n<meta name=\"robots\" content=\"index, follow, max-snippet:-1, max-image-preview:large, max-video-preview:-1\" \/>\n<link rel=\"canonical\" href=\"https:\/\/diariotextual.com\/inicio\/index.php\/2023\/07\/31\/tiempos-registrados-la-nueva-muestra-del-museo-de-artes\/\" \/>\n<meta property=\"og:locale\" content=\"es_ES\" \/>\n<meta property=\"og:type\" content=\"article\" \/>\n<meta property=\"og:title\" content=\"\u201cTiempos registrados\u201d, la nueva muestra del Museo de Artes - Diario Textual\" \/>\n<meta property=\"og:description\" content=\"La muestra \u201cTiempos registrados\u201d del artista Gustavo Larsen, curada por Laura Pomerantz, ser\u00e1 inaugurada el pr\u00f3ximo viernes desde las 20 en el Museo Provincial de Artes, de Santa Rosa, con&hellip;\" \/>\n<meta property=\"og:url\" content=\"https:\/\/diariotextual.com\/inicio\/index.php\/2023\/07\/31\/tiempos-registrados-la-nueva-muestra-del-museo-de-artes\/\" \/>\n<meta property=\"og:site_name\" content=\"Diario Textual\" \/>\n<meta property=\"article:publisher\" content=\"https:\/\/www.facebook.com\/eltextual\" \/>\n<meta property=\"article:published_time\" content=\"2023-07-31T16:18:34+00:00\" \/>\n<meta property=\"article:modified_time\" content=\"2023-07-31T16:18:36+00:00\" \/>\n<meta property=\"og:image\" content=\"https:\/\/diariotextual.com\/inicio\/wp-content\/uploads\/2019\/02\/museoprovincialdeartes32455.jpg\" \/>\n\t<meta property=\"og:image:width\" content=\"806\" \/>\n\t<meta property=\"og:image:height\" content=\"503\" \/>\n\t<meta property=\"og:image:type\" content=\"image\/jpeg\" \/>\n<meta name=\"author\" content=\"diario2\" \/>\n<meta name=\"twitter:card\" content=\"summary_large_image\" \/>\n<meta name=\"twitter:creator\" content=\"@eltextual\" \/>\n<meta name=\"twitter:site\" content=\"@eltextual\" \/>\n<meta name=\"twitter:label1\" content=\"Escrito por\" \/>\n\t<meta name=\"twitter:data1\" content=\"diario2\" \/>\n\t<meta name=\"twitter:label2\" content=\"Tiempo de lectura\" \/>\n\t<meta name=\"twitter:data2\" content=\"1 minuto\" \/>\n<script type=\"application\/ld+json\" class=\"yoast-schema-graph\">{\"@context\":\"https:\\\/\\\/schema.org\",\"@graph\":[{\"@type\":\"Article\",\"@id\":\"https:\\\/\\\/diariotextual.com\\\/inicio\\\/index.php\\\/2023\\\/07\\\/31\\\/tiempos-registrados-la-nueva-muestra-del-museo-de-artes\\\/#article\",\"isPartOf\":{\"@id\":\"https:\\\/\\\/diariotextual.com\\\/inicio\\\/index.php\\\/2023\\\/07\\\/31\\\/tiempos-registrados-la-nueva-muestra-del-museo-de-artes\\\/\"},\"author\":{\"name\":\"diario2\",\"@id\":\"https:\\\/\\\/diariotextual.com\\\/inicio\\\/#\\\/schema\\\/person\\\/694f60677f23c4a530867a98f22b3768\"},\"headline\":\"\u201cTiempos registrados\u201d, la nueva muestra del Museo de Artes\",\"datePublished\":\"2023-07-31T16:18:34+00:00\",\"dateModified\":\"2023-07-31T16:18:36+00:00\",\"mainEntityOfPage\":{\"@id\":\"https:\\\/\\\/diariotextual.com\\\/inicio\\\/index.php\\\/2023\\\/07\\\/31\\\/tiempos-registrados-la-nueva-muestra-del-museo-de-artes\\\/\"},\"wordCount\":158,\"publisher\":{\"@id\":\"https:\\\/\\\/diariotextual.com\\\/inicio\\\/#organization\"},\"image\":{\"@id\":\"https:\\\/\\\/diariotextual.com\\\/inicio\\\/index.php\\\/2023\\\/07\\\/31\\\/tiempos-registrados-la-nueva-muestra-del-museo-de-artes\\\/#primaryimage\"},\"thumbnailUrl\":\"https:\\\/\\\/diariotextual.com\\\/inicio\\\/wp-content\\\/uploads\\\/2019\\\/02\\\/museoprovincialdeartes32455.jpg\",\"articleSection\":[\"A - ES NOTICIA (van abajo)\",\"CULTURA\"],\"inLanguage\":\"es\"},{\"@type\":\"WebPage\",\"@id\":\"https:\\\/\\\/diariotextual.com\\\/inicio\\\/index.php\\\/2023\\\/07\\\/31\\\/tiempos-registrados-la-nueva-muestra-del-museo-de-artes\\\/\",\"url\":\"https:\\\/\\\/diariotextual.com\\\/inicio\\\/index.php\\\/2023\\\/07\\\/31\\\/tiempos-registrados-la-nueva-muestra-del-museo-de-artes\\\/\",\"name\":\"\u201cTiempos registrados\u201d, la nueva muestra del Museo de Artes - Diario Textual\",\"isPartOf\":{\"@id\":\"https:\\\/\\\/diariotextual.com\\\/inicio\\\/#website\"},\"primaryImageOfPage\":{\"@id\":\"https:\\\/\\\/diariotextual.com\\\/inicio\\\/index.php\\\/2023\\\/07\\\/31\\\/tiempos-registrados-la-nueva-muestra-del-museo-de-artes\\\/#primaryimage\"},\"image\":{\"@id\":\"https:\\\/\\\/diariotextual.com\\\/inicio\\\/index.php\\\/2023\\\/07\\\/31\\\/tiempos-registrados-la-nueva-muestra-del-museo-de-artes\\\/#primaryimage\"},\"thumbnailUrl\":\"https:\\\/\\\/diariotextual.com\\\/inicio\\\/wp-content\\\/uploads\\\/2019\\\/02\\\/museoprovincialdeartes32455.jpg\",\"datePublished\":\"2023-07-31T16:18:34+00:00\",\"dateModified\":\"2023-07-31T16:18:36+00:00\",\"breadcrumb\":{\"@id\":\"https:\\\/\\\/diariotextual.com\\\/inicio\\\/index.php\\\/2023\\\/07\\\/31\\\/tiempos-registrados-la-nueva-muestra-del-museo-de-artes\\\/#breadcrumb\"},\"inLanguage\":\"es\",\"potentialAction\":[{\"@type\":\"ReadAction\",\"target\":[\"https:\\\/\\\/diariotextual.com\\\/inicio\\\/index.php\\\/2023\\\/07\\\/31\\\/tiempos-registrados-la-nueva-muestra-del-museo-de-artes\\\/\"]}]},{\"@type\":\"ImageObject\",\"inLanguage\":\"es\",\"@id\":\"https:\\\/\\\/diariotextual.com\\\/inicio\\\/index.php\\\/2023\\\/07\\\/31\\\/tiempos-registrados-la-nueva-muestra-del-museo-de-artes\\\/#primaryimage\",\"url\":\"https:\\\/\\\/diariotextual.com\\\/inicio\\\/wp-content\\\/uploads\\\/2019\\\/02\\\/museoprovincialdeartes32455.jpg\",\"contentUrl\":\"https:\\\/\\\/diariotextual.com\\\/inicio\\\/wp-content\\\/uploads\\\/2019\\\/02\\\/museoprovincialdeartes32455.jpg\",\"width\":806,\"height\":503},{\"@type\":\"BreadcrumbList\",\"@id\":\"https:\\\/\\\/diariotextual.com\\\/inicio\\\/index.php\\\/2023\\\/07\\\/31\\\/tiempos-registrados-la-nueva-muestra-del-museo-de-artes\\\/#breadcrumb\",\"itemListElement\":[{\"@type\":\"ListItem\",\"position\":1,\"name\":\"Portada\",\"item\":\"https:\\\/\\\/diariotextual.com\\\/inicio\\\/\"},{\"@type\":\"ListItem\",\"position\":2,\"name\":\"\u201cTiempos registrados\u201d, la nueva muestra del Museo de Artes\"}]},{\"@type\":\"WebSite\",\"@id\":\"https:\\\/\\\/diariotextual.com\\\/inicio\\\/#website\",\"url\":\"https:\\\/\\\/diariotextual.com\\\/inicio\\\/\",\"name\":\"Diario Textual\",\"description\":\"\",\"publisher\":{\"@id\":\"https:\\\/\\\/diariotextual.com\\\/inicio\\\/#organization\"},\"potentialAction\":[{\"@type\":\"SearchAction\",\"target\":{\"@type\":\"EntryPoint\",\"urlTemplate\":\"https:\\\/\\\/diariotextual.com\\\/inicio\\\/?s={search_term_string}\"},\"query-input\":{\"@type\":\"PropertyValueSpecification\",\"valueRequired\":true,\"valueName\":\"search_term_string\"}}],\"inLanguage\":\"es\"},{\"@type\":\"Organization\",\"@id\":\"https:\\\/\\\/diariotextual.com\\\/inicio\\\/#organization\",\"name\":\"Diario Textual\",\"url\":\"https:\\\/\\\/diariotextual.com\\\/inicio\\\/\",\"logo\":{\"@type\":\"ImageObject\",\"inLanguage\":\"es\",\"@id\":\"https:\\\/\\\/diariotextual.com\\\/inicio\\\/#\\\/schema\\\/logo\\\/image\\\/\",\"url\":\"https:\\\/\\\/diariotextual.com\\\/inicio\\\/wp-content\\\/uploads\\\/2023\\\/05\\\/logotextual1.jpg\",\"contentUrl\":\"https:\\\/\\\/diariotextual.com\\\/inicio\\\/wp-content\\\/uploads\\\/2023\\\/05\\\/logotextual1.jpg\",\"width\":516,\"height\":76,\"caption\":\"Diario Textual\"},\"image\":{\"@id\":\"https:\\\/\\\/diariotextual.com\\\/inicio\\\/#\\\/schema\\\/logo\\\/image\\\/\"},\"sameAs\":[\"https:\\\/\\\/www.facebook.com\\\/eltextual\",\"https:\\\/\\\/x.com\\\/eltextual\",\"http:\\\/\\\/www.instagram.com\\\/eltextual\"]},{\"@type\":\"Person\",\"@id\":\"https:\\\/\\\/diariotextual.com\\\/inicio\\\/#\\\/schema\\\/person\\\/694f60677f23c4a530867a98f22b3768\",\"name\":\"diario2\",\"image\":{\"@type\":\"ImageObject\",\"inLanguage\":\"es\",\"@id\":\"https:\\\/\\\/secure.gravatar.com\\\/avatar\\\/5a2567495ba16b852fcd8f1ed006a2e24fcace936018ed8237e95f488ad6e0a7?s=96&d=mm&r=g\",\"url\":\"https:\\\/\\\/secure.gravatar.com\\\/avatar\\\/5a2567495ba16b852fcd8f1ed006a2e24fcace936018ed8237e95f488ad6e0a7?s=96&d=mm&r=g\",\"contentUrl\":\"https:\\\/\\\/secure.gravatar.com\\\/avatar\\\/5a2567495ba16b852fcd8f1ed006a2e24fcace936018ed8237e95f488ad6e0a7?s=96&d=mm&r=g\",\"caption\":\"diario2\"},\"url\":\"https:\\\/\\\/diariotextual.com\\\/inicio\\\/index.php\\\/author\\\/diario2\\\/\"}]}<\/script>\n<!-- \/ Yoast SEO plugin. -->","yoast_head_json":{"title":"\u201cTiempos registrados\u201d, la nueva muestra del Museo de Artes - Diario Textual","robots":{"index":"index","follow":"follow","max-snippet":"max-snippet:-1","max-image-preview":"max-image-preview:large","max-video-preview":"max-video-preview:-1"},"canonical":"https:\/\/diariotextual.com\/inicio\/index.php\/2023\/07\/31\/tiempos-registrados-la-nueva-muestra-del-museo-de-artes\/","og_locale":"es_ES","og_type":"article","og_title":"\u201cTiempos registrados\u201d, la nueva muestra del Museo de Artes - Diario Textual","og_description":"La muestra \u201cTiempos registrados\u201d del artista Gustavo Larsen, curada por Laura Pomerantz, ser\u00e1 inaugurada el pr\u00f3ximo viernes desde las 20 en el Museo Provincial de Artes, de Santa Rosa, con&hellip;","og_url":"https:\/\/diariotextual.com\/inicio\/index.php\/2023\/07\/31\/tiempos-registrados-la-nueva-muestra-del-museo-de-artes\/","og_site_name":"Diario Textual","article_publisher":"https:\/\/www.facebook.com\/eltextual","article_published_time":"2023-07-31T16:18:34+00:00","article_modified_time":"2023-07-31T16:18:36+00:00","og_image":[{"width":806,"height":503,"url":"https:\/\/diariotextual.com\/inicio\/wp-content\/uploads\/2019\/02\/museoprovincialdeartes32455.jpg","type":"image\/jpeg"}],"author":"diario2","twitter_card":"summary_large_image","twitter_creator":"@eltextual","twitter_site":"@eltextual","twitter_misc":{"Escrito por":"diario2","Tiempo de lectura":"1 minuto"},"schema":{"@context":"https:\/\/schema.org","@graph":[{"@type":"Article","@id":"https:\/\/diariotextual.com\/inicio\/index.php\/2023\/07\/31\/tiempos-registrados-la-nueva-muestra-del-museo-de-artes\/#article","isPartOf":{"@id":"https:\/\/diariotextual.com\/inicio\/index.php\/2023\/07\/31\/tiempos-registrados-la-nueva-muestra-del-museo-de-artes\/"},"author":{"name":"diario2","@id":"https:\/\/diariotextual.com\/inicio\/#\/schema\/person\/694f60677f23c4a530867a98f22b3768"},"headline":"\u201cTiempos registrados\u201d, la nueva muestra del Museo de Artes","datePublished":"2023-07-31T16:18:34+00:00","dateModified":"2023-07-31T16:18:36+00:00","mainEntityOfPage":{"@id":"https:\/\/diariotextual.com\/inicio\/index.php\/2023\/07\/31\/tiempos-registrados-la-nueva-muestra-del-museo-de-artes\/"},"wordCount":158,"publisher":{"@id":"https:\/\/diariotextual.com\/inicio\/#organization"},"image":{"@id":"https:\/\/diariotextual.com\/inicio\/index.php\/2023\/07\/31\/tiempos-registrados-la-nueva-muestra-del-museo-de-artes\/#primaryimage"},"thumbnailUrl":"https:\/\/diariotextual.com\/inicio\/wp-content\/uploads\/2019\/02\/museoprovincialdeartes32455.jpg","articleSection":["A - ES NOTICIA (van abajo)","CULTURA"],"inLanguage":"es"},{"@type":"WebPage","@id":"https:\/\/diariotextual.com\/inicio\/index.php\/2023\/07\/31\/tiempos-registrados-la-nueva-muestra-del-museo-de-artes\/","url":"https:\/\/diariotextual.com\/inicio\/index.php\/2023\/07\/31\/tiempos-registrados-la-nueva-muestra-del-museo-de-artes\/","name":"\u201cTiempos registrados\u201d, la nueva muestra del Museo de Artes - Diario Textual","isPartOf":{"@id":"https:\/\/diariotextual.com\/inicio\/#website"},"primaryImageOfPage":{"@id":"https:\/\/diariotextual.com\/inicio\/index.php\/2023\/07\/31\/tiempos-registrados-la-nueva-muestra-del-museo-de-artes\/#primaryimage"},"image":{"@id":"https:\/\/diariotextual.com\/inicio\/index.php\/2023\/07\/31\/tiempos-registrados-la-nueva-muestra-del-museo-de-artes\/#primaryimage"},"thumbnailUrl":"https:\/\/diariotextual.com\/inicio\/wp-content\/uploads\/2019\/02\/museoprovincialdeartes32455.jpg","datePublished":"2023-07-31T16:18:34+00:00","dateModified":"2023-07-31T16:18:36+00:00","breadcrumb":{"@id":"https:\/\/diariotextual.com\/inicio\/index.php\/2023\/07\/31\/tiempos-registrados-la-nueva-muestra-del-museo-de-artes\/#breadcrumb"},"inLanguage":"es","potentialAction":[{"@type":"ReadAction","target":["https:\/\/diariotextual.com\/inicio\/index.php\/2023\/07\/31\/tiempos-registrados-la-nueva-muestra-del-museo-de-artes\/"]}]},{"@type":"ImageObject","inLanguage":"es","@id":"https:\/\/diariotextual.com\/inicio\/index.php\/2023\/07\/31\/tiempos-registrados-la-nueva-muestra-del-museo-de-artes\/#primaryimage","url":"https:\/\/diariotextual.com\/inicio\/wp-content\/uploads\/2019\/02\/museoprovincialdeartes32455.jpg","contentUrl":"https:\/\/diariotextual.com\/inicio\/wp-content\/uploads\/2019\/02\/museoprovincialdeartes32455.jpg","width":806,"height":503},{"@type":"BreadcrumbList","@id":"https:\/\/diariotextual.com\/inicio\/index.php\/2023\/07\/31\/tiempos-registrados-la-nueva-muestra-del-museo-de-artes\/#breadcrumb","itemListElement":[{"@type":"ListItem","position":1,"name":"Portada","item":"https:\/\/diariotextual.com\/inicio\/"},{"@type":"ListItem","position":2,"name":"\u201cTiempos registrados\u201d, la nueva muestra del Museo de Artes"}]},{"@type":"WebSite","@id":"https:\/\/diariotextual.com\/inicio\/#website","url":"https:\/\/diariotextual.com\/inicio\/","name":"Diario Textual","description":"","publisher":{"@id":"https:\/\/diariotextual.com\/inicio\/#organization"},"potentialAction":[{"@type":"SearchAction","target":{"@type":"EntryPoint","urlTemplate":"https:\/\/diariotextual.com\/inicio\/?s={search_term_string}"},"query-input":{"@type":"PropertyValueSpecification","valueRequired":true,"valueName":"search_term_string"}}],"inLanguage":"es"},{"@type":"Organization","@id":"https:\/\/diariotextual.com\/inicio\/#organization","name":"Diario Textual","url":"https:\/\/diariotextual.com\/inicio\/","logo":{"@type":"ImageObject","inLanguage":"es","@id":"https:\/\/diariotextual.com\/inicio\/#\/schema\/logo\/image\/","url":"https:\/\/diariotextual.com\/inicio\/wp-content\/uploads\/2023\/05\/logotextual1.jpg","contentUrl":"https:\/\/diariotextual.com\/inicio\/wp-content\/uploads\/2023\/05\/logotextual1.jpg","width":516,"height":76,"caption":"Diario Textual"},"image":{"@id":"https:\/\/diariotextual.com\/inicio\/#\/schema\/logo\/image\/"},"sameAs":["https:\/\/www.facebook.com\/eltextual","https:\/\/x.com\/eltextual","http:\/\/www.instagram.com\/eltextual"]},{"@type":"Person","@id":"https:\/\/diariotextual.com\/inicio\/#\/schema\/person\/694f60677f23c4a530867a98f22b3768","name":"diario2","image":{"@type":"ImageObject","inLanguage":"es","@id":"https:\/\/secure.gravatar.com\/avatar\/5a2567495ba16b852fcd8f1ed006a2e24fcace936018ed8237e95f488ad6e0a7?s=96&d=mm&r=g","url":"https:\/\/secure.gravatar.com\/avatar\/5a2567495ba16b852fcd8f1ed006a2e24fcace936018ed8237e95f488ad6e0a7?s=96&d=mm&r=g","contentUrl":"https:\/\/secure.gravatar.com\/avatar\/5a2567495ba16b852fcd8f1ed006a2e24fcace936018ed8237e95f488ad6e0a7?s=96&d=mm&r=g","caption":"diario2"},"url":"https:\/\/diariotextual.com\/inicio\/index.php\/author\/diario2\/"}]}},"_links":{"self":[{"href":"https:\/\/diariotextual.com\/inicio\/index.php\/wp-json\/wp\/v2\/posts\/232488","targetHints":{"allow":["GET"]}}],"collection":[{"href":"https:\/\/diariotextual.com\/inicio\/index.php\/wp-json\/wp\/v2\/posts"}],"about":[{"href":"https:\/\/diariotextual.com\/inicio\/index.php\/wp-json\/wp\/v2\/types\/post"}],"author":[{"embeddable":true,"href":"https:\/\/diariotextual.com\/inicio\/index.php\/wp-json\/wp\/v2\/users\/4"}],"replies":[{"embeddable":true,"href":"https:\/\/diariotextual.com\/inicio\/index.php\/wp-json\/wp\/v2\/comments?post=232488"}],"version-history":[{"count":2,"href":"https:\/\/diariotextual.com\/inicio\/index.php\/wp-json\/wp\/v2\/posts\/232488\/revisions"}],"predecessor-version":[{"id":232490,"href":"https:\/\/diariotextual.com\/inicio\/index.php\/wp-json\/wp\/v2\/posts\/232488\/revisions\/232490"}],"wp:featuredmedia":[{"embeddable":true,"href":"https:\/\/diariotextual.com\/inicio\/index.php\/wp-json\/wp\/v2\/media\/37992"}],"wp:attachment":[{"href":"https:\/\/diariotextual.com\/inicio\/index.php\/wp-json\/wp\/v2\/media?parent=232488"}],"wp:term":[{"taxonomy":"category","embeddable":true,"href":"https:\/\/diariotextual.com\/inicio\/index.php\/wp-json\/wp\/v2\/categories?post=232488"},{"taxonomy":"post_tag","embeddable":true,"href":"https:\/\/diariotextual.com\/inicio\/index.php\/wp-json\/wp\/v2\/tags?post=232488"}],"curies":[{"name":"wp","href":"https:\/\/api.w.org\/{rel}","templated":true}]}}