{"id":232491,"date":"2023-07-31T13:36:17","date_gmt":"2023-07-31T16:36:17","guid":{"rendered":"https:\/\/diariotextual.com\/inicio\/?p=232491"},"modified":"2023-07-31T13:37:16","modified_gmt":"2023-07-31T16:37:16","slug":"cine-con-perspectiva-de-genero-en-el-espacio-incaa-santa-rosa","status":"publish","type":"post","link":"https:\/\/diariotextual.com\/inicio\/index.php\/2023\/07\/31\/cine-con-perspectiva-de-genero-en-el-espacio-incaa-santa-rosa\/","title":{"rendered":"Cine con perspectiva de g\u00e9nero en el Espacio INCAA Santa Rosa"},"content":{"rendered":"\n<p>Este viernes 4 de agosto se presenta con entrada gratuita una nueva jornada de cine con perspectiva de g\u00e9nero, en el Espacio INCAA Santa Rosa.<\/p>\n\n\n\n<p>Esta propuesta es organizada por la C\u00e1tedra Libre Extracurricular de Educaci\u00f3n Sexual Integral (ESI) y DDSSyRR de la Facultad de Ciencias Humanas de la Universidad Nacional de La Pampa, la Secretaria de Cultura y Educaci\u00f3n del Municipio y el Programa Gafas Violetas de la Subgerencia de Desarrollo Federal del INCAA.<\/p>\n\n\n\n<p>El ciclo es abierto a toda la comunidad y siempre las funciones son con entrada libre y gratuita. Se proyectan pel\u00edculas que por su propuesta est\u00e9tica y\/o narrativa, cuestionan los estereotipos de g\u00e9nero y promueven el empoderamiento de las mujeres, personas trans\/travestis e identidades no binarias.<\/p>\n\n\n\n<p>Este mes la funci\u00f3n est\u00e1 programada para el viernes 4 de agosto a las 19.30 horas. <strong>Se proyectar\u00e1 \u201cEl laberinto de las lunas\u201d es el documental dirigido por Lucrecia Mastr\u00e1ngelo. <\/strong>Este trabajo fue estrenado en el a\u00f1o 2019 y tiene una duraci\u00f3n de 69 minutos.<\/p>\n\n\n\n<p>Nos cuenta sobre el universo de personas travestis, la maternidad en todo su significado y las infancias trans. Karla Ojeda y Maira Ram\u00edrez que atraviesan la adopci\u00f3n y Gabriela Mansilla mam\u00e1 de una ni\u00f1a trans, nos ofrecen sus testimonios de vida; con canciones y poemas de Susy Shock artista trans, y escritora.<\/p>\n\n\n\n<p>En esta misma jornada se podr\u00e1 ver el episodio 1 titulado \u201cValijas\u201d del \u201cArchivo de la Memoria Trans\u201d. Fue estrenado en el a\u00f1o 2021 y tiene una duraci\u00f3n de 16 minutos.<\/p>\n\n\n\n<p>El Archivo de la Memoria Trans re\u00fane las im\u00e1genes y los relatos de mujeres trans de m\u00e1s de 50 a\u00f1os, preservando la memoria de aquellas que sufrieron los atropellos de la polic\u00eda, el abandono del Estado y la hostilidad de la sociedad que asisti\u00f3, indolente, a un silencioso genocidio. Cintia, Edith, Mar\u00eda Bel\u00e9n y Trachyn sobrevivieron. Ellas nos comparten la intimidad y la complejidad de quienes le hicieron frente a la injusticia y el dolor con humor y creatividad, pero tambi\u00e9n con organizaci\u00f3n y comunidad. En clave de ensayo documental, la serie se estructura a trav\u00e9s de cuatro ejes, cada uno protagonizado por una de ellas: nos hablan del carnaval, los afectos, el exilio y la organizaci\u00f3n; y, a trav\u00e9s de sus experiencias personales, nos abren la puerta para entender la realidad de toda una comunidad.<\/p>\n\n\n\n<p>Pr\u00f3ximas funciones:<\/p>\n\n\n\n<p>&#x25aa;&#xfe0f;Viernes 1 de septiembre<\/p>\n\n\n\n<p>Cortometraje: \u201cAqu\u00ed y all\u00e1\u201d \/ Film: \u201cWanderlust\u201d<\/p>\n\n\n\n<p>&#x25aa;&#xfe0f;Viernes 6 de octubre<\/p>\n\n\n\n<p>Cortometraje: \u201cToda mi alegr\u00eda\u201d \/ Film: \u201cInterludio\u201d<\/p>\n\n\n\n<p>&#x25aa;&#xfe0f;Viernes 3 de noviembre<\/p>\n\n\n\n<p>Cortometraje: \u201cCorre sangre mapuche\u201d \/ Film: \u201cLa rebeli\u00f3n de las flores\u201d<\/p>\n\n\n\n<p>&#x25aa;&#xfe0f;Viernes 24 de noviembre<\/p>\n\n\n\n<p>Cortometraje: \u201cMar\u00eda\u201d \/ Film: \u201cAlan\u00eds\u00bb<\/p>\n","protected":false},"excerpt":{"rendered":"<p>Este viernes 4 de agosto se presenta con entrada gratuita una nueva jornada de cine con perspectiva de g\u00e9nero, en el Espacio INCAA Santa Rosa. Esta propuesta es organizada por&hellip;<\/p>\n","protected":false},"author":4,"featured_media":232493,"comment_status":"closed","ping_status":"open","sticky":false,"template":"","format":"standard","meta":{"_acf_changed":false,"footnotes":""},"categories":[1,12],"tags":[],"class_list":["post-232491","post","type-post","status-publish","format-standard","has-post-thumbnail","hentry","category-es-noticia","category-sociedad"],"acf":[],"yoast_head":"<!-- This site is optimized with the Yoast SEO plugin v27.4 - https:\/\/yoast.com\/product\/yoast-seo-wordpress\/ -->\n<title>Cine con perspectiva de g\u00e9nero en el Espacio INCAA Santa Rosa - Diario Textual<\/title>\n<meta name=\"robots\" content=\"index, follow, max-snippet:-1, max-image-preview:large, max-video-preview:-1\" \/>\n<link rel=\"canonical\" href=\"https:\/\/diariotextual.com\/inicio\/index.php\/2023\/07\/31\/cine-con-perspectiva-de-genero-en-el-espacio-incaa-santa-rosa\/\" \/>\n<meta property=\"og:locale\" content=\"es_ES\" \/>\n<meta property=\"og:type\" content=\"article\" \/>\n<meta property=\"og:title\" content=\"Cine con perspectiva de g\u00e9nero en el Espacio INCAA Santa Rosa - Diario Textual\" \/>\n<meta property=\"og:description\" content=\"Este viernes 4 de agosto se presenta con entrada gratuita una nueva jornada de cine con perspectiva de g\u00e9nero, en el Espacio INCAA Santa Rosa. Esta propuesta es organizada por&hellip;\" \/>\n<meta property=\"og:url\" content=\"https:\/\/diariotextual.com\/inicio\/index.php\/2023\/07\/31\/cine-con-perspectiva-de-genero-en-el-espacio-incaa-santa-rosa\/\" \/>\n<meta property=\"og:site_name\" content=\"Diario Textual\" \/>\n<meta property=\"article:publisher\" content=\"https:\/\/www.facebook.com\/eltextual\" \/>\n<meta property=\"article:published_time\" content=\"2023-07-31T16:36:17+00:00\" \/>\n<meta property=\"article:modified_time\" content=\"2023-07-31T16:37:16+00:00\" \/>\n<meta property=\"og:image\" content=\"https:\/\/diariotextual.com\/inicio\/wp-content\/uploads\/2023\/07\/ellaberintodelaslunascineincaa34.jpg\" \/>\n\t<meta property=\"og:image:width\" content=\"719\" \/>\n\t<meta property=\"og:image:height\" content=\"446\" \/>\n\t<meta property=\"og:image:type\" content=\"image\/jpeg\" \/>\n<meta name=\"author\" content=\"diario2\" \/>\n<meta name=\"twitter:card\" content=\"summary_large_image\" \/>\n<meta name=\"twitter:creator\" content=\"@eltextual\" \/>\n<meta name=\"twitter:site\" content=\"@eltextual\" \/>\n<meta name=\"twitter:label1\" content=\"Escrito por\" \/>\n\t<meta name=\"twitter:data1\" content=\"diario2\" \/>\n\t<meta name=\"twitter:label2\" content=\"Tiempo de lectura\" \/>\n\t<meta name=\"twitter:data2\" content=\"2 minutos\" \/>\n<script type=\"application\/ld+json\" class=\"yoast-schema-graph\">{\"@context\":\"https:\\\/\\\/schema.org\",\"@graph\":[{\"@type\":\"Article\",\"@id\":\"https:\\\/\\\/diariotextual.com\\\/inicio\\\/index.php\\\/2023\\\/07\\\/31\\\/cine-con-perspectiva-de-genero-en-el-espacio-incaa-santa-rosa\\\/#article\",\"isPartOf\":{\"@id\":\"https:\\\/\\\/diariotextual.com\\\/inicio\\\/index.php\\\/2023\\\/07\\\/31\\\/cine-con-perspectiva-de-genero-en-el-espacio-incaa-santa-rosa\\\/\"},\"author\":{\"name\":\"diario2\",\"@id\":\"https:\\\/\\\/diariotextual.com\\\/inicio\\\/#\\\/schema\\\/person\\\/694f60677f23c4a530867a98f22b3768\"},\"headline\":\"Cine con perspectiva de g\u00e9nero en el Espacio INCAA Santa Rosa\",\"datePublished\":\"2023-07-31T16:36:17+00:00\",\"dateModified\":\"2023-07-31T16:37:16+00:00\",\"mainEntityOfPage\":{\"@id\":\"https:\\\/\\\/diariotextual.com\\\/inicio\\\/index.php\\\/2023\\\/07\\\/31\\\/cine-con-perspectiva-de-genero-en-el-espacio-incaa-santa-rosa\\\/\"},\"wordCount\":479,\"publisher\":{\"@id\":\"https:\\\/\\\/diariotextual.com\\\/inicio\\\/#organization\"},\"image\":{\"@id\":\"https:\\\/\\\/diariotextual.com\\\/inicio\\\/index.php\\\/2023\\\/07\\\/31\\\/cine-con-perspectiva-de-genero-en-el-espacio-incaa-santa-rosa\\\/#primaryimage\"},\"thumbnailUrl\":\"https:\\\/\\\/diariotextual.com\\\/inicio\\\/wp-content\\\/uploads\\\/2023\\\/07\\\/ellaberintodelaslunascineincaa34.jpg\",\"articleSection\":[\"A - ES NOTICIA (van abajo)\",\"SOCIEDAD\"],\"inLanguage\":\"es\"},{\"@type\":\"WebPage\",\"@id\":\"https:\\\/\\\/diariotextual.com\\\/inicio\\\/index.php\\\/2023\\\/07\\\/31\\\/cine-con-perspectiva-de-genero-en-el-espacio-incaa-santa-rosa\\\/\",\"url\":\"https:\\\/\\\/diariotextual.com\\\/inicio\\\/index.php\\\/2023\\\/07\\\/31\\\/cine-con-perspectiva-de-genero-en-el-espacio-incaa-santa-rosa\\\/\",\"name\":\"Cine con perspectiva de g\u00e9nero en el Espacio INCAA Santa Rosa - Diario Textual\",\"isPartOf\":{\"@id\":\"https:\\\/\\\/diariotextual.com\\\/inicio\\\/#website\"},\"primaryImageOfPage\":{\"@id\":\"https:\\\/\\\/diariotextual.com\\\/inicio\\\/index.php\\\/2023\\\/07\\\/31\\\/cine-con-perspectiva-de-genero-en-el-espacio-incaa-santa-rosa\\\/#primaryimage\"},\"image\":{\"@id\":\"https:\\\/\\\/diariotextual.com\\\/inicio\\\/index.php\\\/2023\\\/07\\\/31\\\/cine-con-perspectiva-de-genero-en-el-espacio-incaa-santa-rosa\\\/#primaryimage\"},\"thumbnailUrl\":\"https:\\\/\\\/diariotextual.com\\\/inicio\\\/wp-content\\\/uploads\\\/2023\\\/07\\\/ellaberintodelaslunascineincaa34.jpg\",\"datePublished\":\"2023-07-31T16:36:17+00:00\",\"dateModified\":\"2023-07-31T16:37:16+00:00\",\"breadcrumb\":{\"@id\":\"https:\\\/\\\/diariotextual.com\\\/inicio\\\/index.php\\\/2023\\\/07\\\/31\\\/cine-con-perspectiva-de-genero-en-el-espacio-incaa-santa-rosa\\\/#breadcrumb\"},\"inLanguage\":\"es\",\"potentialAction\":[{\"@type\":\"ReadAction\",\"target\":[\"https:\\\/\\\/diariotextual.com\\\/inicio\\\/index.php\\\/2023\\\/07\\\/31\\\/cine-con-perspectiva-de-genero-en-el-espacio-incaa-santa-rosa\\\/\"]}]},{\"@type\":\"ImageObject\",\"inLanguage\":\"es\",\"@id\":\"https:\\\/\\\/diariotextual.com\\\/inicio\\\/index.php\\\/2023\\\/07\\\/31\\\/cine-con-perspectiva-de-genero-en-el-espacio-incaa-santa-rosa\\\/#primaryimage\",\"url\":\"https:\\\/\\\/diariotextual.com\\\/inicio\\\/wp-content\\\/uploads\\\/2023\\\/07\\\/ellaberintodelaslunascineincaa34.jpg\",\"contentUrl\":\"https:\\\/\\\/diariotextual.com\\\/inicio\\\/wp-content\\\/uploads\\\/2023\\\/07\\\/ellaberintodelaslunascineincaa34.jpg\",\"width\":719,\"height\":446},{\"@type\":\"BreadcrumbList\",\"@id\":\"https:\\\/\\\/diariotextual.com\\\/inicio\\\/index.php\\\/2023\\\/07\\\/31\\\/cine-con-perspectiva-de-genero-en-el-espacio-incaa-santa-rosa\\\/#breadcrumb\",\"itemListElement\":[{\"@type\":\"ListItem\",\"position\":1,\"name\":\"Portada\",\"item\":\"https:\\\/\\\/diariotextual.com\\\/inicio\\\/\"},{\"@type\":\"ListItem\",\"position\":2,\"name\":\"Cine con perspectiva de g\u00e9nero en el Espacio INCAA Santa Rosa\"}]},{\"@type\":\"WebSite\",\"@id\":\"https:\\\/\\\/diariotextual.com\\\/inicio\\\/#website\",\"url\":\"https:\\\/\\\/diariotextual.com\\\/inicio\\\/\",\"name\":\"Diario Textual\",\"description\":\"\",\"publisher\":{\"@id\":\"https:\\\/\\\/diariotextual.com\\\/inicio\\\/#organization\"},\"potentialAction\":[{\"@type\":\"SearchAction\",\"target\":{\"@type\":\"EntryPoint\",\"urlTemplate\":\"https:\\\/\\\/diariotextual.com\\\/inicio\\\/?s={search_term_string}\"},\"query-input\":{\"@type\":\"PropertyValueSpecification\",\"valueRequired\":true,\"valueName\":\"search_term_string\"}}],\"inLanguage\":\"es\"},{\"@type\":\"Organization\",\"@id\":\"https:\\\/\\\/diariotextual.com\\\/inicio\\\/#organization\",\"name\":\"Diario Textual\",\"url\":\"https:\\\/\\\/diariotextual.com\\\/inicio\\\/\",\"logo\":{\"@type\":\"ImageObject\",\"inLanguage\":\"es\",\"@id\":\"https:\\\/\\\/diariotextual.com\\\/inicio\\\/#\\\/schema\\\/logo\\\/image\\\/\",\"url\":\"https:\\\/\\\/diariotextual.com\\\/inicio\\\/wp-content\\\/uploads\\\/2023\\\/05\\\/logotextual1.jpg\",\"contentUrl\":\"https:\\\/\\\/diariotextual.com\\\/inicio\\\/wp-content\\\/uploads\\\/2023\\\/05\\\/logotextual1.jpg\",\"width\":516,\"height\":76,\"caption\":\"Diario Textual\"},\"image\":{\"@id\":\"https:\\\/\\\/diariotextual.com\\\/inicio\\\/#\\\/schema\\\/logo\\\/image\\\/\"},\"sameAs\":[\"https:\\\/\\\/www.facebook.com\\\/eltextual\",\"https:\\\/\\\/x.com\\\/eltextual\",\"http:\\\/\\\/www.instagram.com\\\/eltextual\"]},{\"@type\":\"Person\",\"@id\":\"https:\\\/\\\/diariotextual.com\\\/inicio\\\/#\\\/schema\\\/person\\\/694f60677f23c4a530867a98f22b3768\",\"name\":\"diario2\",\"image\":{\"@type\":\"ImageObject\",\"inLanguage\":\"es\",\"@id\":\"https:\\\/\\\/secure.gravatar.com\\\/avatar\\\/5a2567495ba16b852fcd8f1ed006a2e24fcace936018ed8237e95f488ad6e0a7?s=96&d=mm&r=g\",\"url\":\"https:\\\/\\\/secure.gravatar.com\\\/avatar\\\/5a2567495ba16b852fcd8f1ed006a2e24fcace936018ed8237e95f488ad6e0a7?s=96&d=mm&r=g\",\"contentUrl\":\"https:\\\/\\\/secure.gravatar.com\\\/avatar\\\/5a2567495ba16b852fcd8f1ed006a2e24fcace936018ed8237e95f488ad6e0a7?s=96&d=mm&r=g\",\"caption\":\"diario2\"},\"url\":\"https:\\\/\\\/diariotextual.com\\\/inicio\\\/index.php\\\/author\\\/diario2\\\/\"}]}<\/script>\n<!-- \/ Yoast SEO plugin. -->","yoast_head_json":{"title":"Cine con perspectiva de g\u00e9nero en el Espacio INCAA Santa Rosa - Diario Textual","robots":{"index":"index","follow":"follow","max-snippet":"max-snippet:-1","max-image-preview":"max-image-preview:large","max-video-preview":"max-video-preview:-1"},"canonical":"https:\/\/diariotextual.com\/inicio\/index.php\/2023\/07\/31\/cine-con-perspectiva-de-genero-en-el-espacio-incaa-santa-rosa\/","og_locale":"es_ES","og_type":"article","og_title":"Cine con perspectiva de g\u00e9nero en el Espacio INCAA Santa Rosa - Diario Textual","og_description":"Este viernes 4 de agosto se presenta con entrada gratuita una nueva jornada de cine con perspectiva de g\u00e9nero, en el Espacio INCAA Santa Rosa. Esta propuesta es organizada por&hellip;","og_url":"https:\/\/diariotextual.com\/inicio\/index.php\/2023\/07\/31\/cine-con-perspectiva-de-genero-en-el-espacio-incaa-santa-rosa\/","og_site_name":"Diario Textual","article_publisher":"https:\/\/www.facebook.com\/eltextual","article_published_time":"2023-07-31T16:36:17+00:00","article_modified_time":"2023-07-31T16:37:16+00:00","og_image":[{"width":719,"height":446,"url":"https:\/\/diariotextual.com\/inicio\/wp-content\/uploads\/2023\/07\/ellaberintodelaslunascineincaa34.jpg","type":"image\/jpeg"}],"author":"diario2","twitter_card":"summary_large_image","twitter_creator":"@eltextual","twitter_site":"@eltextual","twitter_misc":{"Escrito por":"diario2","Tiempo de lectura":"2 minutos"},"schema":{"@context":"https:\/\/schema.org","@graph":[{"@type":"Article","@id":"https:\/\/diariotextual.com\/inicio\/index.php\/2023\/07\/31\/cine-con-perspectiva-de-genero-en-el-espacio-incaa-santa-rosa\/#article","isPartOf":{"@id":"https:\/\/diariotextual.com\/inicio\/index.php\/2023\/07\/31\/cine-con-perspectiva-de-genero-en-el-espacio-incaa-santa-rosa\/"},"author":{"name":"diario2","@id":"https:\/\/diariotextual.com\/inicio\/#\/schema\/person\/694f60677f23c4a530867a98f22b3768"},"headline":"Cine con perspectiva de g\u00e9nero en el Espacio INCAA Santa Rosa","datePublished":"2023-07-31T16:36:17+00:00","dateModified":"2023-07-31T16:37:16+00:00","mainEntityOfPage":{"@id":"https:\/\/diariotextual.com\/inicio\/index.php\/2023\/07\/31\/cine-con-perspectiva-de-genero-en-el-espacio-incaa-santa-rosa\/"},"wordCount":479,"publisher":{"@id":"https:\/\/diariotextual.com\/inicio\/#organization"},"image":{"@id":"https:\/\/diariotextual.com\/inicio\/index.php\/2023\/07\/31\/cine-con-perspectiva-de-genero-en-el-espacio-incaa-santa-rosa\/#primaryimage"},"thumbnailUrl":"https:\/\/diariotextual.com\/inicio\/wp-content\/uploads\/2023\/07\/ellaberintodelaslunascineincaa34.jpg","articleSection":["A - ES NOTICIA (van abajo)","SOCIEDAD"],"inLanguage":"es"},{"@type":"WebPage","@id":"https:\/\/diariotextual.com\/inicio\/index.php\/2023\/07\/31\/cine-con-perspectiva-de-genero-en-el-espacio-incaa-santa-rosa\/","url":"https:\/\/diariotextual.com\/inicio\/index.php\/2023\/07\/31\/cine-con-perspectiva-de-genero-en-el-espacio-incaa-santa-rosa\/","name":"Cine con perspectiva de g\u00e9nero en el Espacio INCAA Santa Rosa - Diario Textual","isPartOf":{"@id":"https:\/\/diariotextual.com\/inicio\/#website"},"primaryImageOfPage":{"@id":"https:\/\/diariotextual.com\/inicio\/index.php\/2023\/07\/31\/cine-con-perspectiva-de-genero-en-el-espacio-incaa-santa-rosa\/#primaryimage"},"image":{"@id":"https:\/\/diariotextual.com\/inicio\/index.php\/2023\/07\/31\/cine-con-perspectiva-de-genero-en-el-espacio-incaa-santa-rosa\/#primaryimage"},"thumbnailUrl":"https:\/\/diariotextual.com\/inicio\/wp-content\/uploads\/2023\/07\/ellaberintodelaslunascineincaa34.jpg","datePublished":"2023-07-31T16:36:17+00:00","dateModified":"2023-07-31T16:37:16+00:00","breadcrumb":{"@id":"https:\/\/diariotextual.com\/inicio\/index.php\/2023\/07\/31\/cine-con-perspectiva-de-genero-en-el-espacio-incaa-santa-rosa\/#breadcrumb"},"inLanguage":"es","potentialAction":[{"@type":"ReadAction","target":["https:\/\/diariotextual.com\/inicio\/index.php\/2023\/07\/31\/cine-con-perspectiva-de-genero-en-el-espacio-incaa-santa-rosa\/"]}]},{"@type":"ImageObject","inLanguage":"es","@id":"https:\/\/diariotextual.com\/inicio\/index.php\/2023\/07\/31\/cine-con-perspectiva-de-genero-en-el-espacio-incaa-santa-rosa\/#primaryimage","url":"https:\/\/diariotextual.com\/inicio\/wp-content\/uploads\/2023\/07\/ellaberintodelaslunascineincaa34.jpg","contentUrl":"https:\/\/diariotextual.com\/inicio\/wp-content\/uploads\/2023\/07\/ellaberintodelaslunascineincaa34.jpg","width":719,"height":446},{"@type":"BreadcrumbList","@id":"https:\/\/diariotextual.com\/inicio\/index.php\/2023\/07\/31\/cine-con-perspectiva-de-genero-en-el-espacio-incaa-santa-rosa\/#breadcrumb","itemListElement":[{"@type":"ListItem","position":1,"name":"Portada","item":"https:\/\/diariotextual.com\/inicio\/"},{"@type":"ListItem","position":2,"name":"Cine con perspectiva de g\u00e9nero en el Espacio INCAA Santa Rosa"}]},{"@type":"WebSite","@id":"https:\/\/diariotextual.com\/inicio\/#website","url":"https:\/\/diariotextual.com\/inicio\/","name":"Diario Textual","description":"","publisher":{"@id":"https:\/\/diariotextual.com\/inicio\/#organization"},"potentialAction":[{"@type":"SearchAction","target":{"@type":"EntryPoint","urlTemplate":"https:\/\/diariotextual.com\/inicio\/?s={search_term_string}"},"query-input":{"@type":"PropertyValueSpecification","valueRequired":true,"valueName":"search_term_string"}}],"inLanguage":"es"},{"@type":"Organization","@id":"https:\/\/diariotextual.com\/inicio\/#organization","name":"Diario Textual","url":"https:\/\/diariotextual.com\/inicio\/","logo":{"@type":"ImageObject","inLanguage":"es","@id":"https:\/\/diariotextual.com\/inicio\/#\/schema\/logo\/image\/","url":"https:\/\/diariotextual.com\/inicio\/wp-content\/uploads\/2023\/05\/logotextual1.jpg","contentUrl":"https:\/\/diariotextual.com\/inicio\/wp-content\/uploads\/2023\/05\/logotextual1.jpg","width":516,"height":76,"caption":"Diario Textual"},"image":{"@id":"https:\/\/diariotextual.com\/inicio\/#\/schema\/logo\/image\/"},"sameAs":["https:\/\/www.facebook.com\/eltextual","https:\/\/x.com\/eltextual","http:\/\/www.instagram.com\/eltextual"]},{"@type":"Person","@id":"https:\/\/diariotextual.com\/inicio\/#\/schema\/person\/694f60677f23c4a530867a98f22b3768","name":"diario2","image":{"@type":"ImageObject","inLanguage":"es","@id":"https:\/\/secure.gravatar.com\/avatar\/5a2567495ba16b852fcd8f1ed006a2e24fcace936018ed8237e95f488ad6e0a7?s=96&d=mm&r=g","url":"https:\/\/secure.gravatar.com\/avatar\/5a2567495ba16b852fcd8f1ed006a2e24fcace936018ed8237e95f488ad6e0a7?s=96&d=mm&r=g","contentUrl":"https:\/\/secure.gravatar.com\/avatar\/5a2567495ba16b852fcd8f1ed006a2e24fcace936018ed8237e95f488ad6e0a7?s=96&d=mm&r=g","caption":"diario2"},"url":"https:\/\/diariotextual.com\/inicio\/index.php\/author\/diario2\/"}]}},"_links":{"self":[{"href":"https:\/\/diariotextual.com\/inicio\/index.php\/wp-json\/wp\/v2\/posts\/232491","targetHints":{"allow":["GET"]}}],"collection":[{"href":"https:\/\/diariotextual.com\/inicio\/index.php\/wp-json\/wp\/v2\/posts"}],"about":[{"href":"https:\/\/diariotextual.com\/inicio\/index.php\/wp-json\/wp\/v2\/types\/post"}],"author":[{"embeddable":true,"href":"https:\/\/diariotextual.com\/inicio\/index.php\/wp-json\/wp\/v2\/users\/4"}],"replies":[{"embeddable":true,"href":"https:\/\/diariotextual.com\/inicio\/index.php\/wp-json\/wp\/v2\/comments?post=232491"}],"version-history":[{"count":2,"href":"https:\/\/diariotextual.com\/inicio\/index.php\/wp-json\/wp\/v2\/posts\/232491\/revisions"}],"predecessor-version":[{"id":232494,"href":"https:\/\/diariotextual.com\/inicio\/index.php\/wp-json\/wp\/v2\/posts\/232491\/revisions\/232494"}],"wp:featuredmedia":[{"embeddable":true,"href":"https:\/\/diariotextual.com\/inicio\/index.php\/wp-json\/wp\/v2\/media\/232493"}],"wp:attachment":[{"href":"https:\/\/diariotextual.com\/inicio\/index.php\/wp-json\/wp\/v2\/media?parent=232491"}],"wp:term":[{"taxonomy":"category","embeddable":true,"href":"https:\/\/diariotextual.com\/inicio\/index.php\/wp-json\/wp\/v2\/categories?post=232491"},{"taxonomy":"post_tag","embeddable":true,"href":"https:\/\/diariotextual.com\/inicio\/index.php\/wp-json\/wp\/v2\/tags?post=232491"}],"curies":[{"name":"wp","href":"https:\/\/api.w.org\/{rel}","templated":true}]}}