{"id":232512,"date":"2023-07-31T16:42:29","date_gmt":"2023-07-31T19:42:29","guid":{"rendered":"https:\/\/diariotextual.com\/inicio\/?p=232512"},"modified":"2023-07-31T16:42:32","modified_gmt":"2023-07-31T19:42:32","slug":"las-escuelas-van-al-cine-continua-en-el-segundo-semestre-en-santa-rosa","status":"publish","type":"post","link":"https:\/\/diariotextual.com\/inicio\/index.php\/2023\/07\/31\/las-escuelas-van-al-cine-continua-en-el-segundo-semestre-en-santa-rosa\/","title":{"rendered":"\u201cLas escuelas van al cine\u201d contin\u00faa en el segundo semestre en Santa Rosa"},"content":{"rendered":"\n<p>La Municipalidad de Santa Rosa, a trav\u00e9s de la Secretar\u00eda de Cultura y Educaci\u00f3n, dar\u00e1 continuidad durante el segundo semestre al programa \u201cLas escuelas van al cine\u201d. La iniciativa consiste en la proyecci\u00f3n de funciones de cine gratuitas para estudiantes de nivel primario y secundario en el Espacio INCAA del Centro Municipal de Cultura (CMC).<\/p>\n\n\n\n<p>La novedad para esta segunda mitad de a\u00f1o es la incorporaci\u00f3n a la grilla de la pel\u00edcula \u201cArgentina, 1985\u201d destinada a colegios secundarios.<\/p>\n\n\n\n<p>El largometraje de Santiago Mitre, galardonado a numerosos premios y nominado al Oscar como mejor pel\u00edcula internacional, gira en torno al restablecimiento de la democracia en la Argentina y a el Juicio a las Juntas de la \u00faltima dictadura c\u00edvico-militar, adem\u00e1s de estar centrado en las figuras de los fiscales Julio C\u00e9sar Strassera y Luis Moreno Ocampo, interpretados por Dar\u00edn y Lanzani, respectivamente.<\/p>\n\n\n\n<p>Las visitas se realizan con previa inscripci\u00f3n, ya que la sala cuenta con capacidad limitada.Las escuelas, docentes y talleristas que tengan inter\u00e9s en participar de este programa, deben enviar email a prensaespacioincaa.santarosa@gmail.com.<\/p>\n\n\n\n<p>\u201cLas escuelas van al cine\u201d, tiene el objetivo de promover un acercamiento de las y los estudiantes de nivel primario y secundario a principios del cine en general y argentino en particular, adem\u00e1s de brindar material pedag\u00f3gico para abordar en el aula.<\/p>\n\n\n\n<p>Las pel\u00edculas est\u00e1n acompa\u00f1adas por un cuadernillo en formato digital destinado a docentes, a manera de gu\u00eda para el trabajo posterior en clase. Este tendr\u00e1 herramientas te\u00f3rico-pr\u00e1cticas para entender el camino y los roles que se combinan para desarrollar una pieza audiovisual profesional, con un abanico de nociones sobre este lenguaje, sugerencias de ejercicios y preguntas para analizar.<\/p>\n\n\n\n<p>Esta es la grilla de funciones:<\/p>\n\n\n\n<p>AGOSTO<\/p>\n\n\n\n<p>Lunes 7: EL PATALARGA (10 a 12 a\u00f1os)<br>Martes 8: NATACHA (6 a 9 a\u00f1os)<br>Lunes 14: Escuelas cerradas por elecciones (domingo 13)<br>Martes 15: ARGENTINA, 1985 (16 a 18 a\u00f1os)<br>Lunes 21: NATACHA (6 a 9 a\u00f1os)<br>Martes 22: EL INVENTOR DE JUEGOS (13 a 15 a\u00f1os)<br>Lunes 28: BIKES (6 a 9 a\u00f1os)<br>Martes 29: ARGENTINA, 1985 (16 a 18 a\u00f1os)<\/p>\n\n\n\n<p>SEPTIEMBRE<\/p>\n\n\n\n<p>Lunes 4: CARA SUCIA, CON LA MAGIA DE LA NATURALEZA (6 a 9 a\u00f1os)<br>Martes 5: ARGENTINA, 1985 (16 a 18 a\u00f1os)<br>Lunes 11: BIKES (6 a 9 a\u00f1os)<br>Martes 12: ARGENTINA, 1985 (16 a 18 a\u00f1os)<br>Lunes 18: YANKA Y EL ESP\u00cdRITU DEL VOLC\u00c1N (10 y 12 a\u00f1os)<br>Martes 19: ARGENTINA, 1985 (16 a 18 a\u00f1os)<br>Lunes 25: NATACHA (6 a 9 a\u00f1os)<br>Martes 26: LAS MOTITOS (16 a 18 a\u00f1os)<\/p>\n\n\n\n<p>OCTUBRE<\/p>\n\n\n\n<p>Lunes 2: BIKES (6 a 9 a\u00f1os)<br>Martes 3: ARGENTINA, 1985 (16 a 18 a\u00f1os)<br>Lunes 9: CARA SUCIA, CON LA MAGIA DE LA NATURALEZA (6 a 9 a\u00f1os)<br>Martes 10: ARGENTINA, 1985 (16 a 18 a\u00f1os)<br>Lunes 16: YANKA Y EL ESP\u00cdRITU DEL VOLC\u00c1N (10 y 12 a\u00f1os)<br>Martes 17: ARGENTINA, 1985 (16 a 18 a\u00f1os)<br>Lunes 23: Escuelas cerradas por elecciones (domingo 22)<br>Martes 24: ARGENTINA, 1985 (16 a 18 a\u00f1os)<br>Lunes 30: NATACHA (6 a 9 a\u00f1os)<br>Martes 31: ARGENTINA, 1985 (16 a 18 a\u00f1os)<\/p>\n","protected":false},"excerpt":{"rendered":"<p>La Municipalidad de Santa Rosa, a trav\u00e9s de la Secretar\u00eda de Cultura y Educaci\u00f3n, dar\u00e1 continuidad durante el segundo semestre al programa \u201cLas escuelas van al cine\u201d. La iniciativa consiste&hellip;<\/p>\n","protected":false},"author":3,"featured_media":227761,"comment_status":"closed","ping_status":"open","sticky":false,"template":"","format":"standard","meta":{"_acf_changed":false,"footnotes":""},"categories":[1,12],"tags":[],"class_list":["post-232512","post","type-post","status-publish","format-standard","has-post-thumbnail","hentry","category-es-noticia","category-sociedad"],"acf":[],"yoast_head":"<!-- This site is optimized with the Yoast SEO plugin v27.5 - https:\/\/yoast.com\/product\/yoast-seo-wordpress\/ -->\n<title>\u201cLas escuelas van al cine\u201d contin\u00faa en el segundo semestre en Santa Rosa - Diario Textual<\/title>\n<meta name=\"robots\" content=\"index, follow, max-snippet:-1, max-image-preview:large, max-video-preview:-1\" \/>\n<link rel=\"canonical\" href=\"https:\/\/diariotextual.com\/inicio\/index.php\/2023\/07\/31\/las-escuelas-van-al-cine-continua-en-el-segundo-semestre-en-santa-rosa\/\" \/>\n<meta property=\"og:locale\" content=\"es_ES\" \/>\n<meta property=\"og:type\" content=\"article\" \/>\n<meta property=\"og:title\" content=\"\u201cLas escuelas van al cine\u201d contin\u00faa en el segundo semestre en Santa Rosa - Diario Textual\" \/>\n<meta property=\"og:description\" content=\"La Municipalidad de Santa Rosa, a trav\u00e9s de la Secretar\u00eda de Cultura y Educaci\u00f3n, dar\u00e1 continuidad durante el segundo semestre al programa \u201cLas escuelas van al cine\u201d. La iniciativa consiste&hellip;\" \/>\n<meta property=\"og:url\" content=\"https:\/\/diariotextual.com\/inicio\/index.php\/2023\/07\/31\/las-escuelas-van-al-cine-continua-en-el-segundo-semestre-en-santa-rosa\/\" \/>\n<meta property=\"og:site_name\" content=\"Diario Textual\" \/>\n<meta property=\"article:publisher\" content=\"https:\/\/www.facebook.com\/eltextual\" \/>\n<meta property=\"article:published_time\" content=\"2023-07-31T19:42:29+00:00\" \/>\n<meta property=\"article:modified_time\" content=\"2023-07-31T19:42:32+00:00\" \/>\n<meta property=\"og:image\" content=\"https:\/\/diariotextual.com\/inicio\/wp-content\/uploads\/2023\/06\/espacioincaacinenenes2023-1.jpeg\" \/>\n\t<meta property=\"og:image:width\" content=\"1599\" \/>\n\t<meta property=\"og:image:height\" content=\"1066\" \/>\n\t<meta property=\"og:image:type\" content=\"image\/jpeg\" \/>\n<meta name=\"author\" content=\"Diario1 Diario1\" \/>\n<meta name=\"twitter:card\" content=\"summary_large_image\" \/>\n<meta name=\"twitter:creator\" content=\"@eltextual\" \/>\n<meta name=\"twitter:site\" content=\"@eltextual\" \/>\n<meta name=\"twitter:label1\" content=\"Escrito por\" \/>\n\t<meta name=\"twitter:data1\" content=\"Diario1 Diario1\" \/>\n\t<meta name=\"twitter:label2\" content=\"Tiempo de lectura\" \/>\n\t<meta name=\"twitter:data2\" content=\"3 minutos\" \/>\n<script type=\"application\/ld+json\" class=\"yoast-schema-graph\">{\"@context\":\"https:\\\/\\\/schema.org\",\"@graph\":[{\"@type\":\"Article\",\"@id\":\"https:\\\/\\\/diariotextual.com\\\/inicio\\\/index.php\\\/2023\\\/07\\\/31\\\/las-escuelas-van-al-cine-continua-en-el-segundo-semestre-en-santa-rosa\\\/#article\",\"isPartOf\":{\"@id\":\"https:\\\/\\\/diariotextual.com\\\/inicio\\\/index.php\\\/2023\\\/07\\\/31\\\/las-escuelas-van-al-cine-continua-en-el-segundo-semestre-en-santa-rosa\\\/\"},\"author\":{\"name\":\"Diario1 Diario1\",\"@id\":\"https:\\\/\\\/diariotextual.com\\\/inicio\\\/#\\\/schema\\\/person\\\/418fc4093c33e86ed41562db3508f958\"},\"headline\":\"\u201cLas escuelas van al cine\u201d contin\u00faa en el segundo semestre en Santa Rosa\",\"datePublished\":\"2023-07-31T19:42:29+00:00\",\"dateModified\":\"2023-07-31T19:42:32+00:00\",\"mainEntityOfPage\":{\"@id\":\"https:\\\/\\\/diariotextual.com\\\/inicio\\\/index.php\\\/2023\\\/07\\\/31\\\/las-escuelas-van-al-cine-continua-en-el-segundo-semestre-en-santa-rosa\\\/\"},\"wordCount\":486,\"publisher\":{\"@id\":\"https:\\\/\\\/diariotextual.com\\\/inicio\\\/#organization\"},\"image\":{\"@id\":\"https:\\\/\\\/diariotextual.com\\\/inicio\\\/index.php\\\/2023\\\/07\\\/31\\\/las-escuelas-van-al-cine-continua-en-el-segundo-semestre-en-santa-rosa\\\/#primaryimage\"},\"thumbnailUrl\":\"https:\\\/\\\/diariotextual.com\\\/inicio\\\/wp-content\\\/uploads\\\/2023\\\/06\\\/espacioincaacinenenes2023-1.jpeg\",\"articleSection\":[\"A - ES NOTICIA (van abajo)\",\"SOCIEDAD\"],\"inLanguage\":\"es\"},{\"@type\":\"WebPage\",\"@id\":\"https:\\\/\\\/diariotextual.com\\\/inicio\\\/index.php\\\/2023\\\/07\\\/31\\\/las-escuelas-van-al-cine-continua-en-el-segundo-semestre-en-santa-rosa\\\/\",\"url\":\"https:\\\/\\\/diariotextual.com\\\/inicio\\\/index.php\\\/2023\\\/07\\\/31\\\/las-escuelas-van-al-cine-continua-en-el-segundo-semestre-en-santa-rosa\\\/\",\"name\":\"\u201cLas escuelas van al cine\u201d contin\u00faa en el segundo semestre en Santa Rosa - Diario Textual\",\"isPartOf\":{\"@id\":\"https:\\\/\\\/diariotextual.com\\\/inicio\\\/#website\"},\"primaryImageOfPage\":{\"@id\":\"https:\\\/\\\/diariotextual.com\\\/inicio\\\/index.php\\\/2023\\\/07\\\/31\\\/las-escuelas-van-al-cine-continua-en-el-segundo-semestre-en-santa-rosa\\\/#primaryimage\"},\"image\":{\"@id\":\"https:\\\/\\\/diariotextual.com\\\/inicio\\\/index.php\\\/2023\\\/07\\\/31\\\/las-escuelas-van-al-cine-continua-en-el-segundo-semestre-en-santa-rosa\\\/#primaryimage\"},\"thumbnailUrl\":\"https:\\\/\\\/diariotextual.com\\\/inicio\\\/wp-content\\\/uploads\\\/2023\\\/06\\\/espacioincaacinenenes2023-1.jpeg\",\"datePublished\":\"2023-07-31T19:42:29+00:00\",\"dateModified\":\"2023-07-31T19:42:32+00:00\",\"breadcrumb\":{\"@id\":\"https:\\\/\\\/diariotextual.com\\\/inicio\\\/index.php\\\/2023\\\/07\\\/31\\\/las-escuelas-van-al-cine-continua-en-el-segundo-semestre-en-santa-rosa\\\/#breadcrumb\"},\"inLanguage\":\"es\",\"potentialAction\":[{\"@type\":\"ReadAction\",\"target\":[\"https:\\\/\\\/diariotextual.com\\\/inicio\\\/index.php\\\/2023\\\/07\\\/31\\\/las-escuelas-van-al-cine-continua-en-el-segundo-semestre-en-santa-rosa\\\/\"]}]},{\"@type\":\"ImageObject\",\"inLanguage\":\"es\",\"@id\":\"https:\\\/\\\/diariotextual.com\\\/inicio\\\/index.php\\\/2023\\\/07\\\/31\\\/las-escuelas-van-al-cine-continua-en-el-segundo-semestre-en-santa-rosa\\\/#primaryimage\",\"url\":\"https:\\\/\\\/diariotextual.com\\\/inicio\\\/wp-content\\\/uploads\\\/2023\\\/06\\\/espacioincaacinenenes2023-1.jpeg\",\"contentUrl\":\"https:\\\/\\\/diariotextual.com\\\/inicio\\\/wp-content\\\/uploads\\\/2023\\\/06\\\/espacioincaacinenenes2023-1.jpeg\",\"width\":1599,\"height\":1066},{\"@type\":\"BreadcrumbList\",\"@id\":\"https:\\\/\\\/diariotextual.com\\\/inicio\\\/index.php\\\/2023\\\/07\\\/31\\\/las-escuelas-van-al-cine-continua-en-el-segundo-semestre-en-santa-rosa\\\/#breadcrumb\",\"itemListElement\":[{\"@type\":\"ListItem\",\"position\":1,\"name\":\"Portada\",\"item\":\"https:\\\/\\\/diariotextual.com\\\/inicio\\\/\"},{\"@type\":\"ListItem\",\"position\":2,\"name\":\"\u201cLas escuelas van al cine\u201d contin\u00faa en el segundo semestre en Santa Rosa\"}]},{\"@type\":\"WebSite\",\"@id\":\"https:\\\/\\\/diariotextual.com\\\/inicio\\\/#website\",\"url\":\"https:\\\/\\\/diariotextual.com\\\/inicio\\\/\",\"name\":\"Diario Textual\",\"description\":\"\",\"publisher\":{\"@id\":\"https:\\\/\\\/diariotextual.com\\\/inicio\\\/#organization\"},\"potentialAction\":[{\"@type\":\"SearchAction\",\"target\":{\"@type\":\"EntryPoint\",\"urlTemplate\":\"https:\\\/\\\/diariotextual.com\\\/inicio\\\/?s={search_term_string}\"},\"query-input\":{\"@type\":\"PropertyValueSpecification\",\"valueRequired\":true,\"valueName\":\"search_term_string\"}}],\"inLanguage\":\"es\"},{\"@type\":\"Organization\",\"@id\":\"https:\\\/\\\/diariotextual.com\\\/inicio\\\/#organization\",\"name\":\"Diario Textual\",\"url\":\"https:\\\/\\\/diariotextual.com\\\/inicio\\\/\",\"logo\":{\"@type\":\"ImageObject\",\"inLanguage\":\"es\",\"@id\":\"https:\\\/\\\/diariotextual.com\\\/inicio\\\/#\\\/schema\\\/logo\\\/image\\\/\",\"url\":\"https:\\\/\\\/diariotextual.com\\\/inicio\\\/wp-content\\\/uploads\\\/2023\\\/05\\\/logotextual1.jpg\",\"contentUrl\":\"https:\\\/\\\/diariotextual.com\\\/inicio\\\/wp-content\\\/uploads\\\/2023\\\/05\\\/logotextual1.jpg\",\"width\":516,\"height\":76,\"caption\":\"Diario Textual\"},\"image\":{\"@id\":\"https:\\\/\\\/diariotextual.com\\\/inicio\\\/#\\\/schema\\\/logo\\\/image\\\/\"},\"sameAs\":[\"https:\\\/\\\/www.facebook.com\\\/eltextual\",\"https:\\\/\\\/x.com\\\/eltextual\",\"http:\\\/\\\/www.instagram.com\\\/eltextual\"]},{\"@type\":\"Person\",\"@id\":\"https:\\\/\\\/diariotextual.com\\\/inicio\\\/#\\\/schema\\\/person\\\/418fc4093c33e86ed41562db3508f958\",\"name\":\"Diario1 Diario1\",\"image\":{\"@type\":\"ImageObject\",\"inLanguage\":\"es\",\"@id\":\"https:\\\/\\\/secure.gravatar.com\\\/avatar\\\/9167d280179c85bc18be67aa7eda765854300033af4896dd779b608640f2ef7a?s=96&d=mm&r=g\",\"url\":\"https:\\\/\\\/secure.gravatar.com\\\/avatar\\\/9167d280179c85bc18be67aa7eda765854300033af4896dd779b608640f2ef7a?s=96&d=mm&r=g\",\"contentUrl\":\"https:\\\/\\\/secure.gravatar.com\\\/avatar\\\/9167d280179c85bc18be67aa7eda765854300033af4896dd779b608640f2ef7a?s=96&d=mm&r=g\",\"caption\":\"Diario1 Diario1\"},\"url\":\"https:\\\/\\\/diariotextual.com\\\/inicio\\\/index.php\\\/author\\\/diario1\\\/\"}]}<\/script>\n<!-- \/ Yoast SEO plugin. -->","yoast_head_json":{"title":"\u201cLas escuelas van al cine\u201d contin\u00faa en el segundo semestre en Santa Rosa - Diario Textual","robots":{"index":"index","follow":"follow","max-snippet":"max-snippet:-1","max-image-preview":"max-image-preview:large","max-video-preview":"max-video-preview:-1"},"canonical":"https:\/\/diariotextual.com\/inicio\/index.php\/2023\/07\/31\/las-escuelas-van-al-cine-continua-en-el-segundo-semestre-en-santa-rosa\/","og_locale":"es_ES","og_type":"article","og_title":"\u201cLas escuelas van al cine\u201d contin\u00faa en el segundo semestre en Santa Rosa - Diario Textual","og_description":"La Municipalidad de Santa Rosa, a trav\u00e9s de la Secretar\u00eda de Cultura y Educaci\u00f3n, dar\u00e1 continuidad durante el segundo semestre al programa \u201cLas escuelas van al cine\u201d. La iniciativa consiste&hellip;","og_url":"https:\/\/diariotextual.com\/inicio\/index.php\/2023\/07\/31\/las-escuelas-van-al-cine-continua-en-el-segundo-semestre-en-santa-rosa\/","og_site_name":"Diario Textual","article_publisher":"https:\/\/www.facebook.com\/eltextual","article_published_time":"2023-07-31T19:42:29+00:00","article_modified_time":"2023-07-31T19:42:32+00:00","og_image":[{"width":1599,"height":1066,"url":"https:\/\/diariotextual.com\/inicio\/wp-content\/uploads\/2023\/06\/espacioincaacinenenes2023-1.jpeg","type":"image\/jpeg"}],"author":"Diario1 Diario1","twitter_card":"summary_large_image","twitter_creator":"@eltextual","twitter_site":"@eltextual","twitter_misc":{"Escrito por":"Diario1 Diario1","Tiempo de lectura":"3 minutos"},"schema":{"@context":"https:\/\/schema.org","@graph":[{"@type":"Article","@id":"https:\/\/diariotextual.com\/inicio\/index.php\/2023\/07\/31\/las-escuelas-van-al-cine-continua-en-el-segundo-semestre-en-santa-rosa\/#article","isPartOf":{"@id":"https:\/\/diariotextual.com\/inicio\/index.php\/2023\/07\/31\/las-escuelas-van-al-cine-continua-en-el-segundo-semestre-en-santa-rosa\/"},"author":{"name":"Diario1 Diario1","@id":"https:\/\/diariotextual.com\/inicio\/#\/schema\/person\/418fc4093c33e86ed41562db3508f958"},"headline":"\u201cLas escuelas van al cine\u201d contin\u00faa en el segundo semestre en Santa Rosa","datePublished":"2023-07-31T19:42:29+00:00","dateModified":"2023-07-31T19:42:32+00:00","mainEntityOfPage":{"@id":"https:\/\/diariotextual.com\/inicio\/index.php\/2023\/07\/31\/las-escuelas-van-al-cine-continua-en-el-segundo-semestre-en-santa-rosa\/"},"wordCount":486,"publisher":{"@id":"https:\/\/diariotextual.com\/inicio\/#organization"},"image":{"@id":"https:\/\/diariotextual.com\/inicio\/index.php\/2023\/07\/31\/las-escuelas-van-al-cine-continua-en-el-segundo-semestre-en-santa-rosa\/#primaryimage"},"thumbnailUrl":"https:\/\/diariotextual.com\/inicio\/wp-content\/uploads\/2023\/06\/espacioincaacinenenes2023-1.jpeg","articleSection":["A - ES NOTICIA (van abajo)","SOCIEDAD"],"inLanguage":"es"},{"@type":"WebPage","@id":"https:\/\/diariotextual.com\/inicio\/index.php\/2023\/07\/31\/las-escuelas-van-al-cine-continua-en-el-segundo-semestre-en-santa-rosa\/","url":"https:\/\/diariotextual.com\/inicio\/index.php\/2023\/07\/31\/las-escuelas-van-al-cine-continua-en-el-segundo-semestre-en-santa-rosa\/","name":"\u201cLas escuelas van al cine\u201d contin\u00faa en el segundo semestre en Santa Rosa - Diario Textual","isPartOf":{"@id":"https:\/\/diariotextual.com\/inicio\/#website"},"primaryImageOfPage":{"@id":"https:\/\/diariotextual.com\/inicio\/index.php\/2023\/07\/31\/las-escuelas-van-al-cine-continua-en-el-segundo-semestre-en-santa-rosa\/#primaryimage"},"image":{"@id":"https:\/\/diariotextual.com\/inicio\/index.php\/2023\/07\/31\/las-escuelas-van-al-cine-continua-en-el-segundo-semestre-en-santa-rosa\/#primaryimage"},"thumbnailUrl":"https:\/\/diariotextual.com\/inicio\/wp-content\/uploads\/2023\/06\/espacioincaacinenenes2023-1.jpeg","datePublished":"2023-07-31T19:42:29+00:00","dateModified":"2023-07-31T19:42:32+00:00","breadcrumb":{"@id":"https:\/\/diariotextual.com\/inicio\/index.php\/2023\/07\/31\/las-escuelas-van-al-cine-continua-en-el-segundo-semestre-en-santa-rosa\/#breadcrumb"},"inLanguage":"es","potentialAction":[{"@type":"ReadAction","target":["https:\/\/diariotextual.com\/inicio\/index.php\/2023\/07\/31\/las-escuelas-van-al-cine-continua-en-el-segundo-semestre-en-santa-rosa\/"]}]},{"@type":"ImageObject","inLanguage":"es","@id":"https:\/\/diariotextual.com\/inicio\/index.php\/2023\/07\/31\/las-escuelas-van-al-cine-continua-en-el-segundo-semestre-en-santa-rosa\/#primaryimage","url":"https:\/\/diariotextual.com\/inicio\/wp-content\/uploads\/2023\/06\/espacioincaacinenenes2023-1.jpeg","contentUrl":"https:\/\/diariotextual.com\/inicio\/wp-content\/uploads\/2023\/06\/espacioincaacinenenes2023-1.jpeg","width":1599,"height":1066},{"@type":"BreadcrumbList","@id":"https:\/\/diariotextual.com\/inicio\/index.php\/2023\/07\/31\/las-escuelas-van-al-cine-continua-en-el-segundo-semestre-en-santa-rosa\/#breadcrumb","itemListElement":[{"@type":"ListItem","position":1,"name":"Portada","item":"https:\/\/diariotextual.com\/inicio\/"},{"@type":"ListItem","position":2,"name":"\u201cLas escuelas van al cine\u201d contin\u00faa en el segundo semestre en Santa Rosa"}]},{"@type":"WebSite","@id":"https:\/\/diariotextual.com\/inicio\/#website","url":"https:\/\/diariotextual.com\/inicio\/","name":"Diario Textual","description":"","publisher":{"@id":"https:\/\/diariotextual.com\/inicio\/#organization"},"potentialAction":[{"@type":"SearchAction","target":{"@type":"EntryPoint","urlTemplate":"https:\/\/diariotextual.com\/inicio\/?s={search_term_string}"},"query-input":{"@type":"PropertyValueSpecification","valueRequired":true,"valueName":"search_term_string"}}],"inLanguage":"es"},{"@type":"Organization","@id":"https:\/\/diariotextual.com\/inicio\/#organization","name":"Diario Textual","url":"https:\/\/diariotextual.com\/inicio\/","logo":{"@type":"ImageObject","inLanguage":"es","@id":"https:\/\/diariotextual.com\/inicio\/#\/schema\/logo\/image\/","url":"https:\/\/diariotextual.com\/inicio\/wp-content\/uploads\/2023\/05\/logotextual1.jpg","contentUrl":"https:\/\/diariotextual.com\/inicio\/wp-content\/uploads\/2023\/05\/logotextual1.jpg","width":516,"height":76,"caption":"Diario Textual"},"image":{"@id":"https:\/\/diariotextual.com\/inicio\/#\/schema\/logo\/image\/"},"sameAs":["https:\/\/www.facebook.com\/eltextual","https:\/\/x.com\/eltextual","http:\/\/www.instagram.com\/eltextual"]},{"@type":"Person","@id":"https:\/\/diariotextual.com\/inicio\/#\/schema\/person\/418fc4093c33e86ed41562db3508f958","name":"Diario1 Diario1","image":{"@type":"ImageObject","inLanguage":"es","@id":"https:\/\/secure.gravatar.com\/avatar\/9167d280179c85bc18be67aa7eda765854300033af4896dd779b608640f2ef7a?s=96&d=mm&r=g","url":"https:\/\/secure.gravatar.com\/avatar\/9167d280179c85bc18be67aa7eda765854300033af4896dd779b608640f2ef7a?s=96&d=mm&r=g","contentUrl":"https:\/\/secure.gravatar.com\/avatar\/9167d280179c85bc18be67aa7eda765854300033af4896dd779b608640f2ef7a?s=96&d=mm&r=g","caption":"Diario1 Diario1"},"url":"https:\/\/diariotextual.com\/inicio\/index.php\/author\/diario1\/"}]}},"_links":{"self":[{"href":"https:\/\/diariotextual.com\/inicio\/index.php\/wp-json\/wp\/v2\/posts\/232512","targetHints":{"allow":["GET"]}}],"collection":[{"href":"https:\/\/diariotextual.com\/inicio\/index.php\/wp-json\/wp\/v2\/posts"}],"about":[{"href":"https:\/\/diariotextual.com\/inicio\/index.php\/wp-json\/wp\/v2\/types\/post"}],"author":[{"embeddable":true,"href":"https:\/\/diariotextual.com\/inicio\/index.php\/wp-json\/wp\/v2\/users\/3"}],"replies":[{"embeddable":true,"href":"https:\/\/diariotextual.com\/inicio\/index.php\/wp-json\/wp\/v2\/comments?post=232512"}],"version-history":[{"count":1,"href":"https:\/\/diariotextual.com\/inicio\/index.php\/wp-json\/wp\/v2\/posts\/232512\/revisions"}],"predecessor-version":[{"id":232513,"href":"https:\/\/diariotextual.com\/inicio\/index.php\/wp-json\/wp\/v2\/posts\/232512\/revisions\/232513"}],"wp:featuredmedia":[{"embeddable":true,"href":"https:\/\/diariotextual.com\/inicio\/index.php\/wp-json\/wp\/v2\/media\/227761"}],"wp:attachment":[{"href":"https:\/\/diariotextual.com\/inicio\/index.php\/wp-json\/wp\/v2\/media?parent=232512"}],"wp:term":[{"taxonomy":"category","embeddable":true,"href":"https:\/\/diariotextual.com\/inicio\/index.php\/wp-json\/wp\/v2\/categories?post=232512"},{"taxonomy":"post_tag","embeddable":true,"href":"https:\/\/diariotextual.com\/inicio\/index.php\/wp-json\/wp\/v2\/tags?post=232512"}],"curies":[{"name":"wp","href":"https:\/\/api.w.org\/{rel}","templated":true}]}}