{"id":232514,"date":"2023-07-31T16:48:44","date_gmt":"2023-07-31T19:48:44","guid":{"rendered":"https:\/\/diariotextual.com\/inicio\/?p=232514"},"modified":"2023-07-31T16:50:34","modified_gmt":"2023-07-31T19:50:34","slug":"como-avanza-el-plan-de-obras-publicas-en-la-capital-pampeana","status":"publish","type":"post","link":"https:\/\/diariotextual.com\/inicio\/index.php\/2023\/07\/31\/como-avanza-el-plan-de-obras-publicas-en-la-capital-pampeana\/","title":{"rendered":"C\u00f3mo avanza el plan de obras p\u00fablicas en la capital pampeana"},"content":{"rendered":"\n<p>La gesti\u00f3n del intendente Luciano di N\u00e1poli avanza en la ejecuci\u00f3n de un intensivo plan de obras con intervenciones provinciales y nacionales en diferentes puntos de la ciudad.<\/p>\n\n\n\n<p> \u201cTrabajamos en conjunto con el objetivo de seguir mejorando la calidad de vida de todas las familias de la capital pampeana\u201d, afirmaron autoridades de Obras P\u00fablicas del Municipio.<\/p>\n\n\n\n<div style=\"height:100px\" aria-hidden=\"true\" class=\"wp-block-spacer\"><\/div>\n\n\n\n<p>Obras Integrales<\/p>\n\n\n\n<p>Avanza el recambio de colectora cloacal y conexiones domiciliarias sobre calle Chile entre L. de Vega y Emilio Civit en el marco de la obra \u201cRehabilitaci\u00f3n y repavimentaci\u00f3n en calles de Santa Rosa\u201d, que permitir\u00e1 completar la obra de asfalto nuevo correspondiente.<\/p>\n\n\n\n<p>En el marco de la misma obra vial, se iniciar\u00e1n los trabajos de depresi\u00f3n de napas para el posterior recambio de colectora cloacal y conexiones domiciliarias sobre calle Tel\u00e9n entre calles Unanue y Gral. Acha.<\/p>\n\n\n\n<p>Respecto a la obra que se est\u00e1 ejecutando en el barrio Villa del Busto, progresan los trabajos de recambio de la colectora cloacal y conexiones domiciliaras de la calle Ant\u00e1rtida Argentina y Santiago del Estero entre calles Gdor. Duval y Catamarca.<\/p>\n\n\n\n<p>Estas obras permiten dar soluci\u00f3n a inconvenientes que ven\u00edan sufriendo familias y comercios de la zona por fallas de la red cloacal para avanzar con la posterior obra de reconstrucci\u00f3n de pavimento y brindar una soluci\u00f3n integral a la problem\u00e1tica.<\/p>\n\n\n\n<div style=\"height:100px\" aria-hidden=\"true\" class=\"wp-block-spacer\"><\/div>\n\n\n\n<p>Obras Viales<\/p>\n\n\n\n<p>En el marco de la Obra \u201cRehabilitaci\u00f3n y pavimentaci\u00f3n de corredores Santa Rosa- La Pampa\u201d, se informa que actualmente se encuentran activos cinco frentes de trabajo.<\/p>\n\n\n\n<p>El primero corresponde al corredor vial de la calle Cavero, pr\u00f3ximo a su finalizaci\u00f3n, resta por ejecutar la carpeta asf\u00e1ltica de la calle Ramona Pereyra y H. de La Iglesia, tareas que se ejecutar\u00e1n en la semana en curso dando por finalizado el nuevo corredor vial.<\/p>\n\n\n\n<p>El segundo, con inicio reciente, corresponde a los trabajos de movimiento de suelo sobre la calle Liberato Rosas, dando comienzo a la concreci\u00f3n de un nuevo corredor vial para la ciudad.<\/p>\n\n\n\n<p>El tercero corresponde a la calle Autonomista, con tareas de bacheo profundo y la ejecuci\u00f3n de la carpeta asf\u00e1ltica en los pr\u00f3ximos d\u00edas.<\/p>\n\n\n\n<p>Y el cuarto y quinto frente corresponden a la calle Almirante Brown y El Fort\u00edn, respectivamente, con el comienzo de tareas de reciclado de carpeta asf\u00e1ltica en Almirante Brown entre Mendoza y Santa Cruz, durante el transcurso de esta semana. Mientras que sobre calle El Fort\u00edn entre Av. San Mart\u00edn Oeste y Cervantes se est\u00e1n ejecutando tareas de fresado, carpeta y reconstrucci\u00f3n de cord\u00f3n cuneta.<\/p>\n\n\n\n<div style=\"height:100px\" aria-hidden=\"true\" class=\"wp-block-spacer\"><\/div>\n\n\n\n<p>Calle Felice<\/p>\n\n\n\n<p>En la zona oeste de la ciudad, avanza a buen ritmo la obra de pavimentaci\u00f3n de la calle Felice, actualmente, entre las calles Violeta Parra y Dino Saluzzi. Se est\u00e1n ejecutando tareas de construcci\u00f3n de cord\u00f3n cuneta, construcci\u00f3n de subrasante y construcci\u00f3n de base.<\/p>\n\n\n\n<p>En paralelo contin\u00faa activo el frente de movimiento de suelo para realizar el terraplenado de la calle Felice entre Juana Azurduy y Altolaguirre.<\/p>\n\n\n\n<p>Por otro lado, se avanza con la obra de recambio de colectora cloacal y conexiones domiciliarias sobre la calle 1 de Mayo entre Stieben y Ant\u00e1rtida Argentina en el marco de la misma obra.<\/p>\n\n\n\n<div style=\"height:100px\" aria-hidden=\"true\" class=\"wp-block-spacer\"><\/div>\n\n\n\n<p>Calle Stieben<\/p>\n\n\n\n<p>Con respecto a la obra de pavimentaci\u00f3n de la calle Stieben, el frente de trabajo se encuentra ubicado entre Av. Pilcomayo y Asunci\u00f3n del Paraguay, donde actualmente se desarrollan tareas de construcci\u00f3n de cord\u00f3n cuneta, ejecuci\u00f3n de subrasante, subbase y base.<\/p>\n\n\n\n<p>En el transcurso de la semana se prev\u00e9 la pavimentaci\u00f3n del tramo de obra comprendido entre Asunci\u00f3n del Paraguay y R\u00edo Negro, donde actualmente se finalizaron las tareas b\u00e1sicas de obra.<\/p>\n\n\n\n<div style=\"height:100px\" aria-hidden=\"true\" class=\"wp-block-spacer\"><\/div>\n\n\n\n<p>Obra Av.Illia y Tello<\/p>\n\n\n\n<p>En el marco de la obra \u201cSistematizaci\u00f3n Acceso Barrio Navarro Sarmiento y Barrio Villa Martita\u201d, concluyeron las tareas de movimiento de suelo, ejecuci\u00f3n de subrasante, base y cord\u00f3n cuneta sobre las dos nuevas bajadas (sobre calle Te\u00f3filo de la Colina y sobre calle Grassi) y sobre el nuevo ascenso a la RN 5 sobre calle Tello.<\/p>\n\n\n\n<p>Actualmente se est\u00e1n ejecutando tareas de carpeta asf\u00e1ltica, las cuales concluir\u00e1n con los nuevos accesos pavimentados en el transcurso de la semana. Ya se han instalado las bases y postes de la semaforizaci\u00f3n sobre la intersecci\u00f3n de la RN 5 y calle Tello y se encuentran en ejecuci\u00f3n las tareas de muros de contenci\u00f3n de terraplenes.<\/p>\n\n\n\n<div style=\"height:100px\" aria-hidden=\"true\" class=\"wp-block-spacer\"><\/div>\n\n\n\n<p>Bacheo<\/p>\n\n\n\n<p>En el marco del \u201cPlan de reconstrucci\u00f3n de esquinas y bacheo\u201d, contin\u00faan los trabajos de bacheo y reconstrucci\u00f3n de esquinas en el barrio Aeropuerto de la ciudad. Actualmente se est\u00e1 ejecutando el bacheo programado sobre la calle 20 de Julio, entre calle Forchieri y Arturo Castro, dando continuidad a la programaci\u00f3n prevista.<\/p>\n\n\n\n<div style=\"height:100px\" aria-hidden=\"true\" class=\"wp-block-spacer\"><\/div>\n\n\n\n<p>Recambio de Luminarias<\/p>\n\n\n\n<p>Inici\u00f3 el recambio de luminarias p\u00fablicas por nuevas a tecnolog\u00eda LED en el Barrio Sur (Plan 5000) en el marco del convenio \u201cPlan de alumbrado eficiente e inteligente\u201d, llevado adelante por la Secretar\u00eda de Energ\u00eda y Miner\u00eda del Gobierno de La Pampa.<\/p>\n\n\n\n<div style=\"height:100px\" aria-hidden=\"true\" class=\"wp-block-spacer\"><\/div>\n\n\n\n<p>Centro de Transferencia<\/p>\n\n\n\n<p>Contin\u00faan los trabajos de cerramiento met\u00e1lico y pintura de la obra \u201cCentro de Transferencia\u201d para el transporte p\u00fablico que se ejecuta en las intersecciones de las calles Mansilla y Rivadavia sobre la esquina del Parque Oliver.<\/p>\n","protected":false},"excerpt":{"rendered":"<p>La gesti\u00f3n del intendente Luciano di N\u00e1poli avanza en la ejecuci\u00f3n de un intensivo plan de obras con intervenciones provinciales y nacionales en diferentes puntos de la ciudad. \u201cTrabajamos en&hellip;<\/p>\n","protected":false},"author":3,"featured_media":223699,"comment_status":"closed","ping_status":"open","sticky":false,"template":"","format":"standard","meta":{"_acf_changed":false,"footnotes":""},"categories":[1,12],"tags":[],"class_list":["post-232514","post","type-post","status-publish","format-standard","has-post-thumbnail","hentry","category-es-noticia","category-sociedad"],"acf":[],"yoast_head":"<!-- This site is optimized with the Yoast SEO plugin v27.5 - https:\/\/yoast.com\/product\/yoast-seo-wordpress\/ -->\n<title>C\u00f3mo avanza el plan de obras p\u00fablicas en la capital pampeana - Diario Textual<\/title>\n<meta name=\"robots\" content=\"index, follow, max-snippet:-1, max-image-preview:large, max-video-preview:-1\" \/>\n<link rel=\"canonical\" href=\"https:\/\/diariotextual.com\/inicio\/index.php\/2023\/07\/31\/como-avanza-el-plan-de-obras-publicas-en-la-capital-pampeana\/\" \/>\n<meta property=\"og:locale\" content=\"es_ES\" \/>\n<meta property=\"og:type\" content=\"article\" \/>\n<meta property=\"og:title\" content=\"C\u00f3mo avanza el plan de obras p\u00fablicas en la capital pampeana - Diario Textual\" \/>\n<meta property=\"og:description\" content=\"La gesti\u00f3n del intendente Luciano di N\u00e1poli avanza en la ejecuci\u00f3n de un intensivo plan de obras con intervenciones provinciales y nacionales en diferentes puntos de la ciudad. \u201cTrabajamos en&hellip;\" \/>\n<meta property=\"og:url\" content=\"https:\/\/diariotextual.com\/inicio\/index.php\/2023\/07\/31\/como-avanza-el-plan-de-obras-publicas-en-la-capital-pampeana\/\" \/>\n<meta property=\"og:site_name\" content=\"Diario Textual\" \/>\n<meta property=\"article:publisher\" content=\"https:\/\/www.facebook.com\/eltextual\" \/>\n<meta property=\"article:published_time\" content=\"2023-07-31T19:48:44+00:00\" \/>\n<meta property=\"article:modified_time\" content=\"2023-07-31T19:50:34+00:00\" \/>\n<meta property=\"og:image\" content=\"https:\/\/diariotextual.com\/inicio\/wp-content\/uploads\/2023\/04\/dinapolilucianoprocrear2023-10.jpg\" \/>\n\t<meta property=\"og:image:width\" content=\"1600\" \/>\n\t<meta property=\"og:image:height\" content=\"1033\" \/>\n\t<meta property=\"og:image:type\" content=\"image\/jpeg\" \/>\n<meta name=\"author\" content=\"Diario1 Diario1\" \/>\n<meta name=\"twitter:card\" content=\"summary_large_image\" \/>\n<meta name=\"twitter:creator\" content=\"@eltextual\" \/>\n<meta name=\"twitter:site\" content=\"@eltextual\" \/>\n<meta name=\"twitter:label1\" content=\"Escrito por\" \/>\n\t<meta name=\"twitter:data1\" content=\"Diario1 Diario1\" \/>\n\t<meta name=\"twitter:label2\" content=\"Tiempo de lectura\" \/>\n\t<meta name=\"twitter:data2\" content=\"4 minutos\" \/>\n<script type=\"application\/ld+json\" class=\"yoast-schema-graph\">{\"@context\":\"https:\\\/\\\/schema.org\",\"@graph\":[{\"@type\":\"Article\",\"@id\":\"https:\\\/\\\/diariotextual.com\\\/inicio\\\/index.php\\\/2023\\\/07\\\/31\\\/como-avanza-el-plan-de-obras-publicas-en-la-capital-pampeana\\\/#article\",\"isPartOf\":{\"@id\":\"https:\\\/\\\/diariotextual.com\\\/inicio\\\/index.php\\\/2023\\\/07\\\/31\\\/como-avanza-el-plan-de-obras-publicas-en-la-capital-pampeana\\\/\"},\"author\":{\"name\":\"Diario1 Diario1\",\"@id\":\"https:\\\/\\\/diariotextual.com\\\/inicio\\\/#\\\/schema\\\/person\\\/418fc4093c33e86ed41562db3508f958\"},\"headline\":\"C\u00f3mo avanza el plan de obras p\u00fablicas en la capital pampeana\",\"datePublished\":\"2023-07-31T19:48:44+00:00\",\"dateModified\":\"2023-07-31T19:50:34+00:00\",\"mainEntityOfPage\":{\"@id\":\"https:\\\/\\\/diariotextual.com\\\/inicio\\\/index.php\\\/2023\\\/07\\\/31\\\/como-avanza-el-plan-de-obras-publicas-en-la-capital-pampeana\\\/\"},\"wordCount\":921,\"publisher\":{\"@id\":\"https:\\\/\\\/diariotextual.com\\\/inicio\\\/#organization\"},\"image\":{\"@id\":\"https:\\\/\\\/diariotextual.com\\\/inicio\\\/index.php\\\/2023\\\/07\\\/31\\\/como-avanza-el-plan-de-obras-publicas-en-la-capital-pampeana\\\/#primaryimage\"},\"thumbnailUrl\":\"https:\\\/\\\/diariotextual.com\\\/inicio\\\/wp-content\\\/uploads\\\/2023\\\/04\\\/dinapolilucianoprocrear2023-10.jpg\",\"articleSection\":[\"A - ES NOTICIA (van abajo)\",\"SOCIEDAD\"],\"inLanguage\":\"es\"},{\"@type\":\"WebPage\",\"@id\":\"https:\\\/\\\/diariotextual.com\\\/inicio\\\/index.php\\\/2023\\\/07\\\/31\\\/como-avanza-el-plan-de-obras-publicas-en-la-capital-pampeana\\\/\",\"url\":\"https:\\\/\\\/diariotextual.com\\\/inicio\\\/index.php\\\/2023\\\/07\\\/31\\\/como-avanza-el-plan-de-obras-publicas-en-la-capital-pampeana\\\/\",\"name\":\"C\u00f3mo avanza el plan de obras p\u00fablicas en la capital pampeana - Diario Textual\",\"isPartOf\":{\"@id\":\"https:\\\/\\\/diariotextual.com\\\/inicio\\\/#website\"},\"primaryImageOfPage\":{\"@id\":\"https:\\\/\\\/diariotextual.com\\\/inicio\\\/index.php\\\/2023\\\/07\\\/31\\\/como-avanza-el-plan-de-obras-publicas-en-la-capital-pampeana\\\/#primaryimage\"},\"image\":{\"@id\":\"https:\\\/\\\/diariotextual.com\\\/inicio\\\/index.php\\\/2023\\\/07\\\/31\\\/como-avanza-el-plan-de-obras-publicas-en-la-capital-pampeana\\\/#primaryimage\"},\"thumbnailUrl\":\"https:\\\/\\\/diariotextual.com\\\/inicio\\\/wp-content\\\/uploads\\\/2023\\\/04\\\/dinapolilucianoprocrear2023-10.jpg\",\"datePublished\":\"2023-07-31T19:48:44+00:00\",\"dateModified\":\"2023-07-31T19:50:34+00:00\",\"breadcrumb\":{\"@id\":\"https:\\\/\\\/diariotextual.com\\\/inicio\\\/index.php\\\/2023\\\/07\\\/31\\\/como-avanza-el-plan-de-obras-publicas-en-la-capital-pampeana\\\/#breadcrumb\"},\"inLanguage\":\"es\",\"potentialAction\":[{\"@type\":\"ReadAction\",\"target\":[\"https:\\\/\\\/diariotextual.com\\\/inicio\\\/index.php\\\/2023\\\/07\\\/31\\\/como-avanza-el-plan-de-obras-publicas-en-la-capital-pampeana\\\/\"]}]},{\"@type\":\"ImageObject\",\"inLanguage\":\"es\",\"@id\":\"https:\\\/\\\/diariotextual.com\\\/inicio\\\/index.php\\\/2023\\\/07\\\/31\\\/como-avanza-el-plan-de-obras-publicas-en-la-capital-pampeana\\\/#primaryimage\",\"url\":\"https:\\\/\\\/diariotextual.com\\\/inicio\\\/wp-content\\\/uploads\\\/2023\\\/04\\\/dinapolilucianoprocrear2023-10.jpg\",\"contentUrl\":\"https:\\\/\\\/diariotextual.com\\\/inicio\\\/wp-content\\\/uploads\\\/2023\\\/04\\\/dinapolilucianoprocrear2023-10.jpg\",\"width\":1600,\"height\":1033},{\"@type\":\"BreadcrumbList\",\"@id\":\"https:\\\/\\\/diariotextual.com\\\/inicio\\\/index.php\\\/2023\\\/07\\\/31\\\/como-avanza-el-plan-de-obras-publicas-en-la-capital-pampeana\\\/#breadcrumb\",\"itemListElement\":[{\"@type\":\"ListItem\",\"position\":1,\"name\":\"Portada\",\"item\":\"https:\\\/\\\/diariotextual.com\\\/inicio\\\/\"},{\"@type\":\"ListItem\",\"position\":2,\"name\":\"C\u00f3mo avanza el plan de obras p\u00fablicas en la capital pampeana\"}]},{\"@type\":\"WebSite\",\"@id\":\"https:\\\/\\\/diariotextual.com\\\/inicio\\\/#website\",\"url\":\"https:\\\/\\\/diariotextual.com\\\/inicio\\\/\",\"name\":\"Diario Textual\",\"description\":\"\",\"publisher\":{\"@id\":\"https:\\\/\\\/diariotextual.com\\\/inicio\\\/#organization\"},\"potentialAction\":[{\"@type\":\"SearchAction\",\"target\":{\"@type\":\"EntryPoint\",\"urlTemplate\":\"https:\\\/\\\/diariotextual.com\\\/inicio\\\/?s={search_term_string}\"},\"query-input\":{\"@type\":\"PropertyValueSpecification\",\"valueRequired\":true,\"valueName\":\"search_term_string\"}}],\"inLanguage\":\"es\"},{\"@type\":\"Organization\",\"@id\":\"https:\\\/\\\/diariotextual.com\\\/inicio\\\/#organization\",\"name\":\"Diario Textual\",\"url\":\"https:\\\/\\\/diariotextual.com\\\/inicio\\\/\",\"logo\":{\"@type\":\"ImageObject\",\"inLanguage\":\"es\",\"@id\":\"https:\\\/\\\/diariotextual.com\\\/inicio\\\/#\\\/schema\\\/logo\\\/image\\\/\",\"url\":\"https:\\\/\\\/diariotextual.com\\\/inicio\\\/wp-content\\\/uploads\\\/2023\\\/05\\\/logotextual1.jpg\",\"contentUrl\":\"https:\\\/\\\/diariotextual.com\\\/inicio\\\/wp-content\\\/uploads\\\/2023\\\/05\\\/logotextual1.jpg\",\"width\":516,\"height\":76,\"caption\":\"Diario Textual\"},\"image\":{\"@id\":\"https:\\\/\\\/diariotextual.com\\\/inicio\\\/#\\\/schema\\\/logo\\\/image\\\/\"},\"sameAs\":[\"https:\\\/\\\/www.facebook.com\\\/eltextual\",\"https:\\\/\\\/x.com\\\/eltextual\",\"http:\\\/\\\/www.instagram.com\\\/eltextual\"]},{\"@type\":\"Person\",\"@id\":\"https:\\\/\\\/diariotextual.com\\\/inicio\\\/#\\\/schema\\\/person\\\/418fc4093c33e86ed41562db3508f958\",\"name\":\"Diario1 Diario1\",\"image\":{\"@type\":\"ImageObject\",\"inLanguage\":\"es\",\"@id\":\"https:\\\/\\\/secure.gravatar.com\\\/avatar\\\/9167d280179c85bc18be67aa7eda765854300033af4896dd779b608640f2ef7a?s=96&d=mm&r=g\",\"url\":\"https:\\\/\\\/secure.gravatar.com\\\/avatar\\\/9167d280179c85bc18be67aa7eda765854300033af4896dd779b608640f2ef7a?s=96&d=mm&r=g\",\"contentUrl\":\"https:\\\/\\\/secure.gravatar.com\\\/avatar\\\/9167d280179c85bc18be67aa7eda765854300033af4896dd779b608640f2ef7a?s=96&d=mm&r=g\",\"caption\":\"Diario1 Diario1\"},\"url\":\"https:\\\/\\\/diariotextual.com\\\/inicio\\\/index.php\\\/author\\\/diario1\\\/\"}]}<\/script>\n<!-- \/ Yoast SEO plugin. -->","yoast_head_json":{"title":"C\u00f3mo avanza el plan de obras p\u00fablicas en la capital pampeana - Diario Textual","robots":{"index":"index","follow":"follow","max-snippet":"max-snippet:-1","max-image-preview":"max-image-preview:large","max-video-preview":"max-video-preview:-1"},"canonical":"https:\/\/diariotextual.com\/inicio\/index.php\/2023\/07\/31\/como-avanza-el-plan-de-obras-publicas-en-la-capital-pampeana\/","og_locale":"es_ES","og_type":"article","og_title":"C\u00f3mo avanza el plan de obras p\u00fablicas en la capital pampeana - Diario Textual","og_description":"La gesti\u00f3n del intendente Luciano di N\u00e1poli avanza en la ejecuci\u00f3n de un intensivo plan de obras con intervenciones provinciales y nacionales en diferentes puntos de la ciudad. \u201cTrabajamos en&hellip;","og_url":"https:\/\/diariotextual.com\/inicio\/index.php\/2023\/07\/31\/como-avanza-el-plan-de-obras-publicas-en-la-capital-pampeana\/","og_site_name":"Diario Textual","article_publisher":"https:\/\/www.facebook.com\/eltextual","article_published_time":"2023-07-31T19:48:44+00:00","article_modified_time":"2023-07-31T19:50:34+00:00","og_image":[{"width":1600,"height":1033,"url":"https:\/\/diariotextual.com\/inicio\/wp-content\/uploads\/2023\/04\/dinapolilucianoprocrear2023-10.jpg","type":"image\/jpeg"}],"author":"Diario1 Diario1","twitter_card":"summary_large_image","twitter_creator":"@eltextual","twitter_site":"@eltextual","twitter_misc":{"Escrito por":"Diario1 Diario1","Tiempo de lectura":"4 minutos"},"schema":{"@context":"https:\/\/schema.org","@graph":[{"@type":"Article","@id":"https:\/\/diariotextual.com\/inicio\/index.php\/2023\/07\/31\/como-avanza-el-plan-de-obras-publicas-en-la-capital-pampeana\/#article","isPartOf":{"@id":"https:\/\/diariotextual.com\/inicio\/index.php\/2023\/07\/31\/como-avanza-el-plan-de-obras-publicas-en-la-capital-pampeana\/"},"author":{"name":"Diario1 Diario1","@id":"https:\/\/diariotextual.com\/inicio\/#\/schema\/person\/418fc4093c33e86ed41562db3508f958"},"headline":"C\u00f3mo avanza el plan de obras p\u00fablicas en la capital pampeana","datePublished":"2023-07-31T19:48:44+00:00","dateModified":"2023-07-31T19:50:34+00:00","mainEntityOfPage":{"@id":"https:\/\/diariotextual.com\/inicio\/index.php\/2023\/07\/31\/como-avanza-el-plan-de-obras-publicas-en-la-capital-pampeana\/"},"wordCount":921,"publisher":{"@id":"https:\/\/diariotextual.com\/inicio\/#organization"},"image":{"@id":"https:\/\/diariotextual.com\/inicio\/index.php\/2023\/07\/31\/como-avanza-el-plan-de-obras-publicas-en-la-capital-pampeana\/#primaryimage"},"thumbnailUrl":"https:\/\/diariotextual.com\/inicio\/wp-content\/uploads\/2023\/04\/dinapolilucianoprocrear2023-10.jpg","articleSection":["A - ES NOTICIA (van abajo)","SOCIEDAD"],"inLanguage":"es"},{"@type":"WebPage","@id":"https:\/\/diariotextual.com\/inicio\/index.php\/2023\/07\/31\/como-avanza-el-plan-de-obras-publicas-en-la-capital-pampeana\/","url":"https:\/\/diariotextual.com\/inicio\/index.php\/2023\/07\/31\/como-avanza-el-plan-de-obras-publicas-en-la-capital-pampeana\/","name":"C\u00f3mo avanza el plan de obras p\u00fablicas en la capital pampeana - Diario Textual","isPartOf":{"@id":"https:\/\/diariotextual.com\/inicio\/#website"},"primaryImageOfPage":{"@id":"https:\/\/diariotextual.com\/inicio\/index.php\/2023\/07\/31\/como-avanza-el-plan-de-obras-publicas-en-la-capital-pampeana\/#primaryimage"},"image":{"@id":"https:\/\/diariotextual.com\/inicio\/index.php\/2023\/07\/31\/como-avanza-el-plan-de-obras-publicas-en-la-capital-pampeana\/#primaryimage"},"thumbnailUrl":"https:\/\/diariotextual.com\/inicio\/wp-content\/uploads\/2023\/04\/dinapolilucianoprocrear2023-10.jpg","datePublished":"2023-07-31T19:48:44+00:00","dateModified":"2023-07-31T19:50:34+00:00","breadcrumb":{"@id":"https:\/\/diariotextual.com\/inicio\/index.php\/2023\/07\/31\/como-avanza-el-plan-de-obras-publicas-en-la-capital-pampeana\/#breadcrumb"},"inLanguage":"es","potentialAction":[{"@type":"ReadAction","target":["https:\/\/diariotextual.com\/inicio\/index.php\/2023\/07\/31\/como-avanza-el-plan-de-obras-publicas-en-la-capital-pampeana\/"]}]},{"@type":"ImageObject","inLanguage":"es","@id":"https:\/\/diariotextual.com\/inicio\/index.php\/2023\/07\/31\/como-avanza-el-plan-de-obras-publicas-en-la-capital-pampeana\/#primaryimage","url":"https:\/\/diariotextual.com\/inicio\/wp-content\/uploads\/2023\/04\/dinapolilucianoprocrear2023-10.jpg","contentUrl":"https:\/\/diariotextual.com\/inicio\/wp-content\/uploads\/2023\/04\/dinapolilucianoprocrear2023-10.jpg","width":1600,"height":1033},{"@type":"BreadcrumbList","@id":"https:\/\/diariotextual.com\/inicio\/index.php\/2023\/07\/31\/como-avanza-el-plan-de-obras-publicas-en-la-capital-pampeana\/#breadcrumb","itemListElement":[{"@type":"ListItem","position":1,"name":"Portada","item":"https:\/\/diariotextual.com\/inicio\/"},{"@type":"ListItem","position":2,"name":"C\u00f3mo avanza el plan de obras p\u00fablicas en la capital pampeana"}]},{"@type":"WebSite","@id":"https:\/\/diariotextual.com\/inicio\/#website","url":"https:\/\/diariotextual.com\/inicio\/","name":"Diario Textual","description":"","publisher":{"@id":"https:\/\/diariotextual.com\/inicio\/#organization"},"potentialAction":[{"@type":"SearchAction","target":{"@type":"EntryPoint","urlTemplate":"https:\/\/diariotextual.com\/inicio\/?s={search_term_string}"},"query-input":{"@type":"PropertyValueSpecification","valueRequired":true,"valueName":"search_term_string"}}],"inLanguage":"es"},{"@type":"Organization","@id":"https:\/\/diariotextual.com\/inicio\/#organization","name":"Diario Textual","url":"https:\/\/diariotextual.com\/inicio\/","logo":{"@type":"ImageObject","inLanguage":"es","@id":"https:\/\/diariotextual.com\/inicio\/#\/schema\/logo\/image\/","url":"https:\/\/diariotextual.com\/inicio\/wp-content\/uploads\/2023\/05\/logotextual1.jpg","contentUrl":"https:\/\/diariotextual.com\/inicio\/wp-content\/uploads\/2023\/05\/logotextual1.jpg","width":516,"height":76,"caption":"Diario Textual"},"image":{"@id":"https:\/\/diariotextual.com\/inicio\/#\/schema\/logo\/image\/"},"sameAs":["https:\/\/www.facebook.com\/eltextual","https:\/\/x.com\/eltextual","http:\/\/www.instagram.com\/eltextual"]},{"@type":"Person","@id":"https:\/\/diariotextual.com\/inicio\/#\/schema\/person\/418fc4093c33e86ed41562db3508f958","name":"Diario1 Diario1","image":{"@type":"ImageObject","inLanguage":"es","@id":"https:\/\/secure.gravatar.com\/avatar\/9167d280179c85bc18be67aa7eda765854300033af4896dd779b608640f2ef7a?s=96&d=mm&r=g","url":"https:\/\/secure.gravatar.com\/avatar\/9167d280179c85bc18be67aa7eda765854300033af4896dd779b608640f2ef7a?s=96&d=mm&r=g","contentUrl":"https:\/\/secure.gravatar.com\/avatar\/9167d280179c85bc18be67aa7eda765854300033af4896dd779b608640f2ef7a?s=96&d=mm&r=g","caption":"Diario1 Diario1"},"url":"https:\/\/diariotextual.com\/inicio\/index.php\/author\/diario1\/"}]}},"_links":{"self":[{"href":"https:\/\/diariotextual.com\/inicio\/index.php\/wp-json\/wp\/v2\/posts\/232514","targetHints":{"allow":["GET"]}}],"collection":[{"href":"https:\/\/diariotextual.com\/inicio\/index.php\/wp-json\/wp\/v2\/posts"}],"about":[{"href":"https:\/\/diariotextual.com\/inicio\/index.php\/wp-json\/wp\/v2\/types\/post"}],"author":[{"embeddable":true,"href":"https:\/\/diariotextual.com\/inicio\/index.php\/wp-json\/wp\/v2\/users\/3"}],"replies":[{"embeddable":true,"href":"https:\/\/diariotextual.com\/inicio\/index.php\/wp-json\/wp\/v2\/comments?post=232514"}],"version-history":[{"count":2,"href":"https:\/\/diariotextual.com\/inicio\/index.php\/wp-json\/wp\/v2\/posts\/232514\/revisions"}],"predecessor-version":[{"id":232516,"href":"https:\/\/diariotextual.com\/inicio\/index.php\/wp-json\/wp\/v2\/posts\/232514\/revisions\/232516"}],"wp:featuredmedia":[{"embeddable":true,"href":"https:\/\/diariotextual.com\/inicio\/index.php\/wp-json\/wp\/v2\/media\/223699"}],"wp:attachment":[{"href":"https:\/\/diariotextual.com\/inicio\/index.php\/wp-json\/wp\/v2\/media?parent=232514"}],"wp:term":[{"taxonomy":"category","embeddable":true,"href":"https:\/\/diariotextual.com\/inicio\/index.php\/wp-json\/wp\/v2\/categories?post=232514"},{"taxonomy":"post_tag","embeddable":true,"href":"https:\/\/diariotextual.com\/inicio\/index.php\/wp-json\/wp\/v2\/tags?post=232514"}],"curies":[{"name":"wp","href":"https:\/\/api.w.org\/{rel}","templated":true}]}}