{"id":232532,"date":"2023-07-31T18:50:16","date_gmt":"2023-07-31T21:50:16","guid":{"rendered":"https:\/\/diariotextual.com\/inicio\/?p=232532"},"modified":"2023-07-31T18:50:18","modified_gmt":"2023-07-31T21:50:18","slug":"reconocido-pianista-y-compositor-se-presenta-en-el-medasur","status":"publish","type":"post","link":"https:\/\/diariotextual.com\/inicio\/index.php\/2023\/07\/31\/reconocido-pianista-y-compositor-se-presenta-en-el-medasur\/","title":{"rendered":"Reconocido pianista y compositor se presenta en el Medasur"},"content":{"rendered":"\n<p>El pianista y compositor Julio Mazziotti, dar\u00e1 un concierto de piano el 19 de agosto en el Centro Provincial Cultural Medasur,&nbsp;en el marco de su gira internacional 2023.<\/p>\n\n\n\n<p>El concierto de m\u00fasica original para piano ser\u00e1 en el auditorio del Centro Cultural Medasur (avenida Belgrano Sur 180, Santa Rosa) el d\u00eda s\u00e1bado 19 de agosto a las 20.<\/p>\n\n\n\n<div style=\"height:100px\" aria-hidden=\"true\" class=\"wp-block-spacer\"><\/div>\n\n\n\n<p><strong>Julio Mazziotti<\/strong><br>Naci\u00f3 en Mendoza, Argentina. Desde muy peque\u00f1o mostr\u00f3 inter\u00e9s por la m\u00fasica ya que fabricaba sus propios instrumentos con todo lo que llegara a sus manos y emitiera sonido. Durante su adolescencia estudi\u00f3 Licenciatura de Piano en la Universidad Nacional de Cuyo y en el terreno de la composici\u00f3n su formaci\u00f3n es autodidacta.<\/p>\n\n\n\n<p>Desarroll\u00f3 una consolidada carrera internacional en la cual el hilo conductor de su trayectoria ha sido siempre presentar sus propias composiciones ofreciendo conciertos en innumerables ciudades del mundo, principalmente en Am\u00e9rica Latina, Am\u00e9rica del Norte y Europa. Sus composiciones al d\u00eda de hoy est\u00e1n registradas en 12 trabajos discogr\u00e1ficos.<br><\/p>\n\n\n\n<p><br><strong>Conciertos<\/strong><br>Realiz\u00f3 conciertos a nivel nacional e internacional y desde hace algunos a\u00f1os desarrolla dos proyectos paralelos: \u201cM\u00fasica para cambiar el Mundo\u201d presentando su m\u00fasica en hospitales o lugares alternativos con fines sociales y solidarios y \u201cPiano Turismo\u201d a trav\u00e9s de su canal de YouTube, donde a trav\u00e9s de su m\u00fasica original va mostrando paisajes y lugares ic\u00f3nicos de las ciudades que visita por sus conciertos.<br><\/p>\n\n\n\n<p><br><strong>Entradas<\/strong><br>Las entradas\u00a0se pondr\u00e1n a la venta en el Medasur una hora antes del concierto.<\/p>\n","protected":false},"excerpt":{"rendered":"<p>El pianista y compositor Julio Mazziotti, dar\u00e1 un concierto de piano el 19 de agosto en el Centro Provincial Cultural Medasur,&nbsp;en el marco de su gira internacional 2023. El concierto&hellip;<\/p>\n","protected":false},"author":4,"featured_media":232533,"comment_status":"closed","ping_status":"open","sticky":false,"template":"","format":"standard","meta":{"_acf_changed":false,"footnotes":""},"categories":[1,2],"tags":[],"class_list":["post-232532","post","type-post","status-publish","format-standard","has-post-thumbnail","hentry","category-es-noticia","category-cultura"],"acf":[],"yoast_head":"<!-- This site is optimized with the Yoast SEO plugin v27.4 - https:\/\/yoast.com\/product\/yoast-seo-wordpress\/ -->\n<title>Reconocido pianista y compositor se presenta en el Medasur - Diario Textual<\/title>\n<meta name=\"robots\" content=\"index, follow, max-snippet:-1, max-image-preview:large, max-video-preview:-1\" \/>\n<link rel=\"canonical\" href=\"https:\/\/diariotextual.com\/inicio\/index.php\/2023\/07\/31\/reconocido-pianista-y-compositor-se-presenta-en-el-medasur\/\" \/>\n<meta property=\"og:locale\" content=\"es_ES\" \/>\n<meta property=\"og:type\" content=\"article\" \/>\n<meta property=\"og:title\" content=\"Reconocido pianista y compositor se presenta en el Medasur - Diario Textual\" \/>\n<meta property=\"og:description\" content=\"El pianista y compositor Julio Mazziotti, dar\u00e1 un concierto de piano el 19 de agosto en el Centro Provincial Cultural Medasur,&nbsp;en el marco de su gira internacional 2023. El concierto&hellip;\" \/>\n<meta property=\"og:url\" content=\"https:\/\/diariotextual.com\/inicio\/index.php\/2023\/07\/31\/reconocido-pianista-y-compositor-se-presenta-en-el-medasur\/\" \/>\n<meta property=\"og:site_name\" content=\"Diario Textual\" \/>\n<meta property=\"article:publisher\" content=\"https:\/\/www.facebook.com\/eltextual\" \/>\n<meta property=\"article:published_time\" content=\"2023-07-31T21:50:16+00:00\" \/>\n<meta property=\"article:modified_time\" content=\"2023-07-31T21:50:18+00:00\" \/>\n<meta property=\"og:image\" content=\"https:\/\/diariotextual.com\/inicio\/wp-content\/uploads\/2023\/07\/mazziottijulio47254.jpg\" \/>\n\t<meta property=\"og:image:width\" content=\"1000\" \/>\n\t<meta property=\"og:image:height\" content=\"668\" \/>\n\t<meta property=\"og:image:type\" content=\"image\/jpeg\" \/>\n<meta name=\"author\" content=\"diario2\" \/>\n<meta name=\"twitter:card\" content=\"summary_large_image\" \/>\n<meta name=\"twitter:creator\" content=\"@eltextual\" \/>\n<meta name=\"twitter:site\" content=\"@eltextual\" \/>\n<meta name=\"twitter:label1\" content=\"Escrito por\" \/>\n\t<meta name=\"twitter:data1\" content=\"diario2\" \/>\n\t<meta name=\"twitter:label2\" content=\"Tiempo de lectura\" \/>\n\t<meta name=\"twitter:data2\" content=\"2 minutos\" \/>\n<script type=\"application\/ld+json\" class=\"yoast-schema-graph\">{\"@context\":\"https:\\\/\\\/schema.org\",\"@graph\":[{\"@type\":\"Article\",\"@id\":\"https:\\\/\\\/diariotextual.com\\\/inicio\\\/index.php\\\/2023\\\/07\\\/31\\\/reconocido-pianista-y-compositor-se-presenta-en-el-medasur\\\/#article\",\"isPartOf\":{\"@id\":\"https:\\\/\\\/diariotextual.com\\\/inicio\\\/index.php\\\/2023\\\/07\\\/31\\\/reconocido-pianista-y-compositor-se-presenta-en-el-medasur\\\/\"},\"author\":{\"name\":\"diario2\",\"@id\":\"https:\\\/\\\/diariotextual.com\\\/inicio\\\/#\\\/schema\\\/person\\\/694f60677f23c4a530867a98f22b3768\"},\"headline\":\"Reconocido pianista y compositor se presenta en el Medasur\",\"datePublished\":\"2023-07-31T21:50:16+00:00\",\"dateModified\":\"2023-07-31T21:50:18+00:00\",\"mainEntityOfPage\":{\"@id\":\"https:\\\/\\\/diariotextual.com\\\/inicio\\\/index.php\\\/2023\\\/07\\\/31\\\/reconocido-pianista-y-compositor-se-presenta-en-el-medasur\\\/\"},\"wordCount\":270,\"publisher\":{\"@id\":\"https:\\\/\\\/diariotextual.com\\\/inicio\\\/#organization\"},\"image\":{\"@id\":\"https:\\\/\\\/diariotextual.com\\\/inicio\\\/index.php\\\/2023\\\/07\\\/31\\\/reconocido-pianista-y-compositor-se-presenta-en-el-medasur\\\/#primaryimage\"},\"thumbnailUrl\":\"https:\\\/\\\/diariotextual.com\\\/inicio\\\/wp-content\\\/uploads\\\/2023\\\/07\\\/mazziottijulio47254.jpg\",\"articleSection\":[\"A - ES NOTICIA (van abajo)\",\"CULTURA\"],\"inLanguage\":\"es\"},{\"@type\":\"WebPage\",\"@id\":\"https:\\\/\\\/diariotextual.com\\\/inicio\\\/index.php\\\/2023\\\/07\\\/31\\\/reconocido-pianista-y-compositor-se-presenta-en-el-medasur\\\/\",\"url\":\"https:\\\/\\\/diariotextual.com\\\/inicio\\\/index.php\\\/2023\\\/07\\\/31\\\/reconocido-pianista-y-compositor-se-presenta-en-el-medasur\\\/\",\"name\":\"Reconocido pianista y compositor se presenta en el Medasur - Diario Textual\",\"isPartOf\":{\"@id\":\"https:\\\/\\\/diariotextual.com\\\/inicio\\\/#website\"},\"primaryImageOfPage\":{\"@id\":\"https:\\\/\\\/diariotextual.com\\\/inicio\\\/index.php\\\/2023\\\/07\\\/31\\\/reconocido-pianista-y-compositor-se-presenta-en-el-medasur\\\/#primaryimage\"},\"image\":{\"@id\":\"https:\\\/\\\/diariotextual.com\\\/inicio\\\/index.php\\\/2023\\\/07\\\/31\\\/reconocido-pianista-y-compositor-se-presenta-en-el-medasur\\\/#primaryimage\"},\"thumbnailUrl\":\"https:\\\/\\\/diariotextual.com\\\/inicio\\\/wp-content\\\/uploads\\\/2023\\\/07\\\/mazziottijulio47254.jpg\",\"datePublished\":\"2023-07-31T21:50:16+00:00\",\"dateModified\":\"2023-07-31T21:50:18+00:00\",\"breadcrumb\":{\"@id\":\"https:\\\/\\\/diariotextual.com\\\/inicio\\\/index.php\\\/2023\\\/07\\\/31\\\/reconocido-pianista-y-compositor-se-presenta-en-el-medasur\\\/#breadcrumb\"},\"inLanguage\":\"es\",\"potentialAction\":[{\"@type\":\"ReadAction\",\"target\":[\"https:\\\/\\\/diariotextual.com\\\/inicio\\\/index.php\\\/2023\\\/07\\\/31\\\/reconocido-pianista-y-compositor-se-presenta-en-el-medasur\\\/\"]}]},{\"@type\":\"ImageObject\",\"inLanguage\":\"es\",\"@id\":\"https:\\\/\\\/diariotextual.com\\\/inicio\\\/index.php\\\/2023\\\/07\\\/31\\\/reconocido-pianista-y-compositor-se-presenta-en-el-medasur\\\/#primaryimage\",\"url\":\"https:\\\/\\\/diariotextual.com\\\/inicio\\\/wp-content\\\/uploads\\\/2023\\\/07\\\/mazziottijulio47254.jpg\",\"contentUrl\":\"https:\\\/\\\/diariotextual.com\\\/inicio\\\/wp-content\\\/uploads\\\/2023\\\/07\\\/mazziottijulio47254.jpg\",\"width\":1000,\"height\":668},{\"@type\":\"BreadcrumbList\",\"@id\":\"https:\\\/\\\/diariotextual.com\\\/inicio\\\/index.php\\\/2023\\\/07\\\/31\\\/reconocido-pianista-y-compositor-se-presenta-en-el-medasur\\\/#breadcrumb\",\"itemListElement\":[{\"@type\":\"ListItem\",\"position\":1,\"name\":\"Portada\",\"item\":\"https:\\\/\\\/diariotextual.com\\\/inicio\\\/\"},{\"@type\":\"ListItem\",\"position\":2,\"name\":\"Reconocido pianista y compositor se presenta en el Medasur\"}]},{\"@type\":\"WebSite\",\"@id\":\"https:\\\/\\\/diariotextual.com\\\/inicio\\\/#website\",\"url\":\"https:\\\/\\\/diariotextual.com\\\/inicio\\\/\",\"name\":\"Diario Textual\",\"description\":\"\",\"publisher\":{\"@id\":\"https:\\\/\\\/diariotextual.com\\\/inicio\\\/#organization\"},\"potentialAction\":[{\"@type\":\"SearchAction\",\"target\":{\"@type\":\"EntryPoint\",\"urlTemplate\":\"https:\\\/\\\/diariotextual.com\\\/inicio\\\/?s={search_term_string}\"},\"query-input\":{\"@type\":\"PropertyValueSpecification\",\"valueRequired\":true,\"valueName\":\"search_term_string\"}}],\"inLanguage\":\"es\"},{\"@type\":\"Organization\",\"@id\":\"https:\\\/\\\/diariotextual.com\\\/inicio\\\/#organization\",\"name\":\"Diario Textual\",\"url\":\"https:\\\/\\\/diariotextual.com\\\/inicio\\\/\",\"logo\":{\"@type\":\"ImageObject\",\"inLanguage\":\"es\",\"@id\":\"https:\\\/\\\/diariotextual.com\\\/inicio\\\/#\\\/schema\\\/logo\\\/image\\\/\",\"url\":\"https:\\\/\\\/diariotextual.com\\\/inicio\\\/wp-content\\\/uploads\\\/2023\\\/05\\\/logotextual1.jpg\",\"contentUrl\":\"https:\\\/\\\/diariotextual.com\\\/inicio\\\/wp-content\\\/uploads\\\/2023\\\/05\\\/logotextual1.jpg\",\"width\":516,\"height\":76,\"caption\":\"Diario Textual\"},\"image\":{\"@id\":\"https:\\\/\\\/diariotextual.com\\\/inicio\\\/#\\\/schema\\\/logo\\\/image\\\/\"},\"sameAs\":[\"https:\\\/\\\/www.facebook.com\\\/eltextual\",\"https:\\\/\\\/x.com\\\/eltextual\",\"http:\\\/\\\/www.instagram.com\\\/eltextual\"]},{\"@type\":\"Person\",\"@id\":\"https:\\\/\\\/diariotextual.com\\\/inicio\\\/#\\\/schema\\\/person\\\/694f60677f23c4a530867a98f22b3768\",\"name\":\"diario2\",\"image\":{\"@type\":\"ImageObject\",\"inLanguage\":\"es\",\"@id\":\"https:\\\/\\\/secure.gravatar.com\\\/avatar\\\/5a2567495ba16b852fcd8f1ed006a2e24fcace936018ed8237e95f488ad6e0a7?s=96&d=mm&r=g\",\"url\":\"https:\\\/\\\/secure.gravatar.com\\\/avatar\\\/5a2567495ba16b852fcd8f1ed006a2e24fcace936018ed8237e95f488ad6e0a7?s=96&d=mm&r=g\",\"contentUrl\":\"https:\\\/\\\/secure.gravatar.com\\\/avatar\\\/5a2567495ba16b852fcd8f1ed006a2e24fcace936018ed8237e95f488ad6e0a7?s=96&d=mm&r=g\",\"caption\":\"diario2\"},\"url\":\"https:\\\/\\\/diariotextual.com\\\/inicio\\\/index.php\\\/author\\\/diario2\\\/\"}]}<\/script>\n<!-- \/ Yoast SEO plugin. -->","yoast_head_json":{"title":"Reconocido pianista y compositor se presenta en el Medasur - Diario Textual","robots":{"index":"index","follow":"follow","max-snippet":"max-snippet:-1","max-image-preview":"max-image-preview:large","max-video-preview":"max-video-preview:-1"},"canonical":"https:\/\/diariotextual.com\/inicio\/index.php\/2023\/07\/31\/reconocido-pianista-y-compositor-se-presenta-en-el-medasur\/","og_locale":"es_ES","og_type":"article","og_title":"Reconocido pianista y compositor se presenta en el Medasur - Diario Textual","og_description":"El pianista y compositor Julio Mazziotti, dar\u00e1 un concierto de piano el 19 de agosto en el Centro Provincial Cultural Medasur,&nbsp;en el marco de su gira internacional 2023. El concierto&hellip;","og_url":"https:\/\/diariotextual.com\/inicio\/index.php\/2023\/07\/31\/reconocido-pianista-y-compositor-se-presenta-en-el-medasur\/","og_site_name":"Diario Textual","article_publisher":"https:\/\/www.facebook.com\/eltextual","article_published_time":"2023-07-31T21:50:16+00:00","article_modified_time":"2023-07-31T21:50:18+00:00","og_image":[{"width":1000,"height":668,"url":"https:\/\/diariotextual.com\/inicio\/wp-content\/uploads\/2023\/07\/mazziottijulio47254.jpg","type":"image\/jpeg"}],"author":"diario2","twitter_card":"summary_large_image","twitter_creator":"@eltextual","twitter_site":"@eltextual","twitter_misc":{"Escrito por":"diario2","Tiempo de lectura":"2 minutos"},"schema":{"@context":"https:\/\/schema.org","@graph":[{"@type":"Article","@id":"https:\/\/diariotextual.com\/inicio\/index.php\/2023\/07\/31\/reconocido-pianista-y-compositor-se-presenta-en-el-medasur\/#article","isPartOf":{"@id":"https:\/\/diariotextual.com\/inicio\/index.php\/2023\/07\/31\/reconocido-pianista-y-compositor-se-presenta-en-el-medasur\/"},"author":{"name":"diario2","@id":"https:\/\/diariotextual.com\/inicio\/#\/schema\/person\/694f60677f23c4a530867a98f22b3768"},"headline":"Reconocido pianista y compositor se presenta en el Medasur","datePublished":"2023-07-31T21:50:16+00:00","dateModified":"2023-07-31T21:50:18+00:00","mainEntityOfPage":{"@id":"https:\/\/diariotextual.com\/inicio\/index.php\/2023\/07\/31\/reconocido-pianista-y-compositor-se-presenta-en-el-medasur\/"},"wordCount":270,"publisher":{"@id":"https:\/\/diariotextual.com\/inicio\/#organization"},"image":{"@id":"https:\/\/diariotextual.com\/inicio\/index.php\/2023\/07\/31\/reconocido-pianista-y-compositor-se-presenta-en-el-medasur\/#primaryimage"},"thumbnailUrl":"https:\/\/diariotextual.com\/inicio\/wp-content\/uploads\/2023\/07\/mazziottijulio47254.jpg","articleSection":["A - ES NOTICIA (van abajo)","CULTURA"],"inLanguage":"es"},{"@type":"WebPage","@id":"https:\/\/diariotextual.com\/inicio\/index.php\/2023\/07\/31\/reconocido-pianista-y-compositor-se-presenta-en-el-medasur\/","url":"https:\/\/diariotextual.com\/inicio\/index.php\/2023\/07\/31\/reconocido-pianista-y-compositor-se-presenta-en-el-medasur\/","name":"Reconocido pianista y compositor se presenta en el Medasur - Diario Textual","isPartOf":{"@id":"https:\/\/diariotextual.com\/inicio\/#website"},"primaryImageOfPage":{"@id":"https:\/\/diariotextual.com\/inicio\/index.php\/2023\/07\/31\/reconocido-pianista-y-compositor-se-presenta-en-el-medasur\/#primaryimage"},"image":{"@id":"https:\/\/diariotextual.com\/inicio\/index.php\/2023\/07\/31\/reconocido-pianista-y-compositor-se-presenta-en-el-medasur\/#primaryimage"},"thumbnailUrl":"https:\/\/diariotextual.com\/inicio\/wp-content\/uploads\/2023\/07\/mazziottijulio47254.jpg","datePublished":"2023-07-31T21:50:16+00:00","dateModified":"2023-07-31T21:50:18+00:00","breadcrumb":{"@id":"https:\/\/diariotextual.com\/inicio\/index.php\/2023\/07\/31\/reconocido-pianista-y-compositor-se-presenta-en-el-medasur\/#breadcrumb"},"inLanguage":"es","potentialAction":[{"@type":"ReadAction","target":["https:\/\/diariotextual.com\/inicio\/index.php\/2023\/07\/31\/reconocido-pianista-y-compositor-se-presenta-en-el-medasur\/"]}]},{"@type":"ImageObject","inLanguage":"es","@id":"https:\/\/diariotextual.com\/inicio\/index.php\/2023\/07\/31\/reconocido-pianista-y-compositor-se-presenta-en-el-medasur\/#primaryimage","url":"https:\/\/diariotextual.com\/inicio\/wp-content\/uploads\/2023\/07\/mazziottijulio47254.jpg","contentUrl":"https:\/\/diariotextual.com\/inicio\/wp-content\/uploads\/2023\/07\/mazziottijulio47254.jpg","width":1000,"height":668},{"@type":"BreadcrumbList","@id":"https:\/\/diariotextual.com\/inicio\/index.php\/2023\/07\/31\/reconocido-pianista-y-compositor-se-presenta-en-el-medasur\/#breadcrumb","itemListElement":[{"@type":"ListItem","position":1,"name":"Portada","item":"https:\/\/diariotextual.com\/inicio\/"},{"@type":"ListItem","position":2,"name":"Reconocido pianista y compositor se presenta en el Medasur"}]},{"@type":"WebSite","@id":"https:\/\/diariotextual.com\/inicio\/#website","url":"https:\/\/diariotextual.com\/inicio\/","name":"Diario Textual","description":"","publisher":{"@id":"https:\/\/diariotextual.com\/inicio\/#organization"},"potentialAction":[{"@type":"SearchAction","target":{"@type":"EntryPoint","urlTemplate":"https:\/\/diariotextual.com\/inicio\/?s={search_term_string}"},"query-input":{"@type":"PropertyValueSpecification","valueRequired":true,"valueName":"search_term_string"}}],"inLanguage":"es"},{"@type":"Organization","@id":"https:\/\/diariotextual.com\/inicio\/#organization","name":"Diario Textual","url":"https:\/\/diariotextual.com\/inicio\/","logo":{"@type":"ImageObject","inLanguage":"es","@id":"https:\/\/diariotextual.com\/inicio\/#\/schema\/logo\/image\/","url":"https:\/\/diariotextual.com\/inicio\/wp-content\/uploads\/2023\/05\/logotextual1.jpg","contentUrl":"https:\/\/diariotextual.com\/inicio\/wp-content\/uploads\/2023\/05\/logotextual1.jpg","width":516,"height":76,"caption":"Diario Textual"},"image":{"@id":"https:\/\/diariotextual.com\/inicio\/#\/schema\/logo\/image\/"},"sameAs":["https:\/\/www.facebook.com\/eltextual","https:\/\/x.com\/eltextual","http:\/\/www.instagram.com\/eltextual"]},{"@type":"Person","@id":"https:\/\/diariotextual.com\/inicio\/#\/schema\/person\/694f60677f23c4a530867a98f22b3768","name":"diario2","image":{"@type":"ImageObject","inLanguage":"es","@id":"https:\/\/secure.gravatar.com\/avatar\/5a2567495ba16b852fcd8f1ed006a2e24fcace936018ed8237e95f488ad6e0a7?s=96&d=mm&r=g","url":"https:\/\/secure.gravatar.com\/avatar\/5a2567495ba16b852fcd8f1ed006a2e24fcace936018ed8237e95f488ad6e0a7?s=96&d=mm&r=g","contentUrl":"https:\/\/secure.gravatar.com\/avatar\/5a2567495ba16b852fcd8f1ed006a2e24fcace936018ed8237e95f488ad6e0a7?s=96&d=mm&r=g","caption":"diario2"},"url":"https:\/\/diariotextual.com\/inicio\/index.php\/author\/diario2\/"}]}},"_links":{"self":[{"href":"https:\/\/diariotextual.com\/inicio\/index.php\/wp-json\/wp\/v2\/posts\/232532","targetHints":{"allow":["GET"]}}],"collection":[{"href":"https:\/\/diariotextual.com\/inicio\/index.php\/wp-json\/wp\/v2\/posts"}],"about":[{"href":"https:\/\/diariotextual.com\/inicio\/index.php\/wp-json\/wp\/v2\/types\/post"}],"author":[{"embeddable":true,"href":"https:\/\/diariotextual.com\/inicio\/index.php\/wp-json\/wp\/v2\/users\/4"}],"replies":[{"embeddable":true,"href":"https:\/\/diariotextual.com\/inicio\/index.php\/wp-json\/wp\/v2\/comments?post=232532"}],"version-history":[{"count":1,"href":"https:\/\/diariotextual.com\/inicio\/index.php\/wp-json\/wp\/v2\/posts\/232532\/revisions"}],"predecessor-version":[{"id":232535,"href":"https:\/\/diariotextual.com\/inicio\/index.php\/wp-json\/wp\/v2\/posts\/232532\/revisions\/232535"}],"wp:featuredmedia":[{"embeddable":true,"href":"https:\/\/diariotextual.com\/inicio\/index.php\/wp-json\/wp\/v2\/media\/232533"}],"wp:attachment":[{"href":"https:\/\/diariotextual.com\/inicio\/index.php\/wp-json\/wp\/v2\/media?parent=232532"}],"wp:term":[{"taxonomy":"category","embeddable":true,"href":"https:\/\/diariotextual.com\/inicio\/index.php\/wp-json\/wp\/v2\/categories?post=232532"},{"taxonomy":"post_tag","embeddable":true,"href":"https:\/\/diariotextual.com\/inicio\/index.php\/wp-json\/wp\/v2\/tags?post=232532"}],"curies":[{"name":"wp","href":"https:\/\/api.w.org\/{rel}","templated":true}]}}