{"id":232534,"date":"2023-07-31T18:52:22","date_gmt":"2023-07-31T21:52:22","guid":{"rendered":"https:\/\/diariotextual.com\/inicio\/?p=232534"},"modified":"2023-08-01T11:03:00","modified_gmt":"2023-08-01T14:03:00","slug":"la-justicia-imputo-al-dueno-de-los-dogos-que-mataron-a-una-adolescente","status":"publish","type":"post","link":"https:\/\/diariotextual.com\/inicio\/index.php\/2023\/07\/31\/la-justicia-imputo-al-dueno-de-los-dogos-que-mataron-a-una-adolescente\/","title":{"rendered":"La Justicia imput\u00f3 al due\u00f1o de los dogos que mataron a una adolescente"},"content":{"rendered":"\n<p>El fiscal de Instrucci\u00f3n del Distrito 2 Turno III de C\u00f3rdoba, Luis Micheli, resolvi\u00f3 este lunes <strong>modificar la imputaci\u00f3n contra el due\u00f1o de dos perros dogos que atacaron y mataron a una adolescente de 15 a\u00f1os <\/strong>en la v\u00eda p\u00fablica en C\u00f3rdoba, y <strong>la car\u00e1tula pas\u00f3 de \u2018homicidio y lesiones culposas\u2019 a \u2018homicidio simple y lesiones leves, con dolo eventual\u2019.<\/strong><\/p>\n\n\n\n<p>El hecho ocurri\u00f3 el <strong>pasado 9 de julio cuando los canes, propiedad de Jos\u00e9 Luis Nieto, atacaron a la menor Trinidad Ballesteros <\/strong>que caminaba por el barrio Estaci\u00f3n Flores, provoc\u00e1ndole la muerte horas m\u00e1s tarde en el Hospital de Urgencias donde se encontraba internada.<\/p>\n\n\n\n<p>Tras atacar a la joven y al hombre, los animales continuaron intentaron atacar a miembros de una familia cuando ingresaron a su casa, donde el due\u00f1o se defendi\u00f3 y los mat\u00f3 a cuchillazos.<\/p>\n\n\n\n<p>La decisi\u00f3n de la Fiscal\u00eda de Instrucci\u00f3n de modificar la car\u00e1tula \u201cfue adoptada tras analizar los elementos probatorios incorporados a la causa\u201d.<\/p>\n\n\n\n<p>\u201cEn los pr\u00f3ximos d\u00edas se fijar\u00e1 la fecha de audiencia a los fines de receptar la declaraci\u00f3n indagatoria del imputado, quien continuar\u00e1 en libertad con la obligaci\u00f3n que le impone el C\u00f3digo Procesal Penal de C\u00f3rdoba\u201d, expres\u00f3 la Fiscal\u00eda.<\/p>\n\n\n\n<p>Seg\u00fan los testimonios de los vecinos, <strong>los dogos propiedad de Nieto ya hab\u00edan atacado con anterioridad a otras personas, hab\u00edan matado a un perrito,<\/strong> y aseguraron que ya hab\u00eda denuncias previas.<\/p>\n","protected":false},"excerpt":{"rendered":"<p>El fiscal de Instrucci\u00f3n del Distrito 2 Turno III de C\u00f3rdoba, Luis Micheli, resolvi\u00f3 este lunes modificar la imputaci\u00f3n contra el due\u00f1o de dos perros dogos que atacaron y mataron&hellip;<\/p>\n","protected":false},"author":5,"featured_media":232536,"comment_status":"closed","ping_status":"open","sticky":false,"template":"","format":"standard","meta":{"_acf_changed":false,"footnotes":""},"categories":[11,12],"tags":[1668,7622],"class_list":["post-232534","post","type-post","status-publish","format-standard","has-post-thumbnail","hentry","category-que-pasa","category-sociedad","tag-cordoba","tag-dogos"],"acf":[],"yoast_head":"<!-- This site is optimized with the Yoast SEO plugin v27.5 - https:\/\/yoast.com\/product\/yoast-seo-wordpress\/ -->\n<title>La Justicia imput\u00f3 al due\u00f1o de los dogos que mataron a una adolescente - Diario Textual<\/title>\n<meta name=\"robots\" content=\"index, follow, max-snippet:-1, max-image-preview:large, max-video-preview:-1\" \/>\n<link rel=\"canonical\" href=\"https:\/\/diariotextual.com\/inicio\/index.php\/2023\/07\/31\/la-justicia-imputo-al-dueno-de-los-dogos-que-mataron-a-una-adolescente\/\" \/>\n<meta property=\"og:locale\" content=\"es_ES\" \/>\n<meta property=\"og:type\" content=\"article\" \/>\n<meta property=\"og:title\" content=\"La Justicia imput\u00f3 al due\u00f1o de los dogos que mataron a una adolescente - Diario Textual\" \/>\n<meta property=\"og:description\" content=\"El fiscal de Instrucci\u00f3n del Distrito 2 Turno III de C\u00f3rdoba, Luis Micheli, resolvi\u00f3 este lunes modificar la imputaci\u00f3n contra el due\u00f1o de dos perros dogos que atacaron y mataron&hellip;\" \/>\n<meta property=\"og:url\" content=\"https:\/\/diariotextual.com\/inicio\/index.php\/2023\/07\/31\/la-justicia-imputo-al-dueno-de-los-dogos-que-mataron-a-una-adolescente\/\" \/>\n<meta property=\"og:site_name\" content=\"Diario Textual\" \/>\n<meta property=\"article:publisher\" content=\"https:\/\/www.facebook.com\/eltextual\" \/>\n<meta property=\"article:published_time\" content=\"2023-07-31T21:52:22+00:00\" \/>\n<meta property=\"article:modified_time\" content=\"2023-08-01T14:03:00+00:00\" \/>\n<meta property=\"og:image\" content=\"https:\/\/diariotextual.com\/inicio\/wp-content\/uploads\/2023\/07\/dogosperro.jpg\" \/>\n\t<meta property=\"og:image:width\" content=\"900\" \/>\n\t<meta property=\"og:image:height\" content=\"506\" \/>\n\t<meta property=\"og:image:type\" content=\"image\/jpeg\" \/>\n<meta name=\"author\" content=\"diario3\" \/>\n<meta name=\"twitter:card\" content=\"summary_large_image\" \/>\n<meta name=\"twitter:creator\" content=\"@eltextual\" \/>\n<meta name=\"twitter:site\" content=\"@eltextual\" \/>\n<meta name=\"twitter:label1\" content=\"Escrito por\" \/>\n\t<meta name=\"twitter:data1\" content=\"diario3\" \/>\n\t<meta name=\"twitter:label2\" content=\"Tiempo de lectura\" \/>\n\t<meta name=\"twitter:data2\" content=\"2 minutos\" \/>\n<script type=\"application\/ld+json\" class=\"yoast-schema-graph\">{\"@context\":\"https:\\\/\\\/schema.org\",\"@graph\":[{\"@type\":\"Article\",\"@id\":\"https:\\\/\\\/diariotextual.com\\\/inicio\\\/index.php\\\/2023\\\/07\\\/31\\\/la-justicia-imputo-al-dueno-de-los-dogos-que-mataron-a-una-adolescente\\\/#article\",\"isPartOf\":{\"@id\":\"https:\\\/\\\/diariotextual.com\\\/inicio\\\/index.php\\\/2023\\\/07\\\/31\\\/la-justicia-imputo-al-dueno-de-los-dogos-que-mataron-a-una-adolescente\\\/\"},\"author\":{\"name\":\"diario3\",\"@id\":\"https:\\\/\\\/diariotextual.com\\\/inicio\\\/#\\\/schema\\\/person\\\/a1b6f563e0ee944c60f98119389a4d9f\"},\"headline\":\"La Justicia imput\u00f3 al due\u00f1o de los dogos que mataron a una adolescente\",\"datePublished\":\"2023-07-31T21:52:22+00:00\",\"dateModified\":\"2023-08-01T14:03:00+00:00\",\"mainEntityOfPage\":{\"@id\":\"https:\\\/\\\/diariotextual.com\\\/inicio\\\/index.php\\\/2023\\\/07\\\/31\\\/la-justicia-imputo-al-dueno-de-los-dogos-que-mataron-a-una-adolescente\\\/\"},\"wordCount\":268,\"publisher\":{\"@id\":\"https:\\\/\\\/diariotextual.com\\\/inicio\\\/#organization\"},\"image\":{\"@id\":\"https:\\\/\\\/diariotextual.com\\\/inicio\\\/index.php\\\/2023\\\/07\\\/31\\\/la-justicia-imputo-al-dueno-de-los-dogos-que-mataron-a-una-adolescente\\\/#primaryimage\"},\"thumbnailUrl\":\"https:\\\/\\\/diariotextual.com\\\/inicio\\\/wp-content\\\/uploads\\\/2023\\\/07\\\/dogosperro.jpg\",\"keywords\":[\"cordoba\",\"dogos\"],\"articleSection\":[\"A - QUE PASA (al costado)\",\"SOCIEDAD\"],\"inLanguage\":\"es\"},{\"@type\":\"WebPage\",\"@id\":\"https:\\\/\\\/diariotextual.com\\\/inicio\\\/index.php\\\/2023\\\/07\\\/31\\\/la-justicia-imputo-al-dueno-de-los-dogos-que-mataron-a-una-adolescente\\\/\",\"url\":\"https:\\\/\\\/diariotextual.com\\\/inicio\\\/index.php\\\/2023\\\/07\\\/31\\\/la-justicia-imputo-al-dueno-de-los-dogos-que-mataron-a-una-adolescente\\\/\",\"name\":\"La Justicia imput\u00f3 al due\u00f1o de los dogos que mataron a una adolescente - Diario Textual\",\"isPartOf\":{\"@id\":\"https:\\\/\\\/diariotextual.com\\\/inicio\\\/#website\"},\"primaryImageOfPage\":{\"@id\":\"https:\\\/\\\/diariotextual.com\\\/inicio\\\/index.php\\\/2023\\\/07\\\/31\\\/la-justicia-imputo-al-dueno-de-los-dogos-que-mataron-a-una-adolescente\\\/#primaryimage\"},\"image\":{\"@id\":\"https:\\\/\\\/diariotextual.com\\\/inicio\\\/index.php\\\/2023\\\/07\\\/31\\\/la-justicia-imputo-al-dueno-de-los-dogos-que-mataron-a-una-adolescente\\\/#primaryimage\"},\"thumbnailUrl\":\"https:\\\/\\\/diariotextual.com\\\/inicio\\\/wp-content\\\/uploads\\\/2023\\\/07\\\/dogosperro.jpg\",\"datePublished\":\"2023-07-31T21:52:22+00:00\",\"dateModified\":\"2023-08-01T14:03:00+00:00\",\"breadcrumb\":{\"@id\":\"https:\\\/\\\/diariotextual.com\\\/inicio\\\/index.php\\\/2023\\\/07\\\/31\\\/la-justicia-imputo-al-dueno-de-los-dogos-que-mataron-a-una-adolescente\\\/#breadcrumb\"},\"inLanguage\":\"es\",\"potentialAction\":[{\"@type\":\"ReadAction\",\"target\":[\"https:\\\/\\\/diariotextual.com\\\/inicio\\\/index.php\\\/2023\\\/07\\\/31\\\/la-justicia-imputo-al-dueno-de-los-dogos-que-mataron-a-una-adolescente\\\/\"]}]},{\"@type\":\"ImageObject\",\"inLanguage\":\"es\",\"@id\":\"https:\\\/\\\/diariotextual.com\\\/inicio\\\/index.php\\\/2023\\\/07\\\/31\\\/la-justicia-imputo-al-dueno-de-los-dogos-que-mataron-a-una-adolescente\\\/#primaryimage\",\"url\":\"https:\\\/\\\/diariotextual.com\\\/inicio\\\/wp-content\\\/uploads\\\/2023\\\/07\\\/dogosperro.jpg\",\"contentUrl\":\"https:\\\/\\\/diariotextual.com\\\/inicio\\\/wp-content\\\/uploads\\\/2023\\\/07\\\/dogosperro.jpg\",\"width\":900,\"height\":506},{\"@type\":\"BreadcrumbList\",\"@id\":\"https:\\\/\\\/diariotextual.com\\\/inicio\\\/index.php\\\/2023\\\/07\\\/31\\\/la-justicia-imputo-al-dueno-de-los-dogos-que-mataron-a-una-adolescente\\\/#breadcrumb\",\"itemListElement\":[{\"@type\":\"ListItem\",\"position\":1,\"name\":\"Portada\",\"item\":\"https:\\\/\\\/diariotextual.com\\\/inicio\\\/\"},{\"@type\":\"ListItem\",\"position\":2,\"name\":\"La Justicia imput\u00f3 al due\u00f1o de los dogos que mataron a una adolescente\"}]},{\"@type\":\"WebSite\",\"@id\":\"https:\\\/\\\/diariotextual.com\\\/inicio\\\/#website\",\"url\":\"https:\\\/\\\/diariotextual.com\\\/inicio\\\/\",\"name\":\"Diario Textual\",\"description\":\"\",\"publisher\":{\"@id\":\"https:\\\/\\\/diariotextual.com\\\/inicio\\\/#organization\"},\"potentialAction\":[{\"@type\":\"SearchAction\",\"target\":{\"@type\":\"EntryPoint\",\"urlTemplate\":\"https:\\\/\\\/diariotextual.com\\\/inicio\\\/?s={search_term_string}\"},\"query-input\":{\"@type\":\"PropertyValueSpecification\",\"valueRequired\":true,\"valueName\":\"search_term_string\"}}],\"inLanguage\":\"es\"},{\"@type\":\"Organization\",\"@id\":\"https:\\\/\\\/diariotextual.com\\\/inicio\\\/#organization\",\"name\":\"Diario Textual\",\"url\":\"https:\\\/\\\/diariotextual.com\\\/inicio\\\/\",\"logo\":{\"@type\":\"ImageObject\",\"inLanguage\":\"es\",\"@id\":\"https:\\\/\\\/diariotextual.com\\\/inicio\\\/#\\\/schema\\\/logo\\\/image\\\/\",\"url\":\"https:\\\/\\\/diariotextual.com\\\/inicio\\\/wp-content\\\/uploads\\\/2023\\\/05\\\/logotextual1.jpg\",\"contentUrl\":\"https:\\\/\\\/diariotextual.com\\\/inicio\\\/wp-content\\\/uploads\\\/2023\\\/05\\\/logotextual1.jpg\",\"width\":516,\"height\":76,\"caption\":\"Diario Textual\"},\"image\":{\"@id\":\"https:\\\/\\\/diariotextual.com\\\/inicio\\\/#\\\/schema\\\/logo\\\/image\\\/\"},\"sameAs\":[\"https:\\\/\\\/www.facebook.com\\\/eltextual\",\"https:\\\/\\\/x.com\\\/eltextual\",\"http:\\\/\\\/www.instagram.com\\\/eltextual\"]},{\"@type\":\"Person\",\"@id\":\"https:\\\/\\\/diariotextual.com\\\/inicio\\\/#\\\/schema\\\/person\\\/a1b6f563e0ee944c60f98119389a4d9f\",\"name\":\"diario3\",\"image\":{\"@type\":\"ImageObject\",\"inLanguage\":\"es\",\"@id\":\"https:\\\/\\\/secure.gravatar.com\\\/avatar\\\/5e7ee62c82fc04d9dd79d746a390d93c69c43223e5faeeb3ea9461ef752bfc5d?s=96&d=mm&r=g\",\"url\":\"https:\\\/\\\/secure.gravatar.com\\\/avatar\\\/5e7ee62c82fc04d9dd79d746a390d93c69c43223e5faeeb3ea9461ef752bfc5d?s=96&d=mm&r=g\",\"contentUrl\":\"https:\\\/\\\/secure.gravatar.com\\\/avatar\\\/5e7ee62c82fc04d9dd79d746a390d93c69c43223e5faeeb3ea9461ef752bfc5d?s=96&d=mm&r=g\",\"caption\":\"diario3\"},\"url\":\"https:\\\/\\\/diariotextual.com\\\/inicio\\\/index.php\\\/author\\\/diario3\\\/\"}]}<\/script>\n<!-- \/ Yoast SEO plugin. -->","yoast_head_json":{"title":"La Justicia imput\u00f3 al due\u00f1o de los dogos que mataron a una adolescente - Diario Textual","robots":{"index":"index","follow":"follow","max-snippet":"max-snippet:-1","max-image-preview":"max-image-preview:large","max-video-preview":"max-video-preview:-1"},"canonical":"https:\/\/diariotextual.com\/inicio\/index.php\/2023\/07\/31\/la-justicia-imputo-al-dueno-de-los-dogos-que-mataron-a-una-adolescente\/","og_locale":"es_ES","og_type":"article","og_title":"La Justicia imput\u00f3 al due\u00f1o de los dogos que mataron a una adolescente - Diario Textual","og_description":"El fiscal de Instrucci\u00f3n del Distrito 2 Turno III de C\u00f3rdoba, Luis Micheli, resolvi\u00f3 este lunes modificar la imputaci\u00f3n contra el due\u00f1o de dos perros dogos que atacaron y mataron&hellip;","og_url":"https:\/\/diariotextual.com\/inicio\/index.php\/2023\/07\/31\/la-justicia-imputo-al-dueno-de-los-dogos-que-mataron-a-una-adolescente\/","og_site_name":"Diario Textual","article_publisher":"https:\/\/www.facebook.com\/eltextual","article_published_time":"2023-07-31T21:52:22+00:00","article_modified_time":"2023-08-01T14:03:00+00:00","og_image":[{"width":900,"height":506,"url":"https:\/\/diariotextual.com\/inicio\/wp-content\/uploads\/2023\/07\/dogosperro.jpg","type":"image\/jpeg"}],"author":"diario3","twitter_card":"summary_large_image","twitter_creator":"@eltextual","twitter_site":"@eltextual","twitter_misc":{"Escrito por":"diario3","Tiempo de lectura":"2 minutos"},"schema":{"@context":"https:\/\/schema.org","@graph":[{"@type":"Article","@id":"https:\/\/diariotextual.com\/inicio\/index.php\/2023\/07\/31\/la-justicia-imputo-al-dueno-de-los-dogos-que-mataron-a-una-adolescente\/#article","isPartOf":{"@id":"https:\/\/diariotextual.com\/inicio\/index.php\/2023\/07\/31\/la-justicia-imputo-al-dueno-de-los-dogos-que-mataron-a-una-adolescente\/"},"author":{"name":"diario3","@id":"https:\/\/diariotextual.com\/inicio\/#\/schema\/person\/a1b6f563e0ee944c60f98119389a4d9f"},"headline":"La Justicia imput\u00f3 al due\u00f1o de los dogos que mataron a una adolescente","datePublished":"2023-07-31T21:52:22+00:00","dateModified":"2023-08-01T14:03:00+00:00","mainEntityOfPage":{"@id":"https:\/\/diariotextual.com\/inicio\/index.php\/2023\/07\/31\/la-justicia-imputo-al-dueno-de-los-dogos-que-mataron-a-una-adolescente\/"},"wordCount":268,"publisher":{"@id":"https:\/\/diariotextual.com\/inicio\/#organization"},"image":{"@id":"https:\/\/diariotextual.com\/inicio\/index.php\/2023\/07\/31\/la-justicia-imputo-al-dueno-de-los-dogos-que-mataron-a-una-adolescente\/#primaryimage"},"thumbnailUrl":"https:\/\/diariotextual.com\/inicio\/wp-content\/uploads\/2023\/07\/dogosperro.jpg","keywords":["cordoba","dogos"],"articleSection":["A - QUE PASA (al costado)","SOCIEDAD"],"inLanguage":"es"},{"@type":"WebPage","@id":"https:\/\/diariotextual.com\/inicio\/index.php\/2023\/07\/31\/la-justicia-imputo-al-dueno-de-los-dogos-que-mataron-a-una-adolescente\/","url":"https:\/\/diariotextual.com\/inicio\/index.php\/2023\/07\/31\/la-justicia-imputo-al-dueno-de-los-dogos-que-mataron-a-una-adolescente\/","name":"La Justicia imput\u00f3 al due\u00f1o de los dogos que mataron a una adolescente - Diario Textual","isPartOf":{"@id":"https:\/\/diariotextual.com\/inicio\/#website"},"primaryImageOfPage":{"@id":"https:\/\/diariotextual.com\/inicio\/index.php\/2023\/07\/31\/la-justicia-imputo-al-dueno-de-los-dogos-que-mataron-a-una-adolescente\/#primaryimage"},"image":{"@id":"https:\/\/diariotextual.com\/inicio\/index.php\/2023\/07\/31\/la-justicia-imputo-al-dueno-de-los-dogos-que-mataron-a-una-adolescente\/#primaryimage"},"thumbnailUrl":"https:\/\/diariotextual.com\/inicio\/wp-content\/uploads\/2023\/07\/dogosperro.jpg","datePublished":"2023-07-31T21:52:22+00:00","dateModified":"2023-08-01T14:03:00+00:00","breadcrumb":{"@id":"https:\/\/diariotextual.com\/inicio\/index.php\/2023\/07\/31\/la-justicia-imputo-al-dueno-de-los-dogos-que-mataron-a-una-adolescente\/#breadcrumb"},"inLanguage":"es","potentialAction":[{"@type":"ReadAction","target":["https:\/\/diariotextual.com\/inicio\/index.php\/2023\/07\/31\/la-justicia-imputo-al-dueno-de-los-dogos-que-mataron-a-una-adolescente\/"]}]},{"@type":"ImageObject","inLanguage":"es","@id":"https:\/\/diariotextual.com\/inicio\/index.php\/2023\/07\/31\/la-justicia-imputo-al-dueno-de-los-dogos-que-mataron-a-una-adolescente\/#primaryimage","url":"https:\/\/diariotextual.com\/inicio\/wp-content\/uploads\/2023\/07\/dogosperro.jpg","contentUrl":"https:\/\/diariotextual.com\/inicio\/wp-content\/uploads\/2023\/07\/dogosperro.jpg","width":900,"height":506},{"@type":"BreadcrumbList","@id":"https:\/\/diariotextual.com\/inicio\/index.php\/2023\/07\/31\/la-justicia-imputo-al-dueno-de-los-dogos-que-mataron-a-una-adolescente\/#breadcrumb","itemListElement":[{"@type":"ListItem","position":1,"name":"Portada","item":"https:\/\/diariotextual.com\/inicio\/"},{"@type":"ListItem","position":2,"name":"La Justicia imput\u00f3 al due\u00f1o de los dogos que mataron a una adolescente"}]},{"@type":"WebSite","@id":"https:\/\/diariotextual.com\/inicio\/#website","url":"https:\/\/diariotextual.com\/inicio\/","name":"Diario Textual","description":"","publisher":{"@id":"https:\/\/diariotextual.com\/inicio\/#organization"},"potentialAction":[{"@type":"SearchAction","target":{"@type":"EntryPoint","urlTemplate":"https:\/\/diariotextual.com\/inicio\/?s={search_term_string}"},"query-input":{"@type":"PropertyValueSpecification","valueRequired":true,"valueName":"search_term_string"}}],"inLanguage":"es"},{"@type":"Organization","@id":"https:\/\/diariotextual.com\/inicio\/#organization","name":"Diario Textual","url":"https:\/\/diariotextual.com\/inicio\/","logo":{"@type":"ImageObject","inLanguage":"es","@id":"https:\/\/diariotextual.com\/inicio\/#\/schema\/logo\/image\/","url":"https:\/\/diariotextual.com\/inicio\/wp-content\/uploads\/2023\/05\/logotextual1.jpg","contentUrl":"https:\/\/diariotextual.com\/inicio\/wp-content\/uploads\/2023\/05\/logotextual1.jpg","width":516,"height":76,"caption":"Diario Textual"},"image":{"@id":"https:\/\/diariotextual.com\/inicio\/#\/schema\/logo\/image\/"},"sameAs":["https:\/\/www.facebook.com\/eltextual","https:\/\/x.com\/eltextual","http:\/\/www.instagram.com\/eltextual"]},{"@type":"Person","@id":"https:\/\/diariotextual.com\/inicio\/#\/schema\/person\/a1b6f563e0ee944c60f98119389a4d9f","name":"diario3","image":{"@type":"ImageObject","inLanguage":"es","@id":"https:\/\/secure.gravatar.com\/avatar\/5e7ee62c82fc04d9dd79d746a390d93c69c43223e5faeeb3ea9461ef752bfc5d?s=96&d=mm&r=g","url":"https:\/\/secure.gravatar.com\/avatar\/5e7ee62c82fc04d9dd79d746a390d93c69c43223e5faeeb3ea9461ef752bfc5d?s=96&d=mm&r=g","contentUrl":"https:\/\/secure.gravatar.com\/avatar\/5e7ee62c82fc04d9dd79d746a390d93c69c43223e5faeeb3ea9461ef752bfc5d?s=96&d=mm&r=g","caption":"diario3"},"url":"https:\/\/diariotextual.com\/inicio\/index.php\/author\/diario3\/"}]}},"_links":{"self":[{"href":"https:\/\/diariotextual.com\/inicio\/index.php\/wp-json\/wp\/v2\/posts\/232534","targetHints":{"allow":["GET"]}}],"collection":[{"href":"https:\/\/diariotextual.com\/inicio\/index.php\/wp-json\/wp\/v2\/posts"}],"about":[{"href":"https:\/\/diariotextual.com\/inicio\/index.php\/wp-json\/wp\/v2\/types\/post"}],"author":[{"embeddable":true,"href":"https:\/\/diariotextual.com\/inicio\/index.php\/wp-json\/wp\/v2\/users\/5"}],"replies":[{"embeddable":true,"href":"https:\/\/diariotextual.com\/inicio\/index.php\/wp-json\/wp\/v2\/comments?post=232534"}],"version-history":[{"count":1,"href":"https:\/\/diariotextual.com\/inicio\/index.php\/wp-json\/wp\/v2\/posts\/232534\/revisions"}],"predecessor-version":[{"id":232537,"href":"https:\/\/diariotextual.com\/inicio\/index.php\/wp-json\/wp\/v2\/posts\/232534\/revisions\/232537"}],"wp:featuredmedia":[{"embeddable":true,"href":"https:\/\/diariotextual.com\/inicio\/index.php\/wp-json\/wp\/v2\/media\/232536"}],"wp:attachment":[{"href":"https:\/\/diariotextual.com\/inicio\/index.php\/wp-json\/wp\/v2\/media?parent=232534"}],"wp:term":[{"taxonomy":"category","embeddable":true,"href":"https:\/\/diariotextual.com\/inicio\/index.php\/wp-json\/wp\/v2\/categories?post=232534"},{"taxonomy":"post_tag","embeddable":true,"href":"https:\/\/diariotextual.com\/inicio\/index.php\/wp-json\/wp\/v2\/tags?post=232534"}],"curies":[{"name":"wp","href":"https:\/\/api.w.org\/{rel}","templated":true}]}}