{"id":232593,"date":"2023-08-01T10:56:24","date_gmt":"2023-08-01T13:56:24","guid":{"rendered":"https:\/\/diariotextual.com\/inicio\/?p=232593"},"modified":"2023-08-01T13:18:03","modified_gmt":"2023-08-01T16:18:03","slug":"fibra-optica-domiciliaria-comenzo-obra-en-santa-teresa-y-llegara-a-16-pueblos-en-2023","status":"publish","type":"post","link":"https:\/\/diariotextual.com\/inicio\/index.php\/2023\/08\/01\/fibra-optica-domiciliaria-comenzo-obra-en-santa-teresa-y-llegara-a-16-pueblos-en-2023\/","title":{"rendered":"Fibra \u00f3ptica domiciliaria: comenz\u00f3 obra en Santa Teresa y llegar\u00e1 a 16 pueblos en 2023"},"content":{"rendered":"\n<p>El Ministerio de Conectividad y Modernizaci\u00f3n anunci\u00f3 que con la instalaci\u00f3n de cuarenta nuevas columnas, ya comenzaron los trabajos para realizar el tendido de fibra \u00f3ptica domiciliaria que llegar\u00e1 a los hogares de Colonia Santa Teresa.<\/p>\n\n\n\n<p>El ministro<strong> Antonio Curciarello <\/strong>indic\u00f3 a la Agencia Provincial de Noticias que las obras que est\u00e1n en marcha en las distintas localidades avanzan a buen ritmo. \u201dCon Arata y Alpachiri ser\u00e1n doce las localidades a las que llegaremos con el tendido de la fibra \u00f3ptica provincial y su etapa domiciliaria. Y muy probablemente sean 16 antes de fin de a\u00f1o. Desde que se hizo la obra de fibra \u00f3ptica del Acueducto del R\u00edo Colorado, nunca hubo tantas obras de conectividad implement\u00e1ndose al mismo tiempo, ya que adem\u00e1s se interconectan otras cinco localidades a la red troncal\u201d, dijo.<\/p>\n\n\n\n<p>En tanto, el presidente de Empatel, <strong>Andr\u00e9s Zulueta<\/strong>, agreg\u00f3 que una vez concluida la obra en Colonia Santa Teresa, se podr\u00e1 dar internet de altas velocidades en m\u00e1s de 26 manzanas y se llegar\u00e1 a m\u00e1s de 230 hogares con velocidades a partir de 50 MB.<\/p>\n\n\n\n<p>Esta obra se enmarca en el plan provincial impulsado por el gobernador Sergio Ziliotto con fondos provinciales y de ENACOM que beneficia directamente a 22 localidades, muchas de las cuales ya concluyeron el tendido y se encuentran operativas; y en otras finalizar\u00e1n los trabajos en el transcurso del a\u00f1o.<\/p>\n\n\n\n<p>Asimismo, se prev\u00e9 que durante 2024 se inicie la segunda etapa de obras que llegar\u00e1n a otras 11 localidades.<\/p>\n","protected":false},"excerpt":{"rendered":"<p>El Ministerio de Conectividad y Modernizaci\u00f3n anunci\u00f3 que con la instalaci\u00f3n de cuarenta nuevas columnas, ya comenzaron los trabajos para realizar el tendido de fibra \u00f3ptica domiciliaria que llegar\u00e1 a&hellip;<\/p>\n","protected":false},"author":3,"featured_media":0,"comment_status":"closed","ping_status":"open","sticky":false,"template":"","format":"standard","meta":{"_acf_changed":false,"footnotes":""},"categories":[1,12],"tags":[],"class_list":["post-232593","post","type-post","status-publish","format-standard","hentry","category-es-noticia","category-sociedad"],"acf":[],"yoast_head":"<!-- This site is optimized with the Yoast SEO plugin v27.5 - https:\/\/yoast.com\/product\/yoast-seo-wordpress\/ -->\n<title>Fibra \u00f3ptica domiciliaria: comenz\u00f3 obra en Santa Teresa y llegar\u00e1 a 16 pueblos en 2023 - Diario Textual<\/title>\n<meta name=\"robots\" content=\"index, follow, max-snippet:-1, max-image-preview:large, max-video-preview:-1\" \/>\n<link rel=\"canonical\" href=\"https:\/\/diariotextual.com\/inicio\/index.php\/2023\/08\/01\/fibra-optica-domiciliaria-comenzo-obra-en-santa-teresa-y-llegara-a-16-pueblos-en-2023\/\" \/>\n<meta property=\"og:locale\" content=\"es_ES\" \/>\n<meta property=\"og:type\" content=\"article\" \/>\n<meta property=\"og:title\" content=\"Fibra \u00f3ptica domiciliaria: comenz\u00f3 obra en Santa Teresa y llegar\u00e1 a 16 pueblos en 2023 - Diario Textual\" \/>\n<meta property=\"og:description\" content=\"El Ministerio de Conectividad y Modernizaci\u00f3n anunci\u00f3 que con la instalaci\u00f3n de cuarenta nuevas columnas, ya comenzaron los trabajos para realizar el tendido de fibra \u00f3ptica domiciliaria que llegar\u00e1 a&hellip;\" \/>\n<meta property=\"og:url\" content=\"https:\/\/diariotextual.com\/inicio\/index.php\/2023\/08\/01\/fibra-optica-domiciliaria-comenzo-obra-en-santa-teresa-y-llegara-a-16-pueblos-en-2023\/\" \/>\n<meta property=\"og:site_name\" content=\"Diario Textual\" \/>\n<meta property=\"article:publisher\" content=\"https:\/\/www.facebook.com\/eltextual\" \/>\n<meta property=\"article:published_time\" content=\"2023-08-01T13:56:24+00:00\" \/>\n<meta property=\"article:modified_time\" content=\"2023-08-01T16:18:03+00:00\" \/>\n<meta property=\"og:image\" content=\"https:\/\/diariotextual.com\/inicio\/wp-content\/uploads\/2023\/08\/santateresapueblo2023-1.jpeg\" \/>\n\t<meta property=\"og:image:width\" content=\"1600\" \/>\n\t<meta property=\"og:image:height\" content=\"900\" \/>\n\t<meta property=\"og:image:type\" content=\"image\/jpeg\" \/>\n<meta name=\"author\" content=\"Diario1 Diario1\" \/>\n<meta name=\"twitter:card\" content=\"summary_large_image\" \/>\n<meta name=\"twitter:creator\" content=\"@eltextual\" \/>\n<meta name=\"twitter:site\" content=\"@eltextual\" \/>\n<meta name=\"twitter:label1\" content=\"Escrito por\" \/>\n\t<meta name=\"twitter:data1\" content=\"Diario1 Diario1\" \/>\n\t<meta name=\"twitter:label2\" content=\"Tiempo de lectura\" \/>\n\t<meta name=\"twitter:data2\" content=\"2 minutos\" \/>\n<script type=\"application\/ld+json\" class=\"yoast-schema-graph\">{\"@context\":\"https:\\\/\\\/schema.org\",\"@graph\":[{\"@type\":\"Article\",\"@id\":\"https:\\\/\\\/diariotextual.com\\\/inicio\\\/index.php\\\/2023\\\/08\\\/01\\\/fibra-optica-domiciliaria-comenzo-obra-en-santa-teresa-y-llegara-a-16-pueblos-en-2023\\\/#article\",\"isPartOf\":{\"@id\":\"https:\\\/\\\/diariotextual.com\\\/inicio\\\/index.php\\\/2023\\\/08\\\/01\\\/fibra-optica-domiciliaria-comenzo-obra-en-santa-teresa-y-llegara-a-16-pueblos-en-2023\\\/\"},\"author\":{\"name\":\"Diario1 Diario1\",\"@id\":\"https:\\\/\\\/diariotextual.com\\\/inicio\\\/#\\\/schema\\\/person\\\/418fc4093c33e86ed41562db3508f958\"},\"headline\":\"Fibra \u00f3ptica domiciliaria: comenz\u00f3 obra en Santa Teresa y llegar\u00e1 a 16 pueblos en 2023\",\"datePublished\":\"2023-08-01T13:56:24+00:00\",\"dateModified\":\"2023-08-01T16:18:03+00:00\",\"mainEntityOfPage\":{\"@id\":\"https:\\\/\\\/diariotextual.com\\\/inicio\\\/index.php\\\/2023\\\/08\\\/01\\\/fibra-optica-domiciliaria-comenzo-obra-en-santa-teresa-y-llegara-a-16-pueblos-en-2023\\\/\"},\"wordCount\":267,\"publisher\":{\"@id\":\"https:\\\/\\\/diariotextual.com\\\/inicio\\\/#organization\"},\"articleSection\":[\"A - ES NOTICIA (van abajo)\",\"SOCIEDAD\"],\"inLanguage\":\"es\"},{\"@type\":\"WebPage\",\"@id\":\"https:\\\/\\\/diariotextual.com\\\/inicio\\\/index.php\\\/2023\\\/08\\\/01\\\/fibra-optica-domiciliaria-comenzo-obra-en-santa-teresa-y-llegara-a-16-pueblos-en-2023\\\/\",\"url\":\"https:\\\/\\\/diariotextual.com\\\/inicio\\\/index.php\\\/2023\\\/08\\\/01\\\/fibra-optica-domiciliaria-comenzo-obra-en-santa-teresa-y-llegara-a-16-pueblos-en-2023\\\/\",\"name\":\"Fibra \u00f3ptica domiciliaria: comenz\u00f3 obra en Santa Teresa y llegar\u00e1 a 16 pueblos en 2023 - Diario Textual\",\"isPartOf\":{\"@id\":\"https:\\\/\\\/diariotextual.com\\\/inicio\\\/#website\"},\"datePublished\":\"2023-08-01T13:56:24+00:00\",\"dateModified\":\"2023-08-01T16:18:03+00:00\",\"breadcrumb\":{\"@id\":\"https:\\\/\\\/diariotextual.com\\\/inicio\\\/index.php\\\/2023\\\/08\\\/01\\\/fibra-optica-domiciliaria-comenzo-obra-en-santa-teresa-y-llegara-a-16-pueblos-en-2023\\\/#breadcrumb\"},\"inLanguage\":\"es\",\"potentialAction\":[{\"@type\":\"ReadAction\",\"target\":[\"https:\\\/\\\/diariotextual.com\\\/inicio\\\/index.php\\\/2023\\\/08\\\/01\\\/fibra-optica-domiciliaria-comenzo-obra-en-santa-teresa-y-llegara-a-16-pueblos-en-2023\\\/\"]}]},{\"@type\":\"BreadcrumbList\",\"@id\":\"https:\\\/\\\/diariotextual.com\\\/inicio\\\/index.php\\\/2023\\\/08\\\/01\\\/fibra-optica-domiciliaria-comenzo-obra-en-santa-teresa-y-llegara-a-16-pueblos-en-2023\\\/#breadcrumb\",\"itemListElement\":[{\"@type\":\"ListItem\",\"position\":1,\"name\":\"Portada\",\"item\":\"https:\\\/\\\/diariotextual.com\\\/inicio\\\/\"},{\"@type\":\"ListItem\",\"position\":2,\"name\":\"Fibra \u00f3ptica domiciliaria: comenz\u00f3 obra en Santa Teresa y llegar\u00e1 a 16 pueblos en 2023\"}]},{\"@type\":\"WebSite\",\"@id\":\"https:\\\/\\\/diariotextual.com\\\/inicio\\\/#website\",\"url\":\"https:\\\/\\\/diariotextual.com\\\/inicio\\\/\",\"name\":\"Diario Textual\",\"description\":\"\",\"publisher\":{\"@id\":\"https:\\\/\\\/diariotextual.com\\\/inicio\\\/#organization\"},\"potentialAction\":[{\"@type\":\"SearchAction\",\"target\":{\"@type\":\"EntryPoint\",\"urlTemplate\":\"https:\\\/\\\/diariotextual.com\\\/inicio\\\/?s={search_term_string}\"},\"query-input\":{\"@type\":\"PropertyValueSpecification\",\"valueRequired\":true,\"valueName\":\"search_term_string\"}}],\"inLanguage\":\"es\"},{\"@type\":\"Organization\",\"@id\":\"https:\\\/\\\/diariotextual.com\\\/inicio\\\/#organization\",\"name\":\"Diario Textual\",\"url\":\"https:\\\/\\\/diariotextual.com\\\/inicio\\\/\",\"logo\":{\"@type\":\"ImageObject\",\"inLanguage\":\"es\",\"@id\":\"https:\\\/\\\/diariotextual.com\\\/inicio\\\/#\\\/schema\\\/logo\\\/image\\\/\",\"url\":\"https:\\\/\\\/diariotextual.com\\\/inicio\\\/wp-content\\\/uploads\\\/2023\\\/05\\\/logotextual1.jpg\",\"contentUrl\":\"https:\\\/\\\/diariotextual.com\\\/inicio\\\/wp-content\\\/uploads\\\/2023\\\/05\\\/logotextual1.jpg\",\"width\":516,\"height\":76,\"caption\":\"Diario Textual\"},\"image\":{\"@id\":\"https:\\\/\\\/diariotextual.com\\\/inicio\\\/#\\\/schema\\\/logo\\\/image\\\/\"},\"sameAs\":[\"https:\\\/\\\/www.facebook.com\\\/eltextual\",\"https:\\\/\\\/x.com\\\/eltextual\",\"http:\\\/\\\/www.instagram.com\\\/eltextual\"]},{\"@type\":\"Person\",\"@id\":\"https:\\\/\\\/diariotextual.com\\\/inicio\\\/#\\\/schema\\\/person\\\/418fc4093c33e86ed41562db3508f958\",\"name\":\"Diario1 Diario1\",\"image\":{\"@type\":\"ImageObject\",\"inLanguage\":\"es\",\"@id\":\"https:\\\/\\\/secure.gravatar.com\\\/avatar\\\/9167d280179c85bc18be67aa7eda765854300033af4896dd779b608640f2ef7a?s=96&d=mm&r=g\",\"url\":\"https:\\\/\\\/secure.gravatar.com\\\/avatar\\\/9167d280179c85bc18be67aa7eda765854300033af4896dd779b608640f2ef7a?s=96&d=mm&r=g\",\"contentUrl\":\"https:\\\/\\\/secure.gravatar.com\\\/avatar\\\/9167d280179c85bc18be67aa7eda765854300033af4896dd779b608640f2ef7a?s=96&d=mm&r=g\",\"caption\":\"Diario1 Diario1\"},\"url\":\"https:\\\/\\\/diariotextual.com\\\/inicio\\\/index.php\\\/author\\\/diario1\\\/\"}]}<\/script>\n<!-- \/ Yoast SEO plugin. -->","yoast_head_json":{"title":"Fibra \u00f3ptica domiciliaria: comenz\u00f3 obra en Santa Teresa y llegar\u00e1 a 16 pueblos en 2023 - Diario Textual","robots":{"index":"index","follow":"follow","max-snippet":"max-snippet:-1","max-image-preview":"max-image-preview:large","max-video-preview":"max-video-preview:-1"},"canonical":"https:\/\/diariotextual.com\/inicio\/index.php\/2023\/08\/01\/fibra-optica-domiciliaria-comenzo-obra-en-santa-teresa-y-llegara-a-16-pueblos-en-2023\/","og_locale":"es_ES","og_type":"article","og_title":"Fibra \u00f3ptica domiciliaria: comenz\u00f3 obra en Santa Teresa y llegar\u00e1 a 16 pueblos en 2023 - Diario Textual","og_description":"El Ministerio de Conectividad y Modernizaci\u00f3n anunci\u00f3 que con la instalaci\u00f3n de cuarenta nuevas columnas, ya comenzaron los trabajos para realizar el tendido de fibra \u00f3ptica domiciliaria que llegar\u00e1 a&hellip;","og_url":"https:\/\/diariotextual.com\/inicio\/index.php\/2023\/08\/01\/fibra-optica-domiciliaria-comenzo-obra-en-santa-teresa-y-llegara-a-16-pueblos-en-2023\/","og_site_name":"Diario Textual","article_publisher":"https:\/\/www.facebook.com\/eltextual","article_published_time":"2023-08-01T13:56:24+00:00","article_modified_time":"2023-08-01T16:18:03+00:00","og_image":[{"width":1600,"height":900,"url":"https:\/\/diariotextual.com\/inicio\/wp-content\/uploads\/2023\/08\/santateresapueblo2023-1.jpeg","type":"image\/jpeg"}],"author":"Diario1 Diario1","twitter_card":"summary_large_image","twitter_creator":"@eltextual","twitter_site":"@eltextual","twitter_misc":{"Escrito por":"Diario1 Diario1","Tiempo de lectura":"2 minutos"},"schema":{"@context":"https:\/\/schema.org","@graph":[{"@type":"Article","@id":"https:\/\/diariotextual.com\/inicio\/index.php\/2023\/08\/01\/fibra-optica-domiciliaria-comenzo-obra-en-santa-teresa-y-llegara-a-16-pueblos-en-2023\/#article","isPartOf":{"@id":"https:\/\/diariotextual.com\/inicio\/index.php\/2023\/08\/01\/fibra-optica-domiciliaria-comenzo-obra-en-santa-teresa-y-llegara-a-16-pueblos-en-2023\/"},"author":{"name":"Diario1 Diario1","@id":"https:\/\/diariotextual.com\/inicio\/#\/schema\/person\/418fc4093c33e86ed41562db3508f958"},"headline":"Fibra \u00f3ptica domiciliaria: comenz\u00f3 obra en Santa Teresa y llegar\u00e1 a 16 pueblos en 2023","datePublished":"2023-08-01T13:56:24+00:00","dateModified":"2023-08-01T16:18:03+00:00","mainEntityOfPage":{"@id":"https:\/\/diariotextual.com\/inicio\/index.php\/2023\/08\/01\/fibra-optica-domiciliaria-comenzo-obra-en-santa-teresa-y-llegara-a-16-pueblos-en-2023\/"},"wordCount":267,"publisher":{"@id":"https:\/\/diariotextual.com\/inicio\/#organization"},"articleSection":["A - ES NOTICIA (van abajo)","SOCIEDAD"],"inLanguage":"es"},{"@type":"WebPage","@id":"https:\/\/diariotextual.com\/inicio\/index.php\/2023\/08\/01\/fibra-optica-domiciliaria-comenzo-obra-en-santa-teresa-y-llegara-a-16-pueblos-en-2023\/","url":"https:\/\/diariotextual.com\/inicio\/index.php\/2023\/08\/01\/fibra-optica-domiciliaria-comenzo-obra-en-santa-teresa-y-llegara-a-16-pueblos-en-2023\/","name":"Fibra \u00f3ptica domiciliaria: comenz\u00f3 obra en Santa Teresa y llegar\u00e1 a 16 pueblos en 2023 - Diario Textual","isPartOf":{"@id":"https:\/\/diariotextual.com\/inicio\/#website"},"datePublished":"2023-08-01T13:56:24+00:00","dateModified":"2023-08-01T16:18:03+00:00","breadcrumb":{"@id":"https:\/\/diariotextual.com\/inicio\/index.php\/2023\/08\/01\/fibra-optica-domiciliaria-comenzo-obra-en-santa-teresa-y-llegara-a-16-pueblos-en-2023\/#breadcrumb"},"inLanguage":"es","potentialAction":[{"@type":"ReadAction","target":["https:\/\/diariotextual.com\/inicio\/index.php\/2023\/08\/01\/fibra-optica-domiciliaria-comenzo-obra-en-santa-teresa-y-llegara-a-16-pueblos-en-2023\/"]}]},{"@type":"BreadcrumbList","@id":"https:\/\/diariotextual.com\/inicio\/index.php\/2023\/08\/01\/fibra-optica-domiciliaria-comenzo-obra-en-santa-teresa-y-llegara-a-16-pueblos-en-2023\/#breadcrumb","itemListElement":[{"@type":"ListItem","position":1,"name":"Portada","item":"https:\/\/diariotextual.com\/inicio\/"},{"@type":"ListItem","position":2,"name":"Fibra \u00f3ptica domiciliaria: comenz\u00f3 obra en Santa Teresa y llegar\u00e1 a 16 pueblos en 2023"}]},{"@type":"WebSite","@id":"https:\/\/diariotextual.com\/inicio\/#website","url":"https:\/\/diariotextual.com\/inicio\/","name":"Diario Textual","description":"","publisher":{"@id":"https:\/\/diariotextual.com\/inicio\/#organization"},"potentialAction":[{"@type":"SearchAction","target":{"@type":"EntryPoint","urlTemplate":"https:\/\/diariotextual.com\/inicio\/?s={search_term_string}"},"query-input":{"@type":"PropertyValueSpecification","valueRequired":true,"valueName":"search_term_string"}}],"inLanguage":"es"},{"@type":"Organization","@id":"https:\/\/diariotextual.com\/inicio\/#organization","name":"Diario Textual","url":"https:\/\/diariotextual.com\/inicio\/","logo":{"@type":"ImageObject","inLanguage":"es","@id":"https:\/\/diariotextual.com\/inicio\/#\/schema\/logo\/image\/","url":"https:\/\/diariotextual.com\/inicio\/wp-content\/uploads\/2023\/05\/logotextual1.jpg","contentUrl":"https:\/\/diariotextual.com\/inicio\/wp-content\/uploads\/2023\/05\/logotextual1.jpg","width":516,"height":76,"caption":"Diario Textual"},"image":{"@id":"https:\/\/diariotextual.com\/inicio\/#\/schema\/logo\/image\/"},"sameAs":["https:\/\/www.facebook.com\/eltextual","https:\/\/x.com\/eltextual","http:\/\/www.instagram.com\/eltextual"]},{"@type":"Person","@id":"https:\/\/diariotextual.com\/inicio\/#\/schema\/person\/418fc4093c33e86ed41562db3508f958","name":"Diario1 Diario1","image":{"@type":"ImageObject","inLanguage":"es","@id":"https:\/\/secure.gravatar.com\/avatar\/9167d280179c85bc18be67aa7eda765854300033af4896dd779b608640f2ef7a?s=96&d=mm&r=g","url":"https:\/\/secure.gravatar.com\/avatar\/9167d280179c85bc18be67aa7eda765854300033af4896dd779b608640f2ef7a?s=96&d=mm&r=g","contentUrl":"https:\/\/secure.gravatar.com\/avatar\/9167d280179c85bc18be67aa7eda765854300033af4896dd779b608640f2ef7a?s=96&d=mm&r=g","caption":"Diario1 Diario1"},"url":"https:\/\/diariotextual.com\/inicio\/index.php\/author\/diario1\/"}]}},"_links":{"self":[{"href":"https:\/\/diariotextual.com\/inicio\/index.php\/wp-json\/wp\/v2\/posts\/232593","targetHints":{"allow":["GET"]}}],"collection":[{"href":"https:\/\/diariotextual.com\/inicio\/index.php\/wp-json\/wp\/v2\/posts"}],"about":[{"href":"https:\/\/diariotextual.com\/inicio\/index.php\/wp-json\/wp\/v2\/types\/post"}],"author":[{"embeddable":true,"href":"https:\/\/diariotextual.com\/inicio\/index.php\/wp-json\/wp\/v2\/users\/3"}],"replies":[{"embeddable":true,"href":"https:\/\/diariotextual.com\/inicio\/index.php\/wp-json\/wp\/v2\/comments?post=232593"}],"version-history":[{"count":2,"href":"https:\/\/diariotextual.com\/inicio\/index.php\/wp-json\/wp\/v2\/posts\/232593\/revisions"}],"predecessor-version":[{"id":232596,"href":"https:\/\/diariotextual.com\/inicio\/index.php\/wp-json\/wp\/v2\/posts\/232593\/revisions\/232596"}],"wp:attachment":[{"href":"https:\/\/diariotextual.com\/inicio\/index.php\/wp-json\/wp\/v2\/media?parent=232593"}],"wp:term":[{"taxonomy":"category","embeddable":true,"href":"https:\/\/diariotextual.com\/inicio\/index.php\/wp-json\/wp\/v2\/categories?post=232593"},{"taxonomy":"post_tag","embeddable":true,"href":"https:\/\/diariotextual.com\/inicio\/index.php\/wp-json\/wp\/v2\/tags?post=232593"}],"curies":[{"name":"wp","href":"https:\/\/api.w.org\/{rel}","templated":true}]}}