{"id":232611,"date":"2023-08-01T13:35:17","date_gmt":"2023-08-01T16:35:17","guid":{"rendered":"https:\/\/diariotextual.com\/inicio\/?p=232611"},"modified":"2023-08-01T13:35:19","modified_gmt":"2023-08-01T16:35:19","slug":"anunciaron-el-xxi-coral-de-la-pampa","status":"publish","type":"post","link":"https:\/\/diariotextual.com\/inicio\/index.php\/2023\/08\/01\/anunciaron-el-xxi-coral-de-la-pampa\/","title":{"rendered":"Anunciaron el XXI Coral de La Pampa"},"content":{"rendered":"\n<p>La secretaria de Cultura Adriana Maggio y el director del Coral de La Pampa, Mario Figueroa, anunciaron la <strong>XXI\u00b0 edici\u00f3n del Coral<\/strong> que se desarrollar\u00e1 en 27 localidades de la provincia. Comenzar\u00e1 el 5 de agosto y se desarrollar\u00e1 hasta el 30 de septiembre.<\/p>\n\n\n\n<p>La Asociaci\u00f3n Coral de La Pampa, organizadora del encuentro, coordin\u00f3 para esta edici\u00f3n 2023 m\u00e1s de 31 conciertos en 27 localidades con la participaci\u00f3n de 45 coros pampeanos, contando con el apoyo de diversas organizaciones como la Secretar\u00eda de Cultura del Gobierno de La Pampa, la Asociaci\u00f3n de Directores de la Rep\u00fablica Argentina (ADICORA), la Organizaci\u00f3n Federal Argentina de Actividades Corales (OFADAC) y el INAMU (Instituto Nacional de la M\u00fasica).<\/p>\n\n\n\n<p>Adem\u00e1s de los conciertos confirmados <strong>se brindar\u00e1n espacios de capacitaci\u00f3n <\/strong>a trav\u00e9s del programa \u00abDirectores sin Fronteras\u00bb.<\/p>\n\n\n\n<p>Adriana Maggio&nbsp;destac\u00f3 la importancia de la formaci\u00f3n de coros infantiles y la democratizaci\u00f3n del arte a trav\u00e9s del canto colectivo, a la vez que brind\u00f3 un reconocimiento a Mario Figueroa que durante tantos a\u00f1os se pone al frente de esta movida coral de La Pampa.<\/p>\n\n\n\n<p>Resalt\u00f3 el papel del Instituto Nacional de la M\u00fasica (INAMU), una \u201cinstituci\u00f3n nacional que tambi\u00e9n es digna de revalorizar, ya que apoya much\u00edsimo la m\u00fasica nacional y tambi\u00e9n va a estar apoyando esta movida de coros\u201d. Expres\u00f3 que este gran encuentro Coral re\u00fane la presencia f\u00edsica y colectiva de mucha gente, pero tambi\u00e9n hay otros modos de escuchar m\u00fasica que tiene que ver con las plataformas, con el streaming y el Instituto Nacional de la M\u00fasica est\u00e1 trabajando para que esa m\u00fasica nacional llegue a trav\u00e9s de una plataforma gratuita y los m\u00fasicos de La Pampa puedan acceder a ella.<\/p>\n\n\n\n<p>Al concluir agradeci\u00f3 al m\u00fasico su tes\u00f3n durante tantos a\u00f1os, por su trabajo con tanta gente de las provincias, no solo en acompa\u00f1ar los repertorios y hacer el trabajo coral, sino tambi\u00e9n en la capacitaci\u00f3n de formar directores.<\/p>\n\n\n\n<p>Figueroa, por su parte, coment\u00f3 que este XXI Coral los encuentra en 27 localidades en una trama cultural muy aceitada, gracias al trabajo de los directores y directoras, que desempe\u00f1an su tarea y su rol en cada una de ellas. Respecto del Instituto Nacional de la M\u00fasica inform\u00f3 que la Asociaci\u00f3n Coral de La Pampa tiene rubricado un convenio de colaboraci\u00f3n rec\u00edproca desde el 2017, para que los coros tambi\u00e9n accedan al Banco de M\u00fasica Independiente \u201cy que aspiramos a que los medios y cualquier persona puedan nutrirse de all\u00ed\u201d.<\/p>\n\n\n\n<div style=\"height:100px\" aria-hidden=\"true\" class=\"wp-block-spacer\"><\/div>\n\n\n\n<p><strong>XXI\u00a0Coral de La Pampa<\/strong><br>Al referirse al XXI Coral de La Pampa inform\u00f3 que se desarrollar\u00e1 en 27 localidades, entre el 5 de agosto y el 30 de septiembre, con 31 conciertos confirmados a la fecha y un espacio de capacitaci\u00f3n muy importante a trav\u00e9s del programa \u201cDirectores sin Fronteras\u201d, que es una experiencia de la Federaci\u00f3n Internacional para la M\u00fasica Coral, un programa que se ha desarrollado con mucho \u00e9xito en Asia y en \u00c1frica, y que la OFADAC ha logrado a partir de un convenio, trasladar a la Argentina y a los pa\u00edses lim\u00edtrofes de Latinoam\u00e9rica. \u201cEsta experiencia ya se realiz\u00f3 en la cordillera Neuquina, en el impenetrable Chaque\u00f1o, en La Rioja, y aqu\u00ed en La Pampa estamos haciendo la segunda parte de \u201cDirectores sin Fronteras\u201d en Algarrobo del \u00c1guila. La alegr\u00eda nuestra es que ya se cre\u00f3 un coro en esta localidad donde nunca hubo actividad coral, y este a\u00f1o aspiramos que est\u00e9 en la clausura del Coral\u201d.<\/p>\n\n\n\n<p>\u201cEl concierto de clausura, el 30 de septiembre, tiene una importancia especial, ya que va a estar dedicado a los coros infantiles y juveniles. Desde su fundaci\u00f3n, la Asociaci\u00f3n Coral de La Pampa, impuls\u00f3 mucho el trabajo de formaci\u00f3n en coros infantiles y la creaci\u00f3n de coros infantiles. Dentro de los 27 seminarios, talleres, capacitaciones que ha dictado en estos 21 a\u00f1os la Asociaci\u00f3n Coral de La Pampa, hay un alt\u00edsimo porcentaje en esta especializaci\u00f3n porque entendemos que es fundamental la experiencia del canto colectivo, la democratizaci\u00f3n del arte que implica el canto coral para nuestros ni\u00f1os y ni\u00f1as, especialmente en estos tiempos a veces tan revueltos que estamos viviendo. Entonces, creemos que la educaci\u00f3n en el canto coral, en el esfuerzo colectivo en pos de una peque\u00f1a obra de arte, en esta aceptaci\u00f3n de las diversidades para construir algo que trasciende realmente a la individualidad, es el camino correcto para seguir como instituci\u00f3n\u201d.<\/p>\n","protected":false},"excerpt":{"rendered":"<p>La secretaria de Cultura Adriana Maggio y el director del Coral de La Pampa, Mario Figueroa, anunciaron la XXI\u00b0 edici\u00f3n del Coral que se desarrollar\u00e1 en 27 localidades de la&hellip;<\/p>\n","protected":false},"author":4,"featured_media":232613,"comment_status":"closed","ping_status":"open","sticky":false,"template":"","format":"standard","meta":{"_acf_changed":false,"footnotes":""},"categories":[1,2],"tags":[],"class_list":["post-232611","post","type-post","status-publish","format-standard","has-post-thumbnail","hentry","category-es-noticia","category-cultura"],"acf":[],"yoast_head":"<!-- This site is optimized with the Yoast SEO plugin v27.4 - https:\/\/yoast.com\/product\/yoast-seo-wordpress\/ -->\n<title>Anunciaron el XXI Coral de La Pampa - Diario Textual<\/title>\n<meta name=\"robots\" content=\"index, follow, max-snippet:-1, max-image-preview:large, max-video-preview:-1\" \/>\n<link rel=\"canonical\" href=\"https:\/\/diariotextual.com\/inicio\/index.php\/2023\/08\/01\/anunciaron-el-xxi-coral-de-la-pampa\/\" \/>\n<meta property=\"og:locale\" content=\"es_ES\" \/>\n<meta property=\"og:type\" content=\"article\" \/>\n<meta property=\"og:title\" content=\"Anunciaron el XXI Coral de La Pampa - Diario Textual\" \/>\n<meta property=\"og:description\" content=\"La secretaria de Cultura Adriana Maggio y el director del Coral de La Pampa, Mario Figueroa, anunciaron la XXI\u00b0 edici\u00f3n del Coral que se desarrollar\u00e1 en 27 localidades de la&hellip;\" \/>\n<meta property=\"og:url\" content=\"https:\/\/diariotextual.com\/inicio\/index.php\/2023\/08\/01\/anunciaron-el-xxi-coral-de-la-pampa\/\" \/>\n<meta property=\"og:site_name\" content=\"Diario Textual\" \/>\n<meta property=\"article:publisher\" content=\"https:\/\/www.facebook.com\/eltextual\" \/>\n<meta property=\"article:published_time\" content=\"2023-08-01T16:35:17+00:00\" \/>\n<meta property=\"article:modified_time\" content=\"2023-08-01T16:35:19+00:00\" \/>\n<meta property=\"og:image\" content=\"https:\/\/diariotextual.com\/inicio\/wp-content\/uploads\/2023\/08\/maggiofigueroacoral2023.jpg\" \/>\n\t<meta property=\"og:image:width\" content=\"900\" \/>\n\t<meta property=\"og:image:height\" content=\"483\" \/>\n\t<meta property=\"og:image:type\" content=\"image\/jpeg\" \/>\n<meta name=\"author\" content=\"diario2\" \/>\n<meta name=\"twitter:card\" content=\"summary_large_image\" \/>\n<meta name=\"twitter:creator\" content=\"@eltextual\" \/>\n<meta name=\"twitter:site\" content=\"@eltextual\" \/>\n<meta name=\"twitter:label1\" content=\"Escrito por\" \/>\n\t<meta name=\"twitter:data1\" content=\"diario2\" \/>\n\t<meta name=\"twitter:label2\" content=\"Tiempo de lectura\" \/>\n\t<meta name=\"twitter:data2\" content=\"4 minutos\" \/>\n<script type=\"application\/ld+json\" class=\"yoast-schema-graph\">{\"@context\":\"https:\\\/\\\/schema.org\",\"@graph\":[{\"@type\":\"Article\",\"@id\":\"https:\\\/\\\/diariotextual.com\\\/inicio\\\/index.php\\\/2023\\\/08\\\/01\\\/anunciaron-el-xxi-coral-de-la-pampa\\\/#article\",\"isPartOf\":{\"@id\":\"https:\\\/\\\/diariotextual.com\\\/inicio\\\/index.php\\\/2023\\\/08\\\/01\\\/anunciaron-el-xxi-coral-de-la-pampa\\\/\"},\"author\":{\"name\":\"diario2\",\"@id\":\"https:\\\/\\\/diariotextual.com\\\/inicio\\\/#\\\/schema\\\/person\\\/694f60677f23c4a530867a98f22b3768\"},\"headline\":\"Anunciaron el XXI Coral de La Pampa\",\"datePublished\":\"2023-08-01T16:35:17+00:00\",\"dateModified\":\"2023-08-01T16:35:19+00:00\",\"mainEntityOfPage\":{\"@id\":\"https:\\\/\\\/diariotextual.com\\\/inicio\\\/index.php\\\/2023\\\/08\\\/01\\\/anunciaron-el-xxi-coral-de-la-pampa\\\/\"},\"wordCount\":783,\"publisher\":{\"@id\":\"https:\\\/\\\/diariotextual.com\\\/inicio\\\/#organization\"},\"image\":{\"@id\":\"https:\\\/\\\/diariotextual.com\\\/inicio\\\/index.php\\\/2023\\\/08\\\/01\\\/anunciaron-el-xxi-coral-de-la-pampa\\\/#primaryimage\"},\"thumbnailUrl\":\"https:\\\/\\\/diariotextual.com\\\/inicio\\\/wp-content\\\/uploads\\\/2023\\\/08\\\/maggiofigueroacoral2023.jpg\",\"articleSection\":[\"A - ES NOTICIA (van abajo)\",\"CULTURA\"],\"inLanguage\":\"es\"},{\"@type\":\"WebPage\",\"@id\":\"https:\\\/\\\/diariotextual.com\\\/inicio\\\/index.php\\\/2023\\\/08\\\/01\\\/anunciaron-el-xxi-coral-de-la-pampa\\\/\",\"url\":\"https:\\\/\\\/diariotextual.com\\\/inicio\\\/index.php\\\/2023\\\/08\\\/01\\\/anunciaron-el-xxi-coral-de-la-pampa\\\/\",\"name\":\"Anunciaron el XXI Coral de La Pampa - Diario Textual\",\"isPartOf\":{\"@id\":\"https:\\\/\\\/diariotextual.com\\\/inicio\\\/#website\"},\"primaryImageOfPage\":{\"@id\":\"https:\\\/\\\/diariotextual.com\\\/inicio\\\/index.php\\\/2023\\\/08\\\/01\\\/anunciaron-el-xxi-coral-de-la-pampa\\\/#primaryimage\"},\"image\":{\"@id\":\"https:\\\/\\\/diariotextual.com\\\/inicio\\\/index.php\\\/2023\\\/08\\\/01\\\/anunciaron-el-xxi-coral-de-la-pampa\\\/#primaryimage\"},\"thumbnailUrl\":\"https:\\\/\\\/diariotextual.com\\\/inicio\\\/wp-content\\\/uploads\\\/2023\\\/08\\\/maggiofigueroacoral2023.jpg\",\"datePublished\":\"2023-08-01T16:35:17+00:00\",\"dateModified\":\"2023-08-01T16:35:19+00:00\",\"breadcrumb\":{\"@id\":\"https:\\\/\\\/diariotextual.com\\\/inicio\\\/index.php\\\/2023\\\/08\\\/01\\\/anunciaron-el-xxi-coral-de-la-pampa\\\/#breadcrumb\"},\"inLanguage\":\"es\",\"potentialAction\":[{\"@type\":\"ReadAction\",\"target\":[\"https:\\\/\\\/diariotextual.com\\\/inicio\\\/index.php\\\/2023\\\/08\\\/01\\\/anunciaron-el-xxi-coral-de-la-pampa\\\/\"]}]},{\"@type\":\"ImageObject\",\"inLanguage\":\"es\",\"@id\":\"https:\\\/\\\/diariotextual.com\\\/inicio\\\/index.php\\\/2023\\\/08\\\/01\\\/anunciaron-el-xxi-coral-de-la-pampa\\\/#primaryimage\",\"url\":\"https:\\\/\\\/diariotextual.com\\\/inicio\\\/wp-content\\\/uploads\\\/2023\\\/08\\\/maggiofigueroacoral2023.jpg\",\"contentUrl\":\"https:\\\/\\\/diariotextual.com\\\/inicio\\\/wp-content\\\/uploads\\\/2023\\\/08\\\/maggiofigueroacoral2023.jpg\",\"width\":900,\"height\":483},{\"@type\":\"BreadcrumbList\",\"@id\":\"https:\\\/\\\/diariotextual.com\\\/inicio\\\/index.php\\\/2023\\\/08\\\/01\\\/anunciaron-el-xxi-coral-de-la-pampa\\\/#breadcrumb\",\"itemListElement\":[{\"@type\":\"ListItem\",\"position\":1,\"name\":\"Portada\",\"item\":\"https:\\\/\\\/diariotextual.com\\\/inicio\\\/\"},{\"@type\":\"ListItem\",\"position\":2,\"name\":\"Anunciaron el XXI Coral de La Pampa\"}]},{\"@type\":\"WebSite\",\"@id\":\"https:\\\/\\\/diariotextual.com\\\/inicio\\\/#website\",\"url\":\"https:\\\/\\\/diariotextual.com\\\/inicio\\\/\",\"name\":\"Diario Textual\",\"description\":\"\",\"publisher\":{\"@id\":\"https:\\\/\\\/diariotextual.com\\\/inicio\\\/#organization\"},\"potentialAction\":[{\"@type\":\"SearchAction\",\"target\":{\"@type\":\"EntryPoint\",\"urlTemplate\":\"https:\\\/\\\/diariotextual.com\\\/inicio\\\/?s={search_term_string}\"},\"query-input\":{\"@type\":\"PropertyValueSpecification\",\"valueRequired\":true,\"valueName\":\"search_term_string\"}}],\"inLanguage\":\"es\"},{\"@type\":\"Organization\",\"@id\":\"https:\\\/\\\/diariotextual.com\\\/inicio\\\/#organization\",\"name\":\"Diario Textual\",\"url\":\"https:\\\/\\\/diariotextual.com\\\/inicio\\\/\",\"logo\":{\"@type\":\"ImageObject\",\"inLanguage\":\"es\",\"@id\":\"https:\\\/\\\/diariotextual.com\\\/inicio\\\/#\\\/schema\\\/logo\\\/image\\\/\",\"url\":\"https:\\\/\\\/diariotextual.com\\\/inicio\\\/wp-content\\\/uploads\\\/2023\\\/05\\\/logotextual1.jpg\",\"contentUrl\":\"https:\\\/\\\/diariotextual.com\\\/inicio\\\/wp-content\\\/uploads\\\/2023\\\/05\\\/logotextual1.jpg\",\"width\":516,\"height\":76,\"caption\":\"Diario Textual\"},\"image\":{\"@id\":\"https:\\\/\\\/diariotextual.com\\\/inicio\\\/#\\\/schema\\\/logo\\\/image\\\/\"},\"sameAs\":[\"https:\\\/\\\/www.facebook.com\\\/eltextual\",\"https:\\\/\\\/x.com\\\/eltextual\",\"http:\\\/\\\/www.instagram.com\\\/eltextual\"]},{\"@type\":\"Person\",\"@id\":\"https:\\\/\\\/diariotextual.com\\\/inicio\\\/#\\\/schema\\\/person\\\/694f60677f23c4a530867a98f22b3768\",\"name\":\"diario2\",\"image\":{\"@type\":\"ImageObject\",\"inLanguage\":\"es\",\"@id\":\"https:\\\/\\\/secure.gravatar.com\\\/avatar\\\/5a2567495ba16b852fcd8f1ed006a2e24fcace936018ed8237e95f488ad6e0a7?s=96&d=mm&r=g\",\"url\":\"https:\\\/\\\/secure.gravatar.com\\\/avatar\\\/5a2567495ba16b852fcd8f1ed006a2e24fcace936018ed8237e95f488ad6e0a7?s=96&d=mm&r=g\",\"contentUrl\":\"https:\\\/\\\/secure.gravatar.com\\\/avatar\\\/5a2567495ba16b852fcd8f1ed006a2e24fcace936018ed8237e95f488ad6e0a7?s=96&d=mm&r=g\",\"caption\":\"diario2\"},\"url\":\"https:\\\/\\\/diariotextual.com\\\/inicio\\\/index.php\\\/author\\\/diario2\\\/\"}]}<\/script>\n<!-- \/ Yoast SEO plugin. -->","yoast_head_json":{"title":"Anunciaron el XXI Coral de La Pampa - Diario Textual","robots":{"index":"index","follow":"follow","max-snippet":"max-snippet:-1","max-image-preview":"max-image-preview:large","max-video-preview":"max-video-preview:-1"},"canonical":"https:\/\/diariotextual.com\/inicio\/index.php\/2023\/08\/01\/anunciaron-el-xxi-coral-de-la-pampa\/","og_locale":"es_ES","og_type":"article","og_title":"Anunciaron el XXI Coral de La Pampa - Diario Textual","og_description":"La secretaria de Cultura Adriana Maggio y el director del Coral de La Pampa, Mario Figueroa, anunciaron la XXI\u00b0 edici\u00f3n del Coral que se desarrollar\u00e1 en 27 localidades de la&hellip;","og_url":"https:\/\/diariotextual.com\/inicio\/index.php\/2023\/08\/01\/anunciaron-el-xxi-coral-de-la-pampa\/","og_site_name":"Diario Textual","article_publisher":"https:\/\/www.facebook.com\/eltextual","article_published_time":"2023-08-01T16:35:17+00:00","article_modified_time":"2023-08-01T16:35:19+00:00","og_image":[{"width":900,"height":483,"url":"https:\/\/diariotextual.com\/inicio\/wp-content\/uploads\/2023\/08\/maggiofigueroacoral2023.jpg","type":"image\/jpeg"}],"author":"diario2","twitter_card":"summary_large_image","twitter_creator":"@eltextual","twitter_site":"@eltextual","twitter_misc":{"Escrito por":"diario2","Tiempo de lectura":"4 minutos"},"schema":{"@context":"https:\/\/schema.org","@graph":[{"@type":"Article","@id":"https:\/\/diariotextual.com\/inicio\/index.php\/2023\/08\/01\/anunciaron-el-xxi-coral-de-la-pampa\/#article","isPartOf":{"@id":"https:\/\/diariotextual.com\/inicio\/index.php\/2023\/08\/01\/anunciaron-el-xxi-coral-de-la-pampa\/"},"author":{"name":"diario2","@id":"https:\/\/diariotextual.com\/inicio\/#\/schema\/person\/694f60677f23c4a530867a98f22b3768"},"headline":"Anunciaron el XXI Coral de La Pampa","datePublished":"2023-08-01T16:35:17+00:00","dateModified":"2023-08-01T16:35:19+00:00","mainEntityOfPage":{"@id":"https:\/\/diariotextual.com\/inicio\/index.php\/2023\/08\/01\/anunciaron-el-xxi-coral-de-la-pampa\/"},"wordCount":783,"publisher":{"@id":"https:\/\/diariotextual.com\/inicio\/#organization"},"image":{"@id":"https:\/\/diariotextual.com\/inicio\/index.php\/2023\/08\/01\/anunciaron-el-xxi-coral-de-la-pampa\/#primaryimage"},"thumbnailUrl":"https:\/\/diariotextual.com\/inicio\/wp-content\/uploads\/2023\/08\/maggiofigueroacoral2023.jpg","articleSection":["A - ES NOTICIA (van abajo)","CULTURA"],"inLanguage":"es"},{"@type":"WebPage","@id":"https:\/\/diariotextual.com\/inicio\/index.php\/2023\/08\/01\/anunciaron-el-xxi-coral-de-la-pampa\/","url":"https:\/\/diariotextual.com\/inicio\/index.php\/2023\/08\/01\/anunciaron-el-xxi-coral-de-la-pampa\/","name":"Anunciaron el XXI Coral de La Pampa - Diario Textual","isPartOf":{"@id":"https:\/\/diariotextual.com\/inicio\/#website"},"primaryImageOfPage":{"@id":"https:\/\/diariotextual.com\/inicio\/index.php\/2023\/08\/01\/anunciaron-el-xxi-coral-de-la-pampa\/#primaryimage"},"image":{"@id":"https:\/\/diariotextual.com\/inicio\/index.php\/2023\/08\/01\/anunciaron-el-xxi-coral-de-la-pampa\/#primaryimage"},"thumbnailUrl":"https:\/\/diariotextual.com\/inicio\/wp-content\/uploads\/2023\/08\/maggiofigueroacoral2023.jpg","datePublished":"2023-08-01T16:35:17+00:00","dateModified":"2023-08-01T16:35:19+00:00","breadcrumb":{"@id":"https:\/\/diariotextual.com\/inicio\/index.php\/2023\/08\/01\/anunciaron-el-xxi-coral-de-la-pampa\/#breadcrumb"},"inLanguage":"es","potentialAction":[{"@type":"ReadAction","target":["https:\/\/diariotextual.com\/inicio\/index.php\/2023\/08\/01\/anunciaron-el-xxi-coral-de-la-pampa\/"]}]},{"@type":"ImageObject","inLanguage":"es","@id":"https:\/\/diariotextual.com\/inicio\/index.php\/2023\/08\/01\/anunciaron-el-xxi-coral-de-la-pampa\/#primaryimage","url":"https:\/\/diariotextual.com\/inicio\/wp-content\/uploads\/2023\/08\/maggiofigueroacoral2023.jpg","contentUrl":"https:\/\/diariotextual.com\/inicio\/wp-content\/uploads\/2023\/08\/maggiofigueroacoral2023.jpg","width":900,"height":483},{"@type":"BreadcrumbList","@id":"https:\/\/diariotextual.com\/inicio\/index.php\/2023\/08\/01\/anunciaron-el-xxi-coral-de-la-pampa\/#breadcrumb","itemListElement":[{"@type":"ListItem","position":1,"name":"Portada","item":"https:\/\/diariotextual.com\/inicio\/"},{"@type":"ListItem","position":2,"name":"Anunciaron el XXI Coral de La Pampa"}]},{"@type":"WebSite","@id":"https:\/\/diariotextual.com\/inicio\/#website","url":"https:\/\/diariotextual.com\/inicio\/","name":"Diario Textual","description":"","publisher":{"@id":"https:\/\/diariotextual.com\/inicio\/#organization"},"potentialAction":[{"@type":"SearchAction","target":{"@type":"EntryPoint","urlTemplate":"https:\/\/diariotextual.com\/inicio\/?s={search_term_string}"},"query-input":{"@type":"PropertyValueSpecification","valueRequired":true,"valueName":"search_term_string"}}],"inLanguage":"es"},{"@type":"Organization","@id":"https:\/\/diariotextual.com\/inicio\/#organization","name":"Diario Textual","url":"https:\/\/diariotextual.com\/inicio\/","logo":{"@type":"ImageObject","inLanguage":"es","@id":"https:\/\/diariotextual.com\/inicio\/#\/schema\/logo\/image\/","url":"https:\/\/diariotextual.com\/inicio\/wp-content\/uploads\/2023\/05\/logotextual1.jpg","contentUrl":"https:\/\/diariotextual.com\/inicio\/wp-content\/uploads\/2023\/05\/logotextual1.jpg","width":516,"height":76,"caption":"Diario Textual"},"image":{"@id":"https:\/\/diariotextual.com\/inicio\/#\/schema\/logo\/image\/"},"sameAs":["https:\/\/www.facebook.com\/eltextual","https:\/\/x.com\/eltextual","http:\/\/www.instagram.com\/eltextual"]},{"@type":"Person","@id":"https:\/\/diariotextual.com\/inicio\/#\/schema\/person\/694f60677f23c4a530867a98f22b3768","name":"diario2","image":{"@type":"ImageObject","inLanguage":"es","@id":"https:\/\/secure.gravatar.com\/avatar\/5a2567495ba16b852fcd8f1ed006a2e24fcace936018ed8237e95f488ad6e0a7?s=96&d=mm&r=g","url":"https:\/\/secure.gravatar.com\/avatar\/5a2567495ba16b852fcd8f1ed006a2e24fcace936018ed8237e95f488ad6e0a7?s=96&d=mm&r=g","contentUrl":"https:\/\/secure.gravatar.com\/avatar\/5a2567495ba16b852fcd8f1ed006a2e24fcace936018ed8237e95f488ad6e0a7?s=96&d=mm&r=g","caption":"diario2"},"url":"https:\/\/diariotextual.com\/inicio\/index.php\/author\/diario2\/"}]}},"_links":{"self":[{"href":"https:\/\/diariotextual.com\/inicio\/index.php\/wp-json\/wp\/v2\/posts\/232611","targetHints":{"allow":["GET"]}}],"collection":[{"href":"https:\/\/diariotextual.com\/inicio\/index.php\/wp-json\/wp\/v2\/posts"}],"about":[{"href":"https:\/\/diariotextual.com\/inicio\/index.php\/wp-json\/wp\/v2\/types\/post"}],"author":[{"embeddable":true,"href":"https:\/\/diariotextual.com\/inicio\/index.php\/wp-json\/wp\/v2\/users\/4"}],"replies":[{"embeddable":true,"href":"https:\/\/diariotextual.com\/inicio\/index.php\/wp-json\/wp\/v2\/comments?post=232611"}],"version-history":[{"count":2,"href":"https:\/\/diariotextual.com\/inicio\/index.php\/wp-json\/wp\/v2\/posts\/232611\/revisions"}],"predecessor-version":[{"id":232614,"href":"https:\/\/diariotextual.com\/inicio\/index.php\/wp-json\/wp\/v2\/posts\/232611\/revisions\/232614"}],"wp:featuredmedia":[{"embeddable":true,"href":"https:\/\/diariotextual.com\/inicio\/index.php\/wp-json\/wp\/v2\/media\/232613"}],"wp:attachment":[{"href":"https:\/\/diariotextual.com\/inicio\/index.php\/wp-json\/wp\/v2\/media?parent=232611"}],"wp:term":[{"taxonomy":"category","embeddable":true,"href":"https:\/\/diariotextual.com\/inicio\/index.php\/wp-json\/wp\/v2\/categories?post=232611"},{"taxonomy":"post_tag","embeddable":true,"href":"https:\/\/diariotextual.com\/inicio\/index.php\/wp-json\/wp\/v2\/tags?post=232611"}],"curies":[{"name":"wp","href":"https:\/\/api.w.org\/{rel}","templated":true}]}}