{"id":232623,"date":"2023-08-01T19:36:47","date_gmt":"2023-08-01T22:36:47","guid":{"rendered":"https:\/\/diariotextual.com\/inicio\/?p=232623"},"modified":"2023-08-01T19:36:49","modified_gmt":"2023-08-01T22:36:49","slug":"dos-pampeanos-en-el-concurso-emprendimiento-argentino-2023","status":"publish","type":"post","link":"https:\/\/diariotextual.com\/inicio\/index.php\/2023\/08\/01\/dos-pampeanos-en-el-concurso-emprendimiento-argentino-2023\/","title":{"rendered":"Dos pampeanos en el Concurso Emprendimiento Argentino 2023"},"content":{"rendered":"\n<p>El Ministerio de la Producci\u00f3n destac\u00f3 la selecci\u00f3n de los emprendimientos <strong>Impactu Habits y Cambio Sustentable <\/strong>para el <strong>Concurso Emprendimiento Argentino 2023<\/strong> que organiza la Subsecretar\u00eda de Desarrollo Emprendedor del Ministerio de Econom\u00eda de la Naci\u00f3n. \u00a0<\/p>\n\n\n\n<p>El\u00a0evento comenz\u00f3 en el d\u00eda de hoy en el Centro Cultural Kirchner de la ciudad de Buenos Aires, donde se seleccionar\u00e1 al Emprendimiento Argentino del a\u00f1o <strong>entre los\u00a0m\u00e1s de 120 participantes. <\/strong>En la oportunidad, adem\u00e1s, habr\u00e1\u00a0talleres, conversatorios, actividades de networking y feria de emprendimientos. Este concurso es organizado desde la Secretar\u00eda de Industria y Desarrollo Productivo de Naci\u00f3n, a trav\u00e9s de la Subsecretar\u00eda de Desarrollo Emprendedor, con el objetivo de sensibilizar y capacitar a emprendedores y emprendedoras de todo el pa\u00eds; visibilizar emprendimientos que agreguen valor e impacto positivo en sus comunidades; generar v\u00ednculos entre entidades, instituciones y actores de gobierno del ecosistema emprendedor, y finalmente seleccionar al emprendimiento argentino del a\u00f1o.<br><br>En la vertical Transformaci\u00f3n Digital fue seleccionado por La Pampa el proyecto<strong> Impactu Habits a cargo de Franco De Giovani,<\/strong> quien detall\u00f3: \u201cdescubr\u00ed en el consultorio un problema que afectaba a la gran cantidad de pacientes quienes\u00a0 no pod\u00edan sostener en el tiempo una serie de h\u00e1bitos y rutinas como comer bien, entrenar, manejar los objetivos. As\u00ed es que avanzamos en un programa de salud que decidimos trabajar desde una plataforma digital\u201d.<\/p>\n\n\n\n<p>Junto a su socio actual Federico Herrero, Impactu Habits, fund\u00f3 la Plataforma Digital de aprendizaje <strong>\u201cser\u00e1 la primera Academia Digital de Aprendizaje sobre Bienestar y Wellnes<\/strong>, donde a trav\u00e9s de un m\u00e9todo muy simple basado en 4 pilares: <strong>nutrici\u00f3n, f\u00edsico, mente y acci\u00f3n<\/strong>, la gente podr\u00e1 sostener sus\u00a0h\u00e1bitos a largo plazo y esto ir\u00e1 impactando en su salud. Ya tenemos una aplicaci\u00f3n para usar que combina la gamificaci\u00f3n y m\u00e1s de 20 profesionales trabajando.<\/p>\n\n\n\n<p>\u201cEn agosto -adelant\u00f3- comenzaremos con el primer workshop donde se presentar\u00e1\u00a0el m\u00e9todo con un enfoque integral.\u00a0 Esto es a lo que aspiramos, es un desaf\u00edo, falta camino por recorrer, pero tenemos mucho empuje y algunas alianzas que nos ayudan\u201d, concluy\u00f3 Franco De Giovani, entusiasmado por participar en las pr\u00f3ximas horas de este Concurso.<\/p>\n\n\n\n<p>Por otra parte, <strong>Alejandro P\u00e9rez Mart\u00edn participar\u00e1 con su Consultora Cambio Sustentable,<\/strong> que cuenta con una plataforma t\u00e9cnica colaborativa detall\u00f3 que \u201cest\u00e1 compuesta por\u00a0 profesionales multidisciplinarios que puedan resolver demandas de la matriz productiva asociadas a la gesti\u00f3n ambiental y desarrollo de proyectos\u201d. <\/p>\n\n\n\n<p>De esta manera la Consultora\u00a0comenz\u00f3 a trabajar\u00a0en dos servicios espec\u00edficos. \u00abPor un lado, la gesti\u00f3n ambiental donde acompa\u00f1amos a las empresas para que respondan al marco normativo ambiental. Y por el otro lado, luego\u00a0 de cumplimentada la legislaci\u00f3n vigente en los distintos niveles gubernamentales les proponemos un plan de sustentabilidad para que a trav\u00e9s de un compromiso en variables\u00a0 ambientales, sociales y econ\u00f3micas, puedan alcanzar un estatus de sustentabilidad lo cual le genera un impacto positivo, mejora de la imagen, ahorros de consumo de servicios y materias primas, lo cual hace que obtenga un valor agregado\u201d.<\/p>\n\n\n\n<p>A su vez coment\u00f3 que en estos a\u00f1os de trayectoria llevaron a cabo muchas iniciativas tanto en el \u00e1mbito privado como en el p\u00fablico. \u201cPor ejemplo acompa\u00f1amos al gobierno provincial en la reglamentaci\u00f3n de la nueva Ley de Ambiente, de envases vac\u00edos de productos fitosanitarios, tambi\u00e9n a trav\u00e9s del CFI en lo referido a la cuenca del R\u00edo Colorado, con la Subsecretaria de Educaci\u00f3n T\u00e9cnico Profesional\u00a0\u00a0 en la Tecnicatura de Energ\u00edas Renovables, etc\u201d. En ese marco se mostr\u00f3 entusiasmado por esta\u00a0posibilidad de participaci\u00f3n en tan importante evento del sector emprendedor a nivel nacional.<\/p>\n","protected":false},"excerpt":{"rendered":"<p>El Ministerio de la Producci\u00f3n destac\u00f3 la selecci\u00f3n de los emprendimientos Impactu Habits y Cambio Sustentable para el Concurso Emprendimiento Argentino 2023 que organiza la Subsecretar\u00eda de Desarrollo Emprendedor del&hellip;<\/p>\n","protected":false},"author":4,"featured_media":232629,"comment_status":"closed","ping_status":"open","sticky":false,"template":"","format":"standard","meta":{"_acf_changed":false,"footnotes":""},"categories":[1,12],"tags":[],"class_list":["post-232623","post","type-post","status-publish","format-standard","has-post-thumbnail","hentry","category-es-noticia","category-sociedad"],"acf":[],"yoast_head":"<!-- This site is optimized with the Yoast SEO plugin v27.4 - https:\/\/yoast.com\/product\/yoast-seo-wordpress\/ -->\n<title>Dos pampeanos en el Concurso Emprendimiento Argentino 2023 - Diario Textual<\/title>\n<meta name=\"robots\" content=\"index, follow, max-snippet:-1, max-image-preview:large, max-video-preview:-1\" \/>\n<link rel=\"canonical\" href=\"https:\/\/diariotextual.com\/inicio\/index.php\/2023\/08\/01\/dos-pampeanos-en-el-concurso-emprendimiento-argentino-2023\/\" \/>\n<meta property=\"og:locale\" content=\"es_ES\" \/>\n<meta property=\"og:type\" content=\"article\" \/>\n<meta property=\"og:title\" content=\"Dos pampeanos en el Concurso Emprendimiento Argentino 2023 - Diario Textual\" \/>\n<meta property=\"og:description\" content=\"El Ministerio de la Producci\u00f3n destac\u00f3 la selecci\u00f3n de los emprendimientos Impactu Habits y Cambio Sustentable para el Concurso Emprendimiento Argentino 2023 que organiza la Subsecretar\u00eda de Desarrollo Emprendedor del&hellip;\" \/>\n<meta property=\"og:url\" content=\"https:\/\/diariotextual.com\/inicio\/index.php\/2023\/08\/01\/dos-pampeanos-en-el-concurso-emprendimiento-argentino-2023\/\" \/>\n<meta property=\"og:site_name\" content=\"Diario Textual\" \/>\n<meta property=\"article:publisher\" content=\"https:\/\/www.facebook.com\/eltextual\" \/>\n<meta property=\"article:published_time\" content=\"2023-08-01T22:36:47+00:00\" \/>\n<meta property=\"article:modified_time\" content=\"2023-08-01T22:36:49+00:00\" \/>\n<meta property=\"og:image\" content=\"https:\/\/diariotextual.com\/inicio\/wp-content\/uploads\/2023\/08\/cambiosustentabley754365.jpg\" \/>\n\t<meta property=\"og:image:width\" content=\"575\" \/>\n\t<meta property=\"og:image:height\" content=\"512\" \/>\n\t<meta property=\"og:image:type\" content=\"image\/jpeg\" \/>\n<meta name=\"author\" content=\"diario2\" \/>\n<meta name=\"twitter:card\" content=\"summary_large_image\" \/>\n<meta name=\"twitter:creator\" content=\"@eltextual\" \/>\n<meta name=\"twitter:site\" content=\"@eltextual\" \/>\n<meta name=\"twitter:label1\" content=\"Escrito por\" \/>\n\t<meta name=\"twitter:data1\" content=\"diario2\" \/>\n\t<meta name=\"twitter:label2\" content=\"Tiempo de lectura\" \/>\n\t<meta name=\"twitter:data2\" content=\"3 minutos\" \/>\n<script type=\"application\/ld+json\" class=\"yoast-schema-graph\">{\"@context\":\"https:\\\/\\\/schema.org\",\"@graph\":[{\"@type\":\"Article\",\"@id\":\"https:\\\/\\\/diariotextual.com\\\/inicio\\\/index.php\\\/2023\\\/08\\\/01\\\/dos-pampeanos-en-el-concurso-emprendimiento-argentino-2023\\\/#article\",\"isPartOf\":{\"@id\":\"https:\\\/\\\/diariotextual.com\\\/inicio\\\/index.php\\\/2023\\\/08\\\/01\\\/dos-pampeanos-en-el-concurso-emprendimiento-argentino-2023\\\/\"},\"author\":{\"name\":\"diario2\",\"@id\":\"https:\\\/\\\/diariotextual.com\\\/inicio\\\/#\\\/schema\\\/person\\\/694f60677f23c4a530867a98f22b3768\"},\"headline\":\"Dos pampeanos en el Concurso Emprendimiento Argentino 2023\",\"datePublished\":\"2023-08-01T22:36:47+00:00\",\"dateModified\":\"2023-08-01T22:36:49+00:00\",\"mainEntityOfPage\":{\"@id\":\"https:\\\/\\\/diariotextual.com\\\/inicio\\\/index.php\\\/2023\\\/08\\\/01\\\/dos-pampeanos-en-el-concurso-emprendimiento-argentino-2023\\\/\"},\"wordCount\":644,\"publisher\":{\"@id\":\"https:\\\/\\\/diariotextual.com\\\/inicio\\\/#organization\"},\"image\":{\"@id\":\"https:\\\/\\\/diariotextual.com\\\/inicio\\\/index.php\\\/2023\\\/08\\\/01\\\/dos-pampeanos-en-el-concurso-emprendimiento-argentino-2023\\\/#primaryimage\"},\"thumbnailUrl\":\"https:\\\/\\\/diariotextual.com\\\/inicio\\\/wp-content\\\/uploads\\\/2023\\\/08\\\/cambiosustentabley754365.jpg\",\"articleSection\":[\"A - ES NOTICIA (van abajo)\",\"SOCIEDAD\"],\"inLanguage\":\"es\"},{\"@type\":\"WebPage\",\"@id\":\"https:\\\/\\\/diariotextual.com\\\/inicio\\\/index.php\\\/2023\\\/08\\\/01\\\/dos-pampeanos-en-el-concurso-emprendimiento-argentino-2023\\\/\",\"url\":\"https:\\\/\\\/diariotextual.com\\\/inicio\\\/index.php\\\/2023\\\/08\\\/01\\\/dos-pampeanos-en-el-concurso-emprendimiento-argentino-2023\\\/\",\"name\":\"Dos pampeanos en el Concurso Emprendimiento Argentino 2023 - Diario Textual\",\"isPartOf\":{\"@id\":\"https:\\\/\\\/diariotextual.com\\\/inicio\\\/#website\"},\"primaryImageOfPage\":{\"@id\":\"https:\\\/\\\/diariotextual.com\\\/inicio\\\/index.php\\\/2023\\\/08\\\/01\\\/dos-pampeanos-en-el-concurso-emprendimiento-argentino-2023\\\/#primaryimage\"},\"image\":{\"@id\":\"https:\\\/\\\/diariotextual.com\\\/inicio\\\/index.php\\\/2023\\\/08\\\/01\\\/dos-pampeanos-en-el-concurso-emprendimiento-argentino-2023\\\/#primaryimage\"},\"thumbnailUrl\":\"https:\\\/\\\/diariotextual.com\\\/inicio\\\/wp-content\\\/uploads\\\/2023\\\/08\\\/cambiosustentabley754365.jpg\",\"datePublished\":\"2023-08-01T22:36:47+00:00\",\"dateModified\":\"2023-08-01T22:36:49+00:00\",\"breadcrumb\":{\"@id\":\"https:\\\/\\\/diariotextual.com\\\/inicio\\\/index.php\\\/2023\\\/08\\\/01\\\/dos-pampeanos-en-el-concurso-emprendimiento-argentino-2023\\\/#breadcrumb\"},\"inLanguage\":\"es\",\"potentialAction\":[{\"@type\":\"ReadAction\",\"target\":[\"https:\\\/\\\/diariotextual.com\\\/inicio\\\/index.php\\\/2023\\\/08\\\/01\\\/dos-pampeanos-en-el-concurso-emprendimiento-argentino-2023\\\/\"]}]},{\"@type\":\"ImageObject\",\"inLanguage\":\"es\",\"@id\":\"https:\\\/\\\/diariotextual.com\\\/inicio\\\/index.php\\\/2023\\\/08\\\/01\\\/dos-pampeanos-en-el-concurso-emprendimiento-argentino-2023\\\/#primaryimage\",\"url\":\"https:\\\/\\\/diariotextual.com\\\/inicio\\\/wp-content\\\/uploads\\\/2023\\\/08\\\/cambiosustentabley754365.jpg\",\"contentUrl\":\"https:\\\/\\\/diariotextual.com\\\/inicio\\\/wp-content\\\/uploads\\\/2023\\\/08\\\/cambiosustentabley754365.jpg\",\"width\":575,\"height\":512},{\"@type\":\"BreadcrumbList\",\"@id\":\"https:\\\/\\\/diariotextual.com\\\/inicio\\\/index.php\\\/2023\\\/08\\\/01\\\/dos-pampeanos-en-el-concurso-emprendimiento-argentino-2023\\\/#breadcrumb\",\"itemListElement\":[{\"@type\":\"ListItem\",\"position\":1,\"name\":\"Portada\",\"item\":\"https:\\\/\\\/diariotextual.com\\\/inicio\\\/\"},{\"@type\":\"ListItem\",\"position\":2,\"name\":\"Dos pampeanos en el Concurso Emprendimiento Argentino 2023\"}]},{\"@type\":\"WebSite\",\"@id\":\"https:\\\/\\\/diariotextual.com\\\/inicio\\\/#website\",\"url\":\"https:\\\/\\\/diariotextual.com\\\/inicio\\\/\",\"name\":\"Diario Textual\",\"description\":\"\",\"publisher\":{\"@id\":\"https:\\\/\\\/diariotextual.com\\\/inicio\\\/#organization\"},\"potentialAction\":[{\"@type\":\"SearchAction\",\"target\":{\"@type\":\"EntryPoint\",\"urlTemplate\":\"https:\\\/\\\/diariotextual.com\\\/inicio\\\/?s={search_term_string}\"},\"query-input\":{\"@type\":\"PropertyValueSpecification\",\"valueRequired\":true,\"valueName\":\"search_term_string\"}}],\"inLanguage\":\"es\"},{\"@type\":\"Organization\",\"@id\":\"https:\\\/\\\/diariotextual.com\\\/inicio\\\/#organization\",\"name\":\"Diario Textual\",\"url\":\"https:\\\/\\\/diariotextual.com\\\/inicio\\\/\",\"logo\":{\"@type\":\"ImageObject\",\"inLanguage\":\"es\",\"@id\":\"https:\\\/\\\/diariotextual.com\\\/inicio\\\/#\\\/schema\\\/logo\\\/image\\\/\",\"url\":\"https:\\\/\\\/diariotextual.com\\\/inicio\\\/wp-content\\\/uploads\\\/2023\\\/05\\\/logotextual1.jpg\",\"contentUrl\":\"https:\\\/\\\/diariotextual.com\\\/inicio\\\/wp-content\\\/uploads\\\/2023\\\/05\\\/logotextual1.jpg\",\"width\":516,\"height\":76,\"caption\":\"Diario Textual\"},\"image\":{\"@id\":\"https:\\\/\\\/diariotextual.com\\\/inicio\\\/#\\\/schema\\\/logo\\\/image\\\/\"},\"sameAs\":[\"https:\\\/\\\/www.facebook.com\\\/eltextual\",\"https:\\\/\\\/x.com\\\/eltextual\",\"http:\\\/\\\/www.instagram.com\\\/eltextual\"]},{\"@type\":\"Person\",\"@id\":\"https:\\\/\\\/diariotextual.com\\\/inicio\\\/#\\\/schema\\\/person\\\/694f60677f23c4a530867a98f22b3768\",\"name\":\"diario2\",\"image\":{\"@type\":\"ImageObject\",\"inLanguage\":\"es\",\"@id\":\"https:\\\/\\\/secure.gravatar.com\\\/avatar\\\/5a2567495ba16b852fcd8f1ed006a2e24fcace936018ed8237e95f488ad6e0a7?s=96&d=mm&r=g\",\"url\":\"https:\\\/\\\/secure.gravatar.com\\\/avatar\\\/5a2567495ba16b852fcd8f1ed006a2e24fcace936018ed8237e95f488ad6e0a7?s=96&d=mm&r=g\",\"contentUrl\":\"https:\\\/\\\/secure.gravatar.com\\\/avatar\\\/5a2567495ba16b852fcd8f1ed006a2e24fcace936018ed8237e95f488ad6e0a7?s=96&d=mm&r=g\",\"caption\":\"diario2\"},\"url\":\"https:\\\/\\\/diariotextual.com\\\/inicio\\\/index.php\\\/author\\\/diario2\\\/\"}]}<\/script>\n<!-- \/ Yoast SEO plugin. -->","yoast_head_json":{"title":"Dos pampeanos en el Concurso Emprendimiento Argentino 2023 - Diario Textual","robots":{"index":"index","follow":"follow","max-snippet":"max-snippet:-1","max-image-preview":"max-image-preview:large","max-video-preview":"max-video-preview:-1"},"canonical":"https:\/\/diariotextual.com\/inicio\/index.php\/2023\/08\/01\/dos-pampeanos-en-el-concurso-emprendimiento-argentino-2023\/","og_locale":"es_ES","og_type":"article","og_title":"Dos pampeanos en el Concurso Emprendimiento Argentino 2023 - Diario Textual","og_description":"El Ministerio de la Producci\u00f3n destac\u00f3 la selecci\u00f3n de los emprendimientos Impactu Habits y Cambio Sustentable para el Concurso Emprendimiento Argentino 2023 que organiza la Subsecretar\u00eda de Desarrollo Emprendedor del&hellip;","og_url":"https:\/\/diariotextual.com\/inicio\/index.php\/2023\/08\/01\/dos-pampeanos-en-el-concurso-emprendimiento-argentino-2023\/","og_site_name":"Diario Textual","article_publisher":"https:\/\/www.facebook.com\/eltextual","article_published_time":"2023-08-01T22:36:47+00:00","article_modified_time":"2023-08-01T22:36:49+00:00","og_image":[{"width":575,"height":512,"url":"https:\/\/diariotextual.com\/inicio\/wp-content\/uploads\/2023\/08\/cambiosustentabley754365.jpg","type":"image\/jpeg"}],"author":"diario2","twitter_card":"summary_large_image","twitter_creator":"@eltextual","twitter_site":"@eltextual","twitter_misc":{"Escrito por":"diario2","Tiempo de lectura":"3 minutos"},"schema":{"@context":"https:\/\/schema.org","@graph":[{"@type":"Article","@id":"https:\/\/diariotextual.com\/inicio\/index.php\/2023\/08\/01\/dos-pampeanos-en-el-concurso-emprendimiento-argentino-2023\/#article","isPartOf":{"@id":"https:\/\/diariotextual.com\/inicio\/index.php\/2023\/08\/01\/dos-pampeanos-en-el-concurso-emprendimiento-argentino-2023\/"},"author":{"name":"diario2","@id":"https:\/\/diariotextual.com\/inicio\/#\/schema\/person\/694f60677f23c4a530867a98f22b3768"},"headline":"Dos pampeanos en el Concurso Emprendimiento Argentino 2023","datePublished":"2023-08-01T22:36:47+00:00","dateModified":"2023-08-01T22:36:49+00:00","mainEntityOfPage":{"@id":"https:\/\/diariotextual.com\/inicio\/index.php\/2023\/08\/01\/dos-pampeanos-en-el-concurso-emprendimiento-argentino-2023\/"},"wordCount":644,"publisher":{"@id":"https:\/\/diariotextual.com\/inicio\/#organization"},"image":{"@id":"https:\/\/diariotextual.com\/inicio\/index.php\/2023\/08\/01\/dos-pampeanos-en-el-concurso-emprendimiento-argentino-2023\/#primaryimage"},"thumbnailUrl":"https:\/\/diariotextual.com\/inicio\/wp-content\/uploads\/2023\/08\/cambiosustentabley754365.jpg","articleSection":["A - ES NOTICIA (van abajo)","SOCIEDAD"],"inLanguage":"es"},{"@type":"WebPage","@id":"https:\/\/diariotextual.com\/inicio\/index.php\/2023\/08\/01\/dos-pampeanos-en-el-concurso-emprendimiento-argentino-2023\/","url":"https:\/\/diariotextual.com\/inicio\/index.php\/2023\/08\/01\/dos-pampeanos-en-el-concurso-emprendimiento-argentino-2023\/","name":"Dos pampeanos en el Concurso Emprendimiento Argentino 2023 - Diario Textual","isPartOf":{"@id":"https:\/\/diariotextual.com\/inicio\/#website"},"primaryImageOfPage":{"@id":"https:\/\/diariotextual.com\/inicio\/index.php\/2023\/08\/01\/dos-pampeanos-en-el-concurso-emprendimiento-argentino-2023\/#primaryimage"},"image":{"@id":"https:\/\/diariotextual.com\/inicio\/index.php\/2023\/08\/01\/dos-pampeanos-en-el-concurso-emprendimiento-argentino-2023\/#primaryimage"},"thumbnailUrl":"https:\/\/diariotextual.com\/inicio\/wp-content\/uploads\/2023\/08\/cambiosustentabley754365.jpg","datePublished":"2023-08-01T22:36:47+00:00","dateModified":"2023-08-01T22:36:49+00:00","breadcrumb":{"@id":"https:\/\/diariotextual.com\/inicio\/index.php\/2023\/08\/01\/dos-pampeanos-en-el-concurso-emprendimiento-argentino-2023\/#breadcrumb"},"inLanguage":"es","potentialAction":[{"@type":"ReadAction","target":["https:\/\/diariotextual.com\/inicio\/index.php\/2023\/08\/01\/dos-pampeanos-en-el-concurso-emprendimiento-argentino-2023\/"]}]},{"@type":"ImageObject","inLanguage":"es","@id":"https:\/\/diariotextual.com\/inicio\/index.php\/2023\/08\/01\/dos-pampeanos-en-el-concurso-emprendimiento-argentino-2023\/#primaryimage","url":"https:\/\/diariotextual.com\/inicio\/wp-content\/uploads\/2023\/08\/cambiosustentabley754365.jpg","contentUrl":"https:\/\/diariotextual.com\/inicio\/wp-content\/uploads\/2023\/08\/cambiosustentabley754365.jpg","width":575,"height":512},{"@type":"BreadcrumbList","@id":"https:\/\/diariotextual.com\/inicio\/index.php\/2023\/08\/01\/dos-pampeanos-en-el-concurso-emprendimiento-argentino-2023\/#breadcrumb","itemListElement":[{"@type":"ListItem","position":1,"name":"Portada","item":"https:\/\/diariotextual.com\/inicio\/"},{"@type":"ListItem","position":2,"name":"Dos pampeanos en el Concurso Emprendimiento Argentino 2023"}]},{"@type":"WebSite","@id":"https:\/\/diariotextual.com\/inicio\/#website","url":"https:\/\/diariotextual.com\/inicio\/","name":"Diario Textual","description":"","publisher":{"@id":"https:\/\/diariotextual.com\/inicio\/#organization"},"potentialAction":[{"@type":"SearchAction","target":{"@type":"EntryPoint","urlTemplate":"https:\/\/diariotextual.com\/inicio\/?s={search_term_string}"},"query-input":{"@type":"PropertyValueSpecification","valueRequired":true,"valueName":"search_term_string"}}],"inLanguage":"es"},{"@type":"Organization","@id":"https:\/\/diariotextual.com\/inicio\/#organization","name":"Diario Textual","url":"https:\/\/diariotextual.com\/inicio\/","logo":{"@type":"ImageObject","inLanguage":"es","@id":"https:\/\/diariotextual.com\/inicio\/#\/schema\/logo\/image\/","url":"https:\/\/diariotextual.com\/inicio\/wp-content\/uploads\/2023\/05\/logotextual1.jpg","contentUrl":"https:\/\/diariotextual.com\/inicio\/wp-content\/uploads\/2023\/05\/logotextual1.jpg","width":516,"height":76,"caption":"Diario Textual"},"image":{"@id":"https:\/\/diariotextual.com\/inicio\/#\/schema\/logo\/image\/"},"sameAs":["https:\/\/www.facebook.com\/eltextual","https:\/\/x.com\/eltextual","http:\/\/www.instagram.com\/eltextual"]},{"@type":"Person","@id":"https:\/\/diariotextual.com\/inicio\/#\/schema\/person\/694f60677f23c4a530867a98f22b3768","name":"diario2","image":{"@type":"ImageObject","inLanguage":"es","@id":"https:\/\/secure.gravatar.com\/avatar\/5a2567495ba16b852fcd8f1ed006a2e24fcace936018ed8237e95f488ad6e0a7?s=96&d=mm&r=g","url":"https:\/\/secure.gravatar.com\/avatar\/5a2567495ba16b852fcd8f1ed006a2e24fcace936018ed8237e95f488ad6e0a7?s=96&d=mm&r=g","contentUrl":"https:\/\/secure.gravatar.com\/avatar\/5a2567495ba16b852fcd8f1ed006a2e24fcace936018ed8237e95f488ad6e0a7?s=96&d=mm&r=g","caption":"diario2"},"url":"https:\/\/diariotextual.com\/inicio\/index.php\/author\/diario2\/"}]}},"_links":{"self":[{"href":"https:\/\/diariotextual.com\/inicio\/index.php\/wp-json\/wp\/v2\/posts\/232623","targetHints":{"allow":["GET"]}}],"collection":[{"href":"https:\/\/diariotextual.com\/inicio\/index.php\/wp-json\/wp\/v2\/posts"}],"about":[{"href":"https:\/\/diariotextual.com\/inicio\/index.php\/wp-json\/wp\/v2\/types\/post"}],"author":[{"embeddable":true,"href":"https:\/\/diariotextual.com\/inicio\/index.php\/wp-json\/wp\/v2\/users\/4"}],"replies":[{"embeddable":true,"href":"https:\/\/diariotextual.com\/inicio\/index.php\/wp-json\/wp\/v2\/comments?post=232623"}],"version-history":[{"count":2,"href":"https:\/\/diariotextual.com\/inicio\/index.php\/wp-json\/wp\/v2\/posts\/232623\/revisions"}],"predecessor-version":[{"id":232631,"href":"https:\/\/diariotextual.com\/inicio\/index.php\/wp-json\/wp\/v2\/posts\/232623\/revisions\/232631"}],"wp:featuredmedia":[{"embeddable":true,"href":"https:\/\/diariotextual.com\/inicio\/index.php\/wp-json\/wp\/v2\/media\/232629"}],"wp:attachment":[{"href":"https:\/\/diariotextual.com\/inicio\/index.php\/wp-json\/wp\/v2\/media?parent=232623"}],"wp:term":[{"taxonomy":"category","embeddable":true,"href":"https:\/\/diariotextual.com\/inicio\/index.php\/wp-json\/wp\/v2\/categories?post=232623"},{"taxonomy":"post_tag","embeddable":true,"href":"https:\/\/diariotextual.com\/inicio\/index.php\/wp-json\/wp\/v2\/tags?post=232623"}],"curies":[{"name":"wp","href":"https:\/\/api.w.org\/{rel}","templated":true}]}}