{"id":232624,"date":"2023-08-01T19:26:45","date_gmt":"2023-08-01T22:26:45","guid":{"rendered":"https:\/\/diariotextual.com\/inicio\/?p=232624"},"modified":"2023-08-01T22:52:25","modified_gmt":"2023-08-02T01:52:25","slug":"ponen-camiones-va-a-faltar-agua-en-los-barrios-del-norte-santarroseno","status":"publish","type":"post","link":"https:\/\/diariotextual.com\/inicio\/index.php\/2023\/08\/01\/ponen-camiones-va-a-faltar-agua-en-los-barrios-del-norte-santarroseno\/","title":{"rendered":"Ponen camiones: va a faltar agua en los barrios del norte santarrose\u00f1o"},"content":{"rendered":"\n<p>La Municipalidad de Santa Rosa, a trav\u00e9s de la Secretar\u00eda de Obras P\u00fablicas, inform\u00f3 que debido a trabajos de reparaci\u00f3n en instalaciones del Centro de Abastecimiento Norte, durante las horas de la tarde del d\u00eda de hoy, 1 de agosto, se produjo un corte en el suministro de agua potable. Por eso dispuso camiones para, eventualmente, asistir a las familias afectadas.<\/p>\n\n\n\n<p>Por tal motivo, se ver\u00e1 afectada toda la zona ubicada al norte de las calles Santa Cruz y Magaldi, incluyendo los barrios Zona Norte, Zona Oeste Quintas, Villa Tomas Mas\u00f3n Norte, Villa del Busto Norte, Villa Germinal, Obreros de la Construcci\u00f3n, Villa Elisa, Malvinas Argentinas, San Cayetano, Aeropuerto y Santa Mar\u00eda de las Pampas.<\/p>\n\n\n\n<p>Es por ello que desde la intendencia se solicit\u00f3 a la poblaci\u00f3n extremar las medidas para el cuidado de las reservas domiciliarias de agua, hasta tanto se comunique la normalizaci\u00f3n del servicio, evitando lavados de veredas, lavado de autos, riego con agua potable y todo derroche innecesario especialmente ante esta situaci\u00f3n.<\/p>\n\n\n\n<p>La L\u00ednea 147 de atenci\u00f3n ciudadana se encuentra abierta para solicitudes y reclamos. Adem\u00e1s, ya se encuentran disponibles camiones para el reparto de agua potable.<\/p>\n\n\n\n<p><\/p>\n","protected":false},"excerpt":{"rendered":"<p>La Municipalidad de Santa Rosa, a trav\u00e9s de la Secretar\u00eda de Obras P\u00fablicas, inform\u00f3 que debido a trabajos de reparaci\u00f3n en instalaciones del Centro de Abastecimiento Norte, durante las horas&hellip;<\/p>\n","protected":false},"author":3,"featured_media":2580,"comment_status":"closed","ping_status":"open","sticky":false,"template":"","format":"standard","meta":{"_acf_changed":false,"footnotes":""},"categories":[1,12],"tags":[],"class_list":["post-232624","post","type-post","status-publish","format-standard","has-post-thumbnail","hentry","category-es-noticia","category-sociedad"],"acf":[],"yoast_head":"<!-- This site is optimized with the Yoast SEO plugin v27.5 - https:\/\/yoast.com\/product\/yoast-seo-wordpress\/ -->\n<title>Ponen camiones: va a faltar agua en los barrios del norte santarrose\u00f1o - Diario Textual<\/title>\n<meta name=\"robots\" content=\"index, follow, max-snippet:-1, max-image-preview:large, max-video-preview:-1\" \/>\n<link rel=\"canonical\" href=\"https:\/\/diariotextual.com\/inicio\/index.php\/2023\/08\/01\/ponen-camiones-va-a-faltar-agua-en-los-barrios-del-norte-santarroseno\/\" \/>\n<meta property=\"og:locale\" content=\"es_ES\" \/>\n<meta property=\"og:type\" content=\"article\" \/>\n<meta property=\"og:title\" content=\"Ponen camiones: va a faltar agua en los barrios del norte santarrose\u00f1o - Diario Textual\" \/>\n<meta property=\"og:description\" content=\"La Municipalidad de Santa Rosa, a trav\u00e9s de la Secretar\u00eda de Obras P\u00fablicas, inform\u00f3 que debido a trabajos de reparaci\u00f3n en instalaciones del Centro de Abastecimiento Norte, durante las horas&hellip;\" \/>\n<meta property=\"og:url\" content=\"https:\/\/diariotextual.com\/inicio\/index.php\/2023\/08\/01\/ponen-camiones-va-a-faltar-agua-en-los-barrios-del-norte-santarroseno\/\" \/>\n<meta property=\"og:site_name\" content=\"Diario Textual\" \/>\n<meta property=\"article:publisher\" content=\"https:\/\/www.facebook.com\/eltextual\" \/>\n<meta property=\"article:published_time\" content=\"2023-08-01T22:26:45+00:00\" \/>\n<meta property=\"article:modified_time\" content=\"2023-08-02T01:52:25+00:00\" \/>\n<meta property=\"og:image\" content=\"https:\/\/diariotextual.com\/inicio\/wp-content\/uploads\/2018\/03\/aguatanques2015-1.jpg\" \/>\n\t<meta property=\"og:image:width\" content=\"599\" \/>\n\t<meta property=\"og:image:height\" content=\"400\" \/>\n\t<meta property=\"og:image:type\" content=\"image\/jpeg\" \/>\n<meta name=\"author\" content=\"Diario1 Diario1\" \/>\n<meta name=\"twitter:card\" content=\"summary_large_image\" \/>\n<meta name=\"twitter:creator\" content=\"@eltextual\" \/>\n<meta name=\"twitter:site\" content=\"@eltextual\" \/>\n<meta name=\"twitter:label1\" content=\"Escrito por\" \/>\n\t<meta name=\"twitter:data1\" content=\"Diario1 Diario1\" \/>\n\t<meta name=\"twitter:label2\" content=\"Tiempo de lectura\" \/>\n\t<meta name=\"twitter:data2\" content=\"1 minuto\" \/>\n<script type=\"application\/ld+json\" class=\"yoast-schema-graph\">{\"@context\":\"https:\\\/\\\/schema.org\",\"@graph\":[{\"@type\":\"Article\",\"@id\":\"https:\\\/\\\/diariotextual.com\\\/inicio\\\/index.php\\\/2023\\\/08\\\/01\\\/ponen-camiones-va-a-faltar-agua-en-los-barrios-del-norte-santarroseno\\\/#article\",\"isPartOf\":{\"@id\":\"https:\\\/\\\/diariotextual.com\\\/inicio\\\/index.php\\\/2023\\\/08\\\/01\\\/ponen-camiones-va-a-faltar-agua-en-los-barrios-del-norte-santarroseno\\\/\"},\"author\":{\"name\":\"Diario1 Diario1\",\"@id\":\"https:\\\/\\\/diariotextual.com\\\/inicio\\\/#\\\/schema\\\/person\\\/418fc4093c33e86ed41562db3508f958\"},\"headline\":\"Ponen camiones: va a faltar agua en los barrios del norte santarrose\u00f1o\",\"datePublished\":\"2023-08-01T22:26:45+00:00\",\"dateModified\":\"2023-08-02T01:52:25+00:00\",\"mainEntityOfPage\":{\"@id\":\"https:\\\/\\\/diariotextual.com\\\/inicio\\\/index.php\\\/2023\\\/08\\\/01\\\/ponen-camiones-va-a-faltar-agua-en-los-barrios-del-norte-santarroseno\\\/\"},\"wordCount\":216,\"publisher\":{\"@id\":\"https:\\\/\\\/diariotextual.com\\\/inicio\\\/#organization\"},\"image\":{\"@id\":\"https:\\\/\\\/diariotextual.com\\\/inicio\\\/index.php\\\/2023\\\/08\\\/01\\\/ponen-camiones-va-a-faltar-agua-en-los-barrios-del-norte-santarroseno\\\/#primaryimage\"},\"thumbnailUrl\":\"https:\\\/\\\/diariotextual.com\\\/inicio\\\/wp-content\\\/uploads\\\/2018\\\/03\\\/aguatanques2015-1.jpg\",\"articleSection\":[\"A - ES NOTICIA (van abajo)\",\"SOCIEDAD\"],\"inLanguage\":\"es\"},{\"@type\":\"WebPage\",\"@id\":\"https:\\\/\\\/diariotextual.com\\\/inicio\\\/index.php\\\/2023\\\/08\\\/01\\\/ponen-camiones-va-a-faltar-agua-en-los-barrios-del-norte-santarroseno\\\/\",\"url\":\"https:\\\/\\\/diariotextual.com\\\/inicio\\\/index.php\\\/2023\\\/08\\\/01\\\/ponen-camiones-va-a-faltar-agua-en-los-barrios-del-norte-santarroseno\\\/\",\"name\":\"Ponen camiones: va a faltar agua en los barrios del norte santarrose\u00f1o - Diario Textual\",\"isPartOf\":{\"@id\":\"https:\\\/\\\/diariotextual.com\\\/inicio\\\/#website\"},\"primaryImageOfPage\":{\"@id\":\"https:\\\/\\\/diariotextual.com\\\/inicio\\\/index.php\\\/2023\\\/08\\\/01\\\/ponen-camiones-va-a-faltar-agua-en-los-barrios-del-norte-santarroseno\\\/#primaryimage\"},\"image\":{\"@id\":\"https:\\\/\\\/diariotextual.com\\\/inicio\\\/index.php\\\/2023\\\/08\\\/01\\\/ponen-camiones-va-a-faltar-agua-en-los-barrios-del-norte-santarroseno\\\/#primaryimage\"},\"thumbnailUrl\":\"https:\\\/\\\/diariotextual.com\\\/inicio\\\/wp-content\\\/uploads\\\/2018\\\/03\\\/aguatanques2015-1.jpg\",\"datePublished\":\"2023-08-01T22:26:45+00:00\",\"dateModified\":\"2023-08-02T01:52:25+00:00\",\"breadcrumb\":{\"@id\":\"https:\\\/\\\/diariotextual.com\\\/inicio\\\/index.php\\\/2023\\\/08\\\/01\\\/ponen-camiones-va-a-faltar-agua-en-los-barrios-del-norte-santarroseno\\\/#breadcrumb\"},\"inLanguage\":\"es\",\"potentialAction\":[{\"@type\":\"ReadAction\",\"target\":[\"https:\\\/\\\/diariotextual.com\\\/inicio\\\/index.php\\\/2023\\\/08\\\/01\\\/ponen-camiones-va-a-faltar-agua-en-los-barrios-del-norte-santarroseno\\\/\"]}]},{\"@type\":\"ImageObject\",\"inLanguage\":\"es\",\"@id\":\"https:\\\/\\\/diariotextual.com\\\/inicio\\\/index.php\\\/2023\\\/08\\\/01\\\/ponen-camiones-va-a-faltar-agua-en-los-barrios-del-norte-santarroseno\\\/#primaryimage\",\"url\":\"https:\\\/\\\/diariotextual.com\\\/inicio\\\/wp-content\\\/uploads\\\/2018\\\/03\\\/aguatanques2015-1.jpg\",\"contentUrl\":\"https:\\\/\\\/diariotextual.com\\\/inicio\\\/wp-content\\\/uploads\\\/2018\\\/03\\\/aguatanques2015-1.jpg\",\"width\":599,\"height\":400},{\"@type\":\"BreadcrumbList\",\"@id\":\"https:\\\/\\\/diariotextual.com\\\/inicio\\\/index.php\\\/2023\\\/08\\\/01\\\/ponen-camiones-va-a-faltar-agua-en-los-barrios-del-norte-santarroseno\\\/#breadcrumb\",\"itemListElement\":[{\"@type\":\"ListItem\",\"position\":1,\"name\":\"Portada\",\"item\":\"https:\\\/\\\/diariotextual.com\\\/inicio\\\/\"},{\"@type\":\"ListItem\",\"position\":2,\"name\":\"Ponen camiones: va a faltar agua en los barrios del norte santarrose\u00f1o\"}]},{\"@type\":\"WebSite\",\"@id\":\"https:\\\/\\\/diariotextual.com\\\/inicio\\\/#website\",\"url\":\"https:\\\/\\\/diariotextual.com\\\/inicio\\\/\",\"name\":\"Diario Textual\",\"description\":\"\",\"publisher\":{\"@id\":\"https:\\\/\\\/diariotextual.com\\\/inicio\\\/#organization\"},\"potentialAction\":[{\"@type\":\"SearchAction\",\"target\":{\"@type\":\"EntryPoint\",\"urlTemplate\":\"https:\\\/\\\/diariotextual.com\\\/inicio\\\/?s={search_term_string}\"},\"query-input\":{\"@type\":\"PropertyValueSpecification\",\"valueRequired\":true,\"valueName\":\"search_term_string\"}}],\"inLanguage\":\"es\"},{\"@type\":\"Organization\",\"@id\":\"https:\\\/\\\/diariotextual.com\\\/inicio\\\/#organization\",\"name\":\"Diario Textual\",\"url\":\"https:\\\/\\\/diariotextual.com\\\/inicio\\\/\",\"logo\":{\"@type\":\"ImageObject\",\"inLanguage\":\"es\",\"@id\":\"https:\\\/\\\/diariotextual.com\\\/inicio\\\/#\\\/schema\\\/logo\\\/image\\\/\",\"url\":\"https:\\\/\\\/diariotextual.com\\\/inicio\\\/wp-content\\\/uploads\\\/2023\\\/05\\\/logotextual1.jpg\",\"contentUrl\":\"https:\\\/\\\/diariotextual.com\\\/inicio\\\/wp-content\\\/uploads\\\/2023\\\/05\\\/logotextual1.jpg\",\"width\":516,\"height\":76,\"caption\":\"Diario Textual\"},\"image\":{\"@id\":\"https:\\\/\\\/diariotextual.com\\\/inicio\\\/#\\\/schema\\\/logo\\\/image\\\/\"},\"sameAs\":[\"https:\\\/\\\/www.facebook.com\\\/eltextual\",\"https:\\\/\\\/x.com\\\/eltextual\",\"http:\\\/\\\/www.instagram.com\\\/eltextual\"]},{\"@type\":\"Person\",\"@id\":\"https:\\\/\\\/diariotextual.com\\\/inicio\\\/#\\\/schema\\\/person\\\/418fc4093c33e86ed41562db3508f958\",\"name\":\"Diario1 Diario1\",\"image\":{\"@type\":\"ImageObject\",\"inLanguage\":\"es\",\"@id\":\"https:\\\/\\\/secure.gravatar.com\\\/avatar\\\/9167d280179c85bc18be67aa7eda765854300033af4896dd779b608640f2ef7a?s=96&d=mm&r=g\",\"url\":\"https:\\\/\\\/secure.gravatar.com\\\/avatar\\\/9167d280179c85bc18be67aa7eda765854300033af4896dd779b608640f2ef7a?s=96&d=mm&r=g\",\"contentUrl\":\"https:\\\/\\\/secure.gravatar.com\\\/avatar\\\/9167d280179c85bc18be67aa7eda765854300033af4896dd779b608640f2ef7a?s=96&d=mm&r=g\",\"caption\":\"Diario1 Diario1\"},\"url\":\"https:\\\/\\\/diariotextual.com\\\/inicio\\\/index.php\\\/author\\\/diario1\\\/\"}]}<\/script>\n<!-- \/ Yoast SEO plugin. -->","yoast_head_json":{"title":"Ponen camiones: va a faltar agua en los barrios del norte santarrose\u00f1o - Diario Textual","robots":{"index":"index","follow":"follow","max-snippet":"max-snippet:-1","max-image-preview":"max-image-preview:large","max-video-preview":"max-video-preview:-1"},"canonical":"https:\/\/diariotextual.com\/inicio\/index.php\/2023\/08\/01\/ponen-camiones-va-a-faltar-agua-en-los-barrios-del-norte-santarroseno\/","og_locale":"es_ES","og_type":"article","og_title":"Ponen camiones: va a faltar agua en los barrios del norte santarrose\u00f1o - Diario Textual","og_description":"La Municipalidad de Santa Rosa, a trav\u00e9s de la Secretar\u00eda de Obras P\u00fablicas, inform\u00f3 que debido a trabajos de reparaci\u00f3n en instalaciones del Centro de Abastecimiento Norte, durante las horas&hellip;","og_url":"https:\/\/diariotextual.com\/inicio\/index.php\/2023\/08\/01\/ponen-camiones-va-a-faltar-agua-en-los-barrios-del-norte-santarroseno\/","og_site_name":"Diario Textual","article_publisher":"https:\/\/www.facebook.com\/eltextual","article_published_time":"2023-08-01T22:26:45+00:00","article_modified_time":"2023-08-02T01:52:25+00:00","og_image":[{"width":599,"height":400,"url":"https:\/\/diariotextual.com\/inicio\/wp-content\/uploads\/2018\/03\/aguatanques2015-1.jpg","type":"image\/jpeg"}],"author":"Diario1 Diario1","twitter_card":"summary_large_image","twitter_creator":"@eltextual","twitter_site":"@eltextual","twitter_misc":{"Escrito por":"Diario1 Diario1","Tiempo de lectura":"1 minuto"},"schema":{"@context":"https:\/\/schema.org","@graph":[{"@type":"Article","@id":"https:\/\/diariotextual.com\/inicio\/index.php\/2023\/08\/01\/ponen-camiones-va-a-faltar-agua-en-los-barrios-del-norte-santarroseno\/#article","isPartOf":{"@id":"https:\/\/diariotextual.com\/inicio\/index.php\/2023\/08\/01\/ponen-camiones-va-a-faltar-agua-en-los-barrios-del-norte-santarroseno\/"},"author":{"name":"Diario1 Diario1","@id":"https:\/\/diariotextual.com\/inicio\/#\/schema\/person\/418fc4093c33e86ed41562db3508f958"},"headline":"Ponen camiones: va a faltar agua en los barrios del norte santarrose\u00f1o","datePublished":"2023-08-01T22:26:45+00:00","dateModified":"2023-08-02T01:52:25+00:00","mainEntityOfPage":{"@id":"https:\/\/diariotextual.com\/inicio\/index.php\/2023\/08\/01\/ponen-camiones-va-a-faltar-agua-en-los-barrios-del-norte-santarroseno\/"},"wordCount":216,"publisher":{"@id":"https:\/\/diariotextual.com\/inicio\/#organization"},"image":{"@id":"https:\/\/diariotextual.com\/inicio\/index.php\/2023\/08\/01\/ponen-camiones-va-a-faltar-agua-en-los-barrios-del-norte-santarroseno\/#primaryimage"},"thumbnailUrl":"https:\/\/diariotextual.com\/inicio\/wp-content\/uploads\/2018\/03\/aguatanques2015-1.jpg","articleSection":["A - ES NOTICIA (van abajo)","SOCIEDAD"],"inLanguage":"es"},{"@type":"WebPage","@id":"https:\/\/diariotextual.com\/inicio\/index.php\/2023\/08\/01\/ponen-camiones-va-a-faltar-agua-en-los-barrios-del-norte-santarroseno\/","url":"https:\/\/diariotextual.com\/inicio\/index.php\/2023\/08\/01\/ponen-camiones-va-a-faltar-agua-en-los-barrios-del-norte-santarroseno\/","name":"Ponen camiones: va a faltar agua en los barrios del norte santarrose\u00f1o - Diario Textual","isPartOf":{"@id":"https:\/\/diariotextual.com\/inicio\/#website"},"primaryImageOfPage":{"@id":"https:\/\/diariotextual.com\/inicio\/index.php\/2023\/08\/01\/ponen-camiones-va-a-faltar-agua-en-los-barrios-del-norte-santarroseno\/#primaryimage"},"image":{"@id":"https:\/\/diariotextual.com\/inicio\/index.php\/2023\/08\/01\/ponen-camiones-va-a-faltar-agua-en-los-barrios-del-norte-santarroseno\/#primaryimage"},"thumbnailUrl":"https:\/\/diariotextual.com\/inicio\/wp-content\/uploads\/2018\/03\/aguatanques2015-1.jpg","datePublished":"2023-08-01T22:26:45+00:00","dateModified":"2023-08-02T01:52:25+00:00","breadcrumb":{"@id":"https:\/\/diariotextual.com\/inicio\/index.php\/2023\/08\/01\/ponen-camiones-va-a-faltar-agua-en-los-barrios-del-norte-santarroseno\/#breadcrumb"},"inLanguage":"es","potentialAction":[{"@type":"ReadAction","target":["https:\/\/diariotextual.com\/inicio\/index.php\/2023\/08\/01\/ponen-camiones-va-a-faltar-agua-en-los-barrios-del-norte-santarroseno\/"]}]},{"@type":"ImageObject","inLanguage":"es","@id":"https:\/\/diariotextual.com\/inicio\/index.php\/2023\/08\/01\/ponen-camiones-va-a-faltar-agua-en-los-barrios-del-norte-santarroseno\/#primaryimage","url":"https:\/\/diariotextual.com\/inicio\/wp-content\/uploads\/2018\/03\/aguatanques2015-1.jpg","contentUrl":"https:\/\/diariotextual.com\/inicio\/wp-content\/uploads\/2018\/03\/aguatanques2015-1.jpg","width":599,"height":400},{"@type":"BreadcrumbList","@id":"https:\/\/diariotextual.com\/inicio\/index.php\/2023\/08\/01\/ponen-camiones-va-a-faltar-agua-en-los-barrios-del-norte-santarroseno\/#breadcrumb","itemListElement":[{"@type":"ListItem","position":1,"name":"Portada","item":"https:\/\/diariotextual.com\/inicio\/"},{"@type":"ListItem","position":2,"name":"Ponen camiones: va a faltar agua en los barrios del norte santarrose\u00f1o"}]},{"@type":"WebSite","@id":"https:\/\/diariotextual.com\/inicio\/#website","url":"https:\/\/diariotextual.com\/inicio\/","name":"Diario Textual","description":"","publisher":{"@id":"https:\/\/diariotextual.com\/inicio\/#organization"},"potentialAction":[{"@type":"SearchAction","target":{"@type":"EntryPoint","urlTemplate":"https:\/\/diariotextual.com\/inicio\/?s={search_term_string}"},"query-input":{"@type":"PropertyValueSpecification","valueRequired":true,"valueName":"search_term_string"}}],"inLanguage":"es"},{"@type":"Organization","@id":"https:\/\/diariotextual.com\/inicio\/#organization","name":"Diario Textual","url":"https:\/\/diariotextual.com\/inicio\/","logo":{"@type":"ImageObject","inLanguage":"es","@id":"https:\/\/diariotextual.com\/inicio\/#\/schema\/logo\/image\/","url":"https:\/\/diariotextual.com\/inicio\/wp-content\/uploads\/2023\/05\/logotextual1.jpg","contentUrl":"https:\/\/diariotextual.com\/inicio\/wp-content\/uploads\/2023\/05\/logotextual1.jpg","width":516,"height":76,"caption":"Diario Textual"},"image":{"@id":"https:\/\/diariotextual.com\/inicio\/#\/schema\/logo\/image\/"},"sameAs":["https:\/\/www.facebook.com\/eltextual","https:\/\/x.com\/eltextual","http:\/\/www.instagram.com\/eltextual"]},{"@type":"Person","@id":"https:\/\/diariotextual.com\/inicio\/#\/schema\/person\/418fc4093c33e86ed41562db3508f958","name":"Diario1 Diario1","image":{"@type":"ImageObject","inLanguage":"es","@id":"https:\/\/secure.gravatar.com\/avatar\/9167d280179c85bc18be67aa7eda765854300033af4896dd779b608640f2ef7a?s=96&d=mm&r=g","url":"https:\/\/secure.gravatar.com\/avatar\/9167d280179c85bc18be67aa7eda765854300033af4896dd779b608640f2ef7a?s=96&d=mm&r=g","contentUrl":"https:\/\/secure.gravatar.com\/avatar\/9167d280179c85bc18be67aa7eda765854300033af4896dd779b608640f2ef7a?s=96&d=mm&r=g","caption":"Diario1 Diario1"},"url":"https:\/\/diariotextual.com\/inicio\/index.php\/author\/diario1\/"}]}},"_links":{"self":[{"href":"https:\/\/diariotextual.com\/inicio\/index.php\/wp-json\/wp\/v2\/posts\/232624","targetHints":{"allow":["GET"]}}],"collection":[{"href":"https:\/\/diariotextual.com\/inicio\/index.php\/wp-json\/wp\/v2\/posts"}],"about":[{"href":"https:\/\/diariotextual.com\/inicio\/index.php\/wp-json\/wp\/v2\/types\/post"}],"author":[{"embeddable":true,"href":"https:\/\/diariotextual.com\/inicio\/index.php\/wp-json\/wp\/v2\/users\/3"}],"replies":[{"embeddable":true,"href":"https:\/\/diariotextual.com\/inicio\/index.php\/wp-json\/wp\/v2\/comments?post=232624"}],"version-history":[{"count":2,"href":"https:\/\/diariotextual.com\/inicio\/index.php\/wp-json\/wp\/v2\/posts\/232624\/revisions"}],"predecessor-version":[{"id":232628,"href":"https:\/\/diariotextual.com\/inicio\/index.php\/wp-json\/wp\/v2\/posts\/232624\/revisions\/232628"}],"wp:featuredmedia":[{"embeddable":true,"href":"https:\/\/diariotextual.com\/inicio\/index.php\/wp-json\/wp\/v2\/media\/2580"}],"wp:attachment":[{"href":"https:\/\/diariotextual.com\/inicio\/index.php\/wp-json\/wp\/v2\/media?parent=232624"}],"wp:term":[{"taxonomy":"category","embeddable":true,"href":"https:\/\/diariotextual.com\/inicio\/index.php\/wp-json\/wp\/v2\/categories?post=232624"},{"taxonomy":"post_tag","embeddable":true,"href":"https:\/\/diariotextual.com\/inicio\/index.php\/wp-json\/wp\/v2\/tags?post=232624"}],"curies":[{"name":"wp","href":"https:\/\/api.w.org\/{rel}","templated":true}]}}