{"id":232626,"date":"2023-08-01T19:29:00","date_gmt":"2023-08-01T22:29:00","guid":{"rendered":"https:\/\/diariotextual.com\/inicio\/?p=232626"},"modified":"2023-08-02T12:01:30","modified_gmt":"2023-08-02T15:01:30","slug":"sin-acuerdo-en-paritaria-trabajadores-de-rentas-analizan-medidas","status":"publish","type":"post","link":"https:\/\/diariotextual.com\/inicio\/index.php\/2023\/08\/01\/sin-acuerdo-en-paritaria-trabajadores-de-rentas-analizan-medidas\/","title":{"rendered":"Sin acuerdo en paritaria, trabajadores de Rentas analizan medidas"},"content":{"rendered":"\n<p>El Consejo Directivo Provincial de ATE manifest\u00f3 su descontento con los representantes del Poder Ejecutivo Provincial, luego que <strong>ninguno de los ocho puntos planteados en la reuni\u00f3n paritaria de Rentas fuera tratado, por lo que sus trabajadores evaluar\u00e1n en asamblea<\/strong> las medidas a seguir.<\/p>\n\n\n\n<p>\u201cEn este primer encuentro <strong>lamentablemente no se pudo acordar en ninguno de los ocho puntos que se presentaron como temario, debido a la negativa de la patronal a tratar <\/strong>cada uno de los puntos presentados para la negociaci\u00f3n, por parte de los trabajadores\u201d, expresaron en un comunicado desde la Asociaci\u00f3n de Trabajadores del Estado.<\/p>\n\n\n\n<p>Desde el gremio estatal remarcaron que para los empleados de la Direcci\u00f3n de Rentas, luego del conflicto mantenido a principios de a\u00f1o con el exministro de Hacienda Ernesto Franco, era <strong>\u201cimportant\u00edsimo que se cumpliera con lo comprometido de homologar en paritarias el acuerdo del 22 de marzo del 2023\u201d<\/strong>, y por el cual los trabajadores resolvieron suspender el quite de colaboraci\u00f3n.<\/p>\n\n\n\n<figure class=\"wp-block-embed is-type-wp-embed is-provider-diario-textual wp-block-embed-diario-textual\"><div class=\"wp-block-embed__wrapper\">\n<blockquote class=\"wp-embedded-content\" data-secret=\"CFbH7s0561\"><a href=\"https:\/\/diariotextual.com\/inicio\/index.php\/2023\/04\/27\/aprobaron-los-cambios-del-estimulo-que-provoco-el-conflicto-en-rentas\/\">Aprobaron los cambios del est\u00edmulo que provoc\u00f3 el conflicto en Rentas<\/a><\/blockquote><iframe class=\"wp-embedded-content\" sandbox=\"allow-scripts\" security=\"restricted\" style=\"position: absolute; clip: rect(1px, 1px, 1px, 1px);\" title=\"\u00abAprobaron los cambios del est\u00edmulo que provoc\u00f3 el conflicto en Rentas\u00bb \u2014 Diario Textual\" src=\"https:\/\/diariotextual.com\/inicio\/index.php\/2023\/04\/27\/aprobaron-los-cambios-del-estimulo-que-provoco-el-conflicto-en-rentas\/embed\/#?secret=tiuvkpgWtW#?secret=CFbH7s0561\" data-secret=\"CFbH7s0561\" width=\"600\" height=\"338\" frameborder=\"0\" marginwidth=\"0\" marginheight=\"0\" scrolling=\"no\"><\/iframe>\n<\/div><\/figure>\n\n\n\n<p>\u201cLa postura intransigente y autoritaria y la falta de compromiso a lo acordado de parte de la patronal preocupa much\u00edsimo a las y los trabajadores de Rentas y al gremio. Ya que el \u00e1mbito Paritario es el lugar donde poder desarrollar el temario que se propone por parte de las y los trabajadores y su posible consenso\u201d, agregaron desde ATE.<\/p>\n\n\n\n<p>Y a\u00f1adieron: \u201cNo hubo por parte del Ejecutivo predisposici\u00f3n a tratar el temario, ni tampoco de estar en \u00e1mbito de di\u00e1logo y negociaci\u00f3n, todo lo contrario, <strong>fue una reuni\u00f3n informativa del Ministerio con respecto a la decisi\u00f3n tomada de no tratar ninguno de los puntos que la Secretaria de Trabajo habilit\u00f3<\/strong> para su tratamiento\u201d.<\/p>\n\n\n\n<p>\u201cAl no cumplirse con este objetivo en el \u00e1mbito paritario, las y los trabajadores, volvieron a la asamblea para <strong>informar de la mala predisposici\u00f3n del Ministerio en la negociaci\u00f3n y analizar\u00e1n el camino a seguir <\/strong>en lo gremial pr\u00f3ximamente\u201d, sostuvieron desde el gremio estatal.<\/p>\n\n\n\n<p>Del encuentro participaron, en representaci\u00f3n del Ejecutivo provincial Diego Aguirre, subsecretario de Hacienda y Hugo Alcaraz, director de Gastos P\u00fablicos, las y los delegados\/as de ATE de la Direcci\u00f3n de Rentas y la Secretaria Gremial de ATE.<\/p>\n","protected":false},"excerpt":{"rendered":"<p>El Consejo Directivo Provincial de ATE manifest\u00f3 su descontento con los representantes del Poder Ejecutivo Provincial, luego que ninguno de los ocho puntos planteados en la reuni\u00f3n paritaria de Rentas&hellip;<\/p>\n","protected":false},"author":5,"featured_media":201188,"comment_status":"closed","ping_status":"open","sticky":false,"template":"","format":"standard","meta":{"_acf_changed":false,"footnotes":""},"categories":[1,11,12],"tags":[201,1052,3117],"class_list":["post-232626","post","type-post","status-publish","format-standard","has-post-thumbnail","hentry","category-es-noticia","category-que-pasa","category-sociedad","tag-ate","tag-paritaria","tag-rentas"],"acf":[],"yoast_head":"<!-- This site is optimized with the Yoast SEO plugin v27.5 - https:\/\/yoast.com\/product\/yoast-seo-wordpress\/ -->\n<title>Sin acuerdo en paritaria, trabajadores de Rentas analizan medidas - Diario Textual<\/title>\n<meta name=\"robots\" content=\"index, follow, max-snippet:-1, max-image-preview:large, max-video-preview:-1\" \/>\n<link rel=\"canonical\" href=\"https:\/\/diariotextual.com\/inicio\/index.php\/2023\/08\/01\/sin-acuerdo-en-paritaria-trabajadores-de-rentas-analizan-medidas\/\" \/>\n<meta property=\"og:locale\" content=\"es_ES\" \/>\n<meta property=\"og:type\" content=\"article\" \/>\n<meta property=\"og:title\" content=\"Sin acuerdo en paritaria, trabajadores de Rentas analizan medidas - Diario Textual\" \/>\n<meta property=\"og:description\" content=\"El Consejo Directivo Provincial de ATE manifest\u00f3 su descontento con los representantes del Poder Ejecutivo Provincial, luego que ninguno de los ocho puntos planteados en la reuni\u00f3n paritaria de Rentas&hellip;\" \/>\n<meta property=\"og:url\" content=\"https:\/\/diariotextual.com\/inicio\/index.php\/2023\/08\/01\/sin-acuerdo-en-paritaria-trabajadores-de-rentas-analizan-medidas\/\" \/>\n<meta property=\"og:site_name\" content=\"Diario Textual\" \/>\n<meta property=\"article:publisher\" content=\"https:\/\/www.facebook.com\/eltextual\" \/>\n<meta property=\"article:published_time\" content=\"2023-08-01T22:29:00+00:00\" \/>\n<meta property=\"article:modified_time\" content=\"2023-08-02T15:01:30+00:00\" \/>\n<meta property=\"og:image\" content=\"https:\/\/diariotextual.com\/inicio\/wp-content\/uploads\/2022\/09\/casadegobierno2022-1-scaled.jpg\" \/>\n\t<meta property=\"og:image:width\" content=\"2560\" \/>\n\t<meta property=\"og:image:height\" content=\"1614\" \/>\n\t<meta property=\"og:image:type\" content=\"image\/jpeg\" \/>\n<meta name=\"author\" content=\"diario3\" \/>\n<meta name=\"twitter:card\" content=\"summary_large_image\" \/>\n<meta name=\"twitter:creator\" content=\"@eltextual\" \/>\n<meta name=\"twitter:site\" content=\"@eltextual\" \/>\n<meta name=\"twitter:label1\" content=\"Escrito por\" \/>\n\t<meta name=\"twitter:data1\" content=\"diario3\" \/>\n\t<meta name=\"twitter:label2\" content=\"Tiempo de lectura\" \/>\n\t<meta name=\"twitter:data2\" content=\"2 minutos\" \/>\n<script type=\"application\/ld+json\" class=\"yoast-schema-graph\">{\"@context\":\"https:\\\/\\\/schema.org\",\"@graph\":[{\"@type\":\"Article\",\"@id\":\"https:\\\/\\\/diariotextual.com\\\/inicio\\\/index.php\\\/2023\\\/08\\\/01\\\/sin-acuerdo-en-paritaria-trabajadores-de-rentas-analizan-medidas\\\/#article\",\"isPartOf\":{\"@id\":\"https:\\\/\\\/diariotextual.com\\\/inicio\\\/index.php\\\/2023\\\/08\\\/01\\\/sin-acuerdo-en-paritaria-trabajadores-de-rentas-analizan-medidas\\\/\"},\"author\":{\"name\":\"diario3\",\"@id\":\"https:\\\/\\\/diariotextual.com\\\/inicio\\\/#\\\/schema\\\/person\\\/a1b6f563e0ee944c60f98119389a4d9f\"},\"headline\":\"Sin acuerdo en paritaria, trabajadores de Rentas analizan medidas\",\"datePublished\":\"2023-08-01T22:29:00+00:00\",\"dateModified\":\"2023-08-02T15:01:30+00:00\",\"mainEntityOfPage\":{\"@id\":\"https:\\\/\\\/diariotextual.com\\\/inicio\\\/index.php\\\/2023\\\/08\\\/01\\\/sin-acuerdo-en-paritaria-trabajadores-de-rentas-analizan-medidas\\\/\"},\"wordCount\":391,\"publisher\":{\"@id\":\"https:\\\/\\\/diariotextual.com\\\/inicio\\\/#organization\"},\"image\":{\"@id\":\"https:\\\/\\\/diariotextual.com\\\/inicio\\\/index.php\\\/2023\\\/08\\\/01\\\/sin-acuerdo-en-paritaria-trabajadores-de-rentas-analizan-medidas\\\/#primaryimage\"},\"thumbnailUrl\":\"https:\\\/\\\/diariotextual.com\\\/inicio\\\/wp-content\\\/uploads\\\/2022\\\/09\\\/casadegobierno2022-1-scaled.jpg\",\"keywords\":[\"ate\",\"Paritaria\",\"rentas\"],\"articleSection\":[\"A - ES NOTICIA (van abajo)\",\"A - QUE PASA (al costado)\",\"SOCIEDAD\"],\"inLanguage\":\"es\"},{\"@type\":\"WebPage\",\"@id\":\"https:\\\/\\\/diariotextual.com\\\/inicio\\\/index.php\\\/2023\\\/08\\\/01\\\/sin-acuerdo-en-paritaria-trabajadores-de-rentas-analizan-medidas\\\/\",\"url\":\"https:\\\/\\\/diariotextual.com\\\/inicio\\\/index.php\\\/2023\\\/08\\\/01\\\/sin-acuerdo-en-paritaria-trabajadores-de-rentas-analizan-medidas\\\/\",\"name\":\"Sin acuerdo en paritaria, trabajadores de Rentas analizan medidas - Diario Textual\",\"isPartOf\":{\"@id\":\"https:\\\/\\\/diariotextual.com\\\/inicio\\\/#website\"},\"primaryImageOfPage\":{\"@id\":\"https:\\\/\\\/diariotextual.com\\\/inicio\\\/index.php\\\/2023\\\/08\\\/01\\\/sin-acuerdo-en-paritaria-trabajadores-de-rentas-analizan-medidas\\\/#primaryimage\"},\"image\":{\"@id\":\"https:\\\/\\\/diariotextual.com\\\/inicio\\\/index.php\\\/2023\\\/08\\\/01\\\/sin-acuerdo-en-paritaria-trabajadores-de-rentas-analizan-medidas\\\/#primaryimage\"},\"thumbnailUrl\":\"https:\\\/\\\/diariotextual.com\\\/inicio\\\/wp-content\\\/uploads\\\/2022\\\/09\\\/casadegobierno2022-1-scaled.jpg\",\"datePublished\":\"2023-08-01T22:29:00+00:00\",\"dateModified\":\"2023-08-02T15:01:30+00:00\",\"breadcrumb\":{\"@id\":\"https:\\\/\\\/diariotextual.com\\\/inicio\\\/index.php\\\/2023\\\/08\\\/01\\\/sin-acuerdo-en-paritaria-trabajadores-de-rentas-analizan-medidas\\\/#breadcrumb\"},\"inLanguage\":\"es\",\"potentialAction\":[{\"@type\":\"ReadAction\",\"target\":[\"https:\\\/\\\/diariotextual.com\\\/inicio\\\/index.php\\\/2023\\\/08\\\/01\\\/sin-acuerdo-en-paritaria-trabajadores-de-rentas-analizan-medidas\\\/\"]}]},{\"@type\":\"ImageObject\",\"inLanguage\":\"es\",\"@id\":\"https:\\\/\\\/diariotextual.com\\\/inicio\\\/index.php\\\/2023\\\/08\\\/01\\\/sin-acuerdo-en-paritaria-trabajadores-de-rentas-analizan-medidas\\\/#primaryimage\",\"url\":\"https:\\\/\\\/diariotextual.com\\\/inicio\\\/wp-content\\\/uploads\\\/2022\\\/09\\\/casadegobierno2022-1-scaled.jpg\",\"contentUrl\":\"https:\\\/\\\/diariotextual.com\\\/inicio\\\/wp-content\\\/uploads\\\/2022\\\/09\\\/casadegobierno2022-1-scaled.jpg\",\"width\":2560,\"height\":1614},{\"@type\":\"BreadcrumbList\",\"@id\":\"https:\\\/\\\/diariotextual.com\\\/inicio\\\/index.php\\\/2023\\\/08\\\/01\\\/sin-acuerdo-en-paritaria-trabajadores-de-rentas-analizan-medidas\\\/#breadcrumb\",\"itemListElement\":[{\"@type\":\"ListItem\",\"position\":1,\"name\":\"Portada\",\"item\":\"https:\\\/\\\/diariotextual.com\\\/inicio\\\/\"},{\"@type\":\"ListItem\",\"position\":2,\"name\":\"Sin acuerdo en paritaria, trabajadores de Rentas analizan medidas\"}]},{\"@type\":\"WebSite\",\"@id\":\"https:\\\/\\\/diariotextual.com\\\/inicio\\\/#website\",\"url\":\"https:\\\/\\\/diariotextual.com\\\/inicio\\\/\",\"name\":\"Diario Textual\",\"description\":\"\",\"publisher\":{\"@id\":\"https:\\\/\\\/diariotextual.com\\\/inicio\\\/#organization\"},\"potentialAction\":[{\"@type\":\"SearchAction\",\"target\":{\"@type\":\"EntryPoint\",\"urlTemplate\":\"https:\\\/\\\/diariotextual.com\\\/inicio\\\/?s={search_term_string}\"},\"query-input\":{\"@type\":\"PropertyValueSpecification\",\"valueRequired\":true,\"valueName\":\"search_term_string\"}}],\"inLanguage\":\"es\"},{\"@type\":\"Organization\",\"@id\":\"https:\\\/\\\/diariotextual.com\\\/inicio\\\/#organization\",\"name\":\"Diario Textual\",\"url\":\"https:\\\/\\\/diariotextual.com\\\/inicio\\\/\",\"logo\":{\"@type\":\"ImageObject\",\"inLanguage\":\"es\",\"@id\":\"https:\\\/\\\/diariotextual.com\\\/inicio\\\/#\\\/schema\\\/logo\\\/image\\\/\",\"url\":\"https:\\\/\\\/diariotextual.com\\\/inicio\\\/wp-content\\\/uploads\\\/2023\\\/05\\\/logotextual1.jpg\",\"contentUrl\":\"https:\\\/\\\/diariotextual.com\\\/inicio\\\/wp-content\\\/uploads\\\/2023\\\/05\\\/logotextual1.jpg\",\"width\":516,\"height\":76,\"caption\":\"Diario Textual\"},\"image\":{\"@id\":\"https:\\\/\\\/diariotextual.com\\\/inicio\\\/#\\\/schema\\\/logo\\\/image\\\/\"},\"sameAs\":[\"https:\\\/\\\/www.facebook.com\\\/eltextual\",\"https:\\\/\\\/x.com\\\/eltextual\",\"http:\\\/\\\/www.instagram.com\\\/eltextual\"]},{\"@type\":\"Person\",\"@id\":\"https:\\\/\\\/diariotextual.com\\\/inicio\\\/#\\\/schema\\\/person\\\/a1b6f563e0ee944c60f98119389a4d9f\",\"name\":\"diario3\",\"image\":{\"@type\":\"ImageObject\",\"inLanguage\":\"es\",\"@id\":\"https:\\\/\\\/secure.gravatar.com\\\/avatar\\\/5e7ee62c82fc04d9dd79d746a390d93c69c43223e5faeeb3ea9461ef752bfc5d?s=96&d=mm&r=g\",\"url\":\"https:\\\/\\\/secure.gravatar.com\\\/avatar\\\/5e7ee62c82fc04d9dd79d746a390d93c69c43223e5faeeb3ea9461ef752bfc5d?s=96&d=mm&r=g\",\"contentUrl\":\"https:\\\/\\\/secure.gravatar.com\\\/avatar\\\/5e7ee62c82fc04d9dd79d746a390d93c69c43223e5faeeb3ea9461ef752bfc5d?s=96&d=mm&r=g\",\"caption\":\"diario3\"},\"url\":\"https:\\\/\\\/diariotextual.com\\\/inicio\\\/index.php\\\/author\\\/diario3\\\/\"}]}<\/script>\n<!-- \/ Yoast SEO plugin. -->","yoast_head_json":{"title":"Sin acuerdo en paritaria, trabajadores de Rentas analizan medidas - Diario Textual","robots":{"index":"index","follow":"follow","max-snippet":"max-snippet:-1","max-image-preview":"max-image-preview:large","max-video-preview":"max-video-preview:-1"},"canonical":"https:\/\/diariotextual.com\/inicio\/index.php\/2023\/08\/01\/sin-acuerdo-en-paritaria-trabajadores-de-rentas-analizan-medidas\/","og_locale":"es_ES","og_type":"article","og_title":"Sin acuerdo en paritaria, trabajadores de Rentas analizan medidas - Diario Textual","og_description":"El Consejo Directivo Provincial de ATE manifest\u00f3 su descontento con los representantes del Poder Ejecutivo Provincial, luego que ninguno de los ocho puntos planteados en la reuni\u00f3n paritaria de Rentas&hellip;","og_url":"https:\/\/diariotextual.com\/inicio\/index.php\/2023\/08\/01\/sin-acuerdo-en-paritaria-trabajadores-de-rentas-analizan-medidas\/","og_site_name":"Diario Textual","article_publisher":"https:\/\/www.facebook.com\/eltextual","article_published_time":"2023-08-01T22:29:00+00:00","article_modified_time":"2023-08-02T15:01:30+00:00","og_image":[{"width":2560,"height":1614,"url":"https:\/\/diariotextual.com\/inicio\/wp-content\/uploads\/2022\/09\/casadegobierno2022-1-scaled.jpg","type":"image\/jpeg"}],"author":"diario3","twitter_card":"summary_large_image","twitter_creator":"@eltextual","twitter_site":"@eltextual","twitter_misc":{"Escrito por":"diario3","Tiempo de lectura":"2 minutos"},"schema":{"@context":"https:\/\/schema.org","@graph":[{"@type":"Article","@id":"https:\/\/diariotextual.com\/inicio\/index.php\/2023\/08\/01\/sin-acuerdo-en-paritaria-trabajadores-de-rentas-analizan-medidas\/#article","isPartOf":{"@id":"https:\/\/diariotextual.com\/inicio\/index.php\/2023\/08\/01\/sin-acuerdo-en-paritaria-trabajadores-de-rentas-analizan-medidas\/"},"author":{"name":"diario3","@id":"https:\/\/diariotextual.com\/inicio\/#\/schema\/person\/a1b6f563e0ee944c60f98119389a4d9f"},"headline":"Sin acuerdo en paritaria, trabajadores de Rentas analizan medidas","datePublished":"2023-08-01T22:29:00+00:00","dateModified":"2023-08-02T15:01:30+00:00","mainEntityOfPage":{"@id":"https:\/\/diariotextual.com\/inicio\/index.php\/2023\/08\/01\/sin-acuerdo-en-paritaria-trabajadores-de-rentas-analizan-medidas\/"},"wordCount":391,"publisher":{"@id":"https:\/\/diariotextual.com\/inicio\/#organization"},"image":{"@id":"https:\/\/diariotextual.com\/inicio\/index.php\/2023\/08\/01\/sin-acuerdo-en-paritaria-trabajadores-de-rentas-analizan-medidas\/#primaryimage"},"thumbnailUrl":"https:\/\/diariotextual.com\/inicio\/wp-content\/uploads\/2022\/09\/casadegobierno2022-1-scaled.jpg","keywords":["ate","Paritaria","rentas"],"articleSection":["A - ES NOTICIA (van abajo)","A - QUE PASA (al costado)","SOCIEDAD"],"inLanguage":"es"},{"@type":"WebPage","@id":"https:\/\/diariotextual.com\/inicio\/index.php\/2023\/08\/01\/sin-acuerdo-en-paritaria-trabajadores-de-rentas-analizan-medidas\/","url":"https:\/\/diariotextual.com\/inicio\/index.php\/2023\/08\/01\/sin-acuerdo-en-paritaria-trabajadores-de-rentas-analizan-medidas\/","name":"Sin acuerdo en paritaria, trabajadores de Rentas analizan medidas - Diario Textual","isPartOf":{"@id":"https:\/\/diariotextual.com\/inicio\/#website"},"primaryImageOfPage":{"@id":"https:\/\/diariotextual.com\/inicio\/index.php\/2023\/08\/01\/sin-acuerdo-en-paritaria-trabajadores-de-rentas-analizan-medidas\/#primaryimage"},"image":{"@id":"https:\/\/diariotextual.com\/inicio\/index.php\/2023\/08\/01\/sin-acuerdo-en-paritaria-trabajadores-de-rentas-analizan-medidas\/#primaryimage"},"thumbnailUrl":"https:\/\/diariotextual.com\/inicio\/wp-content\/uploads\/2022\/09\/casadegobierno2022-1-scaled.jpg","datePublished":"2023-08-01T22:29:00+00:00","dateModified":"2023-08-02T15:01:30+00:00","breadcrumb":{"@id":"https:\/\/diariotextual.com\/inicio\/index.php\/2023\/08\/01\/sin-acuerdo-en-paritaria-trabajadores-de-rentas-analizan-medidas\/#breadcrumb"},"inLanguage":"es","potentialAction":[{"@type":"ReadAction","target":["https:\/\/diariotextual.com\/inicio\/index.php\/2023\/08\/01\/sin-acuerdo-en-paritaria-trabajadores-de-rentas-analizan-medidas\/"]}]},{"@type":"ImageObject","inLanguage":"es","@id":"https:\/\/diariotextual.com\/inicio\/index.php\/2023\/08\/01\/sin-acuerdo-en-paritaria-trabajadores-de-rentas-analizan-medidas\/#primaryimage","url":"https:\/\/diariotextual.com\/inicio\/wp-content\/uploads\/2022\/09\/casadegobierno2022-1-scaled.jpg","contentUrl":"https:\/\/diariotextual.com\/inicio\/wp-content\/uploads\/2022\/09\/casadegobierno2022-1-scaled.jpg","width":2560,"height":1614},{"@type":"BreadcrumbList","@id":"https:\/\/diariotextual.com\/inicio\/index.php\/2023\/08\/01\/sin-acuerdo-en-paritaria-trabajadores-de-rentas-analizan-medidas\/#breadcrumb","itemListElement":[{"@type":"ListItem","position":1,"name":"Portada","item":"https:\/\/diariotextual.com\/inicio\/"},{"@type":"ListItem","position":2,"name":"Sin acuerdo en paritaria, trabajadores de Rentas analizan medidas"}]},{"@type":"WebSite","@id":"https:\/\/diariotextual.com\/inicio\/#website","url":"https:\/\/diariotextual.com\/inicio\/","name":"Diario Textual","description":"","publisher":{"@id":"https:\/\/diariotextual.com\/inicio\/#organization"},"potentialAction":[{"@type":"SearchAction","target":{"@type":"EntryPoint","urlTemplate":"https:\/\/diariotextual.com\/inicio\/?s={search_term_string}"},"query-input":{"@type":"PropertyValueSpecification","valueRequired":true,"valueName":"search_term_string"}}],"inLanguage":"es"},{"@type":"Organization","@id":"https:\/\/diariotextual.com\/inicio\/#organization","name":"Diario Textual","url":"https:\/\/diariotextual.com\/inicio\/","logo":{"@type":"ImageObject","inLanguage":"es","@id":"https:\/\/diariotextual.com\/inicio\/#\/schema\/logo\/image\/","url":"https:\/\/diariotextual.com\/inicio\/wp-content\/uploads\/2023\/05\/logotextual1.jpg","contentUrl":"https:\/\/diariotextual.com\/inicio\/wp-content\/uploads\/2023\/05\/logotextual1.jpg","width":516,"height":76,"caption":"Diario Textual"},"image":{"@id":"https:\/\/diariotextual.com\/inicio\/#\/schema\/logo\/image\/"},"sameAs":["https:\/\/www.facebook.com\/eltextual","https:\/\/x.com\/eltextual","http:\/\/www.instagram.com\/eltextual"]},{"@type":"Person","@id":"https:\/\/diariotextual.com\/inicio\/#\/schema\/person\/a1b6f563e0ee944c60f98119389a4d9f","name":"diario3","image":{"@type":"ImageObject","inLanguage":"es","@id":"https:\/\/secure.gravatar.com\/avatar\/5e7ee62c82fc04d9dd79d746a390d93c69c43223e5faeeb3ea9461ef752bfc5d?s=96&d=mm&r=g","url":"https:\/\/secure.gravatar.com\/avatar\/5e7ee62c82fc04d9dd79d746a390d93c69c43223e5faeeb3ea9461ef752bfc5d?s=96&d=mm&r=g","contentUrl":"https:\/\/secure.gravatar.com\/avatar\/5e7ee62c82fc04d9dd79d746a390d93c69c43223e5faeeb3ea9461ef752bfc5d?s=96&d=mm&r=g","caption":"diario3"},"url":"https:\/\/diariotextual.com\/inicio\/index.php\/author\/diario3\/"}]}},"_links":{"self":[{"href":"https:\/\/diariotextual.com\/inicio\/index.php\/wp-json\/wp\/v2\/posts\/232626","targetHints":{"allow":["GET"]}}],"collection":[{"href":"https:\/\/diariotextual.com\/inicio\/index.php\/wp-json\/wp\/v2\/posts"}],"about":[{"href":"https:\/\/diariotextual.com\/inicio\/index.php\/wp-json\/wp\/v2\/types\/post"}],"author":[{"embeddable":true,"href":"https:\/\/diariotextual.com\/inicio\/index.php\/wp-json\/wp\/v2\/users\/5"}],"replies":[{"embeddable":true,"href":"https:\/\/diariotextual.com\/inicio\/index.php\/wp-json\/wp\/v2\/comments?post=232626"}],"version-history":[{"count":1,"href":"https:\/\/diariotextual.com\/inicio\/index.php\/wp-json\/wp\/v2\/posts\/232626\/revisions"}],"predecessor-version":[{"id":232630,"href":"https:\/\/diariotextual.com\/inicio\/index.php\/wp-json\/wp\/v2\/posts\/232626\/revisions\/232630"}],"wp:featuredmedia":[{"embeddable":true,"href":"https:\/\/diariotextual.com\/inicio\/index.php\/wp-json\/wp\/v2\/media\/201188"}],"wp:attachment":[{"href":"https:\/\/diariotextual.com\/inicio\/index.php\/wp-json\/wp\/v2\/media?parent=232626"}],"wp:term":[{"taxonomy":"category","embeddable":true,"href":"https:\/\/diariotextual.com\/inicio\/index.php\/wp-json\/wp\/v2\/categories?post=232626"},{"taxonomy":"post_tag","embeddable":true,"href":"https:\/\/diariotextual.com\/inicio\/index.php\/wp-json\/wp\/v2\/tags?post=232626"}],"curies":[{"name":"wp","href":"https:\/\/api.w.org\/{rel}","templated":true}]}}