{"id":232632,"date":"2023-08-01T19:43:30","date_gmt":"2023-08-01T22:43:30","guid":{"rendered":"https:\/\/diariotextual.com\/inicio\/?p=232632"},"modified":"2023-08-01T19:43:33","modified_gmt":"2023-08-01T22:43:33","slug":"despapelizacion-el-expediente-electronico-se-implementara-desde-el-mes-que-viene","status":"publish","type":"post","link":"https:\/\/diariotextual.com\/inicio\/index.php\/2023\/08\/01\/despapelizacion-el-expediente-electronico-se-implementara-desde-el-mes-que-viene\/","title":{"rendered":"Despapelizaci\u00f3n: el expediente electr\u00f3nico se implementar\u00e1 desde el mes que viene"},"content":{"rendered":"\n<p>El Ministerio de Conectividad y Modernizaci\u00f3n del Gobierno de La Pampa anunci\u00f3 que <strong>el 1\u00b0 de septiembre se comenzar\u00e1 a trabajar con el denominado M\u00f3dulo Expediente Electr\u00f3nico (EE) y que ser\u00e1 utilizado como medio de caratulaci\u00f3n, vinculaci\u00f3n de documentos, pases y consultas de expedientes <\/strong>electr\u00f3nicos en todos los \u00f3rganos de la Administraci\u00f3n P\u00fablica, organismos descentralizados y aut\u00e1rquicos pertenecientes al Poder Ejecutivo Provincial.<\/p>\n\n\n\n<p>\u201cTeniendo en cuenta el estado actual de implementaci\u00f3n del Sistema de Gesti\u00f3n Documental Electr\u00f3nica (GDE) y el resultado de la formaci\u00f3n y capacitaciones realizadas al personal, el Ministerio de Conectividad y Modernizaci\u00f3n comenzar\u00e1 con el despliegue del M\u00f3dulo Expediente Electr\u00f3nico (EE) tal lo establecido en el Decreto N\u00b0 1825\/23 y la resoluci\u00f3n RESOL-2023-103-E-GLP-MCM. Con la puesta en funcionamiento de este m\u00f3dulo, GDE permitir\u00e1 digitalizar un expediente desde el principio con su car\u00e1tula, hasta su conclusi\u00f3n\u201d, detall\u00f3 el organismo provincial.<\/p>\n\n\n\n<p>A partir del 1 de septiembre, el m\u00f3dulo Expediente Electr\u00f3nico (EE) del Sistema de GDE <strong>permitir\u00e1 a las y los agentes p\u00fablicos agilizar y simplificar los procedimientos administrativos<\/strong>, como as\u00ed tambi\u00e9n el abordaje integral y la interacci\u00f3n de los mismos en tiempos reales entre los organismos.<\/p>\n\n\n\n<p>Tal como lo indic\u00f3 el gobernador Sergio Ziliotto en la presentaci\u00f3n del Sistema de GDE, la instrumentaci\u00f3n de esta pol\u00edtica p\u00fablica <strong>\u201cpermitir\u00e1 avanzar en gobiernos abiertos, transparentes, disponibles, accesibles a cada ciudadano y ciudadana\u201d<\/strong>.<\/p>\n\n\n\n<p>Para acceder a la normativa que establece dicha implementaci\u00f3n, se podr\u00e1 ingresar a: <a href=\"https:\/\/gdelp.lapampa.gob.ar\/normativa-vigente.html\">https:\/\/gdelp.lapampa.gob.ar\/normativa-vigente.html<\/a><\/p>\n\n\n\n<p>La Subsecretar\u00eda de Modernizaci\u00f3n record\u00f3 las v\u00edas de comunicaci\u00f3n ante cualquier consulta sobre el Sistema:<\/p>\n\n\n\n<p>Correo electr\u00f3nico: <a href=\"mailto:consultasgde@lapampa.gob.ar\">consultasgde@lapampa.gob.ar<\/a><\/p>\n\n\n\n<p>Tel\u00e9fono: 02954-452600 internos: 6453-6454-6444-6443.<\/p>\n","protected":false},"excerpt":{"rendered":"<p>El Ministerio de Conectividad y Modernizaci\u00f3n del Gobierno de La Pampa anunci\u00f3 que el 1\u00b0 de septiembre se comenzar\u00e1 a trabajar con el denominado M\u00f3dulo Expediente Electr\u00f3nico (EE) y que&hellip;<\/p>\n","protected":false},"author":5,"featured_media":232636,"comment_status":"closed","ping_status":"open","sticky":false,"template":"","format":"standard","meta":{"_acf_changed":false,"footnotes":""},"categories":[1,12],"tags":[3314,7276],"class_list":["post-232632","post","type-post","status-publish","format-standard","has-post-thumbnail","hentry","category-es-noticia","category-sociedad","tag-expedientes","tag-modernizacion"],"acf":[],"yoast_head":"<!-- This site is optimized with the Yoast SEO plugin v27.5 - https:\/\/yoast.com\/product\/yoast-seo-wordpress\/ -->\n<title>Despapelizaci\u00f3n: el expediente electr\u00f3nico se implementar\u00e1 desde el mes que viene - Diario Textual<\/title>\n<meta name=\"robots\" content=\"index, follow, max-snippet:-1, max-image-preview:large, max-video-preview:-1\" \/>\n<link rel=\"canonical\" href=\"https:\/\/diariotextual.com\/inicio\/index.php\/2023\/08\/01\/despapelizacion-el-expediente-electronico-se-implementara-desde-el-mes-que-viene\/\" \/>\n<meta property=\"og:locale\" content=\"es_ES\" \/>\n<meta property=\"og:type\" content=\"article\" \/>\n<meta property=\"og:title\" content=\"Despapelizaci\u00f3n: el expediente electr\u00f3nico se implementar\u00e1 desde el mes que viene - Diario Textual\" \/>\n<meta property=\"og:description\" content=\"El Ministerio de Conectividad y Modernizaci\u00f3n del Gobierno de La Pampa anunci\u00f3 que el 1\u00b0 de septiembre se comenzar\u00e1 a trabajar con el denominado M\u00f3dulo Expediente Electr\u00f3nico (EE) y que&hellip;\" \/>\n<meta property=\"og:url\" content=\"https:\/\/diariotextual.com\/inicio\/index.php\/2023\/08\/01\/despapelizacion-el-expediente-electronico-se-implementara-desde-el-mes-que-viene\/\" \/>\n<meta property=\"og:site_name\" content=\"Diario Textual\" \/>\n<meta property=\"article:publisher\" content=\"https:\/\/www.facebook.com\/eltextual\" \/>\n<meta property=\"article:published_time\" content=\"2023-08-01T22:43:30+00:00\" \/>\n<meta property=\"article:modified_time\" content=\"2023-08-01T22:43:33+00:00\" \/>\n<meta property=\"og:image\" content=\"https:\/\/diariotextual.com\/inicio\/wp-content\/uploads\/2023\/08\/curciarellodigital.jpeg\" \/>\n\t<meta property=\"og:image:width\" content=\"937\" \/>\n\t<meta property=\"og:image:height\" content=\"542\" \/>\n\t<meta property=\"og:image:type\" content=\"image\/jpeg\" \/>\n<meta name=\"author\" content=\"diario3\" \/>\n<meta name=\"twitter:card\" content=\"summary_large_image\" \/>\n<meta name=\"twitter:creator\" content=\"@eltextual\" \/>\n<meta name=\"twitter:site\" content=\"@eltextual\" \/>\n<meta name=\"twitter:label1\" content=\"Escrito por\" \/>\n\t<meta name=\"twitter:data1\" content=\"diario3\" \/>\n\t<meta name=\"twitter:label2\" content=\"Tiempo de lectura\" \/>\n\t<meta name=\"twitter:data2\" content=\"2 minutos\" \/>\n<script type=\"application\/ld+json\" class=\"yoast-schema-graph\">{\"@context\":\"https:\\\/\\\/schema.org\",\"@graph\":[{\"@type\":\"Article\",\"@id\":\"https:\\\/\\\/diariotextual.com\\\/inicio\\\/index.php\\\/2023\\\/08\\\/01\\\/despapelizacion-el-expediente-electronico-se-implementara-desde-el-mes-que-viene\\\/#article\",\"isPartOf\":{\"@id\":\"https:\\\/\\\/diariotextual.com\\\/inicio\\\/index.php\\\/2023\\\/08\\\/01\\\/despapelizacion-el-expediente-electronico-se-implementara-desde-el-mes-que-viene\\\/\"},\"author\":{\"name\":\"diario3\",\"@id\":\"https:\\\/\\\/diariotextual.com\\\/inicio\\\/#\\\/schema\\\/person\\\/a1b6f563e0ee944c60f98119389a4d9f\"},\"headline\":\"Despapelizaci\u00f3n: el expediente electr\u00f3nico se implementar\u00e1 desde el mes que viene\",\"datePublished\":\"2023-08-01T22:43:30+00:00\",\"dateModified\":\"2023-08-01T22:43:33+00:00\",\"mainEntityOfPage\":{\"@id\":\"https:\\\/\\\/diariotextual.com\\\/inicio\\\/index.php\\\/2023\\\/08\\\/01\\\/despapelizacion-el-expediente-electronico-se-implementara-desde-el-mes-que-viene\\\/\"},\"wordCount\":316,\"publisher\":{\"@id\":\"https:\\\/\\\/diariotextual.com\\\/inicio\\\/#organization\"},\"image\":{\"@id\":\"https:\\\/\\\/diariotextual.com\\\/inicio\\\/index.php\\\/2023\\\/08\\\/01\\\/despapelizacion-el-expediente-electronico-se-implementara-desde-el-mes-que-viene\\\/#primaryimage\"},\"thumbnailUrl\":\"https:\\\/\\\/diariotextual.com\\\/inicio\\\/wp-content\\\/uploads\\\/2023\\\/08\\\/curciarellodigital.jpeg\",\"keywords\":[\"expedientes\",\"modernizacion\"],\"articleSection\":[\"A - ES NOTICIA (van abajo)\",\"SOCIEDAD\"],\"inLanguage\":\"es\"},{\"@type\":\"WebPage\",\"@id\":\"https:\\\/\\\/diariotextual.com\\\/inicio\\\/index.php\\\/2023\\\/08\\\/01\\\/despapelizacion-el-expediente-electronico-se-implementara-desde-el-mes-que-viene\\\/\",\"url\":\"https:\\\/\\\/diariotextual.com\\\/inicio\\\/index.php\\\/2023\\\/08\\\/01\\\/despapelizacion-el-expediente-electronico-se-implementara-desde-el-mes-que-viene\\\/\",\"name\":\"Despapelizaci\u00f3n: el expediente electr\u00f3nico se implementar\u00e1 desde el mes que viene - Diario Textual\",\"isPartOf\":{\"@id\":\"https:\\\/\\\/diariotextual.com\\\/inicio\\\/#website\"},\"primaryImageOfPage\":{\"@id\":\"https:\\\/\\\/diariotextual.com\\\/inicio\\\/index.php\\\/2023\\\/08\\\/01\\\/despapelizacion-el-expediente-electronico-se-implementara-desde-el-mes-que-viene\\\/#primaryimage\"},\"image\":{\"@id\":\"https:\\\/\\\/diariotextual.com\\\/inicio\\\/index.php\\\/2023\\\/08\\\/01\\\/despapelizacion-el-expediente-electronico-se-implementara-desde-el-mes-que-viene\\\/#primaryimage\"},\"thumbnailUrl\":\"https:\\\/\\\/diariotextual.com\\\/inicio\\\/wp-content\\\/uploads\\\/2023\\\/08\\\/curciarellodigital.jpeg\",\"datePublished\":\"2023-08-01T22:43:30+00:00\",\"dateModified\":\"2023-08-01T22:43:33+00:00\",\"breadcrumb\":{\"@id\":\"https:\\\/\\\/diariotextual.com\\\/inicio\\\/index.php\\\/2023\\\/08\\\/01\\\/despapelizacion-el-expediente-electronico-se-implementara-desde-el-mes-que-viene\\\/#breadcrumb\"},\"inLanguage\":\"es\",\"potentialAction\":[{\"@type\":\"ReadAction\",\"target\":[\"https:\\\/\\\/diariotextual.com\\\/inicio\\\/index.php\\\/2023\\\/08\\\/01\\\/despapelizacion-el-expediente-electronico-se-implementara-desde-el-mes-que-viene\\\/\"]}]},{\"@type\":\"ImageObject\",\"inLanguage\":\"es\",\"@id\":\"https:\\\/\\\/diariotextual.com\\\/inicio\\\/index.php\\\/2023\\\/08\\\/01\\\/despapelizacion-el-expediente-electronico-se-implementara-desde-el-mes-que-viene\\\/#primaryimage\",\"url\":\"https:\\\/\\\/diariotextual.com\\\/inicio\\\/wp-content\\\/uploads\\\/2023\\\/08\\\/curciarellodigital.jpeg\",\"contentUrl\":\"https:\\\/\\\/diariotextual.com\\\/inicio\\\/wp-content\\\/uploads\\\/2023\\\/08\\\/curciarellodigital.jpeg\",\"width\":937,\"height\":542},{\"@type\":\"BreadcrumbList\",\"@id\":\"https:\\\/\\\/diariotextual.com\\\/inicio\\\/index.php\\\/2023\\\/08\\\/01\\\/despapelizacion-el-expediente-electronico-se-implementara-desde-el-mes-que-viene\\\/#breadcrumb\",\"itemListElement\":[{\"@type\":\"ListItem\",\"position\":1,\"name\":\"Portada\",\"item\":\"https:\\\/\\\/diariotextual.com\\\/inicio\\\/\"},{\"@type\":\"ListItem\",\"position\":2,\"name\":\"Despapelizaci\u00f3n: el expediente electr\u00f3nico se implementar\u00e1 desde el mes que viene\"}]},{\"@type\":\"WebSite\",\"@id\":\"https:\\\/\\\/diariotextual.com\\\/inicio\\\/#website\",\"url\":\"https:\\\/\\\/diariotextual.com\\\/inicio\\\/\",\"name\":\"Diario Textual\",\"description\":\"\",\"publisher\":{\"@id\":\"https:\\\/\\\/diariotextual.com\\\/inicio\\\/#organization\"},\"potentialAction\":[{\"@type\":\"SearchAction\",\"target\":{\"@type\":\"EntryPoint\",\"urlTemplate\":\"https:\\\/\\\/diariotextual.com\\\/inicio\\\/?s={search_term_string}\"},\"query-input\":{\"@type\":\"PropertyValueSpecification\",\"valueRequired\":true,\"valueName\":\"search_term_string\"}}],\"inLanguage\":\"es\"},{\"@type\":\"Organization\",\"@id\":\"https:\\\/\\\/diariotextual.com\\\/inicio\\\/#organization\",\"name\":\"Diario Textual\",\"url\":\"https:\\\/\\\/diariotextual.com\\\/inicio\\\/\",\"logo\":{\"@type\":\"ImageObject\",\"inLanguage\":\"es\",\"@id\":\"https:\\\/\\\/diariotextual.com\\\/inicio\\\/#\\\/schema\\\/logo\\\/image\\\/\",\"url\":\"https:\\\/\\\/diariotextual.com\\\/inicio\\\/wp-content\\\/uploads\\\/2023\\\/05\\\/logotextual1.jpg\",\"contentUrl\":\"https:\\\/\\\/diariotextual.com\\\/inicio\\\/wp-content\\\/uploads\\\/2023\\\/05\\\/logotextual1.jpg\",\"width\":516,\"height\":76,\"caption\":\"Diario Textual\"},\"image\":{\"@id\":\"https:\\\/\\\/diariotextual.com\\\/inicio\\\/#\\\/schema\\\/logo\\\/image\\\/\"},\"sameAs\":[\"https:\\\/\\\/www.facebook.com\\\/eltextual\",\"https:\\\/\\\/x.com\\\/eltextual\",\"http:\\\/\\\/www.instagram.com\\\/eltextual\"]},{\"@type\":\"Person\",\"@id\":\"https:\\\/\\\/diariotextual.com\\\/inicio\\\/#\\\/schema\\\/person\\\/a1b6f563e0ee944c60f98119389a4d9f\",\"name\":\"diario3\",\"image\":{\"@type\":\"ImageObject\",\"inLanguage\":\"es\",\"@id\":\"https:\\\/\\\/secure.gravatar.com\\\/avatar\\\/5e7ee62c82fc04d9dd79d746a390d93c69c43223e5faeeb3ea9461ef752bfc5d?s=96&d=mm&r=g\",\"url\":\"https:\\\/\\\/secure.gravatar.com\\\/avatar\\\/5e7ee62c82fc04d9dd79d746a390d93c69c43223e5faeeb3ea9461ef752bfc5d?s=96&d=mm&r=g\",\"contentUrl\":\"https:\\\/\\\/secure.gravatar.com\\\/avatar\\\/5e7ee62c82fc04d9dd79d746a390d93c69c43223e5faeeb3ea9461ef752bfc5d?s=96&d=mm&r=g\",\"caption\":\"diario3\"},\"url\":\"https:\\\/\\\/diariotextual.com\\\/inicio\\\/index.php\\\/author\\\/diario3\\\/\"}]}<\/script>\n<!-- \/ Yoast SEO plugin. -->","yoast_head_json":{"title":"Despapelizaci\u00f3n: el expediente electr\u00f3nico se implementar\u00e1 desde el mes que viene - Diario Textual","robots":{"index":"index","follow":"follow","max-snippet":"max-snippet:-1","max-image-preview":"max-image-preview:large","max-video-preview":"max-video-preview:-1"},"canonical":"https:\/\/diariotextual.com\/inicio\/index.php\/2023\/08\/01\/despapelizacion-el-expediente-electronico-se-implementara-desde-el-mes-que-viene\/","og_locale":"es_ES","og_type":"article","og_title":"Despapelizaci\u00f3n: el expediente electr\u00f3nico se implementar\u00e1 desde el mes que viene - Diario Textual","og_description":"El Ministerio de Conectividad y Modernizaci\u00f3n del Gobierno de La Pampa anunci\u00f3 que el 1\u00b0 de septiembre se comenzar\u00e1 a trabajar con el denominado M\u00f3dulo Expediente Electr\u00f3nico (EE) y que&hellip;","og_url":"https:\/\/diariotextual.com\/inicio\/index.php\/2023\/08\/01\/despapelizacion-el-expediente-electronico-se-implementara-desde-el-mes-que-viene\/","og_site_name":"Diario Textual","article_publisher":"https:\/\/www.facebook.com\/eltextual","article_published_time":"2023-08-01T22:43:30+00:00","article_modified_time":"2023-08-01T22:43:33+00:00","og_image":[{"width":937,"height":542,"url":"https:\/\/diariotextual.com\/inicio\/wp-content\/uploads\/2023\/08\/curciarellodigital.jpeg","type":"image\/jpeg"}],"author":"diario3","twitter_card":"summary_large_image","twitter_creator":"@eltextual","twitter_site":"@eltextual","twitter_misc":{"Escrito por":"diario3","Tiempo de lectura":"2 minutos"},"schema":{"@context":"https:\/\/schema.org","@graph":[{"@type":"Article","@id":"https:\/\/diariotextual.com\/inicio\/index.php\/2023\/08\/01\/despapelizacion-el-expediente-electronico-se-implementara-desde-el-mes-que-viene\/#article","isPartOf":{"@id":"https:\/\/diariotextual.com\/inicio\/index.php\/2023\/08\/01\/despapelizacion-el-expediente-electronico-se-implementara-desde-el-mes-que-viene\/"},"author":{"name":"diario3","@id":"https:\/\/diariotextual.com\/inicio\/#\/schema\/person\/a1b6f563e0ee944c60f98119389a4d9f"},"headline":"Despapelizaci\u00f3n: el expediente electr\u00f3nico se implementar\u00e1 desde el mes que viene","datePublished":"2023-08-01T22:43:30+00:00","dateModified":"2023-08-01T22:43:33+00:00","mainEntityOfPage":{"@id":"https:\/\/diariotextual.com\/inicio\/index.php\/2023\/08\/01\/despapelizacion-el-expediente-electronico-se-implementara-desde-el-mes-que-viene\/"},"wordCount":316,"publisher":{"@id":"https:\/\/diariotextual.com\/inicio\/#organization"},"image":{"@id":"https:\/\/diariotextual.com\/inicio\/index.php\/2023\/08\/01\/despapelizacion-el-expediente-electronico-se-implementara-desde-el-mes-que-viene\/#primaryimage"},"thumbnailUrl":"https:\/\/diariotextual.com\/inicio\/wp-content\/uploads\/2023\/08\/curciarellodigital.jpeg","keywords":["expedientes","modernizacion"],"articleSection":["A - ES NOTICIA (van abajo)","SOCIEDAD"],"inLanguage":"es"},{"@type":"WebPage","@id":"https:\/\/diariotextual.com\/inicio\/index.php\/2023\/08\/01\/despapelizacion-el-expediente-electronico-se-implementara-desde-el-mes-que-viene\/","url":"https:\/\/diariotextual.com\/inicio\/index.php\/2023\/08\/01\/despapelizacion-el-expediente-electronico-se-implementara-desde-el-mes-que-viene\/","name":"Despapelizaci\u00f3n: el expediente electr\u00f3nico se implementar\u00e1 desde el mes que viene - Diario Textual","isPartOf":{"@id":"https:\/\/diariotextual.com\/inicio\/#website"},"primaryImageOfPage":{"@id":"https:\/\/diariotextual.com\/inicio\/index.php\/2023\/08\/01\/despapelizacion-el-expediente-electronico-se-implementara-desde-el-mes-que-viene\/#primaryimage"},"image":{"@id":"https:\/\/diariotextual.com\/inicio\/index.php\/2023\/08\/01\/despapelizacion-el-expediente-electronico-se-implementara-desde-el-mes-que-viene\/#primaryimage"},"thumbnailUrl":"https:\/\/diariotextual.com\/inicio\/wp-content\/uploads\/2023\/08\/curciarellodigital.jpeg","datePublished":"2023-08-01T22:43:30+00:00","dateModified":"2023-08-01T22:43:33+00:00","breadcrumb":{"@id":"https:\/\/diariotextual.com\/inicio\/index.php\/2023\/08\/01\/despapelizacion-el-expediente-electronico-se-implementara-desde-el-mes-que-viene\/#breadcrumb"},"inLanguage":"es","potentialAction":[{"@type":"ReadAction","target":["https:\/\/diariotextual.com\/inicio\/index.php\/2023\/08\/01\/despapelizacion-el-expediente-electronico-se-implementara-desde-el-mes-que-viene\/"]}]},{"@type":"ImageObject","inLanguage":"es","@id":"https:\/\/diariotextual.com\/inicio\/index.php\/2023\/08\/01\/despapelizacion-el-expediente-electronico-se-implementara-desde-el-mes-que-viene\/#primaryimage","url":"https:\/\/diariotextual.com\/inicio\/wp-content\/uploads\/2023\/08\/curciarellodigital.jpeg","contentUrl":"https:\/\/diariotextual.com\/inicio\/wp-content\/uploads\/2023\/08\/curciarellodigital.jpeg","width":937,"height":542},{"@type":"BreadcrumbList","@id":"https:\/\/diariotextual.com\/inicio\/index.php\/2023\/08\/01\/despapelizacion-el-expediente-electronico-se-implementara-desde-el-mes-que-viene\/#breadcrumb","itemListElement":[{"@type":"ListItem","position":1,"name":"Portada","item":"https:\/\/diariotextual.com\/inicio\/"},{"@type":"ListItem","position":2,"name":"Despapelizaci\u00f3n: el expediente electr\u00f3nico se implementar\u00e1 desde el mes que viene"}]},{"@type":"WebSite","@id":"https:\/\/diariotextual.com\/inicio\/#website","url":"https:\/\/diariotextual.com\/inicio\/","name":"Diario Textual","description":"","publisher":{"@id":"https:\/\/diariotextual.com\/inicio\/#organization"},"potentialAction":[{"@type":"SearchAction","target":{"@type":"EntryPoint","urlTemplate":"https:\/\/diariotextual.com\/inicio\/?s={search_term_string}"},"query-input":{"@type":"PropertyValueSpecification","valueRequired":true,"valueName":"search_term_string"}}],"inLanguage":"es"},{"@type":"Organization","@id":"https:\/\/diariotextual.com\/inicio\/#organization","name":"Diario Textual","url":"https:\/\/diariotextual.com\/inicio\/","logo":{"@type":"ImageObject","inLanguage":"es","@id":"https:\/\/diariotextual.com\/inicio\/#\/schema\/logo\/image\/","url":"https:\/\/diariotextual.com\/inicio\/wp-content\/uploads\/2023\/05\/logotextual1.jpg","contentUrl":"https:\/\/diariotextual.com\/inicio\/wp-content\/uploads\/2023\/05\/logotextual1.jpg","width":516,"height":76,"caption":"Diario Textual"},"image":{"@id":"https:\/\/diariotextual.com\/inicio\/#\/schema\/logo\/image\/"},"sameAs":["https:\/\/www.facebook.com\/eltextual","https:\/\/x.com\/eltextual","http:\/\/www.instagram.com\/eltextual"]},{"@type":"Person","@id":"https:\/\/diariotextual.com\/inicio\/#\/schema\/person\/a1b6f563e0ee944c60f98119389a4d9f","name":"diario3","image":{"@type":"ImageObject","inLanguage":"es","@id":"https:\/\/secure.gravatar.com\/avatar\/5e7ee62c82fc04d9dd79d746a390d93c69c43223e5faeeb3ea9461ef752bfc5d?s=96&d=mm&r=g","url":"https:\/\/secure.gravatar.com\/avatar\/5e7ee62c82fc04d9dd79d746a390d93c69c43223e5faeeb3ea9461ef752bfc5d?s=96&d=mm&r=g","contentUrl":"https:\/\/secure.gravatar.com\/avatar\/5e7ee62c82fc04d9dd79d746a390d93c69c43223e5faeeb3ea9461ef752bfc5d?s=96&d=mm&r=g","caption":"diario3"},"url":"https:\/\/diariotextual.com\/inicio\/index.php\/author\/diario3\/"}]}},"_links":{"self":[{"href":"https:\/\/diariotextual.com\/inicio\/index.php\/wp-json\/wp\/v2\/posts\/232632","targetHints":{"allow":["GET"]}}],"collection":[{"href":"https:\/\/diariotextual.com\/inicio\/index.php\/wp-json\/wp\/v2\/posts"}],"about":[{"href":"https:\/\/diariotextual.com\/inicio\/index.php\/wp-json\/wp\/v2\/types\/post"}],"author":[{"embeddable":true,"href":"https:\/\/diariotextual.com\/inicio\/index.php\/wp-json\/wp\/v2\/users\/5"}],"replies":[{"embeddable":true,"href":"https:\/\/diariotextual.com\/inicio\/index.php\/wp-json\/wp\/v2\/comments?post=232632"}],"version-history":[{"count":1,"href":"https:\/\/diariotextual.com\/inicio\/index.php\/wp-json\/wp\/v2\/posts\/232632\/revisions"}],"predecessor-version":[{"id":232637,"href":"https:\/\/diariotextual.com\/inicio\/index.php\/wp-json\/wp\/v2\/posts\/232632\/revisions\/232637"}],"wp:featuredmedia":[{"embeddable":true,"href":"https:\/\/diariotextual.com\/inicio\/index.php\/wp-json\/wp\/v2\/media\/232636"}],"wp:attachment":[{"href":"https:\/\/diariotextual.com\/inicio\/index.php\/wp-json\/wp\/v2\/media?parent=232632"}],"wp:term":[{"taxonomy":"category","embeddable":true,"href":"https:\/\/diariotextual.com\/inicio\/index.php\/wp-json\/wp\/v2\/categories?post=232632"},{"taxonomy":"post_tag","embeddable":true,"href":"https:\/\/diariotextual.com\/inicio\/index.php\/wp-json\/wp\/v2\/tags?post=232632"}],"curies":[{"name":"wp","href":"https:\/\/api.w.org\/{rel}","templated":true}]}}