{"id":232641,"date":"2023-08-01T20:07:47","date_gmt":"2023-08-01T23:07:47","guid":{"rendered":"https:\/\/diariotextual.com\/inicio\/?p=232641"},"modified":"2023-08-01T20:07:51","modified_gmt":"2023-08-01T23:07:51","slug":"ciencias-naturales-y-exactas-dos-carreras-reconocidas-por-la-coneau","status":"publish","type":"post","link":"https:\/\/diariotextual.com\/inicio\/index.php\/2023\/08\/01\/ciencias-naturales-y-exactas-dos-carreras-reconocidas-por-la-coneau\/","title":{"rendered":"Ciencias Naturales y Exactas: dos carreras reconocidas por la CONEAU"},"content":{"rendered":"\n<p>Por primera vez en su historia, la Facultad de Ciencias Exactas y Naturales de la UNLPam que dos de sus carreras de grado, Licenciatura en Geolog\u00eda y Licenciatura en Qu\u00edmica, lograron el m\u00e1ximo reconocimiento de la Comisi\u00f3n Nacional de Evaluaci\u00f3n y Acreditaci\u00f3n Universitaria (CONEAU).<\/p>\n\n\n\n<p>\u201cEs un logro muy significativo y gratificante para la instituci\u00f3n\u201d, dijo la decana de la FCyN, Nora Ferreyra, al informar al Consejo Directivo de la importante novedad conocida la semana pasada.<\/p>\n\n\n\n<p>En el caso de Geolog\u00eda, logr\u00f3 adem\u00e1s, la aprobaci\u00f3n, tambi\u00e9n por seis a\u00f1os, en un programa de evaluaci\u00f3n acad\u00e9mica de alcance internacional.<\/p>\n\n\n\n<p>En ambas carreras, la Facultad logr\u00f3 acreditaci\u00f3n por un per\u00edodo de seis a\u00f1os, el m\u00e1ximo plazo posible. Todas las acreditaciones anteriores, tanto en estas carreras como en las otras acreditadas que se dictan en Exactas y Naturales, fueron por un lapso menor.<\/p>\n\n\n\n<p>Entre los aspectos de las resoluciones se\u00f1alados como m\u00e1s relevantes por ambas comisiones evaluadoras, se destacan:<\/p>\n\n\n\n<p>\u201c-La carrera presenta una estructura de gesti\u00f3n que garantiza la direcci\u00f3n y\/o coordinaci\u00f3n de sus actividades y las relaciones con otras unidades de la universidad.<\/p>\n\n\n\n<p>-Se observa un equilibrio entre la formaci\u00f3n acad\u00e9mica de posgrado, las dedicaciones docentes y la participaci\u00f3n en investigaci\u00f3n y extensi\u00f3n.<\/p>\n\n\n\n<p>-En cuanto a la inserci\u00f3n laboral, de acuerdo a un relevamiento realizado en marzo de 2022, m\u00e1s del 90% de las personas graduadas, se encuentra trabajando en actividades laborales en concordancia con las caracter\u00edsticas de la titulaci\u00f3n\u201d.<\/p>\n\n\n\n<p>Con respecto a la Licenciatura en Geolog\u00eda, adem\u00e1s de la presentaci\u00f3n ante CONEAU, la Facultad hizo una presentaci\u00f3n voluntaria a la convocatoria en el marco del Sistema de Acreditaci\u00f3n Regional de Carreras de Grado (ARCU-SUR) del Sector Educativo del MERCOSUR. En este caso, los evaluadores consideraron que la carrera cumple con todas las exigencias contempladas en las diferentes dimensiones y sus respectivos componentes de este sistema, obteniendo tambi\u00e9n la acreditaci\u00f3n por un per\u00edodo de seis a\u00f1os.<\/p>\n\n\n\n<p>Este proceso de evaluaci\u00f3n, iniciado a fines de 2021, requiri\u00f3 trabajo y compromiso de toda la comunidad universitaria, especialmente docentes, nodocentes, estudiantes y graduadas\/os de nuestra Facultad. \u201cLuego de varios per\u00edodos de acreditaciones por tres a\u00f1os, es un logro muy significativo y gratificante para la instituci\u00f3n obtener estos resultados para ambas carreras de grado\u201d, destac\u00f3 la decana Ferreyra.<\/p>\n\n\n\n<p>La Facultad de Ciencias Exactas y Naturales llegar\u00e1 el a\u00f1o pr\u00f3ximo a sus 50 a\u00f1os de vida. Desde aquel peque\u00f1o pu\u00f1ado de carreras que marc\u00f3 sus inicios, la Facultad posee en la actualidad una oferta acad\u00e9mica que incluye cerca de una veintena de carreras universitarias, entre carreras de pregrado, grado y posgrado.<\/p>\n\n\n\n<p>Sus carreras de pregrado son la Tecnicatura en Inform\u00e1tica de Gesti\u00f3n y la Tecnicatura en Hidrocarburos (esta se dicta en 25 de Mayo).<\/p>\n\n\n\n<p>Las carreras de grado conforman un grupo integrado por licenciaturas, profesorados y una Ingenier\u00eda. Ellas son las Licenciaturas en F\u00edsica, Qu\u00edmica, Ciencias Biol\u00f3gicas, Matem\u00e1tica y Geolog\u00eda; los Profesorados en F\u00edsica, Qu\u00edmica, Matem\u00e1tica, Biolog\u00eda y Computaci\u00f3n, y la Ingenier\u00eda en Recursos Naturales y Medio Ambiente.<\/p>\n\n\n\n<p>La oferta de posgrados est\u00e1 constituida por las Maestr\u00edas en Recursos H\u00eddricos, en Matem\u00e1tica y en Ense\u00f1anza en Escenarios Digitales, y los Doctorados en Biociencias y en Ciencias Ambientales.<\/p>\n","protected":false},"excerpt":{"rendered":"<p>Por primera vez en su historia, la Facultad de Ciencias Exactas y Naturales de la UNLPam que dos de sus carreras de grado, Licenciatura en Geolog\u00eda y Licenciatura en Qu\u00edmica,&hellip;<\/p>\n","protected":false},"author":5,"featured_media":232642,"comment_status":"closed","ping_status":"open","sticky":false,"template":"","format":"standard","meta":{"_acf_changed":false,"footnotes":""},"categories":[1,12],"tags":[6560,23],"class_list":["post-232641","post","type-post","status-publish","format-standard","has-post-thumbnail","hentry","category-es-noticia","category-sociedad","tag-facultad-de-ciencias-exactas-y-naturales","tag-unlpam"],"acf":[],"yoast_head":"<!-- This site is optimized with the Yoast SEO plugin v27.5 - https:\/\/yoast.com\/product\/yoast-seo-wordpress\/ -->\n<title>Ciencias Naturales y Exactas: dos carreras reconocidas por la CONEAU - Diario Textual<\/title>\n<meta name=\"robots\" content=\"index, follow, max-snippet:-1, max-image-preview:large, max-video-preview:-1\" \/>\n<link rel=\"canonical\" href=\"https:\/\/diariotextual.com\/inicio\/index.php\/2023\/08\/01\/ciencias-naturales-y-exactas-dos-carreras-reconocidas-por-la-coneau\/\" \/>\n<meta property=\"og:locale\" content=\"es_ES\" \/>\n<meta property=\"og:type\" content=\"article\" \/>\n<meta property=\"og:title\" content=\"Ciencias Naturales y Exactas: dos carreras reconocidas por la CONEAU - Diario Textual\" \/>\n<meta property=\"og:description\" content=\"Por primera vez en su historia, la Facultad de Ciencias Exactas y Naturales de la UNLPam que dos de sus carreras de grado, Licenciatura en Geolog\u00eda y Licenciatura en Qu\u00edmica,&hellip;\" \/>\n<meta property=\"og:url\" content=\"https:\/\/diariotextual.com\/inicio\/index.php\/2023\/08\/01\/ciencias-naturales-y-exactas-dos-carreras-reconocidas-por-la-coneau\/\" \/>\n<meta property=\"og:site_name\" content=\"Diario Textual\" \/>\n<meta property=\"article:publisher\" content=\"https:\/\/www.facebook.com\/eltextual\" \/>\n<meta property=\"article:published_time\" content=\"2023-08-01T23:07:47+00:00\" \/>\n<meta property=\"article:modified_time\" content=\"2023-08-01T23:07:51+00:00\" \/>\n<meta property=\"og:image\" content=\"https:\/\/diariotextual.com\/inicio\/wp-content\/uploads\/2023\/08\/ferrreyranoraunlpam.jpeg\" \/>\n\t<meta property=\"og:image:width\" content=\"900\" \/>\n\t<meta property=\"og:image:height\" content=\"512\" \/>\n\t<meta property=\"og:image:type\" content=\"image\/jpeg\" \/>\n<meta name=\"author\" content=\"diario3\" \/>\n<meta name=\"twitter:card\" content=\"summary_large_image\" \/>\n<meta name=\"twitter:creator\" content=\"@eltextual\" \/>\n<meta name=\"twitter:site\" content=\"@eltextual\" \/>\n<meta name=\"twitter:label1\" content=\"Escrito por\" \/>\n\t<meta name=\"twitter:data1\" content=\"diario3\" \/>\n\t<meta name=\"twitter:label2\" content=\"Tiempo de lectura\" \/>\n\t<meta name=\"twitter:data2\" content=\"3 minutos\" \/>\n<script type=\"application\/ld+json\" class=\"yoast-schema-graph\">{\"@context\":\"https:\\\/\\\/schema.org\",\"@graph\":[{\"@type\":\"Article\",\"@id\":\"https:\\\/\\\/diariotextual.com\\\/inicio\\\/index.php\\\/2023\\\/08\\\/01\\\/ciencias-naturales-y-exactas-dos-carreras-reconocidas-por-la-coneau\\\/#article\",\"isPartOf\":{\"@id\":\"https:\\\/\\\/diariotextual.com\\\/inicio\\\/index.php\\\/2023\\\/08\\\/01\\\/ciencias-naturales-y-exactas-dos-carreras-reconocidas-por-la-coneau\\\/\"},\"author\":{\"name\":\"diario3\",\"@id\":\"https:\\\/\\\/diariotextual.com\\\/inicio\\\/#\\\/schema\\\/person\\\/a1b6f563e0ee944c60f98119389a4d9f\"},\"headline\":\"Ciencias Naturales y Exactas: dos carreras reconocidas por la CONEAU\",\"datePublished\":\"2023-08-01T23:07:47+00:00\",\"dateModified\":\"2023-08-01T23:07:51+00:00\",\"mainEntityOfPage\":{\"@id\":\"https:\\\/\\\/diariotextual.com\\\/inicio\\\/index.php\\\/2023\\\/08\\\/01\\\/ciencias-naturales-y-exactas-dos-carreras-reconocidas-por-la-coneau\\\/\"},\"wordCount\":595,\"publisher\":{\"@id\":\"https:\\\/\\\/diariotextual.com\\\/inicio\\\/#organization\"},\"image\":{\"@id\":\"https:\\\/\\\/diariotextual.com\\\/inicio\\\/index.php\\\/2023\\\/08\\\/01\\\/ciencias-naturales-y-exactas-dos-carreras-reconocidas-por-la-coneau\\\/#primaryimage\"},\"thumbnailUrl\":\"https:\\\/\\\/diariotextual.com\\\/inicio\\\/wp-content\\\/uploads\\\/2023\\\/08\\\/ferrreyranoraunlpam.jpeg\",\"keywords\":[\"facultad de ciencias exactas y naturales\",\"unlpam\"],\"articleSection\":[\"A - ES NOTICIA (van abajo)\",\"SOCIEDAD\"],\"inLanguage\":\"es\"},{\"@type\":\"WebPage\",\"@id\":\"https:\\\/\\\/diariotextual.com\\\/inicio\\\/index.php\\\/2023\\\/08\\\/01\\\/ciencias-naturales-y-exactas-dos-carreras-reconocidas-por-la-coneau\\\/\",\"url\":\"https:\\\/\\\/diariotextual.com\\\/inicio\\\/index.php\\\/2023\\\/08\\\/01\\\/ciencias-naturales-y-exactas-dos-carreras-reconocidas-por-la-coneau\\\/\",\"name\":\"Ciencias Naturales y Exactas: dos carreras reconocidas por la CONEAU - Diario Textual\",\"isPartOf\":{\"@id\":\"https:\\\/\\\/diariotextual.com\\\/inicio\\\/#website\"},\"primaryImageOfPage\":{\"@id\":\"https:\\\/\\\/diariotextual.com\\\/inicio\\\/index.php\\\/2023\\\/08\\\/01\\\/ciencias-naturales-y-exactas-dos-carreras-reconocidas-por-la-coneau\\\/#primaryimage\"},\"image\":{\"@id\":\"https:\\\/\\\/diariotextual.com\\\/inicio\\\/index.php\\\/2023\\\/08\\\/01\\\/ciencias-naturales-y-exactas-dos-carreras-reconocidas-por-la-coneau\\\/#primaryimage\"},\"thumbnailUrl\":\"https:\\\/\\\/diariotextual.com\\\/inicio\\\/wp-content\\\/uploads\\\/2023\\\/08\\\/ferrreyranoraunlpam.jpeg\",\"datePublished\":\"2023-08-01T23:07:47+00:00\",\"dateModified\":\"2023-08-01T23:07:51+00:00\",\"breadcrumb\":{\"@id\":\"https:\\\/\\\/diariotextual.com\\\/inicio\\\/index.php\\\/2023\\\/08\\\/01\\\/ciencias-naturales-y-exactas-dos-carreras-reconocidas-por-la-coneau\\\/#breadcrumb\"},\"inLanguage\":\"es\",\"potentialAction\":[{\"@type\":\"ReadAction\",\"target\":[\"https:\\\/\\\/diariotextual.com\\\/inicio\\\/index.php\\\/2023\\\/08\\\/01\\\/ciencias-naturales-y-exactas-dos-carreras-reconocidas-por-la-coneau\\\/\"]}]},{\"@type\":\"ImageObject\",\"inLanguage\":\"es\",\"@id\":\"https:\\\/\\\/diariotextual.com\\\/inicio\\\/index.php\\\/2023\\\/08\\\/01\\\/ciencias-naturales-y-exactas-dos-carreras-reconocidas-por-la-coneau\\\/#primaryimage\",\"url\":\"https:\\\/\\\/diariotextual.com\\\/inicio\\\/wp-content\\\/uploads\\\/2023\\\/08\\\/ferrreyranoraunlpam.jpeg\",\"contentUrl\":\"https:\\\/\\\/diariotextual.com\\\/inicio\\\/wp-content\\\/uploads\\\/2023\\\/08\\\/ferrreyranoraunlpam.jpeg\",\"width\":900,\"height\":512},{\"@type\":\"BreadcrumbList\",\"@id\":\"https:\\\/\\\/diariotextual.com\\\/inicio\\\/index.php\\\/2023\\\/08\\\/01\\\/ciencias-naturales-y-exactas-dos-carreras-reconocidas-por-la-coneau\\\/#breadcrumb\",\"itemListElement\":[{\"@type\":\"ListItem\",\"position\":1,\"name\":\"Portada\",\"item\":\"https:\\\/\\\/diariotextual.com\\\/inicio\\\/\"},{\"@type\":\"ListItem\",\"position\":2,\"name\":\"Ciencias Naturales y Exactas: dos carreras reconocidas por la CONEAU\"}]},{\"@type\":\"WebSite\",\"@id\":\"https:\\\/\\\/diariotextual.com\\\/inicio\\\/#website\",\"url\":\"https:\\\/\\\/diariotextual.com\\\/inicio\\\/\",\"name\":\"Diario Textual\",\"description\":\"\",\"publisher\":{\"@id\":\"https:\\\/\\\/diariotextual.com\\\/inicio\\\/#organization\"},\"potentialAction\":[{\"@type\":\"SearchAction\",\"target\":{\"@type\":\"EntryPoint\",\"urlTemplate\":\"https:\\\/\\\/diariotextual.com\\\/inicio\\\/?s={search_term_string}\"},\"query-input\":{\"@type\":\"PropertyValueSpecification\",\"valueRequired\":true,\"valueName\":\"search_term_string\"}}],\"inLanguage\":\"es\"},{\"@type\":\"Organization\",\"@id\":\"https:\\\/\\\/diariotextual.com\\\/inicio\\\/#organization\",\"name\":\"Diario Textual\",\"url\":\"https:\\\/\\\/diariotextual.com\\\/inicio\\\/\",\"logo\":{\"@type\":\"ImageObject\",\"inLanguage\":\"es\",\"@id\":\"https:\\\/\\\/diariotextual.com\\\/inicio\\\/#\\\/schema\\\/logo\\\/image\\\/\",\"url\":\"https:\\\/\\\/diariotextual.com\\\/inicio\\\/wp-content\\\/uploads\\\/2023\\\/05\\\/logotextual1.jpg\",\"contentUrl\":\"https:\\\/\\\/diariotextual.com\\\/inicio\\\/wp-content\\\/uploads\\\/2023\\\/05\\\/logotextual1.jpg\",\"width\":516,\"height\":76,\"caption\":\"Diario Textual\"},\"image\":{\"@id\":\"https:\\\/\\\/diariotextual.com\\\/inicio\\\/#\\\/schema\\\/logo\\\/image\\\/\"},\"sameAs\":[\"https:\\\/\\\/www.facebook.com\\\/eltextual\",\"https:\\\/\\\/x.com\\\/eltextual\",\"http:\\\/\\\/www.instagram.com\\\/eltextual\"]},{\"@type\":\"Person\",\"@id\":\"https:\\\/\\\/diariotextual.com\\\/inicio\\\/#\\\/schema\\\/person\\\/a1b6f563e0ee944c60f98119389a4d9f\",\"name\":\"diario3\",\"image\":{\"@type\":\"ImageObject\",\"inLanguage\":\"es\",\"@id\":\"https:\\\/\\\/secure.gravatar.com\\\/avatar\\\/5e7ee62c82fc04d9dd79d746a390d93c69c43223e5faeeb3ea9461ef752bfc5d?s=96&d=mm&r=g\",\"url\":\"https:\\\/\\\/secure.gravatar.com\\\/avatar\\\/5e7ee62c82fc04d9dd79d746a390d93c69c43223e5faeeb3ea9461ef752bfc5d?s=96&d=mm&r=g\",\"contentUrl\":\"https:\\\/\\\/secure.gravatar.com\\\/avatar\\\/5e7ee62c82fc04d9dd79d746a390d93c69c43223e5faeeb3ea9461ef752bfc5d?s=96&d=mm&r=g\",\"caption\":\"diario3\"},\"url\":\"https:\\\/\\\/diariotextual.com\\\/inicio\\\/index.php\\\/author\\\/diario3\\\/\"}]}<\/script>\n<!-- \/ Yoast SEO plugin. -->","yoast_head_json":{"title":"Ciencias Naturales y Exactas: dos carreras reconocidas por la CONEAU - Diario Textual","robots":{"index":"index","follow":"follow","max-snippet":"max-snippet:-1","max-image-preview":"max-image-preview:large","max-video-preview":"max-video-preview:-1"},"canonical":"https:\/\/diariotextual.com\/inicio\/index.php\/2023\/08\/01\/ciencias-naturales-y-exactas-dos-carreras-reconocidas-por-la-coneau\/","og_locale":"es_ES","og_type":"article","og_title":"Ciencias Naturales y Exactas: dos carreras reconocidas por la CONEAU - Diario Textual","og_description":"Por primera vez en su historia, la Facultad de Ciencias Exactas y Naturales de la UNLPam que dos de sus carreras de grado, Licenciatura en Geolog\u00eda y Licenciatura en Qu\u00edmica,&hellip;","og_url":"https:\/\/diariotextual.com\/inicio\/index.php\/2023\/08\/01\/ciencias-naturales-y-exactas-dos-carreras-reconocidas-por-la-coneau\/","og_site_name":"Diario Textual","article_publisher":"https:\/\/www.facebook.com\/eltextual","article_published_time":"2023-08-01T23:07:47+00:00","article_modified_time":"2023-08-01T23:07:51+00:00","og_image":[{"width":900,"height":512,"url":"https:\/\/diariotextual.com\/inicio\/wp-content\/uploads\/2023\/08\/ferrreyranoraunlpam.jpeg","type":"image\/jpeg"}],"author":"diario3","twitter_card":"summary_large_image","twitter_creator":"@eltextual","twitter_site":"@eltextual","twitter_misc":{"Escrito por":"diario3","Tiempo de lectura":"3 minutos"},"schema":{"@context":"https:\/\/schema.org","@graph":[{"@type":"Article","@id":"https:\/\/diariotextual.com\/inicio\/index.php\/2023\/08\/01\/ciencias-naturales-y-exactas-dos-carreras-reconocidas-por-la-coneau\/#article","isPartOf":{"@id":"https:\/\/diariotextual.com\/inicio\/index.php\/2023\/08\/01\/ciencias-naturales-y-exactas-dos-carreras-reconocidas-por-la-coneau\/"},"author":{"name":"diario3","@id":"https:\/\/diariotextual.com\/inicio\/#\/schema\/person\/a1b6f563e0ee944c60f98119389a4d9f"},"headline":"Ciencias Naturales y Exactas: dos carreras reconocidas por la CONEAU","datePublished":"2023-08-01T23:07:47+00:00","dateModified":"2023-08-01T23:07:51+00:00","mainEntityOfPage":{"@id":"https:\/\/diariotextual.com\/inicio\/index.php\/2023\/08\/01\/ciencias-naturales-y-exactas-dos-carreras-reconocidas-por-la-coneau\/"},"wordCount":595,"publisher":{"@id":"https:\/\/diariotextual.com\/inicio\/#organization"},"image":{"@id":"https:\/\/diariotextual.com\/inicio\/index.php\/2023\/08\/01\/ciencias-naturales-y-exactas-dos-carreras-reconocidas-por-la-coneau\/#primaryimage"},"thumbnailUrl":"https:\/\/diariotextual.com\/inicio\/wp-content\/uploads\/2023\/08\/ferrreyranoraunlpam.jpeg","keywords":["facultad de ciencias exactas y naturales","unlpam"],"articleSection":["A - ES NOTICIA (van abajo)","SOCIEDAD"],"inLanguage":"es"},{"@type":"WebPage","@id":"https:\/\/diariotextual.com\/inicio\/index.php\/2023\/08\/01\/ciencias-naturales-y-exactas-dos-carreras-reconocidas-por-la-coneau\/","url":"https:\/\/diariotextual.com\/inicio\/index.php\/2023\/08\/01\/ciencias-naturales-y-exactas-dos-carreras-reconocidas-por-la-coneau\/","name":"Ciencias Naturales y Exactas: dos carreras reconocidas por la CONEAU - Diario Textual","isPartOf":{"@id":"https:\/\/diariotextual.com\/inicio\/#website"},"primaryImageOfPage":{"@id":"https:\/\/diariotextual.com\/inicio\/index.php\/2023\/08\/01\/ciencias-naturales-y-exactas-dos-carreras-reconocidas-por-la-coneau\/#primaryimage"},"image":{"@id":"https:\/\/diariotextual.com\/inicio\/index.php\/2023\/08\/01\/ciencias-naturales-y-exactas-dos-carreras-reconocidas-por-la-coneau\/#primaryimage"},"thumbnailUrl":"https:\/\/diariotextual.com\/inicio\/wp-content\/uploads\/2023\/08\/ferrreyranoraunlpam.jpeg","datePublished":"2023-08-01T23:07:47+00:00","dateModified":"2023-08-01T23:07:51+00:00","breadcrumb":{"@id":"https:\/\/diariotextual.com\/inicio\/index.php\/2023\/08\/01\/ciencias-naturales-y-exactas-dos-carreras-reconocidas-por-la-coneau\/#breadcrumb"},"inLanguage":"es","potentialAction":[{"@type":"ReadAction","target":["https:\/\/diariotextual.com\/inicio\/index.php\/2023\/08\/01\/ciencias-naturales-y-exactas-dos-carreras-reconocidas-por-la-coneau\/"]}]},{"@type":"ImageObject","inLanguage":"es","@id":"https:\/\/diariotextual.com\/inicio\/index.php\/2023\/08\/01\/ciencias-naturales-y-exactas-dos-carreras-reconocidas-por-la-coneau\/#primaryimage","url":"https:\/\/diariotextual.com\/inicio\/wp-content\/uploads\/2023\/08\/ferrreyranoraunlpam.jpeg","contentUrl":"https:\/\/diariotextual.com\/inicio\/wp-content\/uploads\/2023\/08\/ferrreyranoraunlpam.jpeg","width":900,"height":512},{"@type":"BreadcrumbList","@id":"https:\/\/diariotextual.com\/inicio\/index.php\/2023\/08\/01\/ciencias-naturales-y-exactas-dos-carreras-reconocidas-por-la-coneau\/#breadcrumb","itemListElement":[{"@type":"ListItem","position":1,"name":"Portada","item":"https:\/\/diariotextual.com\/inicio\/"},{"@type":"ListItem","position":2,"name":"Ciencias Naturales y Exactas: dos carreras reconocidas por la CONEAU"}]},{"@type":"WebSite","@id":"https:\/\/diariotextual.com\/inicio\/#website","url":"https:\/\/diariotextual.com\/inicio\/","name":"Diario Textual","description":"","publisher":{"@id":"https:\/\/diariotextual.com\/inicio\/#organization"},"potentialAction":[{"@type":"SearchAction","target":{"@type":"EntryPoint","urlTemplate":"https:\/\/diariotextual.com\/inicio\/?s={search_term_string}"},"query-input":{"@type":"PropertyValueSpecification","valueRequired":true,"valueName":"search_term_string"}}],"inLanguage":"es"},{"@type":"Organization","@id":"https:\/\/diariotextual.com\/inicio\/#organization","name":"Diario Textual","url":"https:\/\/diariotextual.com\/inicio\/","logo":{"@type":"ImageObject","inLanguage":"es","@id":"https:\/\/diariotextual.com\/inicio\/#\/schema\/logo\/image\/","url":"https:\/\/diariotextual.com\/inicio\/wp-content\/uploads\/2023\/05\/logotextual1.jpg","contentUrl":"https:\/\/diariotextual.com\/inicio\/wp-content\/uploads\/2023\/05\/logotextual1.jpg","width":516,"height":76,"caption":"Diario Textual"},"image":{"@id":"https:\/\/diariotextual.com\/inicio\/#\/schema\/logo\/image\/"},"sameAs":["https:\/\/www.facebook.com\/eltextual","https:\/\/x.com\/eltextual","http:\/\/www.instagram.com\/eltextual"]},{"@type":"Person","@id":"https:\/\/diariotextual.com\/inicio\/#\/schema\/person\/a1b6f563e0ee944c60f98119389a4d9f","name":"diario3","image":{"@type":"ImageObject","inLanguage":"es","@id":"https:\/\/secure.gravatar.com\/avatar\/5e7ee62c82fc04d9dd79d746a390d93c69c43223e5faeeb3ea9461ef752bfc5d?s=96&d=mm&r=g","url":"https:\/\/secure.gravatar.com\/avatar\/5e7ee62c82fc04d9dd79d746a390d93c69c43223e5faeeb3ea9461ef752bfc5d?s=96&d=mm&r=g","contentUrl":"https:\/\/secure.gravatar.com\/avatar\/5e7ee62c82fc04d9dd79d746a390d93c69c43223e5faeeb3ea9461ef752bfc5d?s=96&d=mm&r=g","caption":"diario3"},"url":"https:\/\/diariotextual.com\/inicio\/index.php\/author\/diario3\/"}]}},"_links":{"self":[{"href":"https:\/\/diariotextual.com\/inicio\/index.php\/wp-json\/wp\/v2\/posts\/232641","targetHints":{"allow":["GET"]}}],"collection":[{"href":"https:\/\/diariotextual.com\/inicio\/index.php\/wp-json\/wp\/v2\/posts"}],"about":[{"href":"https:\/\/diariotextual.com\/inicio\/index.php\/wp-json\/wp\/v2\/types\/post"}],"author":[{"embeddable":true,"href":"https:\/\/diariotextual.com\/inicio\/index.php\/wp-json\/wp\/v2\/users\/5"}],"replies":[{"embeddable":true,"href":"https:\/\/diariotextual.com\/inicio\/index.php\/wp-json\/wp\/v2\/comments?post=232641"}],"version-history":[{"count":1,"href":"https:\/\/diariotextual.com\/inicio\/index.php\/wp-json\/wp\/v2\/posts\/232641\/revisions"}],"predecessor-version":[{"id":232643,"href":"https:\/\/diariotextual.com\/inicio\/index.php\/wp-json\/wp\/v2\/posts\/232641\/revisions\/232643"}],"wp:featuredmedia":[{"embeddable":true,"href":"https:\/\/diariotextual.com\/inicio\/index.php\/wp-json\/wp\/v2\/media\/232642"}],"wp:attachment":[{"href":"https:\/\/diariotextual.com\/inicio\/index.php\/wp-json\/wp\/v2\/media?parent=232641"}],"wp:term":[{"taxonomy":"category","embeddable":true,"href":"https:\/\/diariotextual.com\/inicio\/index.php\/wp-json\/wp\/v2\/categories?post=232641"},{"taxonomy":"post_tag","embeddable":true,"href":"https:\/\/diariotextual.com\/inicio\/index.php\/wp-json\/wp\/v2\/tags?post=232641"}],"curies":[{"name":"wp","href":"https:\/\/api.w.org\/{rel}","templated":true}]}}