{"id":232669,"date":"2023-08-02T08:46:19","date_gmt":"2023-08-02T11:46:19","guid":{"rendered":"https:\/\/diariotextual.com\/inicio\/?p=232669"},"modified":"2023-08-03T13:07:09","modified_gmt":"2023-08-03T16:07:09","slug":"choque-en-el-bajo-giuliani-rescatan-a-conductor-atrapado","status":"publish","type":"post","link":"https:\/\/diariotextual.com\/inicio\/index.php\/2023\/08\/02\/choque-en-el-bajo-giuliani-rescatan-a-conductor-atrapado\/","title":{"rendered":"Choque en el bajo Giuliani: rescatan a conductor atrapado"},"content":{"rendered":"\n<p>Un hombre debi\u00f3 ser rescatado por bomberos a ra\u00edz de un choque de dos veh\u00edculos en la ruta nacional 35, a la altura del Bajo Giuliani, a unos 5 kil\u00f3metros al sur de Santa Rosa.<\/p>\n\n\n\n<p>El siniestro ocurri\u00f3 a las 8.15 entre un Chevrolet Corsa y una Renault Kangoo, cargada de quesos. El conductor de la Kangoo qued\u00f3 atrapado y fue rescatado por bomberos.<\/p>\n\n\n\n<p>Los dos veh\u00edculos se dirig\u00edan hacia Santa Rosa, es decir, en direcci\u00f3n norte. Antes de llegar al cruce con la ruta 14, el Corsa fue impactado de atr\u00e1s por la Kangoo, que despist\u00f3 y qued\u00f3 asentada sobre uno de sus laterales en la cinta asf\u00e1ltica. El auto, en tanto, choc\u00f3 contra el guardarrail y su conductor no sufri\u00f3 lesiones.<\/p>\n\n\n\n<p><\/p>\n\n\n\n<figure class=\"wp-block-image size-large\"><img fetchpriority=\"high\" decoding=\"async\" width=\"1024\" height=\"768\" src=\"https:\/\/diariotextual.com\/inicio\/wp-content\/uploads\/2023\/08\/choquebajogiuliani2agosto2023-1-1024x768.jpeg\" alt=\"\" class=\"wp-image-232672\" srcset=\"https:\/\/diariotextual.com\/inicio\/wp-content\/uploads\/2023\/08\/choquebajogiuliani2agosto2023-1-1024x768.jpeg 1024w, https:\/\/diariotextual.com\/inicio\/wp-content\/uploads\/2023\/08\/choquebajogiuliani2agosto2023-1-300x225.jpeg 300w, https:\/\/diariotextual.com\/inicio\/wp-content\/uploads\/2023\/08\/choquebajogiuliani2agosto2023-1-768x576.jpeg 768w, https:\/\/diariotextual.com\/inicio\/wp-content\/uploads\/2023\/08\/choquebajogiuliani2agosto2023-1-1536x1152.jpeg 1536w, https:\/\/diariotextual.com\/inicio\/wp-content\/uploads\/2023\/08\/choquebajogiuliani2agosto2023-1-1170x878.jpeg 1170w, https:\/\/diariotextual.com\/inicio\/wp-content\/uploads\/2023\/08\/choquebajogiuliani2agosto2023-1-585x439.jpeg 585w, https:\/\/diariotextual.com\/inicio\/wp-content\/uploads\/2023\/08\/choquebajogiuliani2agosto2023-1.jpeg 1600w\" sizes=\"(max-width: 1024px) 100vw, 1024px\" \/><\/figure>\n","protected":false},"excerpt":{"rendered":"<p>Un hombre debi\u00f3 ser rescatado por bomberos a ra\u00edz de un choque de dos veh\u00edculos en la ruta nacional 35, a la altura del Bajo Giuliani, a unos 5 kil\u00f3metros&hellip;<\/p>\n","protected":false},"author":3,"featured_media":232674,"comment_status":"closed","ping_status":"open","sticky":false,"template":"","format":"standard","meta":{"_acf_changed":false,"footnotes":""},"categories":[11,12],"tags":[],"class_list":["post-232669","post","type-post","status-publish","format-standard","has-post-thumbnail","hentry","category-que-pasa","category-sociedad"],"acf":[],"yoast_head":"<!-- This site is optimized with the Yoast SEO plugin v27.5 - https:\/\/yoast.com\/product\/yoast-seo-wordpress\/ -->\n<title>Choque en el bajo Giuliani: rescatan a conductor atrapado - Diario Textual<\/title>\n<meta name=\"robots\" content=\"index, follow, max-snippet:-1, max-image-preview:large, max-video-preview:-1\" \/>\n<link rel=\"canonical\" href=\"https:\/\/diariotextual.com\/inicio\/index.php\/2023\/08\/02\/choque-en-el-bajo-giuliani-rescatan-a-conductor-atrapado\/\" \/>\n<meta property=\"og:locale\" content=\"es_ES\" \/>\n<meta property=\"og:type\" content=\"article\" \/>\n<meta property=\"og:title\" content=\"Choque en el bajo Giuliani: rescatan a conductor atrapado - Diario Textual\" \/>\n<meta property=\"og:description\" content=\"Un hombre debi\u00f3 ser rescatado por bomberos a ra\u00edz de un choque de dos veh\u00edculos en la ruta nacional 35, a la altura del Bajo Giuliani, a unos 5 kil\u00f3metros&hellip;\" \/>\n<meta property=\"og:url\" content=\"https:\/\/diariotextual.com\/inicio\/index.php\/2023\/08\/02\/choque-en-el-bajo-giuliani-rescatan-a-conductor-atrapado\/\" \/>\n<meta property=\"og:site_name\" content=\"Diario Textual\" \/>\n<meta property=\"article:publisher\" content=\"https:\/\/www.facebook.com\/eltextual\" \/>\n<meta property=\"article:published_time\" content=\"2023-08-02T11:46:19+00:00\" \/>\n<meta property=\"article:modified_time\" content=\"2023-08-03T16:07:09+00:00\" \/>\n<meta property=\"og:image\" content=\"https:\/\/diariotextual.com\/inicio\/wp-content\/uploads\/2023\/08\/choquebajogiuliani2agosto2023-5.jpeg\" \/>\n\t<meta property=\"og:image:width\" content=\"1600\" \/>\n\t<meta property=\"og:image:height\" content=\"1200\" \/>\n\t<meta property=\"og:image:type\" content=\"image\/jpeg\" \/>\n<meta name=\"author\" content=\"Diario1 Diario1\" \/>\n<meta name=\"twitter:card\" content=\"summary_large_image\" \/>\n<meta name=\"twitter:creator\" content=\"@eltextual\" \/>\n<meta name=\"twitter:site\" content=\"@eltextual\" \/>\n<meta name=\"twitter:label1\" content=\"Escrito por\" \/>\n\t<meta name=\"twitter:data1\" content=\"Diario1 Diario1\" \/>\n\t<meta name=\"twitter:label2\" content=\"Tiempo de lectura\" \/>\n\t<meta name=\"twitter:data2\" content=\"1 minuto\" \/>\n<script type=\"application\/ld+json\" class=\"yoast-schema-graph\">{\"@context\":\"https:\\\/\\\/schema.org\",\"@graph\":[{\"@type\":\"Article\",\"@id\":\"https:\\\/\\\/diariotextual.com\\\/inicio\\\/index.php\\\/2023\\\/08\\\/02\\\/choque-en-el-bajo-giuliani-rescatan-a-conductor-atrapado\\\/#article\",\"isPartOf\":{\"@id\":\"https:\\\/\\\/diariotextual.com\\\/inicio\\\/index.php\\\/2023\\\/08\\\/02\\\/choque-en-el-bajo-giuliani-rescatan-a-conductor-atrapado\\\/\"},\"author\":{\"name\":\"Diario1 Diario1\",\"@id\":\"https:\\\/\\\/diariotextual.com\\\/inicio\\\/#\\\/schema\\\/person\\\/418fc4093c33e86ed41562db3508f958\"},\"headline\":\"Choque en el bajo Giuliani: rescatan a conductor atrapado\",\"datePublished\":\"2023-08-02T11:46:19+00:00\",\"dateModified\":\"2023-08-03T16:07:09+00:00\",\"mainEntityOfPage\":{\"@id\":\"https:\\\/\\\/diariotextual.com\\\/inicio\\\/index.php\\\/2023\\\/08\\\/02\\\/choque-en-el-bajo-giuliani-rescatan-a-conductor-atrapado\\\/\"},\"wordCount\":136,\"publisher\":{\"@id\":\"https:\\\/\\\/diariotextual.com\\\/inicio\\\/#organization\"},\"image\":{\"@id\":\"https:\\\/\\\/diariotextual.com\\\/inicio\\\/index.php\\\/2023\\\/08\\\/02\\\/choque-en-el-bajo-giuliani-rescatan-a-conductor-atrapado\\\/#primaryimage\"},\"thumbnailUrl\":\"https:\\\/\\\/diariotextual.com\\\/inicio\\\/wp-content\\\/uploads\\\/2023\\\/08\\\/choquebajogiuliani2agosto2023-5.jpeg\",\"articleSection\":[\"A - QUE PASA (al costado)\",\"SOCIEDAD\"],\"inLanguage\":\"es\"},{\"@type\":\"WebPage\",\"@id\":\"https:\\\/\\\/diariotextual.com\\\/inicio\\\/index.php\\\/2023\\\/08\\\/02\\\/choque-en-el-bajo-giuliani-rescatan-a-conductor-atrapado\\\/\",\"url\":\"https:\\\/\\\/diariotextual.com\\\/inicio\\\/index.php\\\/2023\\\/08\\\/02\\\/choque-en-el-bajo-giuliani-rescatan-a-conductor-atrapado\\\/\",\"name\":\"Choque en el bajo Giuliani: rescatan a conductor atrapado - Diario Textual\",\"isPartOf\":{\"@id\":\"https:\\\/\\\/diariotextual.com\\\/inicio\\\/#website\"},\"primaryImageOfPage\":{\"@id\":\"https:\\\/\\\/diariotextual.com\\\/inicio\\\/index.php\\\/2023\\\/08\\\/02\\\/choque-en-el-bajo-giuliani-rescatan-a-conductor-atrapado\\\/#primaryimage\"},\"image\":{\"@id\":\"https:\\\/\\\/diariotextual.com\\\/inicio\\\/index.php\\\/2023\\\/08\\\/02\\\/choque-en-el-bajo-giuliani-rescatan-a-conductor-atrapado\\\/#primaryimage\"},\"thumbnailUrl\":\"https:\\\/\\\/diariotextual.com\\\/inicio\\\/wp-content\\\/uploads\\\/2023\\\/08\\\/choquebajogiuliani2agosto2023-5.jpeg\",\"datePublished\":\"2023-08-02T11:46:19+00:00\",\"dateModified\":\"2023-08-03T16:07:09+00:00\",\"breadcrumb\":{\"@id\":\"https:\\\/\\\/diariotextual.com\\\/inicio\\\/index.php\\\/2023\\\/08\\\/02\\\/choque-en-el-bajo-giuliani-rescatan-a-conductor-atrapado\\\/#breadcrumb\"},\"inLanguage\":\"es\",\"potentialAction\":[{\"@type\":\"ReadAction\",\"target\":[\"https:\\\/\\\/diariotextual.com\\\/inicio\\\/index.php\\\/2023\\\/08\\\/02\\\/choque-en-el-bajo-giuliani-rescatan-a-conductor-atrapado\\\/\"]}]},{\"@type\":\"ImageObject\",\"inLanguage\":\"es\",\"@id\":\"https:\\\/\\\/diariotextual.com\\\/inicio\\\/index.php\\\/2023\\\/08\\\/02\\\/choque-en-el-bajo-giuliani-rescatan-a-conductor-atrapado\\\/#primaryimage\",\"url\":\"https:\\\/\\\/diariotextual.com\\\/inicio\\\/wp-content\\\/uploads\\\/2023\\\/08\\\/choquebajogiuliani2agosto2023-5.jpeg\",\"contentUrl\":\"https:\\\/\\\/diariotextual.com\\\/inicio\\\/wp-content\\\/uploads\\\/2023\\\/08\\\/choquebajogiuliani2agosto2023-5.jpeg\",\"width\":1600,\"height\":1200},{\"@type\":\"BreadcrumbList\",\"@id\":\"https:\\\/\\\/diariotextual.com\\\/inicio\\\/index.php\\\/2023\\\/08\\\/02\\\/choque-en-el-bajo-giuliani-rescatan-a-conductor-atrapado\\\/#breadcrumb\",\"itemListElement\":[{\"@type\":\"ListItem\",\"position\":1,\"name\":\"Portada\",\"item\":\"https:\\\/\\\/diariotextual.com\\\/inicio\\\/\"},{\"@type\":\"ListItem\",\"position\":2,\"name\":\"Choque en el bajo Giuliani: rescatan a conductor atrapado\"}]},{\"@type\":\"WebSite\",\"@id\":\"https:\\\/\\\/diariotextual.com\\\/inicio\\\/#website\",\"url\":\"https:\\\/\\\/diariotextual.com\\\/inicio\\\/\",\"name\":\"Diario Textual\",\"description\":\"\",\"publisher\":{\"@id\":\"https:\\\/\\\/diariotextual.com\\\/inicio\\\/#organization\"},\"potentialAction\":[{\"@type\":\"SearchAction\",\"target\":{\"@type\":\"EntryPoint\",\"urlTemplate\":\"https:\\\/\\\/diariotextual.com\\\/inicio\\\/?s={search_term_string}\"},\"query-input\":{\"@type\":\"PropertyValueSpecification\",\"valueRequired\":true,\"valueName\":\"search_term_string\"}}],\"inLanguage\":\"es\"},{\"@type\":\"Organization\",\"@id\":\"https:\\\/\\\/diariotextual.com\\\/inicio\\\/#organization\",\"name\":\"Diario Textual\",\"url\":\"https:\\\/\\\/diariotextual.com\\\/inicio\\\/\",\"logo\":{\"@type\":\"ImageObject\",\"inLanguage\":\"es\",\"@id\":\"https:\\\/\\\/diariotextual.com\\\/inicio\\\/#\\\/schema\\\/logo\\\/image\\\/\",\"url\":\"https:\\\/\\\/diariotextual.com\\\/inicio\\\/wp-content\\\/uploads\\\/2023\\\/05\\\/logotextual1.jpg\",\"contentUrl\":\"https:\\\/\\\/diariotextual.com\\\/inicio\\\/wp-content\\\/uploads\\\/2023\\\/05\\\/logotextual1.jpg\",\"width\":516,\"height\":76,\"caption\":\"Diario Textual\"},\"image\":{\"@id\":\"https:\\\/\\\/diariotextual.com\\\/inicio\\\/#\\\/schema\\\/logo\\\/image\\\/\"},\"sameAs\":[\"https:\\\/\\\/www.facebook.com\\\/eltextual\",\"https:\\\/\\\/x.com\\\/eltextual\",\"http:\\\/\\\/www.instagram.com\\\/eltextual\"]},{\"@type\":\"Person\",\"@id\":\"https:\\\/\\\/diariotextual.com\\\/inicio\\\/#\\\/schema\\\/person\\\/418fc4093c33e86ed41562db3508f958\",\"name\":\"Diario1 Diario1\",\"image\":{\"@type\":\"ImageObject\",\"inLanguage\":\"es\",\"@id\":\"https:\\\/\\\/secure.gravatar.com\\\/avatar\\\/9167d280179c85bc18be67aa7eda765854300033af4896dd779b608640f2ef7a?s=96&d=mm&r=g\",\"url\":\"https:\\\/\\\/secure.gravatar.com\\\/avatar\\\/9167d280179c85bc18be67aa7eda765854300033af4896dd779b608640f2ef7a?s=96&d=mm&r=g\",\"contentUrl\":\"https:\\\/\\\/secure.gravatar.com\\\/avatar\\\/9167d280179c85bc18be67aa7eda765854300033af4896dd779b608640f2ef7a?s=96&d=mm&r=g\",\"caption\":\"Diario1 Diario1\"},\"url\":\"https:\\\/\\\/diariotextual.com\\\/inicio\\\/index.php\\\/author\\\/diario1\\\/\"}]}<\/script>\n<!-- \/ Yoast SEO plugin. -->","yoast_head_json":{"title":"Choque en el bajo Giuliani: rescatan a conductor atrapado - Diario Textual","robots":{"index":"index","follow":"follow","max-snippet":"max-snippet:-1","max-image-preview":"max-image-preview:large","max-video-preview":"max-video-preview:-1"},"canonical":"https:\/\/diariotextual.com\/inicio\/index.php\/2023\/08\/02\/choque-en-el-bajo-giuliani-rescatan-a-conductor-atrapado\/","og_locale":"es_ES","og_type":"article","og_title":"Choque en el bajo Giuliani: rescatan a conductor atrapado - Diario Textual","og_description":"Un hombre debi\u00f3 ser rescatado por bomberos a ra\u00edz de un choque de dos veh\u00edculos en la ruta nacional 35, a la altura del Bajo Giuliani, a unos 5 kil\u00f3metros&hellip;","og_url":"https:\/\/diariotextual.com\/inicio\/index.php\/2023\/08\/02\/choque-en-el-bajo-giuliani-rescatan-a-conductor-atrapado\/","og_site_name":"Diario Textual","article_publisher":"https:\/\/www.facebook.com\/eltextual","article_published_time":"2023-08-02T11:46:19+00:00","article_modified_time":"2023-08-03T16:07:09+00:00","og_image":[{"width":1600,"height":1200,"url":"https:\/\/diariotextual.com\/inicio\/wp-content\/uploads\/2023\/08\/choquebajogiuliani2agosto2023-5.jpeg","type":"image\/jpeg"}],"author":"Diario1 Diario1","twitter_card":"summary_large_image","twitter_creator":"@eltextual","twitter_site":"@eltextual","twitter_misc":{"Escrito por":"Diario1 Diario1","Tiempo de lectura":"1 minuto"},"schema":{"@context":"https:\/\/schema.org","@graph":[{"@type":"Article","@id":"https:\/\/diariotextual.com\/inicio\/index.php\/2023\/08\/02\/choque-en-el-bajo-giuliani-rescatan-a-conductor-atrapado\/#article","isPartOf":{"@id":"https:\/\/diariotextual.com\/inicio\/index.php\/2023\/08\/02\/choque-en-el-bajo-giuliani-rescatan-a-conductor-atrapado\/"},"author":{"name":"Diario1 Diario1","@id":"https:\/\/diariotextual.com\/inicio\/#\/schema\/person\/418fc4093c33e86ed41562db3508f958"},"headline":"Choque en el bajo Giuliani: rescatan a conductor atrapado","datePublished":"2023-08-02T11:46:19+00:00","dateModified":"2023-08-03T16:07:09+00:00","mainEntityOfPage":{"@id":"https:\/\/diariotextual.com\/inicio\/index.php\/2023\/08\/02\/choque-en-el-bajo-giuliani-rescatan-a-conductor-atrapado\/"},"wordCount":136,"publisher":{"@id":"https:\/\/diariotextual.com\/inicio\/#organization"},"image":{"@id":"https:\/\/diariotextual.com\/inicio\/index.php\/2023\/08\/02\/choque-en-el-bajo-giuliani-rescatan-a-conductor-atrapado\/#primaryimage"},"thumbnailUrl":"https:\/\/diariotextual.com\/inicio\/wp-content\/uploads\/2023\/08\/choquebajogiuliani2agosto2023-5.jpeg","articleSection":["A - QUE PASA (al costado)","SOCIEDAD"],"inLanguage":"es"},{"@type":"WebPage","@id":"https:\/\/diariotextual.com\/inicio\/index.php\/2023\/08\/02\/choque-en-el-bajo-giuliani-rescatan-a-conductor-atrapado\/","url":"https:\/\/diariotextual.com\/inicio\/index.php\/2023\/08\/02\/choque-en-el-bajo-giuliani-rescatan-a-conductor-atrapado\/","name":"Choque en el bajo Giuliani: rescatan a conductor atrapado - Diario Textual","isPartOf":{"@id":"https:\/\/diariotextual.com\/inicio\/#website"},"primaryImageOfPage":{"@id":"https:\/\/diariotextual.com\/inicio\/index.php\/2023\/08\/02\/choque-en-el-bajo-giuliani-rescatan-a-conductor-atrapado\/#primaryimage"},"image":{"@id":"https:\/\/diariotextual.com\/inicio\/index.php\/2023\/08\/02\/choque-en-el-bajo-giuliani-rescatan-a-conductor-atrapado\/#primaryimage"},"thumbnailUrl":"https:\/\/diariotextual.com\/inicio\/wp-content\/uploads\/2023\/08\/choquebajogiuliani2agosto2023-5.jpeg","datePublished":"2023-08-02T11:46:19+00:00","dateModified":"2023-08-03T16:07:09+00:00","breadcrumb":{"@id":"https:\/\/diariotextual.com\/inicio\/index.php\/2023\/08\/02\/choque-en-el-bajo-giuliani-rescatan-a-conductor-atrapado\/#breadcrumb"},"inLanguage":"es","potentialAction":[{"@type":"ReadAction","target":["https:\/\/diariotextual.com\/inicio\/index.php\/2023\/08\/02\/choque-en-el-bajo-giuliani-rescatan-a-conductor-atrapado\/"]}]},{"@type":"ImageObject","inLanguage":"es","@id":"https:\/\/diariotextual.com\/inicio\/index.php\/2023\/08\/02\/choque-en-el-bajo-giuliani-rescatan-a-conductor-atrapado\/#primaryimage","url":"https:\/\/diariotextual.com\/inicio\/wp-content\/uploads\/2023\/08\/choquebajogiuliani2agosto2023-5.jpeg","contentUrl":"https:\/\/diariotextual.com\/inicio\/wp-content\/uploads\/2023\/08\/choquebajogiuliani2agosto2023-5.jpeg","width":1600,"height":1200},{"@type":"BreadcrumbList","@id":"https:\/\/diariotextual.com\/inicio\/index.php\/2023\/08\/02\/choque-en-el-bajo-giuliani-rescatan-a-conductor-atrapado\/#breadcrumb","itemListElement":[{"@type":"ListItem","position":1,"name":"Portada","item":"https:\/\/diariotextual.com\/inicio\/"},{"@type":"ListItem","position":2,"name":"Choque en el bajo Giuliani: rescatan a conductor atrapado"}]},{"@type":"WebSite","@id":"https:\/\/diariotextual.com\/inicio\/#website","url":"https:\/\/diariotextual.com\/inicio\/","name":"Diario Textual","description":"","publisher":{"@id":"https:\/\/diariotextual.com\/inicio\/#organization"},"potentialAction":[{"@type":"SearchAction","target":{"@type":"EntryPoint","urlTemplate":"https:\/\/diariotextual.com\/inicio\/?s={search_term_string}"},"query-input":{"@type":"PropertyValueSpecification","valueRequired":true,"valueName":"search_term_string"}}],"inLanguage":"es"},{"@type":"Organization","@id":"https:\/\/diariotextual.com\/inicio\/#organization","name":"Diario Textual","url":"https:\/\/diariotextual.com\/inicio\/","logo":{"@type":"ImageObject","inLanguage":"es","@id":"https:\/\/diariotextual.com\/inicio\/#\/schema\/logo\/image\/","url":"https:\/\/diariotextual.com\/inicio\/wp-content\/uploads\/2023\/05\/logotextual1.jpg","contentUrl":"https:\/\/diariotextual.com\/inicio\/wp-content\/uploads\/2023\/05\/logotextual1.jpg","width":516,"height":76,"caption":"Diario Textual"},"image":{"@id":"https:\/\/diariotextual.com\/inicio\/#\/schema\/logo\/image\/"},"sameAs":["https:\/\/www.facebook.com\/eltextual","https:\/\/x.com\/eltextual","http:\/\/www.instagram.com\/eltextual"]},{"@type":"Person","@id":"https:\/\/diariotextual.com\/inicio\/#\/schema\/person\/418fc4093c33e86ed41562db3508f958","name":"Diario1 Diario1","image":{"@type":"ImageObject","inLanguage":"es","@id":"https:\/\/secure.gravatar.com\/avatar\/9167d280179c85bc18be67aa7eda765854300033af4896dd779b608640f2ef7a?s=96&d=mm&r=g","url":"https:\/\/secure.gravatar.com\/avatar\/9167d280179c85bc18be67aa7eda765854300033af4896dd779b608640f2ef7a?s=96&d=mm&r=g","contentUrl":"https:\/\/secure.gravatar.com\/avatar\/9167d280179c85bc18be67aa7eda765854300033af4896dd779b608640f2ef7a?s=96&d=mm&r=g","caption":"Diario1 Diario1"},"url":"https:\/\/diariotextual.com\/inicio\/index.php\/author\/diario1\/"}]}},"_links":{"self":[{"href":"https:\/\/diariotextual.com\/inicio\/index.php\/wp-json\/wp\/v2\/posts\/232669","targetHints":{"allow":["GET"]}}],"collection":[{"href":"https:\/\/diariotextual.com\/inicio\/index.php\/wp-json\/wp\/v2\/posts"}],"about":[{"href":"https:\/\/diariotextual.com\/inicio\/index.php\/wp-json\/wp\/v2\/types\/post"}],"author":[{"embeddable":true,"href":"https:\/\/diariotextual.com\/inicio\/index.php\/wp-json\/wp\/v2\/users\/3"}],"replies":[{"embeddable":true,"href":"https:\/\/diariotextual.com\/inicio\/index.php\/wp-json\/wp\/v2\/comments?post=232669"}],"version-history":[{"count":7,"href":"https:\/\/diariotextual.com\/inicio\/index.php\/wp-json\/wp\/v2\/posts\/232669\/revisions"}],"predecessor-version":[{"id":232737,"href":"https:\/\/diariotextual.com\/inicio\/index.php\/wp-json\/wp\/v2\/posts\/232669\/revisions\/232737"}],"wp:featuredmedia":[{"embeddable":true,"href":"https:\/\/diariotextual.com\/inicio\/index.php\/wp-json\/wp\/v2\/media\/232674"}],"wp:attachment":[{"href":"https:\/\/diariotextual.com\/inicio\/index.php\/wp-json\/wp\/v2\/media?parent=232669"}],"wp:term":[{"taxonomy":"category","embeddable":true,"href":"https:\/\/diariotextual.com\/inicio\/index.php\/wp-json\/wp\/v2\/categories?post=232669"},{"taxonomy":"post_tag","embeddable":true,"href":"https:\/\/diariotextual.com\/inicio\/index.php\/wp-json\/wp\/v2\/tags?post=232669"}],"curies":[{"name":"wp","href":"https:\/\/api.w.org\/{rel}","templated":true}]}}