{"id":232706,"date":"2023-08-02T13:05:26","date_gmt":"2023-08-02T16:05:26","guid":{"rendered":"https:\/\/diariotextual.com\/inicio\/?p=232706"},"modified":"2023-08-02T22:27:54","modified_gmt":"2023-08-03T01:27:54","slug":"un-juez-de-pico-dicto-la-primera-medida-del-nuevo-procedimiento-penal-para-adolescentes","status":"publish","type":"post","link":"https:\/\/diariotextual.com\/inicio\/index.php\/2023\/08\/02\/un-juez-de-pico-dicto-la-primera-medida-del-nuevo-procedimiento-penal-para-adolescentes\/","title":{"rendered":"Un juez de Pico dict\u00f3 la primera medida del nuevo procedimiento penal para adolescentes"},"content":{"rendered":"\n<p>Un juez de control de General Pico, Alejandro Gilardenghi, fue el primero en aplicar el nuevo Procedimiento Penal para Adolescentes, que comenz\u00f3 a regir el martes, al disponer un r\u00e9gimen de acompa\u00f1amiento comunitario para dos j\u00f3venes de 16 y 17 a\u00f1os que fueron formalizados por un robo.<\/p>\n\n\n\n<p>Para ello, Gilardenghi recurri\u00f3 al art\u00edculo 19, inciso b) de la ley provincial 3353 que establece ese procedimiento. El texto, referido a medidas cautelares, se\u00f1ala que \u201cdurante el proceso, el juez\/a podr\u00e1 establecer un r\u00e9gimen de acompa\u00f1amiento comunitario, el que ser\u00e1 ejecutado por organismos p\u00fablicos, privados, mixtos o asociaciones civiles\u201d.<\/p>\n\n\n\n<p>En este caso, el magistrado orden\u00f3 que ese acompa\u00f1amiento quede a cargo de la Unidad Local de protecci\u00f3n de derechos de ni\u00f1os, ni\u00f1as y adolescentes, dependiente de la Municipalidad de General Pico, y lo extendi\u00f3 por un plazo de seis meses.<\/p>\n\n\n\n<p>\u201cLa fiscal\u00eda realiz\u00f3 el pedido de la medida cautelar durante la audiencia de formalizaci\u00f3n y se lo conced\u00ed. Me pareci\u00f3 que el requerimiento de seis meses, hasta el 1 de febrero de 2024, era un plazo razonable y por eso lo autoric\u00e9\u201d, explic\u00f3 Gilardenghi.<\/p>\n\n\n\n<p>\u201c\u00bfPor qu\u00e9 a la Unidad Local? Porque as\u00ed lo establece la ley provincial 2703, a trav\u00e9s de la cual la Provincia adhiri\u00f3 a la ley nacional 26061 (de Protecci\u00f3n integral de los derechos de ni\u00f1as, ni\u00f1os y adolescentes) \u2013acot\u00f3\u2013. Yo orden\u00e9 que el r\u00e9gimen de acompa\u00f1amiento lo haga la Unidad Local, pero no c\u00f3mo debe hacerlo. Eso lo define el propio organismo. A lo que s\u00ed est\u00e1 obligado es a enviar informes mensuales al juez y al Ministerio P\u00fablico Fiscal\u201d.<\/p>\n\n\n\n<p>En el expediente intervienen, adem\u00e1s de Gilardenghi, el fiscal Juan Cupayolo y el defensor oficial H\u00e9ctor Freigedo. Los dos adolescentes, de 16 y 17 a\u00f1os, m\u00e1s un mayor de 19, que permanece en prisi\u00f3n preventiva, fueron formalizados por la presunta comisi\u00f3n de robo doblemente calificado por escalamiento y por resultar cometido en poblado y en banda.<\/p>\n\n\n\n<p>A ambos se les aplic\u00f3 el nuevo procedimiento porque, por el tipo del delito por el que fueron formalizados ya que son imputables, y eventualmente podr\u00edan ir a juicio oral y ser declarados autores materiales del robo y responsables penales.<\/p>\n\n\n\n<p>Ellos llegaron a esa audiencia acompa\u00f1ados por sus madres, uno en condici\u00f3n de detenido y otro en libertad. Al primero, por solicitud de la fiscal\u00eda, Gilardenghi le otorg\u00f3 la libertad una vez concluida la formalizaci\u00f3n.<\/p>\n\n\n\n<p>El hecho investigado ocurri\u00f3 en la madrugada del domingo, cuando presuntamente los tres imputados ingresaron a una vivienda de General Pico \u2013luego de saltar un tapial\u2013 y sustrajeron prendas de vestir, armas, dinero y alhajas, entre otros objetos.<\/p>\n\n\n\n<p>La ley 2322 \u2013que alcanza a los adolescentes de 16 y 17 a\u00f1os\u2013 entr\u00f3 en vigencia el martes en La Pampa, luego de que el Superior Tribunal de Justicia dictara las pautas de transici\u00f3n y actuaci\u00f3n relativas a su implementaci\u00f3n.<\/p>\n\n\n\n<p>La norma establece, entre otras consideraciones, que al momento de resolver la situaci\u00f3n procesal de las ni\u00f1as, ni\u00f1os y adolescentes debe \u201cconsiderarse su inter\u00e9s superior; entendido ello como la m\u00e1xima satisfacci\u00f3n, integral y simult\u00e1nea de sus derechos, debiendo el Estado garantizarlos en el \u00e1mbito familiar y de la sociedad, brind\u00e1ndoles igualdad de oportunidades y asegur\u00e1ndoles su desarrollo f\u00edsico, ps\u00edquico, su inclusi\u00f3n social con el fin de promover su integraci\u00f3n comunitaria y que puedan asumir una funci\u00f3n constructiva en la sociedad\u201d.<\/p>\n\n\n\n<p>Adem\u00e1s la normativa prev\u00e9, en el marco de lo que se denomina Programa de Justicia Restaurativa, una serie de resoluciones alternativas del conflicto penal. Con ello apunta a que todas las personas involucradas en \u00e9l participen de la soluci\u00f3n, que la propia v\u00edctima pueda expresarle al juez\/a c\u00f3mo quiere ser compensada, y que los infractores convengan con las v\u00edctimas las formas de reparaci\u00f3n.\u200b<\/p>\n\n\n\n<p><\/p>\n","protected":false},"excerpt":{"rendered":"<p>Un juez de control de General Pico, Alejandro Gilardenghi, fue el primero en aplicar el nuevo Procedimiento Penal para Adolescentes, que comenz\u00f3 a regir el martes, al disponer un r\u00e9gimen&hellip;<\/p>\n","protected":false},"author":3,"featured_media":116783,"comment_status":"closed","ping_status":"open","sticky":false,"template":"","format":"standard","meta":{"_acf_changed":false,"footnotes":""},"categories":[1,11,12],"tags":[],"class_list":["post-232706","post","type-post","status-publish","format-standard","has-post-thumbnail","hentry","category-es-noticia","category-que-pasa","category-sociedad"],"acf":[],"yoast_head":"<!-- This site is optimized with the Yoast SEO plugin v27.5 - https:\/\/yoast.com\/product\/yoast-seo-wordpress\/ -->\n<title>Un juez de Pico dict\u00f3 la primera medida del nuevo procedimiento penal para adolescentes - Diario Textual<\/title>\n<meta name=\"robots\" content=\"index, follow, max-snippet:-1, max-image-preview:large, max-video-preview:-1\" \/>\n<link rel=\"canonical\" href=\"https:\/\/diariotextual.com\/inicio\/index.php\/2023\/08\/02\/un-juez-de-pico-dicto-la-primera-medida-del-nuevo-procedimiento-penal-para-adolescentes\/\" \/>\n<meta property=\"og:locale\" content=\"es_ES\" \/>\n<meta property=\"og:type\" content=\"article\" \/>\n<meta property=\"og:title\" content=\"Un juez de Pico dict\u00f3 la primera medida del nuevo procedimiento penal para adolescentes - Diario Textual\" \/>\n<meta property=\"og:description\" content=\"Un juez de control de General Pico, Alejandro Gilardenghi, fue el primero en aplicar el nuevo Procedimiento Penal para Adolescentes, que comenz\u00f3 a regir el martes, al disponer un r\u00e9gimen&hellip;\" \/>\n<meta property=\"og:url\" content=\"https:\/\/diariotextual.com\/inicio\/index.php\/2023\/08\/02\/un-juez-de-pico-dicto-la-primera-medida-del-nuevo-procedimiento-penal-para-adolescentes\/\" \/>\n<meta property=\"og:site_name\" content=\"Diario Textual\" \/>\n<meta property=\"article:publisher\" content=\"https:\/\/www.facebook.com\/eltextual\" \/>\n<meta property=\"article:published_time\" content=\"2023-08-02T16:05:26+00:00\" \/>\n<meta property=\"article:modified_time\" content=\"2023-08-03T01:27:54+00:00\" \/>\n<meta property=\"og:image\" content=\"https:\/\/diariotextual.com\/inicio\/wp-content\/uploads\/2020\/10\/tribunalesPico2020.jpg\" \/>\n\t<meta property=\"og:image:width\" content=\"700\" \/>\n\t<meta property=\"og:image:height\" content=\"443\" \/>\n\t<meta property=\"og:image:type\" content=\"image\/jpeg\" \/>\n<meta name=\"author\" content=\"Diario1 Diario1\" \/>\n<meta name=\"twitter:card\" content=\"summary_large_image\" \/>\n<meta name=\"twitter:creator\" content=\"@eltextual\" \/>\n<meta name=\"twitter:site\" content=\"@eltextual\" \/>\n<meta name=\"twitter:label1\" content=\"Escrito por\" \/>\n\t<meta name=\"twitter:data1\" content=\"Diario1 Diario1\" \/>\n\t<meta name=\"twitter:label2\" content=\"Tiempo de lectura\" \/>\n\t<meta name=\"twitter:data2\" content=\"3 minutos\" \/>\n<script type=\"application\/ld+json\" class=\"yoast-schema-graph\">{\"@context\":\"https:\\\/\\\/schema.org\",\"@graph\":[{\"@type\":\"Article\",\"@id\":\"https:\\\/\\\/diariotextual.com\\\/inicio\\\/index.php\\\/2023\\\/08\\\/02\\\/un-juez-de-pico-dicto-la-primera-medida-del-nuevo-procedimiento-penal-para-adolescentes\\\/#article\",\"isPartOf\":{\"@id\":\"https:\\\/\\\/diariotextual.com\\\/inicio\\\/index.php\\\/2023\\\/08\\\/02\\\/un-juez-de-pico-dicto-la-primera-medida-del-nuevo-procedimiento-penal-para-adolescentes\\\/\"},\"author\":{\"name\":\"Diario1 Diario1\",\"@id\":\"https:\\\/\\\/diariotextual.com\\\/inicio\\\/#\\\/schema\\\/person\\\/418fc4093c33e86ed41562db3508f958\"},\"headline\":\"Un juez de Pico dict\u00f3 la primera medida del nuevo procedimiento penal para adolescentes\",\"datePublished\":\"2023-08-02T16:05:26+00:00\",\"dateModified\":\"2023-08-03T01:27:54+00:00\",\"mainEntityOfPage\":{\"@id\":\"https:\\\/\\\/diariotextual.com\\\/inicio\\\/index.php\\\/2023\\\/08\\\/02\\\/un-juez-de-pico-dicto-la-primera-medida-del-nuevo-procedimiento-penal-para-adolescentes\\\/\"},\"wordCount\":674,\"publisher\":{\"@id\":\"https:\\\/\\\/diariotextual.com\\\/inicio\\\/#organization\"},\"image\":{\"@id\":\"https:\\\/\\\/diariotextual.com\\\/inicio\\\/index.php\\\/2023\\\/08\\\/02\\\/un-juez-de-pico-dicto-la-primera-medida-del-nuevo-procedimiento-penal-para-adolescentes\\\/#primaryimage\"},\"thumbnailUrl\":\"https:\\\/\\\/diariotextual.com\\\/inicio\\\/wp-content\\\/uploads\\\/2020\\\/10\\\/tribunalesPico2020.jpg\",\"articleSection\":[\"A - ES NOTICIA (van abajo)\",\"A - QUE PASA (al costado)\",\"SOCIEDAD\"],\"inLanguage\":\"es\"},{\"@type\":\"WebPage\",\"@id\":\"https:\\\/\\\/diariotextual.com\\\/inicio\\\/index.php\\\/2023\\\/08\\\/02\\\/un-juez-de-pico-dicto-la-primera-medida-del-nuevo-procedimiento-penal-para-adolescentes\\\/\",\"url\":\"https:\\\/\\\/diariotextual.com\\\/inicio\\\/index.php\\\/2023\\\/08\\\/02\\\/un-juez-de-pico-dicto-la-primera-medida-del-nuevo-procedimiento-penal-para-adolescentes\\\/\",\"name\":\"Un juez de Pico dict\u00f3 la primera medida del nuevo procedimiento penal para adolescentes - Diario Textual\",\"isPartOf\":{\"@id\":\"https:\\\/\\\/diariotextual.com\\\/inicio\\\/#website\"},\"primaryImageOfPage\":{\"@id\":\"https:\\\/\\\/diariotextual.com\\\/inicio\\\/index.php\\\/2023\\\/08\\\/02\\\/un-juez-de-pico-dicto-la-primera-medida-del-nuevo-procedimiento-penal-para-adolescentes\\\/#primaryimage\"},\"image\":{\"@id\":\"https:\\\/\\\/diariotextual.com\\\/inicio\\\/index.php\\\/2023\\\/08\\\/02\\\/un-juez-de-pico-dicto-la-primera-medida-del-nuevo-procedimiento-penal-para-adolescentes\\\/#primaryimage\"},\"thumbnailUrl\":\"https:\\\/\\\/diariotextual.com\\\/inicio\\\/wp-content\\\/uploads\\\/2020\\\/10\\\/tribunalesPico2020.jpg\",\"datePublished\":\"2023-08-02T16:05:26+00:00\",\"dateModified\":\"2023-08-03T01:27:54+00:00\",\"breadcrumb\":{\"@id\":\"https:\\\/\\\/diariotextual.com\\\/inicio\\\/index.php\\\/2023\\\/08\\\/02\\\/un-juez-de-pico-dicto-la-primera-medida-del-nuevo-procedimiento-penal-para-adolescentes\\\/#breadcrumb\"},\"inLanguage\":\"es\",\"potentialAction\":[{\"@type\":\"ReadAction\",\"target\":[\"https:\\\/\\\/diariotextual.com\\\/inicio\\\/index.php\\\/2023\\\/08\\\/02\\\/un-juez-de-pico-dicto-la-primera-medida-del-nuevo-procedimiento-penal-para-adolescentes\\\/\"]}]},{\"@type\":\"ImageObject\",\"inLanguage\":\"es\",\"@id\":\"https:\\\/\\\/diariotextual.com\\\/inicio\\\/index.php\\\/2023\\\/08\\\/02\\\/un-juez-de-pico-dicto-la-primera-medida-del-nuevo-procedimiento-penal-para-adolescentes\\\/#primaryimage\",\"url\":\"https:\\\/\\\/diariotextual.com\\\/inicio\\\/wp-content\\\/uploads\\\/2020\\\/10\\\/tribunalesPico2020.jpg\",\"contentUrl\":\"https:\\\/\\\/diariotextual.com\\\/inicio\\\/wp-content\\\/uploads\\\/2020\\\/10\\\/tribunalesPico2020.jpg\",\"width\":700,\"height\":443},{\"@type\":\"BreadcrumbList\",\"@id\":\"https:\\\/\\\/diariotextual.com\\\/inicio\\\/index.php\\\/2023\\\/08\\\/02\\\/un-juez-de-pico-dicto-la-primera-medida-del-nuevo-procedimiento-penal-para-adolescentes\\\/#breadcrumb\",\"itemListElement\":[{\"@type\":\"ListItem\",\"position\":1,\"name\":\"Portada\",\"item\":\"https:\\\/\\\/diariotextual.com\\\/inicio\\\/\"},{\"@type\":\"ListItem\",\"position\":2,\"name\":\"Un juez de Pico dict\u00f3 la primera medida del nuevo procedimiento penal para adolescentes\"}]},{\"@type\":\"WebSite\",\"@id\":\"https:\\\/\\\/diariotextual.com\\\/inicio\\\/#website\",\"url\":\"https:\\\/\\\/diariotextual.com\\\/inicio\\\/\",\"name\":\"Diario Textual\",\"description\":\"\",\"publisher\":{\"@id\":\"https:\\\/\\\/diariotextual.com\\\/inicio\\\/#organization\"},\"potentialAction\":[{\"@type\":\"SearchAction\",\"target\":{\"@type\":\"EntryPoint\",\"urlTemplate\":\"https:\\\/\\\/diariotextual.com\\\/inicio\\\/?s={search_term_string}\"},\"query-input\":{\"@type\":\"PropertyValueSpecification\",\"valueRequired\":true,\"valueName\":\"search_term_string\"}}],\"inLanguage\":\"es\"},{\"@type\":\"Organization\",\"@id\":\"https:\\\/\\\/diariotextual.com\\\/inicio\\\/#organization\",\"name\":\"Diario Textual\",\"url\":\"https:\\\/\\\/diariotextual.com\\\/inicio\\\/\",\"logo\":{\"@type\":\"ImageObject\",\"inLanguage\":\"es\",\"@id\":\"https:\\\/\\\/diariotextual.com\\\/inicio\\\/#\\\/schema\\\/logo\\\/image\\\/\",\"url\":\"https:\\\/\\\/diariotextual.com\\\/inicio\\\/wp-content\\\/uploads\\\/2023\\\/05\\\/logotextual1.jpg\",\"contentUrl\":\"https:\\\/\\\/diariotextual.com\\\/inicio\\\/wp-content\\\/uploads\\\/2023\\\/05\\\/logotextual1.jpg\",\"width\":516,\"height\":76,\"caption\":\"Diario Textual\"},\"image\":{\"@id\":\"https:\\\/\\\/diariotextual.com\\\/inicio\\\/#\\\/schema\\\/logo\\\/image\\\/\"},\"sameAs\":[\"https:\\\/\\\/www.facebook.com\\\/eltextual\",\"https:\\\/\\\/x.com\\\/eltextual\",\"http:\\\/\\\/www.instagram.com\\\/eltextual\"]},{\"@type\":\"Person\",\"@id\":\"https:\\\/\\\/diariotextual.com\\\/inicio\\\/#\\\/schema\\\/person\\\/418fc4093c33e86ed41562db3508f958\",\"name\":\"Diario1 Diario1\",\"image\":{\"@type\":\"ImageObject\",\"inLanguage\":\"es\",\"@id\":\"https:\\\/\\\/secure.gravatar.com\\\/avatar\\\/9167d280179c85bc18be67aa7eda765854300033af4896dd779b608640f2ef7a?s=96&d=mm&r=g\",\"url\":\"https:\\\/\\\/secure.gravatar.com\\\/avatar\\\/9167d280179c85bc18be67aa7eda765854300033af4896dd779b608640f2ef7a?s=96&d=mm&r=g\",\"contentUrl\":\"https:\\\/\\\/secure.gravatar.com\\\/avatar\\\/9167d280179c85bc18be67aa7eda765854300033af4896dd779b608640f2ef7a?s=96&d=mm&r=g\",\"caption\":\"Diario1 Diario1\"},\"url\":\"https:\\\/\\\/diariotextual.com\\\/inicio\\\/index.php\\\/author\\\/diario1\\\/\"}]}<\/script>\n<!-- \/ Yoast SEO plugin. -->","yoast_head_json":{"title":"Un juez de Pico dict\u00f3 la primera medida del nuevo procedimiento penal para adolescentes - Diario Textual","robots":{"index":"index","follow":"follow","max-snippet":"max-snippet:-1","max-image-preview":"max-image-preview:large","max-video-preview":"max-video-preview:-1"},"canonical":"https:\/\/diariotextual.com\/inicio\/index.php\/2023\/08\/02\/un-juez-de-pico-dicto-la-primera-medida-del-nuevo-procedimiento-penal-para-adolescentes\/","og_locale":"es_ES","og_type":"article","og_title":"Un juez de Pico dict\u00f3 la primera medida del nuevo procedimiento penal para adolescentes - Diario Textual","og_description":"Un juez de control de General Pico, Alejandro Gilardenghi, fue el primero en aplicar el nuevo Procedimiento Penal para Adolescentes, que comenz\u00f3 a regir el martes, al disponer un r\u00e9gimen&hellip;","og_url":"https:\/\/diariotextual.com\/inicio\/index.php\/2023\/08\/02\/un-juez-de-pico-dicto-la-primera-medida-del-nuevo-procedimiento-penal-para-adolescentes\/","og_site_name":"Diario Textual","article_publisher":"https:\/\/www.facebook.com\/eltextual","article_published_time":"2023-08-02T16:05:26+00:00","article_modified_time":"2023-08-03T01:27:54+00:00","og_image":[{"width":700,"height":443,"url":"https:\/\/diariotextual.com\/inicio\/wp-content\/uploads\/2020\/10\/tribunalesPico2020.jpg","type":"image\/jpeg"}],"author":"Diario1 Diario1","twitter_card":"summary_large_image","twitter_creator":"@eltextual","twitter_site":"@eltextual","twitter_misc":{"Escrito por":"Diario1 Diario1","Tiempo de lectura":"3 minutos"},"schema":{"@context":"https:\/\/schema.org","@graph":[{"@type":"Article","@id":"https:\/\/diariotextual.com\/inicio\/index.php\/2023\/08\/02\/un-juez-de-pico-dicto-la-primera-medida-del-nuevo-procedimiento-penal-para-adolescentes\/#article","isPartOf":{"@id":"https:\/\/diariotextual.com\/inicio\/index.php\/2023\/08\/02\/un-juez-de-pico-dicto-la-primera-medida-del-nuevo-procedimiento-penal-para-adolescentes\/"},"author":{"name":"Diario1 Diario1","@id":"https:\/\/diariotextual.com\/inicio\/#\/schema\/person\/418fc4093c33e86ed41562db3508f958"},"headline":"Un juez de Pico dict\u00f3 la primera medida del nuevo procedimiento penal para adolescentes","datePublished":"2023-08-02T16:05:26+00:00","dateModified":"2023-08-03T01:27:54+00:00","mainEntityOfPage":{"@id":"https:\/\/diariotextual.com\/inicio\/index.php\/2023\/08\/02\/un-juez-de-pico-dicto-la-primera-medida-del-nuevo-procedimiento-penal-para-adolescentes\/"},"wordCount":674,"publisher":{"@id":"https:\/\/diariotextual.com\/inicio\/#organization"},"image":{"@id":"https:\/\/diariotextual.com\/inicio\/index.php\/2023\/08\/02\/un-juez-de-pico-dicto-la-primera-medida-del-nuevo-procedimiento-penal-para-adolescentes\/#primaryimage"},"thumbnailUrl":"https:\/\/diariotextual.com\/inicio\/wp-content\/uploads\/2020\/10\/tribunalesPico2020.jpg","articleSection":["A - ES NOTICIA (van abajo)","A - QUE PASA (al costado)","SOCIEDAD"],"inLanguage":"es"},{"@type":"WebPage","@id":"https:\/\/diariotextual.com\/inicio\/index.php\/2023\/08\/02\/un-juez-de-pico-dicto-la-primera-medida-del-nuevo-procedimiento-penal-para-adolescentes\/","url":"https:\/\/diariotextual.com\/inicio\/index.php\/2023\/08\/02\/un-juez-de-pico-dicto-la-primera-medida-del-nuevo-procedimiento-penal-para-adolescentes\/","name":"Un juez de Pico dict\u00f3 la primera medida del nuevo procedimiento penal para adolescentes - Diario Textual","isPartOf":{"@id":"https:\/\/diariotextual.com\/inicio\/#website"},"primaryImageOfPage":{"@id":"https:\/\/diariotextual.com\/inicio\/index.php\/2023\/08\/02\/un-juez-de-pico-dicto-la-primera-medida-del-nuevo-procedimiento-penal-para-adolescentes\/#primaryimage"},"image":{"@id":"https:\/\/diariotextual.com\/inicio\/index.php\/2023\/08\/02\/un-juez-de-pico-dicto-la-primera-medida-del-nuevo-procedimiento-penal-para-adolescentes\/#primaryimage"},"thumbnailUrl":"https:\/\/diariotextual.com\/inicio\/wp-content\/uploads\/2020\/10\/tribunalesPico2020.jpg","datePublished":"2023-08-02T16:05:26+00:00","dateModified":"2023-08-03T01:27:54+00:00","breadcrumb":{"@id":"https:\/\/diariotextual.com\/inicio\/index.php\/2023\/08\/02\/un-juez-de-pico-dicto-la-primera-medida-del-nuevo-procedimiento-penal-para-adolescentes\/#breadcrumb"},"inLanguage":"es","potentialAction":[{"@type":"ReadAction","target":["https:\/\/diariotextual.com\/inicio\/index.php\/2023\/08\/02\/un-juez-de-pico-dicto-la-primera-medida-del-nuevo-procedimiento-penal-para-adolescentes\/"]}]},{"@type":"ImageObject","inLanguage":"es","@id":"https:\/\/diariotextual.com\/inicio\/index.php\/2023\/08\/02\/un-juez-de-pico-dicto-la-primera-medida-del-nuevo-procedimiento-penal-para-adolescentes\/#primaryimage","url":"https:\/\/diariotextual.com\/inicio\/wp-content\/uploads\/2020\/10\/tribunalesPico2020.jpg","contentUrl":"https:\/\/diariotextual.com\/inicio\/wp-content\/uploads\/2020\/10\/tribunalesPico2020.jpg","width":700,"height":443},{"@type":"BreadcrumbList","@id":"https:\/\/diariotextual.com\/inicio\/index.php\/2023\/08\/02\/un-juez-de-pico-dicto-la-primera-medida-del-nuevo-procedimiento-penal-para-adolescentes\/#breadcrumb","itemListElement":[{"@type":"ListItem","position":1,"name":"Portada","item":"https:\/\/diariotextual.com\/inicio\/"},{"@type":"ListItem","position":2,"name":"Un juez de Pico dict\u00f3 la primera medida del nuevo procedimiento penal para adolescentes"}]},{"@type":"WebSite","@id":"https:\/\/diariotextual.com\/inicio\/#website","url":"https:\/\/diariotextual.com\/inicio\/","name":"Diario Textual","description":"","publisher":{"@id":"https:\/\/diariotextual.com\/inicio\/#organization"},"potentialAction":[{"@type":"SearchAction","target":{"@type":"EntryPoint","urlTemplate":"https:\/\/diariotextual.com\/inicio\/?s={search_term_string}"},"query-input":{"@type":"PropertyValueSpecification","valueRequired":true,"valueName":"search_term_string"}}],"inLanguage":"es"},{"@type":"Organization","@id":"https:\/\/diariotextual.com\/inicio\/#organization","name":"Diario Textual","url":"https:\/\/diariotextual.com\/inicio\/","logo":{"@type":"ImageObject","inLanguage":"es","@id":"https:\/\/diariotextual.com\/inicio\/#\/schema\/logo\/image\/","url":"https:\/\/diariotextual.com\/inicio\/wp-content\/uploads\/2023\/05\/logotextual1.jpg","contentUrl":"https:\/\/diariotextual.com\/inicio\/wp-content\/uploads\/2023\/05\/logotextual1.jpg","width":516,"height":76,"caption":"Diario Textual"},"image":{"@id":"https:\/\/diariotextual.com\/inicio\/#\/schema\/logo\/image\/"},"sameAs":["https:\/\/www.facebook.com\/eltextual","https:\/\/x.com\/eltextual","http:\/\/www.instagram.com\/eltextual"]},{"@type":"Person","@id":"https:\/\/diariotextual.com\/inicio\/#\/schema\/person\/418fc4093c33e86ed41562db3508f958","name":"Diario1 Diario1","image":{"@type":"ImageObject","inLanguage":"es","@id":"https:\/\/secure.gravatar.com\/avatar\/9167d280179c85bc18be67aa7eda765854300033af4896dd779b608640f2ef7a?s=96&d=mm&r=g","url":"https:\/\/secure.gravatar.com\/avatar\/9167d280179c85bc18be67aa7eda765854300033af4896dd779b608640f2ef7a?s=96&d=mm&r=g","contentUrl":"https:\/\/secure.gravatar.com\/avatar\/9167d280179c85bc18be67aa7eda765854300033af4896dd779b608640f2ef7a?s=96&d=mm&r=g","caption":"Diario1 Diario1"},"url":"https:\/\/diariotextual.com\/inicio\/index.php\/author\/diario1\/"}]}},"_links":{"self":[{"href":"https:\/\/diariotextual.com\/inicio\/index.php\/wp-json\/wp\/v2\/posts\/232706","targetHints":{"allow":["GET"]}}],"collection":[{"href":"https:\/\/diariotextual.com\/inicio\/index.php\/wp-json\/wp\/v2\/posts"}],"about":[{"href":"https:\/\/diariotextual.com\/inicio\/index.php\/wp-json\/wp\/v2\/types\/post"}],"author":[{"embeddable":true,"href":"https:\/\/diariotextual.com\/inicio\/index.php\/wp-json\/wp\/v2\/users\/3"}],"replies":[{"embeddable":true,"href":"https:\/\/diariotextual.com\/inicio\/index.php\/wp-json\/wp\/v2\/comments?post=232706"}],"version-history":[{"count":2,"href":"https:\/\/diariotextual.com\/inicio\/index.php\/wp-json\/wp\/v2\/posts\/232706\/revisions"}],"predecessor-version":[{"id":232710,"href":"https:\/\/diariotextual.com\/inicio\/index.php\/wp-json\/wp\/v2\/posts\/232706\/revisions\/232710"}],"wp:featuredmedia":[{"embeddable":true,"href":"https:\/\/diariotextual.com\/inicio\/index.php\/wp-json\/wp\/v2\/media\/116783"}],"wp:attachment":[{"href":"https:\/\/diariotextual.com\/inicio\/index.php\/wp-json\/wp\/v2\/media?parent=232706"}],"wp:term":[{"taxonomy":"category","embeddable":true,"href":"https:\/\/diariotextual.com\/inicio\/index.php\/wp-json\/wp\/v2\/categories?post=232706"},{"taxonomy":"post_tag","embeddable":true,"href":"https:\/\/diariotextual.com\/inicio\/index.php\/wp-json\/wp\/v2\/tags?post=232706"}],"curies":[{"name":"wp","href":"https:\/\/api.w.org\/{rel}","templated":true}]}}