{"id":232713,"date":"2023-08-02T13:24:23","date_gmt":"2023-08-02T16:24:23","guid":{"rendered":"https:\/\/diariotextual.com\/inicio\/?p=232713"},"modified":"2023-08-02T13:24:25","modified_gmt":"2023-08-02T16:24:25","slug":"este-viernes-recital-de-utopia-en-la-biblioteca-de-la-camara-de-diputados","status":"publish","type":"post","link":"https:\/\/diariotextual.com\/inicio\/index.php\/2023\/08\/02\/este-viernes-recital-de-utopia-en-la-biblioteca-de-la-camara-de-diputados\/","title":{"rendered":"Este viernes, recital de Utop\u00eda en la Biblioteca de la C\u00e1mara de Diputados"},"content":{"rendered":"\n<p>Con entrada libre y gratuita, este viernes 4 y desde las 20.30 horas, se presentar\u00e1 el <strong>Grupo Vocal Utop\u00eda<\/strong>, en la Biblioteca de esta C\u00e1mara de Diputados de La Pampa.<\/p>\n\n\n\n<p>El recital que llevar\u00e1 adelante Utop\u00eda, se enmarca en el ciclo \u201cLos Nuestros\u201d, programa que lleva adelante la Biblioteca de la Legislatura Provincial y que ya ha permitido que otros artistas de nuestro medio cuenten con este escenario para sus producciones.<\/p>\n\n\n\n<p>Utop\u00eda tiene una trayectoria de 27 a\u00f1os en los que se han presentado tanto en nuestra provincia como en otras de todo el pa\u00eds. Para esta oportunidad han preparado un repertorio especial con m\u00fasica del tradicional cancionero pampeano, adem\u00e1s de la interpretaci\u00f3n del tema destacado por el jurado del Pre-Cosqu\u00edn 2023, titulado \u201cPor las bardas\u201d, en el que hacen alusi\u00f3n a la defensa de nuestros r\u00edos. Luego continuar\u00e1n con un recorrido de m\u00fasica folkl\u00f3rica de todo el pa\u00eds.<\/p>\n\n\n\n<p>Ser\u00e1 una noche llena de armon\u00edas y emociones con estos m\u00fasicos piquenses, que ser\u00e1n acompa\u00f1ados por artistas locales Alberto Carpio y Lisandro Dasso.<\/p>\n\n\n\n<p>\u201cA trav\u00e9s del ciclo \u2018Los Nuestros\u2019 se pretende acercar a nuestra comunidad el arte de los nuestros, un espacio donde todos nos sentimos como en casa. La m\u00fasica tiene el poder de unirnos y transmitir mensajes que trascienden las palabras y eso es lo que nos motiva a seguir adelante\u201d, expresaron los organizadores.<\/p>\n","protected":false},"excerpt":{"rendered":"<p>Con entrada libre y gratuita, este viernes 4 y desde las 20.30 horas, se presentar\u00e1 el Grupo Vocal Utop\u00eda, en la Biblioteca de esta C\u00e1mara de Diputados de La Pampa.&hellip;<\/p>\n","protected":false},"author":4,"featured_media":232715,"comment_status":"closed","ping_status":"open","sticky":false,"template":"","format":"standard","meta":{"_acf_changed":false,"footnotes":""},"categories":[1,2],"tags":[],"class_list":["post-232713","post","type-post","status-publish","format-standard","has-post-thumbnail","hentry","category-es-noticia","category-cultura"],"acf":[],"yoast_head":"<!-- This site is optimized with the Yoast SEO plugin v27.4 - https:\/\/yoast.com\/product\/yoast-seo-wordpress\/ -->\n<title>Este viernes, recital de Utop\u00eda en la Biblioteca de la C\u00e1mara de Diputados - Diario Textual<\/title>\n<meta name=\"robots\" content=\"index, follow, max-snippet:-1, max-image-preview:large, max-video-preview:-1\" \/>\n<link rel=\"canonical\" href=\"https:\/\/diariotextual.com\/inicio\/index.php\/2023\/08\/02\/este-viernes-recital-de-utopia-en-la-biblioteca-de-la-camara-de-diputados\/\" \/>\n<meta property=\"og:locale\" content=\"es_ES\" \/>\n<meta property=\"og:type\" content=\"article\" \/>\n<meta property=\"og:title\" content=\"Este viernes, recital de Utop\u00eda en la Biblioteca de la C\u00e1mara de Diputados - Diario Textual\" \/>\n<meta property=\"og:description\" content=\"Con entrada libre y gratuita, este viernes 4 y desde las 20.30 horas, se presentar\u00e1 el Grupo Vocal Utop\u00eda, en la Biblioteca de esta C\u00e1mara de Diputados de La Pampa.&hellip;\" \/>\n<meta property=\"og:url\" content=\"https:\/\/diariotextual.com\/inicio\/index.php\/2023\/08\/02\/este-viernes-recital-de-utopia-en-la-biblioteca-de-la-camara-de-diputados\/\" \/>\n<meta property=\"og:site_name\" content=\"Diario Textual\" \/>\n<meta property=\"article:publisher\" content=\"https:\/\/www.facebook.com\/eltextual\" \/>\n<meta property=\"article:published_time\" content=\"2023-08-02T16:24:23+00:00\" \/>\n<meta property=\"article:modified_time\" content=\"2023-08-02T16:24:25+00:00\" \/>\n<meta property=\"og:image\" content=\"https:\/\/diariotextual.com\/inicio\/wp-content\/uploads\/2023\/08\/utopiagrupalala.jpg\" \/>\n\t<meta property=\"og:image:width\" content=\"903\" \/>\n\t<meta property=\"og:image:height\" content=\"539\" \/>\n\t<meta property=\"og:image:type\" content=\"image\/jpeg\" \/>\n<meta name=\"author\" content=\"diario2\" \/>\n<meta name=\"twitter:card\" content=\"summary_large_image\" \/>\n<meta name=\"twitter:creator\" content=\"@eltextual\" \/>\n<meta name=\"twitter:site\" content=\"@eltextual\" \/>\n<meta name=\"twitter:label1\" content=\"Escrito por\" \/>\n\t<meta name=\"twitter:data1\" content=\"diario2\" \/>\n\t<meta name=\"twitter:label2\" content=\"Tiempo de lectura\" \/>\n\t<meta name=\"twitter:data2\" content=\"2 minutos\" \/>\n<script type=\"application\/ld+json\" class=\"yoast-schema-graph\">{\"@context\":\"https:\\\/\\\/schema.org\",\"@graph\":[{\"@type\":\"Article\",\"@id\":\"https:\\\/\\\/diariotextual.com\\\/inicio\\\/index.php\\\/2023\\\/08\\\/02\\\/este-viernes-recital-de-utopia-en-la-biblioteca-de-la-camara-de-diputados\\\/#article\",\"isPartOf\":{\"@id\":\"https:\\\/\\\/diariotextual.com\\\/inicio\\\/index.php\\\/2023\\\/08\\\/02\\\/este-viernes-recital-de-utopia-en-la-biblioteca-de-la-camara-de-diputados\\\/\"},\"author\":{\"name\":\"diario2\",\"@id\":\"https:\\\/\\\/diariotextual.com\\\/inicio\\\/#\\\/schema\\\/person\\\/694f60677f23c4a530867a98f22b3768\"},\"headline\":\"Este viernes, recital de Utop\u00eda en la Biblioteca de la C\u00e1mara de Diputados\",\"datePublished\":\"2023-08-02T16:24:23+00:00\",\"dateModified\":\"2023-08-02T16:24:25+00:00\",\"mainEntityOfPage\":{\"@id\":\"https:\\\/\\\/diariotextual.com\\\/inicio\\\/index.php\\\/2023\\\/08\\\/02\\\/este-viernes-recital-de-utopia-en-la-biblioteca-de-la-camara-de-diputados\\\/\"},\"wordCount\":258,\"publisher\":{\"@id\":\"https:\\\/\\\/diariotextual.com\\\/inicio\\\/#organization\"},\"image\":{\"@id\":\"https:\\\/\\\/diariotextual.com\\\/inicio\\\/index.php\\\/2023\\\/08\\\/02\\\/este-viernes-recital-de-utopia-en-la-biblioteca-de-la-camara-de-diputados\\\/#primaryimage\"},\"thumbnailUrl\":\"https:\\\/\\\/diariotextual.com\\\/inicio\\\/wp-content\\\/uploads\\\/2023\\\/08\\\/utopiagrupalala.jpg\",\"articleSection\":[\"A - ES NOTICIA (van abajo)\",\"CULTURA\"],\"inLanguage\":\"es\"},{\"@type\":\"WebPage\",\"@id\":\"https:\\\/\\\/diariotextual.com\\\/inicio\\\/index.php\\\/2023\\\/08\\\/02\\\/este-viernes-recital-de-utopia-en-la-biblioteca-de-la-camara-de-diputados\\\/\",\"url\":\"https:\\\/\\\/diariotextual.com\\\/inicio\\\/index.php\\\/2023\\\/08\\\/02\\\/este-viernes-recital-de-utopia-en-la-biblioteca-de-la-camara-de-diputados\\\/\",\"name\":\"Este viernes, recital de Utop\u00eda en la Biblioteca de la C\u00e1mara de Diputados - Diario Textual\",\"isPartOf\":{\"@id\":\"https:\\\/\\\/diariotextual.com\\\/inicio\\\/#website\"},\"primaryImageOfPage\":{\"@id\":\"https:\\\/\\\/diariotextual.com\\\/inicio\\\/index.php\\\/2023\\\/08\\\/02\\\/este-viernes-recital-de-utopia-en-la-biblioteca-de-la-camara-de-diputados\\\/#primaryimage\"},\"image\":{\"@id\":\"https:\\\/\\\/diariotextual.com\\\/inicio\\\/index.php\\\/2023\\\/08\\\/02\\\/este-viernes-recital-de-utopia-en-la-biblioteca-de-la-camara-de-diputados\\\/#primaryimage\"},\"thumbnailUrl\":\"https:\\\/\\\/diariotextual.com\\\/inicio\\\/wp-content\\\/uploads\\\/2023\\\/08\\\/utopiagrupalala.jpg\",\"datePublished\":\"2023-08-02T16:24:23+00:00\",\"dateModified\":\"2023-08-02T16:24:25+00:00\",\"breadcrumb\":{\"@id\":\"https:\\\/\\\/diariotextual.com\\\/inicio\\\/index.php\\\/2023\\\/08\\\/02\\\/este-viernes-recital-de-utopia-en-la-biblioteca-de-la-camara-de-diputados\\\/#breadcrumb\"},\"inLanguage\":\"es\",\"potentialAction\":[{\"@type\":\"ReadAction\",\"target\":[\"https:\\\/\\\/diariotextual.com\\\/inicio\\\/index.php\\\/2023\\\/08\\\/02\\\/este-viernes-recital-de-utopia-en-la-biblioteca-de-la-camara-de-diputados\\\/\"]}]},{\"@type\":\"ImageObject\",\"inLanguage\":\"es\",\"@id\":\"https:\\\/\\\/diariotextual.com\\\/inicio\\\/index.php\\\/2023\\\/08\\\/02\\\/este-viernes-recital-de-utopia-en-la-biblioteca-de-la-camara-de-diputados\\\/#primaryimage\",\"url\":\"https:\\\/\\\/diariotextual.com\\\/inicio\\\/wp-content\\\/uploads\\\/2023\\\/08\\\/utopiagrupalala.jpg\",\"contentUrl\":\"https:\\\/\\\/diariotextual.com\\\/inicio\\\/wp-content\\\/uploads\\\/2023\\\/08\\\/utopiagrupalala.jpg\",\"width\":903,\"height\":539},{\"@type\":\"BreadcrumbList\",\"@id\":\"https:\\\/\\\/diariotextual.com\\\/inicio\\\/index.php\\\/2023\\\/08\\\/02\\\/este-viernes-recital-de-utopia-en-la-biblioteca-de-la-camara-de-diputados\\\/#breadcrumb\",\"itemListElement\":[{\"@type\":\"ListItem\",\"position\":1,\"name\":\"Portada\",\"item\":\"https:\\\/\\\/diariotextual.com\\\/inicio\\\/\"},{\"@type\":\"ListItem\",\"position\":2,\"name\":\"Este viernes, recital de Utop\u00eda en la Biblioteca de la C\u00e1mara de Diputados\"}]},{\"@type\":\"WebSite\",\"@id\":\"https:\\\/\\\/diariotextual.com\\\/inicio\\\/#website\",\"url\":\"https:\\\/\\\/diariotextual.com\\\/inicio\\\/\",\"name\":\"Diario Textual\",\"description\":\"\",\"publisher\":{\"@id\":\"https:\\\/\\\/diariotextual.com\\\/inicio\\\/#organization\"},\"potentialAction\":[{\"@type\":\"SearchAction\",\"target\":{\"@type\":\"EntryPoint\",\"urlTemplate\":\"https:\\\/\\\/diariotextual.com\\\/inicio\\\/?s={search_term_string}\"},\"query-input\":{\"@type\":\"PropertyValueSpecification\",\"valueRequired\":true,\"valueName\":\"search_term_string\"}}],\"inLanguage\":\"es\"},{\"@type\":\"Organization\",\"@id\":\"https:\\\/\\\/diariotextual.com\\\/inicio\\\/#organization\",\"name\":\"Diario Textual\",\"url\":\"https:\\\/\\\/diariotextual.com\\\/inicio\\\/\",\"logo\":{\"@type\":\"ImageObject\",\"inLanguage\":\"es\",\"@id\":\"https:\\\/\\\/diariotextual.com\\\/inicio\\\/#\\\/schema\\\/logo\\\/image\\\/\",\"url\":\"https:\\\/\\\/diariotextual.com\\\/inicio\\\/wp-content\\\/uploads\\\/2023\\\/05\\\/logotextual1.jpg\",\"contentUrl\":\"https:\\\/\\\/diariotextual.com\\\/inicio\\\/wp-content\\\/uploads\\\/2023\\\/05\\\/logotextual1.jpg\",\"width\":516,\"height\":76,\"caption\":\"Diario Textual\"},\"image\":{\"@id\":\"https:\\\/\\\/diariotextual.com\\\/inicio\\\/#\\\/schema\\\/logo\\\/image\\\/\"},\"sameAs\":[\"https:\\\/\\\/www.facebook.com\\\/eltextual\",\"https:\\\/\\\/x.com\\\/eltextual\",\"http:\\\/\\\/www.instagram.com\\\/eltextual\"]},{\"@type\":\"Person\",\"@id\":\"https:\\\/\\\/diariotextual.com\\\/inicio\\\/#\\\/schema\\\/person\\\/694f60677f23c4a530867a98f22b3768\",\"name\":\"diario2\",\"image\":{\"@type\":\"ImageObject\",\"inLanguage\":\"es\",\"@id\":\"https:\\\/\\\/secure.gravatar.com\\\/avatar\\\/5a2567495ba16b852fcd8f1ed006a2e24fcace936018ed8237e95f488ad6e0a7?s=96&d=mm&r=g\",\"url\":\"https:\\\/\\\/secure.gravatar.com\\\/avatar\\\/5a2567495ba16b852fcd8f1ed006a2e24fcace936018ed8237e95f488ad6e0a7?s=96&d=mm&r=g\",\"contentUrl\":\"https:\\\/\\\/secure.gravatar.com\\\/avatar\\\/5a2567495ba16b852fcd8f1ed006a2e24fcace936018ed8237e95f488ad6e0a7?s=96&d=mm&r=g\",\"caption\":\"diario2\"},\"url\":\"https:\\\/\\\/diariotextual.com\\\/inicio\\\/index.php\\\/author\\\/diario2\\\/\"}]}<\/script>\n<!-- \/ Yoast SEO plugin. -->","yoast_head_json":{"title":"Este viernes, recital de Utop\u00eda en la Biblioteca de la C\u00e1mara de Diputados - Diario Textual","robots":{"index":"index","follow":"follow","max-snippet":"max-snippet:-1","max-image-preview":"max-image-preview:large","max-video-preview":"max-video-preview:-1"},"canonical":"https:\/\/diariotextual.com\/inicio\/index.php\/2023\/08\/02\/este-viernes-recital-de-utopia-en-la-biblioteca-de-la-camara-de-diputados\/","og_locale":"es_ES","og_type":"article","og_title":"Este viernes, recital de Utop\u00eda en la Biblioteca de la C\u00e1mara de Diputados - Diario Textual","og_description":"Con entrada libre y gratuita, este viernes 4 y desde las 20.30 horas, se presentar\u00e1 el Grupo Vocal Utop\u00eda, en la Biblioteca de esta C\u00e1mara de Diputados de La Pampa.&hellip;","og_url":"https:\/\/diariotextual.com\/inicio\/index.php\/2023\/08\/02\/este-viernes-recital-de-utopia-en-la-biblioteca-de-la-camara-de-diputados\/","og_site_name":"Diario Textual","article_publisher":"https:\/\/www.facebook.com\/eltextual","article_published_time":"2023-08-02T16:24:23+00:00","article_modified_time":"2023-08-02T16:24:25+00:00","og_image":[{"width":903,"height":539,"url":"https:\/\/diariotextual.com\/inicio\/wp-content\/uploads\/2023\/08\/utopiagrupalala.jpg","type":"image\/jpeg"}],"author":"diario2","twitter_card":"summary_large_image","twitter_creator":"@eltextual","twitter_site":"@eltextual","twitter_misc":{"Escrito por":"diario2","Tiempo de lectura":"2 minutos"},"schema":{"@context":"https:\/\/schema.org","@graph":[{"@type":"Article","@id":"https:\/\/diariotextual.com\/inicio\/index.php\/2023\/08\/02\/este-viernes-recital-de-utopia-en-la-biblioteca-de-la-camara-de-diputados\/#article","isPartOf":{"@id":"https:\/\/diariotextual.com\/inicio\/index.php\/2023\/08\/02\/este-viernes-recital-de-utopia-en-la-biblioteca-de-la-camara-de-diputados\/"},"author":{"name":"diario2","@id":"https:\/\/diariotextual.com\/inicio\/#\/schema\/person\/694f60677f23c4a530867a98f22b3768"},"headline":"Este viernes, recital de Utop\u00eda en la Biblioteca de la C\u00e1mara de Diputados","datePublished":"2023-08-02T16:24:23+00:00","dateModified":"2023-08-02T16:24:25+00:00","mainEntityOfPage":{"@id":"https:\/\/diariotextual.com\/inicio\/index.php\/2023\/08\/02\/este-viernes-recital-de-utopia-en-la-biblioteca-de-la-camara-de-diputados\/"},"wordCount":258,"publisher":{"@id":"https:\/\/diariotextual.com\/inicio\/#organization"},"image":{"@id":"https:\/\/diariotextual.com\/inicio\/index.php\/2023\/08\/02\/este-viernes-recital-de-utopia-en-la-biblioteca-de-la-camara-de-diputados\/#primaryimage"},"thumbnailUrl":"https:\/\/diariotextual.com\/inicio\/wp-content\/uploads\/2023\/08\/utopiagrupalala.jpg","articleSection":["A - ES NOTICIA (van abajo)","CULTURA"],"inLanguage":"es"},{"@type":"WebPage","@id":"https:\/\/diariotextual.com\/inicio\/index.php\/2023\/08\/02\/este-viernes-recital-de-utopia-en-la-biblioteca-de-la-camara-de-diputados\/","url":"https:\/\/diariotextual.com\/inicio\/index.php\/2023\/08\/02\/este-viernes-recital-de-utopia-en-la-biblioteca-de-la-camara-de-diputados\/","name":"Este viernes, recital de Utop\u00eda en la Biblioteca de la C\u00e1mara de Diputados - Diario Textual","isPartOf":{"@id":"https:\/\/diariotextual.com\/inicio\/#website"},"primaryImageOfPage":{"@id":"https:\/\/diariotextual.com\/inicio\/index.php\/2023\/08\/02\/este-viernes-recital-de-utopia-en-la-biblioteca-de-la-camara-de-diputados\/#primaryimage"},"image":{"@id":"https:\/\/diariotextual.com\/inicio\/index.php\/2023\/08\/02\/este-viernes-recital-de-utopia-en-la-biblioteca-de-la-camara-de-diputados\/#primaryimage"},"thumbnailUrl":"https:\/\/diariotextual.com\/inicio\/wp-content\/uploads\/2023\/08\/utopiagrupalala.jpg","datePublished":"2023-08-02T16:24:23+00:00","dateModified":"2023-08-02T16:24:25+00:00","breadcrumb":{"@id":"https:\/\/diariotextual.com\/inicio\/index.php\/2023\/08\/02\/este-viernes-recital-de-utopia-en-la-biblioteca-de-la-camara-de-diputados\/#breadcrumb"},"inLanguage":"es","potentialAction":[{"@type":"ReadAction","target":["https:\/\/diariotextual.com\/inicio\/index.php\/2023\/08\/02\/este-viernes-recital-de-utopia-en-la-biblioteca-de-la-camara-de-diputados\/"]}]},{"@type":"ImageObject","inLanguage":"es","@id":"https:\/\/diariotextual.com\/inicio\/index.php\/2023\/08\/02\/este-viernes-recital-de-utopia-en-la-biblioteca-de-la-camara-de-diputados\/#primaryimage","url":"https:\/\/diariotextual.com\/inicio\/wp-content\/uploads\/2023\/08\/utopiagrupalala.jpg","contentUrl":"https:\/\/diariotextual.com\/inicio\/wp-content\/uploads\/2023\/08\/utopiagrupalala.jpg","width":903,"height":539},{"@type":"BreadcrumbList","@id":"https:\/\/diariotextual.com\/inicio\/index.php\/2023\/08\/02\/este-viernes-recital-de-utopia-en-la-biblioteca-de-la-camara-de-diputados\/#breadcrumb","itemListElement":[{"@type":"ListItem","position":1,"name":"Portada","item":"https:\/\/diariotextual.com\/inicio\/"},{"@type":"ListItem","position":2,"name":"Este viernes, recital de Utop\u00eda en la Biblioteca de la C\u00e1mara de Diputados"}]},{"@type":"WebSite","@id":"https:\/\/diariotextual.com\/inicio\/#website","url":"https:\/\/diariotextual.com\/inicio\/","name":"Diario Textual","description":"","publisher":{"@id":"https:\/\/diariotextual.com\/inicio\/#organization"},"potentialAction":[{"@type":"SearchAction","target":{"@type":"EntryPoint","urlTemplate":"https:\/\/diariotextual.com\/inicio\/?s={search_term_string}"},"query-input":{"@type":"PropertyValueSpecification","valueRequired":true,"valueName":"search_term_string"}}],"inLanguage":"es"},{"@type":"Organization","@id":"https:\/\/diariotextual.com\/inicio\/#organization","name":"Diario Textual","url":"https:\/\/diariotextual.com\/inicio\/","logo":{"@type":"ImageObject","inLanguage":"es","@id":"https:\/\/diariotextual.com\/inicio\/#\/schema\/logo\/image\/","url":"https:\/\/diariotextual.com\/inicio\/wp-content\/uploads\/2023\/05\/logotextual1.jpg","contentUrl":"https:\/\/diariotextual.com\/inicio\/wp-content\/uploads\/2023\/05\/logotextual1.jpg","width":516,"height":76,"caption":"Diario Textual"},"image":{"@id":"https:\/\/diariotextual.com\/inicio\/#\/schema\/logo\/image\/"},"sameAs":["https:\/\/www.facebook.com\/eltextual","https:\/\/x.com\/eltextual","http:\/\/www.instagram.com\/eltextual"]},{"@type":"Person","@id":"https:\/\/diariotextual.com\/inicio\/#\/schema\/person\/694f60677f23c4a530867a98f22b3768","name":"diario2","image":{"@type":"ImageObject","inLanguage":"es","@id":"https:\/\/secure.gravatar.com\/avatar\/5a2567495ba16b852fcd8f1ed006a2e24fcace936018ed8237e95f488ad6e0a7?s=96&d=mm&r=g","url":"https:\/\/secure.gravatar.com\/avatar\/5a2567495ba16b852fcd8f1ed006a2e24fcace936018ed8237e95f488ad6e0a7?s=96&d=mm&r=g","contentUrl":"https:\/\/secure.gravatar.com\/avatar\/5a2567495ba16b852fcd8f1ed006a2e24fcace936018ed8237e95f488ad6e0a7?s=96&d=mm&r=g","caption":"diario2"},"url":"https:\/\/diariotextual.com\/inicio\/index.php\/author\/diario2\/"}]}},"_links":{"self":[{"href":"https:\/\/diariotextual.com\/inicio\/index.php\/wp-json\/wp\/v2\/posts\/232713","targetHints":{"allow":["GET"]}}],"collection":[{"href":"https:\/\/diariotextual.com\/inicio\/index.php\/wp-json\/wp\/v2\/posts"}],"about":[{"href":"https:\/\/diariotextual.com\/inicio\/index.php\/wp-json\/wp\/v2\/types\/post"}],"author":[{"embeddable":true,"href":"https:\/\/diariotextual.com\/inicio\/index.php\/wp-json\/wp\/v2\/users\/4"}],"replies":[{"embeddable":true,"href":"https:\/\/diariotextual.com\/inicio\/index.php\/wp-json\/wp\/v2\/comments?post=232713"}],"version-history":[{"count":2,"href":"https:\/\/diariotextual.com\/inicio\/index.php\/wp-json\/wp\/v2\/posts\/232713\/revisions"}],"predecessor-version":[{"id":232716,"href":"https:\/\/diariotextual.com\/inicio\/index.php\/wp-json\/wp\/v2\/posts\/232713\/revisions\/232716"}],"wp:featuredmedia":[{"embeddable":true,"href":"https:\/\/diariotextual.com\/inicio\/index.php\/wp-json\/wp\/v2\/media\/232715"}],"wp:attachment":[{"href":"https:\/\/diariotextual.com\/inicio\/index.php\/wp-json\/wp\/v2\/media?parent=232713"}],"wp:term":[{"taxonomy":"category","embeddable":true,"href":"https:\/\/diariotextual.com\/inicio\/index.php\/wp-json\/wp\/v2\/categories?post=232713"},{"taxonomy":"post_tag","embeddable":true,"href":"https:\/\/diariotextual.com\/inicio\/index.php\/wp-json\/wp\/v2\/tags?post=232713"}],"curies":[{"name":"wp","href":"https:\/\/api.w.org\/{rel}","templated":true}]}}