{"id":232717,"date":"2023-08-02T14:42:24","date_gmt":"2023-08-02T17:42:24","guid":{"rendered":"https:\/\/diariotextual.com\/inicio\/?p=232717"},"modified":"2023-08-02T14:42:26","modified_gmt":"2023-08-02T17:42:26","slug":"aprueban-dictamen-para-bajar-tarifas-electricas-para-usuarios-de-todo-el-pais","status":"publish","type":"post","link":"https:\/\/diariotextual.com\/inicio\/index.php\/2023\/08\/02\/aprueban-dictamen-para-bajar-tarifas-electricas-para-usuarios-de-todo-el-pais\/","title":{"rendered":"Aprueban dictamen para bajar tarifas el\u00e9ctricas para usuarios de todo el pa\u00eds"},"content":{"rendered":"\n<p>Un proyecto de ley que propicia una disminuci\u00f3n de las tarifas del servicio el\u00e9ctrico para usuarios residenciales y comerciantes de todo el pa\u00eds recibi\u00f3 hoy dictamen favorable en una reuni\u00f3n de la comisi\u00f3n de Miner\u00eda, Energ\u00eda y Combustibles del Senado.<br><br>Con el apoyo de senadores del Frente de Todos, algunos en disidencia como el jefe del bloque Jos\u00e9 Mayans, y el rechazo de los legisladores de Juntos por el Cambio, la iniciativa qued\u00f3 en condiciones de ser tratada en el recinto en una pr\u00f3xima sesi\u00f3n, pasados los 7 d\u00edas reglamentarios desde su aprobaci\u00f3n en comisi\u00f3n.<br><br>La propuesta tiene como objeto \u00abestablecer criterios tarifarios que permitan disminuir la brecha de precios entre la generaci\u00f3n y el precio que pagan los usuarios finales del servicio el\u00e9ctrico, entendiendo su acceso como un derecho en el marco de la prestaci\u00f3n de un servicio p\u00fablico esencial, con el fin de reducir la tarifa para usuarios finales\u00bb.<br><br>Seg\u00fan la iniciativa, el Precio Estacional que trimestralmente aprueba la Secretar\u00eda de Energ\u00eda a propuesta de Cammesa, ser\u00e1 afectado por un \u00abFactor K\u00bb que \u00abtenga en cuenta las caracter\u00edsticas de los mercados el\u00e9ctricos en cada una de las jurisdicciones del pa\u00eds\u00bb.<br><br>\u201cEl Factor K ser\u00e1 determinado por jurisdicci\u00f3n, afectar\u00e1 al Precio Estacional y tendr\u00e1 una relaci\u00f3n inversamente proporcional al Valor Agregado de Distribuci\u00f3n (VAD) que le corresponde a cada una de los agentes distribuidores del Mercado El\u00e9ctrico Mayorista (MEM)\u201d, se\u00f1ala el articulado del proyecto.<br><br>El avance de la iniciativa era exigido por el senador entrerriano Edgardo Kueider (Unidad Federal) para ayudar al oficialismo a obtener el qu\u00f3rum necesario que le permita realizar una sesi\u00f3n antes de la celebraci\u00f3n de las elecciones PASO.<br><br>Durante la reuni\u00f3n de este mediod\u00eda, senadores del oficialismo cruzaron a sus pares de la oposici\u00f3n por no estar \u201cdispuestos a trabajar\u201d debido a su reticencia a dar quorum tanto en las comisiones como en el recinto.<br><br>El jefe de los senadores del FdT, Jos\u00e9 Mayans, declar\u00f3 que la \u201cestrategia\u201d de la oposici\u00f3n de Juntos por el Cambio (JxC) \u201ces silenciar el Parlamento\u201d y acus\u00f3 a sus pares del bloque opositor de \u201cno querer trabajar\u201d.<br><br>En respuesta, la senadora Carmen \u00c1lvarez Rivero (JxC-C\u00f3rdoba) afirm\u00f3 que tratar el proyecto en cuesti\u00f3n sin haber escuchado \u201ca todos los actores\u201d involucrados como la Secretaria de Energ\u00eda, las asociaciones de consumidores y las distribuidoras de energ\u00eda \u201ces irresponsable\u201d.<br><br>Kueider sostuvo hoy que la discusi\u00f3n de su proyecto \u201ces necesaria\u201d pero aclar\u00f3 que est\u00e1 dispuesto a escuchar propuestas de modificaciones al entender que una ley de esta naturaleza \u201cdebe llegar con el m\u00e1ximo consenso posible\u201d al recinto del Senado.<br><br>Algunos senadores del oficialismo como Mayans adelantaron que firmar\u00edan el apoyo a la iniciativa pero en disidencia con algunos puntos como el factor k y la baja de impuestos por sectores.<br><br>El proyecto fue firmado una docena de senadores del oficialismo presentes, pero no consigui\u00f3 el respaldo de los tres legisladores de Juntos por el Cambio que participaron del debate, Pablo Blanco (Tierra del Fuego), Mariana Juri (Mendoza) y \u00c1lvarez Rivero (C\u00f3rdoba).<\/p>\n","protected":false},"excerpt":{"rendered":"<p>Un proyecto de ley que propicia una disminuci\u00f3n de las tarifas del servicio el\u00e9ctrico para usuarios residenciales y comerciantes de todo el pa\u00eds recibi\u00f3 hoy dictamen favorable en una reuni\u00f3n&hellip;<\/p>\n","protected":false},"author":4,"featured_media":24455,"comment_status":"closed","ping_status":"open","sticky":false,"template":"","format":"standard","meta":{"_acf_changed":false,"footnotes":""},"categories":[1,8],"tags":[],"class_list":["post-232717","post","type-post","status-publish","format-standard","has-post-thumbnail","hentry","category-es-noticia","category-politica"],"acf":[],"yoast_head":"<!-- This site is optimized with the Yoast SEO plugin v27.4 - https:\/\/yoast.com\/product\/yoast-seo-wordpress\/ -->\n<title>Aprueban dictamen para bajar tarifas el\u00e9ctricas para usuarios de todo el pa\u00eds - Diario Textual<\/title>\n<meta name=\"robots\" content=\"index, follow, max-snippet:-1, max-image-preview:large, max-video-preview:-1\" \/>\n<link rel=\"canonical\" href=\"https:\/\/diariotextual.com\/inicio\/index.php\/2023\/08\/02\/aprueban-dictamen-para-bajar-tarifas-electricas-para-usuarios-de-todo-el-pais\/\" \/>\n<meta property=\"og:locale\" content=\"es_ES\" \/>\n<meta property=\"og:type\" content=\"article\" \/>\n<meta property=\"og:title\" content=\"Aprueban dictamen para bajar tarifas el\u00e9ctricas para usuarios de todo el pa\u00eds - Diario Textual\" \/>\n<meta property=\"og:description\" content=\"Un proyecto de ley que propicia una disminuci\u00f3n de las tarifas del servicio el\u00e9ctrico para usuarios residenciales y comerciantes de todo el pa\u00eds recibi\u00f3 hoy dictamen favorable en una reuni\u00f3n&hellip;\" \/>\n<meta property=\"og:url\" content=\"https:\/\/diariotextual.com\/inicio\/index.php\/2023\/08\/02\/aprueban-dictamen-para-bajar-tarifas-electricas-para-usuarios-de-todo-el-pais\/\" \/>\n<meta property=\"og:site_name\" content=\"Diario Textual\" \/>\n<meta property=\"article:publisher\" content=\"https:\/\/www.facebook.com\/eltextual\" \/>\n<meta property=\"article:published_time\" content=\"2023-08-02T17:42:24+00:00\" \/>\n<meta property=\"article:modified_time\" content=\"2023-08-02T17:42:26+00:00\" \/>\n<meta property=\"og:image\" content=\"https:\/\/diariotextual.com\/inicio\/wp-content\/uploads\/2018\/10\/electricidadfocoluz333jpg.jpg\" \/>\n\t<meta property=\"og:image:width\" content=\"532\" \/>\n\t<meta property=\"og:image:height\" content=\"296\" \/>\n\t<meta property=\"og:image:type\" content=\"image\/jpeg\" \/>\n<meta name=\"author\" content=\"diario2\" \/>\n<meta name=\"twitter:card\" content=\"summary_large_image\" \/>\n<meta name=\"twitter:creator\" content=\"@eltextual\" \/>\n<meta name=\"twitter:site\" content=\"@eltextual\" \/>\n<meta name=\"twitter:label1\" content=\"Escrito por\" \/>\n\t<meta name=\"twitter:data1\" content=\"diario2\" \/>\n\t<meta name=\"twitter:label2\" content=\"Tiempo de lectura\" \/>\n\t<meta name=\"twitter:data2\" content=\"3 minutos\" \/>\n<script type=\"application\/ld+json\" class=\"yoast-schema-graph\">{\"@context\":\"https:\\\/\\\/schema.org\",\"@graph\":[{\"@type\":\"Article\",\"@id\":\"https:\\\/\\\/diariotextual.com\\\/inicio\\\/index.php\\\/2023\\\/08\\\/02\\\/aprueban-dictamen-para-bajar-tarifas-electricas-para-usuarios-de-todo-el-pais\\\/#article\",\"isPartOf\":{\"@id\":\"https:\\\/\\\/diariotextual.com\\\/inicio\\\/index.php\\\/2023\\\/08\\\/02\\\/aprueban-dictamen-para-bajar-tarifas-electricas-para-usuarios-de-todo-el-pais\\\/\"},\"author\":{\"name\":\"diario2\",\"@id\":\"https:\\\/\\\/diariotextual.com\\\/inicio\\\/#\\\/schema\\\/person\\\/694f60677f23c4a530867a98f22b3768\"},\"headline\":\"Aprueban dictamen para bajar tarifas el\u00e9ctricas para usuarios de todo el pa\u00eds\",\"datePublished\":\"2023-08-02T17:42:24+00:00\",\"dateModified\":\"2023-08-02T17:42:26+00:00\",\"mainEntityOfPage\":{\"@id\":\"https:\\\/\\\/diariotextual.com\\\/inicio\\\/index.php\\\/2023\\\/08\\\/02\\\/aprueban-dictamen-para-bajar-tarifas-electricas-para-usuarios-de-todo-el-pais\\\/\"},\"wordCount\":554,\"publisher\":{\"@id\":\"https:\\\/\\\/diariotextual.com\\\/inicio\\\/#organization\"},\"image\":{\"@id\":\"https:\\\/\\\/diariotextual.com\\\/inicio\\\/index.php\\\/2023\\\/08\\\/02\\\/aprueban-dictamen-para-bajar-tarifas-electricas-para-usuarios-de-todo-el-pais\\\/#primaryimage\"},\"thumbnailUrl\":\"https:\\\/\\\/diariotextual.com\\\/inicio\\\/wp-content\\\/uploads\\\/2018\\\/10\\\/electricidadfocoluz333jpg.jpg\",\"articleSection\":[\"A - ES NOTICIA (van abajo)\",\"POLITICA\"],\"inLanguage\":\"es\"},{\"@type\":\"WebPage\",\"@id\":\"https:\\\/\\\/diariotextual.com\\\/inicio\\\/index.php\\\/2023\\\/08\\\/02\\\/aprueban-dictamen-para-bajar-tarifas-electricas-para-usuarios-de-todo-el-pais\\\/\",\"url\":\"https:\\\/\\\/diariotextual.com\\\/inicio\\\/index.php\\\/2023\\\/08\\\/02\\\/aprueban-dictamen-para-bajar-tarifas-electricas-para-usuarios-de-todo-el-pais\\\/\",\"name\":\"Aprueban dictamen para bajar tarifas el\u00e9ctricas para usuarios de todo el pa\u00eds - Diario Textual\",\"isPartOf\":{\"@id\":\"https:\\\/\\\/diariotextual.com\\\/inicio\\\/#website\"},\"primaryImageOfPage\":{\"@id\":\"https:\\\/\\\/diariotextual.com\\\/inicio\\\/index.php\\\/2023\\\/08\\\/02\\\/aprueban-dictamen-para-bajar-tarifas-electricas-para-usuarios-de-todo-el-pais\\\/#primaryimage\"},\"image\":{\"@id\":\"https:\\\/\\\/diariotextual.com\\\/inicio\\\/index.php\\\/2023\\\/08\\\/02\\\/aprueban-dictamen-para-bajar-tarifas-electricas-para-usuarios-de-todo-el-pais\\\/#primaryimage\"},\"thumbnailUrl\":\"https:\\\/\\\/diariotextual.com\\\/inicio\\\/wp-content\\\/uploads\\\/2018\\\/10\\\/electricidadfocoluz333jpg.jpg\",\"datePublished\":\"2023-08-02T17:42:24+00:00\",\"dateModified\":\"2023-08-02T17:42:26+00:00\",\"breadcrumb\":{\"@id\":\"https:\\\/\\\/diariotextual.com\\\/inicio\\\/index.php\\\/2023\\\/08\\\/02\\\/aprueban-dictamen-para-bajar-tarifas-electricas-para-usuarios-de-todo-el-pais\\\/#breadcrumb\"},\"inLanguage\":\"es\",\"potentialAction\":[{\"@type\":\"ReadAction\",\"target\":[\"https:\\\/\\\/diariotextual.com\\\/inicio\\\/index.php\\\/2023\\\/08\\\/02\\\/aprueban-dictamen-para-bajar-tarifas-electricas-para-usuarios-de-todo-el-pais\\\/\"]}]},{\"@type\":\"ImageObject\",\"inLanguage\":\"es\",\"@id\":\"https:\\\/\\\/diariotextual.com\\\/inicio\\\/index.php\\\/2023\\\/08\\\/02\\\/aprueban-dictamen-para-bajar-tarifas-electricas-para-usuarios-de-todo-el-pais\\\/#primaryimage\",\"url\":\"https:\\\/\\\/diariotextual.com\\\/inicio\\\/wp-content\\\/uploads\\\/2018\\\/10\\\/electricidadfocoluz333jpg.jpg\",\"contentUrl\":\"https:\\\/\\\/diariotextual.com\\\/inicio\\\/wp-content\\\/uploads\\\/2018\\\/10\\\/electricidadfocoluz333jpg.jpg\",\"width\":532,\"height\":296},{\"@type\":\"BreadcrumbList\",\"@id\":\"https:\\\/\\\/diariotextual.com\\\/inicio\\\/index.php\\\/2023\\\/08\\\/02\\\/aprueban-dictamen-para-bajar-tarifas-electricas-para-usuarios-de-todo-el-pais\\\/#breadcrumb\",\"itemListElement\":[{\"@type\":\"ListItem\",\"position\":1,\"name\":\"Portada\",\"item\":\"https:\\\/\\\/diariotextual.com\\\/inicio\\\/\"},{\"@type\":\"ListItem\",\"position\":2,\"name\":\"Aprueban dictamen para bajar tarifas el\u00e9ctricas para usuarios de todo el pa\u00eds\"}]},{\"@type\":\"WebSite\",\"@id\":\"https:\\\/\\\/diariotextual.com\\\/inicio\\\/#website\",\"url\":\"https:\\\/\\\/diariotextual.com\\\/inicio\\\/\",\"name\":\"Diario Textual\",\"description\":\"\",\"publisher\":{\"@id\":\"https:\\\/\\\/diariotextual.com\\\/inicio\\\/#organization\"},\"potentialAction\":[{\"@type\":\"SearchAction\",\"target\":{\"@type\":\"EntryPoint\",\"urlTemplate\":\"https:\\\/\\\/diariotextual.com\\\/inicio\\\/?s={search_term_string}\"},\"query-input\":{\"@type\":\"PropertyValueSpecification\",\"valueRequired\":true,\"valueName\":\"search_term_string\"}}],\"inLanguage\":\"es\"},{\"@type\":\"Organization\",\"@id\":\"https:\\\/\\\/diariotextual.com\\\/inicio\\\/#organization\",\"name\":\"Diario Textual\",\"url\":\"https:\\\/\\\/diariotextual.com\\\/inicio\\\/\",\"logo\":{\"@type\":\"ImageObject\",\"inLanguage\":\"es\",\"@id\":\"https:\\\/\\\/diariotextual.com\\\/inicio\\\/#\\\/schema\\\/logo\\\/image\\\/\",\"url\":\"https:\\\/\\\/diariotextual.com\\\/inicio\\\/wp-content\\\/uploads\\\/2023\\\/05\\\/logotextual1.jpg\",\"contentUrl\":\"https:\\\/\\\/diariotextual.com\\\/inicio\\\/wp-content\\\/uploads\\\/2023\\\/05\\\/logotextual1.jpg\",\"width\":516,\"height\":76,\"caption\":\"Diario Textual\"},\"image\":{\"@id\":\"https:\\\/\\\/diariotextual.com\\\/inicio\\\/#\\\/schema\\\/logo\\\/image\\\/\"},\"sameAs\":[\"https:\\\/\\\/www.facebook.com\\\/eltextual\",\"https:\\\/\\\/x.com\\\/eltextual\",\"http:\\\/\\\/www.instagram.com\\\/eltextual\"]},{\"@type\":\"Person\",\"@id\":\"https:\\\/\\\/diariotextual.com\\\/inicio\\\/#\\\/schema\\\/person\\\/694f60677f23c4a530867a98f22b3768\",\"name\":\"diario2\",\"image\":{\"@type\":\"ImageObject\",\"inLanguage\":\"es\",\"@id\":\"https:\\\/\\\/secure.gravatar.com\\\/avatar\\\/5a2567495ba16b852fcd8f1ed006a2e24fcace936018ed8237e95f488ad6e0a7?s=96&d=mm&r=g\",\"url\":\"https:\\\/\\\/secure.gravatar.com\\\/avatar\\\/5a2567495ba16b852fcd8f1ed006a2e24fcace936018ed8237e95f488ad6e0a7?s=96&d=mm&r=g\",\"contentUrl\":\"https:\\\/\\\/secure.gravatar.com\\\/avatar\\\/5a2567495ba16b852fcd8f1ed006a2e24fcace936018ed8237e95f488ad6e0a7?s=96&d=mm&r=g\",\"caption\":\"diario2\"},\"url\":\"https:\\\/\\\/diariotextual.com\\\/inicio\\\/index.php\\\/author\\\/diario2\\\/\"}]}<\/script>\n<!-- \/ Yoast SEO plugin. -->","yoast_head_json":{"title":"Aprueban dictamen para bajar tarifas el\u00e9ctricas para usuarios de todo el pa\u00eds - Diario Textual","robots":{"index":"index","follow":"follow","max-snippet":"max-snippet:-1","max-image-preview":"max-image-preview:large","max-video-preview":"max-video-preview:-1"},"canonical":"https:\/\/diariotextual.com\/inicio\/index.php\/2023\/08\/02\/aprueban-dictamen-para-bajar-tarifas-electricas-para-usuarios-de-todo-el-pais\/","og_locale":"es_ES","og_type":"article","og_title":"Aprueban dictamen para bajar tarifas el\u00e9ctricas para usuarios de todo el pa\u00eds - Diario Textual","og_description":"Un proyecto de ley que propicia una disminuci\u00f3n de las tarifas del servicio el\u00e9ctrico para usuarios residenciales y comerciantes de todo el pa\u00eds recibi\u00f3 hoy dictamen favorable en una reuni\u00f3n&hellip;","og_url":"https:\/\/diariotextual.com\/inicio\/index.php\/2023\/08\/02\/aprueban-dictamen-para-bajar-tarifas-electricas-para-usuarios-de-todo-el-pais\/","og_site_name":"Diario Textual","article_publisher":"https:\/\/www.facebook.com\/eltextual","article_published_time":"2023-08-02T17:42:24+00:00","article_modified_time":"2023-08-02T17:42:26+00:00","og_image":[{"width":532,"height":296,"url":"https:\/\/diariotextual.com\/inicio\/wp-content\/uploads\/2018\/10\/electricidadfocoluz333jpg.jpg","type":"image\/jpeg"}],"author":"diario2","twitter_card":"summary_large_image","twitter_creator":"@eltextual","twitter_site":"@eltextual","twitter_misc":{"Escrito por":"diario2","Tiempo de lectura":"3 minutos"},"schema":{"@context":"https:\/\/schema.org","@graph":[{"@type":"Article","@id":"https:\/\/diariotextual.com\/inicio\/index.php\/2023\/08\/02\/aprueban-dictamen-para-bajar-tarifas-electricas-para-usuarios-de-todo-el-pais\/#article","isPartOf":{"@id":"https:\/\/diariotextual.com\/inicio\/index.php\/2023\/08\/02\/aprueban-dictamen-para-bajar-tarifas-electricas-para-usuarios-de-todo-el-pais\/"},"author":{"name":"diario2","@id":"https:\/\/diariotextual.com\/inicio\/#\/schema\/person\/694f60677f23c4a530867a98f22b3768"},"headline":"Aprueban dictamen para bajar tarifas el\u00e9ctricas para usuarios de todo el pa\u00eds","datePublished":"2023-08-02T17:42:24+00:00","dateModified":"2023-08-02T17:42:26+00:00","mainEntityOfPage":{"@id":"https:\/\/diariotextual.com\/inicio\/index.php\/2023\/08\/02\/aprueban-dictamen-para-bajar-tarifas-electricas-para-usuarios-de-todo-el-pais\/"},"wordCount":554,"publisher":{"@id":"https:\/\/diariotextual.com\/inicio\/#organization"},"image":{"@id":"https:\/\/diariotextual.com\/inicio\/index.php\/2023\/08\/02\/aprueban-dictamen-para-bajar-tarifas-electricas-para-usuarios-de-todo-el-pais\/#primaryimage"},"thumbnailUrl":"https:\/\/diariotextual.com\/inicio\/wp-content\/uploads\/2018\/10\/electricidadfocoluz333jpg.jpg","articleSection":["A - ES NOTICIA (van abajo)","POLITICA"],"inLanguage":"es"},{"@type":"WebPage","@id":"https:\/\/diariotextual.com\/inicio\/index.php\/2023\/08\/02\/aprueban-dictamen-para-bajar-tarifas-electricas-para-usuarios-de-todo-el-pais\/","url":"https:\/\/diariotextual.com\/inicio\/index.php\/2023\/08\/02\/aprueban-dictamen-para-bajar-tarifas-electricas-para-usuarios-de-todo-el-pais\/","name":"Aprueban dictamen para bajar tarifas el\u00e9ctricas para usuarios de todo el pa\u00eds - Diario Textual","isPartOf":{"@id":"https:\/\/diariotextual.com\/inicio\/#website"},"primaryImageOfPage":{"@id":"https:\/\/diariotextual.com\/inicio\/index.php\/2023\/08\/02\/aprueban-dictamen-para-bajar-tarifas-electricas-para-usuarios-de-todo-el-pais\/#primaryimage"},"image":{"@id":"https:\/\/diariotextual.com\/inicio\/index.php\/2023\/08\/02\/aprueban-dictamen-para-bajar-tarifas-electricas-para-usuarios-de-todo-el-pais\/#primaryimage"},"thumbnailUrl":"https:\/\/diariotextual.com\/inicio\/wp-content\/uploads\/2018\/10\/electricidadfocoluz333jpg.jpg","datePublished":"2023-08-02T17:42:24+00:00","dateModified":"2023-08-02T17:42:26+00:00","breadcrumb":{"@id":"https:\/\/diariotextual.com\/inicio\/index.php\/2023\/08\/02\/aprueban-dictamen-para-bajar-tarifas-electricas-para-usuarios-de-todo-el-pais\/#breadcrumb"},"inLanguage":"es","potentialAction":[{"@type":"ReadAction","target":["https:\/\/diariotextual.com\/inicio\/index.php\/2023\/08\/02\/aprueban-dictamen-para-bajar-tarifas-electricas-para-usuarios-de-todo-el-pais\/"]}]},{"@type":"ImageObject","inLanguage":"es","@id":"https:\/\/diariotextual.com\/inicio\/index.php\/2023\/08\/02\/aprueban-dictamen-para-bajar-tarifas-electricas-para-usuarios-de-todo-el-pais\/#primaryimage","url":"https:\/\/diariotextual.com\/inicio\/wp-content\/uploads\/2018\/10\/electricidadfocoluz333jpg.jpg","contentUrl":"https:\/\/diariotextual.com\/inicio\/wp-content\/uploads\/2018\/10\/electricidadfocoluz333jpg.jpg","width":532,"height":296},{"@type":"BreadcrumbList","@id":"https:\/\/diariotextual.com\/inicio\/index.php\/2023\/08\/02\/aprueban-dictamen-para-bajar-tarifas-electricas-para-usuarios-de-todo-el-pais\/#breadcrumb","itemListElement":[{"@type":"ListItem","position":1,"name":"Portada","item":"https:\/\/diariotextual.com\/inicio\/"},{"@type":"ListItem","position":2,"name":"Aprueban dictamen para bajar tarifas el\u00e9ctricas para usuarios de todo el pa\u00eds"}]},{"@type":"WebSite","@id":"https:\/\/diariotextual.com\/inicio\/#website","url":"https:\/\/diariotextual.com\/inicio\/","name":"Diario Textual","description":"","publisher":{"@id":"https:\/\/diariotextual.com\/inicio\/#organization"},"potentialAction":[{"@type":"SearchAction","target":{"@type":"EntryPoint","urlTemplate":"https:\/\/diariotextual.com\/inicio\/?s={search_term_string}"},"query-input":{"@type":"PropertyValueSpecification","valueRequired":true,"valueName":"search_term_string"}}],"inLanguage":"es"},{"@type":"Organization","@id":"https:\/\/diariotextual.com\/inicio\/#organization","name":"Diario Textual","url":"https:\/\/diariotextual.com\/inicio\/","logo":{"@type":"ImageObject","inLanguage":"es","@id":"https:\/\/diariotextual.com\/inicio\/#\/schema\/logo\/image\/","url":"https:\/\/diariotextual.com\/inicio\/wp-content\/uploads\/2023\/05\/logotextual1.jpg","contentUrl":"https:\/\/diariotextual.com\/inicio\/wp-content\/uploads\/2023\/05\/logotextual1.jpg","width":516,"height":76,"caption":"Diario Textual"},"image":{"@id":"https:\/\/diariotextual.com\/inicio\/#\/schema\/logo\/image\/"},"sameAs":["https:\/\/www.facebook.com\/eltextual","https:\/\/x.com\/eltextual","http:\/\/www.instagram.com\/eltextual"]},{"@type":"Person","@id":"https:\/\/diariotextual.com\/inicio\/#\/schema\/person\/694f60677f23c4a530867a98f22b3768","name":"diario2","image":{"@type":"ImageObject","inLanguage":"es","@id":"https:\/\/secure.gravatar.com\/avatar\/5a2567495ba16b852fcd8f1ed006a2e24fcace936018ed8237e95f488ad6e0a7?s=96&d=mm&r=g","url":"https:\/\/secure.gravatar.com\/avatar\/5a2567495ba16b852fcd8f1ed006a2e24fcace936018ed8237e95f488ad6e0a7?s=96&d=mm&r=g","contentUrl":"https:\/\/secure.gravatar.com\/avatar\/5a2567495ba16b852fcd8f1ed006a2e24fcace936018ed8237e95f488ad6e0a7?s=96&d=mm&r=g","caption":"diario2"},"url":"https:\/\/diariotextual.com\/inicio\/index.php\/author\/diario2\/"}]}},"_links":{"self":[{"href":"https:\/\/diariotextual.com\/inicio\/index.php\/wp-json\/wp\/v2\/posts\/232717","targetHints":{"allow":["GET"]}}],"collection":[{"href":"https:\/\/diariotextual.com\/inicio\/index.php\/wp-json\/wp\/v2\/posts"}],"about":[{"href":"https:\/\/diariotextual.com\/inicio\/index.php\/wp-json\/wp\/v2\/types\/post"}],"author":[{"embeddable":true,"href":"https:\/\/diariotextual.com\/inicio\/index.php\/wp-json\/wp\/v2\/users\/4"}],"replies":[{"embeddable":true,"href":"https:\/\/diariotextual.com\/inicio\/index.php\/wp-json\/wp\/v2\/comments?post=232717"}],"version-history":[{"count":1,"href":"https:\/\/diariotextual.com\/inicio\/index.php\/wp-json\/wp\/v2\/posts\/232717\/revisions"}],"predecessor-version":[{"id":232718,"href":"https:\/\/diariotextual.com\/inicio\/index.php\/wp-json\/wp\/v2\/posts\/232717\/revisions\/232718"}],"wp:featuredmedia":[{"embeddable":true,"href":"https:\/\/diariotextual.com\/inicio\/index.php\/wp-json\/wp\/v2\/media\/24455"}],"wp:attachment":[{"href":"https:\/\/diariotextual.com\/inicio\/index.php\/wp-json\/wp\/v2\/media?parent=232717"}],"wp:term":[{"taxonomy":"category","embeddable":true,"href":"https:\/\/diariotextual.com\/inicio\/index.php\/wp-json\/wp\/v2\/categories?post=232717"},{"taxonomy":"post_tag","embeddable":true,"href":"https:\/\/diariotextual.com\/inicio\/index.php\/wp-json\/wp\/v2\/tags?post=232717"}],"curies":[{"name":"wp","href":"https:\/\/api.w.org\/{rel}","templated":true}]}}