{"id":232719,"date":"2023-08-02T14:45:23","date_gmt":"2023-08-02T17:45:23","guid":{"rendered":"https:\/\/diariotextual.com\/inicio\/?p=232719"},"modified":"2023-08-02T14:45:25","modified_gmt":"2023-08-02T17:45:25","slug":"confirmaron-la-preventiva-para-l-gante-y-seguira-detenido","status":"publish","type":"post","link":"https:\/\/diariotextual.com\/inicio\/index.php\/2023\/08\/02\/confirmaron-la-preventiva-para-l-gante-y-seguira-detenido\/","title":{"rendered":"Confirmaron la preventiva para L-Gante y seguir\u00e1 detenido\u00a0"},"content":{"rendered":"\n<p>Eli\u00e1n Valenzuela, conocido como<strong> L-Gante, seguir\u00e1 detenido ya que la C\u00e1mara del Crimen de Mercedes confirm\u00f3 su prisi\u00f3n preventiva <\/strong>en la causa por amenaza y privaci\u00f3n ileg\u00edtima de la libertad a un vecino de General Rodr\u00edguez con el que hab\u00eda tenido un conflicto.<\/p>\n\n\n\n<p>La prisi\u00f3n preventiva fue confirmada ya que los camaristas entienden que existen riesgos procesales, y que de ser liberado, L-Gante podr\u00eda intimidar a los testigos y al vecino con el que mantuvo el conflicto, debido a que vive en el mismo barrio de la madre del cantante y fue amenazado por \u00e9ste seg\u00fan denunci\u00f3.<\/p>\n\n\n\n<p>L-Gante ofreci\u00f3 como lugar para vivir una casa en San Vicente de su manager pero la Justicia lo rechaz\u00f3 y s\u00f3lo tuvo la aprobaci\u00f3n del juez de garant\u00edas cuya decisi\u00f3n luego fue revocada por el Tribunal.<\/p>\n\n\n\n<p>\u201cSe desprende de lo actuado que esas m\u00ednimas discordancias resultan irrelevantes para arrojar dudas sobre la participaci\u00f3n de Valenzuela de la forma descripta en los sucesos investigados\u201d, dijo la C\u00e1mara en el fallo.<\/p>\n\n\n\n<p>\u201cA ello sumamos, que no advertimos en los testigos \u00e1nimo de perjudicar al imputado, sino que valoramos que relataron lo que les toc\u00f3 vivir\u201d, dijo el Tribunal.<\/p>\n\n\n\n<p>Respecto a las pruebas, la C\u00e1mara dijo que \u201cno se advierte raz\u00f3n alguna para que el denunciante Torres, su esposa y sus hijos, declararan en los t\u00e9rminos en que lo hicieron, incrimin\u00e1ndolo, menos a\u00fan cuando el propio Valenzuela refiere que estas personas \u00ab&#8230;eran de extrema confianza m\u00eda y conocidos, convertidos en familia amiga\u201d.<\/p>\n\n\n\n<p>Adem\u00e1s, la C\u00e1mara valor\u00f3 la declaraci\u00f3n de dos polic\u00edas que llegaron al lugar del hecho aquel 27 de mayo, cuando el m\u00fasico amenaz\u00f3 al vecino.<\/p>\n\n\n\n<p>\u201cEl primero manifest\u00f3 que cuando se hallaban identificando a un grupo de personas que formar\u00edan parte del grupo denominado \u201c420\u201d, se present\u00f3 en un veh\u00edculo BMW, un sujeto que reconoci\u00f3 como \u201cL Gante\u201d, el que tras bajar la ventanilla y vociferar <strong>\u201cliberen a los pibes que yo ahora arreglo todo<\/strong>\u201d, se fue del lugar a gran velocidad.<\/p>\n\n\n\n<p>La segunda, por su parte, declar\u00f3 en igual sentido, s\u00f3lo que no logr\u00f3 escuchar lo referido por \u201cL Gante\u201d antes de retirarse r\u00e1pidamente\u201d, citaron.<\/p>\n\n\n\n<p>\u201cRecalcamos el car\u00e1cter provisorio que sigue teniendo la incriminaci\u00f3n del justiciable en este estadio judicial, raz\u00f3n por la cual s\u00f3lo se requiere justificaci\u00f3n del cuerpo del delito, y elementos de convicci\u00f3n suficientes o indicios vehementes para sostener la probable autor\u00eda y responsabilidad del imputado\u201d, sostuvo el Tribunal al ratificar la preventiva sobre el cantante.<\/p>\n","protected":false},"excerpt":{"rendered":"<p>Eli\u00e1n Valenzuela, conocido como L-Gante, seguir\u00e1 detenido ya que la C\u00e1mara del Crimen de Mercedes confirm\u00f3 su prisi\u00f3n preventiva en la causa por amenaza y privaci\u00f3n ileg\u00edtima de la libertad&hellip;<\/p>\n","protected":false},"author":4,"featured_media":227739,"comment_status":"closed","ping_status":"open","sticky":false,"template":"","format":"standard","meta":{"_acf_changed":false,"footnotes":""},"categories":[1,12],"tags":[],"class_list":["post-232719","post","type-post","status-publish","format-standard","has-post-thumbnail","hentry","category-es-noticia","category-sociedad"],"acf":[],"yoast_head":"<!-- This site is optimized with the Yoast SEO plugin v27.4 - https:\/\/yoast.com\/product\/yoast-seo-wordpress\/ -->\n<title>Confirmaron la preventiva para L-Gante y seguir\u00e1 detenido\u00a0 - Diario Textual<\/title>\n<meta name=\"robots\" content=\"index, follow, max-snippet:-1, max-image-preview:large, max-video-preview:-1\" \/>\n<link rel=\"canonical\" href=\"https:\/\/diariotextual.com\/inicio\/index.php\/2023\/08\/02\/confirmaron-la-preventiva-para-l-gante-y-seguira-detenido\/\" \/>\n<meta property=\"og:locale\" content=\"es_ES\" \/>\n<meta property=\"og:type\" content=\"article\" \/>\n<meta property=\"og:title\" content=\"Confirmaron la preventiva para L-Gante y seguir\u00e1 detenido\u00a0 - Diario Textual\" \/>\n<meta property=\"og:description\" content=\"Eli\u00e1n Valenzuela, conocido como L-Gante, seguir\u00e1 detenido ya que la C\u00e1mara del Crimen de Mercedes confirm\u00f3 su prisi\u00f3n preventiva en la causa por amenaza y privaci\u00f3n ileg\u00edtima de la libertad&hellip;\" \/>\n<meta property=\"og:url\" content=\"https:\/\/diariotextual.com\/inicio\/index.php\/2023\/08\/02\/confirmaron-la-preventiva-para-l-gante-y-seguira-detenido\/\" \/>\n<meta property=\"og:site_name\" content=\"Diario Textual\" \/>\n<meta property=\"article:publisher\" content=\"https:\/\/www.facebook.com\/eltextual\" \/>\n<meta property=\"article:published_time\" content=\"2023-08-02T17:45:23+00:00\" \/>\n<meta property=\"article:modified_time\" content=\"2023-08-02T17:45:25+00:00\" \/>\n<meta property=\"og:image\" content=\"https:\/\/diariotextual.com\/inicio\/wp-content\/uploads\/2023\/06\/L-Gante6578.jpg\" \/>\n\t<meta property=\"og:image:width\" content=\"900\" \/>\n\t<meta property=\"og:image:height\" content=\"506\" \/>\n\t<meta property=\"og:image:type\" content=\"image\/jpeg\" \/>\n<meta name=\"author\" content=\"diario2\" \/>\n<meta name=\"twitter:card\" content=\"summary_large_image\" \/>\n<meta name=\"twitter:creator\" content=\"@eltextual\" \/>\n<meta name=\"twitter:site\" content=\"@eltextual\" \/>\n<meta name=\"twitter:label1\" content=\"Escrito por\" \/>\n\t<meta name=\"twitter:data1\" content=\"diario2\" \/>\n\t<meta name=\"twitter:label2\" content=\"Tiempo de lectura\" \/>\n\t<meta name=\"twitter:data2\" content=\"2 minutos\" \/>\n<script type=\"application\/ld+json\" class=\"yoast-schema-graph\">{\"@context\":\"https:\\\/\\\/schema.org\",\"@graph\":[{\"@type\":\"Article\",\"@id\":\"https:\\\/\\\/diariotextual.com\\\/inicio\\\/index.php\\\/2023\\\/08\\\/02\\\/confirmaron-la-preventiva-para-l-gante-y-seguira-detenido\\\/#article\",\"isPartOf\":{\"@id\":\"https:\\\/\\\/diariotextual.com\\\/inicio\\\/index.php\\\/2023\\\/08\\\/02\\\/confirmaron-la-preventiva-para-l-gante-y-seguira-detenido\\\/\"},\"author\":{\"name\":\"diario2\",\"@id\":\"https:\\\/\\\/diariotextual.com\\\/inicio\\\/#\\\/schema\\\/person\\\/694f60677f23c4a530867a98f22b3768\"},\"headline\":\"Confirmaron la preventiva para L-Gante y seguir\u00e1 detenido\u00a0\",\"datePublished\":\"2023-08-02T17:45:23+00:00\",\"dateModified\":\"2023-08-02T17:45:25+00:00\",\"mainEntityOfPage\":{\"@id\":\"https:\\\/\\\/diariotextual.com\\\/inicio\\\/index.php\\\/2023\\\/08\\\/02\\\/confirmaron-la-preventiva-para-l-gante-y-seguira-detenido\\\/\"},\"wordCount\":451,\"publisher\":{\"@id\":\"https:\\\/\\\/diariotextual.com\\\/inicio\\\/#organization\"},\"image\":{\"@id\":\"https:\\\/\\\/diariotextual.com\\\/inicio\\\/index.php\\\/2023\\\/08\\\/02\\\/confirmaron-la-preventiva-para-l-gante-y-seguira-detenido\\\/#primaryimage\"},\"thumbnailUrl\":\"https:\\\/\\\/diariotextual.com\\\/inicio\\\/wp-content\\\/uploads\\\/2023\\\/06\\\/L-Gante6578.jpg\",\"articleSection\":[\"A - ES NOTICIA (van abajo)\",\"SOCIEDAD\"],\"inLanguage\":\"es\"},{\"@type\":\"WebPage\",\"@id\":\"https:\\\/\\\/diariotextual.com\\\/inicio\\\/index.php\\\/2023\\\/08\\\/02\\\/confirmaron-la-preventiva-para-l-gante-y-seguira-detenido\\\/\",\"url\":\"https:\\\/\\\/diariotextual.com\\\/inicio\\\/index.php\\\/2023\\\/08\\\/02\\\/confirmaron-la-preventiva-para-l-gante-y-seguira-detenido\\\/\",\"name\":\"Confirmaron la preventiva para L-Gante y seguir\u00e1 detenido\u00a0 - Diario Textual\",\"isPartOf\":{\"@id\":\"https:\\\/\\\/diariotextual.com\\\/inicio\\\/#website\"},\"primaryImageOfPage\":{\"@id\":\"https:\\\/\\\/diariotextual.com\\\/inicio\\\/index.php\\\/2023\\\/08\\\/02\\\/confirmaron-la-preventiva-para-l-gante-y-seguira-detenido\\\/#primaryimage\"},\"image\":{\"@id\":\"https:\\\/\\\/diariotextual.com\\\/inicio\\\/index.php\\\/2023\\\/08\\\/02\\\/confirmaron-la-preventiva-para-l-gante-y-seguira-detenido\\\/#primaryimage\"},\"thumbnailUrl\":\"https:\\\/\\\/diariotextual.com\\\/inicio\\\/wp-content\\\/uploads\\\/2023\\\/06\\\/L-Gante6578.jpg\",\"datePublished\":\"2023-08-02T17:45:23+00:00\",\"dateModified\":\"2023-08-02T17:45:25+00:00\",\"breadcrumb\":{\"@id\":\"https:\\\/\\\/diariotextual.com\\\/inicio\\\/index.php\\\/2023\\\/08\\\/02\\\/confirmaron-la-preventiva-para-l-gante-y-seguira-detenido\\\/#breadcrumb\"},\"inLanguage\":\"es\",\"potentialAction\":[{\"@type\":\"ReadAction\",\"target\":[\"https:\\\/\\\/diariotextual.com\\\/inicio\\\/index.php\\\/2023\\\/08\\\/02\\\/confirmaron-la-preventiva-para-l-gante-y-seguira-detenido\\\/\"]}]},{\"@type\":\"ImageObject\",\"inLanguage\":\"es\",\"@id\":\"https:\\\/\\\/diariotextual.com\\\/inicio\\\/index.php\\\/2023\\\/08\\\/02\\\/confirmaron-la-preventiva-para-l-gante-y-seguira-detenido\\\/#primaryimage\",\"url\":\"https:\\\/\\\/diariotextual.com\\\/inicio\\\/wp-content\\\/uploads\\\/2023\\\/06\\\/L-Gante6578.jpg\",\"contentUrl\":\"https:\\\/\\\/diariotextual.com\\\/inicio\\\/wp-content\\\/uploads\\\/2023\\\/06\\\/L-Gante6578.jpg\",\"width\":900,\"height\":506},{\"@type\":\"BreadcrumbList\",\"@id\":\"https:\\\/\\\/diariotextual.com\\\/inicio\\\/index.php\\\/2023\\\/08\\\/02\\\/confirmaron-la-preventiva-para-l-gante-y-seguira-detenido\\\/#breadcrumb\",\"itemListElement\":[{\"@type\":\"ListItem\",\"position\":1,\"name\":\"Portada\",\"item\":\"https:\\\/\\\/diariotextual.com\\\/inicio\\\/\"},{\"@type\":\"ListItem\",\"position\":2,\"name\":\"Confirmaron la preventiva para L-Gante y seguir\u00e1 detenido\u00a0\"}]},{\"@type\":\"WebSite\",\"@id\":\"https:\\\/\\\/diariotextual.com\\\/inicio\\\/#website\",\"url\":\"https:\\\/\\\/diariotextual.com\\\/inicio\\\/\",\"name\":\"Diario Textual\",\"description\":\"\",\"publisher\":{\"@id\":\"https:\\\/\\\/diariotextual.com\\\/inicio\\\/#organization\"},\"potentialAction\":[{\"@type\":\"SearchAction\",\"target\":{\"@type\":\"EntryPoint\",\"urlTemplate\":\"https:\\\/\\\/diariotextual.com\\\/inicio\\\/?s={search_term_string}\"},\"query-input\":{\"@type\":\"PropertyValueSpecification\",\"valueRequired\":true,\"valueName\":\"search_term_string\"}}],\"inLanguage\":\"es\"},{\"@type\":\"Organization\",\"@id\":\"https:\\\/\\\/diariotextual.com\\\/inicio\\\/#organization\",\"name\":\"Diario Textual\",\"url\":\"https:\\\/\\\/diariotextual.com\\\/inicio\\\/\",\"logo\":{\"@type\":\"ImageObject\",\"inLanguage\":\"es\",\"@id\":\"https:\\\/\\\/diariotextual.com\\\/inicio\\\/#\\\/schema\\\/logo\\\/image\\\/\",\"url\":\"https:\\\/\\\/diariotextual.com\\\/inicio\\\/wp-content\\\/uploads\\\/2023\\\/05\\\/logotextual1.jpg\",\"contentUrl\":\"https:\\\/\\\/diariotextual.com\\\/inicio\\\/wp-content\\\/uploads\\\/2023\\\/05\\\/logotextual1.jpg\",\"width\":516,\"height\":76,\"caption\":\"Diario Textual\"},\"image\":{\"@id\":\"https:\\\/\\\/diariotextual.com\\\/inicio\\\/#\\\/schema\\\/logo\\\/image\\\/\"},\"sameAs\":[\"https:\\\/\\\/www.facebook.com\\\/eltextual\",\"https:\\\/\\\/x.com\\\/eltextual\",\"http:\\\/\\\/www.instagram.com\\\/eltextual\"]},{\"@type\":\"Person\",\"@id\":\"https:\\\/\\\/diariotextual.com\\\/inicio\\\/#\\\/schema\\\/person\\\/694f60677f23c4a530867a98f22b3768\",\"name\":\"diario2\",\"image\":{\"@type\":\"ImageObject\",\"inLanguage\":\"es\",\"@id\":\"https:\\\/\\\/secure.gravatar.com\\\/avatar\\\/5a2567495ba16b852fcd8f1ed006a2e24fcace936018ed8237e95f488ad6e0a7?s=96&d=mm&r=g\",\"url\":\"https:\\\/\\\/secure.gravatar.com\\\/avatar\\\/5a2567495ba16b852fcd8f1ed006a2e24fcace936018ed8237e95f488ad6e0a7?s=96&d=mm&r=g\",\"contentUrl\":\"https:\\\/\\\/secure.gravatar.com\\\/avatar\\\/5a2567495ba16b852fcd8f1ed006a2e24fcace936018ed8237e95f488ad6e0a7?s=96&d=mm&r=g\",\"caption\":\"diario2\"},\"url\":\"https:\\\/\\\/diariotextual.com\\\/inicio\\\/index.php\\\/author\\\/diario2\\\/\"}]}<\/script>\n<!-- \/ Yoast SEO plugin. -->","yoast_head_json":{"title":"Confirmaron la preventiva para L-Gante y seguir\u00e1 detenido\u00a0 - Diario Textual","robots":{"index":"index","follow":"follow","max-snippet":"max-snippet:-1","max-image-preview":"max-image-preview:large","max-video-preview":"max-video-preview:-1"},"canonical":"https:\/\/diariotextual.com\/inicio\/index.php\/2023\/08\/02\/confirmaron-la-preventiva-para-l-gante-y-seguira-detenido\/","og_locale":"es_ES","og_type":"article","og_title":"Confirmaron la preventiva para L-Gante y seguir\u00e1 detenido\u00a0 - Diario Textual","og_description":"Eli\u00e1n Valenzuela, conocido como L-Gante, seguir\u00e1 detenido ya que la C\u00e1mara del Crimen de Mercedes confirm\u00f3 su prisi\u00f3n preventiva en la causa por amenaza y privaci\u00f3n ileg\u00edtima de la libertad&hellip;","og_url":"https:\/\/diariotextual.com\/inicio\/index.php\/2023\/08\/02\/confirmaron-la-preventiva-para-l-gante-y-seguira-detenido\/","og_site_name":"Diario Textual","article_publisher":"https:\/\/www.facebook.com\/eltextual","article_published_time":"2023-08-02T17:45:23+00:00","article_modified_time":"2023-08-02T17:45:25+00:00","og_image":[{"width":900,"height":506,"url":"https:\/\/diariotextual.com\/inicio\/wp-content\/uploads\/2023\/06\/L-Gante6578.jpg","type":"image\/jpeg"}],"author":"diario2","twitter_card":"summary_large_image","twitter_creator":"@eltextual","twitter_site":"@eltextual","twitter_misc":{"Escrito por":"diario2","Tiempo de lectura":"2 minutos"},"schema":{"@context":"https:\/\/schema.org","@graph":[{"@type":"Article","@id":"https:\/\/diariotextual.com\/inicio\/index.php\/2023\/08\/02\/confirmaron-la-preventiva-para-l-gante-y-seguira-detenido\/#article","isPartOf":{"@id":"https:\/\/diariotextual.com\/inicio\/index.php\/2023\/08\/02\/confirmaron-la-preventiva-para-l-gante-y-seguira-detenido\/"},"author":{"name":"diario2","@id":"https:\/\/diariotextual.com\/inicio\/#\/schema\/person\/694f60677f23c4a530867a98f22b3768"},"headline":"Confirmaron la preventiva para L-Gante y seguir\u00e1 detenido\u00a0","datePublished":"2023-08-02T17:45:23+00:00","dateModified":"2023-08-02T17:45:25+00:00","mainEntityOfPage":{"@id":"https:\/\/diariotextual.com\/inicio\/index.php\/2023\/08\/02\/confirmaron-la-preventiva-para-l-gante-y-seguira-detenido\/"},"wordCount":451,"publisher":{"@id":"https:\/\/diariotextual.com\/inicio\/#organization"},"image":{"@id":"https:\/\/diariotextual.com\/inicio\/index.php\/2023\/08\/02\/confirmaron-la-preventiva-para-l-gante-y-seguira-detenido\/#primaryimage"},"thumbnailUrl":"https:\/\/diariotextual.com\/inicio\/wp-content\/uploads\/2023\/06\/L-Gante6578.jpg","articleSection":["A - ES NOTICIA (van abajo)","SOCIEDAD"],"inLanguage":"es"},{"@type":"WebPage","@id":"https:\/\/diariotextual.com\/inicio\/index.php\/2023\/08\/02\/confirmaron-la-preventiva-para-l-gante-y-seguira-detenido\/","url":"https:\/\/diariotextual.com\/inicio\/index.php\/2023\/08\/02\/confirmaron-la-preventiva-para-l-gante-y-seguira-detenido\/","name":"Confirmaron la preventiva para L-Gante y seguir\u00e1 detenido\u00a0 - Diario Textual","isPartOf":{"@id":"https:\/\/diariotextual.com\/inicio\/#website"},"primaryImageOfPage":{"@id":"https:\/\/diariotextual.com\/inicio\/index.php\/2023\/08\/02\/confirmaron-la-preventiva-para-l-gante-y-seguira-detenido\/#primaryimage"},"image":{"@id":"https:\/\/diariotextual.com\/inicio\/index.php\/2023\/08\/02\/confirmaron-la-preventiva-para-l-gante-y-seguira-detenido\/#primaryimage"},"thumbnailUrl":"https:\/\/diariotextual.com\/inicio\/wp-content\/uploads\/2023\/06\/L-Gante6578.jpg","datePublished":"2023-08-02T17:45:23+00:00","dateModified":"2023-08-02T17:45:25+00:00","breadcrumb":{"@id":"https:\/\/diariotextual.com\/inicio\/index.php\/2023\/08\/02\/confirmaron-la-preventiva-para-l-gante-y-seguira-detenido\/#breadcrumb"},"inLanguage":"es","potentialAction":[{"@type":"ReadAction","target":["https:\/\/diariotextual.com\/inicio\/index.php\/2023\/08\/02\/confirmaron-la-preventiva-para-l-gante-y-seguira-detenido\/"]}]},{"@type":"ImageObject","inLanguage":"es","@id":"https:\/\/diariotextual.com\/inicio\/index.php\/2023\/08\/02\/confirmaron-la-preventiva-para-l-gante-y-seguira-detenido\/#primaryimage","url":"https:\/\/diariotextual.com\/inicio\/wp-content\/uploads\/2023\/06\/L-Gante6578.jpg","contentUrl":"https:\/\/diariotextual.com\/inicio\/wp-content\/uploads\/2023\/06\/L-Gante6578.jpg","width":900,"height":506},{"@type":"BreadcrumbList","@id":"https:\/\/diariotextual.com\/inicio\/index.php\/2023\/08\/02\/confirmaron-la-preventiva-para-l-gante-y-seguira-detenido\/#breadcrumb","itemListElement":[{"@type":"ListItem","position":1,"name":"Portada","item":"https:\/\/diariotextual.com\/inicio\/"},{"@type":"ListItem","position":2,"name":"Confirmaron la preventiva para L-Gante y seguir\u00e1 detenido\u00a0"}]},{"@type":"WebSite","@id":"https:\/\/diariotextual.com\/inicio\/#website","url":"https:\/\/diariotextual.com\/inicio\/","name":"Diario Textual","description":"","publisher":{"@id":"https:\/\/diariotextual.com\/inicio\/#organization"},"potentialAction":[{"@type":"SearchAction","target":{"@type":"EntryPoint","urlTemplate":"https:\/\/diariotextual.com\/inicio\/?s={search_term_string}"},"query-input":{"@type":"PropertyValueSpecification","valueRequired":true,"valueName":"search_term_string"}}],"inLanguage":"es"},{"@type":"Organization","@id":"https:\/\/diariotextual.com\/inicio\/#organization","name":"Diario Textual","url":"https:\/\/diariotextual.com\/inicio\/","logo":{"@type":"ImageObject","inLanguage":"es","@id":"https:\/\/diariotextual.com\/inicio\/#\/schema\/logo\/image\/","url":"https:\/\/diariotextual.com\/inicio\/wp-content\/uploads\/2023\/05\/logotextual1.jpg","contentUrl":"https:\/\/diariotextual.com\/inicio\/wp-content\/uploads\/2023\/05\/logotextual1.jpg","width":516,"height":76,"caption":"Diario Textual"},"image":{"@id":"https:\/\/diariotextual.com\/inicio\/#\/schema\/logo\/image\/"},"sameAs":["https:\/\/www.facebook.com\/eltextual","https:\/\/x.com\/eltextual","http:\/\/www.instagram.com\/eltextual"]},{"@type":"Person","@id":"https:\/\/diariotextual.com\/inicio\/#\/schema\/person\/694f60677f23c4a530867a98f22b3768","name":"diario2","image":{"@type":"ImageObject","inLanguage":"es","@id":"https:\/\/secure.gravatar.com\/avatar\/5a2567495ba16b852fcd8f1ed006a2e24fcace936018ed8237e95f488ad6e0a7?s=96&d=mm&r=g","url":"https:\/\/secure.gravatar.com\/avatar\/5a2567495ba16b852fcd8f1ed006a2e24fcace936018ed8237e95f488ad6e0a7?s=96&d=mm&r=g","contentUrl":"https:\/\/secure.gravatar.com\/avatar\/5a2567495ba16b852fcd8f1ed006a2e24fcace936018ed8237e95f488ad6e0a7?s=96&d=mm&r=g","caption":"diario2"},"url":"https:\/\/diariotextual.com\/inicio\/index.php\/author\/diario2\/"}]}},"_links":{"self":[{"href":"https:\/\/diariotextual.com\/inicio\/index.php\/wp-json\/wp\/v2\/posts\/232719","targetHints":{"allow":["GET"]}}],"collection":[{"href":"https:\/\/diariotextual.com\/inicio\/index.php\/wp-json\/wp\/v2\/posts"}],"about":[{"href":"https:\/\/diariotextual.com\/inicio\/index.php\/wp-json\/wp\/v2\/types\/post"}],"author":[{"embeddable":true,"href":"https:\/\/diariotextual.com\/inicio\/index.php\/wp-json\/wp\/v2\/users\/4"}],"replies":[{"embeddable":true,"href":"https:\/\/diariotextual.com\/inicio\/index.php\/wp-json\/wp\/v2\/comments?post=232719"}],"version-history":[{"count":1,"href":"https:\/\/diariotextual.com\/inicio\/index.php\/wp-json\/wp\/v2\/posts\/232719\/revisions"}],"predecessor-version":[{"id":232720,"href":"https:\/\/diariotextual.com\/inicio\/index.php\/wp-json\/wp\/v2\/posts\/232719\/revisions\/232720"}],"wp:featuredmedia":[{"embeddable":true,"href":"https:\/\/diariotextual.com\/inicio\/index.php\/wp-json\/wp\/v2\/media\/227739"}],"wp:attachment":[{"href":"https:\/\/diariotextual.com\/inicio\/index.php\/wp-json\/wp\/v2\/media?parent=232719"}],"wp:term":[{"taxonomy":"category","embeddable":true,"href":"https:\/\/diariotextual.com\/inicio\/index.php\/wp-json\/wp\/v2\/categories?post=232719"},{"taxonomy":"post_tag","embeddable":true,"href":"https:\/\/diariotextual.com\/inicio\/index.php\/wp-json\/wp\/v2\/tags?post=232719"}],"curies":[{"name":"wp","href":"https:\/\/api.w.org\/{rel}","templated":true}]}}