{"id":232741,"date":"2023-08-02T19:26:25","date_gmt":"2023-08-02T22:26:25","guid":{"rendered":"https:\/\/diariotextual.com\/inicio\/?p=232741"},"modified":"2023-08-02T23:22:48","modified_gmt":"2023-08-03T02:22:48","slug":"la-pampa-accedera-a-us-1-700-000-provenientes-del-fondo-verde-del-clima","status":"publish","type":"post","link":"https:\/\/diariotextual.com\/inicio\/index.php\/2023\/08\/02\/la-pampa-accedera-a-us-1-700-000-provenientes-del-fondo-verde-del-clima\/","title":{"rendered":"La Pampa acceder\u00e1 a U$S 1.700.000 provenientes del Fondo Verde del Clima"},"content":{"rendered":"\n<p>El Ministerio de la Producci\u00f3n, a trav\u00e9s de la Direcci\u00f3n General de Recursos Naturales, llev\u00f3 a cabo un nuevo encuentro del Consejo Asesor Provincial de Bosques, con la presencia del director Nacional de Bosques del Ministerio de Ambiente y Desarrollo Sostenible de la Naci\u00f3n, Mart\u00edn M\u00f3naco, e integrantes de su equipo t\u00e9cnico.<\/p>\n\n\n\n<p>El director de Recursos Naturales, Carlos Bonnemez\u00f3n, explic\u00f3 a la Agencia Provincial de Noticias que en el encuentro se trat\u00f3 la creaci\u00f3n del Consejo Consultivo Provincial de Bosques. \u201cEs fundamental para que la Provincia contin\u00fae potenciando acciones relacionadas con el Manejo de Bosques con Ganader\u00eda Integral (MGBI) y prevenci\u00f3n de incendios forestales\u201d, dijo.<\/p>\n\n\n\n<p>El director Nacional de Bosques, Mart\u00edn M\u00f3naco, inform\u00f3 acerca del proceso de armado del consejo para poder trabajar con los proyectos en estas tem\u00e1ticas.<\/p>\n\n\n\n<p>Este Consejo Consultivo Provincial de Bosques, determinar\u00e1 la distribuci\u00f3n de fondos provenientes del Fondo Verde del Clima, en las dos l\u00edneas destinadas para La Pampa: Manejo del Bosque con Ganader\u00eda Integrada (MGBI) y Prevenci\u00f3n de Incendios. El monto destinado para la Provincia en ese marco es de alrededor de 1 mill\u00f3n 700 mil d\u00f3lares.<\/p>\n\n\n\n<p>Estuvieron presentes en el encuentro, la ministra de la Producci\u00f3n, Fernanda Gonz\u00e1lez; el subsecretario de Asuntos Agrarios, Ricardo Baraldi; el subsecretario de Ambiente, Fabi\u00e1n Titarelli y el director de Ganader\u00eda, Marcelo Lluch, representantes de INTA, COPROCNA, F.A.A, Facultad de Agronom\u00eda, Colegio de Ingenieros Agr\u00f3nomos, Consejo Provincial del Aborigen, CARBAP, UNILPa, entre otros.<\/p>\n","protected":false},"excerpt":{"rendered":"<p>El Ministerio de la Producci\u00f3n, a trav\u00e9s de la Direcci\u00f3n General de Recursos Naturales, llev\u00f3 a cabo un nuevo encuentro del Consejo Asesor Provincial de Bosques, con la presencia del&hellip;<\/p>\n","protected":false},"author":3,"featured_media":232743,"comment_status":"closed","ping_status":"open","sticky":false,"template":"","format":"standard","meta":{"_acf_changed":false,"footnotes":""},"categories":[1,12],"tags":[],"class_list":["post-232741","post","type-post","status-publish","format-standard","has-post-thumbnail","hentry","category-es-noticia","category-sociedad"],"acf":[],"yoast_head":"<!-- This site is optimized with the Yoast SEO plugin v27.5 - https:\/\/yoast.com\/product\/yoast-seo-wordpress\/ -->\n<title>La Pampa acceder\u00e1 a U$S 1.700.000 provenientes del Fondo Verde del Clima - Diario Textual<\/title>\n<meta name=\"robots\" content=\"index, follow, max-snippet:-1, max-image-preview:large, max-video-preview:-1\" \/>\n<link rel=\"canonical\" href=\"https:\/\/diariotextual.com\/inicio\/index.php\/2023\/08\/02\/la-pampa-accedera-a-us-1-700-000-provenientes-del-fondo-verde-del-clima\/\" \/>\n<meta property=\"og:locale\" content=\"es_ES\" \/>\n<meta property=\"og:type\" content=\"article\" \/>\n<meta property=\"og:title\" content=\"La Pampa acceder\u00e1 a U$S 1.700.000 provenientes del Fondo Verde del Clima - Diario Textual\" \/>\n<meta property=\"og:description\" content=\"El Ministerio de la Producci\u00f3n, a trav\u00e9s de la Direcci\u00f3n General de Recursos Naturales, llev\u00f3 a cabo un nuevo encuentro del Consejo Asesor Provincial de Bosques, con la presencia del&hellip;\" \/>\n<meta property=\"og:url\" content=\"https:\/\/diariotextual.com\/inicio\/index.php\/2023\/08\/02\/la-pampa-accedera-a-us-1-700-000-provenientes-del-fondo-verde-del-clima\/\" \/>\n<meta property=\"og:site_name\" content=\"Diario Textual\" \/>\n<meta property=\"article:publisher\" content=\"https:\/\/www.facebook.com\/eltextual\" \/>\n<meta property=\"article:published_time\" content=\"2023-08-02T22:26:25+00:00\" \/>\n<meta property=\"article:modified_time\" content=\"2023-08-03T02:22:48+00:00\" \/>\n<meta property=\"og:image\" content=\"https:\/\/diariotextual.com\/inicio\/wp-content\/uploads\/2023\/08\/fondoverdedelclimalapampa2023-1.jpg\" \/>\n\t<meta property=\"og:image:width\" content=\"1500\" \/>\n\t<meta property=\"og:image:height\" content=\"999\" \/>\n\t<meta property=\"og:image:type\" content=\"image\/jpeg\" \/>\n<meta name=\"author\" content=\"Diario1 Diario1\" \/>\n<meta name=\"twitter:card\" content=\"summary_large_image\" \/>\n<meta name=\"twitter:creator\" content=\"@eltextual\" \/>\n<meta name=\"twitter:site\" content=\"@eltextual\" \/>\n<meta name=\"twitter:label1\" content=\"Escrito por\" \/>\n\t<meta name=\"twitter:data1\" content=\"Diario1 Diario1\" \/>\n\t<meta name=\"twitter:label2\" content=\"Tiempo de lectura\" \/>\n\t<meta name=\"twitter:data2\" content=\"2 minutos\" \/>\n<script type=\"application\/ld+json\" class=\"yoast-schema-graph\">{\"@context\":\"https:\\\/\\\/schema.org\",\"@graph\":[{\"@type\":\"Article\",\"@id\":\"https:\\\/\\\/diariotextual.com\\\/inicio\\\/index.php\\\/2023\\\/08\\\/02\\\/la-pampa-accedera-a-us-1-700-000-provenientes-del-fondo-verde-del-clima\\\/#article\",\"isPartOf\":{\"@id\":\"https:\\\/\\\/diariotextual.com\\\/inicio\\\/index.php\\\/2023\\\/08\\\/02\\\/la-pampa-accedera-a-us-1-700-000-provenientes-del-fondo-verde-del-clima\\\/\"},\"author\":{\"name\":\"Diario1 Diario1\",\"@id\":\"https:\\\/\\\/diariotextual.com\\\/inicio\\\/#\\\/schema\\\/person\\\/418fc4093c33e86ed41562db3508f958\"},\"headline\":\"La Pampa acceder\u00e1 a U$S 1.700.000 provenientes del Fondo Verde del Clima\",\"datePublished\":\"2023-08-02T22:26:25+00:00\",\"dateModified\":\"2023-08-03T02:22:48+00:00\",\"mainEntityOfPage\":{\"@id\":\"https:\\\/\\\/diariotextual.com\\\/inicio\\\/index.php\\\/2023\\\/08\\\/02\\\/la-pampa-accedera-a-us-1-700-000-provenientes-del-fondo-verde-del-clima\\\/\"},\"wordCount\":274,\"publisher\":{\"@id\":\"https:\\\/\\\/diariotextual.com\\\/inicio\\\/#organization\"},\"image\":{\"@id\":\"https:\\\/\\\/diariotextual.com\\\/inicio\\\/index.php\\\/2023\\\/08\\\/02\\\/la-pampa-accedera-a-us-1-700-000-provenientes-del-fondo-verde-del-clima\\\/#primaryimage\"},\"thumbnailUrl\":\"https:\\\/\\\/diariotextual.com\\\/inicio\\\/wp-content\\\/uploads\\\/2023\\\/08\\\/fondoverdedelclimalapampa2023-1.jpg\",\"articleSection\":[\"A - ES NOTICIA (van abajo)\",\"SOCIEDAD\"],\"inLanguage\":\"es\"},{\"@type\":\"WebPage\",\"@id\":\"https:\\\/\\\/diariotextual.com\\\/inicio\\\/index.php\\\/2023\\\/08\\\/02\\\/la-pampa-accedera-a-us-1-700-000-provenientes-del-fondo-verde-del-clima\\\/\",\"url\":\"https:\\\/\\\/diariotextual.com\\\/inicio\\\/index.php\\\/2023\\\/08\\\/02\\\/la-pampa-accedera-a-us-1-700-000-provenientes-del-fondo-verde-del-clima\\\/\",\"name\":\"La Pampa acceder\u00e1 a U$S 1.700.000 provenientes del Fondo Verde del Clima - Diario Textual\",\"isPartOf\":{\"@id\":\"https:\\\/\\\/diariotextual.com\\\/inicio\\\/#website\"},\"primaryImageOfPage\":{\"@id\":\"https:\\\/\\\/diariotextual.com\\\/inicio\\\/index.php\\\/2023\\\/08\\\/02\\\/la-pampa-accedera-a-us-1-700-000-provenientes-del-fondo-verde-del-clima\\\/#primaryimage\"},\"image\":{\"@id\":\"https:\\\/\\\/diariotextual.com\\\/inicio\\\/index.php\\\/2023\\\/08\\\/02\\\/la-pampa-accedera-a-us-1-700-000-provenientes-del-fondo-verde-del-clima\\\/#primaryimage\"},\"thumbnailUrl\":\"https:\\\/\\\/diariotextual.com\\\/inicio\\\/wp-content\\\/uploads\\\/2023\\\/08\\\/fondoverdedelclimalapampa2023-1.jpg\",\"datePublished\":\"2023-08-02T22:26:25+00:00\",\"dateModified\":\"2023-08-03T02:22:48+00:00\",\"breadcrumb\":{\"@id\":\"https:\\\/\\\/diariotextual.com\\\/inicio\\\/index.php\\\/2023\\\/08\\\/02\\\/la-pampa-accedera-a-us-1-700-000-provenientes-del-fondo-verde-del-clima\\\/#breadcrumb\"},\"inLanguage\":\"es\",\"potentialAction\":[{\"@type\":\"ReadAction\",\"target\":[\"https:\\\/\\\/diariotextual.com\\\/inicio\\\/index.php\\\/2023\\\/08\\\/02\\\/la-pampa-accedera-a-us-1-700-000-provenientes-del-fondo-verde-del-clima\\\/\"]}]},{\"@type\":\"ImageObject\",\"inLanguage\":\"es\",\"@id\":\"https:\\\/\\\/diariotextual.com\\\/inicio\\\/index.php\\\/2023\\\/08\\\/02\\\/la-pampa-accedera-a-us-1-700-000-provenientes-del-fondo-verde-del-clima\\\/#primaryimage\",\"url\":\"https:\\\/\\\/diariotextual.com\\\/inicio\\\/wp-content\\\/uploads\\\/2023\\\/08\\\/fondoverdedelclimalapampa2023-1.jpg\",\"contentUrl\":\"https:\\\/\\\/diariotextual.com\\\/inicio\\\/wp-content\\\/uploads\\\/2023\\\/08\\\/fondoverdedelclimalapampa2023-1.jpg\",\"width\":1500,\"height\":999},{\"@type\":\"BreadcrumbList\",\"@id\":\"https:\\\/\\\/diariotextual.com\\\/inicio\\\/index.php\\\/2023\\\/08\\\/02\\\/la-pampa-accedera-a-us-1-700-000-provenientes-del-fondo-verde-del-clima\\\/#breadcrumb\",\"itemListElement\":[{\"@type\":\"ListItem\",\"position\":1,\"name\":\"Portada\",\"item\":\"https:\\\/\\\/diariotextual.com\\\/inicio\\\/\"},{\"@type\":\"ListItem\",\"position\":2,\"name\":\"La Pampa acceder\u00e1 a U$S 1.700.000 provenientes del Fondo Verde del Clima\"}]},{\"@type\":\"WebSite\",\"@id\":\"https:\\\/\\\/diariotextual.com\\\/inicio\\\/#website\",\"url\":\"https:\\\/\\\/diariotextual.com\\\/inicio\\\/\",\"name\":\"Diario Textual\",\"description\":\"\",\"publisher\":{\"@id\":\"https:\\\/\\\/diariotextual.com\\\/inicio\\\/#organization\"},\"potentialAction\":[{\"@type\":\"SearchAction\",\"target\":{\"@type\":\"EntryPoint\",\"urlTemplate\":\"https:\\\/\\\/diariotextual.com\\\/inicio\\\/?s={search_term_string}\"},\"query-input\":{\"@type\":\"PropertyValueSpecification\",\"valueRequired\":true,\"valueName\":\"search_term_string\"}}],\"inLanguage\":\"es\"},{\"@type\":\"Organization\",\"@id\":\"https:\\\/\\\/diariotextual.com\\\/inicio\\\/#organization\",\"name\":\"Diario Textual\",\"url\":\"https:\\\/\\\/diariotextual.com\\\/inicio\\\/\",\"logo\":{\"@type\":\"ImageObject\",\"inLanguage\":\"es\",\"@id\":\"https:\\\/\\\/diariotextual.com\\\/inicio\\\/#\\\/schema\\\/logo\\\/image\\\/\",\"url\":\"https:\\\/\\\/diariotextual.com\\\/inicio\\\/wp-content\\\/uploads\\\/2023\\\/05\\\/logotextual1.jpg\",\"contentUrl\":\"https:\\\/\\\/diariotextual.com\\\/inicio\\\/wp-content\\\/uploads\\\/2023\\\/05\\\/logotextual1.jpg\",\"width\":516,\"height\":76,\"caption\":\"Diario Textual\"},\"image\":{\"@id\":\"https:\\\/\\\/diariotextual.com\\\/inicio\\\/#\\\/schema\\\/logo\\\/image\\\/\"},\"sameAs\":[\"https:\\\/\\\/www.facebook.com\\\/eltextual\",\"https:\\\/\\\/x.com\\\/eltextual\",\"http:\\\/\\\/www.instagram.com\\\/eltextual\"]},{\"@type\":\"Person\",\"@id\":\"https:\\\/\\\/diariotextual.com\\\/inicio\\\/#\\\/schema\\\/person\\\/418fc4093c33e86ed41562db3508f958\",\"name\":\"Diario1 Diario1\",\"image\":{\"@type\":\"ImageObject\",\"inLanguage\":\"es\",\"@id\":\"https:\\\/\\\/secure.gravatar.com\\\/avatar\\\/9167d280179c85bc18be67aa7eda765854300033af4896dd779b608640f2ef7a?s=96&d=mm&r=g\",\"url\":\"https:\\\/\\\/secure.gravatar.com\\\/avatar\\\/9167d280179c85bc18be67aa7eda765854300033af4896dd779b608640f2ef7a?s=96&d=mm&r=g\",\"contentUrl\":\"https:\\\/\\\/secure.gravatar.com\\\/avatar\\\/9167d280179c85bc18be67aa7eda765854300033af4896dd779b608640f2ef7a?s=96&d=mm&r=g\",\"caption\":\"Diario1 Diario1\"},\"url\":\"https:\\\/\\\/diariotextual.com\\\/inicio\\\/index.php\\\/author\\\/diario1\\\/\"}]}<\/script>\n<!-- \/ Yoast SEO plugin. -->","yoast_head_json":{"title":"La Pampa acceder\u00e1 a U$S 1.700.000 provenientes del Fondo Verde del Clima - Diario Textual","robots":{"index":"index","follow":"follow","max-snippet":"max-snippet:-1","max-image-preview":"max-image-preview:large","max-video-preview":"max-video-preview:-1"},"canonical":"https:\/\/diariotextual.com\/inicio\/index.php\/2023\/08\/02\/la-pampa-accedera-a-us-1-700-000-provenientes-del-fondo-verde-del-clima\/","og_locale":"es_ES","og_type":"article","og_title":"La Pampa acceder\u00e1 a U$S 1.700.000 provenientes del Fondo Verde del Clima - Diario Textual","og_description":"El Ministerio de la Producci\u00f3n, a trav\u00e9s de la Direcci\u00f3n General de Recursos Naturales, llev\u00f3 a cabo un nuevo encuentro del Consejo Asesor Provincial de Bosques, con la presencia del&hellip;","og_url":"https:\/\/diariotextual.com\/inicio\/index.php\/2023\/08\/02\/la-pampa-accedera-a-us-1-700-000-provenientes-del-fondo-verde-del-clima\/","og_site_name":"Diario Textual","article_publisher":"https:\/\/www.facebook.com\/eltextual","article_published_time":"2023-08-02T22:26:25+00:00","article_modified_time":"2023-08-03T02:22:48+00:00","og_image":[{"width":1500,"height":999,"url":"https:\/\/diariotextual.com\/inicio\/wp-content\/uploads\/2023\/08\/fondoverdedelclimalapampa2023-1.jpg","type":"image\/jpeg"}],"author":"Diario1 Diario1","twitter_card":"summary_large_image","twitter_creator":"@eltextual","twitter_site":"@eltextual","twitter_misc":{"Escrito por":"Diario1 Diario1","Tiempo de lectura":"2 minutos"},"schema":{"@context":"https:\/\/schema.org","@graph":[{"@type":"Article","@id":"https:\/\/diariotextual.com\/inicio\/index.php\/2023\/08\/02\/la-pampa-accedera-a-us-1-700-000-provenientes-del-fondo-verde-del-clima\/#article","isPartOf":{"@id":"https:\/\/diariotextual.com\/inicio\/index.php\/2023\/08\/02\/la-pampa-accedera-a-us-1-700-000-provenientes-del-fondo-verde-del-clima\/"},"author":{"name":"Diario1 Diario1","@id":"https:\/\/diariotextual.com\/inicio\/#\/schema\/person\/418fc4093c33e86ed41562db3508f958"},"headline":"La Pampa acceder\u00e1 a U$S 1.700.000 provenientes del Fondo Verde del Clima","datePublished":"2023-08-02T22:26:25+00:00","dateModified":"2023-08-03T02:22:48+00:00","mainEntityOfPage":{"@id":"https:\/\/diariotextual.com\/inicio\/index.php\/2023\/08\/02\/la-pampa-accedera-a-us-1-700-000-provenientes-del-fondo-verde-del-clima\/"},"wordCount":274,"publisher":{"@id":"https:\/\/diariotextual.com\/inicio\/#organization"},"image":{"@id":"https:\/\/diariotextual.com\/inicio\/index.php\/2023\/08\/02\/la-pampa-accedera-a-us-1-700-000-provenientes-del-fondo-verde-del-clima\/#primaryimage"},"thumbnailUrl":"https:\/\/diariotextual.com\/inicio\/wp-content\/uploads\/2023\/08\/fondoverdedelclimalapampa2023-1.jpg","articleSection":["A - ES NOTICIA (van abajo)","SOCIEDAD"],"inLanguage":"es"},{"@type":"WebPage","@id":"https:\/\/diariotextual.com\/inicio\/index.php\/2023\/08\/02\/la-pampa-accedera-a-us-1-700-000-provenientes-del-fondo-verde-del-clima\/","url":"https:\/\/diariotextual.com\/inicio\/index.php\/2023\/08\/02\/la-pampa-accedera-a-us-1-700-000-provenientes-del-fondo-verde-del-clima\/","name":"La Pampa acceder\u00e1 a U$S 1.700.000 provenientes del Fondo Verde del Clima - Diario Textual","isPartOf":{"@id":"https:\/\/diariotextual.com\/inicio\/#website"},"primaryImageOfPage":{"@id":"https:\/\/diariotextual.com\/inicio\/index.php\/2023\/08\/02\/la-pampa-accedera-a-us-1-700-000-provenientes-del-fondo-verde-del-clima\/#primaryimage"},"image":{"@id":"https:\/\/diariotextual.com\/inicio\/index.php\/2023\/08\/02\/la-pampa-accedera-a-us-1-700-000-provenientes-del-fondo-verde-del-clima\/#primaryimage"},"thumbnailUrl":"https:\/\/diariotextual.com\/inicio\/wp-content\/uploads\/2023\/08\/fondoverdedelclimalapampa2023-1.jpg","datePublished":"2023-08-02T22:26:25+00:00","dateModified":"2023-08-03T02:22:48+00:00","breadcrumb":{"@id":"https:\/\/diariotextual.com\/inicio\/index.php\/2023\/08\/02\/la-pampa-accedera-a-us-1-700-000-provenientes-del-fondo-verde-del-clima\/#breadcrumb"},"inLanguage":"es","potentialAction":[{"@type":"ReadAction","target":["https:\/\/diariotextual.com\/inicio\/index.php\/2023\/08\/02\/la-pampa-accedera-a-us-1-700-000-provenientes-del-fondo-verde-del-clima\/"]}]},{"@type":"ImageObject","inLanguage":"es","@id":"https:\/\/diariotextual.com\/inicio\/index.php\/2023\/08\/02\/la-pampa-accedera-a-us-1-700-000-provenientes-del-fondo-verde-del-clima\/#primaryimage","url":"https:\/\/diariotextual.com\/inicio\/wp-content\/uploads\/2023\/08\/fondoverdedelclimalapampa2023-1.jpg","contentUrl":"https:\/\/diariotextual.com\/inicio\/wp-content\/uploads\/2023\/08\/fondoverdedelclimalapampa2023-1.jpg","width":1500,"height":999},{"@type":"BreadcrumbList","@id":"https:\/\/diariotextual.com\/inicio\/index.php\/2023\/08\/02\/la-pampa-accedera-a-us-1-700-000-provenientes-del-fondo-verde-del-clima\/#breadcrumb","itemListElement":[{"@type":"ListItem","position":1,"name":"Portada","item":"https:\/\/diariotextual.com\/inicio\/"},{"@type":"ListItem","position":2,"name":"La Pampa acceder\u00e1 a U$S 1.700.000 provenientes del Fondo Verde del Clima"}]},{"@type":"WebSite","@id":"https:\/\/diariotextual.com\/inicio\/#website","url":"https:\/\/diariotextual.com\/inicio\/","name":"Diario Textual","description":"","publisher":{"@id":"https:\/\/diariotextual.com\/inicio\/#organization"},"potentialAction":[{"@type":"SearchAction","target":{"@type":"EntryPoint","urlTemplate":"https:\/\/diariotextual.com\/inicio\/?s={search_term_string}"},"query-input":{"@type":"PropertyValueSpecification","valueRequired":true,"valueName":"search_term_string"}}],"inLanguage":"es"},{"@type":"Organization","@id":"https:\/\/diariotextual.com\/inicio\/#organization","name":"Diario Textual","url":"https:\/\/diariotextual.com\/inicio\/","logo":{"@type":"ImageObject","inLanguage":"es","@id":"https:\/\/diariotextual.com\/inicio\/#\/schema\/logo\/image\/","url":"https:\/\/diariotextual.com\/inicio\/wp-content\/uploads\/2023\/05\/logotextual1.jpg","contentUrl":"https:\/\/diariotextual.com\/inicio\/wp-content\/uploads\/2023\/05\/logotextual1.jpg","width":516,"height":76,"caption":"Diario Textual"},"image":{"@id":"https:\/\/diariotextual.com\/inicio\/#\/schema\/logo\/image\/"},"sameAs":["https:\/\/www.facebook.com\/eltextual","https:\/\/x.com\/eltextual","http:\/\/www.instagram.com\/eltextual"]},{"@type":"Person","@id":"https:\/\/diariotextual.com\/inicio\/#\/schema\/person\/418fc4093c33e86ed41562db3508f958","name":"Diario1 Diario1","image":{"@type":"ImageObject","inLanguage":"es","@id":"https:\/\/secure.gravatar.com\/avatar\/9167d280179c85bc18be67aa7eda765854300033af4896dd779b608640f2ef7a?s=96&d=mm&r=g","url":"https:\/\/secure.gravatar.com\/avatar\/9167d280179c85bc18be67aa7eda765854300033af4896dd779b608640f2ef7a?s=96&d=mm&r=g","contentUrl":"https:\/\/secure.gravatar.com\/avatar\/9167d280179c85bc18be67aa7eda765854300033af4896dd779b608640f2ef7a?s=96&d=mm&r=g","caption":"Diario1 Diario1"},"url":"https:\/\/diariotextual.com\/inicio\/index.php\/author\/diario1\/"}]}},"_links":{"self":[{"href":"https:\/\/diariotextual.com\/inicio\/index.php\/wp-json\/wp\/v2\/posts\/232741","targetHints":{"allow":["GET"]}}],"collection":[{"href":"https:\/\/diariotextual.com\/inicio\/index.php\/wp-json\/wp\/v2\/posts"}],"about":[{"href":"https:\/\/diariotextual.com\/inicio\/index.php\/wp-json\/wp\/v2\/types\/post"}],"author":[{"embeddable":true,"href":"https:\/\/diariotextual.com\/inicio\/index.php\/wp-json\/wp\/v2\/users\/3"}],"replies":[{"embeddable":true,"href":"https:\/\/diariotextual.com\/inicio\/index.php\/wp-json\/wp\/v2\/comments?post=232741"}],"version-history":[{"count":2,"href":"https:\/\/diariotextual.com\/inicio\/index.php\/wp-json\/wp\/v2\/posts\/232741\/revisions"}],"predecessor-version":[{"id":232744,"href":"https:\/\/diariotextual.com\/inicio\/index.php\/wp-json\/wp\/v2\/posts\/232741\/revisions\/232744"}],"wp:featuredmedia":[{"embeddable":true,"href":"https:\/\/diariotextual.com\/inicio\/index.php\/wp-json\/wp\/v2\/media\/232743"}],"wp:attachment":[{"href":"https:\/\/diariotextual.com\/inicio\/index.php\/wp-json\/wp\/v2\/media?parent=232741"}],"wp:term":[{"taxonomy":"category","embeddable":true,"href":"https:\/\/diariotextual.com\/inicio\/index.php\/wp-json\/wp\/v2\/categories?post=232741"},{"taxonomy":"post_tag","embeddable":true,"href":"https:\/\/diariotextual.com\/inicio\/index.php\/wp-json\/wp\/v2\/tags?post=232741"}],"curies":[{"name":"wp","href":"https:\/\/api.w.org\/{rel}","templated":true}]}}