{"id":232745,"date":"2023-08-02T19:38:13","date_gmt":"2023-08-02T22:38:13","guid":{"rendered":"https:\/\/diariotextual.com\/inicio\/?p=232745"},"modified":"2023-08-03T08:53:14","modified_gmt":"2023-08-03T11:53:14","slug":"casa-de-piedra-comienza-la-obra-de-toma-e-impulsion-de-agua-para-ampliar-la-superficie-bajo-riego","status":"publish","type":"post","link":"https:\/\/diariotextual.com\/inicio\/index.php\/2023\/08\/02\/casa-de-piedra-comienza-la-obra-de-toma-e-impulsion-de-agua-para-ampliar-la-superficie-bajo-riego\/","title":{"rendered":"Casa de Piedra: comienza la obra de toma e impulsi\u00f3n de agua para ampliar la superficie bajo riego"},"content":{"rendered":"\n<p>Hoy se firm\u00f3 el contrato con la empresa BEPHA que instalar\u00e1 una nueva toma en agua en el cauce del rio Colorado y construir\u00e1 dos estaciones de bombeo, una de las cuales se pondr\u00e1 en funcionamiento en lo inmediato posibilitando sumar 500 hect\u00e1reas bajo riego, en tanto que en el futuro se dispondr\u00e1n los recursos para instalar\u00e1n las bombas de la segunda estaci\u00f3n y as\u00ed &nbsp;incorporar otras 500 hect\u00e1reas a la producci\u00f3n. &nbsp;<\/p>\n\n\n\n<p>La obra, que fue anunciada por el gobernador Sergio Ziliotto, es estrat\u00e9gica en el marco de la implementaci\u00f3n del \u00a0\u201cPrograma de Promoci\u00f3n de Inversiones Casa de Piedra 2023-2028\u201d. Para concretarla el Estado provincial invertir\u00e1 1.703.893.193 millones de pesos.<br><\/p>\n\n\n\n<p>La nueva superficie bajo riego viene a satisfacer la demanda de inversores privados que decidieron producir en la zona. La actividad se incrementar\u00e1 en lo que a vitivinicultura se refiere, pero adem\u00e1s posibilita avanzar en la diversificaci\u00f3n de la matriz productiva a partir de facilitar el riego a las nuevas especias implantadas, entre las que ha tomado inusitado impulso la producci\u00f3n de pistachos, un producto muy demandado por mercados locales e internacionales.<br><\/p>\n\n\n\n<p>En la firma del contrato estuvieron presentes el ministro de Obras y Servicios P\u00fablicos Julio Rojo; la ministra de la Producci\u00f3n,\u00a0 Fernanda Gonz\u00e1lez;\u00a0 el administrador de la Administraci\u00f3n Provincial del Agua, Fabricio Gonz\u00e1lez Mart\u00edn; \u00a0el jefe comunal de Casa de Piedra, Mart\u00edn Borthiry; \u00a0el presidente del Ente Provincial del R\u00edo Colorado, Enrique Schmidt y el representante de la empresa BEPHA, \u00a0ingeniero Adri\u00e1n P\u00e9rez Habiaga.<\/p>\n\n\n\n<div style=\"height:100px\" aria-hidden=\"true\" class=\"wp-block-spacer\"><\/div>\n\n\n\n<p><strong>Detalles de la obra<\/strong><br>Se ejecutar\u00e1n dos pozos de bombeo aguas abajo del existente de hormig\u00f3n armado H-35 en cuyo interior se colocar\u00e1n cuatro electrobombas. Se instalar\u00e1n tableros el\u00e9ctricos y sistemas de comando, adem\u00e1s de las obras necesarias para la provisi\u00f3n el\u00e9ctrica del equipamiento.<br><\/p>\n\n\n\n<p>Se proveer\u00e1n y pondr\u00e1 en funcionamiento mecanismos \u00a0que permitan operar a distancia las obras de toma existente y las pr\u00f3ximas a ejecutar, al tiempo que se prev\u00e9 la \u00a0colocaci\u00f3n de un caudal\u00edmetro electromagn\u00e9tico vinculado a la estaci\u00f3n de bombeo operativa.<br><\/p>\n\n\n\n<p>Para la impulsi\u00f3n se emplearan Impulsi\u00f3n 1326 metros de ca\u00f1er\u00eda que estar\u00e1 \u00a0vinculada al sistema de bombeo, incluyendo accesorios, piezas especiales, c\u00e1maras con v\u00e1lvulas de aire, de desag\u00fces y dados de anclaje.<br><\/p>\n\n\n\n<div style=\"height:100px\" aria-hidden=\"true\" class=\"wp-block-spacer\"><\/div>\n\n\n\n<p><strong>Cisterna de almacenamiento de 2500m3<\/strong><br>Se construir\u00e1 \u00a0una cisterna de hormig\u00f3n armado de 2500 m3 de capacidad, incluyendo recambio de suelo para fundaci\u00f3n, hormig\u00f3n de limpieza, ca\u00f1er\u00edas de acceso y salida, provisi\u00f3n y colocaci\u00f3n de hormig\u00f3n armado, piezas especiales, tapas, ventilaciones e impermeabilizaci\u00f3n. Provisi\u00f3n e instalaci\u00f3n de iluminaci\u00f3n del predio, cerramiento perimetral seg\u00fan planos y pintura de ca\u00f1er\u00edas y piezas especiales.<br><\/p>\n\n\n\n<p>Asimismo,\u00a0 se readecuar\u00e1 el canal de acceso a la obra de toma sobre la margen del r\u00edo Colorado, incluyendo limpieza del canal y renovaci\u00f3n de la reja existente sobre el canal derivador y las tareas necesarias de excavaci\u00f3n, relleno, perfilado y protecci\u00f3n de taludes naturales para restituir y extender el espig\u00f3n existente.\u00a0<\/p>\n\n\n\n<p><\/p>\n","protected":false},"excerpt":{"rendered":"<p>Hoy se firm\u00f3 el contrato con la empresa BEPHA que instalar\u00e1 una nueva toma en agua en el cauce del rio Colorado y construir\u00e1 dos estaciones de bombeo, una de&hellip;<\/p>\n","protected":false},"author":3,"featured_media":229328,"comment_status":"closed","ping_status":"open","sticky":false,"template":"","format":"standard","meta":{"_acf_changed":false,"footnotes":""},"categories":[1,12],"tags":[],"class_list":["post-232745","post","type-post","status-publish","format-standard","has-post-thumbnail","hentry","category-es-noticia","category-sociedad"],"acf":[],"yoast_head":"<!-- This site is optimized with the Yoast SEO plugin v27.5 - https:\/\/yoast.com\/product\/yoast-seo-wordpress\/ -->\n<title>Casa de Piedra: comienza la obra de toma e impulsi\u00f3n de agua para ampliar la superficie bajo riego - Diario Textual<\/title>\n<meta name=\"robots\" content=\"index, follow, max-snippet:-1, max-image-preview:large, max-video-preview:-1\" \/>\n<link rel=\"canonical\" href=\"https:\/\/diariotextual.com\/inicio\/index.php\/2023\/08\/02\/casa-de-piedra-comienza-la-obra-de-toma-e-impulsion-de-agua-para-ampliar-la-superficie-bajo-riego\/\" \/>\n<meta property=\"og:locale\" content=\"es_ES\" \/>\n<meta property=\"og:type\" content=\"article\" \/>\n<meta property=\"og:title\" content=\"Casa de Piedra: comienza la obra de toma e impulsi\u00f3n de agua para ampliar la superficie bajo riego - Diario Textual\" \/>\n<meta property=\"og:description\" content=\"Hoy se firm\u00f3 el contrato con la empresa BEPHA que instalar\u00e1 una nueva toma en agua en el cauce del rio Colorado y construir\u00e1 dos estaciones de bombeo, una de&hellip;\" \/>\n<meta property=\"og:url\" content=\"https:\/\/diariotextual.com\/inicio\/index.php\/2023\/08\/02\/casa-de-piedra-comienza-la-obra-de-toma-e-impulsion-de-agua-para-ampliar-la-superficie-bajo-riego\/\" \/>\n<meta property=\"og:site_name\" content=\"Diario Textual\" \/>\n<meta property=\"article:publisher\" content=\"https:\/\/www.facebook.com\/eltextual\" \/>\n<meta property=\"article:published_time\" content=\"2023-08-02T22:38:13+00:00\" \/>\n<meta property=\"article:modified_time\" content=\"2023-08-03T11:53:14+00:00\" \/>\n<meta property=\"og:image\" content=\"https:\/\/diariotextual.com\/inicio\/wp-content\/uploads\/2023\/06\/riocolorado2023-12.jpg\" \/>\n\t<meta property=\"og:image:width\" content=\"1302\" \/>\n\t<meta property=\"og:image:height\" content=\"756\" \/>\n\t<meta property=\"og:image:type\" content=\"image\/jpeg\" \/>\n<meta name=\"author\" content=\"Diario1 Diario1\" \/>\n<meta name=\"twitter:card\" content=\"summary_large_image\" \/>\n<meta name=\"twitter:creator\" content=\"@eltextual\" \/>\n<meta name=\"twitter:site\" content=\"@eltextual\" \/>\n<meta name=\"twitter:label1\" content=\"Escrito por\" \/>\n\t<meta name=\"twitter:data1\" content=\"Diario1 Diario1\" \/>\n\t<meta name=\"twitter:label2\" content=\"Tiempo de lectura\" \/>\n\t<meta name=\"twitter:data2\" content=\"3 minutos\" \/>\n<script type=\"application\/ld+json\" class=\"yoast-schema-graph\">{\"@context\":\"https:\\\/\\\/schema.org\",\"@graph\":[{\"@type\":\"Article\",\"@id\":\"https:\\\/\\\/diariotextual.com\\\/inicio\\\/index.php\\\/2023\\\/08\\\/02\\\/casa-de-piedra-comienza-la-obra-de-toma-e-impulsion-de-agua-para-ampliar-la-superficie-bajo-riego\\\/#article\",\"isPartOf\":{\"@id\":\"https:\\\/\\\/diariotextual.com\\\/inicio\\\/index.php\\\/2023\\\/08\\\/02\\\/casa-de-piedra-comienza-la-obra-de-toma-e-impulsion-de-agua-para-ampliar-la-superficie-bajo-riego\\\/\"},\"author\":{\"name\":\"Diario1 Diario1\",\"@id\":\"https:\\\/\\\/diariotextual.com\\\/inicio\\\/#\\\/schema\\\/person\\\/418fc4093c33e86ed41562db3508f958\"},\"headline\":\"Casa de Piedra: comienza la obra de toma e impulsi\u00f3n de agua para ampliar la superficie bajo riego\",\"datePublished\":\"2023-08-02T22:38:13+00:00\",\"dateModified\":\"2023-08-03T11:53:14+00:00\",\"mainEntityOfPage\":{\"@id\":\"https:\\\/\\\/diariotextual.com\\\/inicio\\\/index.php\\\/2023\\\/08\\\/02\\\/casa-de-piedra-comienza-la-obra-de-toma-e-impulsion-de-agua-para-ampliar-la-superficie-bajo-riego\\\/\"},\"wordCount\":554,\"publisher\":{\"@id\":\"https:\\\/\\\/diariotextual.com\\\/inicio\\\/#organization\"},\"image\":{\"@id\":\"https:\\\/\\\/diariotextual.com\\\/inicio\\\/index.php\\\/2023\\\/08\\\/02\\\/casa-de-piedra-comienza-la-obra-de-toma-e-impulsion-de-agua-para-ampliar-la-superficie-bajo-riego\\\/#primaryimage\"},\"thumbnailUrl\":\"https:\\\/\\\/diariotextual.com\\\/inicio\\\/wp-content\\\/uploads\\\/2023\\\/06\\\/riocolorado2023-12.jpg\",\"articleSection\":[\"A - ES NOTICIA (van abajo)\",\"SOCIEDAD\"],\"inLanguage\":\"es\"},{\"@type\":\"WebPage\",\"@id\":\"https:\\\/\\\/diariotextual.com\\\/inicio\\\/index.php\\\/2023\\\/08\\\/02\\\/casa-de-piedra-comienza-la-obra-de-toma-e-impulsion-de-agua-para-ampliar-la-superficie-bajo-riego\\\/\",\"url\":\"https:\\\/\\\/diariotextual.com\\\/inicio\\\/index.php\\\/2023\\\/08\\\/02\\\/casa-de-piedra-comienza-la-obra-de-toma-e-impulsion-de-agua-para-ampliar-la-superficie-bajo-riego\\\/\",\"name\":\"Casa de Piedra: comienza la obra de toma e impulsi\u00f3n de agua para ampliar la superficie bajo riego - Diario Textual\",\"isPartOf\":{\"@id\":\"https:\\\/\\\/diariotextual.com\\\/inicio\\\/#website\"},\"primaryImageOfPage\":{\"@id\":\"https:\\\/\\\/diariotextual.com\\\/inicio\\\/index.php\\\/2023\\\/08\\\/02\\\/casa-de-piedra-comienza-la-obra-de-toma-e-impulsion-de-agua-para-ampliar-la-superficie-bajo-riego\\\/#primaryimage\"},\"image\":{\"@id\":\"https:\\\/\\\/diariotextual.com\\\/inicio\\\/index.php\\\/2023\\\/08\\\/02\\\/casa-de-piedra-comienza-la-obra-de-toma-e-impulsion-de-agua-para-ampliar-la-superficie-bajo-riego\\\/#primaryimage\"},\"thumbnailUrl\":\"https:\\\/\\\/diariotextual.com\\\/inicio\\\/wp-content\\\/uploads\\\/2023\\\/06\\\/riocolorado2023-12.jpg\",\"datePublished\":\"2023-08-02T22:38:13+00:00\",\"dateModified\":\"2023-08-03T11:53:14+00:00\",\"breadcrumb\":{\"@id\":\"https:\\\/\\\/diariotextual.com\\\/inicio\\\/index.php\\\/2023\\\/08\\\/02\\\/casa-de-piedra-comienza-la-obra-de-toma-e-impulsion-de-agua-para-ampliar-la-superficie-bajo-riego\\\/#breadcrumb\"},\"inLanguage\":\"es\",\"potentialAction\":[{\"@type\":\"ReadAction\",\"target\":[\"https:\\\/\\\/diariotextual.com\\\/inicio\\\/index.php\\\/2023\\\/08\\\/02\\\/casa-de-piedra-comienza-la-obra-de-toma-e-impulsion-de-agua-para-ampliar-la-superficie-bajo-riego\\\/\"]}]},{\"@type\":\"ImageObject\",\"inLanguage\":\"es\",\"@id\":\"https:\\\/\\\/diariotextual.com\\\/inicio\\\/index.php\\\/2023\\\/08\\\/02\\\/casa-de-piedra-comienza-la-obra-de-toma-e-impulsion-de-agua-para-ampliar-la-superficie-bajo-riego\\\/#primaryimage\",\"url\":\"https:\\\/\\\/diariotextual.com\\\/inicio\\\/wp-content\\\/uploads\\\/2023\\\/06\\\/riocolorado2023-12.jpg\",\"contentUrl\":\"https:\\\/\\\/diariotextual.com\\\/inicio\\\/wp-content\\\/uploads\\\/2023\\\/06\\\/riocolorado2023-12.jpg\",\"width\":1302,\"height\":756},{\"@type\":\"BreadcrumbList\",\"@id\":\"https:\\\/\\\/diariotextual.com\\\/inicio\\\/index.php\\\/2023\\\/08\\\/02\\\/casa-de-piedra-comienza-la-obra-de-toma-e-impulsion-de-agua-para-ampliar-la-superficie-bajo-riego\\\/#breadcrumb\",\"itemListElement\":[{\"@type\":\"ListItem\",\"position\":1,\"name\":\"Portada\",\"item\":\"https:\\\/\\\/diariotextual.com\\\/inicio\\\/\"},{\"@type\":\"ListItem\",\"position\":2,\"name\":\"Casa de Piedra: comienza la obra de toma e impulsi\u00f3n de agua para ampliar la superficie bajo riego\"}]},{\"@type\":\"WebSite\",\"@id\":\"https:\\\/\\\/diariotextual.com\\\/inicio\\\/#website\",\"url\":\"https:\\\/\\\/diariotextual.com\\\/inicio\\\/\",\"name\":\"Diario Textual\",\"description\":\"\",\"publisher\":{\"@id\":\"https:\\\/\\\/diariotextual.com\\\/inicio\\\/#organization\"},\"potentialAction\":[{\"@type\":\"SearchAction\",\"target\":{\"@type\":\"EntryPoint\",\"urlTemplate\":\"https:\\\/\\\/diariotextual.com\\\/inicio\\\/?s={search_term_string}\"},\"query-input\":{\"@type\":\"PropertyValueSpecification\",\"valueRequired\":true,\"valueName\":\"search_term_string\"}}],\"inLanguage\":\"es\"},{\"@type\":\"Organization\",\"@id\":\"https:\\\/\\\/diariotextual.com\\\/inicio\\\/#organization\",\"name\":\"Diario Textual\",\"url\":\"https:\\\/\\\/diariotextual.com\\\/inicio\\\/\",\"logo\":{\"@type\":\"ImageObject\",\"inLanguage\":\"es\",\"@id\":\"https:\\\/\\\/diariotextual.com\\\/inicio\\\/#\\\/schema\\\/logo\\\/image\\\/\",\"url\":\"https:\\\/\\\/diariotextual.com\\\/inicio\\\/wp-content\\\/uploads\\\/2023\\\/05\\\/logotextual1.jpg\",\"contentUrl\":\"https:\\\/\\\/diariotextual.com\\\/inicio\\\/wp-content\\\/uploads\\\/2023\\\/05\\\/logotextual1.jpg\",\"width\":516,\"height\":76,\"caption\":\"Diario Textual\"},\"image\":{\"@id\":\"https:\\\/\\\/diariotextual.com\\\/inicio\\\/#\\\/schema\\\/logo\\\/image\\\/\"},\"sameAs\":[\"https:\\\/\\\/www.facebook.com\\\/eltextual\",\"https:\\\/\\\/x.com\\\/eltextual\",\"http:\\\/\\\/www.instagram.com\\\/eltextual\"]},{\"@type\":\"Person\",\"@id\":\"https:\\\/\\\/diariotextual.com\\\/inicio\\\/#\\\/schema\\\/person\\\/418fc4093c33e86ed41562db3508f958\",\"name\":\"Diario1 Diario1\",\"image\":{\"@type\":\"ImageObject\",\"inLanguage\":\"es\",\"@id\":\"https:\\\/\\\/secure.gravatar.com\\\/avatar\\\/9167d280179c85bc18be67aa7eda765854300033af4896dd779b608640f2ef7a?s=96&d=mm&r=g\",\"url\":\"https:\\\/\\\/secure.gravatar.com\\\/avatar\\\/9167d280179c85bc18be67aa7eda765854300033af4896dd779b608640f2ef7a?s=96&d=mm&r=g\",\"contentUrl\":\"https:\\\/\\\/secure.gravatar.com\\\/avatar\\\/9167d280179c85bc18be67aa7eda765854300033af4896dd779b608640f2ef7a?s=96&d=mm&r=g\",\"caption\":\"Diario1 Diario1\"},\"url\":\"https:\\\/\\\/diariotextual.com\\\/inicio\\\/index.php\\\/author\\\/diario1\\\/\"}]}<\/script>\n<!-- \/ Yoast SEO plugin. -->","yoast_head_json":{"title":"Casa de Piedra: comienza la obra de toma e impulsi\u00f3n de agua para ampliar la superficie bajo riego - Diario Textual","robots":{"index":"index","follow":"follow","max-snippet":"max-snippet:-1","max-image-preview":"max-image-preview:large","max-video-preview":"max-video-preview:-1"},"canonical":"https:\/\/diariotextual.com\/inicio\/index.php\/2023\/08\/02\/casa-de-piedra-comienza-la-obra-de-toma-e-impulsion-de-agua-para-ampliar-la-superficie-bajo-riego\/","og_locale":"es_ES","og_type":"article","og_title":"Casa de Piedra: comienza la obra de toma e impulsi\u00f3n de agua para ampliar la superficie bajo riego - Diario Textual","og_description":"Hoy se firm\u00f3 el contrato con la empresa BEPHA que instalar\u00e1 una nueva toma en agua en el cauce del rio Colorado y construir\u00e1 dos estaciones de bombeo, una de&hellip;","og_url":"https:\/\/diariotextual.com\/inicio\/index.php\/2023\/08\/02\/casa-de-piedra-comienza-la-obra-de-toma-e-impulsion-de-agua-para-ampliar-la-superficie-bajo-riego\/","og_site_name":"Diario Textual","article_publisher":"https:\/\/www.facebook.com\/eltextual","article_published_time":"2023-08-02T22:38:13+00:00","article_modified_time":"2023-08-03T11:53:14+00:00","og_image":[{"width":1302,"height":756,"url":"https:\/\/diariotextual.com\/inicio\/wp-content\/uploads\/2023\/06\/riocolorado2023-12.jpg","type":"image\/jpeg"}],"author":"Diario1 Diario1","twitter_card":"summary_large_image","twitter_creator":"@eltextual","twitter_site":"@eltextual","twitter_misc":{"Escrito por":"Diario1 Diario1","Tiempo de lectura":"3 minutos"},"schema":{"@context":"https:\/\/schema.org","@graph":[{"@type":"Article","@id":"https:\/\/diariotextual.com\/inicio\/index.php\/2023\/08\/02\/casa-de-piedra-comienza-la-obra-de-toma-e-impulsion-de-agua-para-ampliar-la-superficie-bajo-riego\/#article","isPartOf":{"@id":"https:\/\/diariotextual.com\/inicio\/index.php\/2023\/08\/02\/casa-de-piedra-comienza-la-obra-de-toma-e-impulsion-de-agua-para-ampliar-la-superficie-bajo-riego\/"},"author":{"name":"Diario1 Diario1","@id":"https:\/\/diariotextual.com\/inicio\/#\/schema\/person\/418fc4093c33e86ed41562db3508f958"},"headline":"Casa de Piedra: comienza la obra de toma e impulsi\u00f3n de agua para ampliar la superficie bajo riego","datePublished":"2023-08-02T22:38:13+00:00","dateModified":"2023-08-03T11:53:14+00:00","mainEntityOfPage":{"@id":"https:\/\/diariotextual.com\/inicio\/index.php\/2023\/08\/02\/casa-de-piedra-comienza-la-obra-de-toma-e-impulsion-de-agua-para-ampliar-la-superficie-bajo-riego\/"},"wordCount":554,"publisher":{"@id":"https:\/\/diariotextual.com\/inicio\/#organization"},"image":{"@id":"https:\/\/diariotextual.com\/inicio\/index.php\/2023\/08\/02\/casa-de-piedra-comienza-la-obra-de-toma-e-impulsion-de-agua-para-ampliar-la-superficie-bajo-riego\/#primaryimage"},"thumbnailUrl":"https:\/\/diariotextual.com\/inicio\/wp-content\/uploads\/2023\/06\/riocolorado2023-12.jpg","articleSection":["A - ES NOTICIA (van abajo)","SOCIEDAD"],"inLanguage":"es"},{"@type":"WebPage","@id":"https:\/\/diariotextual.com\/inicio\/index.php\/2023\/08\/02\/casa-de-piedra-comienza-la-obra-de-toma-e-impulsion-de-agua-para-ampliar-la-superficie-bajo-riego\/","url":"https:\/\/diariotextual.com\/inicio\/index.php\/2023\/08\/02\/casa-de-piedra-comienza-la-obra-de-toma-e-impulsion-de-agua-para-ampliar-la-superficie-bajo-riego\/","name":"Casa de Piedra: comienza la obra de toma e impulsi\u00f3n de agua para ampliar la superficie bajo riego - Diario Textual","isPartOf":{"@id":"https:\/\/diariotextual.com\/inicio\/#website"},"primaryImageOfPage":{"@id":"https:\/\/diariotextual.com\/inicio\/index.php\/2023\/08\/02\/casa-de-piedra-comienza-la-obra-de-toma-e-impulsion-de-agua-para-ampliar-la-superficie-bajo-riego\/#primaryimage"},"image":{"@id":"https:\/\/diariotextual.com\/inicio\/index.php\/2023\/08\/02\/casa-de-piedra-comienza-la-obra-de-toma-e-impulsion-de-agua-para-ampliar-la-superficie-bajo-riego\/#primaryimage"},"thumbnailUrl":"https:\/\/diariotextual.com\/inicio\/wp-content\/uploads\/2023\/06\/riocolorado2023-12.jpg","datePublished":"2023-08-02T22:38:13+00:00","dateModified":"2023-08-03T11:53:14+00:00","breadcrumb":{"@id":"https:\/\/diariotextual.com\/inicio\/index.php\/2023\/08\/02\/casa-de-piedra-comienza-la-obra-de-toma-e-impulsion-de-agua-para-ampliar-la-superficie-bajo-riego\/#breadcrumb"},"inLanguage":"es","potentialAction":[{"@type":"ReadAction","target":["https:\/\/diariotextual.com\/inicio\/index.php\/2023\/08\/02\/casa-de-piedra-comienza-la-obra-de-toma-e-impulsion-de-agua-para-ampliar-la-superficie-bajo-riego\/"]}]},{"@type":"ImageObject","inLanguage":"es","@id":"https:\/\/diariotextual.com\/inicio\/index.php\/2023\/08\/02\/casa-de-piedra-comienza-la-obra-de-toma-e-impulsion-de-agua-para-ampliar-la-superficie-bajo-riego\/#primaryimage","url":"https:\/\/diariotextual.com\/inicio\/wp-content\/uploads\/2023\/06\/riocolorado2023-12.jpg","contentUrl":"https:\/\/diariotextual.com\/inicio\/wp-content\/uploads\/2023\/06\/riocolorado2023-12.jpg","width":1302,"height":756},{"@type":"BreadcrumbList","@id":"https:\/\/diariotextual.com\/inicio\/index.php\/2023\/08\/02\/casa-de-piedra-comienza-la-obra-de-toma-e-impulsion-de-agua-para-ampliar-la-superficie-bajo-riego\/#breadcrumb","itemListElement":[{"@type":"ListItem","position":1,"name":"Portada","item":"https:\/\/diariotextual.com\/inicio\/"},{"@type":"ListItem","position":2,"name":"Casa de Piedra: comienza la obra de toma e impulsi\u00f3n de agua para ampliar la superficie bajo riego"}]},{"@type":"WebSite","@id":"https:\/\/diariotextual.com\/inicio\/#website","url":"https:\/\/diariotextual.com\/inicio\/","name":"Diario Textual","description":"","publisher":{"@id":"https:\/\/diariotextual.com\/inicio\/#organization"},"potentialAction":[{"@type":"SearchAction","target":{"@type":"EntryPoint","urlTemplate":"https:\/\/diariotextual.com\/inicio\/?s={search_term_string}"},"query-input":{"@type":"PropertyValueSpecification","valueRequired":true,"valueName":"search_term_string"}}],"inLanguage":"es"},{"@type":"Organization","@id":"https:\/\/diariotextual.com\/inicio\/#organization","name":"Diario Textual","url":"https:\/\/diariotextual.com\/inicio\/","logo":{"@type":"ImageObject","inLanguage":"es","@id":"https:\/\/diariotextual.com\/inicio\/#\/schema\/logo\/image\/","url":"https:\/\/diariotextual.com\/inicio\/wp-content\/uploads\/2023\/05\/logotextual1.jpg","contentUrl":"https:\/\/diariotextual.com\/inicio\/wp-content\/uploads\/2023\/05\/logotextual1.jpg","width":516,"height":76,"caption":"Diario Textual"},"image":{"@id":"https:\/\/diariotextual.com\/inicio\/#\/schema\/logo\/image\/"},"sameAs":["https:\/\/www.facebook.com\/eltextual","https:\/\/x.com\/eltextual","http:\/\/www.instagram.com\/eltextual"]},{"@type":"Person","@id":"https:\/\/diariotextual.com\/inicio\/#\/schema\/person\/418fc4093c33e86ed41562db3508f958","name":"Diario1 Diario1","image":{"@type":"ImageObject","inLanguage":"es","@id":"https:\/\/secure.gravatar.com\/avatar\/9167d280179c85bc18be67aa7eda765854300033af4896dd779b608640f2ef7a?s=96&d=mm&r=g","url":"https:\/\/secure.gravatar.com\/avatar\/9167d280179c85bc18be67aa7eda765854300033af4896dd779b608640f2ef7a?s=96&d=mm&r=g","contentUrl":"https:\/\/secure.gravatar.com\/avatar\/9167d280179c85bc18be67aa7eda765854300033af4896dd779b608640f2ef7a?s=96&d=mm&r=g","caption":"Diario1 Diario1"},"url":"https:\/\/diariotextual.com\/inicio\/index.php\/author\/diario1\/"}]}},"_links":{"self":[{"href":"https:\/\/diariotextual.com\/inicio\/index.php\/wp-json\/wp\/v2\/posts\/232745","targetHints":{"allow":["GET"]}}],"collection":[{"href":"https:\/\/diariotextual.com\/inicio\/index.php\/wp-json\/wp\/v2\/posts"}],"about":[{"href":"https:\/\/diariotextual.com\/inicio\/index.php\/wp-json\/wp\/v2\/types\/post"}],"author":[{"embeddable":true,"href":"https:\/\/diariotextual.com\/inicio\/index.php\/wp-json\/wp\/v2\/users\/3"}],"replies":[{"embeddable":true,"href":"https:\/\/diariotextual.com\/inicio\/index.php\/wp-json\/wp\/v2\/comments?post=232745"}],"version-history":[{"count":4,"href":"https:\/\/diariotextual.com\/inicio\/index.php\/wp-json\/wp\/v2\/posts\/232745\/revisions"}],"predecessor-version":[{"id":232749,"href":"https:\/\/diariotextual.com\/inicio\/index.php\/wp-json\/wp\/v2\/posts\/232745\/revisions\/232749"}],"wp:featuredmedia":[{"embeddable":true,"href":"https:\/\/diariotextual.com\/inicio\/index.php\/wp-json\/wp\/v2\/media\/229328"}],"wp:attachment":[{"href":"https:\/\/diariotextual.com\/inicio\/index.php\/wp-json\/wp\/v2\/media?parent=232745"}],"wp:term":[{"taxonomy":"category","embeddable":true,"href":"https:\/\/diariotextual.com\/inicio\/index.php\/wp-json\/wp\/v2\/categories?post=232745"},{"taxonomy":"post_tag","embeddable":true,"href":"https:\/\/diariotextual.com\/inicio\/index.php\/wp-json\/wp\/v2\/tags?post=232745"}],"curies":[{"name":"wp","href":"https:\/\/api.w.org\/{rel}","templated":true}]}}