{"id":232750,"date":"2023-08-02T20:04:28","date_gmt":"2023-08-02T23:04:28","guid":{"rendered":"https:\/\/diariotextual.com\/inicio\/?p=232750"},"modified":"2023-08-02T20:04:30","modified_gmt":"2023-08-02T23:04:30","slug":"cd-de-general-pico-reconocio-a-jugadora-de-las-murcielagas","status":"publish","type":"post","link":"https:\/\/diariotextual.com\/inicio\/index.php\/2023\/08\/02\/cd-de-general-pico-reconocio-a-jugadora-de-las-murcielagas\/","title":{"rendered":"CD de General Pico reconoci\u00f3 a jugadora de \u201cLas Murci\u00e9lagas\u201d"},"content":{"rendered":"\n<p>La deportista piquense Guillermina Corrales recibi\u00f3 un reconocimiento por parte del concejo deliberante de General Pico, luego que se aprobara por unanimidad en el \u00faltimo encuentro legislativo una resoluci\u00f3n que destaca su convocatoria para integrar el Seleccionado Argentino de F\u00fatbol femenino para ciegas \u00abLas Murci\u00e9lagas\u00bb, que participar\u00e1 del Mundial que se realizar\u00e1 en Inglaterra.<\/p>\n\n\n\n<p>En el edificio de calles 13 y 24, el presidente del concejo Daniel L\u00f3pez, recibi\u00f3 a Guillermina e hizo entrega de la copia de la normativa y de una placa homenaje al presente deportivo de la piquense.<\/p>\n\n\n\n<p>De esta actividad participaron adem\u00e1s ediles locales de distintos bloques, la directora de la Escuela N\u00b0 2 de Apoyo a la Inclusi\u00f3n de Ciegos y Disminuidos Visuales, Ver\u00f3nica Etchegorry y familiares de la deportista.<\/p>\n\n\n\n<p>Corrales fue confirmada dentro de las 8 jugadoras que integrar\u00e1n el seleccionado argentino de f\u00fatbol femenino para ciegas, por ello el pr\u00f3ximo 11 de agosto partir\u00e1 de nuestra ciudad para participar de este mundial que tendr\u00e1 lugar del 18 al 27 de agosto.<\/p>\n\n\n\n<p>\u201cEs un orgullo poder estar haciendo efectivo este reconocimiento, no quer\u00edamos que te fueras sin que sintieras el cari\u00f1o y apoyo de la ciudad, que sin dudas es mucho\u201d, expres\u00f3 L\u00f3pez.<\/p>\n\n\n\n<p>Y agreg\u00f3: \u201cSiempre es lindo reconocer a deportistas de la ciudad y es algo que venimos realizando en forma sostenida desde el inicio de la gesti\u00f3n, en este caso a Guillermina que est\u00e1 pr\u00f3xima a vivir la experiencia de un Mundial, que ha trabajado fuerte para conseguir ese lugar en el seleccionado y que sin dudas como piquenses nos llena de orgullo\u201d.<\/p>\n\n\n\n<p>Emoci\u00f3n<\/p>\n\n\n\n<p>La deportista piquense afirm\u00f3: \u201cEstoy muy emocionada y es grande la mezcla de sensaciones. Muchos nervios porque falta muy poco y tambi\u00e9n hay varios pa\u00edses que son dif\u00edciles a la hora de enfrentar, pero con mucho orgullo de representar a La Pampa y a la Argentina. Somos solamente 10 las que vamos y bueno tengo el honor de estar entre esas 10 as\u00ed que bueno a dar lo mejor, siento como cierta responsabilidad, por m\u00e1s que los entrenadores me digan que hay que disfrutar cada partido, que se puede ganar y perder, pero yo voy a ganar\u201d.<\/p>\n\n\n\n<p>Este es el primer Mundial de f\u00fatbol femenino para ciegas y Argentina ser\u00e1 uno de los ocho participantes junto con Inglaterra, Alemania, Jap\u00f3n, India, Ghana, Costa de Marfil y Mali. Sobre la convocatoria Guillermina agreg\u00f3: \u201cPara m\u00ed es algo impagable estar en la historia del primer mundial que se va a jugar y estar entre esas jugadoras que conformamos esta selecci\u00f3n, y que la gente tambi\u00e9n lo difunda y que me den un reconocimiento, la verdad que es algo que no me esperaba porque a veces cuesta un poco por ah\u00ed de parte de la gente tener ese apoyo\u201d.<\/p>\n\n\n\n<p>Sobre el cronograma de presentaciones la futbolista relat\u00f3 que el 11 viajar\u00e1n a Birmingham: \u201cJugamos el 14 contra Alemania, el 16 de agosto contra India y el 18. Esos son los primeros tres partidos que tenemos y bueno son ocho equipos as\u00ed que depende como salgamos que espero que todo est\u00e9 bien, el 20 y el 21 son la semifinal y la final\u201d.<\/p>\n","protected":false},"excerpt":{"rendered":"<p>La deportista piquense Guillermina Corrales recibi\u00f3 un reconocimiento por parte del concejo deliberante de General Pico, luego que se aprobara por unanimidad en el \u00faltimo encuentro legislativo una resoluci\u00f3n que&hellip;<\/p>\n","protected":false},"author":5,"featured_media":232751,"comment_status":"closed","ping_status":"open","sticky":false,"template":"","format":"standard","meta":{"_acf_changed":false,"footnotes":""},"categories":[1,12],"tags":[6032],"class_list":["post-232750","post","type-post","status-publish","format-standard","has-post-thumbnail","hentry","category-es-noticia","category-sociedad","tag-futbol-femenino-2"],"acf":[],"yoast_head":"<!-- This site is optimized with the Yoast SEO plugin v27.5 - https:\/\/yoast.com\/product\/yoast-seo-wordpress\/ -->\n<title>CD de General Pico reconoci\u00f3 a jugadora de \u201cLas Murci\u00e9lagas\u201d - Diario Textual<\/title>\n<meta name=\"robots\" content=\"index, follow, max-snippet:-1, max-image-preview:large, max-video-preview:-1\" \/>\n<link rel=\"canonical\" href=\"https:\/\/diariotextual.com\/inicio\/index.php\/2023\/08\/02\/cd-de-general-pico-reconocio-a-jugadora-de-las-murcielagas\/\" \/>\n<meta property=\"og:locale\" content=\"es_ES\" \/>\n<meta property=\"og:type\" content=\"article\" \/>\n<meta property=\"og:title\" content=\"CD de General Pico reconoci\u00f3 a jugadora de \u201cLas Murci\u00e9lagas\u201d - Diario Textual\" \/>\n<meta property=\"og:description\" content=\"La deportista piquense Guillermina Corrales recibi\u00f3 un reconocimiento por parte del concejo deliberante de General Pico, luego que se aprobara por unanimidad en el \u00faltimo encuentro legislativo una resoluci\u00f3n que&hellip;\" \/>\n<meta property=\"og:url\" content=\"https:\/\/diariotextual.com\/inicio\/index.php\/2023\/08\/02\/cd-de-general-pico-reconocio-a-jugadora-de-las-murcielagas\/\" \/>\n<meta property=\"og:site_name\" content=\"Diario Textual\" \/>\n<meta property=\"article:publisher\" content=\"https:\/\/www.facebook.com\/eltextual\" \/>\n<meta property=\"article:published_time\" content=\"2023-08-02T23:04:28+00:00\" \/>\n<meta property=\"article:modified_time\" content=\"2023-08-02T23:04:30+00:00\" \/>\n<meta property=\"og:image\" content=\"https:\/\/diariotextual.com\/inicio\/wp-content\/uploads\/2023\/08\/corralesguillermina.jpg\" \/>\n\t<meta property=\"og:image:width\" content=\"900\" \/>\n\t<meta property=\"og:image:height\" content=\"511\" \/>\n\t<meta property=\"og:image:type\" content=\"image\/jpeg\" \/>\n<meta name=\"author\" content=\"diario3\" \/>\n<meta name=\"twitter:card\" content=\"summary_large_image\" \/>\n<meta name=\"twitter:creator\" content=\"@eltextual\" \/>\n<meta name=\"twitter:site\" content=\"@eltextual\" \/>\n<meta name=\"twitter:label1\" content=\"Escrito por\" \/>\n\t<meta name=\"twitter:data1\" content=\"diario3\" \/>\n\t<meta name=\"twitter:label2\" content=\"Tiempo de lectura\" \/>\n\t<meta name=\"twitter:data2\" content=\"3 minutos\" \/>\n<script type=\"application\/ld+json\" class=\"yoast-schema-graph\">{\"@context\":\"https:\\\/\\\/schema.org\",\"@graph\":[{\"@type\":\"Article\",\"@id\":\"https:\\\/\\\/diariotextual.com\\\/inicio\\\/index.php\\\/2023\\\/08\\\/02\\\/cd-de-general-pico-reconocio-a-jugadora-de-las-murcielagas\\\/#article\",\"isPartOf\":{\"@id\":\"https:\\\/\\\/diariotextual.com\\\/inicio\\\/index.php\\\/2023\\\/08\\\/02\\\/cd-de-general-pico-reconocio-a-jugadora-de-las-murcielagas\\\/\"},\"author\":{\"name\":\"diario3\",\"@id\":\"https:\\\/\\\/diariotextual.com\\\/inicio\\\/#\\\/schema\\\/person\\\/a1b6f563e0ee944c60f98119389a4d9f\"},\"headline\":\"CD de General Pico reconoci\u00f3 a jugadora de \u201cLas Murci\u00e9lagas\u201d\",\"datePublished\":\"2023-08-02T23:04:28+00:00\",\"dateModified\":\"2023-08-02T23:04:30+00:00\",\"mainEntityOfPage\":{\"@id\":\"https:\\\/\\\/diariotextual.com\\\/inicio\\\/index.php\\\/2023\\\/08\\\/02\\\/cd-de-general-pico-reconocio-a-jugadora-de-las-murcielagas\\\/\"},\"wordCount\":542,\"publisher\":{\"@id\":\"https:\\\/\\\/diariotextual.com\\\/inicio\\\/#organization\"},\"image\":{\"@id\":\"https:\\\/\\\/diariotextual.com\\\/inicio\\\/index.php\\\/2023\\\/08\\\/02\\\/cd-de-general-pico-reconocio-a-jugadora-de-las-murcielagas\\\/#primaryimage\"},\"thumbnailUrl\":\"https:\\\/\\\/diariotextual.com\\\/inicio\\\/wp-content\\\/uploads\\\/2023\\\/08\\\/corralesguillermina.jpg\",\"keywords\":[\"futbol femenino\"],\"articleSection\":[\"A - ES NOTICIA (van abajo)\",\"SOCIEDAD\"],\"inLanguage\":\"es\"},{\"@type\":\"WebPage\",\"@id\":\"https:\\\/\\\/diariotextual.com\\\/inicio\\\/index.php\\\/2023\\\/08\\\/02\\\/cd-de-general-pico-reconocio-a-jugadora-de-las-murcielagas\\\/\",\"url\":\"https:\\\/\\\/diariotextual.com\\\/inicio\\\/index.php\\\/2023\\\/08\\\/02\\\/cd-de-general-pico-reconocio-a-jugadora-de-las-murcielagas\\\/\",\"name\":\"CD de General Pico reconoci\u00f3 a jugadora de \u201cLas Murci\u00e9lagas\u201d - Diario Textual\",\"isPartOf\":{\"@id\":\"https:\\\/\\\/diariotextual.com\\\/inicio\\\/#website\"},\"primaryImageOfPage\":{\"@id\":\"https:\\\/\\\/diariotextual.com\\\/inicio\\\/index.php\\\/2023\\\/08\\\/02\\\/cd-de-general-pico-reconocio-a-jugadora-de-las-murcielagas\\\/#primaryimage\"},\"image\":{\"@id\":\"https:\\\/\\\/diariotextual.com\\\/inicio\\\/index.php\\\/2023\\\/08\\\/02\\\/cd-de-general-pico-reconocio-a-jugadora-de-las-murcielagas\\\/#primaryimage\"},\"thumbnailUrl\":\"https:\\\/\\\/diariotextual.com\\\/inicio\\\/wp-content\\\/uploads\\\/2023\\\/08\\\/corralesguillermina.jpg\",\"datePublished\":\"2023-08-02T23:04:28+00:00\",\"dateModified\":\"2023-08-02T23:04:30+00:00\",\"breadcrumb\":{\"@id\":\"https:\\\/\\\/diariotextual.com\\\/inicio\\\/index.php\\\/2023\\\/08\\\/02\\\/cd-de-general-pico-reconocio-a-jugadora-de-las-murcielagas\\\/#breadcrumb\"},\"inLanguage\":\"es\",\"potentialAction\":[{\"@type\":\"ReadAction\",\"target\":[\"https:\\\/\\\/diariotextual.com\\\/inicio\\\/index.php\\\/2023\\\/08\\\/02\\\/cd-de-general-pico-reconocio-a-jugadora-de-las-murcielagas\\\/\"]}]},{\"@type\":\"ImageObject\",\"inLanguage\":\"es\",\"@id\":\"https:\\\/\\\/diariotextual.com\\\/inicio\\\/index.php\\\/2023\\\/08\\\/02\\\/cd-de-general-pico-reconocio-a-jugadora-de-las-murcielagas\\\/#primaryimage\",\"url\":\"https:\\\/\\\/diariotextual.com\\\/inicio\\\/wp-content\\\/uploads\\\/2023\\\/08\\\/corralesguillermina.jpg\",\"contentUrl\":\"https:\\\/\\\/diariotextual.com\\\/inicio\\\/wp-content\\\/uploads\\\/2023\\\/08\\\/corralesguillermina.jpg\",\"width\":900,\"height\":511},{\"@type\":\"BreadcrumbList\",\"@id\":\"https:\\\/\\\/diariotextual.com\\\/inicio\\\/index.php\\\/2023\\\/08\\\/02\\\/cd-de-general-pico-reconocio-a-jugadora-de-las-murcielagas\\\/#breadcrumb\",\"itemListElement\":[{\"@type\":\"ListItem\",\"position\":1,\"name\":\"Portada\",\"item\":\"https:\\\/\\\/diariotextual.com\\\/inicio\\\/\"},{\"@type\":\"ListItem\",\"position\":2,\"name\":\"CD de General Pico reconoci\u00f3 a jugadora de \u201cLas Murci\u00e9lagas\u201d\"}]},{\"@type\":\"WebSite\",\"@id\":\"https:\\\/\\\/diariotextual.com\\\/inicio\\\/#website\",\"url\":\"https:\\\/\\\/diariotextual.com\\\/inicio\\\/\",\"name\":\"Diario Textual\",\"description\":\"\",\"publisher\":{\"@id\":\"https:\\\/\\\/diariotextual.com\\\/inicio\\\/#organization\"},\"potentialAction\":[{\"@type\":\"SearchAction\",\"target\":{\"@type\":\"EntryPoint\",\"urlTemplate\":\"https:\\\/\\\/diariotextual.com\\\/inicio\\\/?s={search_term_string}\"},\"query-input\":{\"@type\":\"PropertyValueSpecification\",\"valueRequired\":true,\"valueName\":\"search_term_string\"}}],\"inLanguage\":\"es\"},{\"@type\":\"Organization\",\"@id\":\"https:\\\/\\\/diariotextual.com\\\/inicio\\\/#organization\",\"name\":\"Diario Textual\",\"url\":\"https:\\\/\\\/diariotextual.com\\\/inicio\\\/\",\"logo\":{\"@type\":\"ImageObject\",\"inLanguage\":\"es\",\"@id\":\"https:\\\/\\\/diariotextual.com\\\/inicio\\\/#\\\/schema\\\/logo\\\/image\\\/\",\"url\":\"https:\\\/\\\/diariotextual.com\\\/inicio\\\/wp-content\\\/uploads\\\/2023\\\/05\\\/logotextual1.jpg\",\"contentUrl\":\"https:\\\/\\\/diariotextual.com\\\/inicio\\\/wp-content\\\/uploads\\\/2023\\\/05\\\/logotextual1.jpg\",\"width\":516,\"height\":76,\"caption\":\"Diario Textual\"},\"image\":{\"@id\":\"https:\\\/\\\/diariotextual.com\\\/inicio\\\/#\\\/schema\\\/logo\\\/image\\\/\"},\"sameAs\":[\"https:\\\/\\\/www.facebook.com\\\/eltextual\",\"https:\\\/\\\/x.com\\\/eltextual\",\"http:\\\/\\\/www.instagram.com\\\/eltextual\"]},{\"@type\":\"Person\",\"@id\":\"https:\\\/\\\/diariotextual.com\\\/inicio\\\/#\\\/schema\\\/person\\\/a1b6f563e0ee944c60f98119389a4d9f\",\"name\":\"diario3\",\"image\":{\"@type\":\"ImageObject\",\"inLanguage\":\"es\",\"@id\":\"https:\\\/\\\/secure.gravatar.com\\\/avatar\\\/5e7ee62c82fc04d9dd79d746a390d93c69c43223e5faeeb3ea9461ef752bfc5d?s=96&d=mm&r=g\",\"url\":\"https:\\\/\\\/secure.gravatar.com\\\/avatar\\\/5e7ee62c82fc04d9dd79d746a390d93c69c43223e5faeeb3ea9461ef752bfc5d?s=96&d=mm&r=g\",\"contentUrl\":\"https:\\\/\\\/secure.gravatar.com\\\/avatar\\\/5e7ee62c82fc04d9dd79d746a390d93c69c43223e5faeeb3ea9461ef752bfc5d?s=96&d=mm&r=g\",\"caption\":\"diario3\"},\"url\":\"https:\\\/\\\/diariotextual.com\\\/inicio\\\/index.php\\\/author\\\/diario3\\\/\"}]}<\/script>\n<!-- \/ Yoast SEO plugin. -->","yoast_head_json":{"title":"CD de General Pico reconoci\u00f3 a jugadora de \u201cLas Murci\u00e9lagas\u201d - Diario Textual","robots":{"index":"index","follow":"follow","max-snippet":"max-snippet:-1","max-image-preview":"max-image-preview:large","max-video-preview":"max-video-preview:-1"},"canonical":"https:\/\/diariotextual.com\/inicio\/index.php\/2023\/08\/02\/cd-de-general-pico-reconocio-a-jugadora-de-las-murcielagas\/","og_locale":"es_ES","og_type":"article","og_title":"CD de General Pico reconoci\u00f3 a jugadora de \u201cLas Murci\u00e9lagas\u201d - Diario Textual","og_description":"La deportista piquense Guillermina Corrales recibi\u00f3 un reconocimiento por parte del concejo deliberante de General Pico, luego que se aprobara por unanimidad en el \u00faltimo encuentro legislativo una resoluci\u00f3n que&hellip;","og_url":"https:\/\/diariotextual.com\/inicio\/index.php\/2023\/08\/02\/cd-de-general-pico-reconocio-a-jugadora-de-las-murcielagas\/","og_site_name":"Diario Textual","article_publisher":"https:\/\/www.facebook.com\/eltextual","article_published_time":"2023-08-02T23:04:28+00:00","article_modified_time":"2023-08-02T23:04:30+00:00","og_image":[{"width":900,"height":511,"url":"https:\/\/diariotextual.com\/inicio\/wp-content\/uploads\/2023\/08\/corralesguillermina.jpg","type":"image\/jpeg"}],"author":"diario3","twitter_card":"summary_large_image","twitter_creator":"@eltextual","twitter_site":"@eltextual","twitter_misc":{"Escrito por":"diario3","Tiempo de lectura":"3 minutos"},"schema":{"@context":"https:\/\/schema.org","@graph":[{"@type":"Article","@id":"https:\/\/diariotextual.com\/inicio\/index.php\/2023\/08\/02\/cd-de-general-pico-reconocio-a-jugadora-de-las-murcielagas\/#article","isPartOf":{"@id":"https:\/\/diariotextual.com\/inicio\/index.php\/2023\/08\/02\/cd-de-general-pico-reconocio-a-jugadora-de-las-murcielagas\/"},"author":{"name":"diario3","@id":"https:\/\/diariotextual.com\/inicio\/#\/schema\/person\/a1b6f563e0ee944c60f98119389a4d9f"},"headline":"CD de General Pico reconoci\u00f3 a jugadora de \u201cLas Murci\u00e9lagas\u201d","datePublished":"2023-08-02T23:04:28+00:00","dateModified":"2023-08-02T23:04:30+00:00","mainEntityOfPage":{"@id":"https:\/\/diariotextual.com\/inicio\/index.php\/2023\/08\/02\/cd-de-general-pico-reconocio-a-jugadora-de-las-murcielagas\/"},"wordCount":542,"publisher":{"@id":"https:\/\/diariotextual.com\/inicio\/#organization"},"image":{"@id":"https:\/\/diariotextual.com\/inicio\/index.php\/2023\/08\/02\/cd-de-general-pico-reconocio-a-jugadora-de-las-murcielagas\/#primaryimage"},"thumbnailUrl":"https:\/\/diariotextual.com\/inicio\/wp-content\/uploads\/2023\/08\/corralesguillermina.jpg","keywords":["futbol femenino"],"articleSection":["A - ES NOTICIA (van abajo)","SOCIEDAD"],"inLanguage":"es"},{"@type":"WebPage","@id":"https:\/\/diariotextual.com\/inicio\/index.php\/2023\/08\/02\/cd-de-general-pico-reconocio-a-jugadora-de-las-murcielagas\/","url":"https:\/\/diariotextual.com\/inicio\/index.php\/2023\/08\/02\/cd-de-general-pico-reconocio-a-jugadora-de-las-murcielagas\/","name":"CD de General Pico reconoci\u00f3 a jugadora de \u201cLas Murci\u00e9lagas\u201d - Diario Textual","isPartOf":{"@id":"https:\/\/diariotextual.com\/inicio\/#website"},"primaryImageOfPage":{"@id":"https:\/\/diariotextual.com\/inicio\/index.php\/2023\/08\/02\/cd-de-general-pico-reconocio-a-jugadora-de-las-murcielagas\/#primaryimage"},"image":{"@id":"https:\/\/diariotextual.com\/inicio\/index.php\/2023\/08\/02\/cd-de-general-pico-reconocio-a-jugadora-de-las-murcielagas\/#primaryimage"},"thumbnailUrl":"https:\/\/diariotextual.com\/inicio\/wp-content\/uploads\/2023\/08\/corralesguillermina.jpg","datePublished":"2023-08-02T23:04:28+00:00","dateModified":"2023-08-02T23:04:30+00:00","breadcrumb":{"@id":"https:\/\/diariotextual.com\/inicio\/index.php\/2023\/08\/02\/cd-de-general-pico-reconocio-a-jugadora-de-las-murcielagas\/#breadcrumb"},"inLanguage":"es","potentialAction":[{"@type":"ReadAction","target":["https:\/\/diariotextual.com\/inicio\/index.php\/2023\/08\/02\/cd-de-general-pico-reconocio-a-jugadora-de-las-murcielagas\/"]}]},{"@type":"ImageObject","inLanguage":"es","@id":"https:\/\/diariotextual.com\/inicio\/index.php\/2023\/08\/02\/cd-de-general-pico-reconocio-a-jugadora-de-las-murcielagas\/#primaryimage","url":"https:\/\/diariotextual.com\/inicio\/wp-content\/uploads\/2023\/08\/corralesguillermina.jpg","contentUrl":"https:\/\/diariotextual.com\/inicio\/wp-content\/uploads\/2023\/08\/corralesguillermina.jpg","width":900,"height":511},{"@type":"BreadcrumbList","@id":"https:\/\/diariotextual.com\/inicio\/index.php\/2023\/08\/02\/cd-de-general-pico-reconocio-a-jugadora-de-las-murcielagas\/#breadcrumb","itemListElement":[{"@type":"ListItem","position":1,"name":"Portada","item":"https:\/\/diariotextual.com\/inicio\/"},{"@type":"ListItem","position":2,"name":"CD de General Pico reconoci\u00f3 a jugadora de \u201cLas Murci\u00e9lagas\u201d"}]},{"@type":"WebSite","@id":"https:\/\/diariotextual.com\/inicio\/#website","url":"https:\/\/diariotextual.com\/inicio\/","name":"Diario Textual","description":"","publisher":{"@id":"https:\/\/diariotextual.com\/inicio\/#organization"},"potentialAction":[{"@type":"SearchAction","target":{"@type":"EntryPoint","urlTemplate":"https:\/\/diariotextual.com\/inicio\/?s={search_term_string}"},"query-input":{"@type":"PropertyValueSpecification","valueRequired":true,"valueName":"search_term_string"}}],"inLanguage":"es"},{"@type":"Organization","@id":"https:\/\/diariotextual.com\/inicio\/#organization","name":"Diario Textual","url":"https:\/\/diariotextual.com\/inicio\/","logo":{"@type":"ImageObject","inLanguage":"es","@id":"https:\/\/diariotextual.com\/inicio\/#\/schema\/logo\/image\/","url":"https:\/\/diariotextual.com\/inicio\/wp-content\/uploads\/2023\/05\/logotextual1.jpg","contentUrl":"https:\/\/diariotextual.com\/inicio\/wp-content\/uploads\/2023\/05\/logotextual1.jpg","width":516,"height":76,"caption":"Diario Textual"},"image":{"@id":"https:\/\/diariotextual.com\/inicio\/#\/schema\/logo\/image\/"},"sameAs":["https:\/\/www.facebook.com\/eltextual","https:\/\/x.com\/eltextual","http:\/\/www.instagram.com\/eltextual"]},{"@type":"Person","@id":"https:\/\/diariotextual.com\/inicio\/#\/schema\/person\/a1b6f563e0ee944c60f98119389a4d9f","name":"diario3","image":{"@type":"ImageObject","inLanguage":"es","@id":"https:\/\/secure.gravatar.com\/avatar\/5e7ee62c82fc04d9dd79d746a390d93c69c43223e5faeeb3ea9461ef752bfc5d?s=96&d=mm&r=g","url":"https:\/\/secure.gravatar.com\/avatar\/5e7ee62c82fc04d9dd79d746a390d93c69c43223e5faeeb3ea9461ef752bfc5d?s=96&d=mm&r=g","contentUrl":"https:\/\/secure.gravatar.com\/avatar\/5e7ee62c82fc04d9dd79d746a390d93c69c43223e5faeeb3ea9461ef752bfc5d?s=96&d=mm&r=g","caption":"diario3"},"url":"https:\/\/diariotextual.com\/inicio\/index.php\/author\/diario3\/"}]}},"_links":{"self":[{"href":"https:\/\/diariotextual.com\/inicio\/index.php\/wp-json\/wp\/v2\/posts\/232750","targetHints":{"allow":["GET"]}}],"collection":[{"href":"https:\/\/diariotextual.com\/inicio\/index.php\/wp-json\/wp\/v2\/posts"}],"about":[{"href":"https:\/\/diariotextual.com\/inicio\/index.php\/wp-json\/wp\/v2\/types\/post"}],"author":[{"embeddable":true,"href":"https:\/\/diariotextual.com\/inicio\/index.php\/wp-json\/wp\/v2\/users\/5"}],"replies":[{"embeddable":true,"href":"https:\/\/diariotextual.com\/inicio\/index.php\/wp-json\/wp\/v2\/comments?post=232750"}],"version-history":[{"count":1,"href":"https:\/\/diariotextual.com\/inicio\/index.php\/wp-json\/wp\/v2\/posts\/232750\/revisions"}],"predecessor-version":[{"id":232752,"href":"https:\/\/diariotextual.com\/inicio\/index.php\/wp-json\/wp\/v2\/posts\/232750\/revisions\/232752"}],"wp:featuredmedia":[{"embeddable":true,"href":"https:\/\/diariotextual.com\/inicio\/index.php\/wp-json\/wp\/v2\/media\/232751"}],"wp:attachment":[{"href":"https:\/\/diariotextual.com\/inicio\/index.php\/wp-json\/wp\/v2\/media?parent=232750"}],"wp:term":[{"taxonomy":"category","embeddable":true,"href":"https:\/\/diariotextual.com\/inicio\/index.php\/wp-json\/wp\/v2\/categories?post=232750"},{"taxonomy":"post_tag","embeddable":true,"href":"https:\/\/diariotextual.com\/inicio\/index.php\/wp-json\/wp\/v2\/tags?post=232750"}],"curies":[{"name":"wp","href":"https:\/\/api.w.org\/{rel}","templated":true}]}}