{"id":232773,"date":"2023-08-03T07:18:14","date_gmt":"2023-08-03T10:18:14","guid":{"rendered":"https:\/\/diariotextual.com\/inicio\/?p=232773"},"modified":"2023-08-03T07:18:16","modified_gmt":"2023-08-03T10:18:16","slug":"alexis-mac-allister-sufrio-un-golpe-en-la-agonica-derrota-de-liverpool-ante-bayern-munich","status":"publish","type":"post","link":"https:\/\/diariotextual.com\/inicio\/index.php\/2023\/08\/03\/alexis-mac-allister-sufrio-un-golpe-en-la-agonica-derrota-de-liverpool-ante-bayern-munich\/","title":{"rendered":"Alexis Mac Allister sufri\u00f3 un golpe en la ag\u00f3nica derrota de Liverpool ante Bayern M\u00fanich"},"content":{"rendered":"\n<p>El mediocampista argentino <strong>Alexis Mac Allister <\/strong>sufri\u00f3 hoy un golpe en la pierna izquierda por el que fue reemplazado por precauci\u00f3n en el entretiempo de la ag\u00f3nica derrota de Liverpool ante Bayern M\u00fanich por 4-3 en un amistoso en Singapur.<br><br>El campe\u00f3n del mundo en Qatar 2022 fue titular en el equipo del alem\u00e1n J\u00fcrgen Klopp pero justo antes del final del primer tiempo choc\u00f3 con un rival y fue atendido por los m\u00e9dicos por un fuerte dolor en la pierna izquierda.<br><br>Si bien pudo irse al vestuario caminando, el mediocampista surgido de Argentinos Juniors y con paso por Boca no sali\u00f3 a jugar la segunda parte y fue reemplazado por el uruguayo Darwin N\u00fa\u00f1ez.<br><br>Luego del partido, el alem\u00e1n Klopp aclar\u00f3 que la salida de Mac Allister fue solo por precauci\u00f3n por el golpe \u201cde rodilla con rodilla\u201d.<br><br>\u201cPodr\u00eda haber seguido jugando pero es demasiado doloroso, as\u00ed que lo cambiamos. No hay necesidad de presionarlo\u201d, se\u00f1al\u00f3 el DT en conferencia de prensa.<br><br>\u201cNo quer\u00edamos correr ning\u00fan riesgo. Solo fue un golpe rodilla contra rodilla y eso es todo\u201d, complet\u00f3.<br><br>Durante el vibrante partido, Liverpool estuvo tres veces en ventaja por los goles de Cody Gakpo, Virgil van Dijk y el colombiano Luis D\u00edaz pero Bayern M\u00fanich logr\u00f3 empatar a trav\u00e9s de Serge Gnabry, Leroy San\u00e9 y Josip Stanisic y en tiempo de adici\u00f3n lo dio vuelta con el tanto del juvenil Frans Kratzig.<br><br>El amistoso se disput\u00f3 en el estadio Nacional de Singapur.<br><br>Liverpool tendr\u00e1 un amistoso m\u00e1s antes del inicio de la Premier League el pr\u00f3ximo 13 de agosto contra Chelsea, de Mauricio Pochettino.<br><br>Los \u201creds\u201d volver\u00e1n a Inglaterra y enfrentar\u00e1n el pr\u00f3ximo lunes a Darmstadt, de Alemania.<br><br>Por su lado, Bayern M\u00fanich tambi\u00e9n jugar\u00e1 el lunes contra M\u00f3naco y luego afrontar\u00e1 el primer partido oficial de la temporada contra Leipzig, el 12 de agosto, por la final de la Supercopa alemana.<br><br>Mientras que este mismo mi\u00e9rcoles Barcelona, de Espa\u00f1a, con gol de Ansu Fati a los 10 minutos del complemento le gan\u00f3 por 1 a 0 a Milan, de Italia, donde ingres\u00f3 el volante argentino Luka Romero `promediando el segundo tiempo en reemplazo del estadounidense Christian Pulisic. El partido se disput\u00f3 en el Allegiant Stadium, de Las Vegas.<br><br>En tanto que en el Camping World Stadium, de Orlando, hubo victoria de la Juventus, de Italia sobre Real Madrid por 3 a 1 con goles de Moise Kean, Timothy Weah y Dusan Vlahovic, descontando el brasile\u00f1o Vinicius Junior para los espa\u00f1oles.<br><br>En el conjunto italiano ingresaron en el complemento los argentinos Mat\u00edas Soul\u00e9 y Enzo Barrenechea.<br><br>Y tambi\u00e9n en los Estados Unidos a \u00faltima hora el Chelsea ingl\u00e9s del entrenador argentino Mauricio Pochettino, con su compatriota el volante Enzo Fern\u00e1ndez disputando los 90 minutos, igual\u00f3 1 a 1 con el Borussia Dortmund alem\u00e1n en el estadio Soldier Field, de Chicago.<br><br>El ingresado Marius Wolf puso en ventaja a los germanos a los 35 minutos del segundo per\u00edodo y Mason Burstow empat\u00f3 para los londinenses a los 44.<\/p>\n","protected":false},"excerpt":{"rendered":"<p>El mediocampista argentino Alexis Mac Allister sufri\u00f3 hoy un golpe en la pierna izquierda por el que fue reemplazado por precauci\u00f3n en el entretiempo de la ag\u00f3nica derrota de Liverpool&hellip;<\/p>\n","protected":false},"author":4,"featured_media":232775,"comment_status":"closed","ping_status":"open","sticky":false,"template":"","format":"standard","meta":{"_acf_changed":false,"footnotes":""},"categories":[1,3],"tags":[],"class_list":["post-232773","post","type-post","status-publish","format-standard","has-post-thumbnail","hentry","category-es-noticia","category-deportes"],"acf":[],"yoast_head":"<!-- This site is optimized with the Yoast SEO plugin v27.4 - https:\/\/yoast.com\/product\/yoast-seo-wordpress\/ -->\n<title>Alexis Mac Allister sufri\u00f3 un golpe en la ag\u00f3nica derrota de Liverpool ante Bayern M\u00fanich - Diario Textual<\/title>\n<meta name=\"robots\" content=\"index, follow, max-snippet:-1, max-image-preview:large, max-video-preview:-1\" \/>\n<link rel=\"canonical\" href=\"https:\/\/diariotextual.com\/inicio\/index.php\/2023\/08\/03\/alexis-mac-allister-sufrio-un-golpe-en-la-agonica-derrota-de-liverpool-ante-bayern-munich\/\" \/>\n<meta property=\"og:locale\" content=\"es_ES\" \/>\n<meta property=\"og:type\" content=\"article\" \/>\n<meta property=\"og:title\" content=\"Alexis Mac Allister sufri\u00f3 un golpe en la ag\u00f3nica derrota de Liverpool ante Bayern M\u00fanich - Diario Textual\" \/>\n<meta property=\"og:description\" content=\"El mediocampista argentino Alexis Mac Allister sufri\u00f3 hoy un golpe en la pierna izquierda por el que fue reemplazado por precauci\u00f3n en el entretiempo de la ag\u00f3nica derrota de Liverpool&hellip;\" \/>\n<meta property=\"og:url\" content=\"https:\/\/diariotextual.com\/inicio\/index.php\/2023\/08\/03\/alexis-mac-allister-sufrio-un-golpe-en-la-agonica-derrota-de-liverpool-ante-bayern-munich\/\" \/>\n<meta property=\"og:site_name\" content=\"Diario Textual\" \/>\n<meta property=\"article:publisher\" content=\"https:\/\/www.facebook.com\/eltextual\" \/>\n<meta property=\"article:published_time\" content=\"2023-08-03T10:18:14+00:00\" \/>\n<meta property=\"article:modified_time\" content=\"2023-08-03T10:18:16+00:00\" \/>\n<meta property=\"og:image\" content=\"https:\/\/diariotextual.com\/inicio\/wp-content\/uploads\/2023\/08\/macallisterliverpoolgolpe45.jpeg\" \/>\n\t<meta property=\"og:image:width\" content=\"750\" \/>\n\t<meta property=\"og:image:height\" content=\"500\" \/>\n\t<meta property=\"og:image:type\" content=\"image\/jpeg\" \/>\n<meta name=\"author\" content=\"diario2\" \/>\n<meta name=\"twitter:card\" content=\"summary_large_image\" \/>\n<meta name=\"twitter:creator\" content=\"@eltextual\" \/>\n<meta name=\"twitter:site\" content=\"@eltextual\" \/>\n<meta name=\"twitter:label1\" content=\"Escrito por\" \/>\n\t<meta name=\"twitter:data1\" content=\"diario2\" \/>\n\t<meta name=\"twitter:label2\" content=\"Tiempo de lectura\" \/>\n\t<meta name=\"twitter:data2\" content=\"3 minutos\" \/>\n<script type=\"application\/ld+json\" class=\"yoast-schema-graph\">{\"@context\":\"https:\\\/\\\/schema.org\",\"@graph\":[{\"@type\":\"Article\",\"@id\":\"https:\\\/\\\/diariotextual.com\\\/inicio\\\/index.php\\\/2023\\\/08\\\/03\\\/alexis-mac-allister-sufrio-un-golpe-en-la-agonica-derrota-de-liverpool-ante-bayern-munich\\\/#article\",\"isPartOf\":{\"@id\":\"https:\\\/\\\/diariotextual.com\\\/inicio\\\/index.php\\\/2023\\\/08\\\/03\\\/alexis-mac-allister-sufrio-un-golpe-en-la-agonica-derrota-de-liverpool-ante-bayern-munich\\\/\"},\"author\":{\"name\":\"diario2\",\"@id\":\"https:\\\/\\\/diariotextual.com\\\/inicio\\\/#\\\/schema\\\/person\\\/694f60677f23c4a530867a98f22b3768\"},\"headline\":\"Alexis Mac Allister sufri\u00f3 un golpe en la ag\u00f3nica derrota de Liverpool ante Bayern M\u00fanich\",\"datePublished\":\"2023-08-03T10:18:14+00:00\",\"dateModified\":\"2023-08-03T10:18:16+00:00\",\"mainEntityOfPage\":{\"@id\":\"https:\\\/\\\/diariotextual.com\\\/inicio\\\/index.php\\\/2023\\\/08\\\/03\\\/alexis-mac-allister-sufrio-un-golpe-en-la-agonica-derrota-de-liverpool-ante-bayern-munich\\\/\"},\"wordCount\":539,\"publisher\":{\"@id\":\"https:\\\/\\\/diariotextual.com\\\/inicio\\\/#organization\"},\"image\":{\"@id\":\"https:\\\/\\\/diariotextual.com\\\/inicio\\\/index.php\\\/2023\\\/08\\\/03\\\/alexis-mac-allister-sufrio-un-golpe-en-la-agonica-derrota-de-liverpool-ante-bayern-munich\\\/#primaryimage\"},\"thumbnailUrl\":\"https:\\\/\\\/diariotextual.com\\\/inicio\\\/wp-content\\\/uploads\\\/2023\\\/08\\\/macallisterliverpoolgolpe45.jpeg\",\"articleSection\":[\"A - ES NOTICIA (van abajo)\",\"DEPORTES\"],\"inLanguage\":\"es\"},{\"@type\":\"WebPage\",\"@id\":\"https:\\\/\\\/diariotextual.com\\\/inicio\\\/index.php\\\/2023\\\/08\\\/03\\\/alexis-mac-allister-sufrio-un-golpe-en-la-agonica-derrota-de-liverpool-ante-bayern-munich\\\/\",\"url\":\"https:\\\/\\\/diariotextual.com\\\/inicio\\\/index.php\\\/2023\\\/08\\\/03\\\/alexis-mac-allister-sufrio-un-golpe-en-la-agonica-derrota-de-liverpool-ante-bayern-munich\\\/\",\"name\":\"Alexis Mac Allister sufri\u00f3 un golpe en la ag\u00f3nica derrota de Liverpool ante Bayern M\u00fanich - Diario Textual\",\"isPartOf\":{\"@id\":\"https:\\\/\\\/diariotextual.com\\\/inicio\\\/#website\"},\"primaryImageOfPage\":{\"@id\":\"https:\\\/\\\/diariotextual.com\\\/inicio\\\/index.php\\\/2023\\\/08\\\/03\\\/alexis-mac-allister-sufrio-un-golpe-en-la-agonica-derrota-de-liverpool-ante-bayern-munich\\\/#primaryimage\"},\"image\":{\"@id\":\"https:\\\/\\\/diariotextual.com\\\/inicio\\\/index.php\\\/2023\\\/08\\\/03\\\/alexis-mac-allister-sufrio-un-golpe-en-la-agonica-derrota-de-liverpool-ante-bayern-munich\\\/#primaryimage\"},\"thumbnailUrl\":\"https:\\\/\\\/diariotextual.com\\\/inicio\\\/wp-content\\\/uploads\\\/2023\\\/08\\\/macallisterliverpoolgolpe45.jpeg\",\"datePublished\":\"2023-08-03T10:18:14+00:00\",\"dateModified\":\"2023-08-03T10:18:16+00:00\",\"breadcrumb\":{\"@id\":\"https:\\\/\\\/diariotextual.com\\\/inicio\\\/index.php\\\/2023\\\/08\\\/03\\\/alexis-mac-allister-sufrio-un-golpe-en-la-agonica-derrota-de-liverpool-ante-bayern-munich\\\/#breadcrumb\"},\"inLanguage\":\"es\",\"potentialAction\":[{\"@type\":\"ReadAction\",\"target\":[\"https:\\\/\\\/diariotextual.com\\\/inicio\\\/index.php\\\/2023\\\/08\\\/03\\\/alexis-mac-allister-sufrio-un-golpe-en-la-agonica-derrota-de-liverpool-ante-bayern-munich\\\/\"]}]},{\"@type\":\"ImageObject\",\"inLanguage\":\"es\",\"@id\":\"https:\\\/\\\/diariotextual.com\\\/inicio\\\/index.php\\\/2023\\\/08\\\/03\\\/alexis-mac-allister-sufrio-un-golpe-en-la-agonica-derrota-de-liverpool-ante-bayern-munich\\\/#primaryimage\",\"url\":\"https:\\\/\\\/diariotextual.com\\\/inicio\\\/wp-content\\\/uploads\\\/2023\\\/08\\\/macallisterliverpoolgolpe45.jpeg\",\"contentUrl\":\"https:\\\/\\\/diariotextual.com\\\/inicio\\\/wp-content\\\/uploads\\\/2023\\\/08\\\/macallisterliverpoolgolpe45.jpeg\",\"width\":750,\"height\":500},{\"@type\":\"BreadcrumbList\",\"@id\":\"https:\\\/\\\/diariotextual.com\\\/inicio\\\/index.php\\\/2023\\\/08\\\/03\\\/alexis-mac-allister-sufrio-un-golpe-en-la-agonica-derrota-de-liverpool-ante-bayern-munich\\\/#breadcrumb\",\"itemListElement\":[{\"@type\":\"ListItem\",\"position\":1,\"name\":\"Portada\",\"item\":\"https:\\\/\\\/diariotextual.com\\\/inicio\\\/\"},{\"@type\":\"ListItem\",\"position\":2,\"name\":\"Alexis Mac Allister sufri\u00f3 un golpe en la ag\u00f3nica derrota de Liverpool ante Bayern M\u00fanich\"}]},{\"@type\":\"WebSite\",\"@id\":\"https:\\\/\\\/diariotextual.com\\\/inicio\\\/#website\",\"url\":\"https:\\\/\\\/diariotextual.com\\\/inicio\\\/\",\"name\":\"Diario Textual\",\"description\":\"\",\"publisher\":{\"@id\":\"https:\\\/\\\/diariotextual.com\\\/inicio\\\/#organization\"},\"potentialAction\":[{\"@type\":\"SearchAction\",\"target\":{\"@type\":\"EntryPoint\",\"urlTemplate\":\"https:\\\/\\\/diariotextual.com\\\/inicio\\\/?s={search_term_string}\"},\"query-input\":{\"@type\":\"PropertyValueSpecification\",\"valueRequired\":true,\"valueName\":\"search_term_string\"}}],\"inLanguage\":\"es\"},{\"@type\":\"Organization\",\"@id\":\"https:\\\/\\\/diariotextual.com\\\/inicio\\\/#organization\",\"name\":\"Diario Textual\",\"url\":\"https:\\\/\\\/diariotextual.com\\\/inicio\\\/\",\"logo\":{\"@type\":\"ImageObject\",\"inLanguage\":\"es\",\"@id\":\"https:\\\/\\\/diariotextual.com\\\/inicio\\\/#\\\/schema\\\/logo\\\/image\\\/\",\"url\":\"https:\\\/\\\/diariotextual.com\\\/inicio\\\/wp-content\\\/uploads\\\/2023\\\/05\\\/logotextual1.jpg\",\"contentUrl\":\"https:\\\/\\\/diariotextual.com\\\/inicio\\\/wp-content\\\/uploads\\\/2023\\\/05\\\/logotextual1.jpg\",\"width\":516,\"height\":76,\"caption\":\"Diario Textual\"},\"image\":{\"@id\":\"https:\\\/\\\/diariotextual.com\\\/inicio\\\/#\\\/schema\\\/logo\\\/image\\\/\"},\"sameAs\":[\"https:\\\/\\\/www.facebook.com\\\/eltextual\",\"https:\\\/\\\/x.com\\\/eltextual\",\"http:\\\/\\\/www.instagram.com\\\/eltextual\"]},{\"@type\":\"Person\",\"@id\":\"https:\\\/\\\/diariotextual.com\\\/inicio\\\/#\\\/schema\\\/person\\\/694f60677f23c4a530867a98f22b3768\",\"name\":\"diario2\",\"image\":{\"@type\":\"ImageObject\",\"inLanguage\":\"es\",\"@id\":\"https:\\\/\\\/secure.gravatar.com\\\/avatar\\\/5a2567495ba16b852fcd8f1ed006a2e24fcace936018ed8237e95f488ad6e0a7?s=96&d=mm&r=g\",\"url\":\"https:\\\/\\\/secure.gravatar.com\\\/avatar\\\/5a2567495ba16b852fcd8f1ed006a2e24fcace936018ed8237e95f488ad6e0a7?s=96&d=mm&r=g\",\"contentUrl\":\"https:\\\/\\\/secure.gravatar.com\\\/avatar\\\/5a2567495ba16b852fcd8f1ed006a2e24fcace936018ed8237e95f488ad6e0a7?s=96&d=mm&r=g\",\"caption\":\"diario2\"},\"url\":\"https:\\\/\\\/diariotextual.com\\\/inicio\\\/index.php\\\/author\\\/diario2\\\/\"}]}<\/script>\n<!-- \/ Yoast SEO plugin. -->","yoast_head_json":{"title":"Alexis Mac Allister sufri\u00f3 un golpe en la ag\u00f3nica derrota de Liverpool ante Bayern M\u00fanich - Diario Textual","robots":{"index":"index","follow":"follow","max-snippet":"max-snippet:-1","max-image-preview":"max-image-preview:large","max-video-preview":"max-video-preview:-1"},"canonical":"https:\/\/diariotextual.com\/inicio\/index.php\/2023\/08\/03\/alexis-mac-allister-sufrio-un-golpe-en-la-agonica-derrota-de-liverpool-ante-bayern-munich\/","og_locale":"es_ES","og_type":"article","og_title":"Alexis Mac Allister sufri\u00f3 un golpe en la ag\u00f3nica derrota de Liverpool ante Bayern M\u00fanich - Diario Textual","og_description":"El mediocampista argentino Alexis Mac Allister sufri\u00f3 hoy un golpe en la pierna izquierda por el que fue reemplazado por precauci\u00f3n en el entretiempo de la ag\u00f3nica derrota de Liverpool&hellip;","og_url":"https:\/\/diariotextual.com\/inicio\/index.php\/2023\/08\/03\/alexis-mac-allister-sufrio-un-golpe-en-la-agonica-derrota-de-liverpool-ante-bayern-munich\/","og_site_name":"Diario Textual","article_publisher":"https:\/\/www.facebook.com\/eltextual","article_published_time":"2023-08-03T10:18:14+00:00","article_modified_time":"2023-08-03T10:18:16+00:00","og_image":[{"width":750,"height":500,"url":"https:\/\/diariotextual.com\/inicio\/wp-content\/uploads\/2023\/08\/macallisterliverpoolgolpe45.jpeg","type":"image\/jpeg"}],"author":"diario2","twitter_card":"summary_large_image","twitter_creator":"@eltextual","twitter_site":"@eltextual","twitter_misc":{"Escrito por":"diario2","Tiempo de lectura":"3 minutos"},"schema":{"@context":"https:\/\/schema.org","@graph":[{"@type":"Article","@id":"https:\/\/diariotextual.com\/inicio\/index.php\/2023\/08\/03\/alexis-mac-allister-sufrio-un-golpe-en-la-agonica-derrota-de-liverpool-ante-bayern-munich\/#article","isPartOf":{"@id":"https:\/\/diariotextual.com\/inicio\/index.php\/2023\/08\/03\/alexis-mac-allister-sufrio-un-golpe-en-la-agonica-derrota-de-liverpool-ante-bayern-munich\/"},"author":{"name":"diario2","@id":"https:\/\/diariotextual.com\/inicio\/#\/schema\/person\/694f60677f23c4a530867a98f22b3768"},"headline":"Alexis Mac Allister sufri\u00f3 un golpe en la ag\u00f3nica derrota de Liverpool ante Bayern M\u00fanich","datePublished":"2023-08-03T10:18:14+00:00","dateModified":"2023-08-03T10:18:16+00:00","mainEntityOfPage":{"@id":"https:\/\/diariotextual.com\/inicio\/index.php\/2023\/08\/03\/alexis-mac-allister-sufrio-un-golpe-en-la-agonica-derrota-de-liverpool-ante-bayern-munich\/"},"wordCount":539,"publisher":{"@id":"https:\/\/diariotextual.com\/inicio\/#organization"},"image":{"@id":"https:\/\/diariotextual.com\/inicio\/index.php\/2023\/08\/03\/alexis-mac-allister-sufrio-un-golpe-en-la-agonica-derrota-de-liverpool-ante-bayern-munich\/#primaryimage"},"thumbnailUrl":"https:\/\/diariotextual.com\/inicio\/wp-content\/uploads\/2023\/08\/macallisterliverpoolgolpe45.jpeg","articleSection":["A - ES NOTICIA (van abajo)","DEPORTES"],"inLanguage":"es"},{"@type":"WebPage","@id":"https:\/\/diariotextual.com\/inicio\/index.php\/2023\/08\/03\/alexis-mac-allister-sufrio-un-golpe-en-la-agonica-derrota-de-liverpool-ante-bayern-munich\/","url":"https:\/\/diariotextual.com\/inicio\/index.php\/2023\/08\/03\/alexis-mac-allister-sufrio-un-golpe-en-la-agonica-derrota-de-liverpool-ante-bayern-munich\/","name":"Alexis Mac Allister sufri\u00f3 un golpe en la ag\u00f3nica derrota de Liverpool ante Bayern M\u00fanich - Diario Textual","isPartOf":{"@id":"https:\/\/diariotextual.com\/inicio\/#website"},"primaryImageOfPage":{"@id":"https:\/\/diariotextual.com\/inicio\/index.php\/2023\/08\/03\/alexis-mac-allister-sufrio-un-golpe-en-la-agonica-derrota-de-liverpool-ante-bayern-munich\/#primaryimage"},"image":{"@id":"https:\/\/diariotextual.com\/inicio\/index.php\/2023\/08\/03\/alexis-mac-allister-sufrio-un-golpe-en-la-agonica-derrota-de-liverpool-ante-bayern-munich\/#primaryimage"},"thumbnailUrl":"https:\/\/diariotextual.com\/inicio\/wp-content\/uploads\/2023\/08\/macallisterliverpoolgolpe45.jpeg","datePublished":"2023-08-03T10:18:14+00:00","dateModified":"2023-08-03T10:18:16+00:00","breadcrumb":{"@id":"https:\/\/diariotextual.com\/inicio\/index.php\/2023\/08\/03\/alexis-mac-allister-sufrio-un-golpe-en-la-agonica-derrota-de-liverpool-ante-bayern-munich\/#breadcrumb"},"inLanguage":"es","potentialAction":[{"@type":"ReadAction","target":["https:\/\/diariotextual.com\/inicio\/index.php\/2023\/08\/03\/alexis-mac-allister-sufrio-un-golpe-en-la-agonica-derrota-de-liverpool-ante-bayern-munich\/"]}]},{"@type":"ImageObject","inLanguage":"es","@id":"https:\/\/diariotextual.com\/inicio\/index.php\/2023\/08\/03\/alexis-mac-allister-sufrio-un-golpe-en-la-agonica-derrota-de-liverpool-ante-bayern-munich\/#primaryimage","url":"https:\/\/diariotextual.com\/inicio\/wp-content\/uploads\/2023\/08\/macallisterliverpoolgolpe45.jpeg","contentUrl":"https:\/\/diariotextual.com\/inicio\/wp-content\/uploads\/2023\/08\/macallisterliverpoolgolpe45.jpeg","width":750,"height":500},{"@type":"BreadcrumbList","@id":"https:\/\/diariotextual.com\/inicio\/index.php\/2023\/08\/03\/alexis-mac-allister-sufrio-un-golpe-en-la-agonica-derrota-de-liverpool-ante-bayern-munich\/#breadcrumb","itemListElement":[{"@type":"ListItem","position":1,"name":"Portada","item":"https:\/\/diariotextual.com\/inicio\/"},{"@type":"ListItem","position":2,"name":"Alexis Mac Allister sufri\u00f3 un golpe en la ag\u00f3nica derrota de Liverpool ante Bayern M\u00fanich"}]},{"@type":"WebSite","@id":"https:\/\/diariotextual.com\/inicio\/#website","url":"https:\/\/diariotextual.com\/inicio\/","name":"Diario Textual","description":"","publisher":{"@id":"https:\/\/diariotextual.com\/inicio\/#organization"},"potentialAction":[{"@type":"SearchAction","target":{"@type":"EntryPoint","urlTemplate":"https:\/\/diariotextual.com\/inicio\/?s={search_term_string}"},"query-input":{"@type":"PropertyValueSpecification","valueRequired":true,"valueName":"search_term_string"}}],"inLanguage":"es"},{"@type":"Organization","@id":"https:\/\/diariotextual.com\/inicio\/#organization","name":"Diario Textual","url":"https:\/\/diariotextual.com\/inicio\/","logo":{"@type":"ImageObject","inLanguage":"es","@id":"https:\/\/diariotextual.com\/inicio\/#\/schema\/logo\/image\/","url":"https:\/\/diariotextual.com\/inicio\/wp-content\/uploads\/2023\/05\/logotextual1.jpg","contentUrl":"https:\/\/diariotextual.com\/inicio\/wp-content\/uploads\/2023\/05\/logotextual1.jpg","width":516,"height":76,"caption":"Diario Textual"},"image":{"@id":"https:\/\/diariotextual.com\/inicio\/#\/schema\/logo\/image\/"},"sameAs":["https:\/\/www.facebook.com\/eltextual","https:\/\/x.com\/eltextual","http:\/\/www.instagram.com\/eltextual"]},{"@type":"Person","@id":"https:\/\/diariotextual.com\/inicio\/#\/schema\/person\/694f60677f23c4a530867a98f22b3768","name":"diario2","image":{"@type":"ImageObject","inLanguage":"es","@id":"https:\/\/secure.gravatar.com\/avatar\/5a2567495ba16b852fcd8f1ed006a2e24fcace936018ed8237e95f488ad6e0a7?s=96&d=mm&r=g","url":"https:\/\/secure.gravatar.com\/avatar\/5a2567495ba16b852fcd8f1ed006a2e24fcace936018ed8237e95f488ad6e0a7?s=96&d=mm&r=g","contentUrl":"https:\/\/secure.gravatar.com\/avatar\/5a2567495ba16b852fcd8f1ed006a2e24fcace936018ed8237e95f488ad6e0a7?s=96&d=mm&r=g","caption":"diario2"},"url":"https:\/\/diariotextual.com\/inicio\/index.php\/author\/diario2\/"}]}},"_links":{"self":[{"href":"https:\/\/diariotextual.com\/inicio\/index.php\/wp-json\/wp\/v2\/posts\/232773","targetHints":{"allow":["GET"]}}],"collection":[{"href":"https:\/\/diariotextual.com\/inicio\/index.php\/wp-json\/wp\/v2\/posts"}],"about":[{"href":"https:\/\/diariotextual.com\/inicio\/index.php\/wp-json\/wp\/v2\/types\/post"}],"author":[{"embeddable":true,"href":"https:\/\/diariotextual.com\/inicio\/index.php\/wp-json\/wp\/v2\/users\/4"}],"replies":[{"embeddable":true,"href":"https:\/\/diariotextual.com\/inicio\/index.php\/wp-json\/wp\/v2\/comments?post=232773"}],"version-history":[{"count":2,"href":"https:\/\/diariotextual.com\/inicio\/index.php\/wp-json\/wp\/v2\/posts\/232773\/revisions"}],"predecessor-version":[{"id":232776,"href":"https:\/\/diariotextual.com\/inicio\/index.php\/wp-json\/wp\/v2\/posts\/232773\/revisions\/232776"}],"wp:featuredmedia":[{"embeddable":true,"href":"https:\/\/diariotextual.com\/inicio\/index.php\/wp-json\/wp\/v2\/media\/232775"}],"wp:attachment":[{"href":"https:\/\/diariotextual.com\/inicio\/index.php\/wp-json\/wp\/v2\/media?parent=232773"}],"wp:term":[{"taxonomy":"category","embeddable":true,"href":"https:\/\/diariotextual.com\/inicio\/index.php\/wp-json\/wp\/v2\/categories?post=232773"},{"taxonomy":"post_tag","embeddable":true,"href":"https:\/\/diariotextual.com\/inicio\/index.php\/wp-json\/wp\/v2\/tags?post=232773"}],"curies":[{"name":"wp","href":"https:\/\/api.w.org\/{rel}","templated":true}]}}