{"id":232804,"date":"2023-08-03T12:30:13","date_gmt":"2023-08-03T15:30:13","guid":{"rendered":"https:\/\/diariotextual.com\/inicio\/?p=232804"},"modified":"2023-08-03T19:04:54","modified_gmt":"2023-08-03T22:04:54","slug":"semana-de-la-lactancia-salud-desarrollo-jornada-de-actualizacion","status":"publish","type":"post","link":"https:\/\/diariotextual.com\/inicio\/index.php\/2023\/08\/03\/semana-de-la-lactancia-salud-desarrollo-jornada-de-actualizacion\/","title":{"rendered":"Semana de la Lactancia: Salud desarroll\u00f3 jornada de actualizaci\u00f3n"},"content":{"rendered":"\n<p>En el marco de la<strong> Semana Mundial de la Lactancia Materna<\/strong>, del 1 al 7 de agosto, se desarroll\u00f3 ayer una jornada de actualizaci\u00f3n sobre lactancia destinada a referentes de los subsectores p\u00fablico y privado.<\/p>\n\n\n\n<p>Desde en Ministerio de Salud del Gobierno de La Pampa, en conjunto con la Asociaci\u00f3n Pampeana de Pediatr\u00eda, se organiz\u00f3 una jornada de capacitaci\u00f3n y actualizaci\u00f3n en lactancia de la que participaron 93 referentes de toda la Provincia.<\/p>\n\n\n\n<p>Se reforzaron conceptos sobre la importancia de la lactancia. La leche materna es el mejor alimento y el m\u00e1s completo que puede recibir un beb\u00e9 reci\u00e9n nacido, de forma exclusiva hasta los seis meses y a partir de esa etapa y hasta los dos a\u00f1os o m\u00e1s, acompa\u00f1ada de una alimentaci\u00f3n oportuna y adecuada, proporcionando de este modo todos los elementos que necesita el ni\u00f1o o la ni\u00f1a para un crecimiento y desarrollo saludable.<\/p>\n\n\n\n<div style=\"height:100px\" aria-hidden=\"true\" class=\"wp-block-spacer\"><\/div>\n\n\n\n<p><strong>Amamantar y trabajar<\/strong><br>Con el objetivo de visibilizar las dificultades que \u00a0encuentran las mujeres para amamantar y tener un empleo remunerado, el lema de este a\u00f1o es Amamantar y trabajar: \u00a1hagamos que sea posible! Las medidas de protecci\u00f3n de la maternidad efectivas mejoran la salud de los ni\u00f1as\/ni\u00f1os y las mujeres y aumentan la lactancia.<\/p>\n\n\n\n<figure class=\"wp-block-image size-large\"><img fetchpriority=\"high\" decoding=\"async\" width=\"1024\" height=\"561\" src=\"https:\/\/diariotextual.com\/inicio\/wp-content\/uploads\/2023\/08\/lactanciamaternajornada2023-1-1024x561.jpeg\" alt=\"\" class=\"wp-image-232807\" srcset=\"https:\/\/diariotextual.com\/inicio\/wp-content\/uploads\/2023\/08\/lactanciamaternajornada2023-1-1024x561.jpeg 1024w, https:\/\/diariotextual.com\/inicio\/wp-content\/uploads\/2023\/08\/lactanciamaternajornada2023-1-300x164.jpeg 300w, https:\/\/diariotextual.com\/inicio\/wp-content\/uploads\/2023\/08\/lactanciamaternajornada2023-1-768x421.jpeg 768w, https:\/\/diariotextual.com\/inicio\/wp-content\/uploads\/2023\/08\/lactanciamaternajornada2023-1-1170x641.jpeg 1170w, https:\/\/diariotextual.com\/inicio\/wp-content\/uploads\/2023\/08\/lactanciamaternajornada2023-1-585x320.jpeg 585w, https:\/\/diariotextual.com\/inicio\/wp-content\/uploads\/2023\/08\/lactanciamaternajornada2023-1.jpeg 1280w\" sizes=\"(max-width: 1024px) 100vw, 1024px\" \/><\/figure>\n\n\n\n<p><\/p>\n\n\n\n<p><\/p>\n\n\n\n<p>La Organizaci\u00f3n Mundial de la Salud (OMS) sostiene que al hacer que sea posible amamantar y trabajar, las sociedades funcionan mejor. La lactancia materna ofrece a los ni\u00f1os beneficios nutricionales y de salud fundamentales con efectos positivos duraderos para toda la vida y contribuye a mejorar la salud de las poblaciones para el futuro. Con la utilizaci\u00f3n de este lema se buscan afianzar las condiciones para madres y padres que trabajan, buscando evidenciar el efecto de los permisos remunerados, el apoyo en el lugar de trabajo y las nuevas normas sobre lactancia.<br><\/p>\n\n\n\n<p>Un entorno laboral propicio no s\u00f3lo incluye la concesi\u00f3n de derechos de maternidad \/ paternidad, lo que permitir\u00e1 continuar con la lactancia y mejorar la salud infantil, as\u00ed como un menor ausentismo y una mayor productividad en el trabajo, lo que tambi\u00e9n beneficia al empleador. Es importante que los lugares de trabajo ofrezcan a las madres un \u201cEspacio Amigo de la Lactancia\u201d que consiste en un lugar privado, higi\u00e9nico y confortable donde la madre puede extraerse leche y guardarla refrigerada para d\u00e1rsela posteriormente al ni\u00f1o.<\/p>\n\n\n\n<div style=\"height:100px\" aria-hidden=\"true\" class=\"wp-block-spacer\"><\/div>\n\n\n\n<p><strong>Beneficios<\/strong><br>La lactancia materna debe promoverse como m\u00e9todo de alimentaci\u00f3n ideal con grandes beneficios nutricionales, emocionales e inmunol\u00f3gicos. Proporciona todos los nutrientes e hidrataci\u00f3n necesarios para el beb\u00e9, adem\u00e1s de prevenir enfermedades infecciosas y alergias.<\/p>\n\n\n\n<p>Por otro lado, disminuye el riesgo de muerte s\u00fabita del reci\u00e9n nacido, y a futuro disminuye las posibilidades de hipertensi\u00f3n, diabetes y obesidad infantil. Si la madre y su beb\u00e9 no presentan una condici\u00f3n cl\u00ednica que justifique no hacerlo, la lactancia debe iniciarse tan pronto como sea posible luego del nacimiento, tanto en un parto vaginal como en una ces\u00e1rea. El contacto piel a piel facilita y promueve el inicio de la primera puesta al pecho. La recomendaci\u00f3n es seguir con lactancia materna exclusiva hasta los 6 meses de vida del beb\u00e9, y luego comenzar a incorporar alimentos complementarios adecuados y seguros que aporten la energ\u00eda y nutrientes suficientes para cubrir las necesidades progresivas de las ni\u00f1as y ni\u00f1os, sin abandonar el amamantamiento al menos hasta los dos a\u00f1os.<\/p>\n","protected":false},"excerpt":{"rendered":"<p>En el marco de la Semana Mundial de la Lactancia Materna, del 1 al 7 de agosto, se desarroll\u00f3 ayer una jornada de actualizaci\u00f3n sobre lactancia destinada a referentes de&hellip;<\/p>\n","protected":false},"author":3,"featured_media":105553,"comment_status":"closed","ping_status":"open","sticky":false,"template":"","format":"standard","meta":{"_acf_changed":false,"footnotes":""},"categories":[1,12],"tags":[],"class_list":["post-232804","post","type-post","status-publish","format-standard","has-post-thumbnail","hentry","category-es-noticia","category-sociedad"],"acf":[],"yoast_head":"<!-- This site is optimized with the Yoast SEO plugin v27.5 - https:\/\/yoast.com\/product\/yoast-seo-wordpress\/ -->\n<title>Semana de la Lactancia: Salud desarroll\u00f3 jornada de actualizaci\u00f3n - Diario Textual<\/title>\n<meta name=\"robots\" content=\"index, follow, max-snippet:-1, max-image-preview:large, max-video-preview:-1\" \/>\n<link rel=\"canonical\" href=\"https:\/\/diariotextual.com\/inicio\/index.php\/2023\/08\/03\/semana-de-la-lactancia-salud-desarrollo-jornada-de-actualizacion\/\" \/>\n<meta property=\"og:locale\" content=\"es_ES\" \/>\n<meta property=\"og:type\" content=\"article\" \/>\n<meta property=\"og:title\" content=\"Semana de la Lactancia: Salud desarroll\u00f3 jornada de actualizaci\u00f3n - Diario Textual\" \/>\n<meta property=\"og:description\" content=\"En el marco de la Semana Mundial de la Lactancia Materna, del 1 al 7 de agosto, se desarroll\u00f3 ayer una jornada de actualizaci\u00f3n sobre lactancia destinada a referentes de&hellip;\" \/>\n<meta property=\"og:url\" content=\"https:\/\/diariotextual.com\/inicio\/index.php\/2023\/08\/03\/semana-de-la-lactancia-salud-desarrollo-jornada-de-actualizacion\/\" \/>\n<meta property=\"og:site_name\" content=\"Diario Textual\" \/>\n<meta property=\"article:publisher\" content=\"https:\/\/www.facebook.com\/eltextual\" \/>\n<meta property=\"article:published_time\" content=\"2023-08-03T15:30:13+00:00\" \/>\n<meta property=\"article:modified_time\" content=\"2023-08-03T22:04:54+00:00\" \/>\n<meta property=\"og:image\" content=\"https:\/\/diariotextual.com\/inicio\/wp-content\/uploads\/2020\/08\/lactanciamaternabebetelam0000.jpg\" \/>\n\t<meta property=\"og:image:width\" content=\"1004\" \/>\n\t<meta property=\"og:image:height\" content=\"565\" \/>\n\t<meta property=\"og:image:type\" content=\"image\/jpeg\" \/>\n<meta name=\"author\" content=\"Diario1 Diario1\" \/>\n<meta name=\"twitter:card\" content=\"summary_large_image\" \/>\n<meta name=\"twitter:creator\" content=\"@eltextual\" \/>\n<meta name=\"twitter:site\" content=\"@eltextual\" \/>\n<meta name=\"twitter:label1\" content=\"Escrito por\" \/>\n\t<meta name=\"twitter:data1\" content=\"Diario1 Diario1\" \/>\n\t<meta name=\"twitter:label2\" content=\"Tiempo de lectura\" \/>\n\t<meta name=\"twitter:data2\" content=\"3 minutos\" \/>\n<script type=\"application\/ld+json\" class=\"yoast-schema-graph\">{\"@context\":\"https:\\\/\\\/schema.org\",\"@graph\":[{\"@type\":\"Article\",\"@id\":\"https:\\\/\\\/diariotextual.com\\\/inicio\\\/index.php\\\/2023\\\/08\\\/03\\\/semana-de-la-lactancia-salud-desarrollo-jornada-de-actualizacion\\\/#article\",\"isPartOf\":{\"@id\":\"https:\\\/\\\/diariotextual.com\\\/inicio\\\/index.php\\\/2023\\\/08\\\/03\\\/semana-de-la-lactancia-salud-desarrollo-jornada-de-actualizacion\\\/\"},\"author\":{\"name\":\"Diario1 Diario1\",\"@id\":\"https:\\\/\\\/diariotextual.com\\\/inicio\\\/#\\\/schema\\\/person\\\/418fc4093c33e86ed41562db3508f958\"},\"headline\":\"Semana de la Lactancia: Salud desarroll\u00f3 jornada de actualizaci\u00f3n\",\"datePublished\":\"2023-08-03T15:30:13+00:00\",\"dateModified\":\"2023-08-03T22:04:54+00:00\",\"mainEntityOfPage\":{\"@id\":\"https:\\\/\\\/diariotextual.com\\\/inicio\\\/index.php\\\/2023\\\/08\\\/03\\\/semana-de-la-lactancia-salud-desarrollo-jornada-de-actualizacion\\\/\"},\"wordCount\":592,\"publisher\":{\"@id\":\"https:\\\/\\\/diariotextual.com\\\/inicio\\\/#organization\"},\"image\":{\"@id\":\"https:\\\/\\\/diariotextual.com\\\/inicio\\\/index.php\\\/2023\\\/08\\\/03\\\/semana-de-la-lactancia-salud-desarrollo-jornada-de-actualizacion\\\/#primaryimage\"},\"thumbnailUrl\":\"https:\\\/\\\/diariotextual.com\\\/inicio\\\/wp-content\\\/uploads\\\/2020\\\/08\\\/lactanciamaternabebetelam0000.jpg\",\"articleSection\":[\"A - ES NOTICIA (van abajo)\",\"SOCIEDAD\"],\"inLanguage\":\"es\"},{\"@type\":\"WebPage\",\"@id\":\"https:\\\/\\\/diariotextual.com\\\/inicio\\\/index.php\\\/2023\\\/08\\\/03\\\/semana-de-la-lactancia-salud-desarrollo-jornada-de-actualizacion\\\/\",\"url\":\"https:\\\/\\\/diariotextual.com\\\/inicio\\\/index.php\\\/2023\\\/08\\\/03\\\/semana-de-la-lactancia-salud-desarrollo-jornada-de-actualizacion\\\/\",\"name\":\"Semana de la Lactancia: Salud desarroll\u00f3 jornada de actualizaci\u00f3n - Diario Textual\",\"isPartOf\":{\"@id\":\"https:\\\/\\\/diariotextual.com\\\/inicio\\\/#website\"},\"primaryImageOfPage\":{\"@id\":\"https:\\\/\\\/diariotextual.com\\\/inicio\\\/index.php\\\/2023\\\/08\\\/03\\\/semana-de-la-lactancia-salud-desarrollo-jornada-de-actualizacion\\\/#primaryimage\"},\"image\":{\"@id\":\"https:\\\/\\\/diariotextual.com\\\/inicio\\\/index.php\\\/2023\\\/08\\\/03\\\/semana-de-la-lactancia-salud-desarrollo-jornada-de-actualizacion\\\/#primaryimage\"},\"thumbnailUrl\":\"https:\\\/\\\/diariotextual.com\\\/inicio\\\/wp-content\\\/uploads\\\/2020\\\/08\\\/lactanciamaternabebetelam0000.jpg\",\"datePublished\":\"2023-08-03T15:30:13+00:00\",\"dateModified\":\"2023-08-03T22:04:54+00:00\",\"breadcrumb\":{\"@id\":\"https:\\\/\\\/diariotextual.com\\\/inicio\\\/index.php\\\/2023\\\/08\\\/03\\\/semana-de-la-lactancia-salud-desarrollo-jornada-de-actualizacion\\\/#breadcrumb\"},\"inLanguage\":\"es\",\"potentialAction\":[{\"@type\":\"ReadAction\",\"target\":[\"https:\\\/\\\/diariotextual.com\\\/inicio\\\/index.php\\\/2023\\\/08\\\/03\\\/semana-de-la-lactancia-salud-desarrollo-jornada-de-actualizacion\\\/\"]}]},{\"@type\":\"ImageObject\",\"inLanguage\":\"es\",\"@id\":\"https:\\\/\\\/diariotextual.com\\\/inicio\\\/index.php\\\/2023\\\/08\\\/03\\\/semana-de-la-lactancia-salud-desarrollo-jornada-de-actualizacion\\\/#primaryimage\",\"url\":\"https:\\\/\\\/diariotextual.com\\\/inicio\\\/wp-content\\\/uploads\\\/2020\\\/08\\\/lactanciamaternabebetelam0000.jpg\",\"contentUrl\":\"https:\\\/\\\/diariotextual.com\\\/inicio\\\/wp-content\\\/uploads\\\/2020\\\/08\\\/lactanciamaternabebetelam0000.jpg\",\"width\":1004,\"height\":565},{\"@type\":\"BreadcrumbList\",\"@id\":\"https:\\\/\\\/diariotextual.com\\\/inicio\\\/index.php\\\/2023\\\/08\\\/03\\\/semana-de-la-lactancia-salud-desarrollo-jornada-de-actualizacion\\\/#breadcrumb\",\"itemListElement\":[{\"@type\":\"ListItem\",\"position\":1,\"name\":\"Portada\",\"item\":\"https:\\\/\\\/diariotextual.com\\\/inicio\\\/\"},{\"@type\":\"ListItem\",\"position\":2,\"name\":\"Semana de la Lactancia: Salud desarroll\u00f3 jornada de actualizaci\u00f3n\"}]},{\"@type\":\"WebSite\",\"@id\":\"https:\\\/\\\/diariotextual.com\\\/inicio\\\/#website\",\"url\":\"https:\\\/\\\/diariotextual.com\\\/inicio\\\/\",\"name\":\"Diario Textual\",\"description\":\"\",\"publisher\":{\"@id\":\"https:\\\/\\\/diariotextual.com\\\/inicio\\\/#organization\"},\"potentialAction\":[{\"@type\":\"SearchAction\",\"target\":{\"@type\":\"EntryPoint\",\"urlTemplate\":\"https:\\\/\\\/diariotextual.com\\\/inicio\\\/?s={search_term_string}\"},\"query-input\":{\"@type\":\"PropertyValueSpecification\",\"valueRequired\":true,\"valueName\":\"search_term_string\"}}],\"inLanguage\":\"es\"},{\"@type\":\"Organization\",\"@id\":\"https:\\\/\\\/diariotextual.com\\\/inicio\\\/#organization\",\"name\":\"Diario Textual\",\"url\":\"https:\\\/\\\/diariotextual.com\\\/inicio\\\/\",\"logo\":{\"@type\":\"ImageObject\",\"inLanguage\":\"es\",\"@id\":\"https:\\\/\\\/diariotextual.com\\\/inicio\\\/#\\\/schema\\\/logo\\\/image\\\/\",\"url\":\"https:\\\/\\\/diariotextual.com\\\/inicio\\\/wp-content\\\/uploads\\\/2023\\\/05\\\/logotextual1.jpg\",\"contentUrl\":\"https:\\\/\\\/diariotextual.com\\\/inicio\\\/wp-content\\\/uploads\\\/2023\\\/05\\\/logotextual1.jpg\",\"width\":516,\"height\":76,\"caption\":\"Diario Textual\"},\"image\":{\"@id\":\"https:\\\/\\\/diariotextual.com\\\/inicio\\\/#\\\/schema\\\/logo\\\/image\\\/\"},\"sameAs\":[\"https:\\\/\\\/www.facebook.com\\\/eltextual\",\"https:\\\/\\\/x.com\\\/eltextual\",\"http:\\\/\\\/www.instagram.com\\\/eltextual\"]},{\"@type\":\"Person\",\"@id\":\"https:\\\/\\\/diariotextual.com\\\/inicio\\\/#\\\/schema\\\/person\\\/418fc4093c33e86ed41562db3508f958\",\"name\":\"Diario1 Diario1\",\"image\":{\"@type\":\"ImageObject\",\"inLanguage\":\"es\",\"@id\":\"https:\\\/\\\/secure.gravatar.com\\\/avatar\\\/9167d280179c85bc18be67aa7eda765854300033af4896dd779b608640f2ef7a?s=96&d=mm&r=g\",\"url\":\"https:\\\/\\\/secure.gravatar.com\\\/avatar\\\/9167d280179c85bc18be67aa7eda765854300033af4896dd779b608640f2ef7a?s=96&d=mm&r=g\",\"contentUrl\":\"https:\\\/\\\/secure.gravatar.com\\\/avatar\\\/9167d280179c85bc18be67aa7eda765854300033af4896dd779b608640f2ef7a?s=96&d=mm&r=g\",\"caption\":\"Diario1 Diario1\"},\"url\":\"https:\\\/\\\/diariotextual.com\\\/inicio\\\/index.php\\\/author\\\/diario1\\\/\"}]}<\/script>\n<!-- \/ Yoast SEO plugin. -->","yoast_head_json":{"title":"Semana de la Lactancia: Salud desarroll\u00f3 jornada de actualizaci\u00f3n - Diario Textual","robots":{"index":"index","follow":"follow","max-snippet":"max-snippet:-1","max-image-preview":"max-image-preview:large","max-video-preview":"max-video-preview:-1"},"canonical":"https:\/\/diariotextual.com\/inicio\/index.php\/2023\/08\/03\/semana-de-la-lactancia-salud-desarrollo-jornada-de-actualizacion\/","og_locale":"es_ES","og_type":"article","og_title":"Semana de la Lactancia: Salud desarroll\u00f3 jornada de actualizaci\u00f3n - Diario Textual","og_description":"En el marco de la Semana Mundial de la Lactancia Materna, del 1 al 7 de agosto, se desarroll\u00f3 ayer una jornada de actualizaci\u00f3n sobre lactancia destinada a referentes de&hellip;","og_url":"https:\/\/diariotextual.com\/inicio\/index.php\/2023\/08\/03\/semana-de-la-lactancia-salud-desarrollo-jornada-de-actualizacion\/","og_site_name":"Diario Textual","article_publisher":"https:\/\/www.facebook.com\/eltextual","article_published_time":"2023-08-03T15:30:13+00:00","article_modified_time":"2023-08-03T22:04:54+00:00","og_image":[{"width":1004,"height":565,"url":"https:\/\/diariotextual.com\/inicio\/wp-content\/uploads\/2020\/08\/lactanciamaternabebetelam0000.jpg","type":"image\/jpeg"}],"author":"Diario1 Diario1","twitter_card":"summary_large_image","twitter_creator":"@eltextual","twitter_site":"@eltextual","twitter_misc":{"Escrito por":"Diario1 Diario1","Tiempo de lectura":"3 minutos"},"schema":{"@context":"https:\/\/schema.org","@graph":[{"@type":"Article","@id":"https:\/\/diariotextual.com\/inicio\/index.php\/2023\/08\/03\/semana-de-la-lactancia-salud-desarrollo-jornada-de-actualizacion\/#article","isPartOf":{"@id":"https:\/\/diariotextual.com\/inicio\/index.php\/2023\/08\/03\/semana-de-la-lactancia-salud-desarrollo-jornada-de-actualizacion\/"},"author":{"name":"Diario1 Diario1","@id":"https:\/\/diariotextual.com\/inicio\/#\/schema\/person\/418fc4093c33e86ed41562db3508f958"},"headline":"Semana de la Lactancia: Salud desarroll\u00f3 jornada de actualizaci\u00f3n","datePublished":"2023-08-03T15:30:13+00:00","dateModified":"2023-08-03T22:04:54+00:00","mainEntityOfPage":{"@id":"https:\/\/diariotextual.com\/inicio\/index.php\/2023\/08\/03\/semana-de-la-lactancia-salud-desarrollo-jornada-de-actualizacion\/"},"wordCount":592,"publisher":{"@id":"https:\/\/diariotextual.com\/inicio\/#organization"},"image":{"@id":"https:\/\/diariotextual.com\/inicio\/index.php\/2023\/08\/03\/semana-de-la-lactancia-salud-desarrollo-jornada-de-actualizacion\/#primaryimage"},"thumbnailUrl":"https:\/\/diariotextual.com\/inicio\/wp-content\/uploads\/2020\/08\/lactanciamaternabebetelam0000.jpg","articleSection":["A - ES NOTICIA (van abajo)","SOCIEDAD"],"inLanguage":"es"},{"@type":"WebPage","@id":"https:\/\/diariotextual.com\/inicio\/index.php\/2023\/08\/03\/semana-de-la-lactancia-salud-desarrollo-jornada-de-actualizacion\/","url":"https:\/\/diariotextual.com\/inicio\/index.php\/2023\/08\/03\/semana-de-la-lactancia-salud-desarrollo-jornada-de-actualizacion\/","name":"Semana de la Lactancia: Salud desarroll\u00f3 jornada de actualizaci\u00f3n - Diario Textual","isPartOf":{"@id":"https:\/\/diariotextual.com\/inicio\/#website"},"primaryImageOfPage":{"@id":"https:\/\/diariotextual.com\/inicio\/index.php\/2023\/08\/03\/semana-de-la-lactancia-salud-desarrollo-jornada-de-actualizacion\/#primaryimage"},"image":{"@id":"https:\/\/diariotextual.com\/inicio\/index.php\/2023\/08\/03\/semana-de-la-lactancia-salud-desarrollo-jornada-de-actualizacion\/#primaryimage"},"thumbnailUrl":"https:\/\/diariotextual.com\/inicio\/wp-content\/uploads\/2020\/08\/lactanciamaternabebetelam0000.jpg","datePublished":"2023-08-03T15:30:13+00:00","dateModified":"2023-08-03T22:04:54+00:00","breadcrumb":{"@id":"https:\/\/diariotextual.com\/inicio\/index.php\/2023\/08\/03\/semana-de-la-lactancia-salud-desarrollo-jornada-de-actualizacion\/#breadcrumb"},"inLanguage":"es","potentialAction":[{"@type":"ReadAction","target":["https:\/\/diariotextual.com\/inicio\/index.php\/2023\/08\/03\/semana-de-la-lactancia-salud-desarrollo-jornada-de-actualizacion\/"]}]},{"@type":"ImageObject","inLanguage":"es","@id":"https:\/\/diariotextual.com\/inicio\/index.php\/2023\/08\/03\/semana-de-la-lactancia-salud-desarrollo-jornada-de-actualizacion\/#primaryimage","url":"https:\/\/diariotextual.com\/inicio\/wp-content\/uploads\/2020\/08\/lactanciamaternabebetelam0000.jpg","contentUrl":"https:\/\/diariotextual.com\/inicio\/wp-content\/uploads\/2020\/08\/lactanciamaternabebetelam0000.jpg","width":1004,"height":565},{"@type":"BreadcrumbList","@id":"https:\/\/diariotextual.com\/inicio\/index.php\/2023\/08\/03\/semana-de-la-lactancia-salud-desarrollo-jornada-de-actualizacion\/#breadcrumb","itemListElement":[{"@type":"ListItem","position":1,"name":"Portada","item":"https:\/\/diariotextual.com\/inicio\/"},{"@type":"ListItem","position":2,"name":"Semana de la Lactancia: Salud desarroll\u00f3 jornada de actualizaci\u00f3n"}]},{"@type":"WebSite","@id":"https:\/\/diariotextual.com\/inicio\/#website","url":"https:\/\/diariotextual.com\/inicio\/","name":"Diario Textual","description":"","publisher":{"@id":"https:\/\/diariotextual.com\/inicio\/#organization"},"potentialAction":[{"@type":"SearchAction","target":{"@type":"EntryPoint","urlTemplate":"https:\/\/diariotextual.com\/inicio\/?s={search_term_string}"},"query-input":{"@type":"PropertyValueSpecification","valueRequired":true,"valueName":"search_term_string"}}],"inLanguage":"es"},{"@type":"Organization","@id":"https:\/\/diariotextual.com\/inicio\/#organization","name":"Diario Textual","url":"https:\/\/diariotextual.com\/inicio\/","logo":{"@type":"ImageObject","inLanguage":"es","@id":"https:\/\/diariotextual.com\/inicio\/#\/schema\/logo\/image\/","url":"https:\/\/diariotextual.com\/inicio\/wp-content\/uploads\/2023\/05\/logotextual1.jpg","contentUrl":"https:\/\/diariotextual.com\/inicio\/wp-content\/uploads\/2023\/05\/logotextual1.jpg","width":516,"height":76,"caption":"Diario Textual"},"image":{"@id":"https:\/\/diariotextual.com\/inicio\/#\/schema\/logo\/image\/"},"sameAs":["https:\/\/www.facebook.com\/eltextual","https:\/\/x.com\/eltextual","http:\/\/www.instagram.com\/eltextual"]},{"@type":"Person","@id":"https:\/\/diariotextual.com\/inicio\/#\/schema\/person\/418fc4093c33e86ed41562db3508f958","name":"Diario1 Diario1","image":{"@type":"ImageObject","inLanguage":"es","@id":"https:\/\/secure.gravatar.com\/avatar\/9167d280179c85bc18be67aa7eda765854300033af4896dd779b608640f2ef7a?s=96&d=mm&r=g","url":"https:\/\/secure.gravatar.com\/avatar\/9167d280179c85bc18be67aa7eda765854300033af4896dd779b608640f2ef7a?s=96&d=mm&r=g","contentUrl":"https:\/\/secure.gravatar.com\/avatar\/9167d280179c85bc18be67aa7eda765854300033af4896dd779b608640f2ef7a?s=96&d=mm&r=g","caption":"Diario1 Diario1"},"url":"https:\/\/diariotextual.com\/inicio\/index.php\/author\/diario1\/"}]}},"_links":{"self":[{"href":"https:\/\/diariotextual.com\/inicio\/index.php\/wp-json\/wp\/v2\/posts\/232804","targetHints":{"allow":["GET"]}}],"collection":[{"href":"https:\/\/diariotextual.com\/inicio\/index.php\/wp-json\/wp\/v2\/posts"}],"about":[{"href":"https:\/\/diariotextual.com\/inicio\/index.php\/wp-json\/wp\/v2\/types\/post"}],"author":[{"embeddable":true,"href":"https:\/\/diariotextual.com\/inicio\/index.php\/wp-json\/wp\/v2\/users\/3"}],"replies":[{"embeddable":true,"href":"https:\/\/diariotextual.com\/inicio\/index.php\/wp-json\/wp\/v2\/comments?post=232804"}],"version-history":[{"count":3,"href":"https:\/\/diariotextual.com\/inicio\/index.php\/wp-json\/wp\/v2\/posts\/232804\/revisions"}],"predecessor-version":[{"id":232808,"href":"https:\/\/diariotextual.com\/inicio\/index.php\/wp-json\/wp\/v2\/posts\/232804\/revisions\/232808"}],"wp:featuredmedia":[{"embeddable":true,"href":"https:\/\/diariotextual.com\/inicio\/index.php\/wp-json\/wp\/v2\/media\/105553"}],"wp:attachment":[{"href":"https:\/\/diariotextual.com\/inicio\/index.php\/wp-json\/wp\/v2\/media?parent=232804"}],"wp:term":[{"taxonomy":"category","embeddable":true,"href":"https:\/\/diariotextual.com\/inicio\/index.php\/wp-json\/wp\/v2\/categories?post=232804"},{"taxonomy":"post_tag","embeddable":true,"href":"https:\/\/diariotextual.com\/inicio\/index.php\/wp-json\/wp\/v2\/tags?post=232804"}],"curies":[{"name":"wp","href":"https:\/\/api.w.org\/{rel}","templated":true}]}}