{"id":232820,"date":"2023-08-03T16:40:43","date_gmt":"2023-08-03T19:40:43","guid":{"rendered":"https:\/\/diariotextual.com\/inicio\/?p=232820"},"modified":"2023-08-03T16:40:45","modified_gmt":"2023-08-03T19:40:45","slug":"la-orquesta-popular-barrilete-se-presenta-en-tecnopolis","status":"publish","type":"post","link":"https:\/\/diariotextual.com\/inicio\/index.php\/2023\/08\/03\/la-orquesta-popular-barrilete-se-presenta-en-tecnopolis\/","title":{"rendered":"La Orquesta Popular Barrilete se presenta en Tecn\u00f3polis"},"content":{"rendered":"\n<p>La<strong> Orquesta Popular Barrilete<\/strong> representar\u00e1 a la provincia de La Pampa en Tecn\u00f3polis, la megamuestra de Ciencia, Arte y Tecnolog\u00eda que se desarrolla en Villa Martelli, en el Gran Buenos Aires. La\u00a0big band\u00a0de \u201ccumbia pampeana\u201d tocar\u00e1 el s\u00e1bado 5 de agosto a las 13.30 horas en el escenario del Patio Federal, con entrada libre y gratuita.<\/p>\n\n\n\n<p>La formaci\u00f3n est\u00e1 compuesta por diez m\u00fasicos piquenses, que combinan la sonoridad de instrumentos como timbales, octapad, g\u00fcira, guitarras, bajo, voces, sintetizador, saxo, clarinete, trompeta, tromb\u00f3n y corno franc\u00e9s.<\/p>\n\n\n\n<p>Desde 2016 recorren los escenarios del pa\u00eds con el \u00fanico objetivo de \u201cagitar el ambiente\u201d al ritmo de la cumbia. \u201cNos toc\u00f3 nacer en el territorio de la llanura, donde se sit\u00faa la misma Pampa, por eso nuestra cumbia es pampeana, llanera, sure\u00f1a\u201d, dicen en la banda.<\/p>\n\n\n\n<p>La orquesta est\u00e1 integrada por&nbsp;Ana Escudero (bajo y voz); Fernando Giorgis (guitarra, voz y tromb\u00f3n);&nbsp;Franco Angiono (guitarra);&nbsp;Mart\u00edn Escudero (timbas);&nbsp;Sol Giorgis (octapad y percusi\u00f3n);&nbsp;Mart\u00edn Guazzaroni (g\u00fcira);&nbsp;Francisco Ferrero Cortesini (sintetizador y trompeta);&nbsp;Augusto Juarez (corno franc\u00e9s);&nbsp;Agust\u00edn Giorgis (clarinete); y Agust\u00edn Guaycochea Leone (saxo alto).<\/p>\n\n\n\n<p>Actualmente, el grupo est\u00e1 terminando el proceso de mezcla y masterizaci\u00f3n de su segundo EP, \u201cPunto de Encuentro\u201d, en el cual desarrollan una nueva sonoridad y presentan 5 composiciones de autor\u00eda propia.<\/p>\n\n\n\n<p>Adem\u00e1s de tocar en el Patio Federal de Tecn\u00f3polis, la Orquesta Popular Barrilete se presentar\u00e1 el mismo 5 de agosto a las 23 horas en el bar cultural La Paz Arriba, ubicado en Callao y Santa Fe, en la ciudad de Buenos Aires.<\/p>\n\n\n\n<p>La banda pampeana participar\u00e1 de la Fiesta Destapo junto a La Reina Carlos y un DJ\u2019s Set de los piquenses Frisoun &amp; OG. Las entradas est\u00e1n en venta en&nbsp;<a href=\"http:\/\/passline.com\/\" target=\"_blank\" rel=\"noreferrer noopener\">passline.com<\/a>.<\/p>\n","protected":false},"excerpt":{"rendered":"<p>La Orquesta Popular Barrilete representar\u00e1 a la provincia de La Pampa en Tecn\u00f3polis, la megamuestra de Ciencia, Arte y Tecnolog\u00eda que se desarrolla en Villa Martelli, en el Gran Buenos&hellip;<\/p>\n","protected":false},"author":4,"featured_media":232821,"comment_status":"closed","ping_status":"open","sticky":false,"template":"","format":"standard","meta":{"_acf_changed":false,"footnotes":""},"categories":[1,2],"tags":[],"class_list":["post-232820","post","type-post","status-publish","format-standard","has-post-thumbnail","hentry","category-es-noticia","category-cultura"],"acf":[],"yoast_head":"<!-- This site is optimized with the Yoast SEO plugin v27.4 - https:\/\/yoast.com\/product\/yoast-seo-wordpress\/ -->\n<title>La Orquesta Popular Barrilete se presenta en Tecn\u00f3polis - Diario Textual<\/title>\n<meta name=\"robots\" content=\"index, follow, max-snippet:-1, max-image-preview:large, max-video-preview:-1\" \/>\n<link rel=\"canonical\" href=\"https:\/\/diariotextual.com\/inicio\/index.php\/2023\/08\/03\/la-orquesta-popular-barrilete-se-presenta-en-tecnopolis\/\" \/>\n<meta property=\"og:locale\" content=\"es_ES\" \/>\n<meta property=\"og:type\" content=\"article\" \/>\n<meta property=\"og:title\" content=\"La Orquesta Popular Barrilete se presenta en Tecn\u00f3polis - Diario Textual\" \/>\n<meta property=\"og:description\" content=\"La Orquesta Popular Barrilete representar\u00e1 a la provincia de La Pampa en Tecn\u00f3polis, la megamuestra de Ciencia, Arte y Tecnolog\u00eda que se desarrolla en Villa Martelli, en el Gran Buenos&hellip;\" \/>\n<meta property=\"og:url\" content=\"https:\/\/diariotextual.com\/inicio\/index.php\/2023\/08\/03\/la-orquesta-popular-barrilete-se-presenta-en-tecnopolis\/\" \/>\n<meta property=\"og:site_name\" content=\"Diario Textual\" \/>\n<meta property=\"article:publisher\" content=\"https:\/\/www.facebook.com\/eltextual\" \/>\n<meta property=\"article:published_time\" content=\"2023-08-03T19:40:43+00:00\" \/>\n<meta property=\"article:modified_time\" content=\"2023-08-03T19:40:45+00:00\" \/>\n<meta property=\"og:image\" content=\"https:\/\/diariotextual.com\/inicio\/wp-content\/uploads\/2023\/08\/orquestabarrilete-3.jpg\" \/>\n\t<meta property=\"og:image:width\" content=\"592\" \/>\n\t<meta property=\"og:image:height\" content=\"475\" \/>\n\t<meta property=\"og:image:type\" content=\"image\/jpeg\" \/>\n<meta name=\"author\" content=\"diario2\" \/>\n<meta name=\"twitter:card\" content=\"summary_large_image\" \/>\n<meta name=\"twitter:creator\" content=\"@eltextual\" \/>\n<meta name=\"twitter:site\" content=\"@eltextual\" \/>\n<meta name=\"twitter:label1\" content=\"Escrito por\" \/>\n\t<meta name=\"twitter:data1\" content=\"diario2\" \/>\n\t<meta name=\"twitter:label2\" content=\"Tiempo de lectura\" \/>\n\t<meta name=\"twitter:data2\" content=\"2 minutos\" \/>\n<script type=\"application\/ld+json\" class=\"yoast-schema-graph\">{\"@context\":\"https:\\\/\\\/schema.org\",\"@graph\":[{\"@type\":\"Article\",\"@id\":\"https:\\\/\\\/diariotextual.com\\\/inicio\\\/index.php\\\/2023\\\/08\\\/03\\\/la-orquesta-popular-barrilete-se-presenta-en-tecnopolis\\\/#article\",\"isPartOf\":{\"@id\":\"https:\\\/\\\/diariotextual.com\\\/inicio\\\/index.php\\\/2023\\\/08\\\/03\\\/la-orquesta-popular-barrilete-se-presenta-en-tecnopolis\\\/\"},\"author\":{\"name\":\"diario2\",\"@id\":\"https:\\\/\\\/diariotextual.com\\\/inicio\\\/#\\\/schema\\\/person\\\/694f60677f23c4a530867a98f22b3768\"},\"headline\":\"La Orquesta Popular Barrilete se presenta en Tecn\u00f3polis\",\"datePublished\":\"2023-08-03T19:40:43+00:00\",\"dateModified\":\"2023-08-03T19:40:45+00:00\",\"mainEntityOfPage\":{\"@id\":\"https:\\\/\\\/diariotextual.com\\\/inicio\\\/index.php\\\/2023\\\/08\\\/03\\\/la-orquesta-popular-barrilete-se-presenta-en-tecnopolis\\\/\"},\"wordCount\":326,\"publisher\":{\"@id\":\"https:\\\/\\\/diariotextual.com\\\/inicio\\\/#organization\"},\"image\":{\"@id\":\"https:\\\/\\\/diariotextual.com\\\/inicio\\\/index.php\\\/2023\\\/08\\\/03\\\/la-orquesta-popular-barrilete-se-presenta-en-tecnopolis\\\/#primaryimage\"},\"thumbnailUrl\":\"https:\\\/\\\/diariotextual.com\\\/inicio\\\/wp-content\\\/uploads\\\/2023\\\/08\\\/orquestabarrilete-3.jpg\",\"articleSection\":[\"A - ES NOTICIA (van abajo)\",\"CULTURA\"],\"inLanguage\":\"es\"},{\"@type\":\"WebPage\",\"@id\":\"https:\\\/\\\/diariotextual.com\\\/inicio\\\/index.php\\\/2023\\\/08\\\/03\\\/la-orquesta-popular-barrilete-se-presenta-en-tecnopolis\\\/\",\"url\":\"https:\\\/\\\/diariotextual.com\\\/inicio\\\/index.php\\\/2023\\\/08\\\/03\\\/la-orquesta-popular-barrilete-se-presenta-en-tecnopolis\\\/\",\"name\":\"La Orquesta Popular Barrilete se presenta en Tecn\u00f3polis - Diario Textual\",\"isPartOf\":{\"@id\":\"https:\\\/\\\/diariotextual.com\\\/inicio\\\/#website\"},\"primaryImageOfPage\":{\"@id\":\"https:\\\/\\\/diariotextual.com\\\/inicio\\\/index.php\\\/2023\\\/08\\\/03\\\/la-orquesta-popular-barrilete-se-presenta-en-tecnopolis\\\/#primaryimage\"},\"image\":{\"@id\":\"https:\\\/\\\/diariotextual.com\\\/inicio\\\/index.php\\\/2023\\\/08\\\/03\\\/la-orquesta-popular-barrilete-se-presenta-en-tecnopolis\\\/#primaryimage\"},\"thumbnailUrl\":\"https:\\\/\\\/diariotextual.com\\\/inicio\\\/wp-content\\\/uploads\\\/2023\\\/08\\\/orquestabarrilete-3.jpg\",\"datePublished\":\"2023-08-03T19:40:43+00:00\",\"dateModified\":\"2023-08-03T19:40:45+00:00\",\"breadcrumb\":{\"@id\":\"https:\\\/\\\/diariotextual.com\\\/inicio\\\/index.php\\\/2023\\\/08\\\/03\\\/la-orquesta-popular-barrilete-se-presenta-en-tecnopolis\\\/#breadcrumb\"},\"inLanguage\":\"es\",\"potentialAction\":[{\"@type\":\"ReadAction\",\"target\":[\"https:\\\/\\\/diariotextual.com\\\/inicio\\\/index.php\\\/2023\\\/08\\\/03\\\/la-orquesta-popular-barrilete-se-presenta-en-tecnopolis\\\/\"]}]},{\"@type\":\"ImageObject\",\"inLanguage\":\"es\",\"@id\":\"https:\\\/\\\/diariotextual.com\\\/inicio\\\/index.php\\\/2023\\\/08\\\/03\\\/la-orquesta-popular-barrilete-se-presenta-en-tecnopolis\\\/#primaryimage\",\"url\":\"https:\\\/\\\/diariotextual.com\\\/inicio\\\/wp-content\\\/uploads\\\/2023\\\/08\\\/orquestabarrilete-3.jpg\",\"contentUrl\":\"https:\\\/\\\/diariotextual.com\\\/inicio\\\/wp-content\\\/uploads\\\/2023\\\/08\\\/orquestabarrilete-3.jpg\",\"width\":592,\"height\":475},{\"@type\":\"BreadcrumbList\",\"@id\":\"https:\\\/\\\/diariotextual.com\\\/inicio\\\/index.php\\\/2023\\\/08\\\/03\\\/la-orquesta-popular-barrilete-se-presenta-en-tecnopolis\\\/#breadcrumb\",\"itemListElement\":[{\"@type\":\"ListItem\",\"position\":1,\"name\":\"Portada\",\"item\":\"https:\\\/\\\/diariotextual.com\\\/inicio\\\/\"},{\"@type\":\"ListItem\",\"position\":2,\"name\":\"La Orquesta Popular Barrilete se presenta en Tecn\u00f3polis\"}]},{\"@type\":\"WebSite\",\"@id\":\"https:\\\/\\\/diariotextual.com\\\/inicio\\\/#website\",\"url\":\"https:\\\/\\\/diariotextual.com\\\/inicio\\\/\",\"name\":\"Diario Textual\",\"description\":\"\",\"publisher\":{\"@id\":\"https:\\\/\\\/diariotextual.com\\\/inicio\\\/#organization\"},\"potentialAction\":[{\"@type\":\"SearchAction\",\"target\":{\"@type\":\"EntryPoint\",\"urlTemplate\":\"https:\\\/\\\/diariotextual.com\\\/inicio\\\/?s={search_term_string}\"},\"query-input\":{\"@type\":\"PropertyValueSpecification\",\"valueRequired\":true,\"valueName\":\"search_term_string\"}}],\"inLanguage\":\"es\"},{\"@type\":\"Organization\",\"@id\":\"https:\\\/\\\/diariotextual.com\\\/inicio\\\/#organization\",\"name\":\"Diario Textual\",\"url\":\"https:\\\/\\\/diariotextual.com\\\/inicio\\\/\",\"logo\":{\"@type\":\"ImageObject\",\"inLanguage\":\"es\",\"@id\":\"https:\\\/\\\/diariotextual.com\\\/inicio\\\/#\\\/schema\\\/logo\\\/image\\\/\",\"url\":\"https:\\\/\\\/diariotextual.com\\\/inicio\\\/wp-content\\\/uploads\\\/2023\\\/05\\\/logotextual1.jpg\",\"contentUrl\":\"https:\\\/\\\/diariotextual.com\\\/inicio\\\/wp-content\\\/uploads\\\/2023\\\/05\\\/logotextual1.jpg\",\"width\":516,\"height\":76,\"caption\":\"Diario Textual\"},\"image\":{\"@id\":\"https:\\\/\\\/diariotextual.com\\\/inicio\\\/#\\\/schema\\\/logo\\\/image\\\/\"},\"sameAs\":[\"https:\\\/\\\/www.facebook.com\\\/eltextual\",\"https:\\\/\\\/x.com\\\/eltextual\",\"http:\\\/\\\/www.instagram.com\\\/eltextual\"]},{\"@type\":\"Person\",\"@id\":\"https:\\\/\\\/diariotextual.com\\\/inicio\\\/#\\\/schema\\\/person\\\/694f60677f23c4a530867a98f22b3768\",\"name\":\"diario2\",\"image\":{\"@type\":\"ImageObject\",\"inLanguage\":\"es\",\"@id\":\"https:\\\/\\\/secure.gravatar.com\\\/avatar\\\/5a2567495ba16b852fcd8f1ed006a2e24fcace936018ed8237e95f488ad6e0a7?s=96&d=mm&r=g\",\"url\":\"https:\\\/\\\/secure.gravatar.com\\\/avatar\\\/5a2567495ba16b852fcd8f1ed006a2e24fcace936018ed8237e95f488ad6e0a7?s=96&d=mm&r=g\",\"contentUrl\":\"https:\\\/\\\/secure.gravatar.com\\\/avatar\\\/5a2567495ba16b852fcd8f1ed006a2e24fcace936018ed8237e95f488ad6e0a7?s=96&d=mm&r=g\",\"caption\":\"diario2\"},\"url\":\"https:\\\/\\\/diariotextual.com\\\/inicio\\\/index.php\\\/author\\\/diario2\\\/\"}]}<\/script>\n<!-- \/ Yoast SEO plugin. -->","yoast_head_json":{"title":"La Orquesta Popular Barrilete se presenta en Tecn\u00f3polis - Diario Textual","robots":{"index":"index","follow":"follow","max-snippet":"max-snippet:-1","max-image-preview":"max-image-preview:large","max-video-preview":"max-video-preview:-1"},"canonical":"https:\/\/diariotextual.com\/inicio\/index.php\/2023\/08\/03\/la-orquesta-popular-barrilete-se-presenta-en-tecnopolis\/","og_locale":"es_ES","og_type":"article","og_title":"La Orquesta Popular Barrilete se presenta en Tecn\u00f3polis - Diario Textual","og_description":"La Orquesta Popular Barrilete representar\u00e1 a la provincia de La Pampa en Tecn\u00f3polis, la megamuestra de Ciencia, Arte y Tecnolog\u00eda que se desarrolla en Villa Martelli, en el Gran Buenos&hellip;","og_url":"https:\/\/diariotextual.com\/inicio\/index.php\/2023\/08\/03\/la-orquesta-popular-barrilete-se-presenta-en-tecnopolis\/","og_site_name":"Diario Textual","article_publisher":"https:\/\/www.facebook.com\/eltextual","article_published_time":"2023-08-03T19:40:43+00:00","article_modified_time":"2023-08-03T19:40:45+00:00","og_image":[{"width":592,"height":475,"url":"https:\/\/diariotextual.com\/inicio\/wp-content\/uploads\/2023\/08\/orquestabarrilete-3.jpg","type":"image\/jpeg"}],"author":"diario2","twitter_card":"summary_large_image","twitter_creator":"@eltextual","twitter_site":"@eltextual","twitter_misc":{"Escrito por":"diario2","Tiempo de lectura":"2 minutos"},"schema":{"@context":"https:\/\/schema.org","@graph":[{"@type":"Article","@id":"https:\/\/diariotextual.com\/inicio\/index.php\/2023\/08\/03\/la-orquesta-popular-barrilete-se-presenta-en-tecnopolis\/#article","isPartOf":{"@id":"https:\/\/diariotextual.com\/inicio\/index.php\/2023\/08\/03\/la-orquesta-popular-barrilete-se-presenta-en-tecnopolis\/"},"author":{"name":"diario2","@id":"https:\/\/diariotextual.com\/inicio\/#\/schema\/person\/694f60677f23c4a530867a98f22b3768"},"headline":"La Orquesta Popular Barrilete se presenta en Tecn\u00f3polis","datePublished":"2023-08-03T19:40:43+00:00","dateModified":"2023-08-03T19:40:45+00:00","mainEntityOfPage":{"@id":"https:\/\/diariotextual.com\/inicio\/index.php\/2023\/08\/03\/la-orquesta-popular-barrilete-se-presenta-en-tecnopolis\/"},"wordCount":326,"publisher":{"@id":"https:\/\/diariotextual.com\/inicio\/#organization"},"image":{"@id":"https:\/\/diariotextual.com\/inicio\/index.php\/2023\/08\/03\/la-orquesta-popular-barrilete-se-presenta-en-tecnopolis\/#primaryimage"},"thumbnailUrl":"https:\/\/diariotextual.com\/inicio\/wp-content\/uploads\/2023\/08\/orquestabarrilete-3.jpg","articleSection":["A - ES NOTICIA (van abajo)","CULTURA"],"inLanguage":"es"},{"@type":"WebPage","@id":"https:\/\/diariotextual.com\/inicio\/index.php\/2023\/08\/03\/la-orquesta-popular-barrilete-se-presenta-en-tecnopolis\/","url":"https:\/\/diariotextual.com\/inicio\/index.php\/2023\/08\/03\/la-orquesta-popular-barrilete-se-presenta-en-tecnopolis\/","name":"La Orquesta Popular Barrilete se presenta en Tecn\u00f3polis - Diario Textual","isPartOf":{"@id":"https:\/\/diariotextual.com\/inicio\/#website"},"primaryImageOfPage":{"@id":"https:\/\/diariotextual.com\/inicio\/index.php\/2023\/08\/03\/la-orquesta-popular-barrilete-se-presenta-en-tecnopolis\/#primaryimage"},"image":{"@id":"https:\/\/diariotextual.com\/inicio\/index.php\/2023\/08\/03\/la-orquesta-popular-barrilete-se-presenta-en-tecnopolis\/#primaryimage"},"thumbnailUrl":"https:\/\/diariotextual.com\/inicio\/wp-content\/uploads\/2023\/08\/orquestabarrilete-3.jpg","datePublished":"2023-08-03T19:40:43+00:00","dateModified":"2023-08-03T19:40:45+00:00","breadcrumb":{"@id":"https:\/\/diariotextual.com\/inicio\/index.php\/2023\/08\/03\/la-orquesta-popular-barrilete-se-presenta-en-tecnopolis\/#breadcrumb"},"inLanguage":"es","potentialAction":[{"@type":"ReadAction","target":["https:\/\/diariotextual.com\/inicio\/index.php\/2023\/08\/03\/la-orquesta-popular-barrilete-se-presenta-en-tecnopolis\/"]}]},{"@type":"ImageObject","inLanguage":"es","@id":"https:\/\/diariotextual.com\/inicio\/index.php\/2023\/08\/03\/la-orquesta-popular-barrilete-se-presenta-en-tecnopolis\/#primaryimage","url":"https:\/\/diariotextual.com\/inicio\/wp-content\/uploads\/2023\/08\/orquestabarrilete-3.jpg","contentUrl":"https:\/\/diariotextual.com\/inicio\/wp-content\/uploads\/2023\/08\/orquestabarrilete-3.jpg","width":592,"height":475},{"@type":"BreadcrumbList","@id":"https:\/\/diariotextual.com\/inicio\/index.php\/2023\/08\/03\/la-orquesta-popular-barrilete-se-presenta-en-tecnopolis\/#breadcrumb","itemListElement":[{"@type":"ListItem","position":1,"name":"Portada","item":"https:\/\/diariotextual.com\/inicio\/"},{"@type":"ListItem","position":2,"name":"La Orquesta Popular Barrilete se presenta en Tecn\u00f3polis"}]},{"@type":"WebSite","@id":"https:\/\/diariotextual.com\/inicio\/#website","url":"https:\/\/diariotextual.com\/inicio\/","name":"Diario Textual","description":"","publisher":{"@id":"https:\/\/diariotextual.com\/inicio\/#organization"},"potentialAction":[{"@type":"SearchAction","target":{"@type":"EntryPoint","urlTemplate":"https:\/\/diariotextual.com\/inicio\/?s={search_term_string}"},"query-input":{"@type":"PropertyValueSpecification","valueRequired":true,"valueName":"search_term_string"}}],"inLanguage":"es"},{"@type":"Organization","@id":"https:\/\/diariotextual.com\/inicio\/#organization","name":"Diario Textual","url":"https:\/\/diariotextual.com\/inicio\/","logo":{"@type":"ImageObject","inLanguage":"es","@id":"https:\/\/diariotextual.com\/inicio\/#\/schema\/logo\/image\/","url":"https:\/\/diariotextual.com\/inicio\/wp-content\/uploads\/2023\/05\/logotextual1.jpg","contentUrl":"https:\/\/diariotextual.com\/inicio\/wp-content\/uploads\/2023\/05\/logotextual1.jpg","width":516,"height":76,"caption":"Diario Textual"},"image":{"@id":"https:\/\/diariotextual.com\/inicio\/#\/schema\/logo\/image\/"},"sameAs":["https:\/\/www.facebook.com\/eltextual","https:\/\/x.com\/eltextual","http:\/\/www.instagram.com\/eltextual"]},{"@type":"Person","@id":"https:\/\/diariotextual.com\/inicio\/#\/schema\/person\/694f60677f23c4a530867a98f22b3768","name":"diario2","image":{"@type":"ImageObject","inLanguage":"es","@id":"https:\/\/secure.gravatar.com\/avatar\/5a2567495ba16b852fcd8f1ed006a2e24fcace936018ed8237e95f488ad6e0a7?s=96&d=mm&r=g","url":"https:\/\/secure.gravatar.com\/avatar\/5a2567495ba16b852fcd8f1ed006a2e24fcace936018ed8237e95f488ad6e0a7?s=96&d=mm&r=g","contentUrl":"https:\/\/secure.gravatar.com\/avatar\/5a2567495ba16b852fcd8f1ed006a2e24fcace936018ed8237e95f488ad6e0a7?s=96&d=mm&r=g","caption":"diario2"},"url":"https:\/\/diariotextual.com\/inicio\/index.php\/author\/diario2\/"}]}},"_links":{"self":[{"href":"https:\/\/diariotextual.com\/inicio\/index.php\/wp-json\/wp\/v2\/posts\/232820","targetHints":{"allow":["GET"]}}],"collection":[{"href":"https:\/\/diariotextual.com\/inicio\/index.php\/wp-json\/wp\/v2\/posts"}],"about":[{"href":"https:\/\/diariotextual.com\/inicio\/index.php\/wp-json\/wp\/v2\/types\/post"}],"author":[{"embeddable":true,"href":"https:\/\/diariotextual.com\/inicio\/index.php\/wp-json\/wp\/v2\/users\/4"}],"replies":[{"embeddable":true,"href":"https:\/\/diariotextual.com\/inicio\/index.php\/wp-json\/wp\/v2\/comments?post=232820"}],"version-history":[{"count":1,"href":"https:\/\/diariotextual.com\/inicio\/index.php\/wp-json\/wp\/v2\/posts\/232820\/revisions"}],"predecessor-version":[{"id":232822,"href":"https:\/\/diariotextual.com\/inicio\/index.php\/wp-json\/wp\/v2\/posts\/232820\/revisions\/232822"}],"wp:featuredmedia":[{"embeddable":true,"href":"https:\/\/diariotextual.com\/inicio\/index.php\/wp-json\/wp\/v2\/media\/232821"}],"wp:attachment":[{"href":"https:\/\/diariotextual.com\/inicio\/index.php\/wp-json\/wp\/v2\/media?parent=232820"}],"wp:term":[{"taxonomy":"category","embeddable":true,"href":"https:\/\/diariotextual.com\/inicio\/index.php\/wp-json\/wp\/v2\/categories?post=232820"},{"taxonomy":"post_tag","embeddable":true,"href":"https:\/\/diariotextual.com\/inicio\/index.php\/wp-json\/wp\/v2\/tags?post=232820"}],"curies":[{"name":"wp","href":"https:\/\/api.w.org\/{rel}","templated":true}]}}