{"id":232823,"date":"2023-08-03T18:19:09","date_gmt":"2023-08-03T21:19:09","guid":{"rendered":"https:\/\/diariotextual.com\/inicio\/?p=232823"},"modified":"2023-08-04T06:47:23","modified_gmt":"2023-08-04T09:47:23","slug":"el-gasoducto-kirchner-comenzo-a-inyectar-gas-a-la-red-troncal-de-transporte","status":"publish","type":"post","link":"https:\/\/diariotextual.com\/inicio\/index.php\/2023\/08\/03\/el-gasoducto-kirchner-comenzo-a-inyectar-gas-a-la-red-troncal-de-transporte\/","title":{"rendered":"El Gasoducto Kirchner comenz\u00f3 a inyectar gas a la red troncal de transporte"},"content":{"rendered":"\n<p>El&nbsp;<strong>Gasoducto Presidente N\u00e9stor Kirchner (GPNK)<\/strong><strong>&nbsp;<\/strong>comenz\u00f3 este jueves a inyectar los primeros metros c\u00fabicos de gas natural proveniente de Vaca Muerta a la red troncal de transporte que abastece al \u00c1rea Metropolitana Buenos Aires (AMBA).<br><br>El proceso de construcci\u00f3n de&nbsp;<strong>la Etapa I del GPNK<\/strong>, y sus obras complementarias, buscan asegurar el abastecimiento del mercado interno y la sustituci\u00f3n de importaciones.<br><br>Fuentes de la empresa Energ\u00eda Argentina informaron a T\u00e9lam que el punto de medici\u00f3n 1003 de vinculaci\u00f3n entre el GPNK y el gasoducto troncal Neuba II, a<strong>&nbsp;<\/strong><strong>la altura de la planta Saturno en el partido bonaerense de Salliquel\u00f3<\/strong>, registr\u00f3 el primer ingreso de gas a las 14, que se ir\u00e1 incrementando progresivamente.<br><br>De esta manera, en los pr\u00f3ximos d\u00edas a trav\u00e9s del nuevo ducto se estar\u00e1 incorporando al sistema&nbsp;<strong>los 11 millones de metros c\u00fabicos (MMm3) diarios de gas, el tope de su capacidad inicial.<\/strong><br><br>En tanto, para el \u00faltimo trimestre del a\u00f1o se espera la puesta en marcha de dos equipos compresores, que ya se encuentran para su instalaci\u00f3n en las plantas cabeceras de Tratayen y Salliquel\u00f3, que<strong>&nbsp;<\/strong><strong>elevar<\/strong><strong>\u00e1<\/strong><strong>n ese volumen hasta los 21 millones de metros c<\/strong><strong>\u00fa<\/strong><strong>bicos diarios.<\/strong><br><br>De esta manera, la Argentina evitar\u00e1 a partir del a\u00f1o pr\u00f3ximo tener que importar Gas Natural Licuado (GNL) a trav\u00e9s de la terminal flotante del puerto de Bah\u00eda Blanca, lo que significar\u00e1 una sustituci\u00f3n de importaciones que se abastecer\u00e1 con el incremental productivo de la formaci\u00f3n no convencional de Vaca Muerta.<br><br>El martes pasado,&nbsp;<strong>la empresa Energ\u00eda Argentina<\/strong><strong>&nbsp;<\/strong>anunci\u00f3 que se hab\u00eda completado el llenado y presurizaci\u00f3n del ducto de 573 kil\u00f3metros con 25 MMm3 de gas de Vaca Muerta, y desde entonces la empresa TGS encargada de la operaci\u00f3n realiz\u00f3 las pruebas finales de las 17 v\u00e1lvulas de vinculaci\u00f3n al Gasoducto Neuba II.<br><br>Una semana antes, se concret\u00f3 la habilitaci\u00f3n del loop (ampliaci\u00f3n) que daba&nbsp;<strong>unos 5 MMm3 adicionales de capacidad<\/strong><strong>&nbsp;<\/strong>a ese ducto troncal que nace en la cuenca neuquina, se dirige hasta la ciudad de Bah\u00eda Blanca y desde ese nodo, por distintas trazas, hasta el AMBA.<\/p>\n\n\n\n<p>El GPNK atraviesa las provincias de Neuqu\u00e9n, R\u00edo Negro, La Pampa y Buenos Aires, y para su construcci\u00f3n de utilizaron&nbsp;<strong>m\u00e1s de 47.700 ca\u00f1os de 12 metros de largo y de 36 pulgadas de di\u00e1metro<\/strong>, una obra que se realiz\u00f3 en un tiempo r\u00e9cord de 10 meses, cuando lo usual para este tipo de emprendimientos es que demanden 24 meses.<br><br>Ahora el Gobierno nacional encara como prioritarios el llamado a licitaci\u00f3n del reversal del Gasoducto Norte, que permitir\u00e1 que el gas de la cuenca neuquina sustituya en las provincias de aquella regi\u00f3n del pa\u00eds las importaciones provenientes de Bolivia, que se encuentran en declino productivo, y luego&nbsp;<strong>con la generaci\u00f3n de excedentes, comenzar a exportar a Chile y a Brasil.<\/strong><br><br>De la misma manera, el Ministerio de Economia a trav\u00e9s de la Secretar\u00eda de Energ\u00eda prev\u00e9 para septiembre el llamado a licitaci\u00f3n correspondiente para la construcci\u00f3n de<strong>&nbsp;<\/strong><strong>la Etapa II del N<\/strong><strong>\u00e9<\/strong><strong>stor Kirchner que extender<\/strong><strong>\u00e1<\/strong><strong> la traza otros 467 kil<\/strong><strong>\u00f3<\/strong><strong>metros, desde Salliquel<\/strong><strong>\u00f3<\/strong><strong> hasta San Jer<\/strong><strong>\u00f3<\/strong><strong>nimo en el sur de Santa Fe<\/strong>, con lo que se completar\u00e1n 40 MMm3 y ampliando en un 30% los gasoductos troncales.<br><br>As\u00ed, al tiempo que se asegura el abastecimiento de las distintas regiones, las obras de transporte permitir\u00e1n reducir el costo de abastecimiento de la demanda nacional con un efecto de sustituci\u00f3n de importaciones que repercute tanto en la balanza comercial como en los subsidios energ\u00e9ticos.<\/p>\n\n\n\n<p>La obra integral del GPNK ya hab\u00eda estado en estudio durante la gesti\u00f3n del expresidente Mautricio Macri a ra\u00edz de la percepci\u00f3n de la industria petrolera de un cuello de botella que se avecinaba por el incremento productivo, pero nunca se concret\u00f3 el llamado a licitaci\u00f3n ni se logr\u00f3 su financiamiento.<br><br>Finalmente, el 9 de julio \u00faltimo en el marco de un acto celebrado en Salliquel\u00f3, se concret\u00f3 la inauguraci\u00f3n formal del GPNK&nbsp;<strong>con la presencia del presidente Alberto Fern\u00e1ndez, la vicepresidenta Cristina Fern\u00e1ndez de Kirchner y el ministro de Econom\u00eda Sergio Massa.<\/strong><br><br>La obra, que estuvo a cargo de la empresa estatal Energ\u00eda Argentina y las adjudicadas privadas Techint, Sacde y BTU, es particularmente valorada por haberse concretado en tiempo r\u00e9cord: apenas 178 d\u00edas pasaron desde que se realiz\u00f3 la primera soldadura el 16 de noviembre en Salliquel\u00f3 hasta la \u00faltima el 12 de mayo a la altura de la Reforma, en La Pampa.<br><br><strong>Se soldaron en promedio 5 kil\u00f3metros de ca\u00f1os por d\u00eda en los tres frentes de obra<\/strong>, se utilizaron aproximadamente 300.000 toneladas de ca\u00f1er\u00edas, para una obra que cont\u00f3 con 5.500 trabajadores directos y 40.000 con los indirectos en toda la zona de influencia.<\/p>\n","protected":false},"excerpt":{"rendered":"<p>El&nbsp;Gasoducto Presidente N\u00e9stor Kirchner (GPNK)&nbsp;comenz\u00f3 este jueves a inyectar los primeros metros c\u00fabicos de gas natural proveniente de Vaca Muerta a la red troncal de transporte que abastece al \u00c1rea&hellip;<\/p>\n","protected":false},"author":3,"featured_media":231504,"comment_status":"closed","ping_status":"open","sticky":false,"template":"","format":"standard","meta":{"_acf_changed":false,"footnotes":""},"categories":[1,12],"tags":[],"class_list":["post-232823","post","type-post","status-publish","format-standard","has-post-thumbnail","hentry","category-es-noticia","category-sociedad"],"acf":[],"yoast_head":"<!-- This site is optimized with the Yoast SEO plugin v27.5 - https:\/\/yoast.com\/product\/yoast-seo-wordpress\/ -->\n<title>El Gasoducto Kirchner comenz\u00f3 a inyectar gas a la red troncal de transporte - Diario Textual<\/title>\n<meta name=\"robots\" content=\"index, follow, max-snippet:-1, max-image-preview:large, max-video-preview:-1\" \/>\n<link rel=\"canonical\" href=\"https:\/\/diariotextual.com\/inicio\/index.php\/2023\/08\/03\/el-gasoducto-kirchner-comenzo-a-inyectar-gas-a-la-red-troncal-de-transporte\/\" \/>\n<meta property=\"og:locale\" content=\"es_ES\" \/>\n<meta property=\"og:type\" content=\"article\" \/>\n<meta property=\"og:title\" content=\"El Gasoducto Kirchner comenz\u00f3 a inyectar gas a la red troncal de transporte - Diario Textual\" \/>\n<meta property=\"og:description\" content=\"El&nbsp;Gasoducto Presidente N\u00e9stor Kirchner (GPNK)&nbsp;comenz\u00f3 este jueves a inyectar los primeros metros c\u00fabicos de gas natural proveniente de Vaca Muerta a la red troncal de transporte que abastece al \u00c1rea&hellip;\" \/>\n<meta property=\"og:url\" content=\"https:\/\/diariotextual.com\/inicio\/index.php\/2023\/08\/03\/el-gasoducto-kirchner-comenzo-a-inyectar-gas-a-la-red-troncal-de-transporte\/\" \/>\n<meta property=\"og:site_name\" content=\"Diario Textual\" \/>\n<meta property=\"article:publisher\" content=\"https:\/\/www.facebook.com\/eltextual\" \/>\n<meta property=\"article:published_time\" content=\"2023-08-03T21:19:09+00:00\" \/>\n<meta property=\"article:modified_time\" content=\"2023-08-04T09:47:23+00:00\" \/>\n<meta property=\"og:image\" content=\"https:\/\/diariotextual.com\/inicio\/wp-content\/uploads\/2023\/07\/gasoductokirchnertelam2023-01.jpg\" \/>\n\t<meta property=\"og:image:width\" content=\"1100\" \/>\n\t<meta property=\"og:image:height\" content=\"619\" \/>\n\t<meta property=\"og:image:type\" content=\"image\/jpeg\" \/>\n<meta name=\"author\" content=\"Diario1 Diario1\" \/>\n<meta name=\"twitter:card\" content=\"summary_large_image\" \/>\n<meta name=\"twitter:creator\" content=\"@eltextual\" \/>\n<meta name=\"twitter:site\" content=\"@eltextual\" \/>\n<meta name=\"twitter:label1\" content=\"Escrito por\" \/>\n\t<meta name=\"twitter:data1\" content=\"Diario1 Diario1\" \/>\n\t<meta name=\"twitter:label2\" content=\"Tiempo de lectura\" \/>\n\t<meta name=\"twitter:data2\" content=\"4 minutos\" \/>\n<script type=\"application\/ld+json\" class=\"yoast-schema-graph\">{\"@context\":\"https:\\\/\\\/schema.org\",\"@graph\":[{\"@type\":\"Article\",\"@id\":\"https:\\\/\\\/diariotextual.com\\\/inicio\\\/index.php\\\/2023\\\/08\\\/03\\\/el-gasoducto-kirchner-comenzo-a-inyectar-gas-a-la-red-troncal-de-transporte\\\/#article\",\"isPartOf\":{\"@id\":\"https:\\\/\\\/diariotextual.com\\\/inicio\\\/index.php\\\/2023\\\/08\\\/03\\\/el-gasoducto-kirchner-comenzo-a-inyectar-gas-a-la-red-troncal-de-transporte\\\/\"},\"author\":{\"name\":\"Diario1 Diario1\",\"@id\":\"https:\\\/\\\/diariotextual.com\\\/inicio\\\/#\\\/schema\\\/person\\\/418fc4093c33e86ed41562db3508f958\"},\"headline\":\"El Gasoducto Kirchner comenz\u00f3 a inyectar gas a la red troncal de transporte\",\"datePublished\":\"2023-08-03T21:19:09+00:00\",\"dateModified\":\"2023-08-04T09:47:23+00:00\",\"mainEntityOfPage\":{\"@id\":\"https:\\\/\\\/diariotextual.com\\\/inicio\\\/index.php\\\/2023\\\/08\\\/03\\\/el-gasoducto-kirchner-comenzo-a-inyectar-gas-a-la-red-troncal-de-transporte\\\/\"},\"wordCount\":847,\"publisher\":{\"@id\":\"https:\\\/\\\/diariotextual.com\\\/inicio\\\/#organization\"},\"image\":{\"@id\":\"https:\\\/\\\/diariotextual.com\\\/inicio\\\/index.php\\\/2023\\\/08\\\/03\\\/el-gasoducto-kirchner-comenzo-a-inyectar-gas-a-la-red-troncal-de-transporte\\\/#primaryimage\"},\"thumbnailUrl\":\"https:\\\/\\\/diariotextual.com\\\/inicio\\\/wp-content\\\/uploads\\\/2023\\\/07\\\/gasoductokirchnertelam2023-01.jpg\",\"articleSection\":[\"A - ES NOTICIA (van abajo)\",\"SOCIEDAD\"],\"inLanguage\":\"es\"},{\"@type\":\"WebPage\",\"@id\":\"https:\\\/\\\/diariotextual.com\\\/inicio\\\/index.php\\\/2023\\\/08\\\/03\\\/el-gasoducto-kirchner-comenzo-a-inyectar-gas-a-la-red-troncal-de-transporte\\\/\",\"url\":\"https:\\\/\\\/diariotextual.com\\\/inicio\\\/index.php\\\/2023\\\/08\\\/03\\\/el-gasoducto-kirchner-comenzo-a-inyectar-gas-a-la-red-troncal-de-transporte\\\/\",\"name\":\"El Gasoducto Kirchner comenz\u00f3 a inyectar gas a la red troncal de transporte - Diario Textual\",\"isPartOf\":{\"@id\":\"https:\\\/\\\/diariotextual.com\\\/inicio\\\/#website\"},\"primaryImageOfPage\":{\"@id\":\"https:\\\/\\\/diariotextual.com\\\/inicio\\\/index.php\\\/2023\\\/08\\\/03\\\/el-gasoducto-kirchner-comenzo-a-inyectar-gas-a-la-red-troncal-de-transporte\\\/#primaryimage\"},\"image\":{\"@id\":\"https:\\\/\\\/diariotextual.com\\\/inicio\\\/index.php\\\/2023\\\/08\\\/03\\\/el-gasoducto-kirchner-comenzo-a-inyectar-gas-a-la-red-troncal-de-transporte\\\/#primaryimage\"},\"thumbnailUrl\":\"https:\\\/\\\/diariotextual.com\\\/inicio\\\/wp-content\\\/uploads\\\/2023\\\/07\\\/gasoductokirchnertelam2023-01.jpg\",\"datePublished\":\"2023-08-03T21:19:09+00:00\",\"dateModified\":\"2023-08-04T09:47:23+00:00\",\"breadcrumb\":{\"@id\":\"https:\\\/\\\/diariotextual.com\\\/inicio\\\/index.php\\\/2023\\\/08\\\/03\\\/el-gasoducto-kirchner-comenzo-a-inyectar-gas-a-la-red-troncal-de-transporte\\\/#breadcrumb\"},\"inLanguage\":\"es\",\"potentialAction\":[{\"@type\":\"ReadAction\",\"target\":[\"https:\\\/\\\/diariotextual.com\\\/inicio\\\/index.php\\\/2023\\\/08\\\/03\\\/el-gasoducto-kirchner-comenzo-a-inyectar-gas-a-la-red-troncal-de-transporte\\\/\"]}]},{\"@type\":\"ImageObject\",\"inLanguage\":\"es\",\"@id\":\"https:\\\/\\\/diariotextual.com\\\/inicio\\\/index.php\\\/2023\\\/08\\\/03\\\/el-gasoducto-kirchner-comenzo-a-inyectar-gas-a-la-red-troncal-de-transporte\\\/#primaryimage\",\"url\":\"https:\\\/\\\/diariotextual.com\\\/inicio\\\/wp-content\\\/uploads\\\/2023\\\/07\\\/gasoductokirchnertelam2023-01.jpg\",\"contentUrl\":\"https:\\\/\\\/diariotextual.com\\\/inicio\\\/wp-content\\\/uploads\\\/2023\\\/07\\\/gasoductokirchnertelam2023-01.jpg\",\"width\":1100,\"height\":619},{\"@type\":\"BreadcrumbList\",\"@id\":\"https:\\\/\\\/diariotextual.com\\\/inicio\\\/index.php\\\/2023\\\/08\\\/03\\\/el-gasoducto-kirchner-comenzo-a-inyectar-gas-a-la-red-troncal-de-transporte\\\/#breadcrumb\",\"itemListElement\":[{\"@type\":\"ListItem\",\"position\":1,\"name\":\"Portada\",\"item\":\"https:\\\/\\\/diariotextual.com\\\/inicio\\\/\"},{\"@type\":\"ListItem\",\"position\":2,\"name\":\"El Gasoducto Kirchner comenz\u00f3 a inyectar gas a la red troncal de transporte\"}]},{\"@type\":\"WebSite\",\"@id\":\"https:\\\/\\\/diariotextual.com\\\/inicio\\\/#website\",\"url\":\"https:\\\/\\\/diariotextual.com\\\/inicio\\\/\",\"name\":\"Diario Textual\",\"description\":\"\",\"publisher\":{\"@id\":\"https:\\\/\\\/diariotextual.com\\\/inicio\\\/#organization\"},\"potentialAction\":[{\"@type\":\"SearchAction\",\"target\":{\"@type\":\"EntryPoint\",\"urlTemplate\":\"https:\\\/\\\/diariotextual.com\\\/inicio\\\/?s={search_term_string}\"},\"query-input\":{\"@type\":\"PropertyValueSpecification\",\"valueRequired\":true,\"valueName\":\"search_term_string\"}}],\"inLanguage\":\"es\"},{\"@type\":\"Organization\",\"@id\":\"https:\\\/\\\/diariotextual.com\\\/inicio\\\/#organization\",\"name\":\"Diario Textual\",\"url\":\"https:\\\/\\\/diariotextual.com\\\/inicio\\\/\",\"logo\":{\"@type\":\"ImageObject\",\"inLanguage\":\"es\",\"@id\":\"https:\\\/\\\/diariotextual.com\\\/inicio\\\/#\\\/schema\\\/logo\\\/image\\\/\",\"url\":\"https:\\\/\\\/diariotextual.com\\\/inicio\\\/wp-content\\\/uploads\\\/2023\\\/05\\\/logotextual1.jpg\",\"contentUrl\":\"https:\\\/\\\/diariotextual.com\\\/inicio\\\/wp-content\\\/uploads\\\/2023\\\/05\\\/logotextual1.jpg\",\"width\":516,\"height\":76,\"caption\":\"Diario Textual\"},\"image\":{\"@id\":\"https:\\\/\\\/diariotextual.com\\\/inicio\\\/#\\\/schema\\\/logo\\\/image\\\/\"},\"sameAs\":[\"https:\\\/\\\/www.facebook.com\\\/eltextual\",\"https:\\\/\\\/x.com\\\/eltextual\",\"http:\\\/\\\/www.instagram.com\\\/eltextual\"]},{\"@type\":\"Person\",\"@id\":\"https:\\\/\\\/diariotextual.com\\\/inicio\\\/#\\\/schema\\\/person\\\/418fc4093c33e86ed41562db3508f958\",\"name\":\"Diario1 Diario1\",\"image\":{\"@type\":\"ImageObject\",\"inLanguage\":\"es\",\"@id\":\"https:\\\/\\\/secure.gravatar.com\\\/avatar\\\/9167d280179c85bc18be67aa7eda765854300033af4896dd779b608640f2ef7a?s=96&d=mm&r=g\",\"url\":\"https:\\\/\\\/secure.gravatar.com\\\/avatar\\\/9167d280179c85bc18be67aa7eda765854300033af4896dd779b608640f2ef7a?s=96&d=mm&r=g\",\"contentUrl\":\"https:\\\/\\\/secure.gravatar.com\\\/avatar\\\/9167d280179c85bc18be67aa7eda765854300033af4896dd779b608640f2ef7a?s=96&d=mm&r=g\",\"caption\":\"Diario1 Diario1\"},\"url\":\"https:\\\/\\\/diariotextual.com\\\/inicio\\\/index.php\\\/author\\\/diario1\\\/\"}]}<\/script>\n<!-- \/ Yoast SEO plugin. -->","yoast_head_json":{"title":"El Gasoducto Kirchner comenz\u00f3 a inyectar gas a la red troncal de transporte - Diario Textual","robots":{"index":"index","follow":"follow","max-snippet":"max-snippet:-1","max-image-preview":"max-image-preview:large","max-video-preview":"max-video-preview:-1"},"canonical":"https:\/\/diariotextual.com\/inicio\/index.php\/2023\/08\/03\/el-gasoducto-kirchner-comenzo-a-inyectar-gas-a-la-red-troncal-de-transporte\/","og_locale":"es_ES","og_type":"article","og_title":"El Gasoducto Kirchner comenz\u00f3 a inyectar gas a la red troncal de transporte - Diario Textual","og_description":"El&nbsp;Gasoducto Presidente N\u00e9stor Kirchner (GPNK)&nbsp;comenz\u00f3 este jueves a inyectar los primeros metros c\u00fabicos de gas natural proveniente de Vaca Muerta a la red troncal de transporte que abastece al \u00c1rea&hellip;","og_url":"https:\/\/diariotextual.com\/inicio\/index.php\/2023\/08\/03\/el-gasoducto-kirchner-comenzo-a-inyectar-gas-a-la-red-troncal-de-transporte\/","og_site_name":"Diario Textual","article_publisher":"https:\/\/www.facebook.com\/eltextual","article_published_time":"2023-08-03T21:19:09+00:00","article_modified_time":"2023-08-04T09:47:23+00:00","og_image":[{"width":1100,"height":619,"url":"https:\/\/diariotextual.com\/inicio\/wp-content\/uploads\/2023\/07\/gasoductokirchnertelam2023-01.jpg","type":"image\/jpeg"}],"author":"Diario1 Diario1","twitter_card":"summary_large_image","twitter_creator":"@eltextual","twitter_site":"@eltextual","twitter_misc":{"Escrito por":"Diario1 Diario1","Tiempo de lectura":"4 minutos"},"schema":{"@context":"https:\/\/schema.org","@graph":[{"@type":"Article","@id":"https:\/\/diariotextual.com\/inicio\/index.php\/2023\/08\/03\/el-gasoducto-kirchner-comenzo-a-inyectar-gas-a-la-red-troncal-de-transporte\/#article","isPartOf":{"@id":"https:\/\/diariotextual.com\/inicio\/index.php\/2023\/08\/03\/el-gasoducto-kirchner-comenzo-a-inyectar-gas-a-la-red-troncal-de-transporte\/"},"author":{"name":"Diario1 Diario1","@id":"https:\/\/diariotextual.com\/inicio\/#\/schema\/person\/418fc4093c33e86ed41562db3508f958"},"headline":"El Gasoducto Kirchner comenz\u00f3 a inyectar gas a la red troncal de transporte","datePublished":"2023-08-03T21:19:09+00:00","dateModified":"2023-08-04T09:47:23+00:00","mainEntityOfPage":{"@id":"https:\/\/diariotextual.com\/inicio\/index.php\/2023\/08\/03\/el-gasoducto-kirchner-comenzo-a-inyectar-gas-a-la-red-troncal-de-transporte\/"},"wordCount":847,"publisher":{"@id":"https:\/\/diariotextual.com\/inicio\/#organization"},"image":{"@id":"https:\/\/diariotextual.com\/inicio\/index.php\/2023\/08\/03\/el-gasoducto-kirchner-comenzo-a-inyectar-gas-a-la-red-troncal-de-transporte\/#primaryimage"},"thumbnailUrl":"https:\/\/diariotextual.com\/inicio\/wp-content\/uploads\/2023\/07\/gasoductokirchnertelam2023-01.jpg","articleSection":["A - ES NOTICIA (van abajo)","SOCIEDAD"],"inLanguage":"es"},{"@type":"WebPage","@id":"https:\/\/diariotextual.com\/inicio\/index.php\/2023\/08\/03\/el-gasoducto-kirchner-comenzo-a-inyectar-gas-a-la-red-troncal-de-transporte\/","url":"https:\/\/diariotextual.com\/inicio\/index.php\/2023\/08\/03\/el-gasoducto-kirchner-comenzo-a-inyectar-gas-a-la-red-troncal-de-transporte\/","name":"El Gasoducto Kirchner comenz\u00f3 a inyectar gas a la red troncal de transporte - Diario Textual","isPartOf":{"@id":"https:\/\/diariotextual.com\/inicio\/#website"},"primaryImageOfPage":{"@id":"https:\/\/diariotextual.com\/inicio\/index.php\/2023\/08\/03\/el-gasoducto-kirchner-comenzo-a-inyectar-gas-a-la-red-troncal-de-transporte\/#primaryimage"},"image":{"@id":"https:\/\/diariotextual.com\/inicio\/index.php\/2023\/08\/03\/el-gasoducto-kirchner-comenzo-a-inyectar-gas-a-la-red-troncal-de-transporte\/#primaryimage"},"thumbnailUrl":"https:\/\/diariotextual.com\/inicio\/wp-content\/uploads\/2023\/07\/gasoductokirchnertelam2023-01.jpg","datePublished":"2023-08-03T21:19:09+00:00","dateModified":"2023-08-04T09:47:23+00:00","breadcrumb":{"@id":"https:\/\/diariotextual.com\/inicio\/index.php\/2023\/08\/03\/el-gasoducto-kirchner-comenzo-a-inyectar-gas-a-la-red-troncal-de-transporte\/#breadcrumb"},"inLanguage":"es","potentialAction":[{"@type":"ReadAction","target":["https:\/\/diariotextual.com\/inicio\/index.php\/2023\/08\/03\/el-gasoducto-kirchner-comenzo-a-inyectar-gas-a-la-red-troncal-de-transporte\/"]}]},{"@type":"ImageObject","inLanguage":"es","@id":"https:\/\/diariotextual.com\/inicio\/index.php\/2023\/08\/03\/el-gasoducto-kirchner-comenzo-a-inyectar-gas-a-la-red-troncal-de-transporte\/#primaryimage","url":"https:\/\/diariotextual.com\/inicio\/wp-content\/uploads\/2023\/07\/gasoductokirchnertelam2023-01.jpg","contentUrl":"https:\/\/diariotextual.com\/inicio\/wp-content\/uploads\/2023\/07\/gasoductokirchnertelam2023-01.jpg","width":1100,"height":619},{"@type":"BreadcrumbList","@id":"https:\/\/diariotextual.com\/inicio\/index.php\/2023\/08\/03\/el-gasoducto-kirchner-comenzo-a-inyectar-gas-a-la-red-troncal-de-transporte\/#breadcrumb","itemListElement":[{"@type":"ListItem","position":1,"name":"Portada","item":"https:\/\/diariotextual.com\/inicio\/"},{"@type":"ListItem","position":2,"name":"El Gasoducto Kirchner comenz\u00f3 a inyectar gas a la red troncal de transporte"}]},{"@type":"WebSite","@id":"https:\/\/diariotextual.com\/inicio\/#website","url":"https:\/\/diariotextual.com\/inicio\/","name":"Diario Textual","description":"","publisher":{"@id":"https:\/\/diariotextual.com\/inicio\/#organization"},"potentialAction":[{"@type":"SearchAction","target":{"@type":"EntryPoint","urlTemplate":"https:\/\/diariotextual.com\/inicio\/?s={search_term_string}"},"query-input":{"@type":"PropertyValueSpecification","valueRequired":true,"valueName":"search_term_string"}}],"inLanguage":"es"},{"@type":"Organization","@id":"https:\/\/diariotextual.com\/inicio\/#organization","name":"Diario Textual","url":"https:\/\/diariotextual.com\/inicio\/","logo":{"@type":"ImageObject","inLanguage":"es","@id":"https:\/\/diariotextual.com\/inicio\/#\/schema\/logo\/image\/","url":"https:\/\/diariotextual.com\/inicio\/wp-content\/uploads\/2023\/05\/logotextual1.jpg","contentUrl":"https:\/\/diariotextual.com\/inicio\/wp-content\/uploads\/2023\/05\/logotextual1.jpg","width":516,"height":76,"caption":"Diario Textual"},"image":{"@id":"https:\/\/diariotextual.com\/inicio\/#\/schema\/logo\/image\/"},"sameAs":["https:\/\/www.facebook.com\/eltextual","https:\/\/x.com\/eltextual","http:\/\/www.instagram.com\/eltextual"]},{"@type":"Person","@id":"https:\/\/diariotextual.com\/inicio\/#\/schema\/person\/418fc4093c33e86ed41562db3508f958","name":"Diario1 Diario1","image":{"@type":"ImageObject","inLanguage":"es","@id":"https:\/\/secure.gravatar.com\/avatar\/9167d280179c85bc18be67aa7eda765854300033af4896dd779b608640f2ef7a?s=96&d=mm&r=g","url":"https:\/\/secure.gravatar.com\/avatar\/9167d280179c85bc18be67aa7eda765854300033af4896dd779b608640f2ef7a?s=96&d=mm&r=g","contentUrl":"https:\/\/secure.gravatar.com\/avatar\/9167d280179c85bc18be67aa7eda765854300033af4896dd779b608640f2ef7a?s=96&d=mm&r=g","caption":"Diario1 Diario1"},"url":"https:\/\/diariotextual.com\/inicio\/index.php\/author\/diario1\/"}]}},"_links":{"self":[{"href":"https:\/\/diariotextual.com\/inicio\/index.php\/wp-json\/wp\/v2\/posts\/232823","targetHints":{"allow":["GET"]}}],"collection":[{"href":"https:\/\/diariotextual.com\/inicio\/index.php\/wp-json\/wp\/v2\/posts"}],"about":[{"href":"https:\/\/diariotextual.com\/inicio\/index.php\/wp-json\/wp\/v2\/types\/post"}],"author":[{"embeddable":true,"href":"https:\/\/diariotextual.com\/inicio\/index.php\/wp-json\/wp\/v2\/users\/3"}],"replies":[{"embeddable":true,"href":"https:\/\/diariotextual.com\/inicio\/index.php\/wp-json\/wp\/v2\/comments?post=232823"}],"version-history":[{"count":1,"href":"https:\/\/diariotextual.com\/inicio\/index.php\/wp-json\/wp\/v2\/posts\/232823\/revisions"}],"predecessor-version":[{"id":232824,"href":"https:\/\/diariotextual.com\/inicio\/index.php\/wp-json\/wp\/v2\/posts\/232823\/revisions\/232824"}],"wp:featuredmedia":[{"embeddable":true,"href":"https:\/\/diariotextual.com\/inicio\/index.php\/wp-json\/wp\/v2\/media\/231504"}],"wp:attachment":[{"href":"https:\/\/diariotextual.com\/inicio\/index.php\/wp-json\/wp\/v2\/media?parent=232823"}],"wp:term":[{"taxonomy":"category","embeddable":true,"href":"https:\/\/diariotextual.com\/inicio\/index.php\/wp-json\/wp\/v2\/categories?post=232823"},{"taxonomy":"post_tag","embeddable":true,"href":"https:\/\/diariotextual.com\/inicio\/index.php\/wp-json\/wp\/v2\/tags?post=232823"}],"curies":[{"name":"wp","href":"https:\/\/api.w.org\/{rel}","templated":true}]}}