{"id":232831,"date":"2023-08-03T18:59:26","date_gmt":"2023-08-03T21:59:26","guid":{"rendered":"https:\/\/diariotextual.com\/inicio\/?p=232831"},"modified":"2023-08-03T20:43:46","modified_gmt":"2023-08-03T23:43:46","slug":"capacitaron-a-mas-cadetes-de-santa-rosa-en-conduccion-segura","status":"publish","type":"post","link":"https:\/\/diariotextual.com\/inicio\/index.php\/2023\/08\/03\/capacitaron-a-mas-cadetes-de-santa-rosa-en-conduccion-segura\/","title":{"rendered":"Capacitaron a m\u00e1s cadetes de Santa Rosa en conducci\u00f3n segura"},"content":{"rendered":"\n<p>La Municipalidad de Santa Rosa, a trav\u00e9s de la Direcci\u00f3n de Tr\u00e1nsito, desarroll\u00f3 la sexta jornada cl\u00ednica en conducci\u00f3n segura en dos ruedas. La nueva jornada de promoci\u00f3n de la seguridad vial estuvo destinada a cadetes y otras personas que utilizan motocicletas como medio laboral.&nbsp;<\/p>\n\n\n\n<p>La relevancia de estas capacitaciones impacta en forma directa en la prevenci\u00f3n y reducci\u00f3n en la ciudad. A lo largo de esta etapa ya se han entregado m\u00e1s de 320 cascos homologados siendo estos un elemento de seguridad obligatorio y primordial.<\/p>\n\n\n\n<p>Su correcta utilizaci\u00f3n contribuye a reducir traumatismos craneales y lesiones graves en un 72%, as\u00ed como a morigerar probabilidades de muertes en un 39% (en funci\u00f3n de la velocidad desarrollada).<\/p>\n\n\n\n<p>La actividad se enmarca en un Convenio de Colaboraci\u00f3n entre el Municipio y la Agencia Nacional de Seguridad Vial (ANSV), con el compromiso mutuo de coordinar acciones para abordar la instancia local de capacitaci\u00f3n y la correspondiente entrega de elementos de seguridad.<\/p>\n\n\n\n<p>Las capacitaciones brindaron herramientas esenciales en conducci\u00f3n segura con el fin de reforzar saberes para generar una buena convivencia en las calles de la ciudad.<\/p>\n\n\n\n<p>Con un abordaje integral, se trabaj\u00f3 en t\u00e9cnicas de conducci\u00f3n, equipamiento de protecci\u00f3n, pasajeros y cargas, mantenimiento preventivo de veh\u00edculos, y en la parte pr\u00e1ctica, maniobras de control, frenada de emergencia, ejercicios con obst\u00e1culos y giros.<\/p>\n\n\n\n<p>La actividad cont\u00f3 con una gran convocatoria: participaron alrededor de 50 trabajadores y trabajadoras, quienes resaltaron como \u201cmuy positivo\u201d el saldo de la actividad. La jornada culmin\u00f3 con la habitual entrega de cascos para que las y los participantes.<\/p>\n\n\n\n<p>Desde el Municipio destacaron el acompa\u00f1amiento de la Fundaci\u00f3n Estrellas Amarillas y su f\u00e9rreo compromiso en la concientizaci\u00f3n, prevenci\u00f3n y fortalecimiento de la seguridad vial en la ciudad.<\/p>\n","protected":false},"excerpt":{"rendered":"<p>La Municipalidad de Santa Rosa, a trav\u00e9s de la Direcci\u00f3n de Tr\u00e1nsito, desarroll\u00f3 la sexta jornada cl\u00ednica en conducci\u00f3n segura en dos ruedas. La nueva jornada de promoci\u00f3n de la&hellip;<\/p>\n","protected":false},"author":3,"featured_media":232833,"comment_status":"closed","ping_status":"open","sticky":false,"template":"","format":"standard","meta":{"_acf_changed":false,"footnotes":""},"categories":[1,12],"tags":[],"class_list":["post-232831","post","type-post","status-publish","format-standard","has-post-thumbnail","hentry","category-es-noticia","category-sociedad"],"acf":[],"yoast_head":"<!-- This site is optimized with the Yoast SEO plugin v27.5 - https:\/\/yoast.com\/product\/yoast-seo-wordpress\/ -->\n<title>Capacitaron a m\u00e1s cadetes de Santa Rosa en conducci\u00f3n segura - Diario Textual<\/title>\n<meta name=\"robots\" content=\"index, follow, max-snippet:-1, max-image-preview:large, max-video-preview:-1\" \/>\n<link rel=\"canonical\" href=\"https:\/\/diariotextual.com\/inicio\/index.php\/2023\/08\/03\/capacitaron-a-mas-cadetes-de-santa-rosa-en-conduccion-segura\/\" \/>\n<meta property=\"og:locale\" content=\"es_ES\" \/>\n<meta property=\"og:type\" content=\"article\" \/>\n<meta property=\"og:title\" content=\"Capacitaron a m\u00e1s cadetes de Santa Rosa en conducci\u00f3n segura - Diario Textual\" \/>\n<meta property=\"og:description\" content=\"La Municipalidad de Santa Rosa, a trav\u00e9s de la Direcci\u00f3n de Tr\u00e1nsito, desarroll\u00f3 la sexta jornada cl\u00ednica en conducci\u00f3n segura en dos ruedas. La nueva jornada de promoci\u00f3n de la&hellip;\" \/>\n<meta property=\"og:url\" content=\"https:\/\/diariotextual.com\/inicio\/index.php\/2023\/08\/03\/capacitaron-a-mas-cadetes-de-santa-rosa-en-conduccion-segura\/\" \/>\n<meta property=\"og:site_name\" content=\"Diario Textual\" \/>\n<meta property=\"article:publisher\" content=\"https:\/\/www.facebook.com\/eltextual\" \/>\n<meta property=\"article:published_time\" content=\"2023-08-03T21:59:26+00:00\" \/>\n<meta property=\"article:modified_time\" content=\"2023-08-03T23:43:46+00:00\" \/>\n<meta property=\"og:image\" content=\"https:\/\/diariotextual.com\/inicio\/wp-content\/uploads\/2023\/08\/transitomotoscapacitacioncadetescascos2023-1.jpeg\" \/>\n\t<meta property=\"og:image:width\" content=\"1600\" \/>\n\t<meta property=\"og:image:height\" content=\"1066\" \/>\n\t<meta property=\"og:image:type\" content=\"image\/jpeg\" \/>\n<meta name=\"author\" content=\"Diario1 Diario1\" \/>\n<meta name=\"twitter:card\" content=\"summary_large_image\" \/>\n<meta name=\"twitter:creator\" content=\"@eltextual\" \/>\n<meta name=\"twitter:site\" content=\"@eltextual\" \/>\n<meta name=\"twitter:label1\" content=\"Escrito por\" \/>\n\t<meta name=\"twitter:data1\" content=\"Diario1 Diario1\" \/>\n\t<meta name=\"twitter:label2\" content=\"Tiempo de lectura\" \/>\n\t<meta name=\"twitter:data2\" content=\"2 minutos\" \/>\n<script type=\"application\/ld+json\" class=\"yoast-schema-graph\">{\"@context\":\"https:\\\/\\\/schema.org\",\"@graph\":[{\"@type\":\"Article\",\"@id\":\"https:\\\/\\\/diariotextual.com\\\/inicio\\\/index.php\\\/2023\\\/08\\\/03\\\/capacitaron-a-mas-cadetes-de-santa-rosa-en-conduccion-segura\\\/#article\",\"isPartOf\":{\"@id\":\"https:\\\/\\\/diariotextual.com\\\/inicio\\\/index.php\\\/2023\\\/08\\\/03\\\/capacitaron-a-mas-cadetes-de-santa-rosa-en-conduccion-segura\\\/\"},\"author\":{\"name\":\"Diario1 Diario1\",\"@id\":\"https:\\\/\\\/diariotextual.com\\\/inicio\\\/#\\\/schema\\\/person\\\/418fc4093c33e86ed41562db3508f958\"},\"headline\":\"Capacitaron a m\u00e1s cadetes de Santa Rosa en conducci\u00f3n segura\",\"datePublished\":\"2023-08-03T21:59:26+00:00\",\"dateModified\":\"2023-08-03T23:43:46+00:00\",\"mainEntityOfPage\":{\"@id\":\"https:\\\/\\\/diariotextual.com\\\/inicio\\\/index.php\\\/2023\\\/08\\\/03\\\/capacitaron-a-mas-cadetes-de-santa-rosa-en-conduccion-segura\\\/\"},\"wordCount\":320,\"publisher\":{\"@id\":\"https:\\\/\\\/diariotextual.com\\\/inicio\\\/#organization\"},\"image\":{\"@id\":\"https:\\\/\\\/diariotextual.com\\\/inicio\\\/index.php\\\/2023\\\/08\\\/03\\\/capacitaron-a-mas-cadetes-de-santa-rosa-en-conduccion-segura\\\/#primaryimage\"},\"thumbnailUrl\":\"https:\\\/\\\/diariotextual.com\\\/inicio\\\/wp-content\\\/uploads\\\/2023\\\/08\\\/transitomotoscapacitacioncadetescascos2023-1.jpeg\",\"articleSection\":[\"A - ES NOTICIA (van abajo)\",\"SOCIEDAD\"],\"inLanguage\":\"es\"},{\"@type\":\"WebPage\",\"@id\":\"https:\\\/\\\/diariotextual.com\\\/inicio\\\/index.php\\\/2023\\\/08\\\/03\\\/capacitaron-a-mas-cadetes-de-santa-rosa-en-conduccion-segura\\\/\",\"url\":\"https:\\\/\\\/diariotextual.com\\\/inicio\\\/index.php\\\/2023\\\/08\\\/03\\\/capacitaron-a-mas-cadetes-de-santa-rosa-en-conduccion-segura\\\/\",\"name\":\"Capacitaron a m\u00e1s cadetes de Santa Rosa en conducci\u00f3n segura - Diario Textual\",\"isPartOf\":{\"@id\":\"https:\\\/\\\/diariotextual.com\\\/inicio\\\/#website\"},\"primaryImageOfPage\":{\"@id\":\"https:\\\/\\\/diariotextual.com\\\/inicio\\\/index.php\\\/2023\\\/08\\\/03\\\/capacitaron-a-mas-cadetes-de-santa-rosa-en-conduccion-segura\\\/#primaryimage\"},\"image\":{\"@id\":\"https:\\\/\\\/diariotextual.com\\\/inicio\\\/index.php\\\/2023\\\/08\\\/03\\\/capacitaron-a-mas-cadetes-de-santa-rosa-en-conduccion-segura\\\/#primaryimage\"},\"thumbnailUrl\":\"https:\\\/\\\/diariotextual.com\\\/inicio\\\/wp-content\\\/uploads\\\/2023\\\/08\\\/transitomotoscapacitacioncadetescascos2023-1.jpeg\",\"datePublished\":\"2023-08-03T21:59:26+00:00\",\"dateModified\":\"2023-08-03T23:43:46+00:00\",\"breadcrumb\":{\"@id\":\"https:\\\/\\\/diariotextual.com\\\/inicio\\\/index.php\\\/2023\\\/08\\\/03\\\/capacitaron-a-mas-cadetes-de-santa-rosa-en-conduccion-segura\\\/#breadcrumb\"},\"inLanguage\":\"es\",\"potentialAction\":[{\"@type\":\"ReadAction\",\"target\":[\"https:\\\/\\\/diariotextual.com\\\/inicio\\\/index.php\\\/2023\\\/08\\\/03\\\/capacitaron-a-mas-cadetes-de-santa-rosa-en-conduccion-segura\\\/\"]}]},{\"@type\":\"ImageObject\",\"inLanguage\":\"es\",\"@id\":\"https:\\\/\\\/diariotextual.com\\\/inicio\\\/index.php\\\/2023\\\/08\\\/03\\\/capacitaron-a-mas-cadetes-de-santa-rosa-en-conduccion-segura\\\/#primaryimage\",\"url\":\"https:\\\/\\\/diariotextual.com\\\/inicio\\\/wp-content\\\/uploads\\\/2023\\\/08\\\/transitomotoscapacitacioncadetescascos2023-1.jpeg\",\"contentUrl\":\"https:\\\/\\\/diariotextual.com\\\/inicio\\\/wp-content\\\/uploads\\\/2023\\\/08\\\/transitomotoscapacitacioncadetescascos2023-1.jpeg\",\"width\":1600,\"height\":1066},{\"@type\":\"BreadcrumbList\",\"@id\":\"https:\\\/\\\/diariotextual.com\\\/inicio\\\/index.php\\\/2023\\\/08\\\/03\\\/capacitaron-a-mas-cadetes-de-santa-rosa-en-conduccion-segura\\\/#breadcrumb\",\"itemListElement\":[{\"@type\":\"ListItem\",\"position\":1,\"name\":\"Portada\",\"item\":\"https:\\\/\\\/diariotextual.com\\\/inicio\\\/\"},{\"@type\":\"ListItem\",\"position\":2,\"name\":\"Capacitaron a m\u00e1s cadetes de Santa Rosa en conducci\u00f3n segura\"}]},{\"@type\":\"WebSite\",\"@id\":\"https:\\\/\\\/diariotextual.com\\\/inicio\\\/#website\",\"url\":\"https:\\\/\\\/diariotextual.com\\\/inicio\\\/\",\"name\":\"Diario Textual\",\"description\":\"\",\"publisher\":{\"@id\":\"https:\\\/\\\/diariotextual.com\\\/inicio\\\/#organization\"},\"potentialAction\":[{\"@type\":\"SearchAction\",\"target\":{\"@type\":\"EntryPoint\",\"urlTemplate\":\"https:\\\/\\\/diariotextual.com\\\/inicio\\\/?s={search_term_string}\"},\"query-input\":{\"@type\":\"PropertyValueSpecification\",\"valueRequired\":true,\"valueName\":\"search_term_string\"}}],\"inLanguage\":\"es\"},{\"@type\":\"Organization\",\"@id\":\"https:\\\/\\\/diariotextual.com\\\/inicio\\\/#organization\",\"name\":\"Diario Textual\",\"url\":\"https:\\\/\\\/diariotextual.com\\\/inicio\\\/\",\"logo\":{\"@type\":\"ImageObject\",\"inLanguage\":\"es\",\"@id\":\"https:\\\/\\\/diariotextual.com\\\/inicio\\\/#\\\/schema\\\/logo\\\/image\\\/\",\"url\":\"https:\\\/\\\/diariotextual.com\\\/inicio\\\/wp-content\\\/uploads\\\/2023\\\/05\\\/logotextual1.jpg\",\"contentUrl\":\"https:\\\/\\\/diariotextual.com\\\/inicio\\\/wp-content\\\/uploads\\\/2023\\\/05\\\/logotextual1.jpg\",\"width\":516,\"height\":76,\"caption\":\"Diario Textual\"},\"image\":{\"@id\":\"https:\\\/\\\/diariotextual.com\\\/inicio\\\/#\\\/schema\\\/logo\\\/image\\\/\"},\"sameAs\":[\"https:\\\/\\\/www.facebook.com\\\/eltextual\",\"https:\\\/\\\/x.com\\\/eltextual\",\"http:\\\/\\\/www.instagram.com\\\/eltextual\"]},{\"@type\":\"Person\",\"@id\":\"https:\\\/\\\/diariotextual.com\\\/inicio\\\/#\\\/schema\\\/person\\\/418fc4093c33e86ed41562db3508f958\",\"name\":\"Diario1 Diario1\",\"image\":{\"@type\":\"ImageObject\",\"inLanguage\":\"es\",\"@id\":\"https:\\\/\\\/secure.gravatar.com\\\/avatar\\\/9167d280179c85bc18be67aa7eda765854300033af4896dd779b608640f2ef7a?s=96&d=mm&r=g\",\"url\":\"https:\\\/\\\/secure.gravatar.com\\\/avatar\\\/9167d280179c85bc18be67aa7eda765854300033af4896dd779b608640f2ef7a?s=96&d=mm&r=g\",\"contentUrl\":\"https:\\\/\\\/secure.gravatar.com\\\/avatar\\\/9167d280179c85bc18be67aa7eda765854300033af4896dd779b608640f2ef7a?s=96&d=mm&r=g\",\"caption\":\"Diario1 Diario1\"},\"url\":\"https:\\\/\\\/diariotextual.com\\\/inicio\\\/index.php\\\/author\\\/diario1\\\/\"}]}<\/script>\n<!-- \/ Yoast SEO plugin. -->","yoast_head_json":{"title":"Capacitaron a m\u00e1s cadetes de Santa Rosa en conducci\u00f3n segura - Diario Textual","robots":{"index":"index","follow":"follow","max-snippet":"max-snippet:-1","max-image-preview":"max-image-preview:large","max-video-preview":"max-video-preview:-1"},"canonical":"https:\/\/diariotextual.com\/inicio\/index.php\/2023\/08\/03\/capacitaron-a-mas-cadetes-de-santa-rosa-en-conduccion-segura\/","og_locale":"es_ES","og_type":"article","og_title":"Capacitaron a m\u00e1s cadetes de Santa Rosa en conducci\u00f3n segura - Diario Textual","og_description":"La Municipalidad de Santa Rosa, a trav\u00e9s de la Direcci\u00f3n de Tr\u00e1nsito, desarroll\u00f3 la sexta jornada cl\u00ednica en conducci\u00f3n segura en dos ruedas. La nueva jornada de promoci\u00f3n de la&hellip;","og_url":"https:\/\/diariotextual.com\/inicio\/index.php\/2023\/08\/03\/capacitaron-a-mas-cadetes-de-santa-rosa-en-conduccion-segura\/","og_site_name":"Diario Textual","article_publisher":"https:\/\/www.facebook.com\/eltextual","article_published_time":"2023-08-03T21:59:26+00:00","article_modified_time":"2023-08-03T23:43:46+00:00","og_image":[{"width":1600,"height":1066,"url":"https:\/\/diariotextual.com\/inicio\/wp-content\/uploads\/2023\/08\/transitomotoscapacitacioncadetescascos2023-1.jpeg","type":"image\/jpeg"}],"author":"Diario1 Diario1","twitter_card":"summary_large_image","twitter_creator":"@eltextual","twitter_site":"@eltextual","twitter_misc":{"Escrito por":"Diario1 Diario1","Tiempo de lectura":"2 minutos"},"schema":{"@context":"https:\/\/schema.org","@graph":[{"@type":"Article","@id":"https:\/\/diariotextual.com\/inicio\/index.php\/2023\/08\/03\/capacitaron-a-mas-cadetes-de-santa-rosa-en-conduccion-segura\/#article","isPartOf":{"@id":"https:\/\/diariotextual.com\/inicio\/index.php\/2023\/08\/03\/capacitaron-a-mas-cadetes-de-santa-rosa-en-conduccion-segura\/"},"author":{"name":"Diario1 Diario1","@id":"https:\/\/diariotextual.com\/inicio\/#\/schema\/person\/418fc4093c33e86ed41562db3508f958"},"headline":"Capacitaron a m\u00e1s cadetes de Santa Rosa en conducci\u00f3n segura","datePublished":"2023-08-03T21:59:26+00:00","dateModified":"2023-08-03T23:43:46+00:00","mainEntityOfPage":{"@id":"https:\/\/diariotextual.com\/inicio\/index.php\/2023\/08\/03\/capacitaron-a-mas-cadetes-de-santa-rosa-en-conduccion-segura\/"},"wordCount":320,"publisher":{"@id":"https:\/\/diariotextual.com\/inicio\/#organization"},"image":{"@id":"https:\/\/diariotextual.com\/inicio\/index.php\/2023\/08\/03\/capacitaron-a-mas-cadetes-de-santa-rosa-en-conduccion-segura\/#primaryimage"},"thumbnailUrl":"https:\/\/diariotextual.com\/inicio\/wp-content\/uploads\/2023\/08\/transitomotoscapacitacioncadetescascos2023-1.jpeg","articleSection":["A - ES NOTICIA (van abajo)","SOCIEDAD"],"inLanguage":"es"},{"@type":"WebPage","@id":"https:\/\/diariotextual.com\/inicio\/index.php\/2023\/08\/03\/capacitaron-a-mas-cadetes-de-santa-rosa-en-conduccion-segura\/","url":"https:\/\/diariotextual.com\/inicio\/index.php\/2023\/08\/03\/capacitaron-a-mas-cadetes-de-santa-rosa-en-conduccion-segura\/","name":"Capacitaron a m\u00e1s cadetes de Santa Rosa en conducci\u00f3n segura - Diario Textual","isPartOf":{"@id":"https:\/\/diariotextual.com\/inicio\/#website"},"primaryImageOfPage":{"@id":"https:\/\/diariotextual.com\/inicio\/index.php\/2023\/08\/03\/capacitaron-a-mas-cadetes-de-santa-rosa-en-conduccion-segura\/#primaryimage"},"image":{"@id":"https:\/\/diariotextual.com\/inicio\/index.php\/2023\/08\/03\/capacitaron-a-mas-cadetes-de-santa-rosa-en-conduccion-segura\/#primaryimage"},"thumbnailUrl":"https:\/\/diariotextual.com\/inicio\/wp-content\/uploads\/2023\/08\/transitomotoscapacitacioncadetescascos2023-1.jpeg","datePublished":"2023-08-03T21:59:26+00:00","dateModified":"2023-08-03T23:43:46+00:00","breadcrumb":{"@id":"https:\/\/diariotextual.com\/inicio\/index.php\/2023\/08\/03\/capacitaron-a-mas-cadetes-de-santa-rosa-en-conduccion-segura\/#breadcrumb"},"inLanguage":"es","potentialAction":[{"@type":"ReadAction","target":["https:\/\/diariotextual.com\/inicio\/index.php\/2023\/08\/03\/capacitaron-a-mas-cadetes-de-santa-rosa-en-conduccion-segura\/"]}]},{"@type":"ImageObject","inLanguage":"es","@id":"https:\/\/diariotextual.com\/inicio\/index.php\/2023\/08\/03\/capacitaron-a-mas-cadetes-de-santa-rosa-en-conduccion-segura\/#primaryimage","url":"https:\/\/diariotextual.com\/inicio\/wp-content\/uploads\/2023\/08\/transitomotoscapacitacioncadetescascos2023-1.jpeg","contentUrl":"https:\/\/diariotextual.com\/inicio\/wp-content\/uploads\/2023\/08\/transitomotoscapacitacioncadetescascos2023-1.jpeg","width":1600,"height":1066},{"@type":"BreadcrumbList","@id":"https:\/\/diariotextual.com\/inicio\/index.php\/2023\/08\/03\/capacitaron-a-mas-cadetes-de-santa-rosa-en-conduccion-segura\/#breadcrumb","itemListElement":[{"@type":"ListItem","position":1,"name":"Portada","item":"https:\/\/diariotextual.com\/inicio\/"},{"@type":"ListItem","position":2,"name":"Capacitaron a m\u00e1s cadetes de Santa Rosa en conducci\u00f3n segura"}]},{"@type":"WebSite","@id":"https:\/\/diariotextual.com\/inicio\/#website","url":"https:\/\/diariotextual.com\/inicio\/","name":"Diario Textual","description":"","publisher":{"@id":"https:\/\/diariotextual.com\/inicio\/#organization"},"potentialAction":[{"@type":"SearchAction","target":{"@type":"EntryPoint","urlTemplate":"https:\/\/diariotextual.com\/inicio\/?s={search_term_string}"},"query-input":{"@type":"PropertyValueSpecification","valueRequired":true,"valueName":"search_term_string"}}],"inLanguage":"es"},{"@type":"Organization","@id":"https:\/\/diariotextual.com\/inicio\/#organization","name":"Diario Textual","url":"https:\/\/diariotextual.com\/inicio\/","logo":{"@type":"ImageObject","inLanguage":"es","@id":"https:\/\/diariotextual.com\/inicio\/#\/schema\/logo\/image\/","url":"https:\/\/diariotextual.com\/inicio\/wp-content\/uploads\/2023\/05\/logotextual1.jpg","contentUrl":"https:\/\/diariotextual.com\/inicio\/wp-content\/uploads\/2023\/05\/logotextual1.jpg","width":516,"height":76,"caption":"Diario Textual"},"image":{"@id":"https:\/\/diariotextual.com\/inicio\/#\/schema\/logo\/image\/"},"sameAs":["https:\/\/www.facebook.com\/eltextual","https:\/\/x.com\/eltextual","http:\/\/www.instagram.com\/eltextual"]},{"@type":"Person","@id":"https:\/\/diariotextual.com\/inicio\/#\/schema\/person\/418fc4093c33e86ed41562db3508f958","name":"Diario1 Diario1","image":{"@type":"ImageObject","inLanguage":"es","@id":"https:\/\/secure.gravatar.com\/avatar\/9167d280179c85bc18be67aa7eda765854300033af4896dd779b608640f2ef7a?s=96&d=mm&r=g","url":"https:\/\/secure.gravatar.com\/avatar\/9167d280179c85bc18be67aa7eda765854300033af4896dd779b608640f2ef7a?s=96&d=mm&r=g","contentUrl":"https:\/\/secure.gravatar.com\/avatar\/9167d280179c85bc18be67aa7eda765854300033af4896dd779b608640f2ef7a?s=96&d=mm&r=g","caption":"Diario1 Diario1"},"url":"https:\/\/diariotextual.com\/inicio\/index.php\/author\/diario1\/"}]}},"_links":{"self":[{"href":"https:\/\/diariotextual.com\/inicio\/index.php\/wp-json\/wp\/v2\/posts\/232831","targetHints":{"allow":["GET"]}}],"collection":[{"href":"https:\/\/diariotextual.com\/inicio\/index.php\/wp-json\/wp\/v2\/posts"}],"about":[{"href":"https:\/\/diariotextual.com\/inicio\/index.php\/wp-json\/wp\/v2\/types\/post"}],"author":[{"embeddable":true,"href":"https:\/\/diariotextual.com\/inicio\/index.php\/wp-json\/wp\/v2\/users\/3"}],"replies":[{"embeddable":true,"href":"https:\/\/diariotextual.com\/inicio\/index.php\/wp-json\/wp\/v2\/comments?post=232831"}],"version-history":[{"count":1,"href":"https:\/\/diariotextual.com\/inicio\/index.php\/wp-json\/wp\/v2\/posts\/232831\/revisions"}],"predecessor-version":[{"id":232832,"href":"https:\/\/diariotextual.com\/inicio\/index.php\/wp-json\/wp\/v2\/posts\/232831\/revisions\/232832"}],"wp:featuredmedia":[{"embeddable":true,"href":"https:\/\/diariotextual.com\/inicio\/index.php\/wp-json\/wp\/v2\/media\/232833"}],"wp:attachment":[{"href":"https:\/\/diariotextual.com\/inicio\/index.php\/wp-json\/wp\/v2\/media?parent=232831"}],"wp:term":[{"taxonomy":"category","embeddable":true,"href":"https:\/\/diariotextual.com\/inicio\/index.php\/wp-json\/wp\/v2\/categories?post=232831"},{"taxonomy":"post_tag","embeddable":true,"href":"https:\/\/diariotextual.com\/inicio\/index.php\/wp-json\/wp\/v2\/tags?post=232831"}],"curies":[{"name":"wp","href":"https:\/\/api.w.org\/{rel}","templated":true}]}}