{"id":232835,"date":"2023-08-03T19:02:03","date_gmt":"2023-08-03T22:02:03","guid":{"rendered":"https:\/\/diariotextual.com\/inicio\/?p=232835"},"modified":"2023-08-03T20:22:11","modified_gmt":"2023-08-03T23:22:11","slug":"la-intendencia-capitalina-avanza-con-el-traslado-de-vehiculos-retenidos-por-infracciones","status":"publish","type":"post","link":"https:\/\/diariotextual.com\/inicio\/index.php\/2023\/08\/03\/la-intendencia-capitalina-avanza-con-el-traslado-de-vehiculos-retenidos-por-infracciones\/","title":{"rendered":"La intendencia capitalina avanza con el traslado de veh\u00edculos retenidos por infracciones"},"content":{"rendered":"\n<p>Tal como lo anunciara el Intendente Luciano di N\u00e1poli en la apertura de sesiones, la Municipalidad de Santa Rosa comenz\u00f3 el proceso de traslado de veh\u00edculos retenidos por infracciones de tr\u00e1nsito que se encuentran en el Parque Industrial.<\/p>\n\n\n\n<p>Durante los \u00faltimos d\u00edas se trasladaron 135 autom\u00f3viles ubicados en la parte externa del predio que ya han cumplido un plazo m\u00e1s que prudencial sin requerimiento de devoluci\u00f3n por parte de sus titulares\/leg\u00edtimos poseedores. El segundo tramo de la planificaci\u00f3n incluir\u00e1 tambi\u00e9n motocicletas.<\/p>\n\n\n\n<p>Esto beneficiar\u00e1 considerablemente la operatividad dentro del Parque debido a que no se podr\u00e1 volver a depositar este tipo de veh\u00edculos en ese espacio.<\/p>\n\n\n\n<p>\u201cLas gestiones de nuestro intendente han sido muy acertadas en este sentido y ya estamos avanzando a paso firme con lo previsto\u201d, sostuvo la directora de Tr\u00e1nsito, Guillermina Castro. \u201cEsto implica la materializaci\u00f3n de un doble beneficio; por un lado da respuesta al reclamo de vecinos de liberar este tipo de veh\u00edculos de la v\u00eda p\u00fablica y por otro al sector industrial de nuestra ciudad\u201d.<\/p>\n\n\n\n<p>Los autom\u00f3viles y motocicletas all\u00ed alojados se encuentran a la intemperie, en un estado que adem\u00e1s de afectar los espacios p\u00fablicos, produce da\u00f1o y contaminaci\u00f3n ambiental. Es en este sentido y para dar respuesta, que el Municipio comenz\u00f3 un proceso paulatino de traslado y limpieza de la zona que corregir\u00e1 esta situaci\u00f3n.<\/p>\n\n\n\n<p>El nuevo predio se encuentra en el \u00e1rea del Centro de Transferencia de Residuos y se utilizar\u00e1 exclusivamente con este objeto. Fue habilitado este a\u00f1o, acondicionado por cuadrillas de Obras P\u00fablicas del Municipio y desde hoy comenz\u00f3 a recibir veh\u00edculos.<\/p>\n\n\n\n<p>El trabajo y planificaci\u00f3n de los traslados se realiza con veh\u00edculos de la Municipalidad y con la importante colaboraci\u00f3n de la Polic\u00eda de La Pampa.<\/p>\n","protected":false},"excerpt":{"rendered":"<p>Tal como lo anunciara el Intendente Luciano di N\u00e1poli en la apertura de sesiones, la Municipalidad de Santa Rosa comenz\u00f3 el proceso de traslado de veh\u00edculos retenidos por infracciones de&hellip;<\/p>\n","protected":false},"author":3,"featured_media":232837,"comment_status":"closed","ping_status":"open","sticky":false,"template":"","format":"standard","meta":{"_acf_changed":false,"footnotes":""},"categories":[1,12],"tags":[],"class_list":["post-232835","post","type-post","status-publish","format-standard","has-post-thumbnail","hentry","category-es-noticia","category-sociedad"],"acf":[],"yoast_head":"<!-- This site is optimized with the Yoast SEO plugin v27.5 - https:\/\/yoast.com\/product\/yoast-seo-wordpress\/ -->\n<title>La intendencia capitalina avanza con el traslado de veh\u00edculos retenidos por infracciones - Diario Textual<\/title>\n<meta name=\"robots\" content=\"index, follow, max-snippet:-1, max-image-preview:large, max-video-preview:-1\" \/>\n<link rel=\"canonical\" href=\"https:\/\/diariotextual.com\/inicio\/index.php\/2023\/08\/03\/la-intendencia-capitalina-avanza-con-el-traslado-de-vehiculos-retenidos-por-infracciones\/\" \/>\n<meta property=\"og:locale\" content=\"es_ES\" \/>\n<meta property=\"og:type\" content=\"article\" \/>\n<meta property=\"og:title\" content=\"La intendencia capitalina avanza con el traslado de veh\u00edculos retenidos por infracciones - Diario Textual\" \/>\n<meta property=\"og:description\" content=\"Tal como lo anunciara el Intendente Luciano di N\u00e1poli en la apertura de sesiones, la Municipalidad de Santa Rosa comenz\u00f3 el proceso de traslado de veh\u00edculos retenidos por infracciones de&hellip;\" \/>\n<meta property=\"og:url\" content=\"https:\/\/diariotextual.com\/inicio\/index.php\/2023\/08\/03\/la-intendencia-capitalina-avanza-con-el-traslado-de-vehiculos-retenidos-por-infracciones\/\" \/>\n<meta property=\"og:site_name\" content=\"Diario Textual\" \/>\n<meta property=\"article:publisher\" content=\"https:\/\/www.facebook.com\/eltextual\" \/>\n<meta property=\"article:published_time\" content=\"2023-08-03T22:02:03+00:00\" \/>\n<meta property=\"article:modified_time\" content=\"2023-08-03T23:22:11+00:00\" \/>\n<meta property=\"og:image\" content=\"https:\/\/diariotextual.com\/inicio\/wp-content\/uploads\/2023\/08\/autosretenidossecuestradossantarosa2023-1.jpg\" \/>\n\t<meta property=\"og:image:width\" content=\"1600\" \/>\n\t<meta property=\"og:image:height\" content=\"1066\" \/>\n\t<meta property=\"og:image:type\" content=\"image\/jpeg\" \/>\n<meta name=\"author\" content=\"Diario1 Diario1\" \/>\n<meta name=\"twitter:card\" content=\"summary_large_image\" \/>\n<meta name=\"twitter:creator\" content=\"@eltextual\" \/>\n<meta name=\"twitter:site\" content=\"@eltextual\" \/>\n<meta name=\"twitter:label1\" content=\"Escrito por\" \/>\n\t<meta name=\"twitter:data1\" content=\"Diario1 Diario1\" \/>\n\t<meta name=\"twitter:label2\" content=\"Tiempo de lectura\" \/>\n\t<meta name=\"twitter:data2\" content=\"2 minutos\" \/>\n<script type=\"application\/ld+json\" class=\"yoast-schema-graph\">{\"@context\":\"https:\\\/\\\/schema.org\",\"@graph\":[{\"@type\":\"Article\",\"@id\":\"https:\\\/\\\/diariotextual.com\\\/inicio\\\/index.php\\\/2023\\\/08\\\/03\\\/la-intendencia-capitalina-avanza-con-el-traslado-de-vehiculos-retenidos-por-infracciones\\\/#article\",\"isPartOf\":{\"@id\":\"https:\\\/\\\/diariotextual.com\\\/inicio\\\/index.php\\\/2023\\\/08\\\/03\\\/la-intendencia-capitalina-avanza-con-el-traslado-de-vehiculos-retenidos-por-infracciones\\\/\"},\"author\":{\"name\":\"Diario1 Diario1\",\"@id\":\"https:\\\/\\\/diariotextual.com\\\/inicio\\\/#\\\/schema\\\/person\\\/418fc4093c33e86ed41562db3508f958\"},\"headline\":\"La intendencia capitalina avanza con el traslado de veh\u00edculos retenidos por infracciones\",\"datePublished\":\"2023-08-03T22:02:03+00:00\",\"dateModified\":\"2023-08-03T23:22:11+00:00\",\"mainEntityOfPage\":{\"@id\":\"https:\\\/\\\/diariotextual.com\\\/inicio\\\/index.php\\\/2023\\\/08\\\/03\\\/la-intendencia-capitalina-avanza-con-el-traslado-de-vehiculos-retenidos-por-infracciones\\\/\"},\"wordCount\":329,\"publisher\":{\"@id\":\"https:\\\/\\\/diariotextual.com\\\/inicio\\\/#organization\"},\"image\":{\"@id\":\"https:\\\/\\\/diariotextual.com\\\/inicio\\\/index.php\\\/2023\\\/08\\\/03\\\/la-intendencia-capitalina-avanza-con-el-traslado-de-vehiculos-retenidos-por-infracciones\\\/#primaryimage\"},\"thumbnailUrl\":\"https:\\\/\\\/diariotextual.com\\\/inicio\\\/wp-content\\\/uploads\\\/2023\\\/08\\\/autosretenidossecuestradossantarosa2023-1.jpg\",\"articleSection\":[\"A - ES NOTICIA (van abajo)\",\"SOCIEDAD\"],\"inLanguage\":\"es\"},{\"@type\":\"WebPage\",\"@id\":\"https:\\\/\\\/diariotextual.com\\\/inicio\\\/index.php\\\/2023\\\/08\\\/03\\\/la-intendencia-capitalina-avanza-con-el-traslado-de-vehiculos-retenidos-por-infracciones\\\/\",\"url\":\"https:\\\/\\\/diariotextual.com\\\/inicio\\\/index.php\\\/2023\\\/08\\\/03\\\/la-intendencia-capitalina-avanza-con-el-traslado-de-vehiculos-retenidos-por-infracciones\\\/\",\"name\":\"La intendencia capitalina avanza con el traslado de veh\u00edculos retenidos por infracciones - Diario Textual\",\"isPartOf\":{\"@id\":\"https:\\\/\\\/diariotextual.com\\\/inicio\\\/#website\"},\"primaryImageOfPage\":{\"@id\":\"https:\\\/\\\/diariotextual.com\\\/inicio\\\/index.php\\\/2023\\\/08\\\/03\\\/la-intendencia-capitalina-avanza-con-el-traslado-de-vehiculos-retenidos-por-infracciones\\\/#primaryimage\"},\"image\":{\"@id\":\"https:\\\/\\\/diariotextual.com\\\/inicio\\\/index.php\\\/2023\\\/08\\\/03\\\/la-intendencia-capitalina-avanza-con-el-traslado-de-vehiculos-retenidos-por-infracciones\\\/#primaryimage\"},\"thumbnailUrl\":\"https:\\\/\\\/diariotextual.com\\\/inicio\\\/wp-content\\\/uploads\\\/2023\\\/08\\\/autosretenidossecuestradossantarosa2023-1.jpg\",\"datePublished\":\"2023-08-03T22:02:03+00:00\",\"dateModified\":\"2023-08-03T23:22:11+00:00\",\"breadcrumb\":{\"@id\":\"https:\\\/\\\/diariotextual.com\\\/inicio\\\/index.php\\\/2023\\\/08\\\/03\\\/la-intendencia-capitalina-avanza-con-el-traslado-de-vehiculos-retenidos-por-infracciones\\\/#breadcrumb\"},\"inLanguage\":\"es\",\"potentialAction\":[{\"@type\":\"ReadAction\",\"target\":[\"https:\\\/\\\/diariotextual.com\\\/inicio\\\/index.php\\\/2023\\\/08\\\/03\\\/la-intendencia-capitalina-avanza-con-el-traslado-de-vehiculos-retenidos-por-infracciones\\\/\"]}]},{\"@type\":\"ImageObject\",\"inLanguage\":\"es\",\"@id\":\"https:\\\/\\\/diariotextual.com\\\/inicio\\\/index.php\\\/2023\\\/08\\\/03\\\/la-intendencia-capitalina-avanza-con-el-traslado-de-vehiculos-retenidos-por-infracciones\\\/#primaryimage\",\"url\":\"https:\\\/\\\/diariotextual.com\\\/inicio\\\/wp-content\\\/uploads\\\/2023\\\/08\\\/autosretenidossecuestradossantarosa2023-1.jpg\",\"contentUrl\":\"https:\\\/\\\/diariotextual.com\\\/inicio\\\/wp-content\\\/uploads\\\/2023\\\/08\\\/autosretenidossecuestradossantarosa2023-1.jpg\",\"width\":1600,\"height\":1066},{\"@type\":\"BreadcrumbList\",\"@id\":\"https:\\\/\\\/diariotextual.com\\\/inicio\\\/index.php\\\/2023\\\/08\\\/03\\\/la-intendencia-capitalina-avanza-con-el-traslado-de-vehiculos-retenidos-por-infracciones\\\/#breadcrumb\",\"itemListElement\":[{\"@type\":\"ListItem\",\"position\":1,\"name\":\"Portada\",\"item\":\"https:\\\/\\\/diariotextual.com\\\/inicio\\\/\"},{\"@type\":\"ListItem\",\"position\":2,\"name\":\"La intendencia capitalina avanza con el traslado de veh\u00edculos retenidos por infracciones\"}]},{\"@type\":\"WebSite\",\"@id\":\"https:\\\/\\\/diariotextual.com\\\/inicio\\\/#website\",\"url\":\"https:\\\/\\\/diariotextual.com\\\/inicio\\\/\",\"name\":\"Diario Textual\",\"description\":\"\",\"publisher\":{\"@id\":\"https:\\\/\\\/diariotextual.com\\\/inicio\\\/#organization\"},\"potentialAction\":[{\"@type\":\"SearchAction\",\"target\":{\"@type\":\"EntryPoint\",\"urlTemplate\":\"https:\\\/\\\/diariotextual.com\\\/inicio\\\/?s={search_term_string}\"},\"query-input\":{\"@type\":\"PropertyValueSpecification\",\"valueRequired\":true,\"valueName\":\"search_term_string\"}}],\"inLanguage\":\"es\"},{\"@type\":\"Organization\",\"@id\":\"https:\\\/\\\/diariotextual.com\\\/inicio\\\/#organization\",\"name\":\"Diario Textual\",\"url\":\"https:\\\/\\\/diariotextual.com\\\/inicio\\\/\",\"logo\":{\"@type\":\"ImageObject\",\"inLanguage\":\"es\",\"@id\":\"https:\\\/\\\/diariotextual.com\\\/inicio\\\/#\\\/schema\\\/logo\\\/image\\\/\",\"url\":\"https:\\\/\\\/diariotextual.com\\\/inicio\\\/wp-content\\\/uploads\\\/2023\\\/05\\\/logotextual1.jpg\",\"contentUrl\":\"https:\\\/\\\/diariotextual.com\\\/inicio\\\/wp-content\\\/uploads\\\/2023\\\/05\\\/logotextual1.jpg\",\"width\":516,\"height\":76,\"caption\":\"Diario Textual\"},\"image\":{\"@id\":\"https:\\\/\\\/diariotextual.com\\\/inicio\\\/#\\\/schema\\\/logo\\\/image\\\/\"},\"sameAs\":[\"https:\\\/\\\/www.facebook.com\\\/eltextual\",\"https:\\\/\\\/x.com\\\/eltextual\",\"http:\\\/\\\/www.instagram.com\\\/eltextual\"]},{\"@type\":\"Person\",\"@id\":\"https:\\\/\\\/diariotextual.com\\\/inicio\\\/#\\\/schema\\\/person\\\/418fc4093c33e86ed41562db3508f958\",\"name\":\"Diario1 Diario1\",\"image\":{\"@type\":\"ImageObject\",\"inLanguage\":\"es\",\"@id\":\"https:\\\/\\\/secure.gravatar.com\\\/avatar\\\/9167d280179c85bc18be67aa7eda765854300033af4896dd779b608640f2ef7a?s=96&d=mm&r=g\",\"url\":\"https:\\\/\\\/secure.gravatar.com\\\/avatar\\\/9167d280179c85bc18be67aa7eda765854300033af4896dd779b608640f2ef7a?s=96&d=mm&r=g\",\"contentUrl\":\"https:\\\/\\\/secure.gravatar.com\\\/avatar\\\/9167d280179c85bc18be67aa7eda765854300033af4896dd779b608640f2ef7a?s=96&d=mm&r=g\",\"caption\":\"Diario1 Diario1\"},\"url\":\"https:\\\/\\\/diariotextual.com\\\/inicio\\\/index.php\\\/author\\\/diario1\\\/\"}]}<\/script>\n<!-- \/ Yoast SEO plugin. -->","yoast_head_json":{"title":"La intendencia capitalina avanza con el traslado de veh\u00edculos retenidos por infracciones - Diario Textual","robots":{"index":"index","follow":"follow","max-snippet":"max-snippet:-1","max-image-preview":"max-image-preview:large","max-video-preview":"max-video-preview:-1"},"canonical":"https:\/\/diariotextual.com\/inicio\/index.php\/2023\/08\/03\/la-intendencia-capitalina-avanza-con-el-traslado-de-vehiculos-retenidos-por-infracciones\/","og_locale":"es_ES","og_type":"article","og_title":"La intendencia capitalina avanza con el traslado de veh\u00edculos retenidos por infracciones - Diario Textual","og_description":"Tal como lo anunciara el Intendente Luciano di N\u00e1poli en la apertura de sesiones, la Municipalidad de Santa Rosa comenz\u00f3 el proceso de traslado de veh\u00edculos retenidos por infracciones de&hellip;","og_url":"https:\/\/diariotextual.com\/inicio\/index.php\/2023\/08\/03\/la-intendencia-capitalina-avanza-con-el-traslado-de-vehiculos-retenidos-por-infracciones\/","og_site_name":"Diario Textual","article_publisher":"https:\/\/www.facebook.com\/eltextual","article_published_time":"2023-08-03T22:02:03+00:00","article_modified_time":"2023-08-03T23:22:11+00:00","og_image":[{"width":1600,"height":1066,"url":"https:\/\/diariotextual.com\/inicio\/wp-content\/uploads\/2023\/08\/autosretenidossecuestradossantarosa2023-1.jpg","type":"image\/jpeg"}],"author":"Diario1 Diario1","twitter_card":"summary_large_image","twitter_creator":"@eltextual","twitter_site":"@eltextual","twitter_misc":{"Escrito por":"Diario1 Diario1","Tiempo de lectura":"2 minutos"},"schema":{"@context":"https:\/\/schema.org","@graph":[{"@type":"Article","@id":"https:\/\/diariotextual.com\/inicio\/index.php\/2023\/08\/03\/la-intendencia-capitalina-avanza-con-el-traslado-de-vehiculos-retenidos-por-infracciones\/#article","isPartOf":{"@id":"https:\/\/diariotextual.com\/inicio\/index.php\/2023\/08\/03\/la-intendencia-capitalina-avanza-con-el-traslado-de-vehiculos-retenidos-por-infracciones\/"},"author":{"name":"Diario1 Diario1","@id":"https:\/\/diariotextual.com\/inicio\/#\/schema\/person\/418fc4093c33e86ed41562db3508f958"},"headline":"La intendencia capitalina avanza con el traslado de veh\u00edculos retenidos por infracciones","datePublished":"2023-08-03T22:02:03+00:00","dateModified":"2023-08-03T23:22:11+00:00","mainEntityOfPage":{"@id":"https:\/\/diariotextual.com\/inicio\/index.php\/2023\/08\/03\/la-intendencia-capitalina-avanza-con-el-traslado-de-vehiculos-retenidos-por-infracciones\/"},"wordCount":329,"publisher":{"@id":"https:\/\/diariotextual.com\/inicio\/#organization"},"image":{"@id":"https:\/\/diariotextual.com\/inicio\/index.php\/2023\/08\/03\/la-intendencia-capitalina-avanza-con-el-traslado-de-vehiculos-retenidos-por-infracciones\/#primaryimage"},"thumbnailUrl":"https:\/\/diariotextual.com\/inicio\/wp-content\/uploads\/2023\/08\/autosretenidossecuestradossantarosa2023-1.jpg","articleSection":["A - ES NOTICIA (van abajo)","SOCIEDAD"],"inLanguage":"es"},{"@type":"WebPage","@id":"https:\/\/diariotextual.com\/inicio\/index.php\/2023\/08\/03\/la-intendencia-capitalina-avanza-con-el-traslado-de-vehiculos-retenidos-por-infracciones\/","url":"https:\/\/diariotextual.com\/inicio\/index.php\/2023\/08\/03\/la-intendencia-capitalina-avanza-con-el-traslado-de-vehiculos-retenidos-por-infracciones\/","name":"La intendencia capitalina avanza con el traslado de veh\u00edculos retenidos por infracciones - Diario Textual","isPartOf":{"@id":"https:\/\/diariotextual.com\/inicio\/#website"},"primaryImageOfPage":{"@id":"https:\/\/diariotextual.com\/inicio\/index.php\/2023\/08\/03\/la-intendencia-capitalina-avanza-con-el-traslado-de-vehiculos-retenidos-por-infracciones\/#primaryimage"},"image":{"@id":"https:\/\/diariotextual.com\/inicio\/index.php\/2023\/08\/03\/la-intendencia-capitalina-avanza-con-el-traslado-de-vehiculos-retenidos-por-infracciones\/#primaryimage"},"thumbnailUrl":"https:\/\/diariotextual.com\/inicio\/wp-content\/uploads\/2023\/08\/autosretenidossecuestradossantarosa2023-1.jpg","datePublished":"2023-08-03T22:02:03+00:00","dateModified":"2023-08-03T23:22:11+00:00","breadcrumb":{"@id":"https:\/\/diariotextual.com\/inicio\/index.php\/2023\/08\/03\/la-intendencia-capitalina-avanza-con-el-traslado-de-vehiculos-retenidos-por-infracciones\/#breadcrumb"},"inLanguage":"es","potentialAction":[{"@type":"ReadAction","target":["https:\/\/diariotextual.com\/inicio\/index.php\/2023\/08\/03\/la-intendencia-capitalina-avanza-con-el-traslado-de-vehiculos-retenidos-por-infracciones\/"]}]},{"@type":"ImageObject","inLanguage":"es","@id":"https:\/\/diariotextual.com\/inicio\/index.php\/2023\/08\/03\/la-intendencia-capitalina-avanza-con-el-traslado-de-vehiculos-retenidos-por-infracciones\/#primaryimage","url":"https:\/\/diariotextual.com\/inicio\/wp-content\/uploads\/2023\/08\/autosretenidossecuestradossantarosa2023-1.jpg","contentUrl":"https:\/\/diariotextual.com\/inicio\/wp-content\/uploads\/2023\/08\/autosretenidossecuestradossantarosa2023-1.jpg","width":1600,"height":1066},{"@type":"BreadcrumbList","@id":"https:\/\/diariotextual.com\/inicio\/index.php\/2023\/08\/03\/la-intendencia-capitalina-avanza-con-el-traslado-de-vehiculos-retenidos-por-infracciones\/#breadcrumb","itemListElement":[{"@type":"ListItem","position":1,"name":"Portada","item":"https:\/\/diariotextual.com\/inicio\/"},{"@type":"ListItem","position":2,"name":"La intendencia capitalina avanza con el traslado de veh\u00edculos retenidos por infracciones"}]},{"@type":"WebSite","@id":"https:\/\/diariotextual.com\/inicio\/#website","url":"https:\/\/diariotextual.com\/inicio\/","name":"Diario Textual","description":"","publisher":{"@id":"https:\/\/diariotextual.com\/inicio\/#organization"},"potentialAction":[{"@type":"SearchAction","target":{"@type":"EntryPoint","urlTemplate":"https:\/\/diariotextual.com\/inicio\/?s={search_term_string}"},"query-input":{"@type":"PropertyValueSpecification","valueRequired":true,"valueName":"search_term_string"}}],"inLanguage":"es"},{"@type":"Organization","@id":"https:\/\/diariotextual.com\/inicio\/#organization","name":"Diario Textual","url":"https:\/\/diariotextual.com\/inicio\/","logo":{"@type":"ImageObject","inLanguage":"es","@id":"https:\/\/diariotextual.com\/inicio\/#\/schema\/logo\/image\/","url":"https:\/\/diariotextual.com\/inicio\/wp-content\/uploads\/2023\/05\/logotextual1.jpg","contentUrl":"https:\/\/diariotextual.com\/inicio\/wp-content\/uploads\/2023\/05\/logotextual1.jpg","width":516,"height":76,"caption":"Diario Textual"},"image":{"@id":"https:\/\/diariotextual.com\/inicio\/#\/schema\/logo\/image\/"},"sameAs":["https:\/\/www.facebook.com\/eltextual","https:\/\/x.com\/eltextual","http:\/\/www.instagram.com\/eltextual"]},{"@type":"Person","@id":"https:\/\/diariotextual.com\/inicio\/#\/schema\/person\/418fc4093c33e86ed41562db3508f958","name":"Diario1 Diario1","image":{"@type":"ImageObject","inLanguage":"es","@id":"https:\/\/secure.gravatar.com\/avatar\/9167d280179c85bc18be67aa7eda765854300033af4896dd779b608640f2ef7a?s=96&d=mm&r=g","url":"https:\/\/secure.gravatar.com\/avatar\/9167d280179c85bc18be67aa7eda765854300033af4896dd779b608640f2ef7a?s=96&d=mm&r=g","contentUrl":"https:\/\/secure.gravatar.com\/avatar\/9167d280179c85bc18be67aa7eda765854300033af4896dd779b608640f2ef7a?s=96&d=mm&r=g","caption":"Diario1 Diario1"},"url":"https:\/\/diariotextual.com\/inicio\/index.php\/author\/diario1\/"}]}},"_links":{"self":[{"href":"https:\/\/diariotextual.com\/inicio\/index.php\/wp-json\/wp\/v2\/posts\/232835","targetHints":{"allow":["GET"]}}],"collection":[{"href":"https:\/\/diariotextual.com\/inicio\/index.php\/wp-json\/wp\/v2\/posts"}],"about":[{"href":"https:\/\/diariotextual.com\/inicio\/index.php\/wp-json\/wp\/v2\/types\/post"}],"author":[{"embeddable":true,"href":"https:\/\/diariotextual.com\/inicio\/index.php\/wp-json\/wp\/v2\/users\/3"}],"replies":[{"embeddable":true,"href":"https:\/\/diariotextual.com\/inicio\/index.php\/wp-json\/wp\/v2\/comments?post=232835"}],"version-history":[{"count":1,"href":"https:\/\/diariotextual.com\/inicio\/index.php\/wp-json\/wp\/v2\/posts\/232835\/revisions"}],"predecessor-version":[{"id":232836,"href":"https:\/\/diariotextual.com\/inicio\/index.php\/wp-json\/wp\/v2\/posts\/232835\/revisions\/232836"}],"wp:featuredmedia":[{"embeddable":true,"href":"https:\/\/diariotextual.com\/inicio\/index.php\/wp-json\/wp\/v2\/media\/232837"}],"wp:attachment":[{"href":"https:\/\/diariotextual.com\/inicio\/index.php\/wp-json\/wp\/v2\/media?parent=232835"}],"wp:term":[{"taxonomy":"category","embeddable":true,"href":"https:\/\/diariotextual.com\/inicio\/index.php\/wp-json\/wp\/v2\/categories?post=232835"},{"taxonomy":"post_tag","embeddable":true,"href":"https:\/\/diariotextual.com\/inicio\/index.php\/wp-json\/wp\/v2\/tags?post=232835"}],"curies":[{"name":"wp","href":"https:\/\/api.w.org\/{rel}","templated":true}]}}