{"id":232905,"date":"2023-08-04T13:04:39","date_gmt":"2023-08-04T16:04:39","guid":{"rendered":"https:\/\/diariotextual.com\/inicio\/?p=232905"},"modified":"2023-08-04T13:04:42","modified_gmt":"2023-08-04T16:04:42","slug":"pico-un-condenado-por-robo-agravado-por-escalamiento-y-hurto-simple","status":"publish","type":"post","link":"https:\/\/diariotextual.com\/inicio\/index.php\/2023\/08\/04\/pico-un-condenado-por-robo-agravado-por-escalamiento-y-hurto-simple\/","title":{"rendered":"Pico: un condenado por robo agravado por escalamiento y hurto simple"},"content":{"rendered":"\n<p>La jueza de control de General Pico, Nora G\u00f3mez, conden\u00f3 a David Emanuel Lara, de&nbsp;23 a\u00f1os,&nbsp;como autor material y penalmente responsable de los delitos de robo agravado por escalamiento y hurto simple; a la pena de tres a\u00f1os de prisi\u00f3n de efectivo cumplimiento con expresa declaraci\u00f3n de reincidencia.<\/p>\n\n\n\n<p>La sentencia fue dictada a consecuencia de un acuerdo de juicio abreviado solicitado por la fiscal Mar\u00eda Ver\u00f3nica Campo,&nbsp;el defensor oficial H\u00e9ctor Freigedo y el imputado. Fueron dos hechos presentados en dos legajos diferentes. Los damnificados en ambos legajos, estuvieron de acuerdo con la modalidad adoptada para finalizar el proceso.<\/p>\n\n\n\n<p>En el primer legajo se constat\u00f3 que el 15 de mayo de este a\u00f1o, el imputado ingres\u00f3 al galp\u00f3n del domicilio de una familia de la localidad de Parera, saltando el tapial trasero de la vivienda de 1.88 metros de altura. Da\u00f1\u00f3 con un hierro el vidrio de la ventana delantera izquierda de una pick-up. Sustrajo de \u00e9sta&nbsp;una billetera conteniendo siete mil pesos,&nbsp;dos tarjetas de d\u00e9bito, una tarjeta de cr\u00e9dito Naranja, un DNI y una licencia de conducir. Asimismo, del interior del galp\u00f3n sustrajo un atornillador a bater\u00eda y una amoladora.<\/p>\n\n\n\n<p>En el segundo legajo qued\u00f3 de mostrado que el 5 de febrero del corriente a\u00f1o, en un local comercial de la localidad de Rancul, se present\u00f3 como cliente David Emanuel Lara y mediante ardid de distracci\u00f3n le pidi\u00f3 precios de productos comestibles.\u00a0Mientras tanto, de la caja registradora que estaba en el mostrador, sustrajo el dinero recaudado y tras haber realizado una compra se retir\u00f3 del lugar con la suma aproximada de 15.000 pesos.<\/p>\n\n\n\n<p>Respecto a la pena acordada, la magistrada consider\u00f3 que\u201d es la que se debe aplicar habida cuenta las pautas establecidas por los arts. 40 y 41 del C.P. Asimismo, en cuanto a la imposici\u00f3n de penas, el acuerdo de partes es un l\u00edmite infranqueable y ajeno a cualquier injerencia del juez\u201d.<\/p>\n","protected":false},"excerpt":{"rendered":"<p>La jueza de control de General Pico, Nora G\u00f3mez, conden\u00f3 a David Emanuel Lara, de&nbsp;23 a\u00f1os,&nbsp;como autor material y penalmente responsable de los delitos de robo agravado por escalamiento y&hellip;<\/p>\n","protected":false},"author":4,"featured_media":90434,"comment_status":"closed","ping_status":"open","sticky":false,"template":"","format":"standard","meta":{"_acf_changed":false,"footnotes":""},"categories":[1,12],"tags":[],"class_list":["post-232905","post","type-post","status-publish","format-standard","has-post-thumbnail","hentry","category-es-noticia","category-sociedad"],"acf":[],"yoast_head":"<!-- This site is optimized with the Yoast SEO plugin v27.4 - https:\/\/yoast.com\/product\/yoast-seo-wordpress\/ -->\n<title>Pico: un condenado por robo agravado por escalamiento y hurto simple - Diario Textual<\/title>\n<meta name=\"robots\" content=\"index, follow, max-snippet:-1, max-image-preview:large, max-video-preview:-1\" \/>\n<link rel=\"canonical\" href=\"https:\/\/diariotextual.com\/inicio\/index.php\/2023\/08\/04\/pico-un-condenado-por-robo-agravado-por-escalamiento-y-hurto-simple\/\" \/>\n<meta property=\"og:locale\" content=\"es_ES\" \/>\n<meta property=\"og:type\" content=\"article\" \/>\n<meta property=\"og:title\" content=\"Pico: un condenado por robo agravado por escalamiento y hurto simple - Diario Textual\" \/>\n<meta property=\"og:description\" content=\"La jueza de control de General Pico, Nora G\u00f3mez, conden\u00f3 a David Emanuel Lara, de&nbsp;23 a\u00f1os,&nbsp;como autor material y penalmente responsable de los delitos de robo agravado por escalamiento y&hellip;\" \/>\n<meta property=\"og:url\" content=\"https:\/\/diariotextual.com\/inicio\/index.php\/2023\/08\/04\/pico-un-condenado-por-robo-agravado-por-escalamiento-y-hurto-simple\/\" \/>\n<meta property=\"og:site_name\" content=\"Diario Textual\" \/>\n<meta property=\"article:publisher\" content=\"https:\/\/www.facebook.com\/eltextual\" \/>\n<meta property=\"article:published_time\" content=\"2023-08-04T16:04:39+00:00\" \/>\n<meta property=\"article:modified_time\" content=\"2023-08-04T16:04:42+00:00\" \/>\n<meta property=\"og:image\" content=\"https:\/\/diariotextual.com\/inicio\/wp-content\/uploads\/2020\/04\/tribunalesdegeneralpicojusticia10.jpg\" \/>\n\t<meta property=\"og:image:width\" content=\"821\" \/>\n\t<meta property=\"og:image:height\" content=\"568\" \/>\n\t<meta property=\"og:image:type\" content=\"image\/jpeg\" \/>\n<meta name=\"author\" content=\"diario2\" \/>\n<meta name=\"twitter:card\" content=\"summary_large_image\" \/>\n<meta name=\"twitter:creator\" content=\"@eltextual\" \/>\n<meta name=\"twitter:site\" content=\"@eltextual\" \/>\n<meta name=\"twitter:label1\" content=\"Escrito por\" \/>\n\t<meta name=\"twitter:data1\" content=\"diario2\" \/>\n\t<meta name=\"twitter:label2\" content=\"Tiempo de lectura\" \/>\n\t<meta name=\"twitter:data2\" content=\"2 minutos\" \/>\n<script type=\"application\/ld+json\" class=\"yoast-schema-graph\">{\"@context\":\"https:\\\/\\\/schema.org\",\"@graph\":[{\"@type\":\"Article\",\"@id\":\"https:\\\/\\\/diariotextual.com\\\/inicio\\\/index.php\\\/2023\\\/08\\\/04\\\/pico-un-condenado-por-robo-agravado-por-escalamiento-y-hurto-simple\\\/#article\",\"isPartOf\":{\"@id\":\"https:\\\/\\\/diariotextual.com\\\/inicio\\\/index.php\\\/2023\\\/08\\\/04\\\/pico-un-condenado-por-robo-agravado-por-escalamiento-y-hurto-simple\\\/\"},\"author\":{\"name\":\"diario2\",\"@id\":\"https:\\\/\\\/diariotextual.com\\\/inicio\\\/#\\\/schema\\\/person\\\/694f60677f23c4a530867a98f22b3768\"},\"headline\":\"Pico: un condenado por robo agravado por escalamiento y hurto simple\",\"datePublished\":\"2023-08-04T16:04:39+00:00\",\"dateModified\":\"2023-08-04T16:04:42+00:00\",\"mainEntityOfPage\":{\"@id\":\"https:\\\/\\\/diariotextual.com\\\/inicio\\\/index.php\\\/2023\\\/08\\\/04\\\/pico-un-condenado-por-robo-agravado-por-escalamiento-y-hurto-simple\\\/\"},\"wordCount\":347,\"publisher\":{\"@id\":\"https:\\\/\\\/diariotextual.com\\\/inicio\\\/#organization\"},\"image\":{\"@id\":\"https:\\\/\\\/diariotextual.com\\\/inicio\\\/index.php\\\/2023\\\/08\\\/04\\\/pico-un-condenado-por-robo-agravado-por-escalamiento-y-hurto-simple\\\/#primaryimage\"},\"thumbnailUrl\":\"https:\\\/\\\/diariotextual.com\\\/inicio\\\/wp-content\\\/uploads\\\/2020\\\/04\\\/tribunalesdegeneralpicojusticia10.jpg\",\"articleSection\":[\"A - ES NOTICIA (van abajo)\",\"SOCIEDAD\"],\"inLanguage\":\"es\"},{\"@type\":\"WebPage\",\"@id\":\"https:\\\/\\\/diariotextual.com\\\/inicio\\\/index.php\\\/2023\\\/08\\\/04\\\/pico-un-condenado-por-robo-agravado-por-escalamiento-y-hurto-simple\\\/\",\"url\":\"https:\\\/\\\/diariotextual.com\\\/inicio\\\/index.php\\\/2023\\\/08\\\/04\\\/pico-un-condenado-por-robo-agravado-por-escalamiento-y-hurto-simple\\\/\",\"name\":\"Pico: un condenado por robo agravado por escalamiento y hurto simple - Diario Textual\",\"isPartOf\":{\"@id\":\"https:\\\/\\\/diariotextual.com\\\/inicio\\\/#website\"},\"primaryImageOfPage\":{\"@id\":\"https:\\\/\\\/diariotextual.com\\\/inicio\\\/index.php\\\/2023\\\/08\\\/04\\\/pico-un-condenado-por-robo-agravado-por-escalamiento-y-hurto-simple\\\/#primaryimage\"},\"image\":{\"@id\":\"https:\\\/\\\/diariotextual.com\\\/inicio\\\/index.php\\\/2023\\\/08\\\/04\\\/pico-un-condenado-por-robo-agravado-por-escalamiento-y-hurto-simple\\\/#primaryimage\"},\"thumbnailUrl\":\"https:\\\/\\\/diariotextual.com\\\/inicio\\\/wp-content\\\/uploads\\\/2020\\\/04\\\/tribunalesdegeneralpicojusticia10.jpg\",\"datePublished\":\"2023-08-04T16:04:39+00:00\",\"dateModified\":\"2023-08-04T16:04:42+00:00\",\"breadcrumb\":{\"@id\":\"https:\\\/\\\/diariotextual.com\\\/inicio\\\/index.php\\\/2023\\\/08\\\/04\\\/pico-un-condenado-por-robo-agravado-por-escalamiento-y-hurto-simple\\\/#breadcrumb\"},\"inLanguage\":\"es\",\"potentialAction\":[{\"@type\":\"ReadAction\",\"target\":[\"https:\\\/\\\/diariotextual.com\\\/inicio\\\/index.php\\\/2023\\\/08\\\/04\\\/pico-un-condenado-por-robo-agravado-por-escalamiento-y-hurto-simple\\\/\"]}]},{\"@type\":\"ImageObject\",\"inLanguage\":\"es\",\"@id\":\"https:\\\/\\\/diariotextual.com\\\/inicio\\\/index.php\\\/2023\\\/08\\\/04\\\/pico-un-condenado-por-robo-agravado-por-escalamiento-y-hurto-simple\\\/#primaryimage\",\"url\":\"https:\\\/\\\/diariotextual.com\\\/inicio\\\/wp-content\\\/uploads\\\/2020\\\/04\\\/tribunalesdegeneralpicojusticia10.jpg\",\"contentUrl\":\"https:\\\/\\\/diariotextual.com\\\/inicio\\\/wp-content\\\/uploads\\\/2020\\\/04\\\/tribunalesdegeneralpicojusticia10.jpg\",\"width\":821,\"height\":568},{\"@type\":\"BreadcrumbList\",\"@id\":\"https:\\\/\\\/diariotextual.com\\\/inicio\\\/index.php\\\/2023\\\/08\\\/04\\\/pico-un-condenado-por-robo-agravado-por-escalamiento-y-hurto-simple\\\/#breadcrumb\",\"itemListElement\":[{\"@type\":\"ListItem\",\"position\":1,\"name\":\"Portada\",\"item\":\"https:\\\/\\\/diariotextual.com\\\/inicio\\\/\"},{\"@type\":\"ListItem\",\"position\":2,\"name\":\"Pico: un condenado por robo agravado por escalamiento y hurto simple\"}]},{\"@type\":\"WebSite\",\"@id\":\"https:\\\/\\\/diariotextual.com\\\/inicio\\\/#website\",\"url\":\"https:\\\/\\\/diariotextual.com\\\/inicio\\\/\",\"name\":\"Diario Textual\",\"description\":\"\",\"publisher\":{\"@id\":\"https:\\\/\\\/diariotextual.com\\\/inicio\\\/#organization\"},\"potentialAction\":[{\"@type\":\"SearchAction\",\"target\":{\"@type\":\"EntryPoint\",\"urlTemplate\":\"https:\\\/\\\/diariotextual.com\\\/inicio\\\/?s={search_term_string}\"},\"query-input\":{\"@type\":\"PropertyValueSpecification\",\"valueRequired\":true,\"valueName\":\"search_term_string\"}}],\"inLanguage\":\"es\"},{\"@type\":\"Organization\",\"@id\":\"https:\\\/\\\/diariotextual.com\\\/inicio\\\/#organization\",\"name\":\"Diario Textual\",\"url\":\"https:\\\/\\\/diariotextual.com\\\/inicio\\\/\",\"logo\":{\"@type\":\"ImageObject\",\"inLanguage\":\"es\",\"@id\":\"https:\\\/\\\/diariotextual.com\\\/inicio\\\/#\\\/schema\\\/logo\\\/image\\\/\",\"url\":\"https:\\\/\\\/diariotextual.com\\\/inicio\\\/wp-content\\\/uploads\\\/2023\\\/05\\\/logotextual1.jpg\",\"contentUrl\":\"https:\\\/\\\/diariotextual.com\\\/inicio\\\/wp-content\\\/uploads\\\/2023\\\/05\\\/logotextual1.jpg\",\"width\":516,\"height\":76,\"caption\":\"Diario Textual\"},\"image\":{\"@id\":\"https:\\\/\\\/diariotextual.com\\\/inicio\\\/#\\\/schema\\\/logo\\\/image\\\/\"},\"sameAs\":[\"https:\\\/\\\/www.facebook.com\\\/eltextual\",\"https:\\\/\\\/x.com\\\/eltextual\",\"http:\\\/\\\/www.instagram.com\\\/eltextual\"]},{\"@type\":\"Person\",\"@id\":\"https:\\\/\\\/diariotextual.com\\\/inicio\\\/#\\\/schema\\\/person\\\/694f60677f23c4a530867a98f22b3768\",\"name\":\"diario2\",\"image\":{\"@type\":\"ImageObject\",\"inLanguage\":\"es\",\"@id\":\"https:\\\/\\\/secure.gravatar.com\\\/avatar\\\/5a2567495ba16b852fcd8f1ed006a2e24fcace936018ed8237e95f488ad6e0a7?s=96&d=mm&r=g\",\"url\":\"https:\\\/\\\/secure.gravatar.com\\\/avatar\\\/5a2567495ba16b852fcd8f1ed006a2e24fcace936018ed8237e95f488ad6e0a7?s=96&d=mm&r=g\",\"contentUrl\":\"https:\\\/\\\/secure.gravatar.com\\\/avatar\\\/5a2567495ba16b852fcd8f1ed006a2e24fcace936018ed8237e95f488ad6e0a7?s=96&d=mm&r=g\",\"caption\":\"diario2\"},\"url\":\"https:\\\/\\\/diariotextual.com\\\/inicio\\\/index.php\\\/author\\\/diario2\\\/\"}]}<\/script>\n<!-- \/ Yoast SEO plugin. -->","yoast_head_json":{"title":"Pico: un condenado por robo agravado por escalamiento y hurto simple - Diario Textual","robots":{"index":"index","follow":"follow","max-snippet":"max-snippet:-1","max-image-preview":"max-image-preview:large","max-video-preview":"max-video-preview:-1"},"canonical":"https:\/\/diariotextual.com\/inicio\/index.php\/2023\/08\/04\/pico-un-condenado-por-robo-agravado-por-escalamiento-y-hurto-simple\/","og_locale":"es_ES","og_type":"article","og_title":"Pico: un condenado por robo agravado por escalamiento y hurto simple - Diario Textual","og_description":"La jueza de control de General Pico, Nora G\u00f3mez, conden\u00f3 a David Emanuel Lara, de&nbsp;23 a\u00f1os,&nbsp;como autor material y penalmente responsable de los delitos de robo agravado por escalamiento y&hellip;","og_url":"https:\/\/diariotextual.com\/inicio\/index.php\/2023\/08\/04\/pico-un-condenado-por-robo-agravado-por-escalamiento-y-hurto-simple\/","og_site_name":"Diario Textual","article_publisher":"https:\/\/www.facebook.com\/eltextual","article_published_time":"2023-08-04T16:04:39+00:00","article_modified_time":"2023-08-04T16:04:42+00:00","og_image":[{"width":821,"height":568,"url":"https:\/\/diariotextual.com\/inicio\/wp-content\/uploads\/2020\/04\/tribunalesdegeneralpicojusticia10.jpg","type":"image\/jpeg"}],"author":"diario2","twitter_card":"summary_large_image","twitter_creator":"@eltextual","twitter_site":"@eltextual","twitter_misc":{"Escrito por":"diario2","Tiempo de lectura":"2 minutos"},"schema":{"@context":"https:\/\/schema.org","@graph":[{"@type":"Article","@id":"https:\/\/diariotextual.com\/inicio\/index.php\/2023\/08\/04\/pico-un-condenado-por-robo-agravado-por-escalamiento-y-hurto-simple\/#article","isPartOf":{"@id":"https:\/\/diariotextual.com\/inicio\/index.php\/2023\/08\/04\/pico-un-condenado-por-robo-agravado-por-escalamiento-y-hurto-simple\/"},"author":{"name":"diario2","@id":"https:\/\/diariotextual.com\/inicio\/#\/schema\/person\/694f60677f23c4a530867a98f22b3768"},"headline":"Pico: un condenado por robo agravado por escalamiento y hurto simple","datePublished":"2023-08-04T16:04:39+00:00","dateModified":"2023-08-04T16:04:42+00:00","mainEntityOfPage":{"@id":"https:\/\/diariotextual.com\/inicio\/index.php\/2023\/08\/04\/pico-un-condenado-por-robo-agravado-por-escalamiento-y-hurto-simple\/"},"wordCount":347,"publisher":{"@id":"https:\/\/diariotextual.com\/inicio\/#organization"},"image":{"@id":"https:\/\/diariotextual.com\/inicio\/index.php\/2023\/08\/04\/pico-un-condenado-por-robo-agravado-por-escalamiento-y-hurto-simple\/#primaryimage"},"thumbnailUrl":"https:\/\/diariotextual.com\/inicio\/wp-content\/uploads\/2020\/04\/tribunalesdegeneralpicojusticia10.jpg","articleSection":["A - ES NOTICIA (van abajo)","SOCIEDAD"],"inLanguage":"es"},{"@type":"WebPage","@id":"https:\/\/diariotextual.com\/inicio\/index.php\/2023\/08\/04\/pico-un-condenado-por-robo-agravado-por-escalamiento-y-hurto-simple\/","url":"https:\/\/diariotextual.com\/inicio\/index.php\/2023\/08\/04\/pico-un-condenado-por-robo-agravado-por-escalamiento-y-hurto-simple\/","name":"Pico: un condenado por robo agravado por escalamiento y hurto simple - Diario Textual","isPartOf":{"@id":"https:\/\/diariotextual.com\/inicio\/#website"},"primaryImageOfPage":{"@id":"https:\/\/diariotextual.com\/inicio\/index.php\/2023\/08\/04\/pico-un-condenado-por-robo-agravado-por-escalamiento-y-hurto-simple\/#primaryimage"},"image":{"@id":"https:\/\/diariotextual.com\/inicio\/index.php\/2023\/08\/04\/pico-un-condenado-por-robo-agravado-por-escalamiento-y-hurto-simple\/#primaryimage"},"thumbnailUrl":"https:\/\/diariotextual.com\/inicio\/wp-content\/uploads\/2020\/04\/tribunalesdegeneralpicojusticia10.jpg","datePublished":"2023-08-04T16:04:39+00:00","dateModified":"2023-08-04T16:04:42+00:00","breadcrumb":{"@id":"https:\/\/diariotextual.com\/inicio\/index.php\/2023\/08\/04\/pico-un-condenado-por-robo-agravado-por-escalamiento-y-hurto-simple\/#breadcrumb"},"inLanguage":"es","potentialAction":[{"@type":"ReadAction","target":["https:\/\/diariotextual.com\/inicio\/index.php\/2023\/08\/04\/pico-un-condenado-por-robo-agravado-por-escalamiento-y-hurto-simple\/"]}]},{"@type":"ImageObject","inLanguage":"es","@id":"https:\/\/diariotextual.com\/inicio\/index.php\/2023\/08\/04\/pico-un-condenado-por-robo-agravado-por-escalamiento-y-hurto-simple\/#primaryimage","url":"https:\/\/diariotextual.com\/inicio\/wp-content\/uploads\/2020\/04\/tribunalesdegeneralpicojusticia10.jpg","contentUrl":"https:\/\/diariotextual.com\/inicio\/wp-content\/uploads\/2020\/04\/tribunalesdegeneralpicojusticia10.jpg","width":821,"height":568},{"@type":"BreadcrumbList","@id":"https:\/\/diariotextual.com\/inicio\/index.php\/2023\/08\/04\/pico-un-condenado-por-robo-agravado-por-escalamiento-y-hurto-simple\/#breadcrumb","itemListElement":[{"@type":"ListItem","position":1,"name":"Portada","item":"https:\/\/diariotextual.com\/inicio\/"},{"@type":"ListItem","position":2,"name":"Pico: un condenado por robo agravado por escalamiento y hurto simple"}]},{"@type":"WebSite","@id":"https:\/\/diariotextual.com\/inicio\/#website","url":"https:\/\/diariotextual.com\/inicio\/","name":"Diario Textual","description":"","publisher":{"@id":"https:\/\/diariotextual.com\/inicio\/#organization"},"potentialAction":[{"@type":"SearchAction","target":{"@type":"EntryPoint","urlTemplate":"https:\/\/diariotextual.com\/inicio\/?s={search_term_string}"},"query-input":{"@type":"PropertyValueSpecification","valueRequired":true,"valueName":"search_term_string"}}],"inLanguage":"es"},{"@type":"Organization","@id":"https:\/\/diariotextual.com\/inicio\/#organization","name":"Diario Textual","url":"https:\/\/diariotextual.com\/inicio\/","logo":{"@type":"ImageObject","inLanguage":"es","@id":"https:\/\/diariotextual.com\/inicio\/#\/schema\/logo\/image\/","url":"https:\/\/diariotextual.com\/inicio\/wp-content\/uploads\/2023\/05\/logotextual1.jpg","contentUrl":"https:\/\/diariotextual.com\/inicio\/wp-content\/uploads\/2023\/05\/logotextual1.jpg","width":516,"height":76,"caption":"Diario Textual"},"image":{"@id":"https:\/\/diariotextual.com\/inicio\/#\/schema\/logo\/image\/"},"sameAs":["https:\/\/www.facebook.com\/eltextual","https:\/\/x.com\/eltextual","http:\/\/www.instagram.com\/eltextual"]},{"@type":"Person","@id":"https:\/\/diariotextual.com\/inicio\/#\/schema\/person\/694f60677f23c4a530867a98f22b3768","name":"diario2","image":{"@type":"ImageObject","inLanguage":"es","@id":"https:\/\/secure.gravatar.com\/avatar\/5a2567495ba16b852fcd8f1ed006a2e24fcace936018ed8237e95f488ad6e0a7?s=96&d=mm&r=g","url":"https:\/\/secure.gravatar.com\/avatar\/5a2567495ba16b852fcd8f1ed006a2e24fcace936018ed8237e95f488ad6e0a7?s=96&d=mm&r=g","contentUrl":"https:\/\/secure.gravatar.com\/avatar\/5a2567495ba16b852fcd8f1ed006a2e24fcace936018ed8237e95f488ad6e0a7?s=96&d=mm&r=g","caption":"diario2"},"url":"https:\/\/diariotextual.com\/inicio\/index.php\/author\/diario2\/"}]}},"_links":{"self":[{"href":"https:\/\/diariotextual.com\/inicio\/index.php\/wp-json\/wp\/v2\/posts\/232905","targetHints":{"allow":["GET"]}}],"collection":[{"href":"https:\/\/diariotextual.com\/inicio\/index.php\/wp-json\/wp\/v2\/posts"}],"about":[{"href":"https:\/\/diariotextual.com\/inicio\/index.php\/wp-json\/wp\/v2\/types\/post"}],"author":[{"embeddable":true,"href":"https:\/\/diariotextual.com\/inicio\/index.php\/wp-json\/wp\/v2\/users\/4"}],"replies":[{"embeddable":true,"href":"https:\/\/diariotextual.com\/inicio\/index.php\/wp-json\/wp\/v2\/comments?post=232905"}],"version-history":[{"count":1,"href":"https:\/\/diariotextual.com\/inicio\/index.php\/wp-json\/wp\/v2\/posts\/232905\/revisions"}],"predecessor-version":[{"id":232906,"href":"https:\/\/diariotextual.com\/inicio\/index.php\/wp-json\/wp\/v2\/posts\/232905\/revisions\/232906"}],"wp:featuredmedia":[{"embeddable":true,"href":"https:\/\/diariotextual.com\/inicio\/index.php\/wp-json\/wp\/v2\/media\/90434"}],"wp:attachment":[{"href":"https:\/\/diariotextual.com\/inicio\/index.php\/wp-json\/wp\/v2\/media?parent=232905"}],"wp:term":[{"taxonomy":"category","embeddable":true,"href":"https:\/\/diariotextual.com\/inicio\/index.php\/wp-json\/wp\/v2\/categories?post=232905"},{"taxonomy":"post_tag","embeddable":true,"href":"https:\/\/diariotextual.com\/inicio\/index.php\/wp-json\/wp\/v2\/tags?post=232905"}],"curies":[{"name":"wp","href":"https:\/\/api.w.org\/{rel}","templated":true}]}}