{"id":232916,"date":"2023-08-04T17:51:27","date_gmt":"2023-08-04T20:51:27","guid":{"rendered":"https:\/\/diariotextual.com\/inicio\/?p=232916"},"modified":"2023-08-04T19:23:14","modified_gmt":"2023-08-04T22:23:14","slug":"la-19-fiesta-pampeana-de-la-cerveza-se-realizara-en-macachin","status":"publish","type":"post","link":"https:\/\/diariotextual.com\/inicio\/index.php\/2023\/08\/04\/la-19-fiesta-pampeana-de-la-cerveza-se-realizara-en-macachin\/","title":{"rendered":"La 19\u00b0 Fiesta Pampeana de la Cerveza se realizar\u00e1 en Macach\u00edn"},"content":{"rendered":"\n<p>La Asociaci\u00f3n Descendientes de Alemanes de La Pampa anunci\u00f3 que la <strong>19\u00b0 Fiesta Pampeana de la Cerveza se realizar\u00e1 en Macach\u00edn<\/strong>, el pr\u00f3ximo 4 de noviembre en el Club Atl\u00e9tico Macach\u00edn.<\/p>\n\n\n\n<p>Como cada a\u00f1o, la fiesta&nbsp;tiene la particularidad de tener una sede distinta en cada edici\u00f3n. El a\u00f1o pasado se realiz\u00f3 en el Club Lonquimay, donde unas mil personas disfrutaron&nbsp;de la m\u00fasica, distintos tipos de cervezas artesanales, el tradicional espiche del barril, una amplia oferta gastron\u00f3mica de la colectividad y el desfile tradicional con vestimenta t\u00edpica.<\/p>\n\n\n\n<blockquote class=\"twitter-tweet\"><p lang=\"es\" dir=\"ltr\">&#x1f37a;&#x1f37b;&#x1f37a; <a href=\"https:\/\/twitter.com\/hashtag\/FiestaPampeanaDeLaCerveza?src=hash&amp;ref_src=twsrc%5Etfw\">#FiestaPampeanaDeLaCerveza<\/a> en la madrugada de este domingo en <a href=\"https:\/\/twitter.com\/hashtag\/Lonquimay?src=hash&amp;ref_src=twsrc%5Etfw\">#Lonquimay<\/a>. En el video, el tradicional <a href=\"https:\/\/twitter.com\/hashtag\/espiche?src=hash&amp;ref_src=twsrc%5Etfw\">#espiche<\/a> de barril. <a href=\"https:\/\/t.co\/06nFJruAvD\">pic.twitter.com\/06nFJruAvD<\/a><\/p>&mdash; DiarioTextual (@elTextual) <a href=\"https:\/\/twitter.com\/elTextual\/status\/1589257245506039808?ref_src=twsrc%5Etfw\">November 6, 2022<\/a><\/blockquote> <script async src=\"https:\/\/platform.twitter.com\/widgets.js\" charset=\"utf-8\"><\/script>\n\n\n\n<p>La&nbsp;Asociaci\u00f3n Descendientes de Alemanes de La Pampa&nbsp;se cre\u00f3 en 2002, con la llegada del embajador de ese momento, quien realiz\u00f3 un encuentro a la localidad de&nbsp;Bernasconi. Si bien en la provincia de&nbsp;La Pampa&nbsp;hab\u00eda varias asociaciones de alemanes o alemanes del&nbsp;Volga, eran muy puntuales de algunos pueblos.<\/p>\n\n\n\n<p>Entonces, luego de observar esta situaci\u00f3n,&nbsp;el diplom\u00e1tico propuso crear una comisi\u00f3n que nucleara a todos los alemanes de&nbsp;La Pampa&nbsp;en una asociaci\u00f3n que sea pampeana. Es as\u00ed como el 14 de diciembre se fund\u00f3 y se cre\u00f3 la primera comisi\u00f3n.<\/p>\n\n\n\n<p>La primera&nbsp;Fiesta Pampeana de la Cerveza&nbsp;se realiz\u00f3 en 2013&nbsp;y hasta el d\u00eda de hoy es la m\u00e1s importante que organiza la asociaci\u00f3n, debido a su car\u00e1cter provincial.<\/p>\n","protected":false},"excerpt":{"rendered":"<p>La Asociaci\u00f3n Descendientes de Alemanes de La Pampa anunci\u00f3 que la 19\u00b0 Fiesta Pampeana de la Cerveza se realizar\u00e1 en Macach\u00edn, el pr\u00f3ximo 4 de noviembre en el Club Atl\u00e9tico&hellip;<\/p>\n","protected":false},"author":4,"featured_media":206223,"comment_status":"closed","ping_status":"open","sticky":false,"template":"","format":"standard","meta":{"_acf_changed":false,"footnotes":""},"categories":[1,11,2],"tags":[],"class_list":["post-232916","post","type-post","status-publish","format-standard","has-post-thumbnail","hentry","category-es-noticia","category-que-pasa","category-cultura"],"acf":[],"yoast_head":"<!-- This site is optimized with the Yoast SEO plugin v27.4 - https:\/\/yoast.com\/product\/yoast-seo-wordpress\/ -->\n<title>La 19\u00b0 Fiesta Pampeana de la Cerveza se realizar\u00e1 en Macach\u00edn - Diario Textual<\/title>\n<meta name=\"robots\" content=\"index, follow, max-snippet:-1, max-image-preview:large, max-video-preview:-1\" \/>\n<link rel=\"canonical\" href=\"https:\/\/diariotextual.com\/inicio\/index.php\/2023\/08\/04\/la-19-fiesta-pampeana-de-la-cerveza-se-realizara-en-macachin\/\" \/>\n<meta property=\"og:locale\" content=\"es_ES\" \/>\n<meta property=\"og:type\" content=\"article\" \/>\n<meta property=\"og:title\" content=\"La 19\u00b0 Fiesta Pampeana de la Cerveza se realizar\u00e1 en Macach\u00edn - Diario Textual\" \/>\n<meta property=\"og:description\" content=\"La Asociaci\u00f3n Descendientes de Alemanes de La Pampa anunci\u00f3 que la 19\u00b0 Fiesta Pampeana de la Cerveza se realizar\u00e1 en Macach\u00edn, el pr\u00f3ximo 4 de noviembre en el Club Atl\u00e9tico&hellip;\" \/>\n<meta property=\"og:url\" content=\"https:\/\/diariotextual.com\/inicio\/index.php\/2023\/08\/04\/la-19-fiesta-pampeana-de-la-cerveza-se-realizara-en-macachin\/\" \/>\n<meta property=\"og:site_name\" content=\"Diario Textual\" \/>\n<meta property=\"article:publisher\" content=\"https:\/\/www.facebook.com\/eltextual\" \/>\n<meta property=\"article:published_time\" content=\"2023-08-04T20:51:27+00:00\" \/>\n<meta property=\"article:modified_time\" content=\"2023-08-04T22:23:14+00:00\" \/>\n<meta property=\"og:image\" content=\"https:\/\/diariotextual.com\/inicio\/wp-content\/uploads\/2022\/11\/fiestapampeanadelacerveza2022-10.jpeg\" \/>\n\t<meta property=\"og:image:width\" content=\"1427\" \/>\n\t<meta property=\"og:image:height\" content=\"719\" \/>\n\t<meta property=\"og:image:type\" content=\"image\/jpeg\" \/>\n<meta name=\"author\" content=\"diario2\" \/>\n<meta name=\"twitter:card\" content=\"summary_large_image\" \/>\n<meta name=\"twitter:creator\" content=\"@eltextual\" \/>\n<meta name=\"twitter:site\" content=\"@eltextual\" \/>\n<meta name=\"twitter:label1\" content=\"Escrito por\" \/>\n\t<meta name=\"twitter:data1\" content=\"diario2\" \/>\n\t<meta name=\"twitter:label2\" content=\"Tiempo de lectura\" \/>\n\t<meta name=\"twitter:data2\" content=\"2 minutos\" \/>\n<script type=\"application\/ld+json\" class=\"yoast-schema-graph\">{\"@context\":\"https:\\\/\\\/schema.org\",\"@graph\":[{\"@type\":\"Article\",\"@id\":\"https:\\\/\\\/diariotextual.com\\\/inicio\\\/index.php\\\/2023\\\/08\\\/04\\\/la-19-fiesta-pampeana-de-la-cerveza-se-realizara-en-macachin\\\/#article\",\"isPartOf\":{\"@id\":\"https:\\\/\\\/diariotextual.com\\\/inicio\\\/index.php\\\/2023\\\/08\\\/04\\\/la-19-fiesta-pampeana-de-la-cerveza-se-realizara-en-macachin\\\/\"},\"author\":{\"name\":\"diario2\",\"@id\":\"https:\\\/\\\/diariotextual.com\\\/inicio\\\/#\\\/schema\\\/person\\\/694f60677f23c4a530867a98f22b3768\"},\"headline\":\"La 19\u00b0 Fiesta Pampeana de la Cerveza se realizar\u00e1 en Macach\u00edn\",\"datePublished\":\"2023-08-04T20:51:27+00:00\",\"dateModified\":\"2023-08-04T22:23:14+00:00\",\"mainEntityOfPage\":{\"@id\":\"https:\\\/\\\/diariotextual.com\\\/inicio\\\/index.php\\\/2023\\\/08\\\/04\\\/la-19-fiesta-pampeana-de-la-cerveza-se-realizara-en-macachin\\\/\"},\"wordCount\":288,\"publisher\":{\"@id\":\"https:\\\/\\\/diariotextual.com\\\/inicio\\\/#organization\"},\"image\":{\"@id\":\"https:\\\/\\\/diariotextual.com\\\/inicio\\\/index.php\\\/2023\\\/08\\\/04\\\/la-19-fiesta-pampeana-de-la-cerveza-se-realizara-en-macachin\\\/#primaryimage\"},\"thumbnailUrl\":\"https:\\\/\\\/diariotextual.com\\\/inicio\\\/wp-content\\\/uploads\\\/2022\\\/11\\\/fiestapampeanadelacerveza2022-10.jpeg\",\"articleSection\":[\"A - ES NOTICIA (van abajo)\",\"A - QUE PASA (al costado)\",\"CULTURA\"],\"inLanguage\":\"es\"},{\"@type\":\"WebPage\",\"@id\":\"https:\\\/\\\/diariotextual.com\\\/inicio\\\/index.php\\\/2023\\\/08\\\/04\\\/la-19-fiesta-pampeana-de-la-cerveza-se-realizara-en-macachin\\\/\",\"url\":\"https:\\\/\\\/diariotextual.com\\\/inicio\\\/index.php\\\/2023\\\/08\\\/04\\\/la-19-fiesta-pampeana-de-la-cerveza-se-realizara-en-macachin\\\/\",\"name\":\"La 19\u00b0 Fiesta Pampeana de la Cerveza se realizar\u00e1 en Macach\u00edn - Diario Textual\",\"isPartOf\":{\"@id\":\"https:\\\/\\\/diariotextual.com\\\/inicio\\\/#website\"},\"primaryImageOfPage\":{\"@id\":\"https:\\\/\\\/diariotextual.com\\\/inicio\\\/index.php\\\/2023\\\/08\\\/04\\\/la-19-fiesta-pampeana-de-la-cerveza-se-realizara-en-macachin\\\/#primaryimage\"},\"image\":{\"@id\":\"https:\\\/\\\/diariotextual.com\\\/inicio\\\/index.php\\\/2023\\\/08\\\/04\\\/la-19-fiesta-pampeana-de-la-cerveza-se-realizara-en-macachin\\\/#primaryimage\"},\"thumbnailUrl\":\"https:\\\/\\\/diariotextual.com\\\/inicio\\\/wp-content\\\/uploads\\\/2022\\\/11\\\/fiestapampeanadelacerveza2022-10.jpeg\",\"datePublished\":\"2023-08-04T20:51:27+00:00\",\"dateModified\":\"2023-08-04T22:23:14+00:00\",\"breadcrumb\":{\"@id\":\"https:\\\/\\\/diariotextual.com\\\/inicio\\\/index.php\\\/2023\\\/08\\\/04\\\/la-19-fiesta-pampeana-de-la-cerveza-se-realizara-en-macachin\\\/#breadcrumb\"},\"inLanguage\":\"es\",\"potentialAction\":[{\"@type\":\"ReadAction\",\"target\":[\"https:\\\/\\\/diariotextual.com\\\/inicio\\\/index.php\\\/2023\\\/08\\\/04\\\/la-19-fiesta-pampeana-de-la-cerveza-se-realizara-en-macachin\\\/\"]}]},{\"@type\":\"ImageObject\",\"inLanguage\":\"es\",\"@id\":\"https:\\\/\\\/diariotextual.com\\\/inicio\\\/index.php\\\/2023\\\/08\\\/04\\\/la-19-fiesta-pampeana-de-la-cerveza-se-realizara-en-macachin\\\/#primaryimage\",\"url\":\"https:\\\/\\\/diariotextual.com\\\/inicio\\\/wp-content\\\/uploads\\\/2022\\\/11\\\/fiestapampeanadelacerveza2022-10.jpeg\",\"contentUrl\":\"https:\\\/\\\/diariotextual.com\\\/inicio\\\/wp-content\\\/uploads\\\/2022\\\/11\\\/fiestapampeanadelacerveza2022-10.jpeg\",\"width\":1427,\"height\":719},{\"@type\":\"BreadcrumbList\",\"@id\":\"https:\\\/\\\/diariotextual.com\\\/inicio\\\/index.php\\\/2023\\\/08\\\/04\\\/la-19-fiesta-pampeana-de-la-cerveza-se-realizara-en-macachin\\\/#breadcrumb\",\"itemListElement\":[{\"@type\":\"ListItem\",\"position\":1,\"name\":\"Portada\",\"item\":\"https:\\\/\\\/diariotextual.com\\\/inicio\\\/\"},{\"@type\":\"ListItem\",\"position\":2,\"name\":\"La 19\u00b0 Fiesta Pampeana de la Cerveza se realizar\u00e1 en Macach\u00edn\"}]},{\"@type\":\"WebSite\",\"@id\":\"https:\\\/\\\/diariotextual.com\\\/inicio\\\/#website\",\"url\":\"https:\\\/\\\/diariotextual.com\\\/inicio\\\/\",\"name\":\"Diario Textual\",\"description\":\"\",\"publisher\":{\"@id\":\"https:\\\/\\\/diariotextual.com\\\/inicio\\\/#organization\"},\"potentialAction\":[{\"@type\":\"SearchAction\",\"target\":{\"@type\":\"EntryPoint\",\"urlTemplate\":\"https:\\\/\\\/diariotextual.com\\\/inicio\\\/?s={search_term_string}\"},\"query-input\":{\"@type\":\"PropertyValueSpecification\",\"valueRequired\":true,\"valueName\":\"search_term_string\"}}],\"inLanguage\":\"es\"},{\"@type\":\"Organization\",\"@id\":\"https:\\\/\\\/diariotextual.com\\\/inicio\\\/#organization\",\"name\":\"Diario Textual\",\"url\":\"https:\\\/\\\/diariotextual.com\\\/inicio\\\/\",\"logo\":{\"@type\":\"ImageObject\",\"inLanguage\":\"es\",\"@id\":\"https:\\\/\\\/diariotextual.com\\\/inicio\\\/#\\\/schema\\\/logo\\\/image\\\/\",\"url\":\"https:\\\/\\\/diariotextual.com\\\/inicio\\\/wp-content\\\/uploads\\\/2023\\\/05\\\/logotextual1.jpg\",\"contentUrl\":\"https:\\\/\\\/diariotextual.com\\\/inicio\\\/wp-content\\\/uploads\\\/2023\\\/05\\\/logotextual1.jpg\",\"width\":516,\"height\":76,\"caption\":\"Diario Textual\"},\"image\":{\"@id\":\"https:\\\/\\\/diariotextual.com\\\/inicio\\\/#\\\/schema\\\/logo\\\/image\\\/\"},\"sameAs\":[\"https:\\\/\\\/www.facebook.com\\\/eltextual\",\"https:\\\/\\\/x.com\\\/eltextual\",\"http:\\\/\\\/www.instagram.com\\\/eltextual\"]},{\"@type\":\"Person\",\"@id\":\"https:\\\/\\\/diariotextual.com\\\/inicio\\\/#\\\/schema\\\/person\\\/694f60677f23c4a530867a98f22b3768\",\"name\":\"diario2\",\"image\":{\"@type\":\"ImageObject\",\"inLanguage\":\"es\",\"@id\":\"https:\\\/\\\/secure.gravatar.com\\\/avatar\\\/5a2567495ba16b852fcd8f1ed006a2e24fcace936018ed8237e95f488ad6e0a7?s=96&d=mm&r=g\",\"url\":\"https:\\\/\\\/secure.gravatar.com\\\/avatar\\\/5a2567495ba16b852fcd8f1ed006a2e24fcace936018ed8237e95f488ad6e0a7?s=96&d=mm&r=g\",\"contentUrl\":\"https:\\\/\\\/secure.gravatar.com\\\/avatar\\\/5a2567495ba16b852fcd8f1ed006a2e24fcace936018ed8237e95f488ad6e0a7?s=96&d=mm&r=g\",\"caption\":\"diario2\"},\"url\":\"https:\\\/\\\/diariotextual.com\\\/inicio\\\/index.php\\\/author\\\/diario2\\\/\"}]}<\/script>\n<!-- \/ Yoast SEO plugin. -->","yoast_head_json":{"title":"La 19\u00b0 Fiesta Pampeana de la Cerveza se realizar\u00e1 en Macach\u00edn - Diario Textual","robots":{"index":"index","follow":"follow","max-snippet":"max-snippet:-1","max-image-preview":"max-image-preview:large","max-video-preview":"max-video-preview:-1"},"canonical":"https:\/\/diariotextual.com\/inicio\/index.php\/2023\/08\/04\/la-19-fiesta-pampeana-de-la-cerveza-se-realizara-en-macachin\/","og_locale":"es_ES","og_type":"article","og_title":"La 19\u00b0 Fiesta Pampeana de la Cerveza se realizar\u00e1 en Macach\u00edn - Diario Textual","og_description":"La Asociaci\u00f3n Descendientes de Alemanes de La Pampa anunci\u00f3 que la 19\u00b0 Fiesta Pampeana de la Cerveza se realizar\u00e1 en Macach\u00edn, el pr\u00f3ximo 4 de noviembre en el Club Atl\u00e9tico&hellip;","og_url":"https:\/\/diariotextual.com\/inicio\/index.php\/2023\/08\/04\/la-19-fiesta-pampeana-de-la-cerveza-se-realizara-en-macachin\/","og_site_name":"Diario Textual","article_publisher":"https:\/\/www.facebook.com\/eltextual","article_published_time":"2023-08-04T20:51:27+00:00","article_modified_time":"2023-08-04T22:23:14+00:00","og_image":[{"width":1427,"height":719,"url":"https:\/\/diariotextual.com\/inicio\/wp-content\/uploads\/2022\/11\/fiestapampeanadelacerveza2022-10.jpeg","type":"image\/jpeg"}],"author":"diario2","twitter_card":"summary_large_image","twitter_creator":"@eltextual","twitter_site":"@eltextual","twitter_misc":{"Escrito por":"diario2","Tiempo de lectura":"2 minutos"},"schema":{"@context":"https:\/\/schema.org","@graph":[{"@type":"Article","@id":"https:\/\/diariotextual.com\/inicio\/index.php\/2023\/08\/04\/la-19-fiesta-pampeana-de-la-cerveza-se-realizara-en-macachin\/#article","isPartOf":{"@id":"https:\/\/diariotextual.com\/inicio\/index.php\/2023\/08\/04\/la-19-fiesta-pampeana-de-la-cerveza-se-realizara-en-macachin\/"},"author":{"name":"diario2","@id":"https:\/\/diariotextual.com\/inicio\/#\/schema\/person\/694f60677f23c4a530867a98f22b3768"},"headline":"La 19\u00b0 Fiesta Pampeana de la Cerveza se realizar\u00e1 en Macach\u00edn","datePublished":"2023-08-04T20:51:27+00:00","dateModified":"2023-08-04T22:23:14+00:00","mainEntityOfPage":{"@id":"https:\/\/diariotextual.com\/inicio\/index.php\/2023\/08\/04\/la-19-fiesta-pampeana-de-la-cerveza-se-realizara-en-macachin\/"},"wordCount":288,"publisher":{"@id":"https:\/\/diariotextual.com\/inicio\/#organization"},"image":{"@id":"https:\/\/diariotextual.com\/inicio\/index.php\/2023\/08\/04\/la-19-fiesta-pampeana-de-la-cerveza-se-realizara-en-macachin\/#primaryimage"},"thumbnailUrl":"https:\/\/diariotextual.com\/inicio\/wp-content\/uploads\/2022\/11\/fiestapampeanadelacerveza2022-10.jpeg","articleSection":["A - ES NOTICIA (van abajo)","A - QUE PASA (al costado)","CULTURA"],"inLanguage":"es"},{"@type":"WebPage","@id":"https:\/\/diariotextual.com\/inicio\/index.php\/2023\/08\/04\/la-19-fiesta-pampeana-de-la-cerveza-se-realizara-en-macachin\/","url":"https:\/\/diariotextual.com\/inicio\/index.php\/2023\/08\/04\/la-19-fiesta-pampeana-de-la-cerveza-se-realizara-en-macachin\/","name":"La 19\u00b0 Fiesta Pampeana de la Cerveza se realizar\u00e1 en Macach\u00edn - Diario Textual","isPartOf":{"@id":"https:\/\/diariotextual.com\/inicio\/#website"},"primaryImageOfPage":{"@id":"https:\/\/diariotextual.com\/inicio\/index.php\/2023\/08\/04\/la-19-fiesta-pampeana-de-la-cerveza-se-realizara-en-macachin\/#primaryimage"},"image":{"@id":"https:\/\/diariotextual.com\/inicio\/index.php\/2023\/08\/04\/la-19-fiesta-pampeana-de-la-cerveza-se-realizara-en-macachin\/#primaryimage"},"thumbnailUrl":"https:\/\/diariotextual.com\/inicio\/wp-content\/uploads\/2022\/11\/fiestapampeanadelacerveza2022-10.jpeg","datePublished":"2023-08-04T20:51:27+00:00","dateModified":"2023-08-04T22:23:14+00:00","breadcrumb":{"@id":"https:\/\/diariotextual.com\/inicio\/index.php\/2023\/08\/04\/la-19-fiesta-pampeana-de-la-cerveza-se-realizara-en-macachin\/#breadcrumb"},"inLanguage":"es","potentialAction":[{"@type":"ReadAction","target":["https:\/\/diariotextual.com\/inicio\/index.php\/2023\/08\/04\/la-19-fiesta-pampeana-de-la-cerveza-se-realizara-en-macachin\/"]}]},{"@type":"ImageObject","inLanguage":"es","@id":"https:\/\/diariotextual.com\/inicio\/index.php\/2023\/08\/04\/la-19-fiesta-pampeana-de-la-cerveza-se-realizara-en-macachin\/#primaryimage","url":"https:\/\/diariotextual.com\/inicio\/wp-content\/uploads\/2022\/11\/fiestapampeanadelacerveza2022-10.jpeg","contentUrl":"https:\/\/diariotextual.com\/inicio\/wp-content\/uploads\/2022\/11\/fiestapampeanadelacerveza2022-10.jpeg","width":1427,"height":719},{"@type":"BreadcrumbList","@id":"https:\/\/diariotextual.com\/inicio\/index.php\/2023\/08\/04\/la-19-fiesta-pampeana-de-la-cerveza-se-realizara-en-macachin\/#breadcrumb","itemListElement":[{"@type":"ListItem","position":1,"name":"Portada","item":"https:\/\/diariotextual.com\/inicio\/"},{"@type":"ListItem","position":2,"name":"La 19\u00b0 Fiesta Pampeana de la Cerveza se realizar\u00e1 en Macach\u00edn"}]},{"@type":"WebSite","@id":"https:\/\/diariotextual.com\/inicio\/#website","url":"https:\/\/diariotextual.com\/inicio\/","name":"Diario Textual","description":"","publisher":{"@id":"https:\/\/diariotextual.com\/inicio\/#organization"},"potentialAction":[{"@type":"SearchAction","target":{"@type":"EntryPoint","urlTemplate":"https:\/\/diariotextual.com\/inicio\/?s={search_term_string}"},"query-input":{"@type":"PropertyValueSpecification","valueRequired":true,"valueName":"search_term_string"}}],"inLanguage":"es"},{"@type":"Organization","@id":"https:\/\/diariotextual.com\/inicio\/#organization","name":"Diario Textual","url":"https:\/\/diariotextual.com\/inicio\/","logo":{"@type":"ImageObject","inLanguage":"es","@id":"https:\/\/diariotextual.com\/inicio\/#\/schema\/logo\/image\/","url":"https:\/\/diariotextual.com\/inicio\/wp-content\/uploads\/2023\/05\/logotextual1.jpg","contentUrl":"https:\/\/diariotextual.com\/inicio\/wp-content\/uploads\/2023\/05\/logotextual1.jpg","width":516,"height":76,"caption":"Diario Textual"},"image":{"@id":"https:\/\/diariotextual.com\/inicio\/#\/schema\/logo\/image\/"},"sameAs":["https:\/\/www.facebook.com\/eltextual","https:\/\/x.com\/eltextual","http:\/\/www.instagram.com\/eltextual"]},{"@type":"Person","@id":"https:\/\/diariotextual.com\/inicio\/#\/schema\/person\/694f60677f23c4a530867a98f22b3768","name":"diario2","image":{"@type":"ImageObject","inLanguage":"es","@id":"https:\/\/secure.gravatar.com\/avatar\/5a2567495ba16b852fcd8f1ed006a2e24fcace936018ed8237e95f488ad6e0a7?s=96&d=mm&r=g","url":"https:\/\/secure.gravatar.com\/avatar\/5a2567495ba16b852fcd8f1ed006a2e24fcace936018ed8237e95f488ad6e0a7?s=96&d=mm&r=g","contentUrl":"https:\/\/secure.gravatar.com\/avatar\/5a2567495ba16b852fcd8f1ed006a2e24fcace936018ed8237e95f488ad6e0a7?s=96&d=mm&r=g","caption":"diario2"},"url":"https:\/\/diariotextual.com\/inicio\/index.php\/author\/diario2\/"}]}},"_links":{"self":[{"href":"https:\/\/diariotextual.com\/inicio\/index.php\/wp-json\/wp\/v2\/posts\/232916","targetHints":{"allow":["GET"]}}],"collection":[{"href":"https:\/\/diariotextual.com\/inicio\/index.php\/wp-json\/wp\/v2\/posts"}],"about":[{"href":"https:\/\/diariotextual.com\/inicio\/index.php\/wp-json\/wp\/v2\/types\/post"}],"author":[{"embeddable":true,"href":"https:\/\/diariotextual.com\/inicio\/index.php\/wp-json\/wp\/v2\/users\/4"}],"replies":[{"embeddable":true,"href":"https:\/\/diariotextual.com\/inicio\/index.php\/wp-json\/wp\/v2\/comments?post=232916"}],"version-history":[{"count":1,"href":"https:\/\/diariotextual.com\/inicio\/index.php\/wp-json\/wp\/v2\/posts\/232916\/revisions"}],"predecessor-version":[{"id":232917,"href":"https:\/\/diariotextual.com\/inicio\/index.php\/wp-json\/wp\/v2\/posts\/232916\/revisions\/232917"}],"wp:featuredmedia":[{"embeddable":true,"href":"https:\/\/diariotextual.com\/inicio\/index.php\/wp-json\/wp\/v2\/media\/206223"}],"wp:attachment":[{"href":"https:\/\/diariotextual.com\/inicio\/index.php\/wp-json\/wp\/v2\/media?parent=232916"}],"wp:term":[{"taxonomy":"category","embeddable":true,"href":"https:\/\/diariotextual.com\/inicio\/index.php\/wp-json\/wp\/v2\/categories?post=232916"},{"taxonomy":"post_tag","embeddable":true,"href":"https:\/\/diariotextual.com\/inicio\/index.php\/wp-json\/wp\/v2\/tags?post=232916"}],"curies":[{"name":"wp","href":"https:\/\/api.w.org\/{rel}","templated":true}]}}