{"id":232920,"date":"2023-08-04T18:11:28","date_gmt":"2023-08-04T21:11:28","guid":{"rendered":"https:\/\/diariotextual.com\/inicio\/?p=232920"},"modified":"2023-08-05T09:43:42","modified_gmt":"2023-08-05T12:43:42","slug":"bensusan-comprometio-su-voto-positivo-para-la-ley-de-procedimiento-en-casos-de-muerte-perinatal","status":"publish","type":"post","link":"https:\/\/diariotextual.com\/inicio\/index.php\/2023\/08\/04\/bensusan-comprometio-su-voto-positivo-para-la-ley-de-procedimiento-en-casos-de-muerte-perinatal\/","title":{"rendered":"Bensus\u00e1n se comprometi\u00f3 que votar\u00e1 por la ley de procedimiento en casos de muerte perinatal"},"content":{"rendered":"\n<p>El senador Daniel Bensus\u00e1n se reuni\u00f3 este viernes con Johana Piferrer, principal impulsora del proyecto de ley que lleva su nombre, que busca establecer los Procedimientos M\u00e9dico\u2013Asistenciales para la Atenci\u00f3n de Mujeres y Personas Gestantes frente a la Muerte Perinatal. La iniciativa ya cuenta con media sanci\u00f3n de la C\u00e1mara de Diputados de la Naci\u00f3n.<\/p>\n\n\n\n<p>La acompa\u00f1aron Magdalena Sierra, diputada nacional (MC), quien present\u00f3 la iniciativa por primera vez en Diputados en el a\u00f1o 2019,&nbsp; y Bel\u00e9n Berrueco.<\/p>\n\n\n\n<p>\u201cEste es un proyecto que no admite dilaciones y debe ser tratado en el Senado, para transformarlo en Ley. Los casos de muerte perinatal afectan a las personas gestantes, pero tambi\u00e9n a su entorno familiar y afectivo. Ya sea por violencia obst\u00e9trica, o por las cuestiones que puedan motivar este tipo de situaciones, se debe brindar un marco de acompa\u00f1amiento adecuado desde los \u00e1mbitos de salud y desde las prestadoras de los servicios\u201d, dijo el legislador.<\/p>\n\n\n\n<p>El proyecto, que espera ser tratado en la pr\u00f3xima sesi\u00f3n de la C\u00e1mara Alta, tiene por objeto establecer procedimientos m\u00e9dico asistenciales para la atenci\u00f3n de mujeres y otras personas gestantes en casos de muerte perinatal. Para ello, los establecimientos de salud deber\u00e1n contar con protocolos de atenci\u00f3n estandarizados que faciliten la atenci\u00f3n&nbsp; sanitaria y el acompa\u00f1amiento emocional de mujeres y otras personas gestantes y sus respectivas familias. Tendr\u00e1n la obligaci\u00f3n, adem\u00e1s, de garantizar espacios espec\u00edficos de internaci\u00f3n que prioricen la intimidad y tranquilidad de las mujeres, personas gestantes y sus familias.<\/p>\n\n\n\n<p>Bensus\u00e1n coment\u00f3 que \u201cJohana fue v\u00edctima tambi\u00e9n de violencia obst\u00e9trica, y su lucha logr\u00f3 visibilizar la situaci\u00f3n de miles de familias argentinas que atraviesan por trances similares. Esto nos obliga, como sociedad, a ser emp\u00e1ticos y no seguir postergando su tratamiento\u201d.<\/p>\n\n\n\n<p>\u201cHay personas gestantes que ante la p\u00e9rdida del embarazo deben soportar a veces, y sin ser consultadas, el ser internadas al lado de personas que llevaron a t\u00e9rmino sus embarazos. Por eso ratificamos el compromiso pol\u00edtico a tratar el proyecto de Ley, para que quienes atraviesan estas situaciones tengan la posibilidad de elegir, desde el m\u00e9todo del parto, hasta la forma de internaci\u00f3n\u201d, a\u00f1adi\u00f3.<\/p>\n\n\n\n<p>Johana Piferrer resalt\u00f3 este encuentro. \u201cEs muy importante que la pol\u00edtica y los representantes del pueblo, que fueron elegidos mediante el voto popular, se interesen por leyes que claramente vienen a conquistar y a ampliar nuevos derechos para la sociedad. La reuni\u00f3n con el senador Bensus\u00e1n nos alegr\u00f3, nos incentiva\u201d, dijo.<\/p>\n\n\n\n<p>\u201cLo que viene a hacer este proyecto, y su aprobaci\u00f3n, es que todas las mujeres y personas gestantes, familias diversas que atravesamos muerte perinatal, que se trata del fallecimiento de nuestros hijes deseades dentro del vientre, tengamos derechos nosotras a elegir c\u00f3mo atravesar esos partos y esos puerperios, estos nacimientos sin vida; a capacitar desde nuestra universidades p\u00fablicas y gratuitas a todas las disciplinas. Digo que tienen que intervenir en esta problem\u00e1tica, para que los y las profesionales de la salud, tengan formaci\u00f3n para atender y contener de la manera adecuada, que se respeten nuestras pautas culturales, entendiendo que la Argentina no es solamente el AMBA. Poder estar acompa\u00f1adas durante todo el proceso del parto o no\u201d, agreg\u00f3.<\/p>\n","protected":false},"excerpt":{"rendered":"<p>El senador Daniel Bensus\u00e1n se reuni\u00f3 este viernes con Johana Piferrer, principal impulsora del proyecto de ley que lleva su nombre, que busca establecer los Procedimientos M\u00e9dico\u2013Asistenciales para la Atenci\u00f3n&hellip;<\/p>\n","protected":false},"author":3,"featured_media":232922,"comment_status":"closed","ping_status":"open","sticky":false,"template":"","format":"standard","meta":{"_acf_changed":false,"footnotes":""},"categories":[1,11,12],"tags":[],"class_list":["post-232920","post","type-post","status-publish","format-standard","has-post-thumbnail","hentry","category-es-noticia","category-que-pasa","category-sociedad"],"acf":[],"yoast_head":"<!-- This site is optimized with the Yoast SEO plugin v27.5 - https:\/\/yoast.com\/product\/yoast-seo-wordpress\/ -->\n<title>Bensus\u00e1n se comprometi\u00f3 que votar\u00e1 por la ley de procedimiento en casos de muerte perinatal - Diario Textual<\/title>\n<meta name=\"robots\" content=\"index, follow, max-snippet:-1, max-image-preview:large, max-video-preview:-1\" \/>\n<link rel=\"canonical\" href=\"https:\/\/diariotextual.com\/inicio\/index.php\/2023\/08\/04\/bensusan-comprometio-su-voto-positivo-para-la-ley-de-procedimiento-en-casos-de-muerte-perinatal\/\" \/>\n<meta property=\"og:locale\" content=\"es_ES\" \/>\n<meta property=\"og:type\" content=\"article\" \/>\n<meta property=\"og:title\" content=\"Bensus\u00e1n se comprometi\u00f3 que votar\u00e1 por la ley de procedimiento en casos de muerte perinatal - Diario Textual\" \/>\n<meta property=\"og:description\" content=\"El senador Daniel Bensus\u00e1n se reuni\u00f3 este viernes con Johana Piferrer, principal impulsora del proyecto de ley que lleva su nombre, que busca establecer los Procedimientos M\u00e9dico\u2013Asistenciales para la Atenci\u00f3n&hellip;\" \/>\n<meta property=\"og:url\" content=\"https:\/\/diariotextual.com\/inicio\/index.php\/2023\/08\/04\/bensusan-comprometio-su-voto-positivo-para-la-ley-de-procedimiento-en-casos-de-muerte-perinatal\/\" \/>\n<meta property=\"og:site_name\" content=\"Diario Textual\" \/>\n<meta property=\"article:publisher\" content=\"https:\/\/www.facebook.com\/eltextual\" \/>\n<meta property=\"article:published_time\" content=\"2023-08-04T21:11:28+00:00\" \/>\n<meta property=\"article:modified_time\" content=\"2023-08-05T12:43:42+00:00\" \/>\n<meta property=\"og:image\" content=\"https:\/\/diariotextual.com\/inicio\/wp-content\/uploads\/2023\/08\/bensusanpabloporleymuerteperinatal2023-1.jpg\" \/>\n\t<meta property=\"og:image:width\" content=\"1500\" \/>\n\t<meta property=\"og:image:height\" content=\"1088\" \/>\n\t<meta property=\"og:image:type\" content=\"image\/jpeg\" \/>\n<meta name=\"author\" content=\"Diario1 Diario1\" \/>\n<meta name=\"twitter:card\" content=\"summary_large_image\" \/>\n<meta name=\"twitter:creator\" content=\"@eltextual\" \/>\n<meta name=\"twitter:site\" content=\"@eltextual\" \/>\n<meta name=\"twitter:label1\" content=\"Escrito por\" \/>\n\t<meta name=\"twitter:data1\" content=\"Diario1 Diario1\" \/>\n\t<meta name=\"twitter:label2\" content=\"Tiempo de lectura\" \/>\n\t<meta name=\"twitter:data2\" content=\"3 minutos\" \/>\n<script type=\"application\/ld+json\" class=\"yoast-schema-graph\">{\"@context\":\"https:\\\/\\\/schema.org\",\"@graph\":[{\"@type\":\"Article\",\"@id\":\"https:\\\/\\\/diariotextual.com\\\/inicio\\\/index.php\\\/2023\\\/08\\\/04\\\/bensusan-comprometio-su-voto-positivo-para-la-ley-de-procedimiento-en-casos-de-muerte-perinatal\\\/#article\",\"isPartOf\":{\"@id\":\"https:\\\/\\\/diariotextual.com\\\/inicio\\\/index.php\\\/2023\\\/08\\\/04\\\/bensusan-comprometio-su-voto-positivo-para-la-ley-de-procedimiento-en-casos-de-muerte-perinatal\\\/\"},\"author\":{\"name\":\"Diario1 Diario1\",\"@id\":\"https:\\\/\\\/diariotextual.com\\\/inicio\\\/#\\\/schema\\\/person\\\/418fc4093c33e86ed41562db3508f958\"},\"headline\":\"Bensus\u00e1n se comprometi\u00f3 que votar\u00e1 por la ley de procedimiento en casos de muerte perinatal\",\"datePublished\":\"2023-08-04T21:11:28+00:00\",\"dateModified\":\"2023-08-05T12:43:42+00:00\",\"mainEntityOfPage\":{\"@id\":\"https:\\\/\\\/diariotextual.com\\\/inicio\\\/index.php\\\/2023\\\/08\\\/04\\\/bensusan-comprometio-su-voto-positivo-para-la-ley-de-procedimiento-en-casos-de-muerte-perinatal\\\/\"},\"wordCount\":584,\"publisher\":{\"@id\":\"https:\\\/\\\/diariotextual.com\\\/inicio\\\/#organization\"},\"image\":{\"@id\":\"https:\\\/\\\/diariotextual.com\\\/inicio\\\/index.php\\\/2023\\\/08\\\/04\\\/bensusan-comprometio-su-voto-positivo-para-la-ley-de-procedimiento-en-casos-de-muerte-perinatal\\\/#primaryimage\"},\"thumbnailUrl\":\"https:\\\/\\\/diariotextual.com\\\/inicio\\\/wp-content\\\/uploads\\\/2023\\\/08\\\/bensusanpabloporleymuerteperinatal2023-1.jpg\",\"articleSection\":[\"A - ES NOTICIA (van abajo)\",\"A - QUE PASA (al costado)\",\"SOCIEDAD\"],\"inLanguage\":\"es\"},{\"@type\":\"WebPage\",\"@id\":\"https:\\\/\\\/diariotextual.com\\\/inicio\\\/index.php\\\/2023\\\/08\\\/04\\\/bensusan-comprometio-su-voto-positivo-para-la-ley-de-procedimiento-en-casos-de-muerte-perinatal\\\/\",\"url\":\"https:\\\/\\\/diariotextual.com\\\/inicio\\\/index.php\\\/2023\\\/08\\\/04\\\/bensusan-comprometio-su-voto-positivo-para-la-ley-de-procedimiento-en-casos-de-muerte-perinatal\\\/\",\"name\":\"Bensus\u00e1n se comprometi\u00f3 que votar\u00e1 por la ley de procedimiento en casos de muerte perinatal - Diario Textual\",\"isPartOf\":{\"@id\":\"https:\\\/\\\/diariotextual.com\\\/inicio\\\/#website\"},\"primaryImageOfPage\":{\"@id\":\"https:\\\/\\\/diariotextual.com\\\/inicio\\\/index.php\\\/2023\\\/08\\\/04\\\/bensusan-comprometio-su-voto-positivo-para-la-ley-de-procedimiento-en-casos-de-muerte-perinatal\\\/#primaryimage\"},\"image\":{\"@id\":\"https:\\\/\\\/diariotextual.com\\\/inicio\\\/index.php\\\/2023\\\/08\\\/04\\\/bensusan-comprometio-su-voto-positivo-para-la-ley-de-procedimiento-en-casos-de-muerte-perinatal\\\/#primaryimage\"},\"thumbnailUrl\":\"https:\\\/\\\/diariotextual.com\\\/inicio\\\/wp-content\\\/uploads\\\/2023\\\/08\\\/bensusanpabloporleymuerteperinatal2023-1.jpg\",\"datePublished\":\"2023-08-04T21:11:28+00:00\",\"dateModified\":\"2023-08-05T12:43:42+00:00\",\"breadcrumb\":{\"@id\":\"https:\\\/\\\/diariotextual.com\\\/inicio\\\/index.php\\\/2023\\\/08\\\/04\\\/bensusan-comprometio-su-voto-positivo-para-la-ley-de-procedimiento-en-casos-de-muerte-perinatal\\\/#breadcrumb\"},\"inLanguage\":\"es\",\"potentialAction\":[{\"@type\":\"ReadAction\",\"target\":[\"https:\\\/\\\/diariotextual.com\\\/inicio\\\/index.php\\\/2023\\\/08\\\/04\\\/bensusan-comprometio-su-voto-positivo-para-la-ley-de-procedimiento-en-casos-de-muerte-perinatal\\\/\"]}]},{\"@type\":\"ImageObject\",\"inLanguage\":\"es\",\"@id\":\"https:\\\/\\\/diariotextual.com\\\/inicio\\\/index.php\\\/2023\\\/08\\\/04\\\/bensusan-comprometio-su-voto-positivo-para-la-ley-de-procedimiento-en-casos-de-muerte-perinatal\\\/#primaryimage\",\"url\":\"https:\\\/\\\/diariotextual.com\\\/inicio\\\/wp-content\\\/uploads\\\/2023\\\/08\\\/bensusanpabloporleymuerteperinatal2023-1.jpg\",\"contentUrl\":\"https:\\\/\\\/diariotextual.com\\\/inicio\\\/wp-content\\\/uploads\\\/2023\\\/08\\\/bensusanpabloporleymuerteperinatal2023-1.jpg\",\"width\":1500,\"height\":1088},{\"@type\":\"BreadcrumbList\",\"@id\":\"https:\\\/\\\/diariotextual.com\\\/inicio\\\/index.php\\\/2023\\\/08\\\/04\\\/bensusan-comprometio-su-voto-positivo-para-la-ley-de-procedimiento-en-casos-de-muerte-perinatal\\\/#breadcrumb\",\"itemListElement\":[{\"@type\":\"ListItem\",\"position\":1,\"name\":\"Portada\",\"item\":\"https:\\\/\\\/diariotextual.com\\\/inicio\\\/\"},{\"@type\":\"ListItem\",\"position\":2,\"name\":\"Bensus\u00e1n se comprometi\u00f3 que votar\u00e1 por la ley de procedimiento en casos de muerte perinatal\"}]},{\"@type\":\"WebSite\",\"@id\":\"https:\\\/\\\/diariotextual.com\\\/inicio\\\/#website\",\"url\":\"https:\\\/\\\/diariotextual.com\\\/inicio\\\/\",\"name\":\"Diario Textual\",\"description\":\"\",\"publisher\":{\"@id\":\"https:\\\/\\\/diariotextual.com\\\/inicio\\\/#organization\"},\"potentialAction\":[{\"@type\":\"SearchAction\",\"target\":{\"@type\":\"EntryPoint\",\"urlTemplate\":\"https:\\\/\\\/diariotextual.com\\\/inicio\\\/?s={search_term_string}\"},\"query-input\":{\"@type\":\"PropertyValueSpecification\",\"valueRequired\":true,\"valueName\":\"search_term_string\"}}],\"inLanguage\":\"es\"},{\"@type\":\"Organization\",\"@id\":\"https:\\\/\\\/diariotextual.com\\\/inicio\\\/#organization\",\"name\":\"Diario Textual\",\"url\":\"https:\\\/\\\/diariotextual.com\\\/inicio\\\/\",\"logo\":{\"@type\":\"ImageObject\",\"inLanguage\":\"es\",\"@id\":\"https:\\\/\\\/diariotextual.com\\\/inicio\\\/#\\\/schema\\\/logo\\\/image\\\/\",\"url\":\"https:\\\/\\\/diariotextual.com\\\/inicio\\\/wp-content\\\/uploads\\\/2023\\\/05\\\/logotextual1.jpg\",\"contentUrl\":\"https:\\\/\\\/diariotextual.com\\\/inicio\\\/wp-content\\\/uploads\\\/2023\\\/05\\\/logotextual1.jpg\",\"width\":516,\"height\":76,\"caption\":\"Diario Textual\"},\"image\":{\"@id\":\"https:\\\/\\\/diariotextual.com\\\/inicio\\\/#\\\/schema\\\/logo\\\/image\\\/\"},\"sameAs\":[\"https:\\\/\\\/www.facebook.com\\\/eltextual\",\"https:\\\/\\\/x.com\\\/eltextual\",\"http:\\\/\\\/www.instagram.com\\\/eltextual\"]},{\"@type\":\"Person\",\"@id\":\"https:\\\/\\\/diariotextual.com\\\/inicio\\\/#\\\/schema\\\/person\\\/418fc4093c33e86ed41562db3508f958\",\"name\":\"Diario1 Diario1\",\"image\":{\"@type\":\"ImageObject\",\"inLanguage\":\"es\",\"@id\":\"https:\\\/\\\/secure.gravatar.com\\\/avatar\\\/9167d280179c85bc18be67aa7eda765854300033af4896dd779b608640f2ef7a?s=96&d=mm&r=g\",\"url\":\"https:\\\/\\\/secure.gravatar.com\\\/avatar\\\/9167d280179c85bc18be67aa7eda765854300033af4896dd779b608640f2ef7a?s=96&d=mm&r=g\",\"contentUrl\":\"https:\\\/\\\/secure.gravatar.com\\\/avatar\\\/9167d280179c85bc18be67aa7eda765854300033af4896dd779b608640f2ef7a?s=96&d=mm&r=g\",\"caption\":\"Diario1 Diario1\"},\"url\":\"https:\\\/\\\/diariotextual.com\\\/inicio\\\/index.php\\\/author\\\/diario1\\\/\"}]}<\/script>\n<!-- \/ Yoast SEO plugin. -->","yoast_head_json":{"title":"Bensus\u00e1n se comprometi\u00f3 que votar\u00e1 por la ley de procedimiento en casos de muerte perinatal - Diario Textual","robots":{"index":"index","follow":"follow","max-snippet":"max-snippet:-1","max-image-preview":"max-image-preview:large","max-video-preview":"max-video-preview:-1"},"canonical":"https:\/\/diariotextual.com\/inicio\/index.php\/2023\/08\/04\/bensusan-comprometio-su-voto-positivo-para-la-ley-de-procedimiento-en-casos-de-muerte-perinatal\/","og_locale":"es_ES","og_type":"article","og_title":"Bensus\u00e1n se comprometi\u00f3 que votar\u00e1 por la ley de procedimiento en casos de muerte perinatal - Diario Textual","og_description":"El senador Daniel Bensus\u00e1n se reuni\u00f3 este viernes con Johana Piferrer, principal impulsora del proyecto de ley que lleva su nombre, que busca establecer los Procedimientos M\u00e9dico\u2013Asistenciales para la Atenci\u00f3n&hellip;","og_url":"https:\/\/diariotextual.com\/inicio\/index.php\/2023\/08\/04\/bensusan-comprometio-su-voto-positivo-para-la-ley-de-procedimiento-en-casos-de-muerte-perinatal\/","og_site_name":"Diario Textual","article_publisher":"https:\/\/www.facebook.com\/eltextual","article_published_time":"2023-08-04T21:11:28+00:00","article_modified_time":"2023-08-05T12:43:42+00:00","og_image":[{"width":1500,"height":1088,"url":"https:\/\/diariotextual.com\/inicio\/wp-content\/uploads\/2023\/08\/bensusanpabloporleymuerteperinatal2023-1.jpg","type":"image\/jpeg"}],"author":"Diario1 Diario1","twitter_card":"summary_large_image","twitter_creator":"@eltextual","twitter_site":"@eltextual","twitter_misc":{"Escrito por":"Diario1 Diario1","Tiempo de lectura":"3 minutos"},"schema":{"@context":"https:\/\/schema.org","@graph":[{"@type":"Article","@id":"https:\/\/diariotextual.com\/inicio\/index.php\/2023\/08\/04\/bensusan-comprometio-su-voto-positivo-para-la-ley-de-procedimiento-en-casos-de-muerte-perinatal\/#article","isPartOf":{"@id":"https:\/\/diariotextual.com\/inicio\/index.php\/2023\/08\/04\/bensusan-comprometio-su-voto-positivo-para-la-ley-de-procedimiento-en-casos-de-muerte-perinatal\/"},"author":{"name":"Diario1 Diario1","@id":"https:\/\/diariotextual.com\/inicio\/#\/schema\/person\/418fc4093c33e86ed41562db3508f958"},"headline":"Bensus\u00e1n se comprometi\u00f3 que votar\u00e1 por la ley de procedimiento en casos de muerte perinatal","datePublished":"2023-08-04T21:11:28+00:00","dateModified":"2023-08-05T12:43:42+00:00","mainEntityOfPage":{"@id":"https:\/\/diariotextual.com\/inicio\/index.php\/2023\/08\/04\/bensusan-comprometio-su-voto-positivo-para-la-ley-de-procedimiento-en-casos-de-muerte-perinatal\/"},"wordCount":584,"publisher":{"@id":"https:\/\/diariotextual.com\/inicio\/#organization"},"image":{"@id":"https:\/\/diariotextual.com\/inicio\/index.php\/2023\/08\/04\/bensusan-comprometio-su-voto-positivo-para-la-ley-de-procedimiento-en-casos-de-muerte-perinatal\/#primaryimage"},"thumbnailUrl":"https:\/\/diariotextual.com\/inicio\/wp-content\/uploads\/2023\/08\/bensusanpabloporleymuerteperinatal2023-1.jpg","articleSection":["A - ES NOTICIA (van abajo)","A - QUE PASA (al costado)","SOCIEDAD"],"inLanguage":"es"},{"@type":"WebPage","@id":"https:\/\/diariotextual.com\/inicio\/index.php\/2023\/08\/04\/bensusan-comprometio-su-voto-positivo-para-la-ley-de-procedimiento-en-casos-de-muerte-perinatal\/","url":"https:\/\/diariotextual.com\/inicio\/index.php\/2023\/08\/04\/bensusan-comprometio-su-voto-positivo-para-la-ley-de-procedimiento-en-casos-de-muerte-perinatal\/","name":"Bensus\u00e1n se comprometi\u00f3 que votar\u00e1 por la ley de procedimiento en casos de muerte perinatal - Diario Textual","isPartOf":{"@id":"https:\/\/diariotextual.com\/inicio\/#website"},"primaryImageOfPage":{"@id":"https:\/\/diariotextual.com\/inicio\/index.php\/2023\/08\/04\/bensusan-comprometio-su-voto-positivo-para-la-ley-de-procedimiento-en-casos-de-muerte-perinatal\/#primaryimage"},"image":{"@id":"https:\/\/diariotextual.com\/inicio\/index.php\/2023\/08\/04\/bensusan-comprometio-su-voto-positivo-para-la-ley-de-procedimiento-en-casos-de-muerte-perinatal\/#primaryimage"},"thumbnailUrl":"https:\/\/diariotextual.com\/inicio\/wp-content\/uploads\/2023\/08\/bensusanpabloporleymuerteperinatal2023-1.jpg","datePublished":"2023-08-04T21:11:28+00:00","dateModified":"2023-08-05T12:43:42+00:00","breadcrumb":{"@id":"https:\/\/diariotextual.com\/inicio\/index.php\/2023\/08\/04\/bensusan-comprometio-su-voto-positivo-para-la-ley-de-procedimiento-en-casos-de-muerte-perinatal\/#breadcrumb"},"inLanguage":"es","potentialAction":[{"@type":"ReadAction","target":["https:\/\/diariotextual.com\/inicio\/index.php\/2023\/08\/04\/bensusan-comprometio-su-voto-positivo-para-la-ley-de-procedimiento-en-casos-de-muerte-perinatal\/"]}]},{"@type":"ImageObject","inLanguage":"es","@id":"https:\/\/diariotextual.com\/inicio\/index.php\/2023\/08\/04\/bensusan-comprometio-su-voto-positivo-para-la-ley-de-procedimiento-en-casos-de-muerte-perinatal\/#primaryimage","url":"https:\/\/diariotextual.com\/inicio\/wp-content\/uploads\/2023\/08\/bensusanpabloporleymuerteperinatal2023-1.jpg","contentUrl":"https:\/\/diariotextual.com\/inicio\/wp-content\/uploads\/2023\/08\/bensusanpabloporleymuerteperinatal2023-1.jpg","width":1500,"height":1088},{"@type":"BreadcrumbList","@id":"https:\/\/diariotextual.com\/inicio\/index.php\/2023\/08\/04\/bensusan-comprometio-su-voto-positivo-para-la-ley-de-procedimiento-en-casos-de-muerte-perinatal\/#breadcrumb","itemListElement":[{"@type":"ListItem","position":1,"name":"Portada","item":"https:\/\/diariotextual.com\/inicio\/"},{"@type":"ListItem","position":2,"name":"Bensus\u00e1n se comprometi\u00f3 que votar\u00e1 por la ley de procedimiento en casos de muerte perinatal"}]},{"@type":"WebSite","@id":"https:\/\/diariotextual.com\/inicio\/#website","url":"https:\/\/diariotextual.com\/inicio\/","name":"Diario Textual","description":"","publisher":{"@id":"https:\/\/diariotextual.com\/inicio\/#organization"},"potentialAction":[{"@type":"SearchAction","target":{"@type":"EntryPoint","urlTemplate":"https:\/\/diariotextual.com\/inicio\/?s={search_term_string}"},"query-input":{"@type":"PropertyValueSpecification","valueRequired":true,"valueName":"search_term_string"}}],"inLanguage":"es"},{"@type":"Organization","@id":"https:\/\/diariotextual.com\/inicio\/#organization","name":"Diario Textual","url":"https:\/\/diariotextual.com\/inicio\/","logo":{"@type":"ImageObject","inLanguage":"es","@id":"https:\/\/diariotextual.com\/inicio\/#\/schema\/logo\/image\/","url":"https:\/\/diariotextual.com\/inicio\/wp-content\/uploads\/2023\/05\/logotextual1.jpg","contentUrl":"https:\/\/diariotextual.com\/inicio\/wp-content\/uploads\/2023\/05\/logotextual1.jpg","width":516,"height":76,"caption":"Diario Textual"},"image":{"@id":"https:\/\/diariotextual.com\/inicio\/#\/schema\/logo\/image\/"},"sameAs":["https:\/\/www.facebook.com\/eltextual","https:\/\/x.com\/eltextual","http:\/\/www.instagram.com\/eltextual"]},{"@type":"Person","@id":"https:\/\/diariotextual.com\/inicio\/#\/schema\/person\/418fc4093c33e86ed41562db3508f958","name":"Diario1 Diario1","image":{"@type":"ImageObject","inLanguage":"es","@id":"https:\/\/secure.gravatar.com\/avatar\/9167d280179c85bc18be67aa7eda765854300033af4896dd779b608640f2ef7a?s=96&d=mm&r=g","url":"https:\/\/secure.gravatar.com\/avatar\/9167d280179c85bc18be67aa7eda765854300033af4896dd779b608640f2ef7a?s=96&d=mm&r=g","contentUrl":"https:\/\/secure.gravatar.com\/avatar\/9167d280179c85bc18be67aa7eda765854300033af4896dd779b608640f2ef7a?s=96&d=mm&r=g","caption":"Diario1 Diario1"},"url":"https:\/\/diariotextual.com\/inicio\/index.php\/author\/diario1\/"}]}},"_links":{"self":[{"href":"https:\/\/diariotextual.com\/inicio\/index.php\/wp-json\/wp\/v2\/posts\/232920","targetHints":{"allow":["GET"]}}],"collection":[{"href":"https:\/\/diariotextual.com\/inicio\/index.php\/wp-json\/wp\/v2\/posts"}],"about":[{"href":"https:\/\/diariotextual.com\/inicio\/index.php\/wp-json\/wp\/v2\/types\/post"}],"author":[{"embeddable":true,"href":"https:\/\/diariotextual.com\/inicio\/index.php\/wp-json\/wp\/v2\/users\/3"}],"replies":[{"embeddable":true,"href":"https:\/\/diariotextual.com\/inicio\/index.php\/wp-json\/wp\/v2\/comments?post=232920"}],"version-history":[{"count":3,"href":"https:\/\/diariotextual.com\/inicio\/index.php\/wp-json\/wp\/v2\/posts\/232920\/revisions"}],"predecessor-version":[{"id":232925,"href":"https:\/\/diariotextual.com\/inicio\/index.php\/wp-json\/wp\/v2\/posts\/232920\/revisions\/232925"}],"wp:featuredmedia":[{"embeddable":true,"href":"https:\/\/diariotextual.com\/inicio\/index.php\/wp-json\/wp\/v2\/media\/232922"}],"wp:attachment":[{"href":"https:\/\/diariotextual.com\/inicio\/index.php\/wp-json\/wp\/v2\/media?parent=232920"}],"wp:term":[{"taxonomy":"category","embeddable":true,"href":"https:\/\/diariotextual.com\/inicio\/index.php\/wp-json\/wp\/v2\/categories?post=232920"},{"taxonomy":"post_tag","embeddable":true,"href":"https:\/\/diariotextual.com\/inicio\/index.php\/wp-json\/wp\/v2\/tags?post=232920"}],"curies":[{"name":"wp","href":"https:\/\/api.w.org\/{rel}","templated":true}]}}