{"id":232964,"date":"2023-08-14T22:00:00","date_gmt":"2023-08-15T01:00:00","guid":{"rendered":"https:\/\/diariotextual.com\/inicio\/?p=232964"},"modified":"2023-08-15T07:06:23","modified_gmt":"2023-08-15T10:06:23","slug":"andrea-lopez-gendarmeria","status":"publish","type":"post","link":"https:\/\/diariotextual.com\/inicio\/index.php\/2023\/08\/14\/andrea-lopez-gendarmeria\/","title":{"rendered":"Desembarc\u00f3 Gendarmer\u00eda para buscar el cuerpo de Andrea L\u00f3pez"},"content":{"rendered":"\n<p>Personal de Gendarmer\u00eda Nacional lleg\u00f3 este lunes a Santa Rosa y se espera que, con su propio equipamiento especializado, durante este martes comience a buscar el cuerpo de Andrea L\u00f3pez.<\/p>\n\n\n\n<p>Hace 20 d\u00edas, el exboxeador <strong>V\u00edctor Purreta <\/strong>admiti\u00f3 ante las autoridades el femicidio y marc\u00f3 el presunto lugar donde enterr\u00f3 a <strong>Andrea L\u00f3pez<\/strong>.<\/p>\n\n\n\n<p>Personal policial y de la Agencia de Investigaciones Cient\u00edficas hicieron excavaciones en los cinco puntos donde Purreta hizo marcaciones, pero no encontraron el cuerpo. Por eso, la fiscal Cecilia Martin\u00ed pidi\u00f3 ayuda a Gendarmer\u00eda.<\/p>\n\n\n\n<p>A fines de julio, <strong>Purreta decidi\u00f3 romper el silencio. El campo donde Purreta dijo que enterr\u00f3 el cuerpo de su entonces pareja est\u00e1 ubicado a unos 15 kil\u00f3metros al norte de Santa Rosa.<\/strong>\u00a0El predio se llama Monte Chu\u00e9, atravesado por una vieja rastrillada ind\u00edgena.<\/p>\n\n\n\n<p><br>El femicida -condenado a 25 a\u00f1os de prisi\u00f3n- declar\u00f3 recientemente que&nbsp;<strong>la enterr\u00f3 \u201cdesnuda\u201d y \u201ccubierta\u201d por una s\u00e1bana blanca.<\/strong>&nbsp;Adem\u00e1s, dijo que Andrea ten\u00eda una pr\u00f3tesis de metal en el tobillo.<\/p>\n\n\n\n<p>Purreta se comunic\u00f3 por tel\u00e9fono con el equipo de la Subsecretar\u00eda de Derechos Humanos el martes 25 de julio por la tarde. Un d\u00eda despu\u00e9s, tuvo dos reuniones cara a cara con personal de DDHH, donde expres\u00f3 que -luego de hablarlo con su terapeuta, su familia y su defensor- quer\u00eda decir d\u00f3nde estaba el cuerpo de Andrea. Con ese dato, desde DDHH lo informaron a la fiscal Martin\u00ed. Esta se reuni\u00f3 luego con el condenado. Purreta, en ese encuentro, acept\u00f3 viajar al campo para se\u00f1alar d\u00f3nde la hab\u00eda enterrado.<\/p>\n\n\n\n<p>El campo est\u00e1 cubierto de pastizales, cardos, caldenes y algarrobos. Se orient\u00f3 y marc\u00f3 cinco lugares posibles donde podr\u00eda haberla enterrado.<\/p>\n\n\n\n<p>Andrea fue la primera esposa de Purreta. Viv\u00edan juntos en una casa de la calle Maestros Puntanos, en un barrio al norte de la capital pampeana. Era obligada a prostituirse por su marido y eran recurrentes las peleas. Purreta la golpeaba, ella se iba a la casa de madre y \u00e9l la denunciaba en la Polic\u00eda por abandono de hogar. Volv\u00eda con su esposo y se reiniciaba el maltrato y la explotaci\u00f3n.<\/p>\n\n\n\n<p>Se cree que el asesinato de Andrea que se cometi\u00f3 en la noche del 9 de febrero o la madrugada del 10 de febrero de 2004. Emanuel o \u201cCarlitos\u201d,&nbsp;<strong>el hijo de ambos, fue testigo del femicidio.<\/strong><\/p>\n\n\n\n<p><strong>En esa noche hac\u00eda calor y el nene se levant\u00f3 para tomar agua. La escena lo dej\u00f3 paralizado en la cocina. Vio c\u00f3mo su padre repart\u00eda trompadas, patadas y rebencazos a su mam\u00e1 Andrea L\u00f3pez, que se retorc\u00eda de dolor en el suelo. Vio c\u00f3mo la tomaba del cuello con sus manos y la levantaba del piso. Vio c\u00f3mo la ahorcaba hasta matarla.<\/strong><\/p>\n\n\n\n<p><strong>Eso lo cont\u00f3 en 2011, en C\u00e1mara Gesell. Dijo que, luego de molerla a palos con un rebenque y ahorcarla, la acost\u00f3 en una cama<\/strong>. Luego la llev\u00f3 a la rastra al ba\u00f1o. Por la hendija de la llave de la puerta, pudo observar que la hab\u00eda puesto bajo la ducha. Quer\u00eda reanimarla. Luego, su padre sali\u00f3 del ba\u00f1o y lo mand\u00f3 a dormir.<\/p>\n\n\n\n<p>Poco despu\u00e9s, lleg\u00f3 a la casa un familiar de Purreta a cuidar al nene. El boxeador sali\u00f3. En la madrugada del 10 de febrero, a las 5.20 horas, Purreta fue visto a bordo de su camioneta. Lo vio su propia madre. El boxeador, ya en el juicio, reconoci\u00f3 la pelea, dijo que sali\u00f3 a comprar cigarrillos y que al volver advirti\u00f3 que su esposa ya no estaba.&nbsp;<strong>\u201cYo no la mat\u00e9\u201d<\/strong>, asegur\u00f3 en ese momento.<\/p>\n","protected":false},"excerpt":{"rendered":"<p>Personal de Gendarmer\u00eda Nacional lleg\u00f3 este lunes a Santa Rosa y se espera que, con su propio equipamiento especializado, durante este martes comience a buscar el cuerpo de Andrea L\u00f3pez.&hellip;<\/p>\n","protected":false},"author":3,"featured_media":232571,"comment_status":"closed","ping_status":"open","sticky":false,"template":"","format":"standard","meta":{"_acf_changed":false,"footnotes":""},"categories":[1,12],"tags":[],"class_list":["post-232964","post","type-post","status-publish","format-standard","has-post-thumbnail","hentry","category-es-noticia","category-sociedad"],"acf":[],"yoast_head":"<!-- This site is optimized with the Yoast SEO plugin v27.5 - https:\/\/yoast.com\/product\/yoast-seo-wordpress\/ -->\n<title>Desembarc\u00f3 Gendarmer\u00eda para buscar el cuerpo de Andrea L\u00f3pez - Diario Textual<\/title>\n<meta name=\"robots\" content=\"index, follow, max-snippet:-1, max-image-preview:large, max-video-preview:-1\" \/>\n<link rel=\"canonical\" href=\"https:\/\/diariotextual.com\/inicio\/index.php\/2023\/08\/14\/andrea-lopez-gendarmeria\/\" \/>\n<meta property=\"og:locale\" content=\"es_ES\" \/>\n<meta property=\"og:type\" content=\"article\" \/>\n<meta property=\"og:title\" content=\"Desembarc\u00f3 Gendarmer\u00eda para buscar el cuerpo de Andrea L\u00f3pez - Diario Textual\" \/>\n<meta property=\"og:description\" content=\"Personal de Gendarmer\u00eda Nacional lleg\u00f3 este lunes a Santa Rosa y se espera que, con su propio equipamiento especializado, durante este martes comience a buscar el cuerpo de Andrea L\u00f3pez.&hellip;\" \/>\n<meta property=\"og:url\" content=\"https:\/\/diariotextual.com\/inicio\/index.php\/2023\/08\/14\/andrea-lopez-gendarmeria\/\" \/>\n<meta property=\"og:site_name\" content=\"Diario Textual\" \/>\n<meta property=\"article:publisher\" content=\"https:\/\/www.facebook.com\/eltextual\" \/>\n<meta property=\"article:published_time\" content=\"2023-08-15T01:00:00+00:00\" \/>\n<meta property=\"article:modified_time\" content=\"2023-08-15T10:06:23+00:00\" \/>\n<meta property=\"og:image\" content=\"https:\/\/diariotextual.com\/inicio\/wp-content\/uploads\/2023\/08\/lopezandreabusquedapurretamontechue2023-3.jpg\" \/>\n\t<meta property=\"og:image:width\" content=\"1500\" \/>\n\t<meta property=\"og:image:height\" content=\"844\" \/>\n\t<meta property=\"og:image:type\" content=\"image\/jpeg\" \/>\n<meta name=\"author\" content=\"Diario1 Diario1\" \/>\n<meta name=\"twitter:card\" content=\"summary_large_image\" \/>\n<meta name=\"twitter:creator\" content=\"@eltextual\" \/>\n<meta name=\"twitter:site\" content=\"@eltextual\" \/>\n<meta name=\"twitter:label1\" content=\"Escrito por\" \/>\n\t<meta name=\"twitter:data1\" content=\"Diario1 Diario1\" \/>\n\t<meta name=\"twitter:label2\" content=\"Tiempo de lectura\" \/>\n\t<meta name=\"twitter:data2\" content=\"3 minutos\" \/>\n<script type=\"application\/ld+json\" class=\"yoast-schema-graph\">{\"@context\":\"https:\\\/\\\/schema.org\",\"@graph\":[{\"@type\":\"Article\",\"@id\":\"https:\\\/\\\/diariotextual.com\\\/inicio\\\/index.php\\\/2023\\\/08\\\/14\\\/andrea-lopez-gendarmeria\\\/#article\",\"isPartOf\":{\"@id\":\"https:\\\/\\\/diariotextual.com\\\/inicio\\\/index.php\\\/2023\\\/08\\\/14\\\/andrea-lopez-gendarmeria\\\/\"},\"author\":{\"name\":\"Diario1 Diario1\",\"@id\":\"https:\\\/\\\/diariotextual.com\\\/inicio\\\/#\\\/schema\\\/person\\\/418fc4093c33e86ed41562db3508f958\"},\"headline\":\"Desembarc\u00f3 Gendarmer\u00eda para buscar el cuerpo de Andrea L\u00f3pez\",\"datePublished\":\"2023-08-15T01:00:00+00:00\",\"dateModified\":\"2023-08-15T10:06:23+00:00\",\"mainEntityOfPage\":{\"@id\":\"https:\\\/\\\/diariotextual.com\\\/inicio\\\/index.php\\\/2023\\\/08\\\/14\\\/andrea-lopez-gendarmeria\\\/\"},\"wordCount\":632,\"publisher\":{\"@id\":\"https:\\\/\\\/diariotextual.com\\\/inicio\\\/#organization\"},\"image\":{\"@id\":\"https:\\\/\\\/diariotextual.com\\\/inicio\\\/index.php\\\/2023\\\/08\\\/14\\\/andrea-lopez-gendarmeria\\\/#primaryimage\"},\"thumbnailUrl\":\"https:\\\/\\\/diariotextual.com\\\/inicio\\\/wp-content\\\/uploads\\\/2023\\\/08\\\/lopezandreabusquedapurretamontechue2023-3.jpg\",\"articleSection\":[\"A - ES NOTICIA (van abajo)\",\"SOCIEDAD\"],\"inLanguage\":\"es\"},{\"@type\":\"WebPage\",\"@id\":\"https:\\\/\\\/diariotextual.com\\\/inicio\\\/index.php\\\/2023\\\/08\\\/14\\\/andrea-lopez-gendarmeria\\\/\",\"url\":\"https:\\\/\\\/diariotextual.com\\\/inicio\\\/index.php\\\/2023\\\/08\\\/14\\\/andrea-lopez-gendarmeria\\\/\",\"name\":\"Desembarc\u00f3 Gendarmer\u00eda para buscar el cuerpo de Andrea L\u00f3pez - Diario Textual\",\"isPartOf\":{\"@id\":\"https:\\\/\\\/diariotextual.com\\\/inicio\\\/#website\"},\"primaryImageOfPage\":{\"@id\":\"https:\\\/\\\/diariotextual.com\\\/inicio\\\/index.php\\\/2023\\\/08\\\/14\\\/andrea-lopez-gendarmeria\\\/#primaryimage\"},\"image\":{\"@id\":\"https:\\\/\\\/diariotextual.com\\\/inicio\\\/index.php\\\/2023\\\/08\\\/14\\\/andrea-lopez-gendarmeria\\\/#primaryimage\"},\"thumbnailUrl\":\"https:\\\/\\\/diariotextual.com\\\/inicio\\\/wp-content\\\/uploads\\\/2023\\\/08\\\/lopezandreabusquedapurretamontechue2023-3.jpg\",\"datePublished\":\"2023-08-15T01:00:00+00:00\",\"dateModified\":\"2023-08-15T10:06:23+00:00\",\"breadcrumb\":{\"@id\":\"https:\\\/\\\/diariotextual.com\\\/inicio\\\/index.php\\\/2023\\\/08\\\/14\\\/andrea-lopez-gendarmeria\\\/#breadcrumb\"},\"inLanguage\":\"es\",\"potentialAction\":[{\"@type\":\"ReadAction\",\"target\":[\"https:\\\/\\\/diariotextual.com\\\/inicio\\\/index.php\\\/2023\\\/08\\\/14\\\/andrea-lopez-gendarmeria\\\/\"]}]},{\"@type\":\"ImageObject\",\"inLanguage\":\"es\",\"@id\":\"https:\\\/\\\/diariotextual.com\\\/inicio\\\/index.php\\\/2023\\\/08\\\/14\\\/andrea-lopez-gendarmeria\\\/#primaryimage\",\"url\":\"https:\\\/\\\/diariotextual.com\\\/inicio\\\/wp-content\\\/uploads\\\/2023\\\/08\\\/lopezandreabusquedapurretamontechue2023-3.jpg\",\"contentUrl\":\"https:\\\/\\\/diariotextual.com\\\/inicio\\\/wp-content\\\/uploads\\\/2023\\\/08\\\/lopezandreabusquedapurretamontechue2023-3.jpg\",\"width\":1500,\"height\":844},{\"@type\":\"BreadcrumbList\",\"@id\":\"https:\\\/\\\/diariotextual.com\\\/inicio\\\/index.php\\\/2023\\\/08\\\/14\\\/andrea-lopez-gendarmeria\\\/#breadcrumb\",\"itemListElement\":[{\"@type\":\"ListItem\",\"position\":1,\"name\":\"Portada\",\"item\":\"https:\\\/\\\/diariotextual.com\\\/inicio\\\/\"},{\"@type\":\"ListItem\",\"position\":2,\"name\":\"Desembarc\u00f3 Gendarmer\u00eda para buscar el cuerpo de Andrea L\u00f3pez\"}]},{\"@type\":\"WebSite\",\"@id\":\"https:\\\/\\\/diariotextual.com\\\/inicio\\\/#website\",\"url\":\"https:\\\/\\\/diariotextual.com\\\/inicio\\\/\",\"name\":\"Diario Textual\",\"description\":\"\",\"publisher\":{\"@id\":\"https:\\\/\\\/diariotextual.com\\\/inicio\\\/#organization\"},\"potentialAction\":[{\"@type\":\"SearchAction\",\"target\":{\"@type\":\"EntryPoint\",\"urlTemplate\":\"https:\\\/\\\/diariotextual.com\\\/inicio\\\/?s={search_term_string}\"},\"query-input\":{\"@type\":\"PropertyValueSpecification\",\"valueRequired\":true,\"valueName\":\"search_term_string\"}}],\"inLanguage\":\"es\"},{\"@type\":\"Organization\",\"@id\":\"https:\\\/\\\/diariotextual.com\\\/inicio\\\/#organization\",\"name\":\"Diario Textual\",\"url\":\"https:\\\/\\\/diariotextual.com\\\/inicio\\\/\",\"logo\":{\"@type\":\"ImageObject\",\"inLanguage\":\"es\",\"@id\":\"https:\\\/\\\/diariotextual.com\\\/inicio\\\/#\\\/schema\\\/logo\\\/image\\\/\",\"url\":\"https:\\\/\\\/diariotextual.com\\\/inicio\\\/wp-content\\\/uploads\\\/2023\\\/05\\\/logotextual1.jpg\",\"contentUrl\":\"https:\\\/\\\/diariotextual.com\\\/inicio\\\/wp-content\\\/uploads\\\/2023\\\/05\\\/logotextual1.jpg\",\"width\":516,\"height\":76,\"caption\":\"Diario Textual\"},\"image\":{\"@id\":\"https:\\\/\\\/diariotextual.com\\\/inicio\\\/#\\\/schema\\\/logo\\\/image\\\/\"},\"sameAs\":[\"https:\\\/\\\/www.facebook.com\\\/eltextual\",\"https:\\\/\\\/x.com\\\/eltextual\",\"http:\\\/\\\/www.instagram.com\\\/eltextual\"]},{\"@type\":\"Person\",\"@id\":\"https:\\\/\\\/diariotextual.com\\\/inicio\\\/#\\\/schema\\\/person\\\/418fc4093c33e86ed41562db3508f958\",\"name\":\"Diario1 Diario1\",\"image\":{\"@type\":\"ImageObject\",\"inLanguage\":\"es\",\"@id\":\"https:\\\/\\\/secure.gravatar.com\\\/avatar\\\/9167d280179c85bc18be67aa7eda765854300033af4896dd779b608640f2ef7a?s=96&d=mm&r=g\",\"url\":\"https:\\\/\\\/secure.gravatar.com\\\/avatar\\\/9167d280179c85bc18be67aa7eda765854300033af4896dd779b608640f2ef7a?s=96&d=mm&r=g\",\"contentUrl\":\"https:\\\/\\\/secure.gravatar.com\\\/avatar\\\/9167d280179c85bc18be67aa7eda765854300033af4896dd779b608640f2ef7a?s=96&d=mm&r=g\",\"caption\":\"Diario1 Diario1\"},\"url\":\"https:\\\/\\\/diariotextual.com\\\/inicio\\\/index.php\\\/author\\\/diario1\\\/\"}]}<\/script>\n<!-- \/ Yoast SEO plugin. -->","yoast_head_json":{"title":"Desembarc\u00f3 Gendarmer\u00eda para buscar el cuerpo de Andrea L\u00f3pez - Diario Textual","robots":{"index":"index","follow":"follow","max-snippet":"max-snippet:-1","max-image-preview":"max-image-preview:large","max-video-preview":"max-video-preview:-1"},"canonical":"https:\/\/diariotextual.com\/inicio\/index.php\/2023\/08\/14\/andrea-lopez-gendarmeria\/","og_locale":"es_ES","og_type":"article","og_title":"Desembarc\u00f3 Gendarmer\u00eda para buscar el cuerpo de Andrea L\u00f3pez - Diario Textual","og_description":"Personal de Gendarmer\u00eda Nacional lleg\u00f3 este lunes a Santa Rosa y se espera que, con su propio equipamiento especializado, durante este martes comience a buscar el cuerpo de Andrea L\u00f3pez.&hellip;","og_url":"https:\/\/diariotextual.com\/inicio\/index.php\/2023\/08\/14\/andrea-lopez-gendarmeria\/","og_site_name":"Diario Textual","article_publisher":"https:\/\/www.facebook.com\/eltextual","article_published_time":"2023-08-15T01:00:00+00:00","article_modified_time":"2023-08-15T10:06:23+00:00","og_image":[{"width":1500,"height":844,"url":"https:\/\/diariotextual.com\/inicio\/wp-content\/uploads\/2023\/08\/lopezandreabusquedapurretamontechue2023-3.jpg","type":"image\/jpeg"}],"author":"Diario1 Diario1","twitter_card":"summary_large_image","twitter_creator":"@eltextual","twitter_site":"@eltextual","twitter_misc":{"Escrito por":"Diario1 Diario1","Tiempo de lectura":"3 minutos"},"schema":{"@context":"https:\/\/schema.org","@graph":[{"@type":"Article","@id":"https:\/\/diariotextual.com\/inicio\/index.php\/2023\/08\/14\/andrea-lopez-gendarmeria\/#article","isPartOf":{"@id":"https:\/\/diariotextual.com\/inicio\/index.php\/2023\/08\/14\/andrea-lopez-gendarmeria\/"},"author":{"name":"Diario1 Diario1","@id":"https:\/\/diariotextual.com\/inicio\/#\/schema\/person\/418fc4093c33e86ed41562db3508f958"},"headline":"Desembarc\u00f3 Gendarmer\u00eda para buscar el cuerpo de Andrea L\u00f3pez","datePublished":"2023-08-15T01:00:00+00:00","dateModified":"2023-08-15T10:06:23+00:00","mainEntityOfPage":{"@id":"https:\/\/diariotextual.com\/inicio\/index.php\/2023\/08\/14\/andrea-lopez-gendarmeria\/"},"wordCount":632,"publisher":{"@id":"https:\/\/diariotextual.com\/inicio\/#organization"},"image":{"@id":"https:\/\/diariotextual.com\/inicio\/index.php\/2023\/08\/14\/andrea-lopez-gendarmeria\/#primaryimage"},"thumbnailUrl":"https:\/\/diariotextual.com\/inicio\/wp-content\/uploads\/2023\/08\/lopezandreabusquedapurretamontechue2023-3.jpg","articleSection":["A - ES NOTICIA (van abajo)","SOCIEDAD"],"inLanguage":"es"},{"@type":"WebPage","@id":"https:\/\/diariotextual.com\/inicio\/index.php\/2023\/08\/14\/andrea-lopez-gendarmeria\/","url":"https:\/\/diariotextual.com\/inicio\/index.php\/2023\/08\/14\/andrea-lopez-gendarmeria\/","name":"Desembarc\u00f3 Gendarmer\u00eda para buscar el cuerpo de Andrea L\u00f3pez - Diario Textual","isPartOf":{"@id":"https:\/\/diariotextual.com\/inicio\/#website"},"primaryImageOfPage":{"@id":"https:\/\/diariotextual.com\/inicio\/index.php\/2023\/08\/14\/andrea-lopez-gendarmeria\/#primaryimage"},"image":{"@id":"https:\/\/diariotextual.com\/inicio\/index.php\/2023\/08\/14\/andrea-lopez-gendarmeria\/#primaryimage"},"thumbnailUrl":"https:\/\/diariotextual.com\/inicio\/wp-content\/uploads\/2023\/08\/lopezandreabusquedapurretamontechue2023-3.jpg","datePublished":"2023-08-15T01:00:00+00:00","dateModified":"2023-08-15T10:06:23+00:00","breadcrumb":{"@id":"https:\/\/diariotextual.com\/inicio\/index.php\/2023\/08\/14\/andrea-lopez-gendarmeria\/#breadcrumb"},"inLanguage":"es","potentialAction":[{"@type":"ReadAction","target":["https:\/\/diariotextual.com\/inicio\/index.php\/2023\/08\/14\/andrea-lopez-gendarmeria\/"]}]},{"@type":"ImageObject","inLanguage":"es","@id":"https:\/\/diariotextual.com\/inicio\/index.php\/2023\/08\/14\/andrea-lopez-gendarmeria\/#primaryimage","url":"https:\/\/diariotextual.com\/inicio\/wp-content\/uploads\/2023\/08\/lopezandreabusquedapurretamontechue2023-3.jpg","contentUrl":"https:\/\/diariotextual.com\/inicio\/wp-content\/uploads\/2023\/08\/lopezandreabusquedapurretamontechue2023-3.jpg","width":1500,"height":844},{"@type":"BreadcrumbList","@id":"https:\/\/diariotextual.com\/inicio\/index.php\/2023\/08\/14\/andrea-lopez-gendarmeria\/#breadcrumb","itemListElement":[{"@type":"ListItem","position":1,"name":"Portada","item":"https:\/\/diariotextual.com\/inicio\/"},{"@type":"ListItem","position":2,"name":"Desembarc\u00f3 Gendarmer\u00eda para buscar el cuerpo de Andrea L\u00f3pez"}]},{"@type":"WebSite","@id":"https:\/\/diariotextual.com\/inicio\/#website","url":"https:\/\/diariotextual.com\/inicio\/","name":"Diario Textual","description":"","publisher":{"@id":"https:\/\/diariotextual.com\/inicio\/#organization"},"potentialAction":[{"@type":"SearchAction","target":{"@type":"EntryPoint","urlTemplate":"https:\/\/diariotextual.com\/inicio\/?s={search_term_string}"},"query-input":{"@type":"PropertyValueSpecification","valueRequired":true,"valueName":"search_term_string"}}],"inLanguage":"es"},{"@type":"Organization","@id":"https:\/\/diariotextual.com\/inicio\/#organization","name":"Diario Textual","url":"https:\/\/diariotextual.com\/inicio\/","logo":{"@type":"ImageObject","inLanguage":"es","@id":"https:\/\/diariotextual.com\/inicio\/#\/schema\/logo\/image\/","url":"https:\/\/diariotextual.com\/inicio\/wp-content\/uploads\/2023\/05\/logotextual1.jpg","contentUrl":"https:\/\/diariotextual.com\/inicio\/wp-content\/uploads\/2023\/05\/logotextual1.jpg","width":516,"height":76,"caption":"Diario Textual"},"image":{"@id":"https:\/\/diariotextual.com\/inicio\/#\/schema\/logo\/image\/"},"sameAs":["https:\/\/www.facebook.com\/eltextual","https:\/\/x.com\/eltextual","http:\/\/www.instagram.com\/eltextual"]},{"@type":"Person","@id":"https:\/\/diariotextual.com\/inicio\/#\/schema\/person\/418fc4093c33e86ed41562db3508f958","name":"Diario1 Diario1","image":{"@type":"ImageObject","inLanguage":"es","@id":"https:\/\/secure.gravatar.com\/avatar\/9167d280179c85bc18be67aa7eda765854300033af4896dd779b608640f2ef7a?s=96&d=mm&r=g","url":"https:\/\/secure.gravatar.com\/avatar\/9167d280179c85bc18be67aa7eda765854300033af4896dd779b608640f2ef7a?s=96&d=mm&r=g","contentUrl":"https:\/\/secure.gravatar.com\/avatar\/9167d280179c85bc18be67aa7eda765854300033af4896dd779b608640f2ef7a?s=96&d=mm&r=g","caption":"Diario1 Diario1"},"url":"https:\/\/diariotextual.com\/inicio\/index.php\/author\/diario1\/"}]}},"_links":{"self":[{"href":"https:\/\/diariotextual.com\/inicio\/index.php\/wp-json\/wp\/v2\/posts\/232964","targetHints":{"allow":["GET"]}}],"collection":[{"href":"https:\/\/diariotextual.com\/inicio\/index.php\/wp-json\/wp\/v2\/posts"}],"about":[{"href":"https:\/\/diariotextual.com\/inicio\/index.php\/wp-json\/wp\/v2\/types\/post"}],"author":[{"embeddable":true,"href":"https:\/\/diariotextual.com\/inicio\/index.php\/wp-json\/wp\/v2\/users\/3"}],"replies":[{"embeddable":true,"href":"https:\/\/diariotextual.com\/inicio\/index.php\/wp-json\/wp\/v2\/comments?post=232964"}],"version-history":[{"count":6,"href":"https:\/\/diariotextual.com\/inicio\/index.php\/wp-json\/wp\/v2\/posts\/232964\/revisions"}],"predecessor-version":[{"id":234138,"href":"https:\/\/diariotextual.com\/inicio\/index.php\/wp-json\/wp\/v2\/posts\/232964\/revisions\/234138"}],"wp:featuredmedia":[{"embeddable":true,"href":"https:\/\/diariotextual.com\/inicio\/index.php\/wp-json\/wp\/v2\/media\/232571"}],"wp:attachment":[{"href":"https:\/\/diariotextual.com\/inicio\/index.php\/wp-json\/wp\/v2\/media?parent=232964"}],"wp:term":[{"taxonomy":"category","embeddable":true,"href":"https:\/\/diariotextual.com\/inicio\/index.php\/wp-json\/wp\/v2\/categories?post=232964"},{"taxonomy":"post_tag","embeddable":true,"href":"https:\/\/diariotextual.com\/inicio\/index.php\/wp-json\/wp\/v2\/tags?post=232964"}],"curies":[{"name":"wp","href":"https:\/\/api.w.org\/{rel}","templated":true}]}}