{"id":232996,"date":"2023-08-06T10:29:39","date_gmt":"2023-08-06T13:29:39","guid":{"rendered":"https:\/\/diariotextual.com\/inicio\/?p=232996"},"modified":"2023-08-06T19:36:03","modified_gmt":"2023-08-06T22:36:03","slug":"aborto-legal-en-gran-medida-se-esta-cumpliendo-con-la-ley","status":"publish","type":"post","link":"https:\/\/diariotextual.com\/inicio\/index.php\/2023\/08\/06\/aborto-legal-en-gran-medida-se-esta-cumpliendo-con-la-ley\/","title":{"rendered":"Aborto legal: \u201cEn gran medida se est\u00e1 cumpliendo con la ley\u201d"},"content":{"rendered":"\n<p><strong>Agustina Ram\u00f3n Michel<\/strong>, abogada e integrante del <strong><a href=\"https:\/\/proyectomirar.org.ar\/\" target=\"_blank\" rel=\"noreferrer noopener\">Proyecto Mirar<\/a><\/strong> que monitorea la implementaci\u00f3n de la <strong>interrupci\u00f3n legal del embarazo<\/strong>, dijo en <strong>Radio Textual (LU 33)<\/strong> que \u201cen gran medida se est\u00e1 cumpliendo con la ley\u201d sancionada en 2020. Destac\u00f3 que \u201choy todas las provincias tienen lugares donde las mujeres pueden recurrir a hacer la consulta y eventualmente hacer la pr\u00e1ctica\u201d y sostuvo que La Pampa \u201ces de las que menos ha crecido en cantidad de interrupciones realizadas\u201d.<\/p>\n\n\n\n<p>El Proyecto Mirar se ocupa de monitorear en qu\u00e9 medida se cumple la ley 27.610, cu\u00e1les son los problemas y cu\u00e1les los avances. El objetivo es garantizar que lo que prev\u00e9 la norma no quede en el texto, sino que se cumpla. <\/p>\n\n\n\n<p>\u201cEn gran medida se est\u00e1 cumpliendo con la ley\u201d, dijo una de sus integrantes, Agustina Ram\u00f3n Michel. \u201cLo vemos en la cantidad de centros de salud y hospitales p\u00fablicos que ofrecen el servicio de consejer\u00eda e interrupci\u00f3n de embarazos. En 2020 hab\u00eda 900 servicios en todo el pa\u00eds, hoy hay 1793. Estamos hablando de un crecimiento exponencial. Y respecto al a\u00f1o pasado creci\u00f3 35% la cantidad de efectores\u201d, revel\u00f3.<\/p>\n\n\n\n<p>\u201cHoy todas las provincias tienen lugares donde las mujeres pueden recurrir a hacer la consulta y eventualmente la pr\u00e1ctica\u201d, remarc\u00f3. \u201cNo tenemos datos de cu\u00e1ntos objetores de conciencia hay. Sabemos qu\u00e9 cantidad de prorfesionales hay disponibles. La ley establece que el profesional que sea objetor debe comunicarlo al jefe de servicio y si le llega una paciente debe darle informaci\u00f3n correcta y derivarla. Esto reduce la posibilidad de que esa objeci\u00f3n sea una barrera infranqueable para la paciente. Adem\u00e1s, se exige que todos los hospitales p\u00fablicos tengan profesionales que garanticen las pr\u00e1cticas de aborto, es decir, no est\u00e1 permitida la objeci\u00f3n de conciencia institucional\u201d, dijo.<\/p>\n\n\n\n<p>Coment\u00f3 que aumentaron de forma significativa las interrupciones legales del embarazo en la Ciudad de Buenos Aires y tambi\u00e9n la cantidad de hospitales en Neuqu\u00e9n, Santiago del Estero, San Juan, Corrientes, Chaco y Salta. <\/p>\n\n\n\n<p>\u201cUna de las noticias m\u00e1s relevantes es que en todas las provincias hay m\u00e1s de un hospital que garantiza la pr\u00e1ctica. El Estado nacional compra misoprostol y lo manda a las provincias, que deben rendir cuentas. Tener este insumo de salud es un igualador\u201d, enfatiz\u00f3.<\/p>\n\n\n\n<p>Respecto a La Pampa, Ram\u00f3n Miguel revel\u00f3 que en 2021 se realizaron cerca de 500 intervenciones, mientras que en 2022 bajaron a 419. \u201cEs de las provincias que menos ha crecido en cantidad de interrupciones realizadas. Esto puede obedecer a que ya hab\u00eda crecido mucho en 2020 o que se va quedando atr\u00e1s\u201d, dijo.<\/p>\n\n\n\n<p>\u00bfQu\u00e9 falta? \u201cAlgo importante ser\u00eda tener un sistema de informaci\u00f3n centralizada y que sea m\u00e1s p\u00fablica. Otra cosa necesaria es saber un poco m\u00e1s qu\u00e9 pasa con los hospitales p\u00fablicos que no est\u00e1n garantizando la pr\u00e1ctica. Y en tercer lugar hay que echarle m\u00e1s ojos sobre las obras sociales y prepagas. Ellas tambi\u00e9n est\u00e1n obligadas a garantizar las intervenciones. Sabemos que 247 obras sociales hicieron cerca de 5 mil prestaciones, pero el n\u00famero sigue siendo bajo, por lo que hay que aumentar la informaci\u00f3n y la rendici\u00f3n de cuentas por parte de este sector de la salud\u201d, cerr\u00f3.<\/p>\n","protected":false},"excerpt":{"rendered":"<p>Agustina Ram\u00f3n Michel, abogada e integrante del Proyecto Mirar que monitorea la implementaci\u00f3n de la interrupci\u00f3n legal del embarazo, dijo en Radio Textual (LU 33) que \u201cen gran medida se&hellip;<\/p>\n","protected":false},"author":7,"featured_media":73049,"comment_status":"closed","ping_status":"open","sticky":false,"template":"","format":"standard","meta":{"_acf_changed":false,"footnotes":""},"categories":[1,12],"tags":[],"class_list":["post-232996","post","type-post","status-publish","format-standard","has-post-thumbnail","hentry","category-es-noticia","category-sociedad"],"acf":[],"yoast_head":"<!-- This site is optimized with the Yoast SEO plugin v27.5 - https:\/\/yoast.com\/product\/yoast-seo-wordpress\/ -->\n<title>Aborto legal: \u201cEn gran medida se est\u00e1 cumpliendo con la ley\u201d - Diario Textual<\/title>\n<meta name=\"robots\" content=\"index, follow, max-snippet:-1, max-image-preview:large, max-video-preview:-1\" \/>\n<link rel=\"canonical\" href=\"https:\/\/diariotextual.com\/inicio\/index.php\/2023\/08\/06\/aborto-legal-en-gran-medida-se-esta-cumpliendo-con-la-ley\/\" \/>\n<meta property=\"og:locale\" content=\"es_ES\" \/>\n<meta property=\"og:type\" content=\"article\" \/>\n<meta property=\"og:title\" content=\"Aborto legal: \u201cEn gran medida se est\u00e1 cumpliendo con la ley\u201d - Diario Textual\" \/>\n<meta property=\"og:description\" content=\"Agustina Ram\u00f3n Michel, abogada e integrante del Proyecto Mirar que monitorea la implementaci\u00f3n de la interrupci\u00f3n legal del embarazo, dijo en Radio Textual (LU 33) que \u201cen gran medida se&hellip;\" \/>\n<meta property=\"og:url\" content=\"https:\/\/diariotextual.com\/inicio\/index.php\/2023\/08\/06\/aborto-legal-en-gran-medida-se-esta-cumpliendo-con-la-ley\/\" \/>\n<meta property=\"og:site_name\" content=\"Diario Textual\" \/>\n<meta property=\"article:publisher\" content=\"https:\/\/www.facebook.com\/eltextual\" \/>\n<meta property=\"article:published_time\" content=\"2023-08-06T13:29:39+00:00\" \/>\n<meta property=\"article:modified_time\" content=\"2023-08-06T22:36:03+00:00\" \/>\n<meta property=\"og:image\" content=\"https:\/\/diariotextual.com\/inicio\/wp-content\/uploads\/2019\/12\/aborto44444.jpg\" \/>\n\t<meta property=\"og:image:width\" content=\"728\" \/>\n\t<meta property=\"og:image:height\" content=\"500\" \/>\n\t<meta property=\"og:image:type\" content=\"image\/jpeg\" \/>\n<meta name=\"author\" content=\"diario5\" \/>\n<meta name=\"twitter:card\" content=\"summary_large_image\" \/>\n<meta name=\"twitter:creator\" content=\"@eltextual\" \/>\n<meta name=\"twitter:site\" content=\"@eltextual\" \/>\n<meta name=\"twitter:label1\" content=\"Escrito por\" \/>\n\t<meta name=\"twitter:data1\" content=\"diario5\" \/>\n\t<meta name=\"twitter:label2\" content=\"Tiempo de lectura\" \/>\n\t<meta name=\"twitter:data2\" content=\"3 minutos\" \/>\n<script type=\"application\/ld+json\" class=\"yoast-schema-graph\">{\"@context\":\"https:\\\/\\\/schema.org\",\"@graph\":[{\"@type\":\"Article\",\"@id\":\"https:\\\/\\\/diariotextual.com\\\/inicio\\\/index.php\\\/2023\\\/08\\\/06\\\/aborto-legal-en-gran-medida-se-esta-cumpliendo-con-la-ley\\\/#article\",\"isPartOf\":{\"@id\":\"https:\\\/\\\/diariotextual.com\\\/inicio\\\/index.php\\\/2023\\\/08\\\/06\\\/aborto-legal-en-gran-medida-se-esta-cumpliendo-con-la-ley\\\/\"},\"author\":{\"name\":\"diario5\",\"@id\":\"https:\\\/\\\/diariotextual.com\\\/inicio\\\/#\\\/schema\\\/person\\\/c7834961ad8b29b1d9cdbf4571299067\"},\"headline\":\"Aborto legal: \u201cEn gran medida se est\u00e1 cumpliendo con la ley\u201d\",\"datePublished\":\"2023-08-06T13:29:39+00:00\",\"dateModified\":\"2023-08-06T22:36:03+00:00\",\"mainEntityOfPage\":{\"@id\":\"https:\\\/\\\/diariotextual.com\\\/inicio\\\/index.php\\\/2023\\\/08\\\/06\\\/aborto-legal-en-gran-medida-se-esta-cumpliendo-con-la-ley\\\/\"},\"wordCount\":564,\"publisher\":{\"@id\":\"https:\\\/\\\/diariotextual.com\\\/inicio\\\/#organization\"},\"image\":{\"@id\":\"https:\\\/\\\/diariotextual.com\\\/inicio\\\/index.php\\\/2023\\\/08\\\/06\\\/aborto-legal-en-gran-medida-se-esta-cumpliendo-con-la-ley\\\/#primaryimage\"},\"thumbnailUrl\":\"https:\\\/\\\/diariotextual.com\\\/inicio\\\/wp-content\\\/uploads\\\/2019\\\/12\\\/aborto44444.jpg\",\"articleSection\":[\"A - ES NOTICIA (van abajo)\",\"SOCIEDAD\"],\"inLanguage\":\"es\"},{\"@type\":\"WebPage\",\"@id\":\"https:\\\/\\\/diariotextual.com\\\/inicio\\\/index.php\\\/2023\\\/08\\\/06\\\/aborto-legal-en-gran-medida-se-esta-cumpliendo-con-la-ley\\\/\",\"url\":\"https:\\\/\\\/diariotextual.com\\\/inicio\\\/index.php\\\/2023\\\/08\\\/06\\\/aborto-legal-en-gran-medida-se-esta-cumpliendo-con-la-ley\\\/\",\"name\":\"Aborto legal: \u201cEn gran medida se est\u00e1 cumpliendo con la ley\u201d - Diario Textual\",\"isPartOf\":{\"@id\":\"https:\\\/\\\/diariotextual.com\\\/inicio\\\/#website\"},\"primaryImageOfPage\":{\"@id\":\"https:\\\/\\\/diariotextual.com\\\/inicio\\\/index.php\\\/2023\\\/08\\\/06\\\/aborto-legal-en-gran-medida-se-esta-cumpliendo-con-la-ley\\\/#primaryimage\"},\"image\":{\"@id\":\"https:\\\/\\\/diariotextual.com\\\/inicio\\\/index.php\\\/2023\\\/08\\\/06\\\/aborto-legal-en-gran-medida-se-esta-cumpliendo-con-la-ley\\\/#primaryimage\"},\"thumbnailUrl\":\"https:\\\/\\\/diariotextual.com\\\/inicio\\\/wp-content\\\/uploads\\\/2019\\\/12\\\/aborto44444.jpg\",\"datePublished\":\"2023-08-06T13:29:39+00:00\",\"dateModified\":\"2023-08-06T22:36:03+00:00\",\"breadcrumb\":{\"@id\":\"https:\\\/\\\/diariotextual.com\\\/inicio\\\/index.php\\\/2023\\\/08\\\/06\\\/aborto-legal-en-gran-medida-se-esta-cumpliendo-con-la-ley\\\/#breadcrumb\"},\"inLanguage\":\"es\",\"potentialAction\":[{\"@type\":\"ReadAction\",\"target\":[\"https:\\\/\\\/diariotextual.com\\\/inicio\\\/index.php\\\/2023\\\/08\\\/06\\\/aborto-legal-en-gran-medida-se-esta-cumpliendo-con-la-ley\\\/\"]}]},{\"@type\":\"ImageObject\",\"inLanguage\":\"es\",\"@id\":\"https:\\\/\\\/diariotextual.com\\\/inicio\\\/index.php\\\/2023\\\/08\\\/06\\\/aborto-legal-en-gran-medida-se-esta-cumpliendo-con-la-ley\\\/#primaryimage\",\"url\":\"https:\\\/\\\/diariotextual.com\\\/inicio\\\/wp-content\\\/uploads\\\/2019\\\/12\\\/aborto44444.jpg\",\"contentUrl\":\"https:\\\/\\\/diariotextual.com\\\/inicio\\\/wp-content\\\/uploads\\\/2019\\\/12\\\/aborto44444.jpg\",\"width\":728,\"height\":500},{\"@type\":\"BreadcrumbList\",\"@id\":\"https:\\\/\\\/diariotextual.com\\\/inicio\\\/index.php\\\/2023\\\/08\\\/06\\\/aborto-legal-en-gran-medida-se-esta-cumpliendo-con-la-ley\\\/#breadcrumb\",\"itemListElement\":[{\"@type\":\"ListItem\",\"position\":1,\"name\":\"Portada\",\"item\":\"https:\\\/\\\/diariotextual.com\\\/inicio\\\/\"},{\"@type\":\"ListItem\",\"position\":2,\"name\":\"Aborto legal: \u201cEn gran medida se est\u00e1 cumpliendo con la ley\u201d\"}]},{\"@type\":\"WebSite\",\"@id\":\"https:\\\/\\\/diariotextual.com\\\/inicio\\\/#website\",\"url\":\"https:\\\/\\\/diariotextual.com\\\/inicio\\\/\",\"name\":\"Diario Textual\",\"description\":\"\",\"publisher\":{\"@id\":\"https:\\\/\\\/diariotextual.com\\\/inicio\\\/#organization\"},\"potentialAction\":[{\"@type\":\"SearchAction\",\"target\":{\"@type\":\"EntryPoint\",\"urlTemplate\":\"https:\\\/\\\/diariotextual.com\\\/inicio\\\/?s={search_term_string}\"},\"query-input\":{\"@type\":\"PropertyValueSpecification\",\"valueRequired\":true,\"valueName\":\"search_term_string\"}}],\"inLanguage\":\"es\"},{\"@type\":\"Organization\",\"@id\":\"https:\\\/\\\/diariotextual.com\\\/inicio\\\/#organization\",\"name\":\"Diario Textual\",\"url\":\"https:\\\/\\\/diariotextual.com\\\/inicio\\\/\",\"logo\":{\"@type\":\"ImageObject\",\"inLanguage\":\"es\",\"@id\":\"https:\\\/\\\/diariotextual.com\\\/inicio\\\/#\\\/schema\\\/logo\\\/image\\\/\",\"url\":\"https:\\\/\\\/diariotextual.com\\\/inicio\\\/wp-content\\\/uploads\\\/2023\\\/05\\\/logotextual1.jpg\",\"contentUrl\":\"https:\\\/\\\/diariotextual.com\\\/inicio\\\/wp-content\\\/uploads\\\/2023\\\/05\\\/logotextual1.jpg\",\"width\":516,\"height\":76,\"caption\":\"Diario Textual\"},\"image\":{\"@id\":\"https:\\\/\\\/diariotextual.com\\\/inicio\\\/#\\\/schema\\\/logo\\\/image\\\/\"},\"sameAs\":[\"https:\\\/\\\/www.facebook.com\\\/eltextual\",\"https:\\\/\\\/x.com\\\/eltextual\",\"http:\\\/\\\/www.instagram.com\\\/eltextual\"]},{\"@type\":\"Person\",\"@id\":\"https:\\\/\\\/diariotextual.com\\\/inicio\\\/#\\\/schema\\\/person\\\/c7834961ad8b29b1d9cdbf4571299067\",\"name\":\"diario5\",\"image\":{\"@type\":\"ImageObject\",\"inLanguage\":\"es\",\"@id\":\"https:\\\/\\\/secure.gravatar.com\\\/avatar\\\/948c893b847ca6df68216ead81b63f363408ec9b0f600fefc0641ce78613b111?s=96&d=mm&r=g\",\"url\":\"https:\\\/\\\/secure.gravatar.com\\\/avatar\\\/948c893b847ca6df68216ead81b63f363408ec9b0f600fefc0641ce78613b111?s=96&d=mm&r=g\",\"contentUrl\":\"https:\\\/\\\/secure.gravatar.com\\\/avatar\\\/948c893b847ca6df68216ead81b63f363408ec9b0f600fefc0641ce78613b111?s=96&d=mm&r=g\",\"caption\":\"diario5\"},\"url\":\"https:\\\/\\\/diariotextual.com\\\/inicio\\\/index.php\\\/author\\\/diario5\\\/\"}]}<\/script>\n<!-- \/ Yoast SEO plugin. -->","yoast_head_json":{"title":"Aborto legal: \u201cEn gran medida se est\u00e1 cumpliendo con la ley\u201d - Diario Textual","robots":{"index":"index","follow":"follow","max-snippet":"max-snippet:-1","max-image-preview":"max-image-preview:large","max-video-preview":"max-video-preview:-1"},"canonical":"https:\/\/diariotextual.com\/inicio\/index.php\/2023\/08\/06\/aborto-legal-en-gran-medida-se-esta-cumpliendo-con-la-ley\/","og_locale":"es_ES","og_type":"article","og_title":"Aborto legal: \u201cEn gran medida se est\u00e1 cumpliendo con la ley\u201d - Diario Textual","og_description":"Agustina Ram\u00f3n Michel, abogada e integrante del Proyecto Mirar que monitorea la implementaci\u00f3n de la interrupci\u00f3n legal del embarazo, dijo en Radio Textual (LU 33) que \u201cen gran medida se&hellip;","og_url":"https:\/\/diariotextual.com\/inicio\/index.php\/2023\/08\/06\/aborto-legal-en-gran-medida-se-esta-cumpliendo-con-la-ley\/","og_site_name":"Diario Textual","article_publisher":"https:\/\/www.facebook.com\/eltextual","article_published_time":"2023-08-06T13:29:39+00:00","article_modified_time":"2023-08-06T22:36:03+00:00","og_image":[{"width":728,"height":500,"url":"https:\/\/diariotextual.com\/inicio\/wp-content\/uploads\/2019\/12\/aborto44444.jpg","type":"image\/jpeg"}],"author":"diario5","twitter_card":"summary_large_image","twitter_creator":"@eltextual","twitter_site":"@eltextual","twitter_misc":{"Escrito por":"diario5","Tiempo de lectura":"3 minutos"},"schema":{"@context":"https:\/\/schema.org","@graph":[{"@type":"Article","@id":"https:\/\/diariotextual.com\/inicio\/index.php\/2023\/08\/06\/aborto-legal-en-gran-medida-se-esta-cumpliendo-con-la-ley\/#article","isPartOf":{"@id":"https:\/\/diariotextual.com\/inicio\/index.php\/2023\/08\/06\/aborto-legal-en-gran-medida-se-esta-cumpliendo-con-la-ley\/"},"author":{"name":"diario5","@id":"https:\/\/diariotextual.com\/inicio\/#\/schema\/person\/c7834961ad8b29b1d9cdbf4571299067"},"headline":"Aborto legal: \u201cEn gran medida se est\u00e1 cumpliendo con la ley\u201d","datePublished":"2023-08-06T13:29:39+00:00","dateModified":"2023-08-06T22:36:03+00:00","mainEntityOfPage":{"@id":"https:\/\/diariotextual.com\/inicio\/index.php\/2023\/08\/06\/aborto-legal-en-gran-medida-se-esta-cumpliendo-con-la-ley\/"},"wordCount":564,"publisher":{"@id":"https:\/\/diariotextual.com\/inicio\/#organization"},"image":{"@id":"https:\/\/diariotextual.com\/inicio\/index.php\/2023\/08\/06\/aborto-legal-en-gran-medida-se-esta-cumpliendo-con-la-ley\/#primaryimage"},"thumbnailUrl":"https:\/\/diariotextual.com\/inicio\/wp-content\/uploads\/2019\/12\/aborto44444.jpg","articleSection":["A - ES NOTICIA (van abajo)","SOCIEDAD"],"inLanguage":"es"},{"@type":"WebPage","@id":"https:\/\/diariotextual.com\/inicio\/index.php\/2023\/08\/06\/aborto-legal-en-gran-medida-se-esta-cumpliendo-con-la-ley\/","url":"https:\/\/diariotextual.com\/inicio\/index.php\/2023\/08\/06\/aborto-legal-en-gran-medida-se-esta-cumpliendo-con-la-ley\/","name":"Aborto legal: \u201cEn gran medida se est\u00e1 cumpliendo con la ley\u201d - Diario Textual","isPartOf":{"@id":"https:\/\/diariotextual.com\/inicio\/#website"},"primaryImageOfPage":{"@id":"https:\/\/diariotextual.com\/inicio\/index.php\/2023\/08\/06\/aborto-legal-en-gran-medida-se-esta-cumpliendo-con-la-ley\/#primaryimage"},"image":{"@id":"https:\/\/diariotextual.com\/inicio\/index.php\/2023\/08\/06\/aborto-legal-en-gran-medida-se-esta-cumpliendo-con-la-ley\/#primaryimage"},"thumbnailUrl":"https:\/\/diariotextual.com\/inicio\/wp-content\/uploads\/2019\/12\/aborto44444.jpg","datePublished":"2023-08-06T13:29:39+00:00","dateModified":"2023-08-06T22:36:03+00:00","breadcrumb":{"@id":"https:\/\/diariotextual.com\/inicio\/index.php\/2023\/08\/06\/aborto-legal-en-gran-medida-se-esta-cumpliendo-con-la-ley\/#breadcrumb"},"inLanguage":"es","potentialAction":[{"@type":"ReadAction","target":["https:\/\/diariotextual.com\/inicio\/index.php\/2023\/08\/06\/aborto-legal-en-gran-medida-se-esta-cumpliendo-con-la-ley\/"]}]},{"@type":"ImageObject","inLanguage":"es","@id":"https:\/\/diariotextual.com\/inicio\/index.php\/2023\/08\/06\/aborto-legal-en-gran-medida-se-esta-cumpliendo-con-la-ley\/#primaryimage","url":"https:\/\/diariotextual.com\/inicio\/wp-content\/uploads\/2019\/12\/aborto44444.jpg","contentUrl":"https:\/\/diariotextual.com\/inicio\/wp-content\/uploads\/2019\/12\/aborto44444.jpg","width":728,"height":500},{"@type":"BreadcrumbList","@id":"https:\/\/diariotextual.com\/inicio\/index.php\/2023\/08\/06\/aborto-legal-en-gran-medida-se-esta-cumpliendo-con-la-ley\/#breadcrumb","itemListElement":[{"@type":"ListItem","position":1,"name":"Portada","item":"https:\/\/diariotextual.com\/inicio\/"},{"@type":"ListItem","position":2,"name":"Aborto legal: \u201cEn gran medida se est\u00e1 cumpliendo con la ley\u201d"}]},{"@type":"WebSite","@id":"https:\/\/diariotextual.com\/inicio\/#website","url":"https:\/\/diariotextual.com\/inicio\/","name":"Diario Textual","description":"","publisher":{"@id":"https:\/\/diariotextual.com\/inicio\/#organization"},"potentialAction":[{"@type":"SearchAction","target":{"@type":"EntryPoint","urlTemplate":"https:\/\/diariotextual.com\/inicio\/?s={search_term_string}"},"query-input":{"@type":"PropertyValueSpecification","valueRequired":true,"valueName":"search_term_string"}}],"inLanguage":"es"},{"@type":"Organization","@id":"https:\/\/diariotextual.com\/inicio\/#organization","name":"Diario Textual","url":"https:\/\/diariotextual.com\/inicio\/","logo":{"@type":"ImageObject","inLanguage":"es","@id":"https:\/\/diariotextual.com\/inicio\/#\/schema\/logo\/image\/","url":"https:\/\/diariotextual.com\/inicio\/wp-content\/uploads\/2023\/05\/logotextual1.jpg","contentUrl":"https:\/\/diariotextual.com\/inicio\/wp-content\/uploads\/2023\/05\/logotextual1.jpg","width":516,"height":76,"caption":"Diario Textual"},"image":{"@id":"https:\/\/diariotextual.com\/inicio\/#\/schema\/logo\/image\/"},"sameAs":["https:\/\/www.facebook.com\/eltextual","https:\/\/x.com\/eltextual","http:\/\/www.instagram.com\/eltextual"]},{"@type":"Person","@id":"https:\/\/diariotextual.com\/inicio\/#\/schema\/person\/c7834961ad8b29b1d9cdbf4571299067","name":"diario5","image":{"@type":"ImageObject","inLanguage":"es","@id":"https:\/\/secure.gravatar.com\/avatar\/948c893b847ca6df68216ead81b63f363408ec9b0f600fefc0641ce78613b111?s=96&d=mm&r=g","url":"https:\/\/secure.gravatar.com\/avatar\/948c893b847ca6df68216ead81b63f363408ec9b0f600fefc0641ce78613b111?s=96&d=mm&r=g","contentUrl":"https:\/\/secure.gravatar.com\/avatar\/948c893b847ca6df68216ead81b63f363408ec9b0f600fefc0641ce78613b111?s=96&d=mm&r=g","caption":"diario5"},"url":"https:\/\/diariotextual.com\/inicio\/index.php\/author\/diario5\/"}]}},"_links":{"self":[{"href":"https:\/\/diariotextual.com\/inicio\/index.php\/wp-json\/wp\/v2\/posts\/232996","targetHints":{"allow":["GET"]}}],"collection":[{"href":"https:\/\/diariotextual.com\/inicio\/index.php\/wp-json\/wp\/v2\/posts"}],"about":[{"href":"https:\/\/diariotextual.com\/inicio\/index.php\/wp-json\/wp\/v2\/types\/post"}],"author":[{"embeddable":true,"href":"https:\/\/diariotextual.com\/inicio\/index.php\/wp-json\/wp\/v2\/users\/7"}],"replies":[{"embeddable":true,"href":"https:\/\/diariotextual.com\/inicio\/index.php\/wp-json\/wp\/v2\/comments?post=232996"}],"version-history":[{"count":1,"href":"https:\/\/diariotextual.com\/inicio\/index.php\/wp-json\/wp\/v2\/posts\/232996\/revisions"}],"predecessor-version":[{"id":232997,"href":"https:\/\/diariotextual.com\/inicio\/index.php\/wp-json\/wp\/v2\/posts\/232996\/revisions\/232997"}],"wp:featuredmedia":[{"embeddable":true,"href":"https:\/\/diariotextual.com\/inicio\/index.php\/wp-json\/wp\/v2\/media\/73049"}],"wp:attachment":[{"href":"https:\/\/diariotextual.com\/inicio\/index.php\/wp-json\/wp\/v2\/media?parent=232996"}],"wp:term":[{"taxonomy":"category","embeddable":true,"href":"https:\/\/diariotextual.com\/inicio\/index.php\/wp-json\/wp\/v2\/categories?post=232996"},{"taxonomy":"post_tag","embeddable":true,"href":"https:\/\/diariotextual.com\/inicio\/index.php\/wp-json\/wp\/v2\/tags?post=232996"}],"curies":[{"name":"wp","href":"https:\/\/api.w.org\/{rel}","templated":true}]}}