{"id":233001,"date":"2023-08-06T11:57:59","date_gmt":"2023-08-06T14:57:59","guid":{"rendered":"https:\/\/diariotextual.com\/inicio\/?p=233001"},"modified":"2023-08-07T18:23:41","modified_gmt":"2023-08-07T21:23:41","slug":"se-hizo-el-adn-no-la-reconocio-y-ahora-debe-indemnizar-a-su-hija-en-un-millon","status":"publish","type":"post","link":"https:\/\/diariotextual.com\/inicio\/index.php\/2023\/08\/06\/se-hizo-el-adn-no-la-reconocio-y-ahora-debe-indemnizar-a-su-hija-en-un-millon\/","title":{"rendered":"Se hizo el ADN, no la reconoci\u00f3 y ahora debe indemnizar a su hija en un mill\u00f3n"},"content":{"rendered":"\n<p>La<strong> Sala 3 de la C\u00e1mara de Apelaciones en lo Civil, Comercial, Laboral y de Miner\u00eda de Santa Rosa<\/strong> confirm\u00f3 una<strong> indemnizaci\u00f3n de un mill\u00f3n de pesos a un hombre<\/strong> que <strong>no hizo los tr\u00e1mites para reconocer a su hija biol\u00f3gica.<\/strong> La mujer que reclama su identidad hoy tiene 30 a\u00f1os.<\/p>\n\n\n\n<p>En febrero de este a\u00f1o, el juez Pedro Ariel Campos, del Juzgado en lo Civil, Comercial y de Miner\u00eda N\u00b0 3 de Santa Rosa, hizo lugar parcialmente a la demanda por filiaci\u00f3n y da\u00f1o moral interpuesta por L. T. y conden\u00f3 a M. S. F. a abonar la suma de $ 1.000.000 en concepto de da\u00f1o extrapatrimonial (m\u00e1s intereses). Dijo que la mujer que inici\u00f3 la demanda, luego de comprobar por un estudio de ADN en 2013 que era hija del demandado, nunca fue reconocida. La joven sufri\u00f3 angustia por no ser aceptada.<\/p>\n\n\n\n<p>El demandado, entre otros puntos, cuestion\u00f3 la imposici\u00f3n de las costas por la filiaci\u00f3n, el monto indemnizatorio por da\u00f1o moral y la imposici\u00f3n de las costas de la pericia psicol\u00f3gica.<\/p>\n\n\n\n<p>Aleg\u00f3, con cita de jurisprudencia incluso de la C\u00e1mara de Apelaciones, que en otros casos de indemnizaci\u00f3n por da\u00f1o moral se han fijado montos m\u00e1s bajos.<\/p>\n\n\n\n<p>Adem\u00e1s, expres\u00f3 que el juez de primera instancia no meritu\u00f3 su comportamiento ya que no se tuvo en cuenta que voluntariamente se someti\u00f3 al estudio de ADN y que no avanz\u00f3 con el reconocimiento por desconocimiento con relaci\u00f3n a los tr\u00e1mites.<\/p>\n\n\n\n<p>Los jueces de la C\u00e1mara Laura Cagliolo y Guillermo Salas, luego de escuchar a ambas partes, rechazaron las pretensiones del hombre. \u201cNo puede pasarse por alto que en este tipo de circunstancias el da\u00f1o moral por la falta de reconocimiento se presume (por lo menos a partir del examen positivo de ADN), porque f\u00e1cilmente se puede apreciar no s\u00f3lo el dolor que entra\u00f1a para la parte accionante no haber sido reconocida por su progenitor, y las consecuencias que ello acarrea sino, por la violaci\u00f3n a un derecho personal\u00edsimo como lo es el de identidad\u201d, dijeron. \u201cEs clara en esta causa la actitud renuente del progenitor, quien no s\u00f3lo no tuvo contacto con la accionante cuando se enter\u00f3 de su paternidad, sino que no inst\u00f3 su reconocimiento. El saberse hija negada, cuando su pretensi\u00f3n era el reconocimiento, independientemente del grado de conciencia en funci\u00f3n de la edad y madurez, gener\u00f3 un sentimiento de dolor y sufrimiento que debe ser suficientemente resarcido\u201d.<\/p>\n\n\n\n<p>\u201cDel an\u00e1lisis de todo lo actuado en este proceso, surge que las partes se realizaron un estudio de ADN en PampaGen (\u2026) y que, pese a las dos Cartas Documentos remitidas en los a\u00f1os 2018 y 2020, 8 a\u00f1os despu\u00e9s de la realizaci\u00f3n del estudio biol\u00f3gico, L. T. debi\u00f3 iniciar la demanda por filiaci\u00f3n m\u00e1s reclamo por da\u00f1o moral. Asimismo, la inscripci\u00f3n del reconocimiento y adici\u00f3n del apellido paterno fue realizada por oficio judicial ordenado en la audiencia preliminar realizada en el mes de julio del a\u00f1o 2022, frente al allanamiento de F. a la pretensi\u00f3n filiatoria. Por ende,&nbsp; L. T. logr\u00f3 su filiaci\u00f3n paterna y adici\u00f3n de apellido paterno a sus 30 a\u00f1os de vida. Tambi\u00e9n surge que, desde el conocimiento de M. S. F. respecto a la posibilidad que L. T. fuera su hija (2011) hasta efectivamente despejar esa duda, transcurrieron dos a\u00f1os (2013) y, desde entonces hasta el establecimiento del v\u00ednculo paterno filial -para lo que fue necesario la promoci\u00f3n de la presente- transcurrieron ocho a\u00f1os m\u00e1s\u201d, explicaron. \u201cSi bien es correcto que conforme surge del informe psicol\u00f3gico (\u2026) L. T. ha logrado conservar toda su capacidad de afrontamiento, adapt\u00e1ndose efectivamente y no detect\u00e1ndose ning\u00fan deterioro o trastorno que afecte sus esferas afectivas, volitivas y\/o intelectuales; ni observ\u00e1ndose disminuida su capacidad de goce individual, familiar, y\/o recreativa, no es menos cierto que de esta tambi\u00e9n surge que \u2018al desarrollar lo referido al proceso que est\u00e1 en curso se evidencia angustia\u2019, estado que se puede presumir al saber la actora qui\u00e9n era su padre biol\u00f3gico y que pese a ello no la reconozca, con todas las implicancias que eso tiene en relaci\u00f3n a su identidad y a su vida en general\u201d.<\/p>\n","protected":false},"excerpt":{"rendered":"<p>La Sala 3 de la C\u00e1mara de Apelaciones en lo Civil, Comercial, Laboral y de Miner\u00eda de Santa Rosa confirm\u00f3 una indemnizaci\u00f3n de un mill\u00f3n de pesos a un hombre&hellip;<\/p>\n","protected":false},"author":3,"featured_media":233003,"comment_status":"closed","ping_status":"open","sticky":false,"template":"","format":"standard","meta":{"_acf_changed":false,"footnotes":""},"categories":[1,12],"tags":[],"class_list":["post-233001","post","type-post","status-publish","format-standard","has-post-thumbnail","hentry","category-es-noticia","category-sociedad"],"acf":[],"yoast_head":"<!-- This site is optimized with the Yoast SEO plugin v27.5 - https:\/\/yoast.com\/product\/yoast-seo-wordpress\/ -->\n<title>Se hizo el ADN, no la reconoci\u00f3 y ahora debe indemnizar a su hija en un mill\u00f3n - Diario Textual<\/title>\n<meta name=\"robots\" content=\"index, follow, max-snippet:-1, max-image-preview:large, max-video-preview:-1\" \/>\n<link rel=\"canonical\" href=\"https:\/\/diariotextual.com\/inicio\/index.php\/2023\/08\/06\/se-hizo-el-adn-no-la-reconocio-y-ahora-debe-indemnizar-a-su-hija-en-un-millon\/\" \/>\n<meta property=\"og:locale\" content=\"es_ES\" \/>\n<meta property=\"og:type\" content=\"article\" \/>\n<meta property=\"og:title\" content=\"Se hizo el ADN, no la reconoci\u00f3 y ahora debe indemnizar a su hija en un mill\u00f3n - Diario Textual\" \/>\n<meta property=\"og:description\" content=\"La Sala 3 de la C\u00e1mara de Apelaciones en lo Civil, Comercial, Laboral y de Miner\u00eda de Santa Rosa confirm\u00f3 una indemnizaci\u00f3n de un mill\u00f3n de pesos a un hombre&hellip;\" \/>\n<meta property=\"og:url\" content=\"https:\/\/diariotextual.com\/inicio\/index.php\/2023\/08\/06\/se-hizo-el-adn-no-la-reconocio-y-ahora-debe-indemnizar-a-su-hija-en-un-millon\/\" \/>\n<meta property=\"og:site_name\" content=\"Diario Textual\" \/>\n<meta property=\"article:publisher\" content=\"https:\/\/www.facebook.com\/eltextual\" \/>\n<meta property=\"article:published_time\" content=\"2023-08-06T14:57:59+00:00\" \/>\n<meta property=\"article:modified_time\" content=\"2023-08-07T21:23:41+00:00\" \/>\n<meta property=\"og:image\" content=\"https:\/\/diariotextual.com\/inicio\/wp-content\/uploads\/2023\/08\/adn9993.jpg\" \/>\n\t<meta property=\"og:image:width\" content=\"500\" \/>\n\t<meta property=\"og:image:height\" content=\"334\" \/>\n\t<meta property=\"og:image:type\" content=\"image\/jpeg\" \/>\n<meta name=\"author\" content=\"Diario1 Diario1\" \/>\n<meta name=\"twitter:card\" content=\"summary_large_image\" \/>\n<meta name=\"twitter:creator\" content=\"@eltextual\" \/>\n<meta name=\"twitter:site\" content=\"@eltextual\" \/>\n<meta name=\"twitter:label1\" content=\"Escrito por\" \/>\n\t<meta name=\"twitter:data1\" content=\"Diario1 Diario1\" \/>\n\t<meta name=\"twitter:label2\" content=\"Tiempo de lectura\" \/>\n\t<meta name=\"twitter:data2\" content=\"4 minutos\" \/>\n<script type=\"application\/ld+json\" class=\"yoast-schema-graph\">{\"@context\":\"https:\\\/\\\/schema.org\",\"@graph\":[{\"@type\":\"Article\",\"@id\":\"https:\\\/\\\/diariotextual.com\\\/inicio\\\/index.php\\\/2023\\\/08\\\/06\\\/se-hizo-el-adn-no-la-reconocio-y-ahora-debe-indemnizar-a-su-hija-en-un-millon\\\/#article\",\"isPartOf\":{\"@id\":\"https:\\\/\\\/diariotextual.com\\\/inicio\\\/index.php\\\/2023\\\/08\\\/06\\\/se-hizo-el-adn-no-la-reconocio-y-ahora-debe-indemnizar-a-su-hija-en-un-millon\\\/\"},\"author\":{\"name\":\"Diario1 Diario1\",\"@id\":\"https:\\\/\\\/diariotextual.com\\\/inicio\\\/#\\\/schema\\\/person\\\/418fc4093c33e86ed41562db3508f958\"},\"headline\":\"Se hizo el ADN, no la reconoci\u00f3 y ahora debe indemnizar a su hija en un mill\u00f3n\",\"datePublished\":\"2023-08-06T14:57:59+00:00\",\"dateModified\":\"2023-08-07T21:23:41+00:00\",\"mainEntityOfPage\":{\"@id\":\"https:\\\/\\\/diariotextual.com\\\/inicio\\\/index.php\\\/2023\\\/08\\\/06\\\/se-hizo-el-adn-no-la-reconocio-y-ahora-debe-indemnizar-a-su-hija-en-un-millon\\\/\"},\"wordCount\":756,\"publisher\":{\"@id\":\"https:\\\/\\\/diariotextual.com\\\/inicio\\\/#organization\"},\"image\":{\"@id\":\"https:\\\/\\\/diariotextual.com\\\/inicio\\\/index.php\\\/2023\\\/08\\\/06\\\/se-hizo-el-adn-no-la-reconocio-y-ahora-debe-indemnizar-a-su-hija-en-un-millon\\\/#primaryimage\"},\"thumbnailUrl\":\"https:\\\/\\\/diariotextual.com\\\/inicio\\\/wp-content\\\/uploads\\\/2023\\\/08\\\/adn9993.jpg\",\"articleSection\":[\"A - ES NOTICIA (van abajo)\",\"SOCIEDAD\"],\"inLanguage\":\"es\"},{\"@type\":\"WebPage\",\"@id\":\"https:\\\/\\\/diariotextual.com\\\/inicio\\\/index.php\\\/2023\\\/08\\\/06\\\/se-hizo-el-adn-no-la-reconocio-y-ahora-debe-indemnizar-a-su-hija-en-un-millon\\\/\",\"url\":\"https:\\\/\\\/diariotextual.com\\\/inicio\\\/index.php\\\/2023\\\/08\\\/06\\\/se-hizo-el-adn-no-la-reconocio-y-ahora-debe-indemnizar-a-su-hija-en-un-millon\\\/\",\"name\":\"Se hizo el ADN, no la reconoci\u00f3 y ahora debe indemnizar a su hija en un mill\u00f3n - Diario Textual\",\"isPartOf\":{\"@id\":\"https:\\\/\\\/diariotextual.com\\\/inicio\\\/#website\"},\"primaryImageOfPage\":{\"@id\":\"https:\\\/\\\/diariotextual.com\\\/inicio\\\/index.php\\\/2023\\\/08\\\/06\\\/se-hizo-el-adn-no-la-reconocio-y-ahora-debe-indemnizar-a-su-hija-en-un-millon\\\/#primaryimage\"},\"image\":{\"@id\":\"https:\\\/\\\/diariotextual.com\\\/inicio\\\/index.php\\\/2023\\\/08\\\/06\\\/se-hizo-el-adn-no-la-reconocio-y-ahora-debe-indemnizar-a-su-hija-en-un-millon\\\/#primaryimage\"},\"thumbnailUrl\":\"https:\\\/\\\/diariotextual.com\\\/inicio\\\/wp-content\\\/uploads\\\/2023\\\/08\\\/adn9993.jpg\",\"datePublished\":\"2023-08-06T14:57:59+00:00\",\"dateModified\":\"2023-08-07T21:23:41+00:00\",\"breadcrumb\":{\"@id\":\"https:\\\/\\\/diariotextual.com\\\/inicio\\\/index.php\\\/2023\\\/08\\\/06\\\/se-hizo-el-adn-no-la-reconocio-y-ahora-debe-indemnizar-a-su-hija-en-un-millon\\\/#breadcrumb\"},\"inLanguage\":\"es\",\"potentialAction\":[{\"@type\":\"ReadAction\",\"target\":[\"https:\\\/\\\/diariotextual.com\\\/inicio\\\/index.php\\\/2023\\\/08\\\/06\\\/se-hizo-el-adn-no-la-reconocio-y-ahora-debe-indemnizar-a-su-hija-en-un-millon\\\/\"]}]},{\"@type\":\"ImageObject\",\"inLanguage\":\"es\",\"@id\":\"https:\\\/\\\/diariotextual.com\\\/inicio\\\/index.php\\\/2023\\\/08\\\/06\\\/se-hizo-el-adn-no-la-reconocio-y-ahora-debe-indemnizar-a-su-hija-en-un-millon\\\/#primaryimage\",\"url\":\"https:\\\/\\\/diariotextual.com\\\/inicio\\\/wp-content\\\/uploads\\\/2023\\\/08\\\/adn9993.jpg\",\"contentUrl\":\"https:\\\/\\\/diariotextual.com\\\/inicio\\\/wp-content\\\/uploads\\\/2023\\\/08\\\/adn9993.jpg\",\"width\":500,\"height\":334},{\"@type\":\"BreadcrumbList\",\"@id\":\"https:\\\/\\\/diariotextual.com\\\/inicio\\\/index.php\\\/2023\\\/08\\\/06\\\/se-hizo-el-adn-no-la-reconocio-y-ahora-debe-indemnizar-a-su-hija-en-un-millon\\\/#breadcrumb\",\"itemListElement\":[{\"@type\":\"ListItem\",\"position\":1,\"name\":\"Portada\",\"item\":\"https:\\\/\\\/diariotextual.com\\\/inicio\\\/\"},{\"@type\":\"ListItem\",\"position\":2,\"name\":\"Se hizo el ADN, no la reconoci\u00f3 y ahora debe indemnizar a su hija en un mill\u00f3n\"}]},{\"@type\":\"WebSite\",\"@id\":\"https:\\\/\\\/diariotextual.com\\\/inicio\\\/#website\",\"url\":\"https:\\\/\\\/diariotextual.com\\\/inicio\\\/\",\"name\":\"Diario Textual\",\"description\":\"\",\"publisher\":{\"@id\":\"https:\\\/\\\/diariotextual.com\\\/inicio\\\/#organization\"},\"potentialAction\":[{\"@type\":\"SearchAction\",\"target\":{\"@type\":\"EntryPoint\",\"urlTemplate\":\"https:\\\/\\\/diariotextual.com\\\/inicio\\\/?s={search_term_string}\"},\"query-input\":{\"@type\":\"PropertyValueSpecification\",\"valueRequired\":true,\"valueName\":\"search_term_string\"}}],\"inLanguage\":\"es\"},{\"@type\":\"Organization\",\"@id\":\"https:\\\/\\\/diariotextual.com\\\/inicio\\\/#organization\",\"name\":\"Diario Textual\",\"url\":\"https:\\\/\\\/diariotextual.com\\\/inicio\\\/\",\"logo\":{\"@type\":\"ImageObject\",\"inLanguage\":\"es\",\"@id\":\"https:\\\/\\\/diariotextual.com\\\/inicio\\\/#\\\/schema\\\/logo\\\/image\\\/\",\"url\":\"https:\\\/\\\/diariotextual.com\\\/inicio\\\/wp-content\\\/uploads\\\/2023\\\/05\\\/logotextual1.jpg\",\"contentUrl\":\"https:\\\/\\\/diariotextual.com\\\/inicio\\\/wp-content\\\/uploads\\\/2023\\\/05\\\/logotextual1.jpg\",\"width\":516,\"height\":76,\"caption\":\"Diario Textual\"},\"image\":{\"@id\":\"https:\\\/\\\/diariotextual.com\\\/inicio\\\/#\\\/schema\\\/logo\\\/image\\\/\"},\"sameAs\":[\"https:\\\/\\\/www.facebook.com\\\/eltextual\",\"https:\\\/\\\/x.com\\\/eltextual\",\"http:\\\/\\\/www.instagram.com\\\/eltextual\"]},{\"@type\":\"Person\",\"@id\":\"https:\\\/\\\/diariotextual.com\\\/inicio\\\/#\\\/schema\\\/person\\\/418fc4093c33e86ed41562db3508f958\",\"name\":\"Diario1 Diario1\",\"image\":{\"@type\":\"ImageObject\",\"inLanguage\":\"es\",\"@id\":\"https:\\\/\\\/secure.gravatar.com\\\/avatar\\\/9167d280179c85bc18be67aa7eda765854300033af4896dd779b608640f2ef7a?s=96&d=mm&r=g\",\"url\":\"https:\\\/\\\/secure.gravatar.com\\\/avatar\\\/9167d280179c85bc18be67aa7eda765854300033af4896dd779b608640f2ef7a?s=96&d=mm&r=g\",\"contentUrl\":\"https:\\\/\\\/secure.gravatar.com\\\/avatar\\\/9167d280179c85bc18be67aa7eda765854300033af4896dd779b608640f2ef7a?s=96&d=mm&r=g\",\"caption\":\"Diario1 Diario1\"},\"url\":\"https:\\\/\\\/diariotextual.com\\\/inicio\\\/index.php\\\/author\\\/diario1\\\/\"}]}<\/script>\n<!-- \/ Yoast SEO plugin. -->","yoast_head_json":{"title":"Se hizo el ADN, no la reconoci\u00f3 y ahora debe indemnizar a su hija en un mill\u00f3n - Diario Textual","robots":{"index":"index","follow":"follow","max-snippet":"max-snippet:-1","max-image-preview":"max-image-preview:large","max-video-preview":"max-video-preview:-1"},"canonical":"https:\/\/diariotextual.com\/inicio\/index.php\/2023\/08\/06\/se-hizo-el-adn-no-la-reconocio-y-ahora-debe-indemnizar-a-su-hija-en-un-millon\/","og_locale":"es_ES","og_type":"article","og_title":"Se hizo el ADN, no la reconoci\u00f3 y ahora debe indemnizar a su hija en un mill\u00f3n - Diario Textual","og_description":"La Sala 3 de la C\u00e1mara de Apelaciones en lo Civil, Comercial, Laboral y de Miner\u00eda de Santa Rosa confirm\u00f3 una indemnizaci\u00f3n de un mill\u00f3n de pesos a un hombre&hellip;","og_url":"https:\/\/diariotextual.com\/inicio\/index.php\/2023\/08\/06\/se-hizo-el-adn-no-la-reconocio-y-ahora-debe-indemnizar-a-su-hija-en-un-millon\/","og_site_name":"Diario Textual","article_publisher":"https:\/\/www.facebook.com\/eltextual","article_published_time":"2023-08-06T14:57:59+00:00","article_modified_time":"2023-08-07T21:23:41+00:00","og_image":[{"width":500,"height":334,"url":"https:\/\/diariotextual.com\/inicio\/wp-content\/uploads\/2023\/08\/adn9993.jpg","type":"image\/jpeg"}],"author":"Diario1 Diario1","twitter_card":"summary_large_image","twitter_creator":"@eltextual","twitter_site":"@eltextual","twitter_misc":{"Escrito por":"Diario1 Diario1","Tiempo de lectura":"4 minutos"},"schema":{"@context":"https:\/\/schema.org","@graph":[{"@type":"Article","@id":"https:\/\/diariotextual.com\/inicio\/index.php\/2023\/08\/06\/se-hizo-el-adn-no-la-reconocio-y-ahora-debe-indemnizar-a-su-hija-en-un-millon\/#article","isPartOf":{"@id":"https:\/\/diariotextual.com\/inicio\/index.php\/2023\/08\/06\/se-hizo-el-adn-no-la-reconocio-y-ahora-debe-indemnizar-a-su-hija-en-un-millon\/"},"author":{"name":"Diario1 Diario1","@id":"https:\/\/diariotextual.com\/inicio\/#\/schema\/person\/418fc4093c33e86ed41562db3508f958"},"headline":"Se hizo el ADN, no la reconoci\u00f3 y ahora debe indemnizar a su hija en un mill\u00f3n","datePublished":"2023-08-06T14:57:59+00:00","dateModified":"2023-08-07T21:23:41+00:00","mainEntityOfPage":{"@id":"https:\/\/diariotextual.com\/inicio\/index.php\/2023\/08\/06\/se-hizo-el-adn-no-la-reconocio-y-ahora-debe-indemnizar-a-su-hija-en-un-millon\/"},"wordCount":756,"publisher":{"@id":"https:\/\/diariotextual.com\/inicio\/#organization"},"image":{"@id":"https:\/\/diariotextual.com\/inicio\/index.php\/2023\/08\/06\/se-hizo-el-adn-no-la-reconocio-y-ahora-debe-indemnizar-a-su-hija-en-un-millon\/#primaryimage"},"thumbnailUrl":"https:\/\/diariotextual.com\/inicio\/wp-content\/uploads\/2023\/08\/adn9993.jpg","articleSection":["A - ES NOTICIA (van abajo)","SOCIEDAD"],"inLanguage":"es"},{"@type":"WebPage","@id":"https:\/\/diariotextual.com\/inicio\/index.php\/2023\/08\/06\/se-hizo-el-adn-no-la-reconocio-y-ahora-debe-indemnizar-a-su-hija-en-un-millon\/","url":"https:\/\/diariotextual.com\/inicio\/index.php\/2023\/08\/06\/se-hizo-el-adn-no-la-reconocio-y-ahora-debe-indemnizar-a-su-hija-en-un-millon\/","name":"Se hizo el ADN, no la reconoci\u00f3 y ahora debe indemnizar a su hija en un mill\u00f3n - Diario Textual","isPartOf":{"@id":"https:\/\/diariotextual.com\/inicio\/#website"},"primaryImageOfPage":{"@id":"https:\/\/diariotextual.com\/inicio\/index.php\/2023\/08\/06\/se-hizo-el-adn-no-la-reconocio-y-ahora-debe-indemnizar-a-su-hija-en-un-millon\/#primaryimage"},"image":{"@id":"https:\/\/diariotextual.com\/inicio\/index.php\/2023\/08\/06\/se-hizo-el-adn-no-la-reconocio-y-ahora-debe-indemnizar-a-su-hija-en-un-millon\/#primaryimage"},"thumbnailUrl":"https:\/\/diariotextual.com\/inicio\/wp-content\/uploads\/2023\/08\/adn9993.jpg","datePublished":"2023-08-06T14:57:59+00:00","dateModified":"2023-08-07T21:23:41+00:00","breadcrumb":{"@id":"https:\/\/diariotextual.com\/inicio\/index.php\/2023\/08\/06\/se-hizo-el-adn-no-la-reconocio-y-ahora-debe-indemnizar-a-su-hija-en-un-millon\/#breadcrumb"},"inLanguage":"es","potentialAction":[{"@type":"ReadAction","target":["https:\/\/diariotextual.com\/inicio\/index.php\/2023\/08\/06\/se-hizo-el-adn-no-la-reconocio-y-ahora-debe-indemnizar-a-su-hija-en-un-millon\/"]}]},{"@type":"ImageObject","inLanguage":"es","@id":"https:\/\/diariotextual.com\/inicio\/index.php\/2023\/08\/06\/se-hizo-el-adn-no-la-reconocio-y-ahora-debe-indemnizar-a-su-hija-en-un-millon\/#primaryimage","url":"https:\/\/diariotextual.com\/inicio\/wp-content\/uploads\/2023\/08\/adn9993.jpg","contentUrl":"https:\/\/diariotextual.com\/inicio\/wp-content\/uploads\/2023\/08\/adn9993.jpg","width":500,"height":334},{"@type":"BreadcrumbList","@id":"https:\/\/diariotextual.com\/inicio\/index.php\/2023\/08\/06\/se-hizo-el-adn-no-la-reconocio-y-ahora-debe-indemnizar-a-su-hija-en-un-millon\/#breadcrumb","itemListElement":[{"@type":"ListItem","position":1,"name":"Portada","item":"https:\/\/diariotextual.com\/inicio\/"},{"@type":"ListItem","position":2,"name":"Se hizo el ADN, no la reconoci\u00f3 y ahora debe indemnizar a su hija en un mill\u00f3n"}]},{"@type":"WebSite","@id":"https:\/\/diariotextual.com\/inicio\/#website","url":"https:\/\/diariotextual.com\/inicio\/","name":"Diario Textual","description":"","publisher":{"@id":"https:\/\/diariotextual.com\/inicio\/#organization"},"potentialAction":[{"@type":"SearchAction","target":{"@type":"EntryPoint","urlTemplate":"https:\/\/diariotextual.com\/inicio\/?s={search_term_string}"},"query-input":{"@type":"PropertyValueSpecification","valueRequired":true,"valueName":"search_term_string"}}],"inLanguage":"es"},{"@type":"Organization","@id":"https:\/\/diariotextual.com\/inicio\/#organization","name":"Diario Textual","url":"https:\/\/diariotextual.com\/inicio\/","logo":{"@type":"ImageObject","inLanguage":"es","@id":"https:\/\/diariotextual.com\/inicio\/#\/schema\/logo\/image\/","url":"https:\/\/diariotextual.com\/inicio\/wp-content\/uploads\/2023\/05\/logotextual1.jpg","contentUrl":"https:\/\/diariotextual.com\/inicio\/wp-content\/uploads\/2023\/05\/logotextual1.jpg","width":516,"height":76,"caption":"Diario Textual"},"image":{"@id":"https:\/\/diariotextual.com\/inicio\/#\/schema\/logo\/image\/"},"sameAs":["https:\/\/www.facebook.com\/eltextual","https:\/\/x.com\/eltextual","http:\/\/www.instagram.com\/eltextual"]},{"@type":"Person","@id":"https:\/\/diariotextual.com\/inicio\/#\/schema\/person\/418fc4093c33e86ed41562db3508f958","name":"Diario1 Diario1","image":{"@type":"ImageObject","inLanguage":"es","@id":"https:\/\/secure.gravatar.com\/avatar\/9167d280179c85bc18be67aa7eda765854300033af4896dd779b608640f2ef7a?s=96&d=mm&r=g","url":"https:\/\/secure.gravatar.com\/avatar\/9167d280179c85bc18be67aa7eda765854300033af4896dd779b608640f2ef7a?s=96&d=mm&r=g","contentUrl":"https:\/\/secure.gravatar.com\/avatar\/9167d280179c85bc18be67aa7eda765854300033af4896dd779b608640f2ef7a?s=96&d=mm&r=g","caption":"Diario1 Diario1"},"url":"https:\/\/diariotextual.com\/inicio\/index.php\/author\/diario1\/"}]}},"_links":{"self":[{"href":"https:\/\/diariotextual.com\/inicio\/index.php\/wp-json\/wp\/v2\/posts\/233001","targetHints":{"allow":["GET"]}}],"collection":[{"href":"https:\/\/diariotextual.com\/inicio\/index.php\/wp-json\/wp\/v2\/posts"}],"about":[{"href":"https:\/\/diariotextual.com\/inicio\/index.php\/wp-json\/wp\/v2\/types\/post"}],"author":[{"embeddable":true,"href":"https:\/\/diariotextual.com\/inicio\/index.php\/wp-json\/wp\/v2\/users\/3"}],"replies":[{"embeddable":true,"href":"https:\/\/diariotextual.com\/inicio\/index.php\/wp-json\/wp\/v2\/comments?post=233001"}],"version-history":[{"count":3,"href":"https:\/\/diariotextual.com\/inicio\/index.php\/wp-json\/wp\/v2\/posts\/233001\/revisions"}],"predecessor-version":[{"id":233005,"href":"https:\/\/diariotextual.com\/inicio\/index.php\/wp-json\/wp\/v2\/posts\/233001\/revisions\/233005"}],"wp:featuredmedia":[{"embeddable":true,"href":"https:\/\/diariotextual.com\/inicio\/index.php\/wp-json\/wp\/v2\/media\/233003"}],"wp:attachment":[{"href":"https:\/\/diariotextual.com\/inicio\/index.php\/wp-json\/wp\/v2\/media?parent=233001"}],"wp:term":[{"taxonomy":"category","embeddable":true,"href":"https:\/\/diariotextual.com\/inicio\/index.php\/wp-json\/wp\/v2\/categories?post=233001"},{"taxonomy":"post_tag","embeddable":true,"href":"https:\/\/diariotextual.com\/inicio\/index.php\/wp-json\/wp\/v2\/tags?post=233001"}],"curies":[{"name":"wp","href":"https:\/\/api.w.org\/{rel}","templated":true}]}}