{"id":233030,"date":"2023-08-07T07:07:21","date_gmt":"2023-08-07T10:07:21","guid":{"rendered":"https:\/\/diariotextual.com\/inicio\/?p=233030"},"modified":"2023-08-07T09:40:31","modified_gmt":"2023-08-07T12:40:31","slug":"sergio-massa-le-bajaron-el-13-a-los-jubilados-y-van-a-volver-a-hacerlo-ya-lo-hicieron","status":"publish","type":"post","link":"https:\/\/diariotextual.com\/inicio\/index.php\/2023\/08\/07\/sergio-massa-le-bajaron-el-13-a-los-jubilados-y-van-a-volver-a-hacerlo-ya-lo-hicieron\/","title":{"rendered":"Sergio Massa: \u201cLe bajaron el 13% a los jubilados y van a volver a hacerlo, ya lo hicieron\u201d"},"content":{"rendered":"\n<p><strong>\u201cLas negociaciones con el Fondo son duras, no se llega a las manos ni mucho menos, pero ellos tienen una mirada muy premoldeada, piensan la misma soluci\u00f3n para Pakist\u00e1n que para la Argentina, y son pa\u00edses distintos. La Argentina es el octavo pa\u00eds en extensi\u00f3n del mundo, va a ser en los pr\u00f3ximos a\u00f1os un jugador central porque tiene los minerales, las prote\u00ednas y la energ\u00eda que el mundo necesita\u201d<\/strong>, remarc\u00f3 el ministro de Econom\u00eda y precandidato a presidente por Uni\u00f3n por la Patria, y agreg\u00f3: \u201cLa pandemia hizo que el miedo a la p\u00e9rdida de trabajo inhabilitara la responsabilidad en la recuperaci\u00f3n de empleo y de salario, sobre todo\u201d.<\/p>\n\n\n\n<p><strong>\u201cEl otro tema es que no se supo contar que Macri dej\u00f3 un perno de 45 mil palos. Fue el mayor pr\u00e9stamo de la historia del Fondo a nivel mundial. Ni a Ucrania para la guerra le dieron esa plata, la anunci\u00f3 en un minuto y medio y nos dej\u00f3 atados por 13 a\u00f1os\u201d, <\/strong>agreg\u00f3 en el marco de la charla.<\/p>\n\n\n\n<p>Asimismo, Massa indic\u00f3 que \u201cel enojo\u201d del ex mandatario nacional para con \u00e9l \u201cb\u00e1sicamente empez\u00f3 cuando viene la ley de blanqueo\u201d y el bloque que encabezaba en el momento, el Frente Renovador, impuso modificaciones a esa norma.<\/p>\n\n\n\n<p>\u201cNosotros prohibimos que los familiares puedan blanquear dentro de la ley, una idea de Felipe Sol\u00e1. \u00c9l (por Macri) me llama desde Colombia para pedirme que por favor lo saquemos -\u00e9l ten\u00eda el problema de los Panama (Papers), el primo, el hermano, y toda esa menesunda-, yo le digo que no y a partir de ah\u00ed lo tom\u00f3 como algo personal\u201d, agreg\u00f3.<\/p>\n\n\n\n<p>En otro tramo de la entrevista, Massa habl\u00f3 sobre su ruptura con Cristina Kirchner y asegur\u00f3 que el discurso del 2015 en el que la cuestion\u00f3 muy fuertemente es, en realidad, \u201cla edici\u00f3n de dos frases distintas\u201d.<\/p>\n\n\n\n<p>\u201cYo lo que digo es \u2018yo no le tengo miedo a la corrupci\u00f3n\u2019, digamos, \u2018los voy a meter presos\u2019, y la juntan con la frase de La C\u00e1mpora. El \u2018marcospe\u00f1ismo\u2019 hace la edici\u00f3n de las dos frases en una, en esa idea de destruir, que lo hacen muy bien\u201d, cuestion\u00f3.<\/p>\n\n\n\n<p>Y explico su relaci\u00f3n con Cristina Kirchner: \u201cNosotros estuvimos mucho tiempo sin hablar con Cristina, te dir\u00eda que casi 5 a\u00f1os y medio. Y esto explica la ruptura. Nosotros ten\u00edamos diferencias respecto de la metodolog\u00eda con la que Moreno manejaba el Indec y algunas cuestiones vinculadas a la seguridad. Cuando nos volvimos a juntar, <strong>Cristina me mir\u00f3 y me dijo \u2018\u00bfpor qu\u00e9 nos peleamos nosotros?\u2019. Entonces yo le respond\u00ed \u2018porque un d\u00eda saliste a dar un discurso y me echaste, me dijiste que fuera a la elecci\u00f3n\u2019\u00bb.<\/strong><\/p>\n\n\n\n<p>Y cerr\u00f3: \u00abPorque en el 2013 yo digo en un momento \u2018el problema no es el modelo, son los modales\u2019 y ella ese d\u00eda en un acto en Jos\u00e9 C. Paz dice \u2018al que no le gusten los modales, que arme un partido y gane las elecciones\u2019. Ah\u00ed empez\u00f3 todo un proceso, en el medio hubo gente que intent\u00f3 evitar la ruptura, de hecho yo insist\u00eda con las PASO, pero no se dio y a partir de ah\u00ed empezaron caminos distintos\u201d.<\/p>\n","protected":false},"excerpt":{"rendered":"<p>\u201cLas negociaciones con el Fondo son duras, no se llega a las manos ni mucho menos, pero ellos tienen una mirada muy premoldeada, piensan la misma soluci\u00f3n para Pakist\u00e1n que&hellip;<\/p>\n","protected":false},"author":4,"featured_media":233037,"comment_status":"closed","ping_status":"open","sticky":false,"template":"","format":"standard","meta":{"_acf_changed":false,"footnotes":""},"categories":[1,8],"tags":[],"class_list":["post-233030","post","type-post","status-publish","format-standard","has-post-thumbnail","hentry","category-es-noticia","category-politica"],"acf":[],"yoast_head":"<!-- This site is optimized with the Yoast SEO plugin v27.4 - https:\/\/yoast.com\/product\/yoast-seo-wordpress\/ -->\n<title>Sergio Massa: \u201cLe bajaron el 13% a los jubilados y van a volver a hacerlo, ya lo hicieron\u201d - Diario Textual<\/title>\n<meta name=\"robots\" content=\"index, follow, max-snippet:-1, max-image-preview:large, max-video-preview:-1\" \/>\n<link rel=\"canonical\" href=\"https:\/\/diariotextual.com\/inicio\/index.php\/2023\/08\/07\/sergio-massa-le-bajaron-el-13-a-los-jubilados-y-van-a-volver-a-hacerlo-ya-lo-hicieron\/\" \/>\n<meta property=\"og:locale\" content=\"es_ES\" \/>\n<meta property=\"og:type\" content=\"article\" \/>\n<meta property=\"og:title\" content=\"Sergio Massa: \u201cLe bajaron el 13% a los jubilados y van a volver a hacerlo, ya lo hicieron\u201d - Diario Textual\" \/>\n<meta property=\"og:description\" content=\"\u201cLas negociaciones con el Fondo son duras, no se llega a las manos ni mucho menos, pero ellos tienen una mirada muy premoldeada, piensan la misma soluci\u00f3n para Pakist\u00e1n que&hellip;\" \/>\n<meta property=\"og:url\" content=\"https:\/\/diariotextual.com\/inicio\/index.php\/2023\/08\/07\/sergio-massa-le-bajaron-el-13-a-los-jubilados-y-van-a-volver-a-hacerlo-ya-lo-hicieron\/\" \/>\n<meta property=\"og:site_name\" content=\"Diario Textual\" \/>\n<meta property=\"article:publisher\" content=\"https:\/\/www.facebook.com\/eltextual\" \/>\n<meta property=\"article:published_time\" content=\"2023-08-07T10:07:21+00:00\" \/>\n<meta property=\"article:modified_time\" content=\"2023-08-07T12:40:31+00:00\" \/>\n<meta property=\"og:image\" content=\"https:\/\/diariotextual.com\/inicio\/wp-content\/uploads\/2023\/08\/massasergiocampana5674366343.jpg\" \/>\n\t<meta property=\"og:image:width\" content=\"903\" \/>\n\t<meta property=\"og:image:height\" content=\"609\" \/>\n\t<meta property=\"og:image:type\" content=\"image\/jpeg\" \/>\n<meta name=\"author\" content=\"diario2\" \/>\n<meta name=\"twitter:card\" content=\"summary_large_image\" \/>\n<meta name=\"twitter:creator\" content=\"@eltextual\" \/>\n<meta name=\"twitter:site\" content=\"@eltextual\" \/>\n<meta name=\"twitter:label1\" content=\"Escrito por\" \/>\n\t<meta name=\"twitter:data1\" content=\"diario2\" \/>\n\t<meta name=\"twitter:label2\" content=\"Tiempo de lectura\" \/>\n\t<meta name=\"twitter:data2\" content=\"3 minutos\" \/>\n<script type=\"application\/ld+json\" class=\"yoast-schema-graph\">{\"@context\":\"https:\\\/\\\/schema.org\",\"@graph\":[{\"@type\":\"Article\",\"@id\":\"https:\\\/\\\/diariotextual.com\\\/inicio\\\/index.php\\\/2023\\\/08\\\/07\\\/sergio-massa-le-bajaron-el-13-a-los-jubilados-y-van-a-volver-a-hacerlo-ya-lo-hicieron\\\/#article\",\"isPartOf\":{\"@id\":\"https:\\\/\\\/diariotextual.com\\\/inicio\\\/index.php\\\/2023\\\/08\\\/07\\\/sergio-massa-le-bajaron-el-13-a-los-jubilados-y-van-a-volver-a-hacerlo-ya-lo-hicieron\\\/\"},\"author\":{\"name\":\"diario2\",\"@id\":\"https:\\\/\\\/diariotextual.com\\\/inicio\\\/#\\\/schema\\\/person\\\/694f60677f23c4a530867a98f22b3768\"},\"headline\":\"Sergio Massa: \u201cLe bajaron el 13% a los jubilados y van a volver a hacerlo, ya lo hicieron\u201d\",\"datePublished\":\"2023-08-07T10:07:21+00:00\",\"dateModified\":\"2023-08-07T12:40:31+00:00\",\"mainEntityOfPage\":{\"@id\":\"https:\\\/\\\/diariotextual.com\\\/inicio\\\/index.php\\\/2023\\\/08\\\/07\\\/sergio-massa-le-bajaron-el-13-a-los-jubilados-y-van-a-volver-a-hacerlo-ya-lo-hicieron\\\/\"},\"wordCount\":569,\"publisher\":{\"@id\":\"https:\\\/\\\/diariotextual.com\\\/inicio\\\/#organization\"},\"image\":{\"@id\":\"https:\\\/\\\/diariotextual.com\\\/inicio\\\/index.php\\\/2023\\\/08\\\/07\\\/sergio-massa-le-bajaron-el-13-a-los-jubilados-y-van-a-volver-a-hacerlo-ya-lo-hicieron\\\/#primaryimage\"},\"thumbnailUrl\":\"https:\\\/\\\/diariotextual.com\\\/inicio\\\/wp-content\\\/uploads\\\/2023\\\/08\\\/massasergiocampana5674366343.jpg\",\"articleSection\":[\"A - ES NOTICIA (van abajo)\",\"POLITICA\"],\"inLanguage\":\"es\"},{\"@type\":\"WebPage\",\"@id\":\"https:\\\/\\\/diariotextual.com\\\/inicio\\\/index.php\\\/2023\\\/08\\\/07\\\/sergio-massa-le-bajaron-el-13-a-los-jubilados-y-van-a-volver-a-hacerlo-ya-lo-hicieron\\\/\",\"url\":\"https:\\\/\\\/diariotextual.com\\\/inicio\\\/index.php\\\/2023\\\/08\\\/07\\\/sergio-massa-le-bajaron-el-13-a-los-jubilados-y-van-a-volver-a-hacerlo-ya-lo-hicieron\\\/\",\"name\":\"Sergio Massa: \u201cLe bajaron el 13% a los jubilados y van a volver a hacerlo, ya lo hicieron\u201d - Diario Textual\",\"isPartOf\":{\"@id\":\"https:\\\/\\\/diariotextual.com\\\/inicio\\\/#website\"},\"primaryImageOfPage\":{\"@id\":\"https:\\\/\\\/diariotextual.com\\\/inicio\\\/index.php\\\/2023\\\/08\\\/07\\\/sergio-massa-le-bajaron-el-13-a-los-jubilados-y-van-a-volver-a-hacerlo-ya-lo-hicieron\\\/#primaryimage\"},\"image\":{\"@id\":\"https:\\\/\\\/diariotextual.com\\\/inicio\\\/index.php\\\/2023\\\/08\\\/07\\\/sergio-massa-le-bajaron-el-13-a-los-jubilados-y-van-a-volver-a-hacerlo-ya-lo-hicieron\\\/#primaryimage\"},\"thumbnailUrl\":\"https:\\\/\\\/diariotextual.com\\\/inicio\\\/wp-content\\\/uploads\\\/2023\\\/08\\\/massasergiocampana5674366343.jpg\",\"datePublished\":\"2023-08-07T10:07:21+00:00\",\"dateModified\":\"2023-08-07T12:40:31+00:00\",\"breadcrumb\":{\"@id\":\"https:\\\/\\\/diariotextual.com\\\/inicio\\\/index.php\\\/2023\\\/08\\\/07\\\/sergio-massa-le-bajaron-el-13-a-los-jubilados-y-van-a-volver-a-hacerlo-ya-lo-hicieron\\\/#breadcrumb\"},\"inLanguage\":\"es\",\"potentialAction\":[{\"@type\":\"ReadAction\",\"target\":[\"https:\\\/\\\/diariotextual.com\\\/inicio\\\/index.php\\\/2023\\\/08\\\/07\\\/sergio-massa-le-bajaron-el-13-a-los-jubilados-y-van-a-volver-a-hacerlo-ya-lo-hicieron\\\/\"]}]},{\"@type\":\"ImageObject\",\"inLanguage\":\"es\",\"@id\":\"https:\\\/\\\/diariotextual.com\\\/inicio\\\/index.php\\\/2023\\\/08\\\/07\\\/sergio-massa-le-bajaron-el-13-a-los-jubilados-y-van-a-volver-a-hacerlo-ya-lo-hicieron\\\/#primaryimage\",\"url\":\"https:\\\/\\\/diariotextual.com\\\/inicio\\\/wp-content\\\/uploads\\\/2023\\\/08\\\/massasergiocampana5674366343.jpg\",\"contentUrl\":\"https:\\\/\\\/diariotextual.com\\\/inicio\\\/wp-content\\\/uploads\\\/2023\\\/08\\\/massasergiocampana5674366343.jpg\",\"width\":903,\"height\":609},{\"@type\":\"BreadcrumbList\",\"@id\":\"https:\\\/\\\/diariotextual.com\\\/inicio\\\/index.php\\\/2023\\\/08\\\/07\\\/sergio-massa-le-bajaron-el-13-a-los-jubilados-y-van-a-volver-a-hacerlo-ya-lo-hicieron\\\/#breadcrumb\",\"itemListElement\":[{\"@type\":\"ListItem\",\"position\":1,\"name\":\"Portada\",\"item\":\"https:\\\/\\\/diariotextual.com\\\/inicio\\\/\"},{\"@type\":\"ListItem\",\"position\":2,\"name\":\"Sergio Massa: \u201cLe bajaron el 13% a los jubilados y van a volver a hacerlo, ya lo hicieron\u201d\"}]},{\"@type\":\"WebSite\",\"@id\":\"https:\\\/\\\/diariotextual.com\\\/inicio\\\/#website\",\"url\":\"https:\\\/\\\/diariotextual.com\\\/inicio\\\/\",\"name\":\"Diario Textual\",\"description\":\"\",\"publisher\":{\"@id\":\"https:\\\/\\\/diariotextual.com\\\/inicio\\\/#organization\"},\"potentialAction\":[{\"@type\":\"SearchAction\",\"target\":{\"@type\":\"EntryPoint\",\"urlTemplate\":\"https:\\\/\\\/diariotextual.com\\\/inicio\\\/?s={search_term_string}\"},\"query-input\":{\"@type\":\"PropertyValueSpecification\",\"valueRequired\":true,\"valueName\":\"search_term_string\"}}],\"inLanguage\":\"es\"},{\"@type\":\"Organization\",\"@id\":\"https:\\\/\\\/diariotextual.com\\\/inicio\\\/#organization\",\"name\":\"Diario Textual\",\"url\":\"https:\\\/\\\/diariotextual.com\\\/inicio\\\/\",\"logo\":{\"@type\":\"ImageObject\",\"inLanguage\":\"es\",\"@id\":\"https:\\\/\\\/diariotextual.com\\\/inicio\\\/#\\\/schema\\\/logo\\\/image\\\/\",\"url\":\"https:\\\/\\\/diariotextual.com\\\/inicio\\\/wp-content\\\/uploads\\\/2023\\\/05\\\/logotextual1.jpg\",\"contentUrl\":\"https:\\\/\\\/diariotextual.com\\\/inicio\\\/wp-content\\\/uploads\\\/2023\\\/05\\\/logotextual1.jpg\",\"width\":516,\"height\":76,\"caption\":\"Diario Textual\"},\"image\":{\"@id\":\"https:\\\/\\\/diariotextual.com\\\/inicio\\\/#\\\/schema\\\/logo\\\/image\\\/\"},\"sameAs\":[\"https:\\\/\\\/www.facebook.com\\\/eltextual\",\"https:\\\/\\\/x.com\\\/eltextual\",\"http:\\\/\\\/www.instagram.com\\\/eltextual\"]},{\"@type\":\"Person\",\"@id\":\"https:\\\/\\\/diariotextual.com\\\/inicio\\\/#\\\/schema\\\/person\\\/694f60677f23c4a530867a98f22b3768\",\"name\":\"diario2\",\"image\":{\"@type\":\"ImageObject\",\"inLanguage\":\"es\",\"@id\":\"https:\\\/\\\/secure.gravatar.com\\\/avatar\\\/5a2567495ba16b852fcd8f1ed006a2e24fcace936018ed8237e95f488ad6e0a7?s=96&d=mm&r=g\",\"url\":\"https:\\\/\\\/secure.gravatar.com\\\/avatar\\\/5a2567495ba16b852fcd8f1ed006a2e24fcace936018ed8237e95f488ad6e0a7?s=96&d=mm&r=g\",\"contentUrl\":\"https:\\\/\\\/secure.gravatar.com\\\/avatar\\\/5a2567495ba16b852fcd8f1ed006a2e24fcace936018ed8237e95f488ad6e0a7?s=96&d=mm&r=g\",\"caption\":\"diario2\"},\"url\":\"https:\\\/\\\/diariotextual.com\\\/inicio\\\/index.php\\\/author\\\/diario2\\\/\"}]}<\/script>\n<!-- \/ Yoast SEO plugin. -->","yoast_head_json":{"title":"Sergio Massa: \u201cLe bajaron el 13% a los jubilados y van a volver a hacerlo, ya lo hicieron\u201d - Diario Textual","robots":{"index":"index","follow":"follow","max-snippet":"max-snippet:-1","max-image-preview":"max-image-preview:large","max-video-preview":"max-video-preview:-1"},"canonical":"https:\/\/diariotextual.com\/inicio\/index.php\/2023\/08\/07\/sergio-massa-le-bajaron-el-13-a-los-jubilados-y-van-a-volver-a-hacerlo-ya-lo-hicieron\/","og_locale":"es_ES","og_type":"article","og_title":"Sergio Massa: \u201cLe bajaron el 13% a los jubilados y van a volver a hacerlo, ya lo hicieron\u201d - Diario Textual","og_description":"\u201cLas negociaciones con el Fondo son duras, no se llega a las manos ni mucho menos, pero ellos tienen una mirada muy premoldeada, piensan la misma soluci\u00f3n para Pakist\u00e1n que&hellip;","og_url":"https:\/\/diariotextual.com\/inicio\/index.php\/2023\/08\/07\/sergio-massa-le-bajaron-el-13-a-los-jubilados-y-van-a-volver-a-hacerlo-ya-lo-hicieron\/","og_site_name":"Diario Textual","article_publisher":"https:\/\/www.facebook.com\/eltextual","article_published_time":"2023-08-07T10:07:21+00:00","article_modified_time":"2023-08-07T12:40:31+00:00","og_image":[{"width":903,"height":609,"url":"https:\/\/diariotextual.com\/inicio\/wp-content\/uploads\/2023\/08\/massasergiocampana5674366343.jpg","type":"image\/jpeg"}],"author":"diario2","twitter_card":"summary_large_image","twitter_creator":"@eltextual","twitter_site":"@eltextual","twitter_misc":{"Escrito por":"diario2","Tiempo de lectura":"3 minutos"},"schema":{"@context":"https:\/\/schema.org","@graph":[{"@type":"Article","@id":"https:\/\/diariotextual.com\/inicio\/index.php\/2023\/08\/07\/sergio-massa-le-bajaron-el-13-a-los-jubilados-y-van-a-volver-a-hacerlo-ya-lo-hicieron\/#article","isPartOf":{"@id":"https:\/\/diariotextual.com\/inicio\/index.php\/2023\/08\/07\/sergio-massa-le-bajaron-el-13-a-los-jubilados-y-van-a-volver-a-hacerlo-ya-lo-hicieron\/"},"author":{"name":"diario2","@id":"https:\/\/diariotextual.com\/inicio\/#\/schema\/person\/694f60677f23c4a530867a98f22b3768"},"headline":"Sergio Massa: \u201cLe bajaron el 13% a los jubilados y van a volver a hacerlo, ya lo hicieron\u201d","datePublished":"2023-08-07T10:07:21+00:00","dateModified":"2023-08-07T12:40:31+00:00","mainEntityOfPage":{"@id":"https:\/\/diariotextual.com\/inicio\/index.php\/2023\/08\/07\/sergio-massa-le-bajaron-el-13-a-los-jubilados-y-van-a-volver-a-hacerlo-ya-lo-hicieron\/"},"wordCount":569,"publisher":{"@id":"https:\/\/diariotextual.com\/inicio\/#organization"},"image":{"@id":"https:\/\/diariotextual.com\/inicio\/index.php\/2023\/08\/07\/sergio-massa-le-bajaron-el-13-a-los-jubilados-y-van-a-volver-a-hacerlo-ya-lo-hicieron\/#primaryimage"},"thumbnailUrl":"https:\/\/diariotextual.com\/inicio\/wp-content\/uploads\/2023\/08\/massasergiocampana5674366343.jpg","articleSection":["A - ES NOTICIA (van abajo)","POLITICA"],"inLanguage":"es"},{"@type":"WebPage","@id":"https:\/\/diariotextual.com\/inicio\/index.php\/2023\/08\/07\/sergio-massa-le-bajaron-el-13-a-los-jubilados-y-van-a-volver-a-hacerlo-ya-lo-hicieron\/","url":"https:\/\/diariotextual.com\/inicio\/index.php\/2023\/08\/07\/sergio-massa-le-bajaron-el-13-a-los-jubilados-y-van-a-volver-a-hacerlo-ya-lo-hicieron\/","name":"Sergio Massa: \u201cLe bajaron el 13% a los jubilados y van a volver a hacerlo, ya lo hicieron\u201d - Diario Textual","isPartOf":{"@id":"https:\/\/diariotextual.com\/inicio\/#website"},"primaryImageOfPage":{"@id":"https:\/\/diariotextual.com\/inicio\/index.php\/2023\/08\/07\/sergio-massa-le-bajaron-el-13-a-los-jubilados-y-van-a-volver-a-hacerlo-ya-lo-hicieron\/#primaryimage"},"image":{"@id":"https:\/\/diariotextual.com\/inicio\/index.php\/2023\/08\/07\/sergio-massa-le-bajaron-el-13-a-los-jubilados-y-van-a-volver-a-hacerlo-ya-lo-hicieron\/#primaryimage"},"thumbnailUrl":"https:\/\/diariotextual.com\/inicio\/wp-content\/uploads\/2023\/08\/massasergiocampana5674366343.jpg","datePublished":"2023-08-07T10:07:21+00:00","dateModified":"2023-08-07T12:40:31+00:00","breadcrumb":{"@id":"https:\/\/diariotextual.com\/inicio\/index.php\/2023\/08\/07\/sergio-massa-le-bajaron-el-13-a-los-jubilados-y-van-a-volver-a-hacerlo-ya-lo-hicieron\/#breadcrumb"},"inLanguage":"es","potentialAction":[{"@type":"ReadAction","target":["https:\/\/diariotextual.com\/inicio\/index.php\/2023\/08\/07\/sergio-massa-le-bajaron-el-13-a-los-jubilados-y-van-a-volver-a-hacerlo-ya-lo-hicieron\/"]}]},{"@type":"ImageObject","inLanguage":"es","@id":"https:\/\/diariotextual.com\/inicio\/index.php\/2023\/08\/07\/sergio-massa-le-bajaron-el-13-a-los-jubilados-y-van-a-volver-a-hacerlo-ya-lo-hicieron\/#primaryimage","url":"https:\/\/diariotextual.com\/inicio\/wp-content\/uploads\/2023\/08\/massasergiocampana5674366343.jpg","contentUrl":"https:\/\/diariotextual.com\/inicio\/wp-content\/uploads\/2023\/08\/massasergiocampana5674366343.jpg","width":903,"height":609},{"@type":"BreadcrumbList","@id":"https:\/\/diariotextual.com\/inicio\/index.php\/2023\/08\/07\/sergio-massa-le-bajaron-el-13-a-los-jubilados-y-van-a-volver-a-hacerlo-ya-lo-hicieron\/#breadcrumb","itemListElement":[{"@type":"ListItem","position":1,"name":"Portada","item":"https:\/\/diariotextual.com\/inicio\/"},{"@type":"ListItem","position":2,"name":"Sergio Massa: \u201cLe bajaron el 13% a los jubilados y van a volver a hacerlo, ya lo hicieron\u201d"}]},{"@type":"WebSite","@id":"https:\/\/diariotextual.com\/inicio\/#website","url":"https:\/\/diariotextual.com\/inicio\/","name":"Diario Textual","description":"","publisher":{"@id":"https:\/\/diariotextual.com\/inicio\/#organization"},"potentialAction":[{"@type":"SearchAction","target":{"@type":"EntryPoint","urlTemplate":"https:\/\/diariotextual.com\/inicio\/?s={search_term_string}"},"query-input":{"@type":"PropertyValueSpecification","valueRequired":true,"valueName":"search_term_string"}}],"inLanguage":"es"},{"@type":"Organization","@id":"https:\/\/diariotextual.com\/inicio\/#organization","name":"Diario Textual","url":"https:\/\/diariotextual.com\/inicio\/","logo":{"@type":"ImageObject","inLanguage":"es","@id":"https:\/\/diariotextual.com\/inicio\/#\/schema\/logo\/image\/","url":"https:\/\/diariotextual.com\/inicio\/wp-content\/uploads\/2023\/05\/logotextual1.jpg","contentUrl":"https:\/\/diariotextual.com\/inicio\/wp-content\/uploads\/2023\/05\/logotextual1.jpg","width":516,"height":76,"caption":"Diario Textual"},"image":{"@id":"https:\/\/diariotextual.com\/inicio\/#\/schema\/logo\/image\/"},"sameAs":["https:\/\/www.facebook.com\/eltextual","https:\/\/x.com\/eltextual","http:\/\/www.instagram.com\/eltextual"]},{"@type":"Person","@id":"https:\/\/diariotextual.com\/inicio\/#\/schema\/person\/694f60677f23c4a530867a98f22b3768","name":"diario2","image":{"@type":"ImageObject","inLanguage":"es","@id":"https:\/\/secure.gravatar.com\/avatar\/5a2567495ba16b852fcd8f1ed006a2e24fcace936018ed8237e95f488ad6e0a7?s=96&d=mm&r=g","url":"https:\/\/secure.gravatar.com\/avatar\/5a2567495ba16b852fcd8f1ed006a2e24fcace936018ed8237e95f488ad6e0a7?s=96&d=mm&r=g","contentUrl":"https:\/\/secure.gravatar.com\/avatar\/5a2567495ba16b852fcd8f1ed006a2e24fcace936018ed8237e95f488ad6e0a7?s=96&d=mm&r=g","caption":"diario2"},"url":"https:\/\/diariotextual.com\/inicio\/index.php\/author\/diario2\/"}]}},"_links":{"self":[{"href":"https:\/\/diariotextual.com\/inicio\/index.php\/wp-json\/wp\/v2\/posts\/233030","targetHints":{"allow":["GET"]}}],"collection":[{"href":"https:\/\/diariotextual.com\/inicio\/index.php\/wp-json\/wp\/v2\/posts"}],"about":[{"href":"https:\/\/diariotextual.com\/inicio\/index.php\/wp-json\/wp\/v2\/types\/post"}],"author":[{"embeddable":true,"href":"https:\/\/diariotextual.com\/inicio\/index.php\/wp-json\/wp\/v2\/users\/4"}],"replies":[{"embeddable":true,"href":"https:\/\/diariotextual.com\/inicio\/index.php\/wp-json\/wp\/v2\/comments?post=233030"}],"version-history":[{"count":2,"href":"https:\/\/diariotextual.com\/inicio\/index.php\/wp-json\/wp\/v2\/posts\/233030\/revisions"}],"predecessor-version":[{"id":233032,"href":"https:\/\/diariotextual.com\/inicio\/index.php\/wp-json\/wp\/v2\/posts\/233030\/revisions\/233032"}],"wp:featuredmedia":[{"embeddable":true,"href":"https:\/\/diariotextual.com\/inicio\/index.php\/wp-json\/wp\/v2\/media\/233037"}],"wp:attachment":[{"href":"https:\/\/diariotextual.com\/inicio\/index.php\/wp-json\/wp\/v2\/media?parent=233030"}],"wp:term":[{"taxonomy":"category","embeddable":true,"href":"https:\/\/diariotextual.com\/inicio\/index.php\/wp-json\/wp\/v2\/categories?post=233030"},{"taxonomy":"post_tag","embeddable":true,"href":"https:\/\/diariotextual.com\/inicio\/index.php\/wp-json\/wp\/v2\/tags?post=233030"}],"curies":[{"name":"wp","href":"https:\/\/api.w.org\/{rel}","templated":true}]}}