{"id":233038,"date":"2023-08-07T07:26:36","date_gmt":"2023-08-07T10:26:36","guid":{"rendered":"https:\/\/diariotextual.com\/inicio\/?p=233038"},"modified":"2023-08-07T07:26:38","modified_gmt":"2023-08-07T10:26:38","slug":"fallecio-el-periodista-raul-noro-esposo-de-milagro-sala","status":"publish","type":"post","link":"https:\/\/diariotextual.com\/inicio\/index.php\/2023\/08\/07\/fallecio-el-periodista-raul-noro-esposo-de-milagro-sala\/","title":{"rendered":"Falleci\u00f3 el periodista Ra\u00fal Noro, esposo de Milagro Sala"},"content":{"rendered":"\n<p>El periodista <strong>Ra\u00fal Noro<\/strong>, esposo de la dirigente social Milagro Sala, falleci\u00f3 esta noche a los 80 a\u00f1os producto de un c\u00e1ncer que complic\u00f3 su salud en los \u00faltimos meses, informaron fuentes cercanas a la familia.<\/p>\n\n\n\n<p>Noro fue internado de urgencia en el sanatorio Lavalle, de la capital juje\u00f1a, debido a un \u201ccuadro de taquicardia\u201d que agrav\u00f3 su estado salud mientras cumpl\u00eda con su internaci\u00f3n domiciliaria en el domicilio del barrio Cuyaya.<\/p>\n\n\n\n<p>El periodista tuvo una extensa trayectoria profesional, fue corresponsal del diario La Gaceta y La Naci\u00f3n, trabaj\u00f3 en diversos medios locales y tambi\u00e9n escribi\u00f3 un libro en el a\u00f1o 2014.<\/p>\n\n\n\n<p>\u201cLa verdad de la realidad y la realidad de la verdad\u201d fue el trabajo que present\u00f3 en la Universidad Nacional de Jujuy en el 2014, basado en una recopilaci\u00f3n de art\u00edculos, \u201ccon la pretensi\u00f3n de acercar al gran p\u00fablico conceptos complejos de la filosof\u00eda y fenomenolog\u00eda\u201d y apelar \u00aba los recursos y al oficio period\u00edstico\u201d, describi\u00f3.<\/p>\n\n\n\n<p>Adem\u00e1s, fue integrante activo del Partido Humanista y estuvo vinculado al movimiento humanista.<\/p>\n\n\n\n<p>Recientemente, en una audiencia p\u00fablica de la Defensor\u00eda del P\u00fablico que se realiz\u00f3 en Jujuy, Milagro Sala expres\u00f3 sus preocupaciones en torno a su esposo, que atravesaba un complicado estado de salud: \u00abQuiero estar fuerte por \u00e9l que me dio una felicidad muy grande en mi vida\u201d.<\/p>\n","protected":false},"excerpt":{"rendered":"<p>El periodista Ra\u00fal Noro, esposo de la dirigente social Milagro Sala, falleci\u00f3 esta noche a los 80 a\u00f1os producto de un c\u00e1ncer que complic\u00f3 su salud en los \u00faltimos meses,&hellip;<\/p>\n","protected":false},"author":4,"featured_media":0,"comment_status":"closed","ping_status":"open","sticky":false,"template":"","format":"standard","meta":{"_acf_changed":false,"footnotes":""},"categories":[1,8],"tags":[],"class_list":["post-233038","post","type-post","status-publish","format-standard","hentry","category-es-noticia","category-politica"],"acf":[],"yoast_head":"<!-- This site is optimized with the Yoast SEO plugin v27.4 - https:\/\/yoast.com\/product\/yoast-seo-wordpress\/ -->\n<title>Falleci\u00f3 el periodista Ra\u00fal Noro, esposo de Milagro Sala - Diario Textual<\/title>\n<meta name=\"robots\" content=\"index, follow, max-snippet:-1, max-image-preview:large, max-video-preview:-1\" \/>\n<link rel=\"canonical\" href=\"https:\/\/diariotextual.com\/inicio\/index.php\/2023\/08\/07\/fallecio-el-periodista-raul-noro-esposo-de-milagro-sala\/\" \/>\n<meta property=\"og:locale\" content=\"es_ES\" \/>\n<meta property=\"og:type\" content=\"article\" \/>\n<meta property=\"og:title\" content=\"Falleci\u00f3 el periodista Ra\u00fal Noro, esposo de Milagro Sala - Diario Textual\" \/>\n<meta property=\"og:description\" content=\"El periodista Ra\u00fal Noro, esposo de la dirigente social Milagro Sala, falleci\u00f3 esta noche a los 80 a\u00f1os producto de un c\u00e1ncer que complic\u00f3 su salud en los \u00faltimos meses,&hellip;\" \/>\n<meta property=\"og:url\" content=\"https:\/\/diariotextual.com\/inicio\/index.php\/2023\/08\/07\/fallecio-el-periodista-raul-noro-esposo-de-milagro-sala\/\" \/>\n<meta property=\"og:site_name\" content=\"Diario Textual\" \/>\n<meta property=\"article:publisher\" content=\"https:\/\/www.facebook.com\/eltextual\" \/>\n<meta property=\"article:published_time\" content=\"2023-08-07T10:26:36+00:00\" \/>\n<meta property=\"article:modified_time\" content=\"2023-08-07T10:26:38+00:00\" \/>\n<meta name=\"author\" content=\"diario2\" \/>\n<meta name=\"twitter:card\" content=\"summary_large_image\" \/>\n<meta name=\"twitter:creator\" content=\"@eltextual\" \/>\n<meta name=\"twitter:site\" content=\"@eltextual\" \/>\n<meta name=\"twitter:label1\" content=\"Escrito por\" \/>\n\t<meta name=\"twitter:data1\" content=\"diario2\" \/>\n\t<meta name=\"twitter:label2\" content=\"Tiempo de lectura\" \/>\n\t<meta name=\"twitter:data2\" content=\"1 minuto\" \/>\n<script type=\"application\/ld+json\" class=\"yoast-schema-graph\">{\"@context\":\"https:\\\/\\\/schema.org\",\"@graph\":[{\"@type\":\"Article\",\"@id\":\"https:\\\/\\\/diariotextual.com\\\/inicio\\\/index.php\\\/2023\\\/08\\\/07\\\/fallecio-el-periodista-raul-noro-esposo-de-milagro-sala\\\/#article\",\"isPartOf\":{\"@id\":\"https:\\\/\\\/diariotextual.com\\\/inicio\\\/index.php\\\/2023\\\/08\\\/07\\\/fallecio-el-periodista-raul-noro-esposo-de-milagro-sala\\\/\"},\"author\":{\"name\":\"diario2\",\"@id\":\"https:\\\/\\\/diariotextual.com\\\/inicio\\\/#\\\/schema\\\/person\\\/694f60677f23c4a530867a98f22b3768\"},\"headline\":\"Falleci\u00f3 el periodista Ra\u00fal Noro, esposo de Milagro Sala\",\"datePublished\":\"2023-08-07T10:26:36+00:00\",\"dateModified\":\"2023-08-07T10:26:38+00:00\",\"mainEntityOfPage\":{\"@id\":\"https:\\\/\\\/diariotextual.com\\\/inicio\\\/index.php\\\/2023\\\/08\\\/07\\\/fallecio-el-periodista-raul-noro-esposo-de-milagro-sala\\\/\"},\"wordCount\":245,\"publisher\":{\"@id\":\"https:\\\/\\\/diariotextual.com\\\/inicio\\\/#organization\"},\"articleSection\":[\"A - ES NOTICIA (van abajo)\",\"POLITICA\"],\"inLanguage\":\"es\"},{\"@type\":\"WebPage\",\"@id\":\"https:\\\/\\\/diariotextual.com\\\/inicio\\\/index.php\\\/2023\\\/08\\\/07\\\/fallecio-el-periodista-raul-noro-esposo-de-milagro-sala\\\/\",\"url\":\"https:\\\/\\\/diariotextual.com\\\/inicio\\\/index.php\\\/2023\\\/08\\\/07\\\/fallecio-el-periodista-raul-noro-esposo-de-milagro-sala\\\/\",\"name\":\"Falleci\u00f3 el periodista Ra\u00fal Noro, esposo de Milagro Sala - Diario Textual\",\"isPartOf\":{\"@id\":\"https:\\\/\\\/diariotextual.com\\\/inicio\\\/#website\"},\"datePublished\":\"2023-08-07T10:26:36+00:00\",\"dateModified\":\"2023-08-07T10:26:38+00:00\",\"breadcrumb\":{\"@id\":\"https:\\\/\\\/diariotextual.com\\\/inicio\\\/index.php\\\/2023\\\/08\\\/07\\\/fallecio-el-periodista-raul-noro-esposo-de-milagro-sala\\\/#breadcrumb\"},\"inLanguage\":\"es\",\"potentialAction\":[{\"@type\":\"ReadAction\",\"target\":[\"https:\\\/\\\/diariotextual.com\\\/inicio\\\/index.php\\\/2023\\\/08\\\/07\\\/fallecio-el-periodista-raul-noro-esposo-de-milagro-sala\\\/\"]}]},{\"@type\":\"BreadcrumbList\",\"@id\":\"https:\\\/\\\/diariotextual.com\\\/inicio\\\/index.php\\\/2023\\\/08\\\/07\\\/fallecio-el-periodista-raul-noro-esposo-de-milagro-sala\\\/#breadcrumb\",\"itemListElement\":[{\"@type\":\"ListItem\",\"position\":1,\"name\":\"Portada\",\"item\":\"https:\\\/\\\/diariotextual.com\\\/inicio\\\/\"},{\"@type\":\"ListItem\",\"position\":2,\"name\":\"Falleci\u00f3 el periodista Ra\u00fal Noro, esposo de Milagro Sala\"}]},{\"@type\":\"WebSite\",\"@id\":\"https:\\\/\\\/diariotextual.com\\\/inicio\\\/#website\",\"url\":\"https:\\\/\\\/diariotextual.com\\\/inicio\\\/\",\"name\":\"Diario Textual\",\"description\":\"\",\"publisher\":{\"@id\":\"https:\\\/\\\/diariotextual.com\\\/inicio\\\/#organization\"},\"potentialAction\":[{\"@type\":\"SearchAction\",\"target\":{\"@type\":\"EntryPoint\",\"urlTemplate\":\"https:\\\/\\\/diariotextual.com\\\/inicio\\\/?s={search_term_string}\"},\"query-input\":{\"@type\":\"PropertyValueSpecification\",\"valueRequired\":true,\"valueName\":\"search_term_string\"}}],\"inLanguage\":\"es\"},{\"@type\":\"Organization\",\"@id\":\"https:\\\/\\\/diariotextual.com\\\/inicio\\\/#organization\",\"name\":\"Diario Textual\",\"url\":\"https:\\\/\\\/diariotextual.com\\\/inicio\\\/\",\"logo\":{\"@type\":\"ImageObject\",\"inLanguage\":\"es\",\"@id\":\"https:\\\/\\\/diariotextual.com\\\/inicio\\\/#\\\/schema\\\/logo\\\/image\\\/\",\"url\":\"https:\\\/\\\/diariotextual.com\\\/inicio\\\/wp-content\\\/uploads\\\/2023\\\/05\\\/logotextual1.jpg\",\"contentUrl\":\"https:\\\/\\\/diariotextual.com\\\/inicio\\\/wp-content\\\/uploads\\\/2023\\\/05\\\/logotextual1.jpg\",\"width\":516,\"height\":76,\"caption\":\"Diario Textual\"},\"image\":{\"@id\":\"https:\\\/\\\/diariotextual.com\\\/inicio\\\/#\\\/schema\\\/logo\\\/image\\\/\"},\"sameAs\":[\"https:\\\/\\\/www.facebook.com\\\/eltextual\",\"https:\\\/\\\/x.com\\\/eltextual\",\"http:\\\/\\\/www.instagram.com\\\/eltextual\"]},{\"@type\":\"Person\",\"@id\":\"https:\\\/\\\/diariotextual.com\\\/inicio\\\/#\\\/schema\\\/person\\\/694f60677f23c4a530867a98f22b3768\",\"name\":\"diario2\",\"image\":{\"@type\":\"ImageObject\",\"inLanguage\":\"es\",\"@id\":\"https:\\\/\\\/secure.gravatar.com\\\/avatar\\\/5a2567495ba16b852fcd8f1ed006a2e24fcace936018ed8237e95f488ad6e0a7?s=96&d=mm&r=g\",\"url\":\"https:\\\/\\\/secure.gravatar.com\\\/avatar\\\/5a2567495ba16b852fcd8f1ed006a2e24fcace936018ed8237e95f488ad6e0a7?s=96&d=mm&r=g\",\"contentUrl\":\"https:\\\/\\\/secure.gravatar.com\\\/avatar\\\/5a2567495ba16b852fcd8f1ed006a2e24fcace936018ed8237e95f488ad6e0a7?s=96&d=mm&r=g\",\"caption\":\"diario2\"},\"url\":\"https:\\\/\\\/diariotextual.com\\\/inicio\\\/index.php\\\/author\\\/diario2\\\/\"}]}<\/script>\n<!-- \/ Yoast SEO plugin. -->","yoast_head_json":{"title":"Falleci\u00f3 el periodista Ra\u00fal Noro, esposo de Milagro Sala - Diario Textual","robots":{"index":"index","follow":"follow","max-snippet":"max-snippet:-1","max-image-preview":"max-image-preview:large","max-video-preview":"max-video-preview:-1"},"canonical":"https:\/\/diariotextual.com\/inicio\/index.php\/2023\/08\/07\/fallecio-el-periodista-raul-noro-esposo-de-milagro-sala\/","og_locale":"es_ES","og_type":"article","og_title":"Falleci\u00f3 el periodista Ra\u00fal Noro, esposo de Milagro Sala - Diario Textual","og_description":"El periodista Ra\u00fal Noro, esposo de la dirigente social Milagro Sala, falleci\u00f3 esta noche a los 80 a\u00f1os producto de un c\u00e1ncer que complic\u00f3 su salud en los \u00faltimos meses,&hellip;","og_url":"https:\/\/diariotextual.com\/inicio\/index.php\/2023\/08\/07\/fallecio-el-periodista-raul-noro-esposo-de-milagro-sala\/","og_site_name":"Diario Textual","article_publisher":"https:\/\/www.facebook.com\/eltextual","article_published_time":"2023-08-07T10:26:36+00:00","article_modified_time":"2023-08-07T10:26:38+00:00","author":"diario2","twitter_card":"summary_large_image","twitter_creator":"@eltextual","twitter_site":"@eltextual","twitter_misc":{"Escrito por":"diario2","Tiempo de lectura":"1 minuto"},"schema":{"@context":"https:\/\/schema.org","@graph":[{"@type":"Article","@id":"https:\/\/diariotextual.com\/inicio\/index.php\/2023\/08\/07\/fallecio-el-periodista-raul-noro-esposo-de-milagro-sala\/#article","isPartOf":{"@id":"https:\/\/diariotextual.com\/inicio\/index.php\/2023\/08\/07\/fallecio-el-periodista-raul-noro-esposo-de-milagro-sala\/"},"author":{"name":"diario2","@id":"https:\/\/diariotextual.com\/inicio\/#\/schema\/person\/694f60677f23c4a530867a98f22b3768"},"headline":"Falleci\u00f3 el periodista Ra\u00fal Noro, esposo de Milagro Sala","datePublished":"2023-08-07T10:26:36+00:00","dateModified":"2023-08-07T10:26:38+00:00","mainEntityOfPage":{"@id":"https:\/\/diariotextual.com\/inicio\/index.php\/2023\/08\/07\/fallecio-el-periodista-raul-noro-esposo-de-milagro-sala\/"},"wordCount":245,"publisher":{"@id":"https:\/\/diariotextual.com\/inicio\/#organization"},"articleSection":["A - ES NOTICIA (van abajo)","POLITICA"],"inLanguage":"es"},{"@type":"WebPage","@id":"https:\/\/diariotextual.com\/inicio\/index.php\/2023\/08\/07\/fallecio-el-periodista-raul-noro-esposo-de-milagro-sala\/","url":"https:\/\/diariotextual.com\/inicio\/index.php\/2023\/08\/07\/fallecio-el-periodista-raul-noro-esposo-de-milagro-sala\/","name":"Falleci\u00f3 el periodista Ra\u00fal Noro, esposo de Milagro Sala - Diario Textual","isPartOf":{"@id":"https:\/\/diariotextual.com\/inicio\/#website"},"datePublished":"2023-08-07T10:26:36+00:00","dateModified":"2023-08-07T10:26:38+00:00","breadcrumb":{"@id":"https:\/\/diariotextual.com\/inicio\/index.php\/2023\/08\/07\/fallecio-el-periodista-raul-noro-esposo-de-milagro-sala\/#breadcrumb"},"inLanguage":"es","potentialAction":[{"@type":"ReadAction","target":["https:\/\/diariotextual.com\/inicio\/index.php\/2023\/08\/07\/fallecio-el-periodista-raul-noro-esposo-de-milagro-sala\/"]}]},{"@type":"BreadcrumbList","@id":"https:\/\/diariotextual.com\/inicio\/index.php\/2023\/08\/07\/fallecio-el-periodista-raul-noro-esposo-de-milagro-sala\/#breadcrumb","itemListElement":[{"@type":"ListItem","position":1,"name":"Portada","item":"https:\/\/diariotextual.com\/inicio\/"},{"@type":"ListItem","position":2,"name":"Falleci\u00f3 el periodista Ra\u00fal Noro, esposo de Milagro Sala"}]},{"@type":"WebSite","@id":"https:\/\/diariotextual.com\/inicio\/#website","url":"https:\/\/diariotextual.com\/inicio\/","name":"Diario Textual","description":"","publisher":{"@id":"https:\/\/diariotextual.com\/inicio\/#organization"},"potentialAction":[{"@type":"SearchAction","target":{"@type":"EntryPoint","urlTemplate":"https:\/\/diariotextual.com\/inicio\/?s={search_term_string}"},"query-input":{"@type":"PropertyValueSpecification","valueRequired":true,"valueName":"search_term_string"}}],"inLanguage":"es"},{"@type":"Organization","@id":"https:\/\/diariotextual.com\/inicio\/#organization","name":"Diario Textual","url":"https:\/\/diariotextual.com\/inicio\/","logo":{"@type":"ImageObject","inLanguage":"es","@id":"https:\/\/diariotextual.com\/inicio\/#\/schema\/logo\/image\/","url":"https:\/\/diariotextual.com\/inicio\/wp-content\/uploads\/2023\/05\/logotextual1.jpg","contentUrl":"https:\/\/diariotextual.com\/inicio\/wp-content\/uploads\/2023\/05\/logotextual1.jpg","width":516,"height":76,"caption":"Diario Textual"},"image":{"@id":"https:\/\/diariotextual.com\/inicio\/#\/schema\/logo\/image\/"},"sameAs":["https:\/\/www.facebook.com\/eltextual","https:\/\/x.com\/eltextual","http:\/\/www.instagram.com\/eltextual"]},{"@type":"Person","@id":"https:\/\/diariotextual.com\/inicio\/#\/schema\/person\/694f60677f23c4a530867a98f22b3768","name":"diario2","image":{"@type":"ImageObject","inLanguage":"es","@id":"https:\/\/secure.gravatar.com\/avatar\/5a2567495ba16b852fcd8f1ed006a2e24fcace936018ed8237e95f488ad6e0a7?s=96&d=mm&r=g","url":"https:\/\/secure.gravatar.com\/avatar\/5a2567495ba16b852fcd8f1ed006a2e24fcace936018ed8237e95f488ad6e0a7?s=96&d=mm&r=g","contentUrl":"https:\/\/secure.gravatar.com\/avatar\/5a2567495ba16b852fcd8f1ed006a2e24fcace936018ed8237e95f488ad6e0a7?s=96&d=mm&r=g","caption":"diario2"},"url":"https:\/\/diariotextual.com\/inicio\/index.php\/author\/diario2\/"}]}},"_links":{"self":[{"href":"https:\/\/diariotextual.com\/inicio\/index.php\/wp-json\/wp\/v2\/posts\/233038","targetHints":{"allow":["GET"]}}],"collection":[{"href":"https:\/\/diariotextual.com\/inicio\/index.php\/wp-json\/wp\/v2\/posts"}],"about":[{"href":"https:\/\/diariotextual.com\/inicio\/index.php\/wp-json\/wp\/v2\/types\/post"}],"author":[{"embeddable":true,"href":"https:\/\/diariotextual.com\/inicio\/index.php\/wp-json\/wp\/v2\/users\/4"}],"replies":[{"embeddable":true,"href":"https:\/\/diariotextual.com\/inicio\/index.php\/wp-json\/wp\/v2\/comments?post=233038"}],"version-history":[{"count":2,"href":"https:\/\/diariotextual.com\/inicio\/index.php\/wp-json\/wp\/v2\/posts\/233038\/revisions"}],"predecessor-version":[{"id":233040,"href":"https:\/\/diariotextual.com\/inicio\/index.php\/wp-json\/wp\/v2\/posts\/233038\/revisions\/233040"}],"wp:attachment":[{"href":"https:\/\/diariotextual.com\/inicio\/index.php\/wp-json\/wp\/v2\/media?parent=233038"}],"wp:term":[{"taxonomy":"category","embeddable":true,"href":"https:\/\/diariotextual.com\/inicio\/index.php\/wp-json\/wp\/v2\/categories?post=233038"},{"taxonomy":"post_tag","embeddable":true,"href":"https:\/\/diariotextual.com\/inicio\/index.php\/wp-json\/wp\/v2\/tags?post=233038"}],"curies":[{"name":"wp","href":"https:\/\/api.w.org\/{rel}","templated":true}]}}