{"id":233080,"date":"2023-08-07T10:28:50","date_gmt":"2023-08-07T13:28:50","guid":{"rendered":"https:\/\/diariotextual.com\/inicio\/?p=233080"},"modified":"2023-08-08T18:17:11","modified_gmt":"2023-08-08T21:17:11","slug":"yanina-siempre-me-culparon-y-soy-inocente-hay-mucha-alevosia-en-mi-contra","status":"publish","type":"post","link":"https:\/\/diariotextual.com\/inicio\/index.php\/2023\/08\/07\/yanina-siempre-me-culparon-y-soy-inocente-hay-mucha-alevosia-en-mi-contra\/","title":{"rendered":"Yanina: \u201cSiempre me culparon y soy inocente, hay mucha alevos\u00eda en mi contra\u201d"},"content":{"rendered":"\n<p><strong>Yanina Coronel<\/strong>, luego de los alegatos donde la <strong><a href=\"https:\/\/diariotextual.com\/inicio\/index.php\/2023\/08\/07\/este-lunes-alegatos-del-juicio-a-yanina-coronel-la-mujer-acusada-de-envenenar-a-su-pareja\/\" target=\"_blank\" rel=\"noreferrer noopener\">fiscal\u00eda la acus\u00f3 de intentar matar a su entonces pareja el polic\u00eda Gabriel P\u00e1ez Albornoz mediante el suministro de veneno<\/a><\/strong>, habl\u00f3 con la prensa. \u201cMi sensaci\u00f3n es que siempre me culparon y fui inocente. Sufr\u00ed siempre la violencia despu\u00e9s de la separaci\u00f3n. P\u00e1ez siempre me sigui\u00f3 hostigando porque cada vez que sal\u00eda en los medios hab\u00eda una amenaza que se recib\u00eda para callarme. Me parece mucha alevos\u00eda en mi contra\u201d, dijo ante una consulta de Diario Textual.<\/p>\n\n\n\n<p>\u201cNo es f\u00e1cil porque siempre que intentaba hacer una denuncia, oficiales de la calle G\u00fcemes, conocidas porque yo les hac\u00eda trabajos de dise\u00f1o, me dijeron que si ingresaban los papeles ten\u00eda cinco o siete minutos antes que \u00e9l (P\u00e1ez Albornoz) se entere y me pueda ir de mi casa. Nunca fueron tomadas las denuncias. A \u00e9l siempre le avisaban por tel\u00e9fono. Era un control constante que ten\u00eda cada vez que sal\u00eda de mi casa con el nene. Ten\u00eda polic\u00edas que le avisaban\u201d, denunci\u00f3.<\/p>\n\n\n\n<p><strong>-Teniendo en cuenta este contexto, \u00bften\u00e9s alguna expectativa de lo que pase en este juicio?-pregunt\u00f3 Diario Textual.<\/strong><\/p>\n\n\n\n<p>-Tengo esperanzas de que se haga una absoluci\u00f3n con todas las irregularidades que quedaron a la luz de parte de los testigos de \u00e9l, que lo encubrieron con el tema de la violencia. Porque no solamente yo sufr\u00ed la violencia, sino que su propio hijo tambi\u00e9n. Cada vez que pasaba dejaba el celular grabando, por eso me fue f\u00e1cil acreditar el tema de la violencia. Hay muchas pruebas.<\/p>\n\n\n\n<p>El fiscal Oscar Cazenave pidi\u00f3 este lunes que se la condene por&nbsp;\u201cintento de homicidio doblemente calificado mediante la utilizaci\u00f3n de veneno\u201d.<\/p>\n\n\n\n<p>Seg\u00fan Cazenave, \u201cqued\u00f3 probado en el debate la utilizaci\u00f3n por parte de Coronel de Metamilo\u201d, una sustancia venenosa hallada en la casa de la acusada.<\/p>\n\n\n\n<p>Sostuvo que producto de la ingesta del licuado de banana Paez Albornoz \u201ccorri\u00f3 riesgo de muerte\u201d.<\/p>\n\n\n\n<p>El abogado querellante, Benjam\u00edn Ortiz, adhiri\u00f3 al alegato de fiscal\u00eda. \u201cLas pruebas que se presentaron no generan dudas\u201d del intento de envenenamiento por parte de Coronel.<\/p>\n\n\n\n<p>\u201cLa autor\u00eda material qued\u00f3 plenamente demostrada, hubo dolo directo. Es muy grave esto\u201d, dijo.<\/p>\n\n\n\n<p>Cuestion\u00f3 que \u201cse pretenda naturalizar una tentativa de homicidio desde la perspectiva de g\u00e9nero\u201d.<\/p>\n\n\n\n<p>\u201cYo no estoy a favor de la violencia ni lo voy a estar, pero ac\u00e1 qued\u00f3 demostrado que Coronel intent\u00f3 envenenar a Paez Albornoz\u201d, dijo y sostuvo que su defendido \u201cpas\u00f3 de v\u00edctima a victimario cuando se mezcl\u00f3 el hecho en debate y la.perspectiva de g\u00e9nero\u201d.<\/p>\n\n\n\n<p>\u201cAc\u00e1 hay una sola v\u00edctima, que es el se\u00f1or Paez\u201d, agreg\u00f3.<\/p>\n\n\n\n<p>La defensora, Camila Aimar, pidi\u00f3 la absoluci\u00f3n por el beneficio de la duda. \u201cAc\u00e1 el culpable ha sido elegido, no emcontrado\u201d, dijo. \u201cHay demasiadas dudas. Es m\u00e1s f\u00e1cil acusar a una mujer\u201d, dijo.<\/p>\n\n\n\n<p>\u201cYanina no solo se encuentra frente a una calificaci\u00f3n gravosa, sino tambi\u00e9n al sistema policial\u201d, remarc\u00f3.<\/p>\n\n\n\n<p>\u201cNo hay nada que a ella la haga dudar sobre algo que ella no cometi\u00f3\u201d, dijo.<\/p>\n\n\n\n<p>Atac\u00f3 las \u201cirregularidades\u201d de la investigaci\u00f3n fiscal y la \u201cfalta de objetividad\u201d de los testigos propuestos por la fiscal\u00eda y la querella.<\/p>\n\n\n\n<p>Sostuvo que en las declaraciones hubo \u201cincongruencias\u201d y dud\u00f3 de la posible \u201cmala fe\u201d.<\/p>\n\n\n\n<p>\u201cEl intento de la defensa fue dejar en claro que Yanina era una persona sumisa que sobreviv\u00eda a la realidad que ten\u00eda\u201d, dijo Aimar.<\/p>\n\n\n\n<p>Asegur\u00f3 que \u201cno se prob\u00f3\u201d que su defendida haya comprado el veneno encontrado en el licuado.<\/p>\n\n\n\n<p>\u00abHay demasiados cabos sueltos para tener certezas de que Yanina intent\u00f3 matar a Paez Albornoz\u00bb, dijo.<\/p>\n\n\n\n<p>El 22 de agosto se leer\u00e1 la sentencia. En la audiencia de hoy no hubo pedido de pena debido a que se aplic\u00f3 la llamada cesura de juicio. Se trata de la divisi\u00f3n del debate en dos partes: una dedicada al an\u00e1lisis de la existencia del hecho y el discernimiento de la culpabilidad y la otra a la determinaci\u00f3n de la pena. Por lo tanto, lo que se definir\u00e1 es si Coronel es culpable o no de lo que se le imputa.<\/p>\n\n\n\n<p>Yanina lleg\u00f3 al juicio acusada de intentar envenenar en septiembre de 2021 a su entonces pareja P\u00e1ez Albornoz cuando \u00e9ste se intoxic\u00f3 al ingerir un licuado en la sede de la Divisi\u00f3n Seguridad Rural. Ese batido lo hab\u00eda preparado la mujer.<\/p>\n\n\n\n<p>El uniformado tom\u00f3 un poco del batido que conten\u00eda una botella de vidrio y se descompuso. Incluso un perro que lami\u00f3 el l\u00edquido, muri\u00f3 casi inmediatamente.<\/p>\n\n\n\n<p>Los peritos encontraron restos del insecticida Metimol en una licuadora y en los jugos g\u00e1stricos de perro y en la orina del polic\u00eda. Tambi\u00e9n los polic\u00edas hallaron un sobre con el veneno en la vivienda que compart\u00edan el polic\u00eda, Yanina y el nene de ambos.<\/p>\n\n\n\n<p>Cinco d\u00edas despu\u00e9s, detuvieron a Yanina y ordenaron su detenci\u00f3n ante la sospecha de que intent\u00f3 envenenarlo.<\/p>\n\n\n\n<p>Un informe de la Oficina de la Mujer y Violencia Dom\u00e9stica del Poder Judicial de La Pampa revel\u00f3 que Yanina sufr\u00eda violencia de g\u00e9nero \u201cen el tipo psicol\u00f3gico, emocional, verbal, sexual, f\u00edsico, econ\u00f3mico, patrimonial, ambiental y simb\u00f3lico\u201d.<\/p>\n\n\n\n<p>En una<strong><a href=\"https:\/\/diariotextual.com\/inicio\/index.php\/2021\/10\/15\/yanina-la-acusada-de-envenenar-a-su-pareja-el-me-queria-muerta\/\" target=\"_blank\" rel=\"noreferrer noopener\">&nbsp;carta p\u00fablica<\/a><\/strong>&nbsp;que dio a conocer d\u00edas despu\u00e9s del hecho la joven dijo que es inocente, revel\u00f3 las situaciones de violencia a las que, asegur\u00f3, fue sometida en sus diez a\u00f1os de convivencia con su pareja, y apunt\u00f3 a la \u201ccomplicidades\u201d de la Polic\u00eda.<\/p>\n\n\n\n<p>Coronel asegur\u00f3 que&nbsp;P\u00e1ez Albornoz la someti\u00f3 a violencia f\u00edsica y econ\u00f3mica y asegur\u00f3 que la amenaz\u00f3, en reiteradas oportunidades, con matarla.<\/p>\n","protected":false},"excerpt":{"rendered":"<p>Yanina Coronel, luego de los alegatos donde la fiscal\u00eda la acus\u00f3 de intentar matar a su entonces pareja el polic\u00eda Gabriel P\u00e1ez Albornoz mediante el suministro de veneno, habl\u00f3 con&hellip;<\/p>\n","protected":false},"author":7,"featured_media":233083,"comment_status":"closed","ping_status":"open","sticky":false,"template":"","format":"standard","meta":{"_acf_changed":false,"footnotes":""},"categories":[11,12],"tags":[],"class_list":["post-233080","post","type-post","status-publish","format-standard","has-post-thumbnail","hentry","category-que-pasa","category-sociedad"],"acf":[],"yoast_head":"<!-- This site is optimized with the Yoast SEO plugin v27.5 - https:\/\/yoast.com\/product\/yoast-seo-wordpress\/ -->\n<title>Yanina: \u201cSiempre me culparon y soy inocente, hay mucha alevos\u00eda en mi contra\u201d - Diario Textual<\/title>\n<meta name=\"robots\" content=\"index, follow, max-snippet:-1, max-image-preview:large, max-video-preview:-1\" \/>\n<link rel=\"canonical\" href=\"https:\/\/diariotextual.com\/inicio\/index.php\/2023\/08\/07\/yanina-siempre-me-culparon-y-soy-inocente-hay-mucha-alevosia-en-mi-contra\/\" \/>\n<meta property=\"og:locale\" content=\"es_ES\" \/>\n<meta property=\"og:type\" content=\"article\" \/>\n<meta property=\"og:title\" content=\"Yanina: \u201cSiempre me culparon y soy inocente, hay mucha alevos\u00eda en mi contra\u201d - Diario Textual\" \/>\n<meta property=\"og:description\" content=\"Yanina Coronel, luego de los alegatos donde la fiscal\u00eda la acus\u00f3 de intentar matar a su entonces pareja el polic\u00eda Gabriel P\u00e1ez Albornoz mediante el suministro de veneno, habl\u00f3 con&hellip;\" \/>\n<meta property=\"og:url\" content=\"https:\/\/diariotextual.com\/inicio\/index.php\/2023\/08\/07\/yanina-siempre-me-culparon-y-soy-inocente-hay-mucha-alevosia-en-mi-contra\/\" \/>\n<meta property=\"og:site_name\" content=\"Diario Textual\" \/>\n<meta property=\"article:publisher\" content=\"https:\/\/www.facebook.com\/eltextual\" \/>\n<meta property=\"article:published_time\" content=\"2023-08-07T13:28:50+00:00\" \/>\n<meta property=\"article:modified_time\" content=\"2023-08-08T21:17:11+00:00\" \/>\n<meta property=\"og:image\" content=\"https:\/\/diariotextual.com\/inicio\/wp-content\/uploads\/2023\/08\/coronelyanina-scaled.jpg\" \/>\n\t<meta property=\"og:image:width\" content=\"2560\" \/>\n\t<meta property=\"og:image:height\" content=\"1920\" \/>\n\t<meta property=\"og:image:type\" content=\"image\/jpeg\" \/>\n<meta name=\"author\" content=\"diario5\" \/>\n<meta name=\"twitter:card\" content=\"summary_large_image\" \/>\n<meta name=\"twitter:creator\" content=\"@eltextual\" \/>\n<meta name=\"twitter:site\" content=\"@eltextual\" \/>\n<meta name=\"twitter:label1\" content=\"Escrito por\" \/>\n\t<meta name=\"twitter:data1\" content=\"diario5\" \/>\n\t<meta name=\"twitter:label2\" content=\"Tiempo de lectura\" \/>\n\t<meta name=\"twitter:data2\" content=\"5 minutos\" \/>\n<script type=\"application\/ld+json\" class=\"yoast-schema-graph\">{\"@context\":\"https:\\\/\\\/schema.org\",\"@graph\":[{\"@type\":\"Article\",\"@id\":\"https:\\\/\\\/diariotextual.com\\\/inicio\\\/index.php\\\/2023\\\/08\\\/07\\\/yanina-siempre-me-culparon-y-soy-inocente-hay-mucha-alevosia-en-mi-contra\\\/#article\",\"isPartOf\":{\"@id\":\"https:\\\/\\\/diariotextual.com\\\/inicio\\\/index.php\\\/2023\\\/08\\\/07\\\/yanina-siempre-me-culparon-y-soy-inocente-hay-mucha-alevosia-en-mi-contra\\\/\"},\"author\":{\"name\":\"diario5\",\"@id\":\"https:\\\/\\\/diariotextual.com\\\/inicio\\\/#\\\/schema\\\/person\\\/c7834961ad8b29b1d9cdbf4571299067\"},\"headline\":\"Yanina: \u201cSiempre me culparon y soy inocente, hay mucha alevos\u00eda en mi contra\u201d\",\"datePublished\":\"2023-08-07T13:28:50+00:00\",\"dateModified\":\"2023-08-08T21:17:11+00:00\",\"mainEntityOfPage\":{\"@id\":\"https:\\\/\\\/diariotextual.com\\\/inicio\\\/index.php\\\/2023\\\/08\\\/07\\\/yanina-siempre-me-culparon-y-soy-inocente-hay-mucha-alevosia-en-mi-contra\\\/\"},\"wordCount\":996,\"publisher\":{\"@id\":\"https:\\\/\\\/diariotextual.com\\\/inicio\\\/#organization\"},\"image\":{\"@id\":\"https:\\\/\\\/diariotextual.com\\\/inicio\\\/index.php\\\/2023\\\/08\\\/07\\\/yanina-siempre-me-culparon-y-soy-inocente-hay-mucha-alevosia-en-mi-contra\\\/#primaryimage\"},\"thumbnailUrl\":\"https:\\\/\\\/diariotextual.com\\\/inicio\\\/wp-content\\\/uploads\\\/2023\\\/08\\\/coronelyanina-scaled.jpg\",\"articleSection\":[\"A - QUE PASA (al costado)\",\"SOCIEDAD\"],\"inLanguage\":\"es\"},{\"@type\":\"WebPage\",\"@id\":\"https:\\\/\\\/diariotextual.com\\\/inicio\\\/index.php\\\/2023\\\/08\\\/07\\\/yanina-siempre-me-culparon-y-soy-inocente-hay-mucha-alevosia-en-mi-contra\\\/\",\"url\":\"https:\\\/\\\/diariotextual.com\\\/inicio\\\/index.php\\\/2023\\\/08\\\/07\\\/yanina-siempre-me-culparon-y-soy-inocente-hay-mucha-alevosia-en-mi-contra\\\/\",\"name\":\"Yanina: \u201cSiempre me culparon y soy inocente, hay mucha alevos\u00eda en mi contra\u201d - Diario Textual\",\"isPartOf\":{\"@id\":\"https:\\\/\\\/diariotextual.com\\\/inicio\\\/#website\"},\"primaryImageOfPage\":{\"@id\":\"https:\\\/\\\/diariotextual.com\\\/inicio\\\/index.php\\\/2023\\\/08\\\/07\\\/yanina-siempre-me-culparon-y-soy-inocente-hay-mucha-alevosia-en-mi-contra\\\/#primaryimage\"},\"image\":{\"@id\":\"https:\\\/\\\/diariotextual.com\\\/inicio\\\/index.php\\\/2023\\\/08\\\/07\\\/yanina-siempre-me-culparon-y-soy-inocente-hay-mucha-alevosia-en-mi-contra\\\/#primaryimage\"},\"thumbnailUrl\":\"https:\\\/\\\/diariotextual.com\\\/inicio\\\/wp-content\\\/uploads\\\/2023\\\/08\\\/coronelyanina-scaled.jpg\",\"datePublished\":\"2023-08-07T13:28:50+00:00\",\"dateModified\":\"2023-08-08T21:17:11+00:00\",\"breadcrumb\":{\"@id\":\"https:\\\/\\\/diariotextual.com\\\/inicio\\\/index.php\\\/2023\\\/08\\\/07\\\/yanina-siempre-me-culparon-y-soy-inocente-hay-mucha-alevosia-en-mi-contra\\\/#breadcrumb\"},\"inLanguage\":\"es\",\"potentialAction\":[{\"@type\":\"ReadAction\",\"target\":[\"https:\\\/\\\/diariotextual.com\\\/inicio\\\/index.php\\\/2023\\\/08\\\/07\\\/yanina-siempre-me-culparon-y-soy-inocente-hay-mucha-alevosia-en-mi-contra\\\/\"]}]},{\"@type\":\"ImageObject\",\"inLanguage\":\"es\",\"@id\":\"https:\\\/\\\/diariotextual.com\\\/inicio\\\/index.php\\\/2023\\\/08\\\/07\\\/yanina-siempre-me-culparon-y-soy-inocente-hay-mucha-alevosia-en-mi-contra\\\/#primaryimage\",\"url\":\"https:\\\/\\\/diariotextual.com\\\/inicio\\\/wp-content\\\/uploads\\\/2023\\\/08\\\/coronelyanina-scaled.jpg\",\"contentUrl\":\"https:\\\/\\\/diariotextual.com\\\/inicio\\\/wp-content\\\/uploads\\\/2023\\\/08\\\/coronelyanina-scaled.jpg\",\"width\":2560,\"height\":1920},{\"@type\":\"BreadcrumbList\",\"@id\":\"https:\\\/\\\/diariotextual.com\\\/inicio\\\/index.php\\\/2023\\\/08\\\/07\\\/yanina-siempre-me-culparon-y-soy-inocente-hay-mucha-alevosia-en-mi-contra\\\/#breadcrumb\",\"itemListElement\":[{\"@type\":\"ListItem\",\"position\":1,\"name\":\"Portada\",\"item\":\"https:\\\/\\\/diariotextual.com\\\/inicio\\\/\"},{\"@type\":\"ListItem\",\"position\":2,\"name\":\"Yanina: \u201cSiempre me culparon y soy inocente, hay mucha alevos\u00eda en mi contra\u201d\"}]},{\"@type\":\"WebSite\",\"@id\":\"https:\\\/\\\/diariotextual.com\\\/inicio\\\/#website\",\"url\":\"https:\\\/\\\/diariotextual.com\\\/inicio\\\/\",\"name\":\"Diario Textual\",\"description\":\"\",\"publisher\":{\"@id\":\"https:\\\/\\\/diariotextual.com\\\/inicio\\\/#organization\"},\"potentialAction\":[{\"@type\":\"SearchAction\",\"target\":{\"@type\":\"EntryPoint\",\"urlTemplate\":\"https:\\\/\\\/diariotextual.com\\\/inicio\\\/?s={search_term_string}\"},\"query-input\":{\"@type\":\"PropertyValueSpecification\",\"valueRequired\":true,\"valueName\":\"search_term_string\"}}],\"inLanguage\":\"es\"},{\"@type\":\"Organization\",\"@id\":\"https:\\\/\\\/diariotextual.com\\\/inicio\\\/#organization\",\"name\":\"Diario Textual\",\"url\":\"https:\\\/\\\/diariotextual.com\\\/inicio\\\/\",\"logo\":{\"@type\":\"ImageObject\",\"inLanguage\":\"es\",\"@id\":\"https:\\\/\\\/diariotextual.com\\\/inicio\\\/#\\\/schema\\\/logo\\\/image\\\/\",\"url\":\"https:\\\/\\\/diariotextual.com\\\/inicio\\\/wp-content\\\/uploads\\\/2023\\\/05\\\/logotextual1.jpg\",\"contentUrl\":\"https:\\\/\\\/diariotextual.com\\\/inicio\\\/wp-content\\\/uploads\\\/2023\\\/05\\\/logotextual1.jpg\",\"width\":516,\"height\":76,\"caption\":\"Diario Textual\"},\"image\":{\"@id\":\"https:\\\/\\\/diariotextual.com\\\/inicio\\\/#\\\/schema\\\/logo\\\/image\\\/\"},\"sameAs\":[\"https:\\\/\\\/www.facebook.com\\\/eltextual\",\"https:\\\/\\\/x.com\\\/eltextual\",\"http:\\\/\\\/www.instagram.com\\\/eltextual\"]},{\"@type\":\"Person\",\"@id\":\"https:\\\/\\\/diariotextual.com\\\/inicio\\\/#\\\/schema\\\/person\\\/c7834961ad8b29b1d9cdbf4571299067\",\"name\":\"diario5\",\"image\":{\"@type\":\"ImageObject\",\"inLanguage\":\"es\",\"@id\":\"https:\\\/\\\/secure.gravatar.com\\\/avatar\\\/948c893b847ca6df68216ead81b63f363408ec9b0f600fefc0641ce78613b111?s=96&d=mm&r=g\",\"url\":\"https:\\\/\\\/secure.gravatar.com\\\/avatar\\\/948c893b847ca6df68216ead81b63f363408ec9b0f600fefc0641ce78613b111?s=96&d=mm&r=g\",\"contentUrl\":\"https:\\\/\\\/secure.gravatar.com\\\/avatar\\\/948c893b847ca6df68216ead81b63f363408ec9b0f600fefc0641ce78613b111?s=96&d=mm&r=g\",\"caption\":\"diario5\"},\"url\":\"https:\\\/\\\/diariotextual.com\\\/inicio\\\/index.php\\\/author\\\/diario5\\\/\"}]}<\/script>\n<!-- \/ Yoast SEO plugin. -->","yoast_head_json":{"title":"Yanina: \u201cSiempre me culparon y soy inocente, hay mucha alevos\u00eda en mi contra\u201d - Diario Textual","robots":{"index":"index","follow":"follow","max-snippet":"max-snippet:-1","max-image-preview":"max-image-preview:large","max-video-preview":"max-video-preview:-1"},"canonical":"https:\/\/diariotextual.com\/inicio\/index.php\/2023\/08\/07\/yanina-siempre-me-culparon-y-soy-inocente-hay-mucha-alevosia-en-mi-contra\/","og_locale":"es_ES","og_type":"article","og_title":"Yanina: \u201cSiempre me culparon y soy inocente, hay mucha alevos\u00eda en mi contra\u201d - Diario Textual","og_description":"Yanina Coronel, luego de los alegatos donde la fiscal\u00eda la acus\u00f3 de intentar matar a su entonces pareja el polic\u00eda Gabriel P\u00e1ez Albornoz mediante el suministro de veneno, habl\u00f3 con&hellip;","og_url":"https:\/\/diariotextual.com\/inicio\/index.php\/2023\/08\/07\/yanina-siempre-me-culparon-y-soy-inocente-hay-mucha-alevosia-en-mi-contra\/","og_site_name":"Diario Textual","article_publisher":"https:\/\/www.facebook.com\/eltextual","article_published_time":"2023-08-07T13:28:50+00:00","article_modified_time":"2023-08-08T21:17:11+00:00","og_image":[{"width":2560,"height":1920,"url":"https:\/\/diariotextual.com\/inicio\/wp-content\/uploads\/2023\/08\/coronelyanina-scaled.jpg","type":"image\/jpeg"}],"author":"diario5","twitter_card":"summary_large_image","twitter_creator":"@eltextual","twitter_site":"@eltextual","twitter_misc":{"Escrito por":"diario5","Tiempo de lectura":"5 minutos"},"schema":{"@context":"https:\/\/schema.org","@graph":[{"@type":"Article","@id":"https:\/\/diariotextual.com\/inicio\/index.php\/2023\/08\/07\/yanina-siempre-me-culparon-y-soy-inocente-hay-mucha-alevosia-en-mi-contra\/#article","isPartOf":{"@id":"https:\/\/diariotextual.com\/inicio\/index.php\/2023\/08\/07\/yanina-siempre-me-culparon-y-soy-inocente-hay-mucha-alevosia-en-mi-contra\/"},"author":{"name":"diario5","@id":"https:\/\/diariotextual.com\/inicio\/#\/schema\/person\/c7834961ad8b29b1d9cdbf4571299067"},"headline":"Yanina: \u201cSiempre me culparon y soy inocente, hay mucha alevos\u00eda en mi contra\u201d","datePublished":"2023-08-07T13:28:50+00:00","dateModified":"2023-08-08T21:17:11+00:00","mainEntityOfPage":{"@id":"https:\/\/diariotextual.com\/inicio\/index.php\/2023\/08\/07\/yanina-siempre-me-culparon-y-soy-inocente-hay-mucha-alevosia-en-mi-contra\/"},"wordCount":996,"publisher":{"@id":"https:\/\/diariotextual.com\/inicio\/#organization"},"image":{"@id":"https:\/\/diariotextual.com\/inicio\/index.php\/2023\/08\/07\/yanina-siempre-me-culparon-y-soy-inocente-hay-mucha-alevosia-en-mi-contra\/#primaryimage"},"thumbnailUrl":"https:\/\/diariotextual.com\/inicio\/wp-content\/uploads\/2023\/08\/coronelyanina-scaled.jpg","articleSection":["A - QUE PASA (al costado)","SOCIEDAD"],"inLanguage":"es"},{"@type":"WebPage","@id":"https:\/\/diariotextual.com\/inicio\/index.php\/2023\/08\/07\/yanina-siempre-me-culparon-y-soy-inocente-hay-mucha-alevosia-en-mi-contra\/","url":"https:\/\/diariotextual.com\/inicio\/index.php\/2023\/08\/07\/yanina-siempre-me-culparon-y-soy-inocente-hay-mucha-alevosia-en-mi-contra\/","name":"Yanina: \u201cSiempre me culparon y soy inocente, hay mucha alevos\u00eda en mi contra\u201d - Diario Textual","isPartOf":{"@id":"https:\/\/diariotextual.com\/inicio\/#website"},"primaryImageOfPage":{"@id":"https:\/\/diariotextual.com\/inicio\/index.php\/2023\/08\/07\/yanina-siempre-me-culparon-y-soy-inocente-hay-mucha-alevosia-en-mi-contra\/#primaryimage"},"image":{"@id":"https:\/\/diariotextual.com\/inicio\/index.php\/2023\/08\/07\/yanina-siempre-me-culparon-y-soy-inocente-hay-mucha-alevosia-en-mi-contra\/#primaryimage"},"thumbnailUrl":"https:\/\/diariotextual.com\/inicio\/wp-content\/uploads\/2023\/08\/coronelyanina-scaled.jpg","datePublished":"2023-08-07T13:28:50+00:00","dateModified":"2023-08-08T21:17:11+00:00","breadcrumb":{"@id":"https:\/\/diariotextual.com\/inicio\/index.php\/2023\/08\/07\/yanina-siempre-me-culparon-y-soy-inocente-hay-mucha-alevosia-en-mi-contra\/#breadcrumb"},"inLanguage":"es","potentialAction":[{"@type":"ReadAction","target":["https:\/\/diariotextual.com\/inicio\/index.php\/2023\/08\/07\/yanina-siempre-me-culparon-y-soy-inocente-hay-mucha-alevosia-en-mi-contra\/"]}]},{"@type":"ImageObject","inLanguage":"es","@id":"https:\/\/diariotextual.com\/inicio\/index.php\/2023\/08\/07\/yanina-siempre-me-culparon-y-soy-inocente-hay-mucha-alevosia-en-mi-contra\/#primaryimage","url":"https:\/\/diariotextual.com\/inicio\/wp-content\/uploads\/2023\/08\/coronelyanina-scaled.jpg","contentUrl":"https:\/\/diariotextual.com\/inicio\/wp-content\/uploads\/2023\/08\/coronelyanina-scaled.jpg","width":2560,"height":1920},{"@type":"BreadcrumbList","@id":"https:\/\/diariotextual.com\/inicio\/index.php\/2023\/08\/07\/yanina-siempre-me-culparon-y-soy-inocente-hay-mucha-alevosia-en-mi-contra\/#breadcrumb","itemListElement":[{"@type":"ListItem","position":1,"name":"Portada","item":"https:\/\/diariotextual.com\/inicio\/"},{"@type":"ListItem","position":2,"name":"Yanina: \u201cSiempre me culparon y soy inocente, hay mucha alevos\u00eda en mi contra\u201d"}]},{"@type":"WebSite","@id":"https:\/\/diariotextual.com\/inicio\/#website","url":"https:\/\/diariotextual.com\/inicio\/","name":"Diario Textual","description":"","publisher":{"@id":"https:\/\/diariotextual.com\/inicio\/#organization"},"potentialAction":[{"@type":"SearchAction","target":{"@type":"EntryPoint","urlTemplate":"https:\/\/diariotextual.com\/inicio\/?s={search_term_string}"},"query-input":{"@type":"PropertyValueSpecification","valueRequired":true,"valueName":"search_term_string"}}],"inLanguage":"es"},{"@type":"Organization","@id":"https:\/\/diariotextual.com\/inicio\/#organization","name":"Diario Textual","url":"https:\/\/diariotextual.com\/inicio\/","logo":{"@type":"ImageObject","inLanguage":"es","@id":"https:\/\/diariotextual.com\/inicio\/#\/schema\/logo\/image\/","url":"https:\/\/diariotextual.com\/inicio\/wp-content\/uploads\/2023\/05\/logotextual1.jpg","contentUrl":"https:\/\/diariotextual.com\/inicio\/wp-content\/uploads\/2023\/05\/logotextual1.jpg","width":516,"height":76,"caption":"Diario Textual"},"image":{"@id":"https:\/\/diariotextual.com\/inicio\/#\/schema\/logo\/image\/"},"sameAs":["https:\/\/www.facebook.com\/eltextual","https:\/\/x.com\/eltextual","http:\/\/www.instagram.com\/eltextual"]},{"@type":"Person","@id":"https:\/\/diariotextual.com\/inicio\/#\/schema\/person\/c7834961ad8b29b1d9cdbf4571299067","name":"diario5","image":{"@type":"ImageObject","inLanguage":"es","@id":"https:\/\/secure.gravatar.com\/avatar\/948c893b847ca6df68216ead81b63f363408ec9b0f600fefc0641ce78613b111?s=96&d=mm&r=g","url":"https:\/\/secure.gravatar.com\/avatar\/948c893b847ca6df68216ead81b63f363408ec9b0f600fefc0641ce78613b111?s=96&d=mm&r=g","contentUrl":"https:\/\/secure.gravatar.com\/avatar\/948c893b847ca6df68216ead81b63f363408ec9b0f600fefc0641ce78613b111?s=96&d=mm&r=g","caption":"diario5"},"url":"https:\/\/diariotextual.com\/inicio\/index.php\/author\/diario5\/"}]}},"_links":{"self":[{"href":"https:\/\/diariotextual.com\/inicio\/index.php\/wp-json\/wp\/v2\/posts\/233080","targetHints":{"allow":["GET"]}}],"collection":[{"href":"https:\/\/diariotextual.com\/inicio\/index.php\/wp-json\/wp\/v2\/posts"}],"about":[{"href":"https:\/\/diariotextual.com\/inicio\/index.php\/wp-json\/wp\/v2\/types\/post"}],"author":[{"embeddable":true,"href":"https:\/\/diariotextual.com\/inicio\/index.php\/wp-json\/wp\/v2\/users\/7"}],"replies":[{"embeddable":true,"href":"https:\/\/diariotextual.com\/inicio\/index.php\/wp-json\/wp\/v2\/comments?post=233080"}],"version-history":[{"count":3,"href":"https:\/\/diariotextual.com\/inicio\/index.php\/wp-json\/wp\/v2\/posts\/233080\/revisions"}],"predecessor-version":[{"id":233256,"href":"https:\/\/diariotextual.com\/inicio\/index.php\/wp-json\/wp\/v2\/posts\/233080\/revisions\/233256"}],"wp:featuredmedia":[{"embeddable":true,"href":"https:\/\/diariotextual.com\/inicio\/index.php\/wp-json\/wp\/v2\/media\/233083"}],"wp:attachment":[{"href":"https:\/\/diariotextual.com\/inicio\/index.php\/wp-json\/wp\/v2\/media?parent=233080"}],"wp:term":[{"taxonomy":"category","embeddable":true,"href":"https:\/\/diariotextual.com\/inicio\/index.php\/wp-json\/wp\/v2\/categories?post=233080"},{"taxonomy":"post_tag","embeddable":true,"href":"https:\/\/diariotextual.com\/inicio\/index.php\/wp-json\/wp\/v2\/tags?post=233080"}],"curies":[{"name":"wp","href":"https:\/\/api.w.org\/{rel}","templated":true}]}}