{"id":233117,"date":"2023-08-07T17:37:33","date_gmt":"2023-08-07T20:37:33","guid":{"rendered":"https:\/\/diariotextual.com\/inicio\/?p=233117"},"modified":"2023-08-08T11:23:10","modified_gmt":"2023-08-08T14:23:10","slug":"rechazan-una-demanda-de-los-padres-de-sofia-viale-contra-el-estado-provincial","status":"publish","type":"post","link":"https:\/\/diariotextual.com\/inicio\/index.php\/2023\/08\/07\/rechazan-una-demanda-de-los-padres-de-sofia-viale-contra-el-estado-provincial\/","title":{"rendered":"Rechazan una demanda de los padres de Sof\u00eda Viale contra el Estado provincial"},"content":{"rendered":"\n<p><br>La C\u00e1mara de Apelaciones en lo Civil, Comercial, Laboral y de Miner\u00eda de Santa Rosa desestim\u00f3 el recurso de apelaci\u00f3n presentado por los padres de Sof\u00eda Viale contra la Provincia de La Pampa y tres exfuncionarios judiciales; y de esta manera confirm\u00f3 el rechazo a la demanda por da\u00f1os y perjuicios \u201cpor falta de servicio de justicia\u201d y \u201cactuaci\u00f3n irregular e ileg\u00edtima durante la investigaci\u00f3n judicial y policial\u201d.<\/p>\n\n\n\n<p>La resoluci\u00f3n fue dictada por unanimidad por las juezas Laura Torres \u2013autora del voto inicial\u2013 y Adriana G\u00f3mez Luna, integrantes de la Sala 1. Los demandantes fueron Marcelo Javier Viale y Gloria Noem\u00ed Ampudia, progenitores de la ni\u00f1a de 12 a\u00f1os, cuyo cuerpo apareci\u00f3 enterrado en el patio trasero de la casa de Juan Jos\u00e9 Janssen el 5 de noviembre de 2012, dos meses despu\u00e9s que desapareciera. Por el femicidio, Jensen fue condenado a prisi\u00f3n perpetua.<\/p>\n\n\n\n<p>Torres y G\u00f3mez Luna, al no hacer lugar a la apelaci\u00f3n, ratificaron lo dispuesto por el juez de primera instancia Claudio Soto. La demanda apunt\u00f3 al Estado pampeano, al exjuez Alfredo Alonso y a los exfiscales H\u00e9ctor Aber\u00e1sturi y Carlos Mar\u00eda Salinas.<\/p>\n\n\n\n<p>Los padres de la v\u00edctima hab\u00edan planteado en la demanda civil que existi\u00f3 \u201cfalta de servicio de justicia por parte del Estado provincial\u201d y una \u201cactuaci\u00f3n irregular e ileg\u00edtima durante la investigaci\u00f3n judicial y policial implementada como consecuencia de la desaparici\u00f3n, violaci\u00f3n y homicidio (de su hija); impartida por las personas demandadas en ejercicio de sus funciones como magistrados y funcionarios dependientes del Poder Judicial\u201d.<\/p>\n\n\n\n<p>Tambi\u00e9n cuestionaron manifestaciones p\u00fablicas de algunos de ellos por considerarlas \u201cestigmatizantes y discriminatorios\u201d, ya que al vincularlos con la investigaci\u00f3n los coloraron \u201cen una dif\u00edcil y compleja exposici\u00f3n ante la sociedad de General Pico\u201d. Adem\u00e1s criticaron decisiones judiciales previas por entender que \u201cgeneraran las condiciones necesarias\u201d para que Janssen estuviera libre y \u201csin control alguno del Estado, y en esas condiciones acometiera contra la integridad y la vida de Sof\u00eda\u201d.<\/p>\n\n\n\n<p>En definitiva, los demandantes dijeron que todos ellos fueron responsables por \u201cno cumplir con la diligencia que el caso ameritaba, dejando en evidencia su falta de aptitud para el cargo y\/o funci\u00f3n encomendada\u201d.<\/p>\n\n\n\n<div style=\"height:100px\" aria-hidden=\"true\" class=\"wp-block-spacer\"><\/div>\n\n\n\n<p><strong>\u201cNo hubo falta de servicio\u201d<\/strong><\/p>\n\n\n\n<p>El primer punto que resolvi\u00f3 la C\u00e1mara, en su extensa resoluci\u00f3n, fue que la demanda estaba prescripta con respecto el juez de ejecuci\u00f3n penal Jorge Mauricio Pascual y al entonces fiscal (hoy juez de control) Alejandro Gilardenghi, quienes no fueron demandados por los padres, sino incorporados al expediente como terceros citados por el exjuez Alonso.<\/p>\n\n\n\n<p>Luego, en un an\u00e1lisis global sobre la responsabilidad estatal, las magistradas dijeron \u2013tras cotejar el expediente penal\u2013 que \u201chubo varias l\u00edneas de investigaci\u00f3n (\u2026), se hicieron rastrillajes con perros, procedimientos en General Pico, en caminos vecinales y en otras localidades (Santa Rosa, Huinca Renanc\u00f3 y Goudge), allanamientos de domicilios, an\u00e1lisis de filmaciones (\u2026)&nbsp;<strong>Ello no muestra que el Estado provincial, a trav\u00e9s de sus funcionarios judiciales y\/o policiales, hubiera cumplido irregularmente las funciones asignadas<\/strong>\u201d.<\/p>\n\n\n\n<p>\u201cNo se constat\u00f3 que hubiera mediado responsabilidad del Estado por falta de servicio durante la actuaci\u00f3n desplegada por la polic\u00eda y los funcionarios del Poder Judicial hasta el momento en que se produjo el hallazgo del cuerpo\u201d, agregaron.<\/p>\n\n\n\n<p>Torres y G\u00f3mez Luna afirmaron que \u201clos recurrentes tan solo trasuntaron su disconformidad con lo fallado (\u2026) No hubo una cr\u00edtica razonada que permita considerar que lo decidido (por Soto) fue arbitrario\u201d.<\/p>\n\n\n\n<p>\u201cEn materia de responsabilidad del Estado por su actividad l\u00edcita,&nbsp;<strong>para que se d\u00e9 la posibilidad de indemnizaci\u00f3n es requisito que los afectados hayan sido objeto de un agravio desigual y excepcional&nbsp;<\/strong>en comparaci\u00f3n con el resto de los administrados, excedi\u00e9ndose as\u00ed la obligaci\u00f3n normal de soportar cargas p\u00fablicas\u201d, remarcaron las juezas.<\/p>\n\n\n\n<div style=\"height:100px\" aria-hidden=\"true\" class=\"wp-block-spacer\"><\/div>\n\n\n\n<p><strong>Apreciaciones gen\u00e9ricas<\/strong><\/p>\n\n\n\n<p>Viale y Ampudia apuntaron contra Aber\u00e1sturi por c\u00f3mo condujo la pesquisa; a Salinas le objetaron \u2013entre otras cosas\u2013 que afirmara p\u00fablicamente que \u201clos Viale no son la familia Ingalls\u201d; y a Alonso lo criticaron porque en 2010 firm\u00f3 una sentencia contra Janssen a un a\u00f1o de prisi\u00f3n de cumplimiento efectivo, en el marco de un juicio abreviado, lo que le permiti\u00f3 al momento del femicidio estar en libertad asistida (por decisi\u00f3n de Pascual y no de \u00e9l).<\/p>\n\n\n\n<p>\u201cSi bien la parte actora atribuy\u00f3 un cumplimiento irregular de las funciones asignadas a los demandados, lo cierto es que ello no fue efectivamente comprobado (\u2026) Tampoco realiz\u00f3 un relato circunstanciado sobre d\u00f3nde residi\u00f3 el error interpretativo del juez (de primera instancia) al desestimar su planteo\u201d, refutaron desde la C\u00e1mara.<\/p>\n\n\n\n<p>\u201cAl volver la apelante a&nbsp;<strong>efectuar imputaciones gen\u00e9ricas y apreciaciones subjetivas acerca de la actuaci\u00f3n desempe\u00f1ada por cada uno de los funcionarios demandados<\/strong>, omiti\u00f3 alegar \u2013y menos a\u00fan demostrar\u2013, el nexo causal entre el da\u00f1o extra supuestamente provocado y el factor de atribuci\u00f3n (\u2026) No&nbsp;<strong>pudo comprobarse que ese relato imputativo<\/strong>, respecto de la actuaci\u00f3n de los fiscales, y m\u00e1s all\u00e1 de su generalidad,&nbsp;<strong>gozara del debido respaldo probatorio<\/strong>\u201d, enfatizaron las juezas.<\/p>\n\n\n\n<p>M\u00e1s adelante, el Tribunal sostuvo que \u201cpor el contrario, los cuestionamientos (de los padres) abundaron en consideraciones referidas a una supuesta \u2018tergiversada y estigmatizante investigaci\u00f3n, selectivamente direccionada por Aber\u00e1sturi y el grupo investigativo hacia el entorno familiar m\u00e1s cercano a la ni\u00f1a Sofia\u2019; pero sin dar apoyatura f\u00e1ctica a dicha apreciaci\u00f3n, lo que la convirti\u00f3 en una opini\u00f3n subjetiva y, como tal, carente de fuerza cr\u00edtica convictiva\u201d.<\/p>\n\n\n\n<p>Torres y G\u00f3mez Luna se preguntaron: \u00bfd\u00f3nde residi\u00f3 la falta de servicio determinante del da\u00f1o padecido? \u201c<strong>Es indudable la existencia de un da\u00f1o moral por toda la situaci\u00f3n vivida<\/strong>&nbsp;desde un comienzo y hasta la aparici\u00f3n sin vida de Sof\u00eda, lo que seguramente, los acompa\u00f1ar\u00e1 toda su vida;&nbsp;<strong>pero ello no significa que pueda ponderarse como un factor de atribuci\u00f3n causal y sin m\u00e1s prueba que sus propias afirmaciones<\/strong>; esto es, al margen del contexto f\u00e1ctico (lugar, tiempo y persona) sobre el que se desenvolvi\u00f3 la investigaci\u00f3n\u201d.<\/p>\n\n\n\n<div style=\"height:100px\" aria-hidden=\"true\" class=\"wp-block-spacer\"><\/div>\n\n\n\n<p><strong>Sin actitud persecutoria<\/strong><\/p>\n\n\n\n<p>En otro p\u00e1rrafo de la resoluci\u00f3n, las camaristas indicaron que \u201cAber\u00e1sturi no tuvo intervenci\u00f3n alguna en la libertad de Janssen ni estuvo a cargo de la investigaci\u00f3n por la desaparici\u00f3n de Sof\u00eda; y adem\u00e1s&nbsp;<strong>qued\u00f3 perfectamente establecido que no se sigui\u00f3 una sola l\u00ednea de investigaci\u00f3n, sino que hubo varias y concomitantes<\/strong>&nbsp;(\u2026) No se advirti\u00f3 que se hubiera demostrado de modo razonadamente concreto que dicha l\u00ednea de investigaci\u00f3n (con respecto a la familia) resultara irrazonable y mucho menos estigmatizante\u201d.<\/p>\n\n\n\n<p>En esa misma direcci\u00f3n, a\u00f1adieron que \u201cel estado de sospecha sobre los familiares y el ser investigados pudo generar zozobra, inquietud y hasta bronca por considerar que se estaba perdiendo tiempo; pero ello no signific\u00f3 que se debiera a un esp\u00edritu persecutorio, irrazonable o a medidas adoptadas arbitrariamente. Resulta un hecho irrefutable que exist\u00eda una orden de restricci\u00f3n de acercamiento al hogar (vigente a esa \u00e9poca) contra el progenitor (Marcelo Viale) por hechos de violencia contra uno de los miembros de su familia; lo que indica de manera cierta y objetiva que no era factible catalogar como arbitraria la investigaci\u00f3n llevada a cabo ante una evidente conflictiva imperante en el seno familiar que daba suficiente apoyatura a la hip\u00f3tesis de fuga de la ni\u00f1a de su hogar\u201d.<\/p>\n\n\n\n<p>Adem\u00e1s, se\u00f1al\u00f3 el Tribunal<strong>, los demandantes \u201cno fueron objeto de imputaci\u00f3n alguna; por lo dem\u00e1s, las medidas eventualmente adoptadas<\/strong>&nbsp;(allanamiento de domicilios, secuestros de automotor y de tel\u00e9fonos celulares, intervenci\u00f3n de comunicaciones telef\u00f3nicas, entre otras) se&nbsp;<strong>ordenaron en el marco legal vigente y no se evidenciaron como irrazonables e infundadas<\/strong>\u201d.<\/p>\n\n\n\n<p>Con respecto a la frase de Salinas sobre la familia Ingalls, la C\u00e1mara dijo que \u201cno fue despectiva en s\u00ed misma\u201d, sino que hizo referencia a una \u201csuerte de familia perfecta\u201d y que tampoco se acredit\u00f3 un incumplimiento \u201cen sus funciones espec\u00edficas como fiscal general\u201d.<\/p>\n\n\n\n<p>Finalmente, acerca de la conducta de Alonso, las magistrados remarcaron que \u201cno tuvo ninguna participaci\u00f3n\u201d en el tr\u00e1mite de la libertad asistida de Janssen y que \u201catribuirle responsabilidad por el contenido de una sentencia, dictada en el marco de otra causa y sin contar con elementos de valoraci\u00f3n que indicaran que lo all\u00ed decidido fue err\u00f3neo o contrario a derecho, ser\u00eda abrir un \u00e1mbito de an\u00e1lisis inadecuado, adem\u00e1s de afectar garant\u00edas constitucionales que no corresponden de manera alguna\u201d. \u200b<\/p>\n\n\n\n<p><\/p>\n","protected":false},"excerpt":{"rendered":"<p>La C\u00e1mara de Apelaciones en lo Civil, Comercial, Laboral y de Miner\u00eda de Santa Rosa desestim\u00f3 el recurso de apelaci\u00f3n presentado por los padres de Sof\u00eda Viale contra la Provincia&hellip;<\/p>\n","protected":false},"author":3,"featured_media":25922,"comment_status":"closed","ping_status":"open","sticky":false,"template":"","format":"standard","meta":{"_acf_changed":false,"footnotes":""},"categories":[1,11,12],"tags":[],"class_list":["post-233117","post","type-post","status-publish","format-standard","has-post-thumbnail","hentry","category-es-noticia","category-que-pasa","category-sociedad"],"acf":[],"yoast_head":"<!-- This site is optimized with the Yoast SEO plugin v27.5 - https:\/\/yoast.com\/product\/yoast-seo-wordpress\/ -->\n<title>Rechazan una demanda de los padres de Sof\u00eda Viale contra el Estado provincial - Diario Textual<\/title>\n<meta name=\"robots\" content=\"index, follow, max-snippet:-1, max-image-preview:large, max-video-preview:-1\" \/>\n<link rel=\"canonical\" href=\"https:\/\/diariotextual.com\/inicio\/index.php\/2023\/08\/07\/rechazan-una-demanda-de-los-padres-de-sofia-viale-contra-el-estado-provincial\/\" \/>\n<meta property=\"og:locale\" content=\"es_ES\" \/>\n<meta property=\"og:type\" content=\"article\" \/>\n<meta property=\"og:title\" content=\"Rechazan una demanda de los padres de Sof\u00eda Viale contra el Estado provincial - Diario Textual\" \/>\n<meta property=\"og:description\" content=\"La C\u00e1mara de Apelaciones en lo Civil, Comercial, Laboral y de Miner\u00eda de Santa Rosa desestim\u00f3 el recurso de apelaci\u00f3n presentado por los padres de Sof\u00eda Viale contra la Provincia&hellip;\" \/>\n<meta property=\"og:url\" content=\"https:\/\/diariotextual.com\/inicio\/index.php\/2023\/08\/07\/rechazan-una-demanda-de-los-padres-de-sofia-viale-contra-el-estado-provincial\/\" \/>\n<meta property=\"og:site_name\" content=\"Diario Textual\" \/>\n<meta property=\"article:publisher\" content=\"https:\/\/www.facebook.com\/eltextual\" \/>\n<meta property=\"article:published_time\" content=\"2023-08-07T20:37:33+00:00\" \/>\n<meta property=\"article:modified_time\" content=\"2023-08-08T14:23:10+00:00\" \/>\n<meta property=\"og:image\" content=\"https:\/\/diariotextual.com\/inicio\/wp-content\/uploads\/2018\/11\/vialesofia111.jpg\" \/>\n\t<meta property=\"og:image:width\" content=\"600\" \/>\n\t<meta property=\"og:image:height\" content=\"420\" \/>\n\t<meta property=\"og:image:type\" content=\"image\/jpeg\" \/>\n<meta name=\"author\" content=\"Diario1 Diario1\" \/>\n<meta name=\"twitter:card\" content=\"summary_large_image\" \/>\n<meta name=\"twitter:creator\" content=\"@eltextual\" \/>\n<meta name=\"twitter:site\" content=\"@eltextual\" \/>\n<meta name=\"twitter:label1\" content=\"Escrito por\" \/>\n\t<meta name=\"twitter:data1\" content=\"Diario1 Diario1\" \/>\n\t<meta name=\"twitter:label2\" content=\"Tiempo de lectura\" \/>\n\t<meta name=\"twitter:data2\" content=\"7 minutos\" \/>\n<script type=\"application\/ld+json\" class=\"yoast-schema-graph\">{\"@context\":\"https:\\\/\\\/schema.org\",\"@graph\":[{\"@type\":\"Article\",\"@id\":\"https:\\\/\\\/diariotextual.com\\\/inicio\\\/index.php\\\/2023\\\/08\\\/07\\\/rechazan-una-demanda-de-los-padres-de-sofia-viale-contra-el-estado-provincial\\\/#article\",\"isPartOf\":{\"@id\":\"https:\\\/\\\/diariotextual.com\\\/inicio\\\/index.php\\\/2023\\\/08\\\/07\\\/rechazan-una-demanda-de-los-padres-de-sofia-viale-contra-el-estado-provincial\\\/\"},\"author\":{\"name\":\"Diario1 Diario1\",\"@id\":\"https:\\\/\\\/diariotextual.com\\\/inicio\\\/#\\\/schema\\\/person\\\/418fc4093c33e86ed41562db3508f958\"},\"headline\":\"Rechazan una demanda de los padres de Sof\u00eda Viale contra el Estado provincial\",\"datePublished\":\"2023-08-07T20:37:33+00:00\",\"dateModified\":\"2023-08-08T14:23:10+00:00\",\"mainEntityOfPage\":{\"@id\":\"https:\\\/\\\/diariotextual.com\\\/inicio\\\/index.php\\\/2023\\\/08\\\/07\\\/rechazan-una-demanda-de-los-padres-de-sofia-viale-contra-el-estado-provincial\\\/\"},\"wordCount\":1492,\"publisher\":{\"@id\":\"https:\\\/\\\/diariotextual.com\\\/inicio\\\/#organization\"},\"image\":{\"@id\":\"https:\\\/\\\/diariotextual.com\\\/inicio\\\/index.php\\\/2023\\\/08\\\/07\\\/rechazan-una-demanda-de-los-padres-de-sofia-viale-contra-el-estado-provincial\\\/#primaryimage\"},\"thumbnailUrl\":\"https:\\\/\\\/diariotextual.com\\\/inicio\\\/wp-content\\\/uploads\\\/2018\\\/11\\\/vialesofia111.jpg\",\"articleSection\":[\"A - ES NOTICIA (van abajo)\",\"A - QUE PASA (al costado)\",\"SOCIEDAD\"],\"inLanguage\":\"es\"},{\"@type\":\"WebPage\",\"@id\":\"https:\\\/\\\/diariotextual.com\\\/inicio\\\/index.php\\\/2023\\\/08\\\/07\\\/rechazan-una-demanda-de-los-padres-de-sofia-viale-contra-el-estado-provincial\\\/\",\"url\":\"https:\\\/\\\/diariotextual.com\\\/inicio\\\/index.php\\\/2023\\\/08\\\/07\\\/rechazan-una-demanda-de-los-padres-de-sofia-viale-contra-el-estado-provincial\\\/\",\"name\":\"Rechazan una demanda de los padres de Sof\u00eda Viale contra el Estado provincial - Diario Textual\",\"isPartOf\":{\"@id\":\"https:\\\/\\\/diariotextual.com\\\/inicio\\\/#website\"},\"primaryImageOfPage\":{\"@id\":\"https:\\\/\\\/diariotextual.com\\\/inicio\\\/index.php\\\/2023\\\/08\\\/07\\\/rechazan-una-demanda-de-los-padres-de-sofia-viale-contra-el-estado-provincial\\\/#primaryimage\"},\"image\":{\"@id\":\"https:\\\/\\\/diariotextual.com\\\/inicio\\\/index.php\\\/2023\\\/08\\\/07\\\/rechazan-una-demanda-de-los-padres-de-sofia-viale-contra-el-estado-provincial\\\/#primaryimage\"},\"thumbnailUrl\":\"https:\\\/\\\/diariotextual.com\\\/inicio\\\/wp-content\\\/uploads\\\/2018\\\/11\\\/vialesofia111.jpg\",\"datePublished\":\"2023-08-07T20:37:33+00:00\",\"dateModified\":\"2023-08-08T14:23:10+00:00\",\"breadcrumb\":{\"@id\":\"https:\\\/\\\/diariotextual.com\\\/inicio\\\/index.php\\\/2023\\\/08\\\/07\\\/rechazan-una-demanda-de-los-padres-de-sofia-viale-contra-el-estado-provincial\\\/#breadcrumb\"},\"inLanguage\":\"es\",\"potentialAction\":[{\"@type\":\"ReadAction\",\"target\":[\"https:\\\/\\\/diariotextual.com\\\/inicio\\\/index.php\\\/2023\\\/08\\\/07\\\/rechazan-una-demanda-de-los-padres-de-sofia-viale-contra-el-estado-provincial\\\/\"]}]},{\"@type\":\"ImageObject\",\"inLanguage\":\"es\",\"@id\":\"https:\\\/\\\/diariotextual.com\\\/inicio\\\/index.php\\\/2023\\\/08\\\/07\\\/rechazan-una-demanda-de-los-padres-de-sofia-viale-contra-el-estado-provincial\\\/#primaryimage\",\"url\":\"https:\\\/\\\/diariotextual.com\\\/inicio\\\/wp-content\\\/uploads\\\/2018\\\/11\\\/vialesofia111.jpg\",\"contentUrl\":\"https:\\\/\\\/diariotextual.com\\\/inicio\\\/wp-content\\\/uploads\\\/2018\\\/11\\\/vialesofia111.jpg\",\"width\":600,\"height\":420},{\"@type\":\"BreadcrumbList\",\"@id\":\"https:\\\/\\\/diariotextual.com\\\/inicio\\\/index.php\\\/2023\\\/08\\\/07\\\/rechazan-una-demanda-de-los-padres-de-sofia-viale-contra-el-estado-provincial\\\/#breadcrumb\",\"itemListElement\":[{\"@type\":\"ListItem\",\"position\":1,\"name\":\"Portada\",\"item\":\"https:\\\/\\\/diariotextual.com\\\/inicio\\\/\"},{\"@type\":\"ListItem\",\"position\":2,\"name\":\"Rechazan una demanda de los padres de Sof\u00eda Viale contra el Estado provincial\"}]},{\"@type\":\"WebSite\",\"@id\":\"https:\\\/\\\/diariotextual.com\\\/inicio\\\/#website\",\"url\":\"https:\\\/\\\/diariotextual.com\\\/inicio\\\/\",\"name\":\"Diario Textual\",\"description\":\"\",\"publisher\":{\"@id\":\"https:\\\/\\\/diariotextual.com\\\/inicio\\\/#organization\"},\"potentialAction\":[{\"@type\":\"SearchAction\",\"target\":{\"@type\":\"EntryPoint\",\"urlTemplate\":\"https:\\\/\\\/diariotextual.com\\\/inicio\\\/?s={search_term_string}\"},\"query-input\":{\"@type\":\"PropertyValueSpecification\",\"valueRequired\":true,\"valueName\":\"search_term_string\"}}],\"inLanguage\":\"es\"},{\"@type\":\"Organization\",\"@id\":\"https:\\\/\\\/diariotextual.com\\\/inicio\\\/#organization\",\"name\":\"Diario Textual\",\"url\":\"https:\\\/\\\/diariotextual.com\\\/inicio\\\/\",\"logo\":{\"@type\":\"ImageObject\",\"inLanguage\":\"es\",\"@id\":\"https:\\\/\\\/diariotextual.com\\\/inicio\\\/#\\\/schema\\\/logo\\\/image\\\/\",\"url\":\"https:\\\/\\\/diariotextual.com\\\/inicio\\\/wp-content\\\/uploads\\\/2023\\\/05\\\/logotextual1.jpg\",\"contentUrl\":\"https:\\\/\\\/diariotextual.com\\\/inicio\\\/wp-content\\\/uploads\\\/2023\\\/05\\\/logotextual1.jpg\",\"width\":516,\"height\":76,\"caption\":\"Diario Textual\"},\"image\":{\"@id\":\"https:\\\/\\\/diariotextual.com\\\/inicio\\\/#\\\/schema\\\/logo\\\/image\\\/\"},\"sameAs\":[\"https:\\\/\\\/www.facebook.com\\\/eltextual\",\"https:\\\/\\\/x.com\\\/eltextual\",\"http:\\\/\\\/www.instagram.com\\\/eltextual\"]},{\"@type\":\"Person\",\"@id\":\"https:\\\/\\\/diariotextual.com\\\/inicio\\\/#\\\/schema\\\/person\\\/418fc4093c33e86ed41562db3508f958\",\"name\":\"Diario1 Diario1\",\"image\":{\"@type\":\"ImageObject\",\"inLanguage\":\"es\",\"@id\":\"https:\\\/\\\/secure.gravatar.com\\\/avatar\\\/9167d280179c85bc18be67aa7eda765854300033af4896dd779b608640f2ef7a?s=96&d=mm&r=g\",\"url\":\"https:\\\/\\\/secure.gravatar.com\\\/avatar\\\/9167d280179c85bc18be67aa7eda765854300033af4896dd779b608640f2ef7a?s=96&d=mm&r=g\",\"contentUrl\":\"https:\\\/\\\/secure.gravatar.com\\\/avatar\\\/9167d280179c85bc18be67aa7eda765854300033af4896dd779b608640f2ef7a?s=96&d=mm&r=g\",\"caption\":\"Diario1 Diario1\"},\"url\":\"https:\\\/\\\/diariotextual.com\\\/inicio\\\/index.php\\\/author\\\/diario1\\\/\"}]}<\/script>\n<!-- \/ Yoast SEO plugin. -->","yoast_head_json":{"title":"Rechazan una demanda de los padres de Sof\u00eda Viale contra el Estado provincial - Diario Textual","robots":{"index":"index","follow":"follow","max-snippet":"max-snippet:-1","max-image-preview":"max-image-preview:large","max-video-preview":"max-video-preview:-1"},"canonical":"https:\/\/diariotextual.com\/inicio\/index.php\/2023\/08\/07\/rechazan-una-demanda-de-los-padres-de-sofia-viale-contra-el-estado-provincial\/","og_locale":"es_ES","og_type":"article","og_title":"Rechazan una demanda de los padres de Sof\u00eda Viale contra el Estado provincial - Diario Textual","og_description":"La C\u00e1mara de Apelaciones en lo Civil, Comercial, Laboral y de Miner\u00eda de Santa Rosa desestim\u00f3 el recurso de apelaci\u00f3n presentado por los padres de Sof\u00eda Viale contra la Provincia&hellip;","og_url":"https:\/\/diariotextual.com\/inicio\/index.php\/2023\/08\/07\/rechazan-una-demanda-de-los-padres-de-sofia-viale-contra-el-estado-provincial\/","og_site_name":"Diario Textual","article_publisher":"https:\/\/www.facebook.com\/eltextual","article_published_time":"2023-08-07T20:37:33+00:00","article_modified_time":"2023-08-08T14:23:10+00:00","og_image":[{"width":600,"height":420,"url":"https:\/\/diariotextual.com\/inicio\/wp-content\/uploads\/2018\/11\/vialesofia111.jpg","type":"image\/jpeg"}],"author":"Diario1 Diario1","twitter_card":"summary_large_image","twitter_creator":"@eltextual","twitter_site":"@eltextual","twitter_misc":{"Escrito por":"Diario1 Diario1","Tiempo de lectura":"7 minutos"},"schema":{"@context":"https:\/\/schema.org","@graph":[{"@type":"Article","@id":"https:\/\/diariotextual.com\/inicio\/index.php\/2023\/08\/07\/rechazan-una-demanda-de-los-padres-de-sofia-viale-contra-el-estado-provincial\/#article","isPartOf":{"@id":"https:\/\/diariotextual.com\/inicio\/index.php\/2023\/08\/07\/rechazan-una-demanda-de-los-padres-de-sofia-viale-contra-el-estado-provincial\/"},"author":{"name":"Diario1 Diario1","@id":"https:\/\/diariotextual.com\/inicio\/#\/schema\/person\/418fc4093c33e86ed41562db3508f958"},"headline":"Rechazan una demanda de los padres de Sof\u00eda Viale contra el Estado provincial","datePublished":"2023-08-07T20:37:33+00:00","dateModified":"2023-08-08T14:23:10+00:00","mainEntityOfPage":{"@id":"https:\/\/diariotextual.com\/inicio\/index.php\/2023\/08\/07\/rechazan-una-demanda-de-los-padres-de-sofia-viale-contra-el-estado-provincial\/"},"wordCount":1492,"publisher":{"@id":"https:\/\/diariotextual.com\/inicio\/#organization"},"image":{"@id":"https:\/\/diariotextual.com\/inicio\/index.php\/2023\/08\/07\/rechazan-una-demanda-de-los-padres-de-sofia-viale-contra-el-estado-provincial\/#primaryimage"},"thumbnailUrl":"https:\/\/diariotextual.com\/inicio\/wp-content\/uploads\/2018\/11\/vialesofia111.jpg","articleSection":["A - ES NOTICIA (van abajo)","A - QUE PASA (al costado)","SOCIEDAD"],"inLanguage":"es"},{"@type":"WebPage","@id":"https:\/\/diariotextual.com\/inicio\/index.php\/2023\/08\/07\/rechazan-una-demanda-de-los-padres-de-sofia-viale-contra-el-estado-provincial\/","url":"https:\/\/diariotextual.com\/inicio\/index.php\/2023\/08\/07\/rechazan-una-demanda-de-los-padres-de-sofia-viale-contra-el-estado-provincial\/","name":"Rechazan una demanda de los padres de Sof\u00eda Viale contra el Estado provincial - Diario Textual","isPartOf":{"@id":"https:\/\/diariotextual.com\/inicio\/#website"},"primaryImageOfPage":{"@id":"https:\/\/diariotextual.com\/inicio\/index.php\/2023\/08\/07\/rechazan-una-demanda-de-los-padres-de-sofia-viale-contra-el-estado-provincial\/#primaryimage"},"image":{"@id":"https:\/\/diariotextual.com\/inicio\/index.php\/2023\/08\/07\/rechazan-una-demanda-de-los-padres-de-sofia-viale-contra-el-estado-provincial\/#primaryimage"},"thumbnailUrl":"https:\/\/diariotextual.com\/inicio\/wp-content\/uploads\/2018\/11\/vialesofia111.jpg","datePublished":"2023-08-07T20:37:33+00:00","dateModified":"2023-08-08T14:23:10+00:00","breadcrumb":{"@id":"https:\/\/diariotextual.com\/inicio\/index.php\/2023\/08\/07\/rechazan-una-demanda-de-los-padres-de-sofia-viale-contra-el-estado-provincial\/#breadcrumb"},"inLanguage":"es","potentialAction":[{"@type":"ReadAction","target":["https:\/\/diariotextual.com\/inicio\/index.php\/2023\/08\/07\/rechazan-una-demanda-de-los-padres-de-sofia-viale-contra-el-estado-provincial\/"]}]},{"@type":"ImageObject","inLanguage":"es","@id":"https:\/\/diariotextual.com\/inicio\/index.php\/2023\/08\/07\/rechazan-una-demanda-de-los-padres-de-sofia-viale-contra-el-estado-provincial\/#primaryimage","url":"https:\/\/diariotextual.com\/inicio\/wp-content\/uploads\/2018\/11\/vialesofia111.jpg","contentUrl":"https:\/\/diariotextual.com\/inicio\/wp-content\/uploads\/2018\/11\/vialesofia111.jpg","width":600,"height":420},{"@type":"BreadcrumbList","@id":"https:\/\/diariotextual.com\/inicio\/index.php\/2023\/08\/07\/rechazan-una-demanda-de-los-padres-de-sofia-viale-contra-el-estado-provincial\/#breadcrumb","itemListElement":[{"@type":"ListItem","position":1,"name":"Portada","item":"https:\/\/diariotextual.com\/inicio\/"},{"@type":"ListItem","position":2,"name":"Rechazan una demanda de los padres de Sof\u00eda Viale contra el Estado provincial"}]},{"@type":"WebSite","@id":"https:\/\/diariotextual.com\/inicio\/#website","url":"https:\/\/diariotextual.com\/inicio\/","name":"Diario Textual","description":"","publisher":{"@id":"https:\/\/diariotextual.com\/inicio\/#organization"},"potentialAction":[{"@type":"SearchAction","target":{"@type":"EntryPoint","urlTemplate":"https:\/\/diariotextual.com\/inicio\/?s={search_term_string}"},"query-input":{"@type":"PropertyValueSpecification","valueRequired":true,"valueName":"search_term_string"}}],"inLanguage":"es"},{"@type":"Organization","@id":"https:\/\/diariotextual.com\/inicio\/#organization","name":"Diario Textual","url":"https:\/\/diariotextual.com\/inicio\/","logo":{"@type":"ImageObject","inLanguage":"es","@id":"https:\/\/diariotextual.com\/inicio\/#\/schema\/logo\/image\/","url":"https:\/\/diariotextual.com\/inicio\/wp-content\/uploads\/2023\/05\/logotextual1.jpg","contentUrl":"https:\/\/diariotextual.com\/inicio\/wp-content\/uploads\/2023\/05\/logotextual1.jpg","width":516,"height":76,"caption":"Diario Textual"},"image":{"@id":"https:\/\/diariotextual.com\/inicio\/#\/schema\/logo\/image\/"},"sameAs":["https:\/\/www.facebook.com\/eltextual","https:\/\/x.com\/eltextual","http:\/\/www.instagram.com\/eltextual"]},{"@type":"Person","@id":"https:\/\/diariotextual.com\/inicio\/#\/schema\/person\/418fc4093c33e86ed41562db3508f958","name":"Diario1 Diario1","image":{"@type":"ImageObject","inLanguage":"es","@id":"https:\/\/secure.gravatar.com\/avatar\/9167d280179c85bc18be67aa7eda765854300033af4896dd779b608640f2ef7a?s=96&d=mm&r=g","url":"https:\/\/secure.gravatar.com\/avatar\/9167d280179c85bc18be67aa7eda765854300033af4896dd779b608640f2ef7a?s=96&d=mm&r=g","contentUrl":"https:\/\/secure.gravatar.com\/avatar\/9167d280179c85bc18be67aa7eda765854300033af4896dd779b608640f2ef7a?s=96&d=mm&r=g","caption":"Diario1 Diario1"},"url":"https:\/\/diariotextual.com\/inicio\/index.php\/author\/diario1\/"}]}},"_links":{"self":[{"href":"https:\/\/diariotextual.com\/inicio\/index.php\/wp-json\/wp\/v2\/posts\/233117","targetHints":{"allow":["GET"]}}],"collection":[{"href":"https:\/\/diariotextual.com\/inicio\/index.php\/wp-json\/wp\/v2\/posts"}],"about":[{"href":"https:\/\/diariotextual.com\/inicio\/index.php\/wp-json\/wp\/v2\/types\/post"}],"author":[{"embeddable":true,"href":"https:\/\/diariotextual.com\/inicio\/index.php\/wp-json\/wp\/v2\/users\/3"}],"replies":[{"embeddable":true,"href":"https:\/\/diariotextual.com\/inicio\/index.php\/wp-json\/wp\/v2\/comments?post=233117"}],"version-history":[{"count":2,"href":"https:\/\/diariotextual.com\/inicio\/index.php\/wp-json\/wp\/v2\/posts\/233117\/revisions"}],"predecessor-version":[{"id":233165,"href":"https:\/\/diariotextual.com\/inicio\/index.php\/wp-json\/wp\/v2\/posts\/233117\/revisions\/233165"}],"wp:featuredmedia":[{"embeddable":true,"href":"https:\/\/diariotextual.com\/inicio\/index.php\/wp-json\/wp\/v2\/media\/25922"}],"wp:attachment":[{"href":"https:\/\/diariotextual.com\/inicio\/index.php\/wp-json\/wp\/v2\/media?parent=233117"}],"wp:term":[{"taxonomy":"category","embeddable":true,"href":"https:\/\/diariotextual.com\/inicio\/index.php\/wp-json\/wp\/v2\/categories?post=233117"},{"taxonomy":"post_tag","embeddable":true,"href":"https:\/\/diariotextual.com\/inicio\/index.php\/wp-json\/wp\/v2\/tags?post=233117"}],"curies":[{"name":"wp","href":"https:\/\/api.w.org\/{rel}","templated":true}]}}