{"id":233122,"date":"2023-08-07T18:20:18","date_gmt":"2023-08-07T21:20:18","guid":{"rendered":"https:\/\/diariotextual.com\/inicio\/?p=233122"},"modified":"2023-08-07T19:43:38","modified_gmt":"2023-08-07T22:43:38","slug":"ministerio-de-seguridad-lleva-entregados-mas-de-500-cascos-en-la-pampa","status":"publish","type":"post","link":"https:\/\/diariotextual.com\/inicio\/index.php\/2023\/08\/07\/ministerio-de-seguridad-lleva-entregados-mas-de-500-cascos-en-la-pampa\/","title":{"rendered":"Ministerio de Seguridad lleva entregados m\u00e1s de 500 cascos en La Pampa"},"content":{"rendered":"\n<p>El <strong>Programa Federal de Entrega de Cascos y Equipamiento Reflectivo<\/strong>, acordado entre el Ministerio de Seguridad de La Pampa y la Agencia Nacional de Seguridad Vial (ANSV), ha recorrido <strong>ya 28 localidades en nuestra provincia, con la entrega de m\u00e1s de 500 cascos y capacitaciones.<\/strong><\/p>\n\n\n\n<p>D\u00edas atr\u00e1s, integrantes del programa llegaron a Caleuf\u00fa, donde se cont\u00f3 con <strong>el valioso apoyo de la Fundaci\u00f3n Estrellas Amarillas, sumando esfuerzos para concientizar y fomentar el uso adecuado de elementos de protecci\u00f3n entre los motociclistas<\/strong>, quienes lamentablemente representan, a nivel nacional, un alto porcentaje de las v\u00edctimas fatales en siniestros viales.<\/p>\n\n\n\n<p>Durante las capacitaciones, se abordan los aspectos fundamentales para una conducci\u00f3n segura de motocicletas, haciendo hincapi\u00e9 en la correcta posici\u00f3n al conducir, la identificaci\u00f3n de factores de riesgo, la percepci\u00f3n del peligro y las t\u00e9cnicas de frenado, entre otros temas esenciales.<\/p>\n\n\n\n<p>Estas acciones responden a las directrices de la Organizaci\u00f3n Mundial de la Salud (OMS), que subraya la importancia de utilizar cascos de calidad, ya que su uso adecuado puede reducir significativamente el riesgo de muerte y lesiones graves en caso de accidente.<\/p>\n\n\n\n<p>\u201cEl impacto positivo del programa se refleja en la disminuci\u00f3n de riesgos para los motociclistas y en el firme compromiso con la seguridad vial en toda la Provincia\u201d, destac\u00f3 el Ministerio.<\/p>\n\n\n\n<p>Adem\u00e1s, se anunci\u00f3 que el programa de entrega de cascos y capacitaci\u00f3n se continuar\u00e1 en las pr\u00f3ximas semanas.&nbsp;<\/p>\n","protected":false},"excerpt":{"rendered":"<p>El Programa Federal de Entrega de Cascos y Equipamiento Reflectivo, acordado entre el Ministerio de Seguridad de La Pampa y la Agencia Nacional de Seguridad Vial (ANSV), ha recorrido ya&hellip;<\/p>\n","protected":false},"author":5,"featured_media":233123,"comment_status":"closed","ping_status":"open","sticky":false,"template":"","format":"standard","meta":{"_acf_changed":false,"footnotes":""},"categories":[1,12],"tags":[7632,6701],"class_list":["post-233122","post","type-post","status-publish","format-standard","has-post-thumbnail","hentry","category-es-noticia","category-sociedad","tag-cascos","tag-seguridad-vial"],"acf":[],"yoast_head":"<!-- This site is optimized with the Yoast SEO plugin v27.5 - https:\/\/yoast.com\/product\/yoast-seo-wordpress\/ -->\n<title>Ministerio de Seguridad lleva entregados m\u00e1s de 500 cascos en La Pampa - Diario Textual<\/title>\n<meta name=\"robots\" content=\"index, follow, max-snippet:-1, max-image-preview:large, max-video-preview:-1\" \/>\n<link rel=\"canonical\" href=\"https:\/\/diariotextual.com\/inicio\/index.php\/2023\/08\/07\/ministerio-de-seguridad-lleva-entregados-mas-de-500-cascos-en-la-pampa\/\" \/>\n<meta property=\"og:locale\" content=\"es_ES\" \/>\n<meta property=\"og:type\" content=\"article\" \/>\n<meta property=\"og:title\" content=\"Ministerio de Seguridad lleva entregados m\u00e1s de 500 cascos en La Pampa - Diario Textual\" \/>\n<meta property=\"og:description\" content=\"El Programa Federal de Entrega de Cascos y Equipamiento Reflectivo, acordado entre el Ministerio de Seguridad de La Pampa y la Agencia Nacional de Seguridad Vial (ANSV), ha recorrido ya&hellip;\" \/>\n<meta property=\"og:url\" content=\"https:\/\/diariotextual.com\/inicio\/index.php\/2023\/08\/07\/ministerio-de-seguridad-lleva-entregados-mas-de-500-cascos-en-la-pampa\/\" \/>\n<meta property=\"og:site_name\" content=\"Diario Textual\" \/>\n<meta property=\"article:publisher\" content=\"https:\/\/www.facebook.com\/eltextual\" \/>\n<meta property=\"article:published_time\" content=\"2023-08-07T21:20:18+00:00\" \/>\n<meta property=\"article:modified_time\" content=\"2023-08-07T22:43:38+00:00\" \/>\n<meta property=\"og:image\" content=\"https:\/\/diariotextual.com\/inicio\/wp-content\/uploads\/2023\/08\/cascoscaleufu2023.jpg\" \/>\n\t<meta property=\"og:image:width\" content=\"900\" \/>\n\t<meta property=\"og:image:height\" content=\"501\" \/>\n\t<meta property=\"og:image:type\" content=\"image\/jpeg\" \/>\n<meta name=\"author\" content=\"diario3\" \/>\n<meta name=\"twitter:card\" content=\"summary_large_image\" \/>\n<meta name=\"twitter:creator\" content=\"@eltextual\" \/>\n<meta name=\"twitter:site\" content=\"@eltextual\" \/>\n<meta name=\"twitter:label1\" content=\"Escrito por\" \/>\n\t<meta name=\"twitter:data1\" content=\"diario3\" \/>\n\t<meta name=\"twitter:label2\" content=\"Tiempo de lectura\" \/>\n\t<meta name=\"twitter:data2\" content=\"2 minutos\" \/>\n<script type=\"application\/ld+json\" class=\"yoast-schema-graph\">{\"@context\":\"https:\\\/\\\/schema.org\",\"@graph\":[{\"@type\":\"Article\",\"@id\":\"https:\\\/\\\/diariotextual.com\\\/inicio\\\/index.php\\\/2023\\\/08\\\/07\\\/ministerio-de-seguridad-lleva-entregados-mas-de-500-cascos-en-la-pampa\\\/#article\",\"isPartOf\":{\"@id\":\"https:\\\/\\\/diariotextual.com\\\/inicio\\\/index.php\\\/2023\\\/08\\\/07\\\/ministerio-de-seguridad-lleva-entregados-mas-de-500-cascos-en-la-pampa\\\/\"},\"author\":{\"name\":\"diario3\",\"@id\":\"https:\\\/\\\/diariotextual.com\\\/inicio\\\/#\\\/schema\\\/person\\\/a1b6f563e0ee944c60f98119389a4d9f\"},\"headline\":\"Ministerio de Seguridad lleva entregados m\u00e1s de 500 cascos en La Pampa\",\"datePublished\":\"2023-08-07T21:20:18+00:00\",\"dateModified\":\"2023-08-07T22:43:38+00:00\",\"mainEntityOfPage\":{\"@id\":\"https:\\\/\\\/diariotextual.com\\\/inicio\\\/index.php\\\/2023\\\/08\\\/07\\\/ministerio-de-seguridad-lleva-entregados-mas-de-500-cascos-en-la-pampa\\\/\"},\"wordCount\":256,\"publisher\":{\"@id\":\"https:\\\/\\\/diariotextual.com\\\/inicio\\\/#organization\"},\"image\":{\"@id\":\"https:\\\/\\\/diariotextual.com\\\/inicio\\\/index.php\\\/2023\\\/08\\\/07\\\/ministerio-de-seguridad-lleva-entregados-mas-de-500-cascos-en-la-pampa\\\/#primaryimage\"},\"thumbnailUrl\":\"https:\\\/\\\/diariotextual.com\\\/inicio\\\/wp-content\\\/uploads\\\/2023\\\/08\\\/cascoscaleufu2023.jpg\",\"keywords\":[\"cascos\",\"seguridad vial\"],\"articleSection\":[\"A - ES NOTICIA (van abajo)\",\"SOCIEDAD\"],\"inLanguage\":\"es\"},{\"@type\":\"WebPage\",\"@id\":\"https:\\\/\\\/diariotextual.com\\\/inicio\\\/index.php\\\/2023\\\/08\\\/07\\\/ministerio-de-seguridad-lleva-entregados-mas-de-500-cascos-en-la-pampa\\\/\",\"url\":\"https:\\\/\\\/diariotextual.com\\\/inicio\\\/index.php\\\/2023\\\/08\\\/07\\\/ministerio-de-seguridad-lleva-entregados-mas-de-500-cascos-en-la-pampa\\\/\",\"name\":\"Ministerio de Seguridad lleva entregados m\u00e1s de 500 cascos en La Pampa - Diario Textual\",\"isPartOf\":{\"@id\":\"https:\\\/\\\/diariotextual.com\\\/inicio\\\/#website\"},\"primaryImageOfPage\":{\"@id\":\"https:\\\/\\\/diariotextual.com\\\/inicio\\\/index.php\\\/2023\\\/08\\\/07\\\/ministerio-de-seguridad-lleva-entregados-mas-de-500-cascos-en-la-pampa\\\/#primaryimage\"},\"image\":{\"@id\":\"https:\\\/\\\/diariotextual.com\\\/inicio\\\/index.php\\\/2023\\\/08\\\/07\\\/ministerio-de-seguridad-lleva-entregados-mas-de-500-cascos-en-la-pampa\\\/#primaryimage\"},\"thumbnailUrl\":\"https:\\\/\\\/diariotextual.com\\\/inicio\\\/wp-content\\\/uploads\\\/2023\\\/08\\\/cascoscaleufu2023.jpg\",\"datePublished\":\"2023-08-07T21:20:18+00:00\",\"dateModified\":\"2023-08-07T22:43:38+00:00\",\"breadcrumb\":{\"@id\":\"https:\\\/\\\/diariotextual.com\\\/inicio\\\/index.php\\\/2023\\\/08\\\/07\\\/ministerio-de-seguridad-lleva-entregados-mas-de-500-cascos-en-la-pampa\\\/#breadcrumb\"},\"inLanguage\":\"es\",\"potentialAction\":[{\"@type\":\"ReadAction\",\"target\":[\"https:\\\/\\\/diariotextual.com\\\/inicio\\\/index.php\\\/2023\\\/08\\\/07\\\/ministerio-de-seguridad-lleva-entregados-mas-de-500-cascos-en-la-pampa\\\/\"]}]},{\"@type\":\"ImageObject\",\"inLanguage\":\"es\",\"@id\":\"https:\\\/\\\/diariotextual.com\\\/inicio\\\/index.php\\\/2023\\\/08\\\/07\\\/ministerio-de-seguridad-lleva-entregados-mas-de-500-cascos-en-la-pampa\\\/#primaryimage\",\"url\":\"https:\\\/\\\/diariotextual.com\\\/inicio\\\/wp-content\\\/uploads\\\/2023\\\/08\\\/cascoscaleufu2023.jpg\",\"contentUrl\":\"https:\\\/\\\/diariotextual.com\\\/inicio\\\/wp-content\\\/uploads\\\/2023\\\/08\\\/cascoscaleufu2023.jpg\",\"width\":900,\"height\":501},{\"@type\":\"BreadcrumbList\",\"@id\":\"https:\\\/\\\/diariotextual.com\\\/inicio\\\/index.php\\\/2023\\\/08\\\/07\\\/ministerio-de-seguridad-lleva-entregados-mas-de-500-cascos-en-la-pampa\\\/#breadcrumb\",\"itemListElement\":[{\"@type\":\"ListItem\",\"position\":1,\"name\":\"Portada\",\"item\":\"https:\\\/\\\/diariotextual.com\\\/inicio\\\/\"},{\"@type\":\"ListItem\",\"position\":2,\"name\":\"Ministerio de Seguridad lleva entregados m\u00e1s de 500 cascos en La Pampa\"}]},{\"@type\":\"WebSite\",\"@id\":\"https:\\\/\\\/diariotextual.com\\\/inicio\\\/#website\",\"url\":\"https:\\\/\\\/diariotextual.com\\\/inicio\\\/\",\"name\":\"Diario Textual\",\"description\":\"\",\"publisher\":{\"@id\":\"https:\\\/\\\/diariotextual.com\\\/inicio\\\/#organization\"},\"potentialAction\":[{\"@type\":\"SearchAction\",\"target\":{\"@type\":\"EntryPoint\",\"urlTemplate\":\"https:\\\/\\\/diariotextual.com\\\/inicio\\\/?s={search_term_string}\"},\"query-input\":{\"@type\":\"PropertyValueSpecification\",\"valueRequired\":true,\"valueName\":\"search_term_string\"}}],\"inLanguage\":\"es\"},{\"@type\":\"Organization\",\"@id\":\"https:\\\/\\\/diariotextual.com\\\/inicio\\\/#organization\",\"name\":\"Diario Textual\",\"url\":\"https:\\\/\\\/diariotextual.com\\\/inicio\\\/\",\"logo\":{\"@type\":\"ImageObject\",\"inLanguage\":\"es\",\"@id\":\"https:\\\/\\\/diariotextual.com\\\/inicio\\\/#\\\/schema\\\/logo\\\/image\\\/\",\"url\":\"https:\\\/\\\/diariotextual.com\\\/inicio\\\/wp-content\\\/uploads\\\/2023\\\/05\\\/logotextual1.jpg\",\"contentUrl\":\"https:\\\/\\\/diariotextual.com\\\/inicio\\\/wp-content\\\/uploads\\\/2023\\\/05\\\/logotextual1.jpg\",\"width\":516,\"height\":76,\"caption\":\"Diario Textual\"},\"image\":{\"@id\":\"https:\\\/\\\/diariotextual.com\\\/inicio\\\/#\\\/schema\\\/logo\\\/image\\\/\"},\"sameAs\":[\"https:\\\/\\\/www.facebook.com\\\/eltextual\",\"https:\\\/\\\/x.com\\\/eltextual\",\"http:\\\/\\\/www.instagram.com\\\/eltextual\"]},{\"@type\":\"Person\",\"@id\":\"https:\\\/\\\/diariotextual.com\\\/inicio\\\/#\\\/schema\\\/person\\\/a1b6f563e0ee944c60f98119389a4d9f\",\"name\":\"diario3\",\"image\":{\"@type\":\"ImageObject\",\"inLanguage\":\"es\",\"@id\":\"https:\\\/\\\/secure.gravatar.com\\\/avatar\\\/5e7ee62c82fc04d9dd79d746a390d93c69c43223e5faeeb3ea9461ef752bfc5d?s=96&d=mm&r=g\",\"url\":\"https:\\\/\\\/secure.gravatar.com\\\/avatar\\\/5e7ee62c82fc04d9dd79d746a390d93c69c43223e5faeeb3ea9461ef752bfc5d?s=96&d=mm&r=g\",\"contentUrl\":\"https:\\\/\\\/secure.gravatar.com\\\/avatar\\\/5e7ee62c82fc04d9dd79d746a390d93c69c43223e5faeeb3ea9461ef752bfc5d?s=96&d=mm&r=g\",\"caption\":\"diario3\"},\"url\":\"https:\\\/\\\/diariotextual.com\\\/inicio\\\/index.php\\\/author\\\/diario3\\\/\"}]}<\/script>\n<!-- \/ Yoast SEO plugin. -->","yoast_head_json":{"title":"Ministerio de Seguridad lleva entregados m\u00e1s de 500 cascos en La Pampa - Diario Textual","robots":{"index":"index","follow":"follow","max-snippet":"max-snippet:-1","max-image-preview":"max-image-preview:large","max-video-preview":"max-video-preview:-1"},"canonical":"https:\/\/diariotextual.com\/inicio\/index.php\/2023\/08\/07\/ministerio-de-seguridad-lleva-entregados-mas-de-500-cascos-en-la-pampa\/","og_locale":"es_ES","og_type":"article","og_title":"Ministerio de Seguridad lleva entregados m\u00e1s de 500 cascos en La Pampa - Diario Textual","og_description":"El Programa Federal de Entrega de Cascos y Equipamiento Reflectivo, acordado entre el Ministerio de Seguridad de La Pampa y la Agencia Nacional de Seguridad Vial (ANSV), ha recorrido ya&hellip;","og_url":"https:\/\/diariotextual.com\/inicio\/index.php\/2023\/08\/07\/ministerio-de-seguridad-lleva-entregados-mas-de-500-cascos-en-la-pampa\/","og_site_name":"Diario Textual","article_publisher":"https:\/\/www.facebook.com\/eltextual","article_published_time":"2023-08-07T21:20:18+00:00","article_modified_time":"2023-08-07T22:43:38+00:00","og_image":[{"width":900,"height":501,"url":"https:\/\/diariotextual.com\/inicio\/wp-content\/uploads\/2023\/08\/cascoscaleufu2023.jpg","type":"image\/jpeg"}],"author":"diario3","twitter_card":"summary_large_image","twitter_creator":"@eltextual","twitter_site":"@eltextual","twitter_misc":{"Escrito por":"diario3","Tiempo de lectura":"2 minutos"},"schema":{"@context":"https:\/\/schema.org","@graph":[{"@type":"Article","@id":"https:\/\/diariotextual.com\/inicio\/index.php\/2023\/08\/07\/ministerio-de-seguridad-lleva-entregados-mas-de-500-cascos-en-la-pampa\/#article","isPartOf":{"@id":"https:\/\/diariotextual.com\/inicio\/index.php\/2023\/08\/07\/ministerio-de-seguridad-lleva-entregados-mas-de-500-cascos-en-la-pampa\/"},"author":{"name":"diario3","@id":"https:\/\/diariotextual.com\/inicio\/#\/schema\/person\/a1b6f563e0ee944c60f98119389a4d9f"},"headline":"Ministerio de Seguridad lleva entregados m\u00e1s de 500 cascos en La Pampa","datePublished":"2023-08-07T21:20:18+00:00","dateModified":"2023-08-07T22:43:38+00:00","mainEntityOfPage":{"@id":"https:\/\/diariotextual.com\/inicio\/index.php\/2023\/08\/07\/ministerio-de-seguridad-lleva-entregados-mas-de-500-cascos-en-la-pampa\/"},"wordCount":256,"publisher":{"@id":"https:\/\/diariotextual.com\/inicio\/#organization"},"image":{"@id":"https:\/\/diariotextual.com\/inicio\/index.php\/2023\/08\/07\/ministerio-de-seguridad-lleva-entregados-mas-de-500-cascos-en-la-pampa\/#primaryimage"},"thumbnailUrl":"https:\/\/diariotextual.com\/inicio\/wp-content\/uploads\/2023\/08\/cascoscaleufu2023.jpg","keywords":["cascos","seguridad vial"],"articleSection":["A - ES NOTICIA (van abajo)","SOCIEDAD"],"inLanguage":"es"},{"@type":"WebPage","@id":"https:\/\/diariotextual.com\/inicio\/index.php\/2023\/08\/07\/ministerio-de-seguridad-lleva-entregados-mas-de-500-cascos-en-la-pampa\/","url":"https:\/\/diariotextual.com\/inicio\/index.php\/2023\/08\/07\/ministerio-de-seguridad-lleva-entregados-mas-de-500-cascos-en-la-pampa\/","name":"Ministerio de Seguridad lleva entregados m\u00e1s de 500 cascos en La Pampa - Diario Textual","isPartOf":{"@id":"https:\/\/diariotextual.com\/inicio\/#website"},"primaryImageOfPage":{"@id":"https:\/\/diariotextual.com\/inicio\/index.php\/2023\/08\/07\/ministerio-de-seguridad-lleva-entregados-mas-de-500-cascos-en-la-pampa\/#primaryimage"},"image":{"@id":"https:\/\/diariotextual.com\/inicio\/index.php\/2023\/08\/07\/ministerio-de-seguridad-lleva-entregados-mas-de-500-cascos-en-la-pampa\/#primaryimage"},"thumbnailUrl":"https:\/\/diariotextual.com\/inicio\/wp-content\/uploads\/2023\/08\/cascoscaleufu2023.jpg","datePublished":"2023-08-07T21:20:18+00:00","dateModified":"2023-08-07T22:43:38+00:00","breadcrumb":{"@id":"https:\/\/diariotextual.com\/inicio\/index.php\/2023\/08\/07\/ministerio-de-seguridad-lleva-entregados-mas-de-500-cascos-en-la-pampa\/#breadcrumb"},"inLanguage":"es","potentialAction":[{"@type":"ReadAction","target":["https:\/\/diariotextual.com\/inicio\/index.php\/2023\/08\/07\/ministerio-de-seguridad-lleva-entregados-mas-de-500-cascos-en-la-pampa\/"]}]},{"@type":"ImageObject","inLanguage":"es","@id":"https:\/\/diariotextual.com\/inicio\/index.php\/2023\/08\/07\/ministerio-de-seguridad-lleva-entregados-mas-de-500-cascos-en-la-pampa\/#primaryimage","url":"https:\/\/diariotextual.com\/inicio\/wp-content\/uploads\/2023\/08\/cascoscaleufu2023.jpg","contentUrl":"https:\/\/diariotextual.com\/inicio\/wp-content\/uploads\/2023\/08\/cascoscaleufu2023.jpg","width":900,"height":501},{"@type":"BreadcrumbList","@id":"https:\/\/diariotextual.com\/inicio\/index.php\/2023\/08\/07\/ministerio-de-seguridad-lleva-entregados-mas-de-500-cascos-en-la-pampa\/#breadcrumb","itemListElement":[{"@type":"ListItem","position":1,"name":"Portada","item":"https:\/\/diariotextual.com\/inicio\/"},{"@type":"ListItem","position":2,"name":"Ministerio de Seguridad lleva entregados m\u00e1s de 500 cascos en La Pampa"}]},{"@type":"WebSite","@id":"https:\/\/diariotextual.com\/inicio\/#website","url":"https:\/\/diariotextual.com\/inicio\/","name":"Diario Textual","description":"","publisher":{"@id":"https:\/\/diariotextual.com\/inicio\/#organization"},"potentialAction":[{"@type":"SearchAction","target":{"@type":"EntryPoint","urlTemplate":"https:\/\/diariotextual.com\/inicio\/?s={search_term_string}"},"query-input":{"@type":"PropertyValueSpecification","valueRequired":true,"valueName":"search_term_string"}}],"inLanguage":"es"},{"@type":"Organization","@id":"https:\/\/diariotextual.com\/inicio\/#organization","name":"Diario Textual","url":"https:\/\/diariotextual.com\/inicio\/","logo":{"@type":"ImageObject","inLanguage":"es","@id":"https:\/\/diariotextual.com\/inicio\/#\/schema\/logo\/image\/","url":"https:\/\/diariotextual.com\/inicio\/wp-content\/uploads\/2023\/05\/logotextual1.jpg","contentUrl":"https:\/\/diariotextual.com\/inicio\/wp-content\/uploads\/2023\/05\/logotextual1.jpg","width":516,"height":76,"caption":"Diario Textual"},"image":{"@id":"https:\/\/diariotextual.com\/inicio\/#\/schema\/logo\/image\/"},"sameAs":["https:\/\/www.facebook.com\/eltextual","https:\/\/x.com\/eltextual","http:\/\/www.instagram.com\/eltextual"]},{"@type":"Person","@id":"https:\/\/diariotextual.com\/inicio\/#\/schema\/person\/a1b6f563e0ee944c60f98119389a4d9f","name":"diario3","image":{"@type":"ImageObject","inLanguage":"es","@id":"https:\/\/secure.gravatar.com\/avatar\/5e7ee62c82fc04d9dd79d746a390d93c69c43223e5faeeb3ea9461ef752bfc5d?s=96&d=mm&r=g","url":"https:\/\/secure.gravatar.com\/avatar\/5e7ee62c82fc04d9dd79d746a390d93c69c43223e5faeeb3ea9461ef752bfc5d?s=96&d=mm&r=g","contentUrl":"https:\/\/secure.gravatar.com\/avatar\/5e7ee62c82fc04d9dd79d746a390d93c69c43223e5faeeb3ea9461ef752bfc5d?s=96&d=mm&r=g","caption":"diario3"},"url":"https:\/\/diariotextual.com\/inicio\/index.php\/author\/diario3\/"}]}},"_links":{"self":[{"href":"https:\/\/diariotextual.com\/inicio\/index.php\/wp-json\/wp\/v2\/posts\/233122","targetHints":{"allow":["GET"]}}],"collection":[{"href":"https:\/\/diariotextual.com\/inicio\/index.php\/wp-json\/wp\/v2\/posts"}],"about":[{"href":"https:\/\/diariotextual.com\/inicio\/index.php\/wp-json\/wp\/v2\/types\/post"}],"author":[{"embeddable":true,"href":"https:\/\/diariotextual.com\/inicio\/index.php\/wp-json\/wp\/v2\/users\/5"}],"replies":[{"embeddable":true,"href":"https:\/\/diariotextual.com\/inicio\/index.php\/wp-json\/wp\/v2\/comments?post=233122"}],"version-history":[{"count":1,"href":"https:\/\/diariotextual.com\/inicio\/index.php\/wp-json\/wp\/v2\/posts\/233122\/revisions"}],"predecessor-version":[{"id":233124,"href":"https:\/\/diariotextual.com\/inicio\/index.php\/wp-json\/wp\/v2\/posts\/233122\/revisions\/233124"}],"wp:featuredmedia":[{"embeddable":true,"href":"https:\/\/diariotextual.com\/inicio\/index.php\/wp-json\/wp\/v2\/media\/233123"}],"wp:attachment":[{"href":"https:\/\/diariotextual.com\/inicio\/index.php\/wp-json\/wp\/v2\/media?parent=233122"}],"wp:term":[{"taxonomy":"category","embeddable":true,"href":"https:\/\/diariotextual.com\/inicio\/index.php\/wp-json\/wp\/v2\/categories?post=233122"},{"taxonomy":"post_tag","embeddable":true,"href":"https:\/\/diariotextual.com\/inicio\/index.php\/wp-json\/wp\/v2\/tags?post=233122"}],"curies":[{"name":"wp","href":"https:\/\/api.w.org\/{rel}","templated":true}]}}