{"id":233127,"date":"2023-08-07T18:32:06","date_gmt":"2023-08-07T21:32:06","guid":{"rendered":"https:\/\/diariotextual.com\/inicio\/?p=233127"},"modified":"2023-08-07T18:32:08","modified_gmt":"2023-08-07T21:32:08","slug":"mes-de-las-infancias-capacitaciones-para-personal-de-ninez-en-santa-rosa","status":"publish","type":"post","link":"https:\/\/diariotextual.com\/inicio\/index.php\/2023\/08\/07\/mes-de-las-infancias-capacitaciones-para-personal-de-ninez-en-santa-rosa\/","title":{"rendered":"Mes de las infancias: capacitaciones para personal de Ni\u00f1ez en Santa Rosa"},"content":{"rendered":"\n<p>La Municipalidad de Santa Rosa, a trav\u00e9s de la Secretar\u00eda de Desarrollo Social, llev\u00f3 a cabo diferentes acciones con el objetivo de continuar fortaleciendo las pr\u00e1cticas del personal de ni\u00f1ez, en el marco del mes de las infancias.<\/p>\n\n\n\n<p>Se realiz\u00f3 un trabajo articulado con <strong>el programa nacional \u201cPrimeros A\u00f1os\u201d, perteneciente a la Secretar\u00eda Nacional de Ni\u00f1ez Adolescencia y Familia<\/strong>, en la que se abordaron tem\u00e1ticas vinculadas a \u201cbuenos tratos en crianza y juego\u201d.<\/p>\n\n\n\n<p>\u201c<strong>Los buenos tratos son los modos de relacionarnos con las ni\u00f1as y los ni\u00f1os para que sean reconocidos, cuidados, respetados y valorados como sujetos de derecho<\/strong>, lo que conlleva una mirada centrada en la confianza\u201d, explicaron fuentes oficiales.<\/p>\n\n\n\n<p>\u201cLa ausencia de malos tratos no implica necesariamente buenos tratos sino <strong>valorarlos tal cual son, en sus logros, en sus producciones y en sus deseos<\/strong>. Cuando mostramos inter\u00e9s, los escuchamos y nos ponemos a su altura, reconoci\u00e9ndolos protagonistas de su desarrollo\u201d, agregaron.<\/p>\n\n\n\n<p><strong>EPI<\/strong><\/p>\n\n\n\n<p>La ni\u00f1ez es un eje principal en la pol\u00edtica social que lleva adelante el Municipio de Santa Rosa. <strong>Los Espacios de Primera Infancia (EPI) funcionan con un total 47 salas distribuidas estrat\u00e9gicamente<\/strong>. Asisten ni\u00f1os y ni\u00f1as de distintos barrios de la ciudad, con el acompa\u00f1amiento de equipos interdisciplinarios de trabajo.<\/p>\n\n\n\n<p>\u201cLos EPI son una pol\u00edtica fundamental de este Municipio en t\u00e9rminos de protecci\u00f3n y promoci\u00f3n de derechos para los primeros a\u00f1os de las ni\u00f1as y ni\u00f1os que asisten\u201d, expres\u00f3 la secretaria de Desarrollo Social, Clarisa Alzuri y agreg\u00f3: \u201cLa presencia del Estado Municipal es muy importante para brindar soluciones a todo lo que est\u00e1 relacionado con los ni\u00f1os y ni\u00f1as de la ciudad\u201d.<\/p>\n\n\n\n<p>Se llevan adelante actividades educativas, l\u00fadicas, pedag\u00f3gicas y recreativas bajo la supervisi\u00f3n de las y los trabajadores que cumplen \u201cun rol fundamental\u201d en el d\u00eda a d\u00eda desde el acompa\u00f1amiento, la contenci\u00f3n y la promoci\u00f3n de ambientes amigables y acordes al desarrollo de los ni\u00f1os y ni\u00f1as que asisten, finaliz\u00f3.<\/p>\n","protected":false},"excerpt":{"rendered":"<p>La Municipalidad de Santa Rosa, a trav\u00e9s de la Secretar\u00eda de Desarrollo Social, llev\u00f3 a cabo diferentes acciones con el objetivo de continuar fortaleciendo las pr\u00e1cticas del personal de ni\u00f1ez,&hellip;<\/p>\n","protected":false},"author":5,"featured_media":233128,"comment_status":"closed","ping_status":"open","sticky":false,"template":"","format":"standard","meta":{"_acf_changed":false,"footnotes":""},"categories":[1,12],"tags":[1923],"class_list":["post-233127","post","type-post","status-publish","format-standard","has-post-thumbnail","hentry","category-es-noticia","category-sociedad","tag-ninez"],"acf":[],"yoast_head":"<!-- This site is optimized with the Yoast SEO plugin v27.5 - https:\/\/yoast.com\/product\/yoast-seo-wordpress\/ -->\n<title>Mes de las infancias: capacitaciones para personal de Ni\u00f1ez en Santa Rosa - Diario Textual<\/title>\n<meta name=\"robots\" content=\"index, follow, max-snippet:-1, max-image-preview:large, max-video-preview:-1\" \/>\n<link rel=\"canonical\" href=\"https:\/\/diariotextual.com\/inicio\/index.php\/2023\/08\/07\/mes-de-las-infancias-capacitaciones-para-personal-de-ninez-en-santa-rosa\/\" \/>\n<meta property=\"og:locale\" content=\"es_ES\" \/>\n<meta property=\"og:type\" content=\"article\" \/>\n<meta property=\"og:title\" content=\"Mes de las infancias: capacitaciones para personal de Ni\u00f1ez en Santa Rosa - Diario Textual\" \/>\n<meta property=\"og:description\" content=\"La Municipalidad de Santa Rosa, a trav\u00e9s de la Secretar\u00eda de Desarrollo Social, llev\u00f3 a cabo diferentes acciones con el objetivo de continuar fortaleciendo las pr\u00e1cticas del personal de ni\u00f1ez,&hellip;\" \/>\n<meta property=\"og:url\" content=\"https:\/\/diariotextual.com\/inicio\/index.php\/2023\/08\/07\/mes-de-las-infancias-capacitaciones-para-personal-de-ninez-en-santa-rosa\/\" \/>\n<meta property=\"og:site_name\" content=\"Diario Textual\" \/>\n<meta property=\"article:publisher\" content=\"https:\/\/www.facebook.com\/eltextual\" \/>\n<meta property=\"article:published_time\" content=\"2023-08-07T21:32:06+00:00\" \/>\n<meta property=\"article:modified_time\" content=\"2023-08-07T21:32:08+00:00\" \/>\n<meta property=\"og:image\" content=\"https:\/\/diariotextual.com\/inicio\/wp-content\/uploads\/2023\/08\/ninezcapacitacionsantarosa.jpg\" \/>\n\t<meta property=\"og:image:width\" content=\"900\" \/>\n\t<meta property=\"og:image:height\" content=\"472\" \/>\n\t<meta property=\"og:image:type\" content=\"image\/jpeg\" \/>\n<meta name=\"author\" content=\"diario3\" \/>\n<meta name=\"twitter:card\" content=\"summary_large_image\" \/>\n<meta name=\"twitter:creator\" content=\"@eltextual\" \/>\n<meta name=\"twitter:site\" content=\"@eltextual\" \/>\n<meta name=\"twitter:label1\" content=\"Escrito por\" \/>\n\t<meta name=\"twitter:data1\" content=\"diario3\" \/>\n\t<meta name=\"twitter:label2\" content=\"Tiempo de lectura\" \/>\n\t<meta name=\"twitter:data2\" content=\"2 minutos\" \/>\n<script type=\"application\/ld+json\" class=\"yoast-schema-graph\">{\"@context\":\"https:\\\/\\\/schema.org\",\"@graph\":[{\"@type\":\"Article\",\"@id\":\"https:\\\/\\\/diariotextual.com\\\/inicio\\\/index.php\\\/2023\\\/08\\\/07\\\/mes-de-las-infancias-capacitaciones-para-personal-de-ninez-en-santa-rosa\\\/#article\",\"isPartOf\":{\"@id\":\"https:\\\/\\\/diariotextual.com\\\/inicio\\\/index.php\\\/2023\\\/08\\\/07\\\/mes-de-las-infancias-capacitaciones-para-personal-de-ninez-en-santa-rosa\\\/\"},\"author\":{\"name\":\"diario3\",\"@id\":\"https:\\\/\\\/diariotextual.com\\\/inicio\\\/#\\\/schema\\\/person\\\/a1b6f563e0ee944c60f98119389a4d9f\"},\"headline\":\"Mes de las infancias: capacitaciones para personal de Ni\u00f1ez en Santa Rosa\",\"datePublished\":\"2023-08-07T21:32:06+00:00\",\"dateModified\":\"2023-08-07T21:32:08+00:00\",\"mainEntityOfPage\":{\"@id\":\"https:\\\/\\\/diariotextual.com\\\/inicio\\\/index.php\\\/2023\\\/08\\\/07\\\/mes-de-las-infancias-capacitaciones-para-personal-de-ninez-en-santa-rosa\\\/\"},\"wordCount\":366,\"publisher\":{\"@id\":\"https:\\\/\\\/diariotextual.com\\\/inicio\\\/#organization\"},\"image\":{\"@id\":\"https:\\\/\\\/diariotextual.com\\\/inicio\\\/index.php\\\/2023\\\/08\\\/07\\\/mes-de-las-infancias-capacitaciones-para-personal-de-ninez-en-santa-rosa\\\/#primaryimage\"},\"thumbnailUrl\":\"https:\\\/\\\/diariotextual.com\\\/inicio\\\/wp-content\\\/uploads\\\/2023\\\/08\\\/ninezcapacitacionsantarosa.jpg\",\"keywords\":[\"Ni\u00f1ez\"],\"articleSection\":[\"A - ES NOTICIA (van abajo)\",\"SOCIEDAD\"],\"inLanguage\":\"es\"},{\"@type\":\"WebPage\",\"@id\":\"https:\\\/\\\/diariotextual.com\\\/inicio\\\/index.php\\\/2023\\\/08\\\/07\\\/mes-de-las-infancias-capacitaciones-para-personal-de-ninez-en-santa-rosa\\\/\",\"url\":\"https:\\\/\\\/diariotextual.com\\\/inicio\\\/index.php\\\/2023\\\/08\\\/07\\\/mes-de-las-infancias-capacitaciones-para-personal-de-ninez-en-santa-rosa\\\/\",\"name\":\"Mes de las infancias: capacitaciones para personal de Ni\u00f1ez en Santa Rosa - Diario Textual\",\"isPartOf\":{\"@id\":\"https:\\\/\\\/diariotextual.com\\\/inicio\\\/#website\"},\"primaryImageOfPage\":{\"@id\":\"https:\\\/\\\/diariotextual.com\\\/inicio\\\/index.php\\\/2023\\\/08\\\/07\\\/mes-de-las-infancias-capacitaciones-para-personal-de-ninez-en-santa-rosa\\\/#primaryimage\"},\"image\":{\"@id\":\"https:\\\/\\\/diariotextual.com\\\/inicio\\\/index.php\\\/2023\\\/08\\\/07\\\/mes-de-las-infancias-capacitaciones-para-personal-de-ninez-en-santa-rosa\\\/#primaryimage\"},\"thumbnailUrl\":\"https:\\\/\\\/diariotextual.com\\\/inicio\\\/wp-content\\\/uploads\\\/2023\\\/08\\\/ninezcapacitacionsantarosa.jpg\",\"datePublished\":\"2023-08-07T21:32:06+00:00\",\"dateModified\":\"2023-08-07T21:32:08+00:00\",\"breadcrumb\":{\"@id\":\"https:\\\/\\\/diariotextual.com\\\/inicio\\\/index.php\\\/2023\\\/08\\\/07\\\/mes-de-las-infancias-capacitaciones-para-personal-de-ninez-en-santa-rosa\\\/#breadcrumb\"},\"inLanguage\":\"es\",\"potentialAction\":[{\"@type\":\"ReadAction\",\"target\":[\"https:\\\/\\\/diariotextual.com\\\/inicio\\\/index.php\\\/2023\\\/08\\\/07\\\/mes-de-las-infancias-capacitaciones-para-personal-de-ninez-en-santa-rosa\\\/\"]}]},{\"@type\":\"ImageObject\",\"inLanguage\":\"es\",\"@id\":\"https:\\\/\\\/diariotextual.com\\\/inicio\\\/index.php\\\/2023\\\/08\\\/07\\\/mes-de-las-infancias-capacitaciones-para-personal-de-ninez-en-santa-rosa\\\/#primaryimage\",\"url\":\"https:\\\/\\\/diariotextual.com\\\/inicio\\\/wp-content\\\/uploads\\\/2023\\\/08\\\/ninezcapacitacionsantarosa.jpg\",\"contentUrl\":\"https:\\\/\\\/diariotextual.com\\\/inicio\\\/wp-content\\\/uploads\\\/2023\\\/08\\\/ninezcapacitacionsantarosa.jpg\",\"width\":900,\"height\":472},{\"@type\":\"BreadcrumbList\",\"@id\":\"https:\\\/\\\/diariotextual.com\\\/inicio\\\/index.php\\\/2023\\\/08\\\/07\\\/mes-de-las-infancias-capacitaciones-para-personal-de-ninez-en-santa-rosa\\\/#breadcrumb\",\"itemListElement\":[{\"@type\":\"ListItem\",\"position\":1,\"name\":\"Portada\",\"item\":\"https:\\\/\\\/diariotextual.com\\\/inicio\\\/\"},{\"@type\":\"ListItem\",\"position\":2,\"name\":\"Mes de las infancias: capacitaciones para personal de Ni\u00f1ez en Santa Rosa\"}]},{\"@type\":\"WebSite\",\"@id\":\"https:\\\/\\\/diariotextual.com\\\/inicio\\\/#website\",\"url\":\"https:\\\/\\\/diariotextual.com\\\/inicio\\\/\",\"name\":\"Diario Textual\",\"description\":\"\",\"publisher\":{\"@id\":\"https:\\\/\\\/diariotextual.com\\\/inicio\\\/#organization\"},\"potentialAction\":[{\"@type\":\"SearchAction\",\"target\":{\"@type\":\"EntryPoint\",\"urlTemplate\":\"https:\\\/\\\/diariotextual.com\\\/inicio\\\/?s={search_term_string}\"},\"query-input\":{\"@type\":\"PropertyValueSpecification\",\"valueRequired\":true,\"valueName\":\"search_term_string\"}}],\"inLanguage\":\"es\"},{\"@type\":\"Organization\",\"@id\":\"https:\\\/\\\/diariotextual.com\\\/inicio\\\/#organization\",\"name\":\"Diario Textual\",\"url\":\"https:\\\/\\\/diariotextual.com\\\/inicio\\\/\",\"logo\":{\"@type\":\"ImageObject\",\"inLanguage\":\"es\",\"@id\":\"https:\\\/\\\/diariotextual.com\\\/inicio\\\/#\\\/schema\\\/logo\\\/image\\\/\",\"url\":\"https:\\\/\\\/diariotextual.com\\\/inicio\\\/wp-content\\\/uploads\\\/2023\\\/05\\\/logotextual1.jpg\",\"contentUrl\":\"https:\\\/\\\/diariotextual.com\\\/inicio\\\/wp-content\\\/uploads\\\/2023\\\/05\\\/logotextual1.jpg\",\"width\":516,\"height\":76,\"caption\":\"Diario Textual\"},\"image\":{\"@id\":\"https:\\\/\\\/diariotextual.com\\\/inicio\\\/#\\\/schema\\\/logo\\\/image\\\/\"},\"sameAs\":[\"https:\\\/\\\/www.facebook.com\\\/eltextual\",\"https:\\\/\\\/x.com\\\/eltextual\",\"http:\\\/\\\/www.instagram.com\\\/eltextual\"]},{\"@type\":\"Person\",\"@id\":\"https:\\\/\\\/diariotextual.com\\\/inicio\\\/#\\\/schema\\\/person\\\/a1b6f563e0ee944c60f98119389a4d9f\",\"name\":\"diario3\",\"image\":{\"@type\":\"ImageObject\",\"inLanguage\":\"es\",\"@id\":\"https:\\\/\\\/secure.gravatar.com\\\/avatar\\\/5e7ee62c82fc04d9dd79d746a390d93c69c43223e5faeeb3ea9461ef752bfc5d?s=96&d=mm&r=g\",\"url\":\"https:\\\/\\\/secure.gravatar.com\\\/avatar\\\/5e7ee62c82fc04d9dd79d746a390d93c69c43223e5faeeb3ea9461ef752bfc5d?s=96&d=mm&r=g\",\"contentUrl\":\"https:\\\/\\\/secure.gravatar.com\\\/avatar\\\/5e7ee62c82fc04d9dd79d746a390d93c69c43223e5faeeb3ea9461ef752bfc5d?s=96&d=mm&r=g\",\"caption\":\"diario3\"},\"url\":\"https:\\\/\\\/diariotextual.com\\\/inicio\\\/index.php\\\/author\\\/diario3\\\/\"}]}<\/script>\n<!-- \/ Yoast SEO plugin. -->","yoast_head_json":{"title":"Mes de las infancias: capacitaciones para personal de Ni\u00f1ez en Santa Rosa - Diario Textual","robots":{"index":"index","follow":"follow","max-snippet":"max-snippet:-1","max-image-preview":"max-image-preview:large","max-video-preview":"max-video-preview:-1"},"canonical":"https:\/\/diariotextual.com\/inicio\/index.php\/2023\/08\/07\/mes-de-las-infancias-capacitaciones-para-personal-de-ninez-en-santa-rosa\/","og_locale":"es_ES","og_type":"article","og_title":"Mes de las infancias: capacitaciones para personal de Ni\u00f1ez en Santa Rosa - Diario Textual","og_description":"La Municipalidad de Santa Rosa, a trav\u00e9s de la Secretar\u00eda de Desarrollo Social, llev\u00f3 a cabo diferentes acciones con el objetivo de continuar fortaleciendo las pr\u00e1cticas del personal de ni\u00f1ez,&hellip;","og_url":"https:\/\/diariotextual.com\/inicio\/index.php\/2023\/08\/07\/mes-de-las-infancias-capacitaciones-para-personal-de-ninez-en-santa-rosa\/","og_site_name":"Diario Textual","article_publisher":"https:\/\/www.facebook.com\/eltextual","article_published_time":"2023-08-07T21:32:06+00:00","article_modified_time":"2023-08-07T21:32:08+00:00","og_image":[{"width":900,"height":472,"url":"https:\/\/diariotextual.com\/inicio\/wp-content\/uploads\/2023\/08\/ninezcapacitacionsantarosa.jpg","type":"image\/jpeg"}],"author":"diario3","twitter_card":"summary_large_image","twitter_creator":"@eltextual","twitter_site":"@eltextual","twitter_misc":{"Escrito por":"diario3","Tiempo de lectura":"2 minutos"},"schema":{"@context":"https:\/\/schema.org","@graph":[{"@type":"Article","@id":"https:\/\/diariotextual.com\/inicio\/index.php\/2023\/08\/07\/mes-de-las-infancias-capacitaciones-para-personal-de-ninez-en-santa-rosa\/#article","isPartOf":{"@id":"https:\/\/diariotextual.com\/inicio\/index.php\/2023\/08\/07\/mes-de-las-infancias-capacitaciones-para-personal-de-ninez-en-santa-rosa\/"},"author":{"name":"diario3","@id":"https:\/\/diariotextual.com\/inicio\/#\/schema\/person\/a1b6f563e0ee944c60f98119389a4d9f"},"headline":"Mes de las infancias: capacitaciones para personal de Ni\u00f1ez en Santa Rosa","datePublished":"2023-08-07T21:32:06+00:00","dateModified":"2023-08-07T21:32:08+00:00","mainEntityOfPage":{"@id":"https:\/\/diariotextual.com\/inicio\/index.php\/2023\/08\/07\/mes-de-las-infancias-capacitaciones-para-personal-de-ninez-en-santa-rosa\/"},"wordCount":366,"publisher":{"@id":"https:\/\/diariotextual.com\/inicio\/#organization"},"image":{"@id":"https:\/\/diariotextual.com\/inicio\/index.php\/2023\/08\/07\/mes-de-las-infancias-capacitaciones-para-personal-de-ninez-en-santa-rosa\/#primaryimage"},"thumbnailUrl":"https:\/\/diariotextual.com\/inicio\/wp-content\/uploads\/2023\/08\/ninezcapacitacionsantarosa.jpg","keywords":["Ni\u00f1ez"],"articleSection":["A - ES NOTICIA (van abajo)","SOCIEDAD"],"inLanguage":"es"},{"@type":"WebPage","@id":"https:\/\/diariotextual.com\/inicio\/index.php\/2023\/08\/07\/mes-de-las-infancias-capacitaciones-para-personal-de-ninez-en-santa-rosa\/","url":"https:\/\/diariotextual.com\/inicio\/index.php\/2023\/08\/07\/mes-de-las-infancias-capacitaciones-para-personal-de-ninez-en-santa-rosa\/","name":"Mes de las infancias: capacitaciones para personal de Ni\u00f1ez en Santa Rosa - Diario Textual","isPartOf":{"@id":"https:\/\/diariotextual.com\/inicio\/#website"},"primaryImageOfPage":{"@id":"https:\/\/diariotextual.com\/inicio\/index.php\/2023\/08\/07\/mes-de-las-infancias-capacitaciones-para-personal-de-ninez-en-santa-rosa\/#primaryimage"},"image":{"@id":"https:\/\/diariotextual.com\/inicio\/index.php\/2023\/08\/07\/mes-de-las-infancias-capacitaciones-para-personal-de-ninez-en-santa-rosa\/#primaryimage"},"thumbnailUrl":"https:\/\/diariotextual.com\/inicio\/wp-content\/uploads\/2023\/08\/ninezcapacitacionsantarosa.jpg","datePublished":"2023-08-07T21:32:06+00:00","dateModified":"2023-08-07T21:32:08+00:00","breadcrumb":{"@id":"https:\/\/diariotextual.com\/inicio\/index.php\/2023\/08\/07\/mes-de-las-infancias-capacitaciones-para-personal-de-ninez-en-santa-rosa\/#breadcrumb"},"inLanguage":"es","potentialAction":[{"@type":"ReadAction","target":["https:\/\/diariotextual.com\/inicio\/index.php\/2023\/08\/07\/mes-de-las-infancias-capacitaciones-para-personal-de-ninez-en-santa-rosa\/"]}]},{"@type":"ImageObject","inLanguage":"es","@id":"https:\/\/diariotextual.com\/inicio\/index.php\/2023\/08\/07\/mes-de-las-infancias-capacitaciones-para-personal-de-ninez-en-santa-rosa\/#primaryimage","url":"https:\/\/diariotextual.com\/inicio\/wp-content\/uploads\/2023\/08\/ninezcapacitacionsantarosa.jpg","contentUrl":"https:\/\/diariotextual.com\/inicio\/wp-content\/uploads\/2023\/08\/ninezcapacitacionsantarosa.jpg","width":900,"height":472},{"@type":"BreadcrumbList","@id":"https:\/\/diariotextual.com\/inicio\/index.php\/2023\/08\/07\/mes-de-las-infancias-capacitaciones-para-personal-de-ninez-en-santa-rosa\/#breadcrumb","itemListElement":[{"@type":"ListItem","position":1,"name":"Portada","item":"https:\/\/diariotextual.com\/inicio\/"},{"@type":"ListItem","position":2,"name":"Mes de las infancias: capacitaciones para personal de Ni\u00f1ez en Santa Rosa"}]},{"@type":"WebSite","@id":"https:\/\/diariotextual.com\/inicio\/#website","url":"https:\/\/diariotextual.com\/inicio\/","name":"Diario Textual","description":"","publisher":{"@id":"https:\/\/diariotextual.com\/inicio\/#organization"},"potentialAction":[{"@type":"SearchAction","target":{"@type":"EntryPoint","urlTemplate":"https:\/\/diariotextual.com\/inicio\/?s={search_term_string}"},"query-input":{"@type":"PropertyValueSpecification","valueRequired":true,"valueName":"search_term_string"}}],"inLanguage":"es"},{"@type":"Organization","@id":"https:\/\/diariotextual.com\/inicio\/#organization","name":"Diario Textual","url":"https:\/\/diariotextual.com\/inicio\/","logo":{"@type":"ImageObject","inLanguage":"es","@id":"https:\/\/diariotextual.com\/inicio\/#\/schema\/logo\/image\/","url":"https:\/\/diariotextual.com\/inicio\/wp-content\/uploads\/2023\/05\/logotextual1.jpg","contentUrl":"https:\/\/diariotextual.com\/inicio\/wp-content\/uploads\/2023\/05\/logotextual1.jpg","width":516,"height":76,"caption":"Diario Textual"},"image":{"@id":"https:\/\/diariotextual.com\/inicio\/#\/schema\/logo\/image\/"},"sameAs":["https:\/\/www.facebook.com\/eltextual","https:\/\/x.com\/eltextual","http:\/\/www.instagram.com\/eltextual"]},{"@type":"Person","@id":"https:\/\/diariotextual.com\/inicio\/#\/schema\/person\/a1b6f563e0ee944c60f98119389a4d9f","name":"diario3","image":{"@type":"ImageObject","inLanguage":"es","@id":"https:\/\/secure.gravatar.com\/avatar\/5e7ee62c82fc04d9dd79d746a390d93c69c43223e5faeeb3ea9461ef752bfc5d?s=96&d=mm&r=g","url":"https:\/\/secure.gravatar.com\/avatar\/5e7ee62c82fc04d9dd79d746a390d93c69c43223e5faeeb3ea9461ef752bfc5d?s=96&d=mm&r=g","contentUrl":"https:\/\/secure.gravatar.com\/avatar\/5e7ee62c82fc04d9dd79d746a390d93c69c43223e5faeeb3ea9461ef752bfc5d?s=96&d=mm&r=g","caption":"diario3"},"url":"https:\/\/diariotextual.com\/inicio\/index.php\/author\/diario3\/"}]}},"_links":{"self":[{"href":"https:\/\/diariotextual.com\/inicio\/index.php\/wp-json\/wp\/v2\/posts\/233127","targetHints":{"allow":["GET"]}}],"collection":[{"href":"https:\/\/diariotextual.com\/inicio\/index.php\/wp-json\/wp\/v2\/posts"}],"about":[{"href":"https:\/\/diariotextual.com\/inicio\/index.php\/wp-json\/wp\/v2\/types\/post"}],"author":[{"embeddable":true,"href":"https:\/\/diariotextual.com\/inicio\/index.php\/wp-json\/wp\/v2\/users\/5"}],"replies":[{"embeddable":true,"href":"https:\/\/diariotextual.com\/inicio\/index.php\/wp-json\/wp\/v2\/comments?post=233127"}],"version-history":[{"count":1,"href":"https:\/\/diariotextual.com\/inicio\/index.php\/wp-json\/wp\/v2\/posts\/233127\/revisions"}],"predecessor-version":[{"id":233129,"href":"https:\/\/diariotextual.com\/inicio\/index.php\/wp-json\/wp\/v2\/posts\/233127\/revisions\/233129"}],"wp:featuredmedia":[{"embeddable":true,"href":"https:\/\/diariotextual.com\/inicio\/index.php\/wp-json\/wp\/v2\/media\/233128"}],"wp:attachment":[{"href":"https:\/\/diariotextual.com\/inicio\/index.php\/wp-json\/wp\/v2\/media?parent=233127"}],"wp:term":[{"taxonomy":"category","embeddable":true,"href":"https:\/\/diariotextual.com\/inicio\/index.php\/wp-json\/wp\/v2\/categories?post=233127"},{"taxonomy":"post_tag","embeddable":true,"href":"https:\/\/diariotextual.com\/inicio\/index.php\/wp-json\/wp\/v2\/tags?post=233127"}],"curies":[{"name":"wp","href":"https:\/\/api.w.org\/{rel}","templated":true}]}}