{"id":233146,"date":"2023-08-07T19:43:09","date_gmt":"2023-08-07T22:43:09","guid":{"rendered":"https:\/\/diariotextual.com\/inicio\/?p=233146"},"modified":"2023-08-08T19:18:53","modified_gmt":"2023-08-08T22:18:53","slug":"ziliotto-pide-audiencia-a-la-csj-para-visibilizar-la-gravisima-situacion-ambiental-por-el-corte-del-atuel","status":"publish","type":"post","link":"https:\/\/diariotextual.com\/inicio\/index.php\/2023\/08\/07\/ziliotto-pide-audiencia-a-la-csj-para-visibilizar-la-gravisima-situacion-ambiental-por-el-corte-del-atuel\/","title":{"rendered":"Ziliotto pide audiencia a la Corte para visibilizar el grav\u00edsimo da\u00f1o ambiental por el corte del Atuel"},"content":{"rendered":"\n<p>El gobernador Sergio Ziliotto, a trav\u00e9s de la Fiscal\u00eda de Estado, present\u00f3 <strong>ante la Corte Suprema de Justicia de la Naci\u00f3n (CSJN) que de \u201cmanera urgente\u201d los miembros del Tribunal se constituyan en el l\u00edmite interprovincial entre Mendoza y La Pampa sobre el cauce del R\u00edo Atuel -Puente Vinchuqueros-<\/strong> para que constaten personalmente la falta de escorrent\u00eda y el da\u00f1o generado por el corte del r\u00edo en la zona pampeana.<\/p>\n\n\n\n<p>Adem\u00e1s, tambi\u00e9n con la Fiscal\u00eda de Estado Provincial pidi\u00f3 que<strong> se fije audiencia presencial a fin de poder concurrir junto con los intendentes de las zonas afectadas del Oeste pampeano y las asociaciones civiles intervinientes<\/strong>, con el objetivo de que puedan exponer en el presente proceso el estado de situaci\u00f3n actual del cauce y los da\u00f1os socio-ambientales generados y a generarse.<\/p>\n\n\n\n<p>\u201cIgualmente, que puedan manifestar al Tribunal los conflictos diarios que deben resolver a ra\u00edz de la faltante de agua y como esta situaci\u00f3n se agrava d\u00eda a d\u00eda, generando \u00e9xodo de las poblaciones y graves problemas sociales\u201d, inform\u00f3 la Agencia Provincial de Noticias.<\/p>\n\n\n\n<figure class=\"wp-block-embed is-type-wp-embed is-provider-diario-textual wp-block-embed-diario-textual\"><div class=\"wp-block-embed__wrapper\">\n<blockquote class=\"wp-embedded-content\" data-secret=\"LwxvFFyUxC\"><a href=\"https:\/\/diariotextual.com\/inicio\/index.php\/2023\/07\/15\/el-robo-del-atuel-ziliotto-pidio-a-los-jueces-de-la-corte-que-recorran-el-cauce-seco\/\">El robo del Atuel: Ziliotto pidi\u00f3 a los jueces de la Corte que recorran el cauce seco<\/a><\/blockquote><iframe class=\"wp-embedded-content\" sandbox=\"allow-scripts\" security=\"restricted\" style=\"position: absolute; clip: rect(1px, 1px, 1px, 1px);\" title=\"\u00abEl robo del Atuel: Ziliotto pidi\u00f3 a los jueces de la Corte que recorran el cauce seco\u00bb \u2014 Diario Textual\" src=\"https:\/\/diariotextual.com\/inicio\/index.php\/2023\/07\/15\/el-robo-del-atuel-ziliotto-pidio-a-los-jueces-de-la-corte-que-recorran-el-cauce-seco\/embed\/#?secret=TgXlWoJUGH#?secret=LwxvFFyUxC\" data-secret=\"LwxvFFyUxC\" width=\"600\" height=\"338\" frameborder=\"0\" marginwidth=\"0\" marginheight=\"0\" scrolling=\"no\"><\/iframe>\n<\/div><\/figure>\n\n\n\n<p>Esta nueva presentaci\u00f3n se suma al seguimiento constante que hace la provincia de La Pampa instando <strong>de manera urgente e incesante a la Corte para que exija el inmediato cumplimiento de la sentencia dictada hace 3 a\u00f1os (2020), que fijo un caudal m\u00ednimo permanente de 3,2 m3\/s<\/strong> en el l\u00edmite interprovincial.<\/p>\n\n\n\n<p>\u201cLa provincia de Mendoza contin\u00faa sin obedecer el fallo, haciendo uso unilateral del agua, con las consecuencias da\u00f1osas y la destrucci\u00f3n del ambiente del noroeste de la provincia de La Pampa\u201d, resumi\u00f3 el gobierno pampeano.<\/p>\n\n\n\n<figure class=\"wp-block-embed is-type-wp-embed is-provider-diario-textual wp-block-embed-diario-textual\"><div class=\"wp-block-embed__wrapper\">\n<blockquote class=\"wp-embedded-content\" data-secret=\"nzxrSQGrOQ\"><a href=\"https:\/\/diariotextual.com\/inicio\/index.php\/2023\/06\/14\/en-el-atuel-seco-wado-pidio-por-un-pacto-federal-por-el-agua\/\">En el Atuel seco, Wado pidi\u00f3 por un pacto federal por el agua<\/a><\/blockquote><iframe class=\"wp-embedded-content\" sandbox=\"allow-scripts\" security=\"restricted\" style=\"position: absolute; clip: rect(1px, 1px, 1px, 1px);\" title=\"\u00abEn el Atuel seco, Wado pidi\u00f3 por un pacto federal por el agua\u00bb \u2014 Diario Textual\" src=\"https:\/\/diariotextual.com\/inicio\/index.php\/2023\/06\/14\/en-el-atuel-seco-wado-pidio-por-un-pacto-federal-por-el-agua\/embed\/#?secret=pBGQiCkfnp#?secret=nzxrSQGrOQ\" data-secret=\"nzxrSQGrOQ\" width=\"600\" height=\"338\" frameborder=\"0\" marginwidth=\"0\" marginheight=\"0\" scrolling=\"no\"><\/iframe>\n<\/div><\/figure>\n\n\n\n<p>En raz\u00f3n de esto, se expuso en el escrito presentado ahora: \u201cSu protecci\u00f3n requiere una accionar urgente por parte del \u00f3rgano jurisdiccional para detener el da\u00f1o, salvaguardando al ambiente como usuario en s\u00ed mismo por sobre los intereses de un Estado. Se requiere por ello el dictado de una medida trascendente que ponga fin al avance del da\u00f1o ambiental de incidencia colectiva.\u201d<\/p>\n\n\n\n<p>\u201cSe pretende el dictado de una resoluci\u00f3n de implicancia ambiental trascendente, que d\u00e9 efectividad a las sentencias emitidas hasta ahora y permita detener el avance del da\u00f1o ambiental en el noroeste de la Provincia de La Pampa, para lo cual se necesita el efectivo y constante escurrimiento del rio Atuel en el cauce pampeano\u201d, finaliz\u00f3 el texto de la presentaci\u00f3n pampeana.<\/p>\n","protected":false},"excerpt":{"rendered":"<p>El gobernador Sergio Ziliotto, a trav\u00e9s de la Fiscal\u00eda de Estado, present\u00f3 ante la Corte Suprema de Justicia de la Naci\u00f3n (CSJN) que de \u201cmanera urgente\u201d los miembros del Tribunal&hellip;<\/p>\n","protected":false},"author":5,"featured_media":230383,"comment_status":"closed","ping_status":"open","sticky":false,"template":"","format":"standard","meta":{"_acf_changed":false,"footnotes":""},"categories":[11,8],"tags":[34,1127,424],"class_list":["post-233146","post","type-post","status-publish","format-standard","has-post-thumbnail","hentry","category-que-pasa","category-politica","tag-atuel","tag-corte-suprema","tag-ziliotto"],"acf":[],"yoast_head":"<!-- This site is optimized with the Yoast SEO plugin v27.5 - https:\/\/yoast.com\/product\/yoast-seo-wordpress\/ -->\n<title>Ziliotto pide audiencia a la Corte para visibilizar el grav\u00edsimo da\u00f1o ambiental por el corte del Atuel - Diario Textual<\/title>\n<meta name=\"robots\" content=\"index, follow, max-snippet:-1, max-image-preview:large, max-video-preview:-1\" \/>\n<link rel=\"canonical\" href=\"https:\/\/diariotextual.com\/inicio\/index.php\/2023\/08\/07\/ziliotto-pide-audiencia-a-la-csj-para-visibilizar-la-gravisima-situacion-ambiental-por-el-corte-del-atuel\/\" \/>\n<meta property=\"og:locale\" content=\"es_ES\" \/>\n<meta property=\"og:type\" content=\"article\" \/>\n<meta property=\"og:title\" content=\"Ziliotto pide audiencia a la Corte para visibilizar el grav\u00edsimo da\u00f1o ambiental por el corte del Atuel - Diario Textual\" \/>\n<meta property=\"og:description\" content=\"El gobernador Sergio Ziliotto, a trav\u00e9s de la Fiscal\u00eda de Estado, present\u00f3 ante la Corte Suprema de Justicia de la Naci\u00f3n (CSJN) que de \u201cmanera urgente\u201d los miembros del Tribunal&hellip;\" \/>\n<meta property=\"og:url\" content=\"https:\/\/diariotextual.com\/inicio\/index.php\/2023\/08\/07\/ziliotto-pide-audiencia-a-la-csj-para-visibilizar-la-gravisima-situacion-ambiental-por-el-corte-del-atuel\/\" \/>\n<meta property=\"og:site_name\" content=\"Diario Textual\" \/>\n<meta property=\"article:publisher\" content=\"https:\/\/www.facebook.com\/eltextual\" \/>\n<meta property=\"article:published_time\" content=\"2023-08-07T22:43:09+00:00\" \/>\n<meta property=\"article:modified_time\" content=\"2023-08-08T22:18:53+00:00\" \/>\n<meta property=\"og:image\" content=\"https:\/\/diariotextual.com\/inicio\/wp-content\/uploads\/2023\/07\/atuelsecojulio2023.jpg\" \/>\n\t<meta property=\"og:image:width\" content=\"1600\" \/>\n\t<meta property=\"og:image:height\" content=\"720\" \/>\n\t<meta property=\"og:image:type\" content=\"image\/jpeg\" \/>\n<meta name=\"author\" content=\"diario3\" \/>\n<meta name=\"twitter:card\" content=\"summary_large_image\" \/>\n<meta name=\"twitter:creator\" content=\"@eltextual\" \/>\n<meta name=\"twitter:site\" content=\"@eltextual\" \/>\n<meta name=\"twitter:label1\" content=\"Escrito por\" \/>\n\t<meta name=\"twitter:data1\" content=\"diario3\" \/>\n\t<meta name=\"twitter:label2\" content=\"Tiempo de lectura\" \/>\n\t<meta name=\"twitter:data2\" content=\"2 minutos\" \/>\n<script type=\"application\/ld+json\" class=\"yoast-schema-graph\">{\"@context\":\"https:\\\/\\\/schema.org\",\"@graph\":[{\"@type\":\"Article\",\"@id\":\"https:\\\/\\\/diariotextual.com\\\/inicio\\\/index.php\\\/2023\\\/08\\\/07\\\/ziliotto-pide-audiencia-a-la-csj-para-visibilizar-la-gravisima-situacion-ambiental-por-el-corte-del-atuel\\\/#article\",\"isPartOf\":{\"@id\":\"https:\\\/\\\/diariotextual.com\\\/inicio\\\/index.php\\\/2023\\\/08\\\/07\\\/ziliotto-pide-audiencia-a-la-csj-para-visibilizar-la-gravisima-situacion-ambiental-por-el-corte-del-atuel\\\/\"},\"author\":{\"name\":\"diario3\",\"@id\":\"https:\\\/\\\/diariotextual.com\\\/inicio\\\/#\\\/schema\\\/person\\\/a1b6f563e0ee944c60f98119389a4d9f\"},\"headline\":\"Ziliotto pide audiencia a la Corte para visibilizar el grav\u00edsimo da\u00f1o ambiental por el corte del Atuel\",\"datePublished\":\"2023-08-07T22:43:09+00:00\",\"dateModified\":\"2023-08-08T22:18:53+00:00\",\"mainEntityOfPage\":{\"@id\":\"https:\\\/\\\/diariotextual.com\\\/inicio\\\/index.php\\\/2023\\\/08\\\/07\\\/ziliotto-pide-audiencia-a-la-csj-para-visibilizar-la-gravisima-situacion-ambiental-por-el-corte-del-atuel\\\/\"},\"wordCount\":445,\"publisher\":{\"@id\":\"https:\\\/\\\/diariotextual.com\\\/inicio\\\/#organization\"},\"image\":{\"@id\":\"https:\\\/\\\/diariotextual.com\\\/inicio\\\/index.php\\\/2023\\\/08\\\/07\\\/ziliotto-pide-audiencia-a-la-csj-para-visibilizar-la-gravisima-situacion-ambiental-por-el-corte-del-atuel\\\/#primaryimage\"},\"thumbnailUrl\":\"https:\\\/\\\/diariotextual.com\\\/inicio\\\/wp-content\\\/uploads\\\/2023\\\/07\\\/atuelsecojulio2023.jpg\",\"keywords\":[\"atuel\",\"corte suprema\",\"ziliotto\"],\"articleSection\":[\"A - QUE PASA (al costado)\",\"POLITICA\"],\"inLanguage\":\"es\"},{\"@type\":\"WebPage\",\"@id\":\"https:\\\/\\\/diariotextual.com\\\/inicio\\\/index.php\\\/2023\\\/08\\\/07\\\/ziliotto-pide-audiencia-a-la-csj-para-visibilizar-la-gravisima-situacion-ambiental-por-el-corte-del-atuel\\\/\",\"url\":\"https:\\\/\\\/diariotextual.com\\\/inicio\\\/index.php\\\/2023\\\/08\\\/07\\\/ziliotto-pide-audiencia-a-la-csj-para-visibilizar-la-gravisima-situacion-ambiental-por-el-corte-del-atuel\\\/\",\"name\":\"Ziliotto pide audiencia a la Corte para visibilizar el grav\u00edsimo da\u00f1o ambiental por el corte del Atuel - Diario Textual\",\"isPartOf\":{\"@id\":\"https:\\\/\\\/diariotextual.com\\\/inicio\\\/#website\"},\"primaryImageOfPage\":{\"@id\":\"https:\\\/\\\/diariotextual.com\\\/inicio\\\/index.php\\\/2023\\\/08\\\/07\\\/ziliotto-pide-audiencia-a-la-csj-para-visibilizar-la-gravisima-situacion-ambiental-por-el-corte-del-atuel\\\/#primaryimage\"},\"image\":{\"@id\":\"https:\\\/\\\/diariotextual.com\\\/inicio\\\/index.php\\\/2023\\\/08\\\/07\\\/ziliotto-pide-audiencia-a-la-csj-para-visibilizar-la-gravisima-situacion-ambiental-por-el-corte-del-atuel\\\/#primaryimage\"},\"thumbnailUrl\":\"https:\\\/\\\/diariotextual.com\\\/inicio\\\/wp-content\\\/uploads\\\/2023\\\/07\\\/atuelsecojulio2023.jpg\",\"datePublished\":\"2023-08-07T22:43:09+00:00\",\"dateModified\":\"2023-08-08T22:18:53+00:00\",\"breadcrumb\":{\"@id\":\"https:\\\/\\\/diariotextual.com\\\/inicio\\\/index.php\\\/2023\\\/08\\\/07\\\/ziliotto-pide-audiencia-a-la-csj-para-visibilizar-la-gravisima-situacion-ambiental-por-el-corte-del-atuel\\\/#breadcrumb\"},\"inLanguage\":\"es\",\"potentialAction\":[{\"@type\":\"ReadAction\",\"target\":[\"https:\\\/\\\/diariotextual.com\\\/inicio\\\/index.php\\\/2023\\\/08\\\/07\\\/ziliotto-pide-audiencia-a-la-csj-para-visibilizar-la-gravisima-situacion-ambiental-por-el-corte-del-atuel\\\/\"]}]},{\"@type\":\"ImageObject\",\"inLanguage\":\"es\",\"@id\":\"https:\\\/\\\/diariotextual.com\\\/inicio\\\/index.php\\\/2023\\\/08\\\/07\\\/ziliotto-pide-audiencia-a-la-csj-para-visibilizar-la-gravisima-situacion-ambiental-por-el-corte-del-atuel\\\/#primaryimage\",\"url\":\"https:\\\/\\\/diariotextual.com\\\/inicio\\\/wp-content\\\/uploads\\\/2023\\\/07\\\/atuelsecojulio2023.jpg\",\"contentUrl\":\"https:\\\/\\\/diariotextual.com\\\/inicio\\\/wp-content\\\/uploads\\\/2023\\\/07\\\/atuelsecojulio2023.jpg\",\"width\":1600,\"height\":720},{\"@type\":\"BreadcrumbList\",\"@id\":\"https:\\\/\\\/diariotextual.com\\\/inicio\\\/index.php\\\/2023\\\/08\\\/07\\\/ziliotto-pide-audiencia-a-la-csj-para-visibilizar-la-gravisima-situacion-ambiental-por-el-corte-del-atuel\\\/#breadcrumb\",\"itemListElement\":[{\"@type\":\"ListItem\",\"position\":1,\"name\":\"Portada\",\"item\":\"https:\\\/\\\/diariotextual.com\\\/inicio\\\/\"},{\"@type\":\"ListItem\",\"position\":2,\"name\":\"Ziliotto pide audiencia a la Corte para visibilizar el grav\u00edsimo da\u00f1o ambiental por el corte del Atuel\"}]},{\"@type\":\"WebSite\",\"@id\":\"https:\\\/\\\/diariotextual.com\\\/inicio\\\/#website\",\"url\":\"https:\\\/\\\/diariotextual.com\\\/inicio\\\/\",\"name\":\"Diario Textual\",\"description\":\"\",\"publisher\":{\"@id\":\"https:\\\/\\\/diariotextual.com\\\/inicio\\\/#organization\"},\"potentialAction\":[{\"@type\":\"SearchAction\",\"target\":{\"@type\":\"EntryPoint\",\"urlTemplate\":\"https:\\\/\\\/diariotextual.com\\\/inicio\\\/?s={search_term_string}\"},\"query-input\":{\"@type\":\"PropertyValueSpecification\",\"valueRequired\":true,\"valueName\":\"search_term_string\"}}],\"inLanguage\":\"es\"},{\"@type\":\"Organization\",\"@id\":\"https:\\\/\\\/diariotextual.com\\\/inicio\\\/#organization\",\"name\":\"Diario Textual\",\"url\":\"https:\\\/\\\/diariotextual.com\\\/inicio\\\/\",\"logo\":{\"@type\":\"ImageObject\",\"inLanguage\":\"es\",\"@id\":\"https:\\\/\\\/diariotextual.com\\\/inicio\\\/#\\\/schema\\\/logo\\\/image\\\/\",\"url\":\"https:\\\/\\\/diariotextual.com\\\/inicio\\\/wp-content\\\/uploads\\\/2023\\\/05\\\/logotextual1.jpg\",\"contentUrl\":\"https:\\\/\\\/diariotextual.com\\\/inicio\\\/wp-content\\\/uploads\\\/2023\\\/05\\\/logotextual1.jpg\",\"width\":516,\"height\":76,\"caption\":\"Diario Textual\"},\"image\":{\"@id\":\"https:\\\/\\\/diariotextual.com\\\/inicio\\\/#\\\/schema\\\/logo\\\/image\\\/\"},\"sameAs\":[\"https:\\\/\\\/www.facebook.com\\\/eltextual\",\"https:\\\/\\\/x.com\\\/eltextual\",\"http:\\\/\\\/www.instagram.com\\\/eltextual\"]},{\"@type\":\"Person\",\"@id\":\"https:\\\/\\\/diariotextual.com\\\/inicio\\\/#\\\/schema\\\/person\\\/a1b6f563e0ee944c60f98119389a4d9f\",\"name\":\"diario3\",\"image\":{\"@type\":\"ImageObject\",\"inLanguage\":\"es\",\"@id\":\"https:\\\/\\\/secure.gravatar.com\\\/avatar\\\/5e7ee62c82fc04d9dd79d746a390d93c69c43223e5faeeb3ea9461ef752bfc5d?s=96&d=mm&r=g\",\"url\":\"https:\\\/\\\/secure.gravatar.com\\\/avatar\\\/5e7ee62c82fc04d9dd79d746a390d93c69c43223e5faeeb3ea9461ef752bfc5d?s=96&d=mm&r=g\",\"contentUrl\":\"https:\\\/\\\/secure.gravatar.com\\\/avatar\\\/5e7ee62c82fc04d9dd79d746a390d93c69c43223e5faeeb3ea9461ef752bfc5d?s=96&d=mm&r=g\",\"caption\":\"diario3\"},\"url\":\"https:\\\/\\\/diariotextual.com\\\/inicio\\\/index.php\\\/author\\\/diario3\\\/\"}]}<\/script>\n<!-- \/ Yoast SEO plugin. -->","yoast_head_json":{"title":"Ziliotto pide audiencia a la Corte para visibilizar el grav\u00edsimo da\u00f1o ambiental por el corte del Atuel - Diario Textual","robots":{"index":"index","follow":"follow","max-snippet":"max-snippet:-1","max-image-preview":"max-image-preview:large","max-video-preview":"max-video-preview:-1"},"canonical":"https:\/\/diariotextual.com\/inicio\/index.php\/2023\/08\/07\/ziliotto-pide-audiencia-a-la-csj-para-visibilizar-la-gravisima-situacion-ambiental-por-el-corte-del-atuel\/","og_locale":"es_ES","og_type":"article","og_title":"Ziliotto pide audiencia a la Corte para visibilizar el grav\u00edsimo da\u00f1o ambiental por el corte del Atuel - Diario Textual","og_description":"El gobernador Sergio Ziliotto, a trav\u00e9s de la Fiscal\u00eda de Estado, present\u00f3 ante la Corte Suprema de Justicia de la Naci\u00f3n (CSJN) que de \u201cmanera urgente\u201d los miembros del Tribunal&hellip;","og_url":"https:\/\/diariotextual.com\/inicio\/index.php\/2023\/08\/07\/ziliotto-pide-audiencia-a-la-csj-para-visibilizar-la-gravisima-situacion-ambiental-por-el-corte-del-atuel\/","og_site_name":"Diario Textual","article_publisher":"https:\/\/www.facebook.com\/eltextual","article_published_time":"2023-08-07T22:43:09+00:00","article_modified_time":"2023-08-08T22:18:53+00:00","og_image":[{"width":1600,"height":720,"url":"https:\/\/diariotextual.com\/inicio\/wp-content\/uploads\/2023\/07\/atuelsecojulio2023.jpg","type":"image\/jpeg"}],"author":"diario3","twitter_card":"summary_large_image","twitter_creator":"@eltextual","twitter_site":"@eltextual","twitter_misc":{"Escrito por":"diario3","Tiempo de lectura":"2 minutos"},"schema":{"@context":"https:\/\/schema.org","@graph":[{"@type":"Article","@id":"https:\/\/diariotextual.com\/inicio\/index.php\/2023\/08\/07\/ziliotto-pide-audiencia-a-la-csj-para-visibilizar-la-gravisima-situacion-ambiental-por-el-corte-del-atuel\/#article","isPartOf":{"@id":"https:\/\/diariotextual.com\/inicio\/index.php\/2023\/08\/07\/ziliotto-pide-audiencia-a-la-csj-para-visibilizar-la-gravisima-situacion-ambiental-por-el-corte-del-atuel\/"},"author":{"name":"diario3","@id":"https:\/\/diariotextual.com\/inicio\/#\/schema\/person\/a1b6f563e0ee944c60f98119389a4d9f"},"headline":"Ziliotto pide audiencia a la Corte para visibilizar el grav\u00edsimo da\u00f1o ambiental por el corte del Atuel","datePublished":"2023-08-07T22:43:09+00:00","dateModified":"2023-08-08T22:18:53+00:00","mainEntityOfPage":{"@id":"https:\/\/diariotextual.com\/inicio\/index.php\/2023\/08\/07\/ziliotto-pide-audiencia-a-la-csj-para-visibilizar-la-gravisima-situacion-ambiental-por-el-corte-del-atuel\/"},"wordCount":445,"publisher":{"@id":"https:\/\/diariotextual.com\/inicio\/#organization"},"image":{"@id":"https:\/\/diariotextual.com\/inicio\/index.php\/2023\/08\/07\/ziliotto-pide-audiencia-a-la-csj-para-visibilizar-la-gravisima-situacion-ambiental-por-el-corte-del-atuel\/#primaryimage"},"thumbnailUrl":"https:\/\/diariotextual.com\/inicio\/wp-content\/uploads\/2023\/07\/atuelsecojulio2023.jpg","keywords":["atuel","corte suprema","ziliotto"],"articleSection":["A - QUE PASA (al costado)","POLITICA"],"inLanguage":"es"},{"@type":"WebPage","@id":"https:\/\/diariotextual.com\/inicio\/index.php\/2023\/08\/07\/ziliotto-pide-audiencia-a-la-csj-para-visibilizar-la-gravisima-situacion-ambiental-por-el-corte-del-atuel\/","url":"https:\/\/diariotextual.com\/inicio\/index.php\/2023\/08\/07\/ziliotto-pide-audiencia-a-la-csj-para-visibilizar-la-gravisima-situacion-ambiental-por-el-corte-del-atuel\/","name":"Ziliotto pide audiencia a la Corte para visibilizar el grav\u00edsimo da\u00f1o ambiental por el corte del Atuel - Diario Textual","isPartOf":{"@id":"https:\/\/diariotextual.com\/inicio\/#website"},"primaryImageOfPage":{"@id":"https:\/\/diariotextual.com\/inicio\/index.php\/2023\/08\/07\/ziliotto-pide-audiencia-a-la-csj-para-visibilizar-la-gravisima-situacion-ambiental-por-el-corte-del-atuel\/#primaryimage"},"image":{"@id":"https:\/\/diariotextual.com\/inicio\/index.php\/2023\/08\/07\/ziliotto-pide-audiencia-a-la-csj-para-visibilizar-la-gravisima-situacion-ambiental-por-el-corte-del-atuel\/#primaryimage"},"thumbnailUrl":"https:\/\/diariotextual.com\/inicio\/wp-content\/uploads\/2023\/07\/atuelsecojulio2023.jpg","datePublished":"2023-08-07T22:43:09+00:00","dateModified":"2023-08-08T22:18:53+00:00","breadcrumb":{"@id":"https:\/\/diariotextual.com\/inicio\/index.php\/2023\/08\/07\/ziliotto-pide-audiencia-a-la-csj-para-visibilizar-la-gravisima-situacion-ambiental-por-el-corte-del-atuel\/#breadcrumb"},"inLanguage":"es","potentialAction":[{"@type":"ReadAction","target":["https:\/\/diariotextual.com\/inicio\/index.php\/2023\/08\/07\/ziliotto-pide-audiencia-a-la-csj-para-visibilizar-la-gravisima-situacion-ambiental-por-el-corte-del-atuel\/"]}]},{"@type":"ImageObject","inLanguage":"es","@id":"https:\/\/diariotextual.com\/inicio\/index.php\/2023\/08\/07\/ziliotto-pide-audiencia-a-la-csj-para-visibilizar-la-gravisima-situacion-ambiental-por-el-corte-del-atuel\/#primaryimage","url":"https:\/\/diariotextual.com\/inicio\/wp-content\/uploads\/2023\/07\/atuelsecojulio2023.jpg","contentUrl":"https:\/\/diariotextual.com\/inicio\/wp-content\/uploads\/2023\/07\/atuelsecojulio2023.jpg","width":1600,"height":720},{"@type":"BreadcrumbList","@id":"https:\/\/diariotextual.com\/inicio\/index.php\/2023\/08\/07\/ziliotto-pide-audiencia-a-la-csj-para-visibilizar-la-gravisima-situacion-ambiental-por-el-corte-del-atuel\/#breadcrumb","itemListElement":[{"@type":"ListItem","position":1,"name":"Portada","item":"https:\/\/diariotextual.com\/inicio\/"},{"@type":"ListItem","position":2,"name":"Ziliotto pide audiencia a la Corte para visibilizar el grav\u00edsimo da\u00f1o ambiental por el corte del Atuel"}]},{"@type":"WebSite","@id":"https:\/\/diariotextual.com\/inicio\/#website","url":"https:\/\/diariotextual.com\/inicio\/","name":"Diario Textual","description":"","publisher":{"@id":"https:\/\/diariotextual.com\/inicio\/#organization"},"potentialAction":[{"@type":"SearchAction","target":{"@type":"EntryPoint","urlTemplate":"https:\/\/diariotextual.com\/inicio\/?s={search_term_string}"},"query-input":{"@type":"PropertyValueSpecification","valueRequired":true,"valueName":"search_term_string"}}],"inLanguage":"es"},{"@type":"Organization","@id":"https:\/\/diariotextual.com\/inicio\/#organization","name":"Diario Textual","url":"https:\/\/diariotextual.com\/inicio\/","logo":{"@type":"ImageObject","inLanguage":"es","@id":"https:\/\/diariotextual.com\/inicio\/#\/schema\/logo\/image\/","url":"https:\/\/diariotextual.com\/inicio\/wp-content\/uploads\/2023\/05\/logotextual1.jpg","contentUrl":"https:\/\/diariotextual.com\/inicio\/wp-content\/uploads\/2023\/05\/logotextual1.jpg","width":516,"height":76,"caption":"Diario Textual"},"image":{"@id":"https:\/\/diariotextual.com\/inicio\/#\/schema\/logo\/image\/"},"sameAs":["https:\/\/www.facebook.com\/eltextual","https:\/\/x.com\/eltextual","http:\/\/www.instagram.com\/eltextual"]},{"@type":"Person","@id":"https:\/\/diariotextual.com\/inicio\/#\/schema\/person\/a1b6f563e0ee944c60f98119389a4d9f","name":"diario3","image":{"@type":"ImageObject","inLanguage":"es","@id":"https:\/\/secure.gravatar.com\/avatar\/5e7ee62c82fc04d9dd79d746a390d93c69c43223e5faeeb3ea9461ef752bfc5d?s=96&d=mm&r=g","url":"https:\/\/secure.gravatar.com\/avatar\/5e7ee62c82fc04d9dd79d746a390d93c69c43223e5faeeb3ea9461ef752bfc5d?s=96&d=mm&r=g","contentUrl":"https:\/\/secure.gravatar.com\/avatar\/5e7ee62c82fc04d9dd79d746a390d93c69c43223e5faeeb3ea9461ef752bfc5d?s=96&d=mm&r=g","caption":"diario3"},"url":"https:\/\/diariotextual.com\/inicio\/index.php\/author\/diario3\/"}]}},"_links":{"self":[{"href":"https:\/\/diariotextual.com\/inicio\/index.php\/wp-json\/wp\/v2\/posts\/233146","targetHints":{"allow":["GET"]}}],"collection":[{"href":"https:\/\/diariotextual.com\/inicio\/index.php\/wp-json\/wp\/v2\/posts"}],"about":[{"href":"https:\/\/diariotextual.com\/inicio\/index.php\/wp-json\/wp\/v2\/types\/post"}],"author":[{"embeddable":true,"href":"https:\/\/diariotextual.com\/inicio\/index.php\/wp-json\/wp\/v2\/users\/5"}],"replies":[{"embeddable":true,"href":"https:\/\/diariotextual.com\/inicio\/index.php\/wp-json\/wp\/v2\/comments?post=233146"}],"version-history":[{"count":3,"href":"https:\/\/diariotextual.com\/inicio\/index.php\/wp-json\/wp\/v2\/posts\/233146\/revisions"}],"predecessor-version":[{"id":233217,"href":"https:\/\/diariotextual.com\/inicio\/index.php\/wp-json\/wp\/v2\/posts\/233146\/revisions\/233217"}],"wp:featuredmedia":[{"embeddable":true,"href":"https:\/\/diariotextual.com\/inicio\/index.php\/wp-json\/wp\/v2\/media\/230383"}],"wp:attachment":[{"href":"https:\/\/diariotextual.com\/inicio\/index.php\/wp-json\/wp\/v2\/media?parent=233146"}],"wp:term":[{"taxonomy":"category","embeddable":true,"href":"https:\/\/diariotextual.com\/inicio\/index.php\/wp-json\/wp\/v2\/categories?post=233146"},{"taxonomy":"post_tag","embeddable":true,"href":"https:\/\/diariotextual.com\/inicio\/index.php\/wp-json\/wp\/v2\/tags?post=233146"}],"curies":[{"name":"wp","href":"https:\/\/api.w.org\/{rel}","templated":true}]}}