{"id":233175,"date":"2023-08-08T07:23:17","date_gmt":"2023-08-08T10:23:17","guid":{"rendered":"https:\/\/diariotextual.com\/inicio\/?p=233175"},"modified":"2023-08-08T17:57:59","modified_gmt":"2023-08-08T20:57:59","slug":"catrilo-alerta-por-embutidos-con-triquinosis-en-salliquelo-y-la-zona","status":"publish","type":"post","link":"https:\/\/diariotextual.com\/inicio\/index.php\/2023\/08\/08\/catrilo-alerta-por-embutidos-con-triquinosis-en-salliquelo-y-la-zona\/","title":{"rendered":"Catril\u00f3 alerta por embutidos con triquinosis en Salliquel\u00f3 y la zona"},"content":{"rendered":"\n<p>El <strong>municipio de Catril\u00f3 <\/strong>alert\u00f3 y solicit\u00f3 a todas los personas y comercios que tengan a la venta productos chacinados Don Andr\u00e9s, de la localidad de Salliquel\u00f3 (Buenos Aires), sean retirados de la venta ante la detecci\u00f3n de casos de triquinosis. Hasta el momento hay 15 personas con s\u00edntomas de la enfermedad en Salliquel\u00f3, Rivera y otras localidades de oeste bonaerense. En La Pampa no se han reportado.<\/p>\n\n\n\n<p>La intendencia de Catril\u00f3, en un comunicado, inform\u00f3 que esta solicitud se debe a que la Subsecretar\u00eda de Desarrollo Agrario y Calidad Alimentaria de la Provincia de Buenos Aires ha clausurado preventivamente el establecimiento en Salliquel\u00f3 y se encuentra trabajando con la Regi\u00f3n Sanitaria I, en la gesti\u00f3n de la medicaci\u00f3n para afrontar m\u00e1s tratamientos, y en el contacto con los distritos vecinos, siguiendo la evoluci\u00f3n del brote.<\/p>\n\n\n\n<p>Seg\u00fan comunic\u00f3 la municipalidad de Salliquel\u00f3, <strong>se trat\u00f3 de una faena clandestina que hizo la misma f\u00e1brica.<\/strong> \u201cVeterinarios del SENASA del Ministerio de Desarrollo Agrario junto a Veterinarios de la Regi\u00f3n procedieron a realizar las investigaciones correspondientes tanto en f\u00e1brica de chacinados y eventuales criaderos, dando como resultado la detecci\u00f3n de una faena clandestina (sin los an\u00e1lisis correspondientes). Lo cual motiv\u00f3 la clausura de la f\u00e1brica, interdicci\u00f3n, decomiso y desnaturalizaci\u00f3n de toda la mercader\u00eda encontrada, complementariamente con el labrado de acta y an\u00e1lisis de muestra en laboratorio\u201d, inform\u00f3.<\/p>\n\n\n\n<p>La f\u00e1brica distribuye en localidades bonaerenses como Rivera, Carhu\u00e9, Villa Maza, Pigu\u00e9, Espartillar, Guamin\u00ed, Bonifacio, Casbas, Garre, Puan, Daireaux, Henderson, Huanguel\u00e9n, Pellegrini y Trenque Lauquen, entre otras, donde, en principio, dieron el alerta sanitario y bromatol\u00f3gico.<\/p>\n\n\n\n<iframe src=\"https:\/\/www.facebook.com\/plugins\/post.php?href=https%3A%2F%2Fwww.facebook.com%2Fmunicipalidaddecatrilo%2Fposts%2F671321928359533&#038;show_text=true&#038;width=500\" width=\"500\" height=\"683\" style=\"border:none;overflow:hidden\" scrolling=\"no\" frameborder=\"0\" allowfullscreen=\"true\" allow=\"autoplay; clipboard-write; encrypted-media; picture-in-picture; web-share\"><\/iframe>\n\n\n\n<p>La triquinosis es una zoonosis y, como tal, se puede transmitir de los animales a las personas, quienes se pueden enfermar al consumir carne insuficientemente cocida o productos elaborados con carne de cerdo o de animales silvestres como jabal\u00edes o pumas, que contienen en sus m\u00fasculos larvas del par\u00e1sito.<\/p>\n\n\n\n<p>La principal fuente de infecci\u00f3n de esta enfermedad para las personas son los cerdos dom\u00e9sticos, aunque tambi\u00e9n puede producirse por consumo de otras especies como el jabal\u00ed, el puma u otros animales silvestres.<\/p>\n\n\n\n<p>En las personas se puede producir una sintomatolog\u00eda inespec\u00edfica, parecida a una gripe, con s\u00edntomas gastrointestinales, fiebre, v\u00f3mitos, diarrea, dolores musculares, entre otros.<\/p>\n","protected":false},"excerpt":{"rendered":"<p>El municipio de Catril\u00f3 alert\u00f3 y solicit\u00f3 a todas los personas y comercios que tengan a la venta productos chacinados Don Andr\u00e9s, de la localidad de Salliquel\u00f3 (Buenos Aires), sean&hellip;<\/p>\n","protected":false},"author":3,"featured_media":233182,"comment_status":"closed","ping_status":"open","sticky":false,"template":"","format":"standard","meta":{"_acf_changed":false,"footnotes":""},"categories":[11,12],"tags":[],"class_list":["post-233175","post","type-post","status-publish","format-standard","has-post-thumbnail","hentry","category-que-pasa","category-sociedad"],"acf":[],"yoast_head":"<!-- This site is optimized with the Yoast SEO plugin v27.4 - https:\/\/yoast.com\/product\/yoast-seo-wordpress\/ -->\n<title>Catril\u00f3 alerta por embutidos con triquinosis en Salliquel\u00f3 y la zona - Diario Textual<\/title>\n<meta name=\"robots\" content=\"index, follow, max-snippet:-1, max-image-preview:large, max-video-preview:-1\" \/>\n<link rel=\"canonical\" href=\"https:\/\/diariotextual.com\/inicio\/index.php\/2023\/08\/08\/catrilo-alerta-por-embutidos-con-triquinosis-en-salliquelo-y-la-zona\/\" \/>\n<meta property=\"og:locale\" content=\"es_ES\" \/>\n<meta property=\"og:type\" content=\"article\" \/>\n<meta property=\"og:title\" content=\"Catril\u00f3 alerta por embutidos con triquinosis en Salliquel\u00f3 y la zona - Diario Textual\" \/>\n<meta property=\"og:description\" content=\"El municipio de Catril\u00f3 alert\u00f3 y solicit\u00f3 a todas los personas y comercios que tengan a la venta productos chacinados Don Andr\u00e9s, de la localidad de Salliquel\u00f3 (Buenos Aires), sean&hellip;\" \/>\n<meta property=\"og:url\" content=\"https:\/\/diariotextual.com\/inicio\/index.php\/2023\/08\/08\/catrilo-alerta-por-embutidos-con-triquinosis-en-salliquelo-y-la-zona\/\" \/>\n<meta property=\"og:site_name\" content=\"Diario Textual\" \/>\n<meta property=\"article:publisher\" content=\"https:\/\/www.facebook.com\/eltextual\" \/>\n<meta property=\"article:published_time\" content=\"2023-08-08T10:23:17+00:00\" \/>\n<meta property=\"article:modified_time\" content=\"2023-08-08T20:57:59+00:00\" \/>\n<meta property=\"og:image\" content=\"https:\/\/diariotextual.com\/inicio\/wp-content\/uploads\/2023\/08\/chorizos2023-1.jpg\" \/>\n\t<meta property=\"og:image:width\" content=\"546\" \/>\n\t<meta property=\"og:image:height\" content=\"361\" \/>\n\t<meta property=\"og:image:type\" content=\"image\/jpeg\" \/>\n<meta name=\"author\" content=\"Diario1 Diario1\" \/>\n<meta name=\"twitter:card\" content=\"summary_large_image\" \/>\n<meta name=\"twitter:creator\" content=\"@eltextual\" \/>\n<meta name=\"twitter:site\" content=\"@eltextual\" \/>\n<meta name=\"twitter:label1\" content=\"Escrito por\" \/>\n\t<meta name=\"twitter:data1\" content=\"Diario1 Diario1\" \/>\n\t<meta name=\"twitter:label2\" content=\"Tiempo de lectura\" \/>\n\t<meta name=\"twitter:data2\" content=\"2 minutos\" \/>\n<script type=\"application\/ld+json\" class=\"yoast-schema-graph\">{\"@context\":\"https:\\\/\\\/schema.org\",\"@graph\":[{\"@type\":\"Article\",\"@id\":\"https:\\\/\\\/diariotextual.com\\\/inicio\\\/index.php\\\/2023\\\/08\\\/08\\\/catrilo-alerta-por-embutidos-con-triquinosis-en-salliquelo-y-la-zona\\\/#article\",\"isPartOf\":{\"@id\":\"https:\\\/\\\/diariotextual.com\\\/inicio\\\/index.php\\\/2023\\\/08\\\/08\\\/catrilo-alerta-por-embutidos-con-triquinosis-en-salliquelo-y-la-zona\\\/\"},\"author\":{\"name\":\"Diario1 Diario1\",\"@id\":\"https:\\\/\\\/diariotextual.com\\\/inicio\\\/#\\\/schema\\\/person\\\/418fc4093c33e86ed41562db3508f958\"},\"headline\":\"Catril\u00f3 alerta por embutidos con triquinosis en Salliquel\u00f3 y la zona\",\"datePublished\":\"2023-08-08T10:23:17+00:00\",\"dateModified\":\"2023-08-08T20:57:59+00:00\",\"mainEntityOfPage\":{\"@id\":\"https:\\\/\\\/diariotextual.com\\\/inicio\\\/index.php\\\/2023\\\/08\\\/08\\\/catrilo-alerta-por-embutidos-con-triquinosis-en-salliquelo-y-la-zona\\\/\"},\"wordCount\":408,\"publisher\":{\"@id\":\"https:\\\/\\\/diariotextual.com\\\/inicio\\\/#organization\"},\"image\":{\"@id\":\"https:\\\/\\\/diariotextual.com\\\/inicio\\\/index.php\\\/2023\\\/08\\\/08\\\/catrilo-alerta-por-embutidos-con-triquinosis-en-salliquelo-y-la-zona\\\/#primaryimage\"},\"thumbnailUrl\":\"https:\\\/\\\/diariotextual.com\\\/inicio\\\/wp-content\\\/uploads\\\/2023\\\/08\\\/chorizos2023-1.jpg\",\"articleSection\":[\"A - QUE PASA (al costado)\",\"SOCIEDAD\"],\"inLanguage\":\"es\"},{\"@type\":\"WebPage\",\"@id\":\"https:\\\/\\\/diariotextual.com\\\/inicio\\\/index.php\\\/2023\\\/08\\\/08\\\/catrilo-alerta-por-embutidos-con-triquinosis-en-salliquelo-y-la-zona\\\/\",\"url\":\"https:\\\/\\\/diariotextual.com\\\/inicio\\\/index.php\\\/2023\\\/08\\\/08\\\/catrilo-alerta-por-embutidos-con-triquinosis-en-salliquelo-y-la-zona\\\/\",\"name\":\"Catril\u00f3 alerta por embutidos con triquinosis en Salliquel\u00f3 y la zona - Diario Textual\",\"isPartOf\":{\"@id\":\"https:\\\/\\\/diariotextual.com\\\/inicio\\\/#website\"},\"primaryImageOfPage\":{\"@id\":\"https:\\\/\\\/diariotextual.com\\\/inicio\\\/index.php\\\/2023\\\/08\\\/08\\\/catrilo-alerta-por-embutidos-con-triquinosis-en-salliquelo-y-la-zona\\\/#primaryimage\"},\"image\":{\"@id\":\"https:\\\/\\\/diariotextual.com\\\/inicio\\\/index.php\\\/2023\\\/08\\\/08\\\/catrilo-alerta-por-embutidos-con-triquinosis-en-salliquelo-y-la-zona\\\/#primaryimage\"},\"thumbnailUrl\":\"https:\\\/\\\/diariotextual.com\\\/inicio\\\/wp-content\\\/uploads\\\/2023\\\/08\\\/chorizos2023-1.jpg\",\"datePublished\":\"2023-08-08T10:23:17+00:00\",\"dateModified\":\"2023-08-08T20:57:59+00:00\",\"breadcrumb\":{\"@id\":\"https:\\\/\\\/diariotextual.com\\\/inicio\\\/index.php\\\/2023\\\/08\\\/08\\\/catrilo-alerta-por-embutidos-con-triquinosis-en-salliquelo-y-la-zona\\\/#breadcrumb\"},\"inLanguage\":\"es\",\"potentialAction\":[{\"@type\":\"ReadAction\",\"target\":[\"https:\\\/\\\/diariotextual.com\\\/inicio\\\/index.php\\\/2023\\\/08\\\/08\\\/catrilo-alerta-por-embutidos-con-triquinosis-en-salliquelo-y-la-zona\\\/\"]}]},{\"@type\":\"ImageObject\",\"inLanguage\":\"es\",\"@id\":\"https:\\\/\\\/diariotextual.com\\\/inicio\\\/index.php\\\/2023\\\/08\\\/08\\\/catrilo-alerta-por-embutidos-con-triquinosis-en-salliquelo-y-la-zona\\\/#primaryimage\",\"url\":\"https:\\\/\\\/diariotextual.com\\\/inicio\\\/wp-content\\\/uploads\\\/2023\\\/08\\\/chorizos2023-1.jpg\",\"contentUrl\":\"https:\\\/\\\/diariotextual.com\\\/inicio\\\/wp-content\\\/uploads\\\/2023\\\/08\\\/chorizos2023-1.jpg\",\"width\":546,\"height\":361},{\"@type\":\"BreadcrumbList\",\"@id\":\"https:\\\/\\\/diariotextual.com\\\/inicio\\\/index.php\\\/2023\\\/08\\\/08\\\/catrilo-alerta-por-embutidos-con-triquinosis-en-salliquelo-y-la-zona\\\/#breadcrumb\",\"itemListElement\":[{\"@type\":\"ListItem\",\"position\":1,\"name\":\"Portada\",\"item\":\"https:\\\/\\\/diariotextual.com\\\/inicio\\\/\"},{\"@type\":\"ListItem\",\"position\":2,\"name\":\"Catril\u00f3 alerta por embutidos con triquinosis en Salliquel\u00f3 y la zona\"}]},{\"@type\":\"WebSite\",\"@id\":\"https:\\\/\\\/diariotextual.com\\\/inicio\\\/#website\",\"url\":\"https:\\\/\\\/diariotextual.com\\\/inicio\\\/\",\"name\":\"Diario Textual\",\"description\":\"\",\"publisher\":{\"@id\":\"https:\\\/\\\/diariotextual.com\\\/inicio\\\/#organization\"},\"potentialAction\":[{\"@type\":\"SearchAction\",\"target\":{\"@type\":\"EntryPoint\",\"urlTemplate\":\"https:\\\/\\\/diariotextual.com\\\/inicio\\\/?s={search_term_string}\"},\"query-input\":{\"@type\":\"PropertyValueSpecification\",\"valueRequired\":true,\"valueName\":\"search_term_string\"}}],\"inLanguage\":\"es\"},{\"@type\":\"Organization\",\"@id\":\"https:\\\/\\\/diariotextual.com\\\/inicio\\\/#organization\",\"name\":\"Diario Textual\",\"url\":\"https:\\\/\\\/diariotextual.com\\\/inicio\\\/\",\"logo\":{\"@type\":\"ImageObject\",\"inLanguage\":\"es\",\"@id\":\"https:\\\/\\\/diariotextual.com\\\/inicio\\\/#\\\/schema\\\/logo\\\/image\\\/\",\"url\":\"https:\\\/\\\/diariotextual.com\\\/inicio\\\/wp-content\\\/uploads\\\/2023\\\/05\\\/logotextual1.jpg\",\"contentUrl\":\"https:\\\/\\\/diariotextual.com\\\/inicio\\\/wp-content\\\/uploads\\\/2023\\\/05\\\/logotextual1.jpg\",\"width\":516,\"height\":76,\"caption\":\"Diario Textual\"},\"image\":{\"@id\":\"https:\\\/\\\/diariotextual.com\\\/inicio\\\/#\\\/schema\\\/logo\\\/image\\\/\"},\"sameAs\":[\"https:\\\/\\\/www.facebook.com\\\/eltextual\",\"https:\\\/\\\/x.com\\\/eltextual\",\"http:\\\/\\\/www.instagram.com\\\/eltextual\"]},{\"@type\":\"Person\",\"@id\":\"https:\\\/\\\/diariotextual.com\\\/inicio\\\/#\\\/schema\\\/person\\\/418fc4093c33e86ed41562db3508f958\",\"name\":\"Diario1 Diario1\",\"image\":{\"@type\":\"ImageObject\",\"inLanguage\":\"es\",\"@id\":\"https:\\\/\\\/secure.gravatar.com\\\/avatar\\\/9167d280179c85bc18be67aa7eda765854300033af4896dd779b608640f2ef7a?s=96&d=mm&r=g\",\"url\":\"https:\\\/\\\/secure.gravatar.com\\\/avatar\\\/9167d280179c85bc18be67aa7eda765854300033af4896dd779b608640f2ef7a?s=96&d=mm&r=g\",\"contentUrl\":\"https:\\\/\\\/secure.gravatar.com\\\/avatar\\\/9167d280179c85bc18be67aa7eda765854300033af4896dd779b608640f2ef7a?s=96&d=mm&r=g\",\"caption\":\"Diario1 Diario1\"},\"url\":\"https:\\\/\\\/diariotextual.com\\\/inicio\\\/index.php\\\/author\\\/diario1\\\/\"}]}<\/script>\n<!-- \/ Yoast SEO plugin. -->","yoast_head_json":{"title":"Catril\u00f3 alerta por embutidos con triquinosis en Salliquel\u00f3 y la zona - Diario Textual","robots":{"index":"index","follow":"follow","max-snippet":"max-snippet:-1","max-image-preview":"max-image-preview:large","max-video-preview":"max-video-preview:-1"},"canonical":"https:\/\/diariotextual.com\/inicio\/index.php\/2023\/08\/08\/catrilo-alerta-por-embutidos-con-triquinosis-en-salliquelo-y-la-zona\/","og_locale":"es_ES","og_type":"article","og_title":"Catril\u00f3 alerta por embutidos con triquinosis en Salliquel\u00f3 y la zona - Diario Textual","og_description":"El municipio de Catril\u00f3 alert\u00f3 y solicit\u00f3 a todas los personas y comercios que tengan a la venta productos chacinados Don Andr\u00e9s, de la localidad de Salliquel\u00f3 (Buenos Aires), sean&hellip;","og_url":"https:\/\/diariotextual.com\/inicio\/index.php\/2023\/08\/08\/catrilo-alerta-por-embutidos-con-triquinosis-en-salliquelo-y-la-zona\/","og_site_name":"Diario Textual","article_publisher":"https:\/\/www.facebook.com\/eltextual","article_published_time":"2023-08-08T10:23:17+00:00","article_modified_time":"2023-08-08T20:57:59+00:00","og_image":[{"width":546,"height":361,"url":"https:\/\/diariotextual.com\/inicio\/wp-content\/uploads\/2023\/08\/chorizos2023-1.jpg","type":"image\/jpeg"}],"author":"Diario1 Diario1","twitter_card":"summary_large_image","twitter_creator":"@eltextual","twitter_site":"@eltextual","twitter_misc":{"Escrito por":"Diario1 Diario1","Tiempo de lectura":"2 minutos"},"schema":{"@context":"https:\/\/schema.org","@graph":[{"@type":"Article","@id":"https:\/\/diariotextual.com\/inicio\/index.php\/2023\/08\/08\/catrilo-alerta-por-embutidos-con-triquinosis-en-salliquelo-y-la-zona\/#article","isPartOf":{"@id":"https:\/\/diariotextual.com\/inicio\/index.php\/2023\/08\/08\/catrilo-alerta-por-embutidos-con-triquinosis-en-salliquelo-y-la-zona\/"},"author":{"name":"Diario1 Diario1","@id":"https:\/\/diariotextual.com\/inicio\/#\/schema\/person\/418fc4093c33e86ed41562db3508f958"},"headline":"Catril\u00f3 alerta por embutidos con triquinosis en Salliquel\u00f3 y la zona","datePublished":"2023-08-08T10:23:17+00:00","dateModified":"2023-08-08T20:57:59+00:00","mainEntityOfPage":{"@id":"https:\/\/diariotextual.com\/inicio\/index.php\/2023\/08\/08\/catrilo-alerta-por-embutidos-con-triquinosis-en-salliquelo-y-la-zona\/"},"wordCount":408,"publisher":{"@id":"https:\/\/diariotextual.com\/inicio\/#organization"},"image":{"@id":"https:\/\/diariotextual.com\/inicio\/index.php\/2023\/08\/08\/catrilo-alerta-por-embutidos-con-triquinosis-en-salliquelo-y-la-zona\/#primaryimage"},"thumbnailUrl":"https:\/\/diariotextual.com\/inicio\/wp-content\/uploads\/2023\/08\/chorizos2023-1.jpg","articleSection":["A - QUE PASA (al costado)","SOCIEDAD"],"inLanguage":"es"},{"@type":"WebPage","@id":"https:\/\/diariotextual.com\/inicio\/index.php\/2023\/08\/08\/catrilo-alerta-por-embutidos-con-triquinosis-en-salliquelo-y-la-zona\/","url":"https:\/\/diariotextual.com\/inicio\/index.php\/2023\/08\/08\/catrilo-alerta-por-embutidos-con-triquinosis-en-salliquelo-y-la-zona\/","name":"Catril\u00f3 alerta por embutidos con triquinosis en Salliquel\u00f3 y la zona - Diario Textual","isPartOf":{"@id":"https:\/\/diariotextual.com\/inicio\/#website"},"primaryImageOfPage":{"@id":"https:\/\/diariotextual.com\/inicio\/index.php\/2023\/08\/08\/catrilo-alerta-por-embutidos-con-triquinosis-en-salliquelo-y-la-zona\/#primaryimage"},"image":{"@id":"https:\/\/diariotextual.com\/inicio\/index.php\/2023\/08\/08\/catrilo-alerta-por-embutidos-con-triquinosis-en-salliquelo-y-la-zona\/#primaryimage"},"thumbnailUrl":"https:\/\/diariotextual.com\/inicio\/wp-content\/uploads\/2023\/08\/chorizos2023-1.jpg","datePublished":"2023-08-08T10:23:17+00:00","dateModified":"2023-08-08T20:57:59+00:00","breadcrumb":{"@id":"https:\/\/diariotextual.com\/inicio\/index.php\/2023\/08\/08\/catrilo-alerta-por-embutidos-con-triquinosis-en-salliquelo-y-la-zona\/#breadcrumb"},"inLanguage":"es","potentialAction":[{"@type":"ReadAction","target":["https:\/\/diariotextual.com\/inicio\/index.php\/2023\/08\/08\/catrilo-alerta-por-embutidos-con-triquinosis-en-salliquelo-y-la-zona\/"]}]},{"@type":"ImageObject","inLanguage":"es","@id":"https:\/\/diariotextual.com\/inicio\/index.php\/2023\/08\/08\/catrilo-alerta-por-embutidos-con-triquinosis-en-salliquelo-y-la-zona\/#primaryimage","url":"https:\/\/diariotextual.com\/inicio\/wp-content\/uploads\/2023\/08\/chorizos2023-1.jpg","contentUrl":"https:\/\/diariotextual.com\/inicio\/wp-content\/uploads\/2023\/08\/chorizos2023-1.jpg","width":546,"height":361},{"@type":"BreadcrumbList","@id":"https:\/\/diariotextual.com\/inicio\/index.php\/2023\/08\/08\/catrilo-alerta-por-embutidos-con-triquinosis-en-salliquelo-y-la-zona\/#breadcrumb","itemListElement":[{"@type":"ListItem","position":1,"name":"Portada","item":"https:\/\/diariotextual.com\/inicio\/"},{"@type":"ListItem","position":2,"name":"Catril\u00f3 alerta por embutidos con triquinosis en Salliquel\u00f3 y la zona"}]},{"@type":"WebSite","@id":"https:\/\/diariotextual.com\/inicio\/#website","url":"https:\/\/diariotextual.com\/inicio\/","name":"Diario Textual","description":"","publisher":{"@id":"https:\/\/diariotextual.com\/inicio\/#organization"},"potentialAction":[{"@type":"SearchAction","target":{"@type":"EntryPoint","urlTemplate":"https:\/\/diariotextual.com\/inicio\/?s={search_term_string}"},"query-input":{"@type":"PropertyValueSpecification","valueRequired":true,"valueName":"search_term_string"}}],"inLanguage":"es"},{"@type":"Organization","@id":"https:\/\/diariotextual.com\/inicio\/#organization","name":"Diario Textual","url":"https:\/\/diariotextual.com\/inicio\/","logo":{"@type":"ImageObject","inLanguage":"es","@id":"https:\/\/diariotextual.com\/inicio\/#\/schema\/logo\/image\/","url":"https:\/\/diariotextual.com\/inicio\/wp-content\/uploads\/2023\/05\/logotextual1.jpg","contentUrl":"https:\/\/diariotextual.com\/inicio\/wp-content\/uploads\/2023\/05\/logotextual1.jpg","width":516,"height":76,"caption":"Diario Textual"},"image":{"@id":"https:\/\/diariotextual.com\/inicio\/#\/schema\/logo\/image\/"},"sameAs":["https:\/\/www.facebook.com\/eltextual","https:\/\/x.com\/eltextual","http:\/\/www.instagram.com\/eltextual"]},{"@type":"Person","@id":"https:\/\/diariotextual.com\/inicio\/#\/schema\/person\/418fc4093c33e86ed41562db3508f958","name":"Diario1 Diario1","image":{"@type":"ImageObject","inLanguage":"es","@id":"https:\/\/secure.gravatar.com\/avatar\/9167d280179c85bc18be67aa7eda765854300033af4896dd779b608640f2ef7a?s=96&d=mm&r=g","url":"https:\/\/secure.gravatar.com\/avatar\/9167d280179c85bc18be67aa7eda765854300033af4896dd779b608640f2ef7a?s=96&d=mm&r=g","contentUrl":"https:\/\/secure.gravatar.com\/avatar\/9167d280179c85bc18be67aa7eda765854300033af4896dd779b608640f2ef7a?s=96&d=mm&r=g","caption":"Diario1 Diario1"},"url":"https:\/\/diariotextual.com\/inicio\/index.php\/author\/diario1\/"}]}},"_links":{"self":[{"href":"https:\/\/diariotextual.com\/inicio\/index.php\/wp-json\/wp\/v2\/posts\/233175","targetHints":{"allow":["GET"]}}],"collection":[{"href":"https:\/\/diariotextual.com\/inicio\/index.php\/wp-json\/wp\/v2\/posts"}],"about":[{"href":"https:\/\/diariotextual.com\/inicio\/index.php\/wp-json\/wp\/v2\/types\/post"}],"author":[{"embeddable":true,"href":"https:\/\/diariotextual.com\/inicio\/index.php\/wp-json\/wp\/v2\/users\/3"}],"replies":[{"embeddable":true,"href":"https:\/\/diariotextual.com\/inicio\/index.php\/wp-json\/wp\/v2\/comments?post=233175"}],"version-history":[{"count":3,"href":"https:\/\/diariotextual.com\/inicio\/index.php\/wp-json\/wp\/v2\/posts\/233175\/revisions"}],"predecessor-version":[{"id":233181,"href":"https:\/\/diariotextual.com\/inicio\/index.php\/wp-json\/wp\/v2\/posts\/233175\/revisions\/233181"}],"wp:featuredmedia":[{"embeddable":true,"href":"https:\/\/diariotextual.com\/inicio\/index.php\/wp-json\/wp\/v2\/media\/233182"}],"wp:attachment":[{"href":"https:\/\/diariotextual.com\/inicio\/index.php\/wp-json\/wp\/v2\/media?parent=233175"}],"wp:term":[{"taxonomy":"category","embeddable":true,"href":"https:\/\/diariotextual.com\/inicio\/index.php\/wp-json\/wp\/v2\/categories?post=233175"},{"taxonomy":"post_tag","embeddable":true,"href":"https:\/\/diariotextual.com\/inicio\/index.php\/wp-json\/wp\/v2\/tags?post=233175"}],"curies":[{"name":"wp","href":"https:\/\/api.w.org\/{rel}","templated":true}]}}